{"id":1285,"date":"2023-06-22T15:24:39","date_gmt":"2023-06-22T13:24:39","guid":{"rendered":"https:\/\/www.smedemokrati.sk\/?p=1285"},"modified":"2023-06-22T15:24:41","modified_gmt":"2023-06-22T13:24:41","slug":"liderkou-kandidatky-demokratov-bude-andrea-letanovska","status":"publish","type":"post","link":"https:\/\/www.smedemokrati.sk\/en\/liderkou-kandidatky-demokratov-bude-andrea-letanovska\/","title":{"rendered":"L\u00edderkou kandid\u00e1tky Demokratov bude Andrea Letanovsk\u00e1"},"content":{"rendered":"<div id=\"fb-root\"><\/div>\n\n<p>L\u00edderkou kandid\u00e1tky strany Demokrati je dlhoro\u010dn\u00e1 z\u00e1chran\u00e1rka a prim\u00e1rka ARO v N\u00e1rodnom onkologickom \u00fastave Andrea Letanovsk\u00e1. Demokrati s\u00fa pod\u013ea jej slov pokojnou alternat\u00edvou a zved\u00fa s\u00faboj za z\u00e1chranu Slovenska. Jej cie\u013eom v politike je sl\u00fa\u017ei\u0165 \u013eu\u010fom &#8211; pokojne, bez chaosu. Pod\u013ea Hegera je to pr\u00e1ve pr\u00edbeh Andrei Letanovskej, ktor\u00fd najlep\u0161ie vystihuje zodpovedn\u00fa, odborn\u00fa a nesebeck\u00fa politiku Demokratov.<\/p>\n\n\n\n<p><strong>\u201ePred zlobou, ve\u013ek\u00fdmi egami a krik\u013e\u00fanstvom na\u0161u krajinu nezachr\u00e1nime vo\u013ebou e\u0161te v\u00e4\u010d\u0161ieho ega a hlasnej\u0161ieho kriku. To je omyl a v\u0161etci sme sa presved\u010dili, \u017ee takto to nefunguje,\u201d\u00a0<\/strong>vyhl\u00e1sila volebn\u00e1 l\u00edderka a podpredsedn\u00ed\u010dka strany Demokrati A. Letanovsk\u00e1.\u00a0<\/p>\n\n\n\n<p><strong>\u201ePredstavte si, \u017ee stoj\u00edte nad pacientom v ohrozen\u00ed \u017eivota. Na s\u00fadr\u017enosti a spolupr\u00e1ci t\u00edmu z\u00e1chran\u00e1rov z\u00e1vis\u00ed \u00faplne v\u0161etko. Nez\u00e1le\u017e\u00ed na tom, \u017ee m\u00e1te odli\u0161n\u00e9 n\u00e1zory. V tej chv\u00edli mus\u00edte spoji\u0165 v\u0161etky sily s jedin\u00fdm cie\u013eom &#8211; zachr\u00e1ni\u0165 \u013eudsk\u00fd \u017eivot.\u00a0A tak je to dnes aj so Slovenskom \u2013 ak po vo\u013eb\u00e1ch pr\u00edde sebeck\u00e1 vl\u00e1da, n\u00e1vrat oligarchie a extr\u00e9mizmu \u2013 bud\u00fa ohrozova\u0165 \u017eivot Slovenska. Naliehavo potrebujeme rie\u0161enie. Preto \u00falohou Demokratov je pon\u00faknu\u0165 pokojn\u00fa alternat\u00edvu a zvies\u0165 s\u00faboj za z\u00e1chranu Slovenska. Potrebujeme odbornos\u0165, odhodlanie nesebecky sl\u00fa\u017ei\u0165 a ja sa hl\u00e1sim do slu\u017eby,\u201c<\/strong>\u00a0povedala.<\/p>\n\n\n\n<p><strong>\u201eHlavn\u00fdm posolstvom na\u0161ej kampane je, \u017ee nie sme sebeck\u00ed a chceme pokra\u010dova\u0165 v pom\u00e1han\u00ed \u013eu\u010fom a rie\u0161en\u00ed ich probl\u00e9mov,<\/strong>\u201c\u00a0povedal predseda strany Demokrati Eduard Heger.\u00a0<strong>\u201eV strane Demokrati sme od za\u010diatku hovorili, \u017ee odhod\u00edme eg\u00e1 bokom a budeme robi\u0165 nesebeck\u00fa politiku. \u010co m\u00f4\u017ee by\u0165 v\u00e4\u010d\u0161\u00edm prejavom nesebectva, ako uprednostni\u0165 \u00faspech celku pred miestom na kandid\u00e1tke?\u201c<\/strong>\u00a0zd\u00f4raznil Eduard Heger<\/p>\n\n\n\n<p><strong>\u201eSlovensk\u00e1 politika potrebuje \u013eud\u00ed ako Andrea Letanovsk\u00e1, ktor\u00ed vo svojom \u017eivote preuk\u00e1zali, \u017ee si vedia poradi\u0165 s chaosom a rozhodovan\u00edm v kritick\u00fdch situ\u00e1ci\u00e1ch, ke\u010f i\u0161lo o \u017eivot. V tandeme s Andreou chceme vies\u0165 t\u00edm sk\u00fasen\u00fdch osobnosti strany Demokrati vo volebnej kampani a pon\u00faknu\u0165 Slovensku pokojn\u00fa a odborn\u00fa slu\u017ebu, ktor\u00e1 pom\u00f4\u017ee \u013eu\u010fom,\u201c<\/strong>\u00a0dodal na z\u00e1ver Heger.<\/p>\n\n\n\n<figure class=\"wp-block-image size-large\"><img decoding=\"async\" width=\"1024\" height=\"683\" src=\"https:\/\/www.smedemokrati.sk\/wp-content\/uploads\/2023\/06\/andrejka-1024x683.jpg\" alt=\"\" class=\"wp-image-1287\" srcset=\"https:\/\/www.smedemokrati.sk\/wp-content\/uploads\/2023\/06\/andrejka-1024x683.jpg 1024w, https:\/\/www.smedemokrati.sk\/wp-content\/uploads\/2023\/06\/andrejka-300x200.jpg 300w, https:\/\/www.smedemokrati.sk\/wp-content\/uploads\/2023\/06\/andrejka-768x512.jpg 768w, https:\/\/www.smedemokrati.sk\/wp-content\/uploads\/2023\/06\/andrejka-1536x1024.jpg 1536w, https:\/\/www.smedemokrati.sk\/wp-content\/uploads\/2023\/06\/andrejka.jpg 1920w\" sizes=\"(max-width: 1024px) 100vw, 1024px\" \/><\/figure>\n","protected":false},"excerpt":{"rendered":"<p>L\u00edderkou kandid\u00e1tky strany Demokrati je dlhoro\u010dn\u00e1 z\u00e1chran\u00e1rka a prim\u00e1rka ARO v N\u00e1rodnom onkologickom \u00fastave Andrea Letanovsk\u00e1. Demokrati s\u00fa pod\u013ea jej slov pokojnou alternat\u00edvou a zved\u00fa s\u00faboj za z\u00e1chranu Slovenska. Jej cie\u013eom v politike je sl\u00fa\u017ei\u0165 \u013eu\u010fom &#8211; pokojne, bez chaosu. Pod\u013ea Hegera je to pr\u00e1ve pr\u00edbeh Andrei Letanovskej, ktor\u00fd najlep\u0161ie vystihuje zodpovedn\u00fa, odborn\u00fa a nesebeck\u00fa [&hellip;]<\/p>\n","protected":false},"author":7,"featured_media":248,"comment_status":"closed","ping_status":"closed","sticky":false,"template":"","format":"standard","meta":{"_acf_changed":false,"ngg_post_thumbnail":0,"footnotes":""},"categories":[4],"tags":[],"class_list":["post-1285","post","type-post","status-publish","format-standard","has-post-thumbnail","hentry","category-tlacove-spravy"],"acf":[],"yoast_head":"<!-- This site is optimized with the Yoast SEO plugin v27.2 - https:\/\/yoast.com\/product\/yoast-seo-wordpress\/ -->\n<title>L\u00edderkou kandid\u00e1tky Demokratov bude Andrea Letanovsk\u00e1 - Smedemokrati.sk<\/title>\n<meta name=\"robots\" content=\"index, follow, max-snippet:-1, max-image-preview:large, max-video-preview:-1\" \/>\n<link rel=\"canonical\" href=\"https:\/\/www.smedemokrati.sk\/en\/liderkou-kandidatky-demokratov-bude-andrea-letanovska\/\" \/>\n<meta property=\"og:locale\" content=\"en_US\" \/>\n<meta property=\"og:locale:alternate\" content=\"cs_CZ\" \/>\n<meta property=\"og:locale:alternate\" content=\"hu_HU\" \/>\n<meta property=\"og:locale:alternate\" content=\"sk_SK\" \/>\n<meta property=\"og:locale:alternate\" content=\"sv_SE\" \/>\n<meta property=\"og:type\" content=\"article\" \/>\n<meta property=\"og:title\" content=\"L\u00edderkou kandid\u00e1tky Demokratov bude Andrea Letanovsk\u00e1 - Smedemokrati.sk\" \/>\n<meta property=\"og:description\" content=\"L\u00edderkou kandid\u00e1tky strany Demokrati je dlhoro\u010dn\u00e1 z\u00e1chran\u00e1rka a prim\u00e1rka ARO v N\u00e1rodnom onkologickom \u00fastave Andrea Letanovsk\u00e1. Demokrati s\u00fa pod\u013ea jej slov pokojnou alternat\u00edvou a zved\u00fa s\u00faboj za z\u00e1chranu Slovenska. Jej cie\u013eom v politike je sl\u00fa\u017ei\u0165 \u013eu\u010fom &#8211; pokojne, bez chaosu. Pod\u013ea Hegera je to pr\u00e1ve pr\u00edbeh Andrei Letanovskej, ktor\u00fd najlep\u0161ie vystihuje zodpovedn\u00fa, odborn\u00fa a nesebeck\u00fa [&hellip;]\" \/>\n<meta property=\"og:url\" content=\"https:\/\/www.smedemokrati.sk\/en\/liderkou-kandidatky-demokratov-bude-andrea-letanovska\/\" \/>\n<meta property=\"og:site_name\" content=\"Smedemokrati.sk\" \/>\n<meta property=\"article:publisher\" content=\"https:\/\/www.facebook.com\/smedemokrati2023\" \/>\n<meta property=\"article:published_time\" content=\"2023-06-22T13:24:39+00:00\" \/>\n<meta property=\"article:modified_time\" content=\"2023-06-22T13:24:41+00:00\" \/>\n<meta property=\"og:image\" content=\"https:\/\/www.smedemokrati.sk\/wp-content\/uploads\/2023\/04\/AL.jpg\" \/>\n\t<meta property=\"og:image:width\" content=\"1520\" \/>\n\t<meta property=\"og:image:height\" content=\"1080\" \/>\n\t<meta property=\"og:image:type\" content=\"image\/jpeg\" \/>\n<meta name=\"author\" content=\"Tom\u00e1\u0161 Koppl\" \/>\n<meta name=\"twitter:card\" content=\"summary_large_image\" \/>\n<meta name=\"twitter:label1\" content=\"Written by\" \/>\n\t<meta name=\"twitter:data1\" content=\"Tom\u00e1\u0161 Koppl\" \/>\n\t<meta name=\"twitter:label2\" content=\"Est. reading time\" \/>\n\t<meta name=\"twitter:data2\" content=\"2 minutes\" \/>\n<script type=\"application\/ld+json\" class=\"yoast-schema-graph\">{\"@context\":\"https:\/\/schema.org\",\"@graph\":[{\"@type\":\"Article\",\"@id\":\"https:\/\/www.smedemokrati.sk\/liderkou-kandidatky-demokratov-bude-andrea-letanovska\/#article\",\"isPartOf\":{\"@id\":\"https:\/\/www.smedemokrati.sk\/liderkou-kandidatky-demokratov-bude-andrea-letanovska\/\"},\"author\":{\"name\":\"Tom\u00e1\u0161 Koppl\",\"@id\":\"https:\/\/www.smedemokrati.sk\/#\/schema\/person\/c60720f4b9955b3c1ed222ebd1fbbc7c\"},\"headline\":\"L\u00edderkou kandid\u00e1tky Demokratov bude Andrea Letanovsk\u00e1\",\"datePublished\":\"2023-06-22T13:24:39+00:00\",\"dateModified\":\"2023-06-22T13:24:41+00:00\",\"mainEntityOfPage\":{\"@id\":\"https:\/\/www.smedemokrati.sk\/liderkou-kandidatky-demokratov-bude-andrea-letanovska\/\"},\"wordCount\":396,\"publisher\":{\"@id\":\"https:\/\/www.smedemokrati.sk\/#organization\"},\"image\":{\"@id\":\"https:\/\/www.smedemokrati.sk\/liderkou-kandidatky-demokratov-bude-andrea-letanovska\/#primaryimage\"},\"thumbnailUrl\":\"https:\/\/www.smedemokrati.sk\/wp-content\/uploads\/2023\/04\/AL.jpg\",\"articleSection\":[\"Tla\u010dov\u00e9 spr\u00e1vy\"],\"inLanguage\":\"en-US\"},{\"@type\":\"WebPage\",\"@id\":\"https:\/\/www.smedemokrati.sk\/liderkou-kandidatky-demokratov-bude-andrea-letanovska\/\",\"url\":\"https:\/\/www.smedemokrati.sk\/liderkou-kandidatky-demokratov-bude-andrea-letanovska\/\",\"name\":\"L\u00edderkou kandid\u00e1tky Demokratov bude Andrea Letanovsk\u00e1 - Smedemokrati.sk\",\"isPartOf\":{\"@id\":\"https:\/\/www.smedemokrati.sk\/#website\"},\"primaryImageOfPage\":{\"@id\":\"https:\/\/www.smedemokrati.sk\/liderkou-kandidatky-demokratov-bude-andrea-letanovska\/#primaryimage\"},\"image\":{\"@id\":\"https:\/\/www.smedemokrati.sk\/liderkou-kandidatky-demokratov-bude-andrea-letanovska\/#primaryimage\"},\"thumbnailUrl\":\"https:\/\/www.smedemokrati.sk\/wp-content\/uploads\/2023\/04\/AL.jpg\",\"datePublished\":\"2023-06-22T13:24:39+00:00\",\"dateModified\":\"2023-06-22T13:24:41+00:00\",\"breadcrumb\":{\"@id\":\"https:\/\/www.smedemokrati.sk\/liderkou-kandidatky-demokratov-bude-andrea-letanovska\/#breadcrumb\"},\"inLanguage\":\"en-US\",\"potentialAction\":[{\"@type\":\"ReadAction\",\"target\":[\"https:\/\/www.smedemokrati.sk\/liderkou-kandidatky-demokratov-bude-andrea-letanovska\/\"]}]},{\"@type\":\"ImageObject\",\"inLanguage\":\"en-US\",\"@id\":\"https:\/\/www.smedemokrati.sk\/liderkou-kandidatky-demokratov-bude-andrea-letanovska\/#primaryimage\",\"url\":\"https:\/\/www.smedemokrati.sk\/wp-content\/uploads\/2023\/04\/AL.jpg\",\"contentUrl\":\"https:\/\/www.smedemokrati.sk\/wp-content\/uploads\/2023\/04\/AL.jpg\",\"width\":1520,\"height\":1080},{\"@type\":\"BreadcrumbList\",\"@id\":\"https:\/\/www.smedemokrati.sk\/liderkou-kandidatky-demokratov-bude-andrea-letanovska\/#breadcrumb\",\"itemListElement\":[{\"@type\":\"ListItem\",\"position\":1,\"name\":\"Domovsk\u00e1 str\u00e1nka\",\"item\":\"https:\/\/www.smedemokrati.sk\/\"},{\"@type\":\"ListItem\",\"position\":2,\"name\":\"L\u00edderkou kandid\u00e1tky Demokratov bude Andrea Letanovsk\u00e1\"}]},{\"@type\":\"WebSite\",\"@id\":\"https:\/\/www.smedemokrati.sk\/#website\",\"url\":\"https:\/\/www.smedemokrati.sk\/\",\"name\":\"Smedemokrati.sk\",\"description\":\"Demokracia a slu\u0161nos\u0165 zv\u00ed\u0165az\u00ed\",\"publisher\":{\"@id\":\"https:\/\/www.smedemokrati.sk\/#organization\"},\"potentialAction\":[{\"@type\":\"SearchAction\",\"target\":{\"@type\":\"EntryPoint\",\"urlTemplate\":\"https:\/\/www.smedemokrati.sk\/?s={search_term_string}\"},\"query-input\":{\"@type\":\"PropertyValueSpecification\",\"valueRequired\":true,\"valueName\":\"search_term_string\"}}],\"inLanguage\":\"en-US\"},{\"@type\":\"Organization\",\"@id\":\"https:\/\/www.smedemokrati.sk\/#organization\",\"name\":\"Smedemokrati.sk\",\"url\":\"https:\/\/www.smedemokrati.sk\/\",\"logo\":{\"@type\":\"ImageObject\",\"inLanguage\":\"en-US\",\"@id\":\"https:\/\/www.smedemokrati.sk\/#\/schema\/logo\/image\/\",\"url\":\"https:\/\/www.smedemokrati.sk\/wp-content\/uploads\/2023\/04\/ff.002.jpeg\",\"contentUrl\":\"https:\/\/www.smedemokrati.sk\/wp-content\/uploads\/2023\/04\/ff.002.jpeg\",\"width\":640,\"height\":480,\"caption\":\"Smedemokrati.sk\"},\"image\":{\"@id\":\"https:\/\/www.smedemokrati.sk\/#\/schema\/logo\/image\/\"},\"sameAs\":[\"https:\/\/www.facebook.com\/smedemokrati2023\"]},{\"@type\":\"Person\",\"@id\":\"https:\/\/www.smedemokrati.sk\/#\/schema\/person\/c60720f4b9955b3c1ed222ebd1fbbc7c\",\"name\":\"Tom\u00e1\u0161 Koppl\",\"image\":{\"@type\":\"ImageObject\",\"inLanguage\":\"en-US\",\"@id\":\"https:\/\/secure.gravatar.com\/avatar\/8dfa38373c5e39821baf74c8e867a6f12e12c6dab6559aa999d10703b0b1c4ce?s=96&d=mm&r=g\",\"url\":\"https:\/\/secure.gravatar.com\/avatar\/8dfa38373c5e39821baf74c8e867a6f12e12c6dab6559aa999d10703b0b1c4ce?s=96&d=mm&r=g\",\"contentUrl\":\"https:\/\/secure.gravatar.com\/avatar\/8dfa38373c5e39821baf74c8e867a6f12e12c6dab6559aa999d10703b0b1c4ce?s=96&d=mm&r=g\",\"caption\":\"Tom\u00e1\u0161 Koppl\"},\"url\":\"https:\/\/www.smedemokrati.sk\/en\/author\/tomaskoppl\/\"}]}<\/script>\n<!-- \/ Yoast SEO plugin. -->","yoast_head_json":{"title":"L\u00edderkou kandid\u00e1tky Demokratov bude Andrea Letanovsk\u00e1 - Smedemokrati.sk","robots":{"index":"index","follow":"follow","max-snippet":"max-snippet:-1","max-image-preview":"max-image-preview:large","max-video-preview":"max-video-preview:-1"},"canonical":"https:\/\/www.smedemokrati.sk\/en\/liderkou-kandidatky-demokratov-bude-andrea-letanovska\/","og_locale":"en_US","og_type":"article","og_title":"L\u00edderkou kandid\u00e1tky Demokratov bude Andrea Letanovsk\u00e1 - Smedemokrati.sk","og_description":"L\u00edderkou kandid\u00e1tky strany Demokrati je dlhoro\u010dn\u00e1 z\u00e1chran\u00e1rka a prim\u00e1rka ARO v N\u00e1rodnom onkologickom \u00fastave Andrea Letanovsk\u00e1. Demokrati s\u00fa pod\u013ea jej slov pokojnou alternat\u00edvou a zved\u00fa s\u00faboj za z\u00e1chranu Slovenska. Jej cie\u013eom v politike je sl\u00fa\u017ei\u0165 \u013eu\u010fom &#8211; pokojne, bez chaosu. Pod\u013ea Hegera je to pr\u00e1ve pr\u00edbeh Andrei Letanovskej, ktor\u00fd najlep\u0161ie vystihuje zodpovedn\u00fa, odborn\u00fa a nesebeck\u00fa [&hellip;]","og_url":"https:\/\/www.smedemokrati.sk\/en\/liderkou-kandidatky-demokratov-bude-andrea-letanovska\/","og_site_name":"Smedemokrati.sk","article_publisher":"https:\/\/www.facebook.com\/smedemokrati2023","article_published_time":"2023-06-22T13:24:39+00:00","article_modified_time":"2023-06-22T13:24:41+00:00","og_image":[{"width":1520,"height":1080,"url":"https:\/\/www.smedemokrati.sk\/wp-content\/uploads\/2023\/04\/AL.jpg","type":"image\/jpeg"}],"author":"Tom\u00e1\u0161 Koppl","twitter_card":"summary_large_image","twitter_misc":{"Written by":"Tom\u00e1\u0161 Koppl","Est. reading time":"2 minutes"},"schema":{"@context":"https:\/\/schema.org","@graph":[{"@type":"Article","@id":"https:\/\/www.smedemokrati.sk\/liderkou-kandidatky-demokratov-bude-andrea-letanovska\/#article","isPartOf":{"@id":"https:\/\/www.smedemokrati.sk\/liderkou-kandidatky-demokratov-bude-andrea-letanovska\/"},"author":{"name":"Tom\u00e1\u0161 Koppl","@id":"https:\/\/www.smedemokrati.sk\/#\/schema\/person\/c60720f4b9955b3c1ed222ebd1fbbc7c"},"headline":"L\u00edderkou kandid\u00e1tky Demokratov bude Andrea Letanovsk\u00e1","datePublished":"2023-06-22T13:24:39+00:00","dateModified":"2023-06-22T13:24:41+00:00","mainEntityOfPage":{"@id":"https:\/\/www.smedemokrati.sk\/liderkou-kandidatky-demokratov-bude-andrea-letanovska\/"},"wordCount":396,"publisher":{"@id":"https:\/\/www.smedemokrati.sk\/#organization"},"image":{"@id":"https:\/\/www.smedemokrati.sk\/liderkou-kandidatky-demokratov-bude-andrea-letanovska\/#primaryimage"},"thumbnailUrl":"https:\/\/www.smedemokrati.sk\/wp-content\/uploads\/2023\/04\/AL.jpg","articleSection":["Tla\u010dov\u00e9 spr\u00e1vy"],"inLanguage":"en-US"},{"@type":"WebPage","@id":"https:\/\/www.smedemokrati.sk\/liderkou-kandidatky-demokratov-bude-andrea-letanovska\/","url":"https:\/\/www.smedemokrati.sk\/liderkou-kandidatky-demokratov-bude-andrea-letanovska\/","name":"L\u00edderkou kandid\u00e1tky Demokratov bude Andrea Letanovsk\u00e1 - Smedemokrati.sk","isPartOf":{"@id":"https:\/\/www.smedemokrati.sk\/#website"},"primaryImageOfPage":{"@id":"https:\/\/www.smedemokrati.sk\/liderkou-kandidatky-demokratov-bude-andrea-letanovska\/#primaryimage"},"image":{"@id":"https:\/\/www.smedemokrati.sk\/liderkou-kandidatky-demokratov-bude-andrea-letanovska\/#primaryimage"},"thumbnailUrl":"https:\/\/www.smedemokrati.sk\/wp-content\/uploads\/2023\/04\/AL.jpg","datePublished":"2023-06-22T13:24:39+00:00","dateModified":"2023-06-22T13:24:41+00:00","breadcrumb":{"@id":"https:\/\/www.smedemokrati.sk\/liderkou-kandidatky-demokratov-bude-andrea-letanovska\/#breadcrumb"},"inLanguage":"en-US","potentialAction":[{"@type":"ReadAction","target":["https:\/\/www.smedemokrati.sk\/liderkou-kandidatky-demokratov-bude-andrea-letanovska\/"]}]},{"@type":"ImageObject","inLanguage":"en-US","@id":"https:\/\/www.smedemokrati.sk\/liderkou-kandidatky-demokratov-bude-andrea-letanovska\/#primaryimage","url":"https:\/\/www.smedemokrati.sk\/wp-content\/uploads\/2023\/04\/AL.jpg","contentUrl":"https:\/\/www.smedemokrati.sk\/wp-content\/uploads\/2023\/04\/AL.jpg","width":1520,"height":1080},{"@type":"BreadcrumbList","@id":"https:\/\/www.smedemokrati.sk\/liderkou-kandidatky-demokratov-bude-andrea-letanovska\/#breadcrumb","itemListElement":[{"@type":"ListItem","position":1,"name":"Domovsk\u00e1 str\u00e1nka","item":"https:\/\/www.smedemokrati.sk\/"},{"@type":"ListItem","position":2,"name":"L\u00edderkou kandid\u00e1tky Demokratov bude Andrea Letanovsk\u00e1"}]},{"@type":"WebSite","@id":"https:\/\/www.smedemokrati.sk\/#website","url":"https:\/\/www.smedemokrati.sk\/","name":"Smedemokrati.sk","description":"Demokracia a slu\u0161nos\u0165 zv\u00ed\u0165az\u00ed","publisher":{"@id":"https:\/\/www.smedemokrati.sk\/#organization"},"potentialAction":[{"@type":"SearchAction","target":{"@type":"EntryPoint","urlTemplate":"https:\/\/www.smedemokrati.sk\/?s={search_term_string}"},"query-input":{"@type":"PropertyValueSpecification","valueRequired":true,"valueName":"search_term_string"}}],"inLanguage":"en-US"},{"@type":"Organization","@id":"https:\/\/www.smedemokrati.sk\/#organization","name":"Smedemokrati.sk","url":"https:\/\/www.smedemokrati.sk\/","logo":{"@type":"ImageObject","inLanguage":"en-US","@id":"https:\/\/www.smedemokrati.sk\/#\/schema\/logo\/image\/","url":"https:\/\/www.smedemokrati.sk\/wp-content\/uploads\/2023\/04\/ff.002.jpeg","contentUrl":"https:\/\/www.smedemokrati.sk\/wp-content\/uploads\/2023\/04\/ff.002.jpeg","width":640,"height":480,"caption":"Smedemokrati.sk"},"image":{"@id":"https:\/\/www.smedemokrati.sk\/#\/schema\/logo\/image\/"},"sameAs":["https:\/\/www.facebook.com\/smedemokrati2023"]},{"@type":"Person","@id":"https:\/\/www.smedemokrati.sk\/#\/schema\/person\/c60720f4b9955b3c1ed222ebd1fbbc7c","name":"Tom\u00e1\u0161 Koppl","image":{"@type":"ImageObject","inLanguage":"en-US","@id":"https:\/\/secure.gravatar.com\/avatar\/8dfa38373c5e39821baf74c8e867a6f12e12c6dab6559aa999d10703b0b1c4ce?s=96&d=mm&r=g","url":"https:\/\/secure.gravatar.com\/avatar\/8dfa38373c5e39821baf74c8e867a6f12e12c6dab6559aa999d10703b0b1c4ce?s=96&d=mm&r=g","contentUrl":"https:\/\/secure.gravatar.com\/avatar\/8dfa38373c5e39821baf74c8e867a6f12e12c6dab6559aa999d10703b0b1c4ce?s=96&d=mm&r=g","caption":"Tom\u00e1\u0161 Koppl"},"url":"https:\/\/www.smedemokrati.sk\/en\/author\/tomaskoppl\/"}]}},"_links":{"self":[{"href":"https:\/\/www.smedemokrati.sk\/en\/wp-json\/wp\/v2\/posts\/1285","targetHints":{"allow":["GET"]}}],"collection":[{"href":"https:\/\/www.smedemokrati.sk\/en\/wp-json\/wp\/v2\/posts"}],"about":[{"href":"https:\/\/www.smedemokrati.sk\/en\/wp-json\/wp\/v2\/types\/post"}],"author":[{"embeddable":true,"href":"https:\/\/www.smedemokrati.sk\/en\/wp-json\/wp\/v2\/users\/7"}],"replies":[{"embeddable":true,"href":"https:\/\/www.smedemokrati.sk\/en\/wp-json\/wp\/v2\/comments?post=1285"}],"version-history":[{"count":1,"href":"https:\/\/www.smedemokrati.sk\/en\/wp-json\/wp\/v2\/posts\/1285\/revisions"}],"predecessor-version":[{"id":1288,"href":"https:\/\/www.smedemokrati.sk\/en\/wp-json\/wp\/v2\/posts\/1285\/revisions\/1288"}],"wp:featuredmedia":[{"embeddable":true,"href":"https:\/\/www.smedemokrati.sk\/en\/wp-json\/wp\/v2\/media\/248"}],"wp:attachment":[{"href":"https:\/\/www.smedemokrati.sk\/en\/wp-json\/wp\/v2\/media?parent=1285"}],"wp:term":[{"taxonomy":"category","embeddable":true,"href":"https:\/\/www.smedemokrati.sk\/en\/wp-json\/wp\/v2\/categories?post=1285"},{"taxonomy":"post_tag","embeddable":true,"href":"https:\/\/www.smedemokrati.sk\/en\/wp-json\/wp\/v2\/tags?post=1285"}],"curies":[{"name":"wp","href":"https:\/\/api.w.org\/{rel}","templated":true}]}}