{"id":1167,"date":"2023-06-10T16:59:13","date_gmt":"2023-06-10T14:59:13","guid":{"rendered":"https:\/\/www.smedemokrati.sk\/?p=1167"},"modified":"2023-06-10T16:59:59","modified_gmt":"2023-06-10T14:59:59","slug":"vyzyvam-stranu-sas-aby-stiahla-navrh-na-zvysenie-zisku-sukromnych-akcionarov-poistovni","status":"publish","type":"post","link":"https:\/\/www.smedemokrati.sk\/en\/vyzyvam-stranu-sas-aby-stiahla-navrh-na-zvysenie-zisku-sukromnych-akcionarov-poistovni\/","title":{"rendered":"Vyz\u00fdvam stranu SaS, aby stiahla n\u00e1vrh na zv\u00fd\u0161enie zisku s\u00fakromn\u00fdch akcion\u00e1rov pois\u0165ovn\u00ed"},"content":{"rendered":"<div id=\"fb-root\"><\/div>\n\n<p><strong>\u201eVyz\u00fdvam stranu SaS, aby zi\u0161la z krat\u0161ej cesty a stiahla n\u00e1vrh na zv\u00fd\u0161enie zisku s\u00fakromn\u00fdch akcion\u00e1rov pois\u0165ovn\u00ed.<\/strong><\/p>\n\n\n\n<p>SaS predlo\u017eila do parlamentu n\u00e1vrh na zv\u00fd\u0161enie zisku zdravotn\u00fdch pois\u0165ovn\u00ed z 1% na 2%. \u00darad pre doh\u013ead nad zdravotnou starostlivos\u0165ou vyzval poslancov, aby za tento n\u00e1vrh nehlasovali.<\/p>\n\n\n\n<p>Slovensk\u00ed pacienti za\u017e\u00edvaj\u00fa \u0165a\u017ek\u00e9 \u010dasy a dnes potrebujeme ka\u017ed\u00e9 euro pre pacientov. Na rozvoj ambulanci\u00ed, do nemocn\u00edc, na podporu sestier, na podporu paliat\u00edvnej starostlivosti. M\u00e1me tu mnoho priestoru, kde m\u00f4\u017eeme pou\u017ei\u0165 peniaze, ktor\u00e9 sa vyber\u00fa navy\u0161e. Teraz nie je \u010das na to, aby sme nah\u00e1\u0148ali zisky s\u00fakromn\u00fdm akcion\u00e1rom.Rovnako aj strana Smer sa pri tomto n\u00e1vrhu spr\u00e1va pokrytecky. V minulosti dokonca presadzovali zo\u0161t\u00e1tnenie zdravotn\u00fdch pois\u0165ovn\u00ed a teraz chce podpori\u0165 zv\u00fd\u0161enie zisku s\u00fakromn\u00fdch akcion\u00e1rov,\u201d povedala podpredsedn\u00ed\u010dka strany Demokrati Andrea Letanovsk\u00e1.<\/p>\n\n\n\n<figure class=\"wp-block-video\"><video height=\"1080\" style=\"aspect-ratio: 1920 \/ 1080;\" width=\"1920\" controls src=\"https:\/\/www.smedemokrati.sk\/wp-content\/uploads\/2023\/06\/Andrea-Up-to-4K.mov\"><\/video><\/figure>\n","protected":false},"excerpt":{"rendered":"<p>\u201eVyz\u00fdvam stranu SaS, aby zi\u0161la z krat\u0161ej cesty a stiahla n\u00e1vrh na zv\u00fd\u0161enie zisku s\u00fakromn\u00fdch akcion\u00e1rov pois\u0165ovn\u00ed. SaS predlo\u017eila do parlamentu n\u00e1vrh na zv\u00fd\u0161enie zisku zdravotn\u00fdch pois\u0165ovn\u00ed z 1% na 2%. \u00darad pre doh\u013ead nad zdravotnou starostlivos\u0165ou vyzval poslancov, aby za tento n\u00e1vrh nehlasovali. Slovensk\u00ed pacienti za\u017e\u00edvaj\u00fa \u0165a\u017ek\u00e9 \u010dasy a dnes potrebujeme ka\u017ed\u00e9 euro pre [&hellip;]<\/p>\n","protected":false},"author":7,"featured_media":1169,"comment_status":"closed","ping_status":"closed","sticky":false,"template":"","format":"standard","meta":{"_acf_changed":false,"ngg_post_thumbnail":0,"footnotes":""},"categories":[4],"tags":[],"class_list":["post-1167","post","type-post","status-publish","format-standard","has-post-thumbnail","hentry","category-tlacove-spravy"],"acf":[],"yoast_head":"<!-- This site is optimized with the Yoast SEO plugin v27.2 - https:\/\/yoast.com\/product\/yoast-seo-wordpress\/ -->\n<title>Vyz\u00fdvam stranu SaS, aby stiahla n\u00e1vrh na zv\u00fd\u0161enie zisku s\u00fakromn\u00fdch akcion\u00e1rov pois\u0165ovn\u00ed - Smedemokrati.sk<\/title>\n<meta name=\"robots\" content=\"index, follow, max-snippet:-1, max-image-preview:large, max-video-preview:-1\" \/>\n<link rel=\"canonical\" href=\"https:\/\/www.smedemokrati.sk\/en\/vyzyvam-stranu-sas-aby-stiahla-navrh-na-zvysenie-zisku-sukromnych-akcionarov-poistovni\/\" \/>\n<meta property=\"og:locale\" content=\"en_US\" \/>\n<meta property=\"og:locale:alternate\" content=\"cs_CZ\" \/>\n<meta property=\"og:locale:alternate\" content=\"hu_HU\" \/>\n<meta property=\"og:locale:alternate\" content=\"sk_SK\" \/>\n<meta property=\"og:locale:alternate\" content=\"sv_SE\" \/>\n<meta property=\"og:type\" content=\"article\" \/>\n<meta property=\"og:title\" content=\"Vyz\u00fdvam stranu SaS, aby stiahla n\u00e1vrh na zv\u00fd\u0161enie zisku s\u00fakromn\u00fdch akcion\u00e1rov pois\u0165ovn\u00ed - Smedemokrati.sk\" \/>\n<meta property=\"og:description\" content=\"\u201eVyz\u00fdvam stranu SaS, aby zi\u0161la z krat\u0161ej cesty a stiahla n\u00e1vrh na zv\u00fd\u0161enie zisku s\u00fakromn\u00fdch akcion\u00e1rov pois\u0165ovn\u00ed. SaS predlo\u017eila do parlamentu n\u00e1vrh na zv\u00fd\u0161enie zisku zdravotn\u00fdch pois\u0165ovn\u00ed z 1% na 2%. \u00darad pre doh\u013ead nad zdravotnou starostlivos\u0165ou vyzval poslancov, aby za tento n\u00e1vrh nehlasovali. Slovensk\u00ed pacienti za\u017e\u00edvaj\u00fa \u0165a\u017ek\u00e9 \u010dasy a dnes potrebujeme ka\u017ed\u00e9 euro pre [&hellip;]\" \/>\n<meta property=\"og:url\" content=\"https:\/\/www.smedemokrati.sk\/en\/vyzyvam-stranu-sas-aby-stiahla-navrh-na-zvysenie-zisku-sukromnych-akcionarov-poistovni\/\" \/>\n<meta property=\"og:site_name\" content=\"Smedemokrati.sk\" \/>\n<meta property=\"article:publisher\" content=\"https:\/\/www.facebook.com\/smedemokrati2023\" \/>\n<meta property=\"article:published_time\" content=\"2023-06-10T14:59:13+00:00\" \/>\n<meta property=\"article:modified_time\" content=\"2023-06-10T14:59:59+00:00\" \/>\n<meta property=\"og:image\" content=\"https:\/\/www.smedemokrati.sk\/wp-content\/uploads\/2023\/06\/abdrea.jpg\" \/>\n\t<meta property=\"og:image:width\" content=\"1800\" \/>\n\t<meta property=\"og:image:height\" content=\"1009\" \/>\n\t<meta property=\"og:image:type\" content=\"image\/jpeg\" \/>\n<meta name=\"author\" content=\"Tom\u00e1\u0161 Koppl\" \/>\n<meta name=\"twitter:card\" content=\"summary_large_image\" \/>\n<meta name=\"twitter:label1\" content=\"Written by\" \/>\n\t<meta name=\"twitter:data1\" content=\"Tom\u00e1\u0161 Koppl\" \/>\n\t<meta name=\"twitter:label2\" content=\"Est. reading time\" \/>\n\t<meta name=\"twitter:data2\" content=\"1 minute\" \/>\n<script type=\"application\/ld+json\" class=\"yoast-schema-graph\">{\"@context\":\"https:\/\/schema.org\",\"@graph\":[{\"@type\":\"Article\",\"@id\":\"https:\/\/www.smedemokrati.sk\/vyzyvam-stranu-sas-aby-stiahla-navrh-na-zvysenie-zisku-sukromnych-akcionarov-poistovni\/#article\",\"isPartOf\":{\"@id\":\"https:\/\/www.smedemokrati.sk\/vyzyvam-stranu-sas-aby-stiahla-navrh-na-zvysenie-zisku-sukromnych-akcionarov-poistovni\/\"},\"author\":{\"name\":\"Tom\u00e1\u0161 Koppl\",\"@id\":\"https:\/\/www.smedemokrati.sk\/#\/schema\/person\/c60720f4b9955b3c1ed222ebd1fbbc7c\"},\"headline\":\"Vyz\u00fdvam stranu SaS, aby stiahla n\u00e1vrh na zv\u00fd\u0161enie zisku s\u00fakromn\u00fdch akcion\u00e1rov pois\u0165ovn\u00ed\",\"datePublished\":\"2023-06-10T14:59:13+00:00\",\"dateModified\":\"2023-06-10T14:59:59+00:00\",\"mainEntityOfPage\":{\"@id\":\"https:\/\/www.smedemokrati.sk\/vyzyvam-stranu-sas-aby-stiahla-navrh-na-zvysenie-zisku-sukromnych-akcionarov-poistovni\/\"},\"wordCount\":181,\"publisher\":{\"@id\":\"https:\/\/www.smedemokrati.sk\/#organization\"},\"image\":{\"@id\":\"https:\/\/www.smedemokrati.sk\/vyzyvam-stranu-sas-aby-stiahla-navrh-na-zvysenie-zisku-sukromnych-akcionarov-poistovni\/#primaryimage\"},\"thumbnailUrl\":\"https:\/\/www.smedemokrati.sk\/wp-content\/uploads\/2023\/06\/abdrea.jpg\",\"articleSection\":[\"Tla\u010dov\u00e9 spr\u00e1vy\"],\"inLanguage\":\"en-US\"},{\"@type\":\"WebPage\",\"@id\":\"https:\/\/www.smedemokrati.sk\/vyzyvam-stranu-sas-aby-stiahla-navrh-na-zvysenie-zisku-sukromnych-akcionarov-poistovni\/\",\"url\":\"https:\/\/www.smedemokrati.sk\/vyzyvam-stranu-sas-aby-stiahla-navrh-na-zvysenie-zisku-sukromnych-akcionarov-poistovni\/\",\"name\":\"Vyz\u00fdvam stranu SaS, aby stiahla n\u00e1vrh na zv\u00fd\u0161enie zisku s\u00fakromn\u00fdch akcion\u00e1rov pois\u0165ovn\u00ed - Smedemokrati.sk\",\"isPartOf\":{\"@id\":\"https:\/\/www.smedemokrati.sk\/#website\"},\"primaryImageOfPage\":{\"@id\":\"https:\/\/www.smedemokrati.sk\/vyzyvam-stranu-sas-aby-stiahla-navrh-na-zvysenie-zisku-sukromnych-akcionarov-poistovni\/#primaryimage\"},\"image\":{\"@id\":\"https:\/\/www.smedemokrati.sk\/vyzyvam-stranu-sas-aby-stiahla-navrh-na-zvysenie-zisku-sukromnych-akcionarov-poistovni\/#primaryimage\"},\"thumbnailUrl\":\"https:\/\/www.smedemokrati.sk\/wp-content\/uploads\/2023\/06\/abdrea.jpg\",\"datePublished\":\"2023-06-10T14:59:13+00:00\",\"dateModified\":\"2023-06-10T14:59:59+00:00\",\"breadcrumb\":{\"@id\":\"https:\/\/www.smedemokrati.sk\/vyzyvam-stranu-sas-aby-stiahla-navrh-na-zvysenie-zisku-sukromnych-akcionarov-poistovni\/#breadcrumb\"},\"inLanguage\":\"en-US\",\"potentialAction\":[{\"@type\":\"ReadAction\",\"target\":[\"https:\/\/www.smedemokrati.sk\/vyzyvam-stranu-sas-aby-stiahla-navrh-na-zvysenie-zisku-sukromnych-akcionarov-poistovni\/\"]}]},{\"@type\":\"ImageObject\",\"inLanguage\":\"en-US\",\"@id\":\"https:\/\/www.smedemokrati.sk\/vyzyvam-stranu-sas-aby-stiahla-navrh-na-zvysenie-zisku-sukromnych-akcionarov-poistovni\/#primaryimage\",\"url\":\"https:\/\/www.smedemokrati.sk\/wp-content\/uploads\/2023\/06\/abdrea.jpg\",\"contentUrl\":\"https:\/\/www.smedemokrati.sk\/wp-content\/uploads\/2023\/06\/abdrea.jpg\",\"width\":1800,\"height\":1009},{\"@type\":\"BreadcrumbList\",\"@id\":\"https:\/\/www.smedemokrati.sk\/vyzyvam-stranu-sas-aby-stiahla-navrh-na-zvysenie-zisku-sukromnych-akcionarov-poistovni\/#breadcrumb\",\"itemListElement\":[{\"@type\":\"ListItem\",\"position\":1,\"name\":\"Domovsk\u00e1 str\u00e1nka\",\"item\":\"https:\/\/www.smedemokrati.sk\/\"},{\"@type\":\"ListItem\",\"position\":2,\"name\":\"Vyz\u00fdvam stranu SaS, aby stiahla n\u00e1vrh na zv\u00fd\u0161enie zisku s\u00fakromn\u00fdch akcion\u00e1rov pois\u0165ovn\u00ed\"}]},{\"@type\":\"WebSite\",\"@id\":\"https:\/\/www.smedemokrati.sk\/#website\",\"url\":\"https:\/\/www.smedemokrati.sk\/\",\"name\":\"Smedemokrati.sk\",\"description\":\"Demokracia a slu\u0161nos\u0165 zv\u00ed\u0165az\u00ed\",\"publisher\":{\"@id\":\"https:\/\/www.smedemokrati.sk\/#organization\"},\"potentialAction\":[{\"@type\":\"SearchAction\",\"target\":{\"@type\":\"EntryPoint\",\"urlTemplate\":\"https:\/\/www.smedemokrati.sk\/?s={search_term_string}\"},\"query-input\":{\"@type\":\"PropertyValueSpecification\",\"valueRequired\":true,\"valueName\":\"search_term_string\"}}],\"inLanguage\":\"en-US\"},{\"@type\":\"Organization\",\"@id\":\"https:\/\/www.smedemokrati.sk\/#organization\",\"name\":\"Smedemokrati.sk\",\"url\":\"https:\/\/www.smedemokrati.sk\/\",\"logo\":{\"@type\":\"ImageObject\",\"inLanguage\":\"en-US\",\"@id\":\"https:\/\/www.smedemokrati.sk\/#\/schema\/logo\/image\/\",\"url\":\"https:\/\/www.smedemokrati.sk\/wp-content\/uploads\/2023\/04\/ff.002.jpeg\",\"contentUrl\":\"https:\/\/www.smedemokrati.sk\/wp-content\/uploads\/2023\/04\/ff.002.jpeg\",\"width\":640,\"height\":480,\"caption\":\"Smedemokrati.sk\"},\"image\":{\"@id\":\"https:\/\/www.smedemokrati.sk\/#\/schema\/logo\/image\/\"},\"sameAs\":[\"https:\/\/www.facebook.com\/smedemokrati2023\"]},{\"@type\":\"Person\",\"@id\":\"https:\/\/www.smedemokrati.sk\/#\/schema\/person\/c60720f4b9955b3c1ed222ebd1fbbc7c\",\"name\":\"Tom\u00e1\u0161 Koppl\",\"image\":{\"@type\":\"ImageObject\",\"inLanguage\":\"en-US\",\"@id\":\"https:\/\/secure.gravatar.com\/avatar\/8dfa38373c5e39821baf74c8e867a6f12e12c6dab6559aa999d10703b0b1c4ce?s=96&d=mm&r=g\",\"url\":\"https:\/\/secure.gravatar.com\/avatar\/8dfa38373c5e39821baf74c8e867a6f12e12c6dab6559aa999d10703b0b1c4ce?s=96&d=mm&r=g\",\"contentUrl\":\"https:\/\/secure.gravatar.com\/avatar\/8dfa38373c5e39821baf74c8e867a6f12e12c6dab6559aa999d10703b0b1c4ce?s=96&d=mm&r=g\",\"caption\":\"Tom\u00e1\u0161 Koppl\"},\"url\":\"https:\/\/www.smedemokrati.sk\/en\/author\/tomaskoppl\/\"}]}<\/script>\n<!-- \/ Yoast SEO plugin. -->","yoast_head_json":{"title":"Vyz\u00fdvam stranu SaS, aby stiahla n\u00e1vrh na zv\u00fd\u0161enie zisku s\u00fakromn\u00fdch akcion\u00e1rov pois\u0165ovn\u00ed - Smedemokrati.sk","robots":{"index":"index","follow":"follow","max-snippet":"max-snippet:-1","max-image-preview":"max-image-preview:large","max-video-preview":"max-video-preview:-1"},"canonical":"https:\/\/www.smedemokrati.sk\/en\/vyzyvam-stranu-sas-aby-stiahla-navrh-na-zvysenie-zisku-sukromnych-akcionarov-poistovni\/","og_locale":"en_US","og_type":"article","og_title":"Vyz\u00fdvam stranu SaS, aby stiahla n\u00e1vrh na zv\u00fd\u0161enie zisku s\u00fakromn\u00fdch akcion\u00e1rov pois\u0165ovn\u00ed - Smedemokrati.sk","og_description":"\u201eVyz\u00fdvam stranu SaS, aby zi\u0161la z krat\u0161ej cesty a stiahla n\u00e1vrh na zv\u00fd\u0161enie zisku s\u00fakromn\u00fdch akcion\u00e1rov pois\u0165ovn\u00ed. SaS predlo\u017eila do parlamentu n\u00e1vrh na zv\u00fd\u0161enie zisku zdravotn\u00fdch pois\u0165ovn\u00ed z 1% na 2%. \u00darad pre doh\u013ead nad zdravotnou starostlivos\u0165ou vyzval poslancov, aby za tento n\u00e1vrh nehlasovali. Slovensk\u00ed pacienti za\u017e\u00edvaj\u00fa \u0165a\u017ek\u00e9 \u010dasy a dnes potrebujeme ka\u017ed\u00e9 euro pre [&hellip;]","og_url":"https:\/\/www.smedemokrati.sk\/en\/vyzyvam-stranu-sas-aby-stiahla-navrh-na-zvysenie-zisku-sukromnych-akcionarov-poistovni\/","og_site_name":"Smedemokrati.sk","article_publisher":"https:\/\/www.facebook.com\/smedemokrati2023","article_published_time":"2023-06-10T14:59:13+00:00","article_modified_time":"2023-06-10T14:59:59+00:00","og_image":[{"width":1800,"height":1009,"url":"https:\/\/www.smedemokrati.sk\/wp-content\/uploads\/2023\/06\/abdrea.jpg","type":"image\/jpeg"}],"author":"Tom\u00e1\u0161 Koppl","twitter_card":"summary_large_image","twitter_misc":{"Written by":"Tom\u00e1\u0161 Koppl","Est. reading time":"1 minute"},"schema":{"@context":"https:\/\/schema.org","@graph":[{"@type":"Article","@id":"https:\/\/www.smedemokrati.sk\/vyzyvam-stranu-sas-aby-stiahla-navrh-na-zvysenie-zisku-sukromnych-akcionarov-poistovni\/#article","isPartOf":{"@id":"https:\/\/www.smedemokrati.sk\/vyzyvam-stranu-sas-aby-stiahla-navrh-na-zvysenie-zisku-sukromnych-akcionarov-poistovni\/"},"author":{"name":"Tom\u00e1\u0161 Koppl","@id":"https:\/\/www.smedemokrati.sk\/#\/schema\/person\/c60720f4b9955b3c1ed222ebd1fbbc7c"},"headline":"Vyz\u00fdvam stranu SaS, aby stiahla n\u00e1vrh na zv\u00fd\u0161enie zisku s\u00fakromn\u00fdch akcion\u00e1rov pois\u0165ovn\u00ed","datePublished":"2023-06-10T14:59:13+00:00","dateModified":"2023-06-10T14:59:59+00:00","mainEntityOfPage":{"@id":"https:\/\/www.smedemokrati.sk\/vyzyvam-stranu-sas-aby-stiahla-navrh-na-zvysenie-zisku-sukromnych-akcionarov-poistovni\/"},"wordCount":181,"publisher":{"@id":"https:\/\/www.smedemokrati.sk\/#organization"},"image":{"@id":"https:\/\/www.smedemokrati.sk\/vyzyvam-stranu-sas-aby-stiahla-navrh-na-zvysenie-zisku-sukromnych-akcionarov-poistovni\/#primaryimage"},"thumbnailUrl":"https:\/\/www.smedemokrati.sk\/wp-content\/uploads\/2023\/06\/abdrea.jpg","articleSection":["Tla\u010dov\u00e9 spr\u00e1vy"],"inLanguage":"en-US"},{"@type":"WebPage","@id":"https:\/\/www.smedemokrati.sk\/vyzyvam-stranu-sas-aby-stiahla-navrh-na-zvysenie-zisku-sukromnych-akcionarov-poistovni\/","url":"https:\/\/www.smedemokrati.sk\/vyzyvam-stranu-sas-aby-stiahla-navrh-na-zvysenie-zisku-sukromnych-akcionarov-poistovni\/","name":"Vyz\u00fdvam stranu SaS, aby stiahla n\u00e1vrh na zv\u00fd\u0161enie zisku s\u00fakromn\u00fdch akcion\u00e1rov pois\u0165ovn\u00ed - Smedemokrati.sk","isPartOf":{"@id":"https:\/\/www.smedemokrati.sk\/#website"},"primaryImageOfPage":{"@id":"https:\/\/www.smedemokrati.sk\/vyzyvam-stranu-sas-aby-stiahla-navrh-na-zvysenie-zisku-sukromnych-akcionarov-poistovni\/#primaryimage"},"image":{"@id":"https:\/\/www.smedemokrati.sk\/vyzyvam-stranu-sas-aby-stiahla-navrh-na-zvysenie-zisku-sukromnych-akcionarov-poistovni\/#primaryimage"},"thumbnailUrl":"https:\/\/www.smedemokrati.sk\/wp-content\/uploads\/2023\/06\/abdrea.jpg","datePublished":"2023-06-10T14:59:13+00:00","dateModified":"2023-06-10T14:59:59+00:00","breadcrumb":{"@id":"https:\/\/www.smedemokrati.sk\/vyzyvam-stranu-sas-aby-stiahla-navrh-na-zvysenie-zisku-sukromnych-akcionarov-poistovni\/#breadcrumb"},"inLanguage":"en-US","potentialAction":[{"@type":"ReadAction","target":["https:\/\/www.smedemokrati.sk\/vyzyvam-stranu-sas-aby-stiahla-navrh-na-zvysenie-zisku-sukromnych-akcionarov-poistovni\/"]}]},{"@type":"ImageObject","inLanguage":"en-US","@id":"https:\/\/www.smedemokrati.sk\/vyzyvam-stranu-sas-aby-stiahla-navrh-na-zvysenie-zisku-sukromnych-akcionarov-poistovni\/#primaryimage","url":"https:\/\/www.smedemokrati.sk\/wp-content\/uploads\/2023\/06\/abdrea.jpg","contentUrl":"https:\/\/www.smedemokrati.sk\/wp-content\/uploads\/2023\/06\/abdrea.jpg","width":1800,"height":1009},{"@type":"BreadcrumbList","@id":"https:\/\/www.smedemokrati.sk\/vyzyvam-stranu-sas-aby-stiahla-navrh-na-zvysenie-zisku-sukromnych-akcionarov-poistovni\/#breadcrumb","itemListElement":[{"@type":"ListItem","position":1,"name":"Domovsk\u00e1 str\u00e1nka","item":"https:\/\/www.smedemokrati.sk\/"},{"@type":"ListItem","position":2,"name":"Vyz\u00fdvam stranu SaS, aby stiahla n\u00e1vrh na zv\u00fd\u0161enie zisku s\u00fakromn\u00fdch akcion\u00e1rov pois\u0165ovn\u00ed"}]},{"@type":"WebSite","@id":"https:\/\/www.smedemokrati.sk\/#website","url":"https:\/\/www.smedemokrati.sk\/","name":"Smedemokrati.sk","description":"Demokracia a slu\u0161nos\u0165 zv\u00ed\u0165az\u00ed","publisher":{"@id":"https:\/\/www.smedemokrati.sk\/#organization"},"potentialAction":[{"@type":"SearchAction","target":{"@type":"EntryPoint","urlTemplate":"https:\/\/www.smedemokrati.sk\/?s={search_term_string}"},"query-input":{"@type":"PropertyValueSpecification","valueRequired":true,"valueName":"search_term_string"}}],"inLanguage":"en-US"},{"@type":"Organization","@id":"https:\/\/www.smedemokrati.sk\/#organization","name":"Smedemokrati.sk","url":"https:\/\/www.smedemokrati.sk\/","logo":{"@type":"ImageObject","inLanguage":"en-US","@id":"https:\/\/www.smedemokrati.sk\/#\/schema\/logo\/image\/","url":"https:\/\/www.smedemokrati.sk\/wp-content\/uploads\/2023\/04\/ff.002.jpeg","contentUrl":"https:\/\/www.smedemokrati.sk\/wp-content\/uploads\/2023\/04\/ff.002.jpeg","width":640,"height":480,"caption":"Smedemokrati.sk"},"image":{"@id":"https:\/\/www.smedemokrati.sk\/#\/schema\/logo\/image\/"},"sameAs":["https:\/\/www.facebook.com\/smedemokrati2023"]},{"@type":"Person","@id":"https:\/\/www.smedemokrati.sk\/#\/schema\/person\/c60720f4b9955b3c1ed222ebd1fbbc7c","name":"Tom\u00e1\u0161 Koppl","image":{"@type":"ImageObject","inLanguage":"en-US","@id":"https:\/\/secure.gravatar.com\/avatar\/8dfa38373c5e39821baf74c8e867a6f12e12c6dab6559aa999d10703b0b1c4ce?s=96&d=mm&r=g","url":"https:\/\/secure.gravatar.com\/avatar\/8dfa38373c5e39821baf74c8e867a6f12e12c6dab6559aa999d10703b0b1c4ce?s=96&d=mm&r=g","contentUrl":"https:\/\/secure.gravatar.com\/avatar\/8dfa38373c5e39821baf74c8e867a6f12e12c6dab6559aa999d10703b0b1c4ce?s=96&d=mm&r=g","caption":"Tom\u00e1\u0161 Koppl"},"url":"https:\/\/www.smedemokrati.sk\/en\/author\/tomaskoppl\/"}]}},"_links":{"self":[{"href":"https:\/\/www.smedemokrati.sk\/en\/wp-json\/wp\/v2\/posts\/1167","targetHints":{"allow":["GET"]}}],"collection":[{"href":"https:\/\/www.smedemokrati.sk\/en\/wp-json\/wp\/v2\/posts"}],"about":[{"href":"https:\/\/www.smedemokrati.sk\/en\/wp-json\/wp\/v2\/types\/post"}],"author":[{"embeddable":true,"href":"https:\/\/www.smedemokrati.sk\/en\/wp-json\/wp\/v2\/users\/7"}],"replies":[{"embeddable":true,"href":"https:\/\/www.smedemokrati.sk\/en\/wp-json\/wp\/v2\/comments?post=1167"}],"version-history":[{"count":1,"href":"https:\/\/www.smedemokrati.sk\/en\/wp-json\/wp\/v2\/posts\/1167\/revisions"}],"predecessor-version":[{"id":1170,"href":"https:\/\/www.smedemokrati.sk\/en\/wp-json\/wp\/v2\/posts\/1167\/revisions\/1170"}],"wp:featuredmedia":[{"embeddable":true,"href":"https:\/\/www.smedemokrati.sk\/en\/wp-json\/wp\/v2\/media\/1169"}],"wp:attachment":[{"href":"https:\/\/www.smedemokrati.sk\/en\/wp-json\/wp\/v2\/media?parent=1167"}],"wp:term":[{"taxonomy":"category","embeddable":true,"href":"https:\/\/www.smedemokrati.sk\/en\/wp-json\/wp\/v2\/categories?post=1167"},{"taxonomy":"post_tag","embeddable":true,"href":"https:\/\/www.smedemokrati.sk\/en\/wp-json\/wp\/v2\/tags?post=1167"}],"curies":[{"name":"wp","href":"https:\/\/api.w.org\/{rel}","templated":true}]}}