{"id":1158,"date":"2023-06-09T14:07:02","date_gmt":"2023-06-09T12:07:02","guid":{"rendered":"https:\/\/www.smedemokrati.sk\/?p=1158"},"modified":"2023-06-14T12:09:20","modified_gmt":"2023-06-14T10:09:20","slug":"k-strane-demokrati-sa-pridava-jozef-mihal","status":"publish","type":"post","link":"https:\/\/www.smedemokrati.sk\/en\/k-strane-demokrati-sa-pridava-jozef-mihal\/","title":{"rendered":"K strane Demokrati sa prid\u00e1va odborn\u00edk na soci\u00e1lnu politiku Jozef Mih\u00e1l"},"content":{"rendered":"<div id=\"fb-root\"><\/div>\n\n<p>K strane Demokrati sa prid\u00e1va odborn\u00edk na soci\u00e1lnu politiku a b\u00fdval\u00fd minister pr\u00e1ce Jozef Mih\u00e1l. J. Mih\u00e1l vstupuje na 145. miesto kandid\u00e1tky Demokratov ako nez\u00e1visl\u00fd odborn\u00edk. Pod\u013ea Hegera je Mih\u00e1l najv\u00e4\u010d\u0161\u00ed odborn\u00edk na soci\u00e1lne veci na Slovensku.<strong><br>\u201eStrana Demokrati bude ma\u0165 najsilnej\u0161\u00ed a najlep\u0161\u00ed soci\u00e1lny program vo vo\u013eb\u00e1ch v roku 2023,\u201d&nbsp;<\/strong>vyhl\u00e1sil Heger pri pr\u00edle\u017eitosti predstavenia Jozefa Mih\u00e1la. Toho Heger pova\u017euje za&nbsp;<strong>\u201esk\u00fasen\u00e9ho odborn\u00edka na soci\u00e1lnu oblas\u0165, ktorej sa dlh\u00e9 roky venuje. Spolu s Jankou \u017dit\u0148anskou, Luciou \u010euri\u0161 Nicholsonovou, Andreou Cocherovou a \u010fal\u0161\u00edmi, vytvor\u00ed siln\u00fd soci\u00e1lny t\u00edm.\u201d<br>\u201eSom ve\u013emi rada, \u017ee prakticky od m\u00f4jho vstupu do politiky som mohla spolupracova\u0165 s Jozefom Mih\u00e1lom a toto na\u0161e priate\u013estvo a spolupr\u00e1ca pretrvala a\u017e doteraz. V politike je ve\u013emi m\u00e1lo \u013eud\u00ed, ktor\u00ed p\u00f4sobili v r\u00f4znych funkci\u00e1ch a napriek tomu si dok\u00e1zali udr\u017ea\u0165 meno odborn\u00edka. To je pr\u00e1ve pr\u00edpad Jozefa Mih\u00e1la,\u201d&nbsp;<\/strong>povedala Lucia \u010euri\u0161 Nicholsonov\u00e1.<strong><br>\u201eDnes tu stoj\u00edm pre to, aby som pomohol vypracova\u0165 \u010do najlep\u0161\u00ed program v oblasti soci\u00e1lnych vec\u00ed, d\u00f4chodkov, rodinnej politiky a aj da\u0148ovej politiky \u0161t\u00e1tu. Te\u0161\u00edm sa, \u017ee v strane Demokrati nach\u00e1dzam mnoho odborn\u00edkov na tieto t\u00e9my &#8211; Janu \u017dit\u0148ansk\u00fa, Luciu \u010e. Nicholsonov\u00fa a \u010fal\u0161\u00edch,\u201d&nbsp;<\/strong>povedal Jozef Mih\u00e1l.<\/p>\n\n\n\n<p><strong>\u201eMysl\u00edm si, \u017ee na\u0161i odborn\u00edci bud\u00fa z\u00e1rukou, \u017ee sa Slovensko v soci\u00e1lnej oblasti pohne dopredu. My urob\u00edme v\u0161etko pre to, aby sme dali v\u00e1m \u013eu\u010fom \u010do najlep\u0161iu ponuku, aby ste sa 30. septembra mohli \u010do najjednoduch\u0161ie rozhodn\u00fa\u0165. Pon\u00fakame odborn\u00fd, sk\u00fasen\u00fd a pokojn\u00fd t\u00edm,\u201d&nbsp;<\/strong>dodal Mih\u00e1l.<\/p>\n\n\n\n<figure class=\"wp-block-image size-large\"><img decoding=\"async\" width=\"1024\" height=\"684\" src=\"https:\/\/www.smedemokrati.sk\/wp-content\/uploads\/2023\/06\/mihal-2-1024x684.jpg\" alt=\"\" class=\"wp-image-1159\" srcset=\"https:\/\/www.smedemokrati.sk\/wp-content\/uploads\/2023\/06\/mihal-2-1024x684.jpg 1024w, https:\/\/www.smedemokrati.sk\/wp-content\/uploads\/2023\/06\/mihal-2-300x200.jpg 300w, https:\/\/www.smedemokrati.sk\/wp-content\/uploads\/2023\/06\/mihal-2-768x513.jpg 768w, https:\/\/www.smedemokrati.sk\/wp-content\/uploads\/2023\/06\/mihal-2-1536x1025.jpg 1536w, https:\/\/www.smedemokrati.sk\/wp-content\/uploads\/2023\/06\/mihal-2.jpg 1600w\" sizes=\"(max-width: 1024px) 100vw, 1024px\" \/><\/figure>\n","protected":false},"excerpt":{"rendered":"<p>K strane Demokrati sa prid\u00e1va odborn\u00edk na soci\u00e1lnu politiku a b\u00fdval\u00fd minister pr\u00e1ce Jozef Mih\u00e1l. J. Mih\u00e1l vstupuje na 145. miesto kandid\u00e1tky Demokratov ako nez\u00e1visl\u00fd odborn\u00edk. Pod\u013ea Hegera je Mih\u00e1l najv\u00e4\u010d\u0161\u00ed odborn\u00edk na soci\u00e1lne veci na Slovensku.\u201eStrana Demokrati bude ma\u0165 najsilnej\u0161\u00ed a najlep\u0161\u00ed soci\u00e1lny program vo vo\u013eb\u00e1ch v roku 2023,\u201d&nbsp;vyhl\u00e1sil Heger pri pr\u00edle\u017eitosti predstavenia Jozefa [&hellip;]<\/p>\n","protected":false},"author":7,"featured_media":1160,"comment_status":"closed","ping_status":"closed","sticky":false,"template":"","format":"standard","meta":{"_acf_changed":false,"ngg_post_thumbnail":0,"footnotes":""},"categories":[4],"tags":[],"class_list":["post-1158","post","type-post","status-publish","format-standard","has-post-thumbnail","hentry","category-tlacove-spravy"],"acf":[],"yoast_head":"<!-- This site is optimized with the Yoast SEO plugin v27.2 - https:\/\/yoast.com\/product\/yoast-seo-wordpress\/ -->\n<title>K strane Demokrati sa prid\u00e1va odborn\u00edk na soci\u00e1lnu politiku Jozef Mih\u00e1l - Smedemokrati.sk<\/title>\n<meta name=\"robots\" content=\"index, follow, max-snippet:-1, max-image-preview:large, max-video-preview:-1\" \/>\n<link rel=\"canonical\" href=\"https:\/\/www.smedemokrati.sk\/en\/k-strane-demokrati-sa-pridava-jozef-mihal\/\" \/>\n<meta property=\"og:locale\" content=\"en_US\" \/>\n<meta property=\"og:locale:alternate\" content=\"cs_CZ\" \/>\n<meta property=\"og:locale:alternate\" content=\"hu_HU\" \/>\n<meta property=\"og:locale:alternate\" content=\"sk_SK\" \/>\n<meta property=\"og:locale:alternate\" content=\"sv_SE\" \/>\n<meta property=\"og:type\" content=\"article\" \/>\n<meta property=\"og:title\" content=\"K strane Demokrati sa prid\u00e1va odborn\u00edk na soci\u00e1lnu politiku Jozef Mih\u00e1l - Smedemokrati.sk\" \/>\n<meta property=\"og:description\" content=\"K strane Demokrati sa prid\u00e1va odborn\u00edk na soci\u00e1lnu politiku a b\u00fdval\u00fd minister pr\u00e1ce Jozef Mih\u00e1l. J. Mih\u00e1l vstupuje na 145. miesto kandid\u00e1tky Demokratov ako nez\u00e1visl\u00fd odborn\u00edk. Pod\u013ea Hegera je Mih\u00e1l najv\u00e4\u010d\u0161\u00ed odborn\u00edk na soci\u00e1lne veci na Slovensku.\u201eStrana Demokrati bude ma\u0165 najsilnej\u0161\u00ed a najlep\u0161\u00ed soci\u00e1lny program vo vo\u013eb\u00e1ch v roku 2023,\u201d&nbsp;vyhl\u00e1sil Heger pri pr\u00edle\u017eitosti predstavenia Jozefa [&hellip;]\" \/>\n<meta property=\"og:url\" content=\"https:\/\/www.smedemokrati.sk\/en\/k-strane-demokrati-sa-pridava-jozef-mihal\/\" \/>\n<meta property=\"og:site_name\" content=\"Smedemokrati.sk\" \/>\n<meta property=\"article:publisher\" content=\"https:\/\/www.facebook.com\/smedemokrati2023\" \/>\n<meta property=\"article:published_time\" content=\"2023-06-09T12:07:02+00:00\" \/>\n<meta property=\"article:modified_time\" content=\"2023-06-14T10:09:20+00:00\" \/>\n<meta property=\"og:image\" content=\"https:\/\/www.smedemokrati.sk\/wp-content\/uploads\/2023\/06\/mihal-1.jpg\" \/>\n\t<meta property=\"og:image:width\" content=\"1600\" \/>\n\t<meta property=\"og:image:height\" content=\"1068\" \/>\n\t<meta property=\"og:image:type\" content=\"image\/jpeg\" \/>\n<meta name=\"author\" content=\"Tom\u00e1\u0161 Koppl\" \/>\n<meta name=\"twitter:card\" content=\"summary_large_image\" \/>\n<meta name=\"twitter:label1\" content=\"Written by\" \/>\n\t<meta name=\"twitter:data1\" content=\"Tom\u00e1\u0161 Koppl\" \/>\n\t<meta name=\"twitter:label2\" content=\"Est. reading time\" \/>\n\t<meta name=\"twitter:data2\" content=\"2 minutes\" \/>\n<script type=\"application\/ld+json\" class=\"yoast-schema-graph\">{\"@context\":\"https:\/\/schema.org\",\"@graph\":[{\"@type\":\"Article\",\"@id\":\"https:\/\/www.smedemokrati.sk\/k-strane-demokrati-sa-pridava-jozef-mihal\/#article\",\"isPartOf\":{\"@id\":\"https:\/\/www.smedemokrati.sk\/k-strane-demokrati-sa-pridava-jozef-mihal\/\"},\"author\":{\"name\":\"Tom\u00e1\u0161 Koppl\",\"@id\":\"https:\/\/www.smedemokrati.sk\/#\/schema\/person\/c60720f4b9955b3c1ed222ebd1fbbc7c\"},\"headline\":\"K strane Demokrati sa prid\u00e1va odborn\u00edk na soci\u00e1lnu politiku Jozef Mih\u00e1l\",\"datePublished\":\"2023-06-09T12:07:02+00:00\",\"dateModified\":\"2023-06-14T10:09:20+00:00\",\"mainEntityOfPage\":{\"@id\":\"https:\/\/www.smedemokrati.sk\/k-strane-demokrati-sa-pridava-jozef-mihal\/\"},\"wordCount\":323,\"publisher\":{\"@id\":\"https:\/\/www.smedemokrati.sk\/#organization\"},\"image\":{\"@id\":\"https:\/\/www.smedemokrati.sk\/k-strane-demokrati-sa-pridava-jozef-mihal\/#primaryimage\"},\"thumbnailUrl\":\"https:\/\/www.smedemokrati.sk\/wp-content\/uploads\/2023\/06\/mihal-1.jpg\",\"articleSection\":[\"Tla\u010dov\u00e9 spr\u00e1vy\"],\"inLanguage\":\"en-US\"},{\"@type\":\"WebPage\",\"@id\":\"https:\/\/www.smedemokrati.sk\/k-strane-demokrati-sa-pridava-jozef-mihal\/\",\"url\":\"https:\/\/www.smedemokrati.sk\/k-strane-demokrati-sa-pridava-jozef-mihal\/\",\"name\":\"K strane Demokrati sa prid\u00e1va odborn\u00edk na soci\u00e1lnu politiku Jozef Mih\u00e1l - Smedemokrati.sk\",\"isPartOf\":{\"@id\":\"https:\/\/www.smedemokrati.sk\/#website\"},\"primaryImageOfPage\":{\"@id\":\"https:\/\/www.smedemokrati.sk\/k-strane-demokrati-sa-pridava-jozef-mihal\/#primaryimage\"},\"image\":{\"@id\":\"https:\/\/www.smedemokrati.sk\/k-strane-demokrati-sa-pridava-jozef-mihal\/#primaryimage\"},\"thumbnailUrl\":\"https:\/\/www.smedemokrati.sk\/wp-content\/uploads\/2023\/06\/mihal-1.jpg\",\"datePublished\":\"2023-06-09T12:07:02+00:00\",\"dateModified\":\"2023-06-14T10:09:20+00:00\",\"breadcrumb\":{\"@id\":\"https:\/\/www.smedemokrati.sk\/k-strane-demokrati-sa-pridava-jozef-mihal\/#breadcrumb\"},\"inLanguage\":\"en-US\",\"potentialAction\":[{\"@type\":\"ReadAction\",\"target\":[\"https:\/\/www.smedemokrati.sk\/k-strane-demokrati-sa-pridava-jozef-mihal\/\"]}]},{\"@type\":\"ImageObject\",\"inLanguage\":\"en-US\",\"@id\":\"https:\/\/www.smedemokrati.sk\/k-strane-demokrati-sa-pridava-jozef-mihal\/#primaryimage\",\"url\":\"https:\/\/www.smedemokrati.sk\/wp-content\/uploads\/2023\/06\/mihal-1.jpg\",\"contentUrl\":\"https:\/\/www.smedemokrati.sk\/wp-content\/uploads\/2023\/06\/mihal-1.jpg\",\"width\":1600,\"height\":1068},{\"@type\":\"BreadcrumbList\",\"@id\":\"https:\/\/www.smedemokrati.sk\/k-strane-demokrati-sa-pridava-jozef-mihal\/#breadcrumb\",\"itemListElement\":[{\"@type\":\"ListItem\",\"position\":1,\"name\":\"Domovsk\u00e1 str\u00e1nka\",\"item\":\"https:\/\/www.smedemokrati.sk\/\"},{\"@type\":\"ListItem\",\"position\":2,\"name\":\"K strane Demokrati sa prid\u00e1va odborn\u00edk na soci\u00e1lnu politiku Jozef Mih\u00e1l\"}]},{\"@type\":\"WebSite\",\"@id\":\"https:\/\/www.smedemokrati.sk\/#website\",\"url\":\"https:\/\/www.smedemokrati.sk\/\",\"name\":\"Smedemokrati.sk\",\"description\":\"Demokracia a slu\u0161nos\u0165 zv\u00ed\u0165az\u00ed\",\"publisher\":{\"@id\":\"https:\/\/www.smedemokrati.sk\/#organization\"},\"potentialAction\":[{\"@type\":\"SearchAction\",\"target\":{\"@type\":\"EntryPoint\",\"urlTemplate\":\"https:\/\/www.smedemokrati.sk\/?s={search_term_string}\"},\"query-input\":{\"@type\":\"PropertyValueSpecification\",\"valueRequired\":true,\"valueName\":\"search_term_string\"}}],\"inLanguage\":\"en-US\"},{\"@type\":\"Organization\",\"@id\":\"https:\/\/www.smedemokrati.sk\/#organization\",\"name\":\"Smedemokrati.sk\",\"url\":\"https:\/\/www.smedemokrati.sk\/\",\"logo\":{\"@type\":\"ImageObject\",\"inLanguage\":\"en-US\",\"@id\":\"https:\/\/www.smedemokrati.sk\/#\/schema\/logo\/image\/\",\"url\":\"https:\/\/www.smedemokrati.sk\/wp-content\/uploads\/2023\/04\/ff.002.jpeg\",\"contentUrl\":\"https:\/\/www.smedemokrati.sk\/wp-content\/uploads\/2023\/04\/ff.002.jpeg\",\"width\":640,\"height\":480,\"caption\":\"Smedemokrati.sk\"},\"image\":{\"@id\":\"https:\/\/www.smedemokrati.sk\/#\/schema\/logo\/image\/\"},\"sameAs\":[\"https:\/\/www.facebook.com\/smedemokrati2023\"]},{\"@type\":\"Person\",\"@id\":\"https:\/\/www.smedemokrati.sk\/#\/schema\/person\/c60720f4b9955b3c1ed222ebd1fbbc7c\",\"name\":\"Tom\u00e1\u0161 Koppl\",\"image\":{\"@type\":\"ImageObject\",\"inLanguage\":\"en-US\",\"@id\":\"https:\/\/secure.gravatar.com\/avatar\/8dfa38373c5e39821baf74c8e867a6f12e12c6dab6559aa999d10703b0b1c4ce?s=96&d=mm&r=g\",\"url\":\"https:\/\/secure.gravatar.com\/avatar\/8dfa38373c5e39821baf74c8e867a6f12e12c6dab6559aa999d10703b0b1c4ce?s=96&d=mm&r=g\",\"contentUrl\":\"https:\/\/secure.gravatar.com\/avatar\/8dfa38373c5e39821baf74c8e867a6f12e12c6dab6559aa999d10703b0b1c4ce?s=96&d=mm&r=g\",\"caption\":\"Tom\u00e1\u0161 Koppl\"},\"url\":\"https:\/\/www.smedemokrati.sk\/en\/author\/tomaskoppl\/\"}]}<\/script>\n<!-- \/ Yoast SEO plugin. -->","yoast_head_json":{"title":"K strane Demokrati sa prid\u00e1va odborn\u00edk na soci\u00e1lnu politiku Jozef Mih\u00e1l - Smedemokrati.sk","robots":{"index":"index","follow":"follow","max-snippet":"max-snippet:-1","max-image-preview":"max-image-preview:large","max-video-preview":"max-video-preview:-1"},"canonical":"https:\/\/www.smedemokrati.sk\/en\/k-strane-demokrati-sa-pridava-jozef-mihal\/","og_locale":"en_US","og_type":"article","og_title":"K strane Demokrati sa prid\u00e1va odborn\u00edk na soci\u00e1lnu politiku Jozef Mih\u00e1l - Smedemokrati.sk","og_description":"K strane Demokrati sa prid\u00e1va odborn\u00edk na soci\u00e1lnu politiku a b\u00fdval\u00fd minister pr\u00e1ce Jozef Mih\u00e1l. J. Mih\u00e1l vstupuje na 145. miesto kandid\u00e1tky Demokratov ako nez\u00e1visl\u00fd odborn\u00edk. Pod\u013ea Hegera je Mih\u00e1l najv\u00e4\u010d\u0161\u00ed odborn\u00edk na soci\u00e1lne veci na Slovensku.\u201eStrana Demokrati bude ma\u0165 najsilnej\u0161\u00ed a najlep\u0161\u00ed soci\u00e1lny program vo vo\u013eb\u00e1ch v roku 2023,\u201d&nbsp;vyhl\u00e1sil Heger pri pr\u00edle\u017eitosti predstavenia Jozefa [&hellip;]","og_url":"https:\/\/www.smedemokrati.sk\/en\/k-strane-demokrati-sa-pridava-jozef-mihal\/","og_site_name":"Smedemokrati.sk","article_publisher":"https:\/\/www.facebook.com\/smedemokrati2023","article_published_time":"2023-06-09T12:07:02+00:00","article_modified_time":"2023-06-14T10:09:20+00:00","og_image":[{"width":1600,"height":1068,"url":"https:\/\/www.smedemokrati.sk\/wp-content\/uploads\/2023\/06\/mihal-1.jpg","type":"image\/jpeg"}],"author":"Tom\u00e1\u0161 Koppl","twitter_card":"summary_large_image","twitter_misc":{"Written by":"Tom\u00e1\u0161 Koppl","Est. reading time":"2 minutes"},"schema":{"@context":"https:\/\/schema.org","@graph":[{"@type":"Article","@id":"https:\/\/www.smedemokrati.sk\/k-strane-demokrati-sa-pridava-jozef-mihal\/#article","isPartOf":{"@id":"https:\/\/www.smedemokrati.sk\/k-strane-demokrati-sa-pridava-jozef-mihal\/"},"author":{"name":"Tom\u00e1\u0161 Koppl","@id":"https:\/\/www.smedemokrati.sk\/#\/schema\/person\/c60720f4b9955b3c1ed222ebd1fbbc7c"},"headline":"K strane Demokrati sa prid\u00e1va odborn\u00edk na soci\u00e1lnu politiku Jozef Mih\u00e1l","datePublished":"2023-06-09T12:07:02+00:00","dateModified":"2023-06-14T10:09:20+00:00","mainEntityOfPage":{"@id":"https:\/\/www.smedemokrati.sk\/k-strane-demokrati-sa-pridava-jozef-mihal\/"},"wordCount":323,"publisher":{"@id":"https:\/\/www.smedemokrati.sk\/#organization"},"image":{"@id":"https:\/\/www.smedemokrati.sk\/k-strane-demokrati-sa-pridava-jozef-mihal\/#primaryimage"},"thumbnailUrl":"https:\/\/www.smedemokrati.sk\/wp-content\/uploads\/2023\/06\/mihal-1.jpg","articleSection":["Tla\u010dov\u00e9 spr\u00e1vy"],"inLanguage":"en-US"},{"@type":"WebPage","@id":"https:\/\/www.smedemokrati.sk\/k-strane-demokrati-sa-pridava-jozef-mihal\/","url":"https:\/\/www.smedemokrati.sk\/k-strane-demokrati-sa-pridava-jozef-mihal\/","name":"K strane Demokrati sa prid\u00e1va odborn\u00edk na soci\u00e1lnu politiku Jozef Mih\u00e1l - Smedemokrati.sk","isPartOf":{"@id":"https:\/\/www.smedemokrati.sk\/#website"},"primaryImageOfPage":{"@id":"https:\/\/www.smedemokrati.sk\/k-strane-demokrati-sa-pridava-jozef-mihal\/#primaryimage"},"image":{"@id":"https:\/\/www.smedemokrati.sk\/k-strane-demokrati-sa-pridava-jozef-mihal\/#primaryimage"},"thumbnailUrl":"https:\/\/www.smedemokrati.sk\/wp-content\/uploads\/2023\/06\/mihal-1.jpg","datePublished":"2023-06-09T12:07:02+00:00","dateModified":"2023-06-14T10:09:20+00:00","breadcrumb":{"@id":"https:\/\/www.smedemokrati.sk\/k-strane-demokrati-sa-pridava-jozef-mihal\/#breadcrumb"},"inLanguage":"en-US","potentialAction":[{"@type":"ReadAction","target":["https:\/\/www.smedemokrati.sk\/k-strane-demokrati-sa-pridava-jozef-mihal\/"]}]},{"@type":"ImageObject","inLanguage":"en-US","@id":"https:\/\/www.smedemokrati.sk\/k-strane-demokrati-sa-pridava-jozef-mihal\/#primaryimage","url":"https:\/\/www.smedemokrati.sk\/wp-content\/uploads\/2023\/06\/mihal-1.jpg","contentUrl":"https:\/\/www.smedemokrati.sk\/wp-content\/uploads\/2023\/06\/mihal-1.jpg","width":1600,"height":1068},{"@type":"BreadcrumbList","@id":"https:\/\/www.smedemokrati.sk\/k-strane-demokrati-sa-pridava-jozef-mihal\/#breadcrumb","itemListElement":[{"@type":"ListItem","position":1,"name":"Domovsk\u00e1 str\u00e1nka","item":"https:\/\/www.smedemokrati.sk\/"},{"@type":"ListItem","position":2,"name":"K strane Demokrati sa prid\u00e1va odborn\u00edk na soci\u00e1lnu politiku Jozef Mih\u00e1l"}]},{"@type":"WebSite","@id":"https:\/\/www.smedemokrati.sk\/#website","url":"https:\/\/www.smedemokrati.sk\/","name":"Smedemokrati.sk","description":"Demokracia a slu\u0161nos\u0165 zv\u00ed\u0165az\u00ed","publisher":{"@id":"https:\/\/www.smedemokrati.sk\/#organization"},"potentialAction":[{"@type":"SearchAction","target":{"@type":"EntryPoint","urlTemplate":"https:\/\/www.smedemokrati.sk\/?s={search_term_string}"},"query-input":{"@type":"PropertyValueSpecification","valueRequired":true,"valueName":"search_term_string"}}],"inLanguage":"en-US"},{"@type":"Organization","@id":"https:\/\/www.smedemokrati.sk\/#organization","name":"Smedemokrati.sk","url":"https:\/\/www.smedemokrati.sk\/","logo":{"@type":"ImageObject","inLanguage":"en-US","@id":"https:\/\/www.smedemokrati.sk\/#\/schema\/logo\/image\/","url":"https:\/\/www.smedemokrati.sk\/wp-content\/uploads\/2023\/04\/ff.002.jpeg","contentUrl":"https:\/\/www.smedemokrati.sk\/wp-content\/uploads\/2023\/04\/ff.002.jpeg","width":640,"height":480,"caption":"Smedemokrati.sk"},"image":{"@id":"https:\/\/www.smedemokrati.sk\/#\/schema\/logo\/image\/"},"sameAs":["https:\/\/www.facebook.com\/smedemokrati2023"]},{"@type":"Person","@id":"https:\/\/www.smedemokrati.sk\/#\/schema\/person\/c60720f4b9955b3c1ed222ebd1fbbc7c","name":"Tom\u00e1\u0161 Koppl","image":{"@type":"ImageObject","inLanguage":"en-US","@id":"https:\/\/secure.gravatar.com\/avatar\/8dfa38373c5e39821baf74c8e867a6f12e12c6dab6559aa999d10703b0b1c4ce?s=96&d=mm&r=g","url":"https:\/\/secure.gravatar.com\/avatar\/8dfa38373c5e39821baf74c8e867a6f12e12c6dab6559aa999d10703b0b1c4ce?s=96&d=mm&r=g","contentUrl":"https:\/\/secure.gravatar.com\/avatar\/8dfa38373c5e39821baf74c8e867a6f12e12c6dab6559aa999d10703b0b1c4ce?s=96&d=mm&r=g","caption":"Tom\u00e1\u0161 Koppl"},"url":"https:\/\/www.smedemokrati.sk\/en\/author\/tomaskoppl\/"}]}},"_links":{"self":[{"href":"https:\/\/www.smedemokrati.sk\/en\/wp-json\/wp\/v2\/posts\/1158","targetHints":{"allow":["GET"]}}],"collection":[{"href":"https:\/\/www.smedemokrati.sk\/en\/wp-json\/wp\/v2\/posts"}],"about":[{"href":"https:\/\/www.smedemokrati.sk\/en\/wp-json\/wp\/v2\/types\/post"}],"author":[{"embeddable":true,"href":"https:\/\/www.smedemokrati.sk\/en\/wp-json\/wp\/v2\/users\/7"}],"replies":[{"embeddable":true,"href":"https:\/\/www.smedemokrati.sk\/en\/wp-json\/wp\/v2\/comments?post=1158"}],"version-history":[{"count":3,"href":"https:\/\/www.smedemokrati.sk\/en\/wp-json\/wp\/v2\/posts\/1158\/revisions"}],"predecessor-version":[{"id":1198,"href":"https:\/\/www.smedemokrati.sk\/en\/wp-json\/wp\/v2\/posts\/1158\/revisions\/1198"}],"wp:featuredmedia":[{"embeddable":true,"href":"https:\/\/www.smedemokrati.sk\/en\/wp-json\/wp\/v2\/media\/1160"}],"wp:attachment":[{"href":"https:\/\/www.smedemokrati.sk\/en\/wp-json\/wp\/v2\/media?parent=1158"}],"wp:term":[{"taxonomy":"category","embeddable":true,"href":"https:\/\/www.smedemokrati.sk\/en\/wp-json\/wp\/v2\/categories?post=1158"},{"taxonomy":"post_tag","embeddable":true,"href":"https:\/\/www.smedemokrati.sk\/en\/wp-json\/wp\/v2\/tags?post=1158"}],"curies":[{"name":"wp","href":"https:\/\/api.w.org\/{rel}","templated":true}]}}