{"id":1019,"date":"2023-05-28T15:20:42","date_gmt":"2023-05-28T13:20:42","guid":{"rendered":"https:\/\/www.smedemokrati.sk\/?p=1019"},"modified":"2023-05-28T15:20:43","modified_gmt":"2023-05-28T13:20:43","slug":"vyzva-na-stiahnutie-navrhu-na-mimoriadnu-schodzu","status":"publish","type":"post","link":"https:\/\/www.smedemokrati.sk\/en\/vyzva-na-stiahnutie-navrhu-na-mimoriadnu-schodzu\/","title":{"rendered":"V\u00fdzva na stiahnutie n\u00e1vrhu na mimoriadnu sch\u00f4dzu"},"content":{"rendered":"<div id=\"fb-root\"><\/div>\n\n<p>O\u013dANO zvol\u00e1va mimoriadnu sch\u00f4dzu a v zverejnenom programe navrhuje, aby sa zajtra rokovalo o Tarabovej novele Trestn\u00e9ho poriadku, ktor\u00e1 fakticky ru\u0161\u00ed \u00darad \u0161peci\u00e1lnej prokurat\u00fary. Zaradili to ako prv\u00fd bod mimoriadnej sch\u00f4dze.\u00a0<\/p>\n\n\n\n<p>Proti tomuto n\u00e1vrhu z\u00e1kona bojujem od novembra a podarilo sa dosiahnu\u0165 jeho stiahnutie z 90. sch\u00f4dze. T\u00fdm p\u00e1dom fakticky nemal \u0161ancu prejs\u0165 v tomto volebnom obdob\u00ed. A potom to O\u013dANO zarad\u00ed ako prv\u00fd bod na mimoriadnu sch\u00f4dzu?<\/p>\n\n\n\n<p>Na m\u0148a Igor Matovi\u010d \u00fato\u010d\u00ed, \u017ee nechcem zmeni\u0165 paragraf 363 &#8211; \u010do je samozrejme klamstvo, lebo nikto sa nestavia \u017dilinkovi tak, ako ja &#8211; a oni daj\u00fa ako prv\u00fd bod na mimoriadnu sch\u00f4dzu Tarabovu novelu, ktor\u00e1 m\u00e1 fakticky zru\u0161i\u0165 \u00da\u0160P?<\/p>\n\n\n\n<p>A to ani nehovor\u00edm o tom, \u017ee Taraba m\u00e1 pripraven\u00fa aj \u010fal\u0161iu novelu, ktor\u00e1 m\u00e1 fakticky zru\u0161i\u0165 spolupracuj\u00faceho obvinen\u00e9ho a otv\u00e1ra\u0165 rozsudky.<\/p>\n\n\n\n<p>Ne\u010dudujem sa, \u017ee Smer chce hlasova\u0165 za otvorenie sch\u00f4dze.&nbsp;Robert Fico sa vyjadril, \u017ee nem\u00e1 probl\u00e9m rokova\u0165, Taraba nem\u00e1 probl\u00e9m rokova\u0165.&nbsp;<\/p>\n\n\n\n<p>Kolegovia, ak to mysl\u00edte s protikurop\u010dnos\u0165ou naozaj v\u00e1\u017ene, stiahnite n\u00e1vrh na zvolanie mimoriadnej sch\u00f4dze. Lebo takto pom\u00e1hate Smeru a \u017dilinkovi zru\u0161i\u0165 \u00darad \u0161peci\u00e1lnej prokurat\u00fary.&nbsp;<\/p>\n\n\n\n<p>Ak ste urobili chybu, nie je hanba to poveda\u0165, ale tieto body nesm\u00fa \u00eds\u0165 na rokovanie.&nbsp;<\/p>\n\n\n\n<p>Stiahnite n\u00e1vrh na mimoriadnu sch\u00f4dzu!<\/p>\n\n\n\n<p>Poslanci za stranu Demokrati tak\u00fdto program nepodporia, my chceme \u00da\u0160P chr\u00e1ni\u0165 a nie rusi\u0165.<\/p>\n","protected":false},"excerpt":{"rendered":"<p>O\u013dANO zvol\u00e1va mimoriadnu sch\u00f4dzu a v zverejnenom programe navrhuje, aby sa zajtra rokovalo o Tarabovej novele Trestn\u00e9ho poriadku, ktor\u00e1 fakticky ru\u0161\u00ed \u00darad \u0161peci\u00e1lnej prokurat\u00fary. Zaradili to ako prv\u00fd bod mimoriadnej sch\u00f4dze.\u00a0 Proti tomuto n\u00e1vrhu z\u00e1kona bojujem od novembra a podarilo sa dosiahnu\u0165 jeho stiahnutie z 90. sch\u00f4dze. T\u00fdm p\u00e1dom fakticky nemal \u0161ancu prejs\u0165 v tomto [&hellip;]<\/p>\n","protected":false},"author":7,"featured_media":930,"comment_status":"closed","ping_status":"closed","sticky":false,"template":"","format":"standard","meta":{"_acf_changed":false,"ngg_post_thumbnail":0,"footnotes":""},"categories":[4],"tags":[],"class_list":["post-1019","post","type-post","status-publish","format-standard","has-post-thumbnail","hentry","category-tlacove-spravy"],"acf":[],"yoast_head":"<!-- This site is optimized with the Yoast SEO plugin v27.2 - https:\/\/yoast.com\/product\/yoast-seo-wordpress\/ -->\n<title>V\u00fdzva na stiahnutie n\u00e1vrhu na mimoriadnu sch\u00f4dzu - Smedemokrati.sk<\/title>\n<meta name=\"robots\" content=\"index, follow, max-snippet:-1, max-image-preview:large, max-video-preview:-1\" \/>\n<link rel=\"canonical\" href=\"https:\/\/www.smedemokrati.sk\/en\/vyzva-na-stiahnutie-navrhu-na-mimoriadnu-schodzu\/\" \/>\n<meta property=\"og:locale\" content=\"en_US\" \/>\n<meta property=\"og:locale:alternate\" content=\"cs_CZ\" \/>\n<meta property=\"og:locale:alternate\" content=\"hu_HU\" \/>\n<meta property=\"og:locale:alternate\" content=\"sk_SK\" \/>\n<meta property=\"og:locale:alternate\" content=\"sv_SE\" \/>\n<meta property=\"og:type\" content=\"article\" \/>\n<meta property=\"og:title\" content=\"V\u00fdzva na stiahnutie n\u00e1vrhu na mimoriadnu sch\u00f4dzu - Smedemokrati.sk\" \/>\n<meta property=\"og:description\" content=\"O\u013dANO zvol\u00e1va mimoriadnu sch\u00f4dzu a v zverejnenom programe navrhuje, aby sa zajtra rokovalo o Tarabovej novele Trestn\u00e9ho poriadku, ktor\u00e1 fakticky ru\u0161\u00ed \u00darad \u0161peci\u00e1lnej prokurat\u00fary. Zaradili to ako prv\u00fd bod mimoriadnej sch\u00f4dze.\u00a0 Proti tomuto n\u00e1vrhu z\u00e1kona bojujem od novembra a podarilo sa dosiahnu\u0165 jeho stiahnutie z 90. sch\u00f4dze. T\u00fdm p\u00e1dom fakticky nemal \u0161ancu prejs\u0165 v tomto [&hellip;]\" \/>\n<meta property=\"og:url\" content=\"https:\/\/www.smedemokrati.sk\/en\/vyzva-na-stiahnutie-navrhu-na-mimoriadnu-schodzu\/\" \/>\n<meta property=\"og:site_name\" content=\"Smedemokrati.sk\" \/>\n<meta property=\"article:publisher\" content=\"https:\/\/www.facebook.com\/smedemokrati2023\" \/>\n<meta property=\"article:published_time\" content=\"2023-05-28T13:20:42+00:00\" \/>\n<meta property=\"article:modified_time\" content=\"2023-05-28T13:20:43+00:00\" \/>\n<meta property=\"og:image\" content=\"https:\/\/www.smedemokrati.sk\/wp-content\/uploads\/2023\/04\/Images_web_portety_JS.jpg\" \/>\n\t<meta property=\"og:image:width\" content=\"1520\" \/>\n\t<meta property=\"og:image:height\" content=\"1080\" \/>\n\t<meta property=\"og:image:type\" content=\"image\/jpeg\" \/>\n<meta name=\"author\" content=\"Tom\u00e1\u0161 Koppl\" \/>\n<meta name=\"twitter:card\" content=\"summary_large_image\" \/>\n<meta name=\"twitter:label1\" content=\"Written by\" \/>\n\t<meta name=\"twitter:data1\" content=\"Tom\u00e1\u0161 Koppl\" \/>\n\t<meta name=\"twitter:label2\" content=\"Est. reading time\" \/>\n\t<meta name=\"twitter:data2\" content=\"2 minutes\" \/>\n<script type=\"application\/ld+json\" class=\"yoast-schema-graph\">{\"@context\":\"https:\/\/schema.org\",\"@graph\":[{\"@type\":\"Article\",\"@id\":\"https:\/\/www.smedemokrati.sk\/vyzva-na-stiahnutie-navrhu-na-mimoriadnu-schodzu\/#article\",\"isPartOf\":{\"@id\":\"https:\/\/www.smedemokrati.sk\/vyzva-na-stiahnutie-navrhu-na-mimoriadnu-schodzu\/\"},\"author\":{\"name\":\"Tom\u00e1\u0161 Koppl\",\"@id\":\"https:\/\/www.smedemokrati.sk\/#\/schema\/person\/c60720f4b9955b3c1ed222ebd1fbbc7c\"},\"headline\":\"V\u00fdzva na stiahnutie n\u00e1vrhu na mimoriadnu sch\u00f4dzu\",\"datePublished\":\"2023-05-28T13:20:42+00:00\",\"dateModified\":\"2023-05-28T13:20:43+00:00\",\"mainEntityOfPage\":{\"@id\":\"https:\/\/www.smedemokrati.sk\/vyzva-na-stiahnutie-navrhu-na-mimoriadnu-schodzu\/\"},\"wordCount\":263,\"publisher\":{\"@id\":\"https:\/\/www.smedemokrati.sk\/#organization\"},\"image\":{\"@id\":\"https:\/\/www.smedemokrati.sk\/vyzva-na-stiahnutie-navrhu-na-mimoriadnu-schodzu\/#primaryimage\"},\"thumbnailUrl\":\"https:\/\/www.smedemokrati.sk\/wp-content\/uploads\/2023\/04\/Images_web_portety_JS.jpg\",\"articleSection\":[\"Tla\u010dov\u00e9 spr\u00e1vy\"],\"inLanguage\":\"en-US\"},{\"@type\":\"WebPage\",\"@id\":\"https:\/\/www.smedemokrati.sk\/vyzva-na-stiahnutie-navrhu-na-mimoriadnu-schodzu\/\",\"url\":\"https:\/\/www.smedemokrati.sk\/vyzva-na-stiahnutie-navrhu-na-mimoriadnu-schodzu\/\",\"name\":\"V\u00fdzva na stiahnutie n\u00e1vrhu na mimoriadnu sch\u00f4dzu - Smedemokrati.sk\",\"isPartOf\":{\"@id\":\"https:\/\/www.smedemokrati.sk\/#website\"},\"primaryImageOfPage\":{\"@id\":\"https:\/\/www.smedemokrati.sk\/vyzva-na-stiahnutie-navrhu-na-mimoriadnu-schodzu\/#primaryimage\"},\"image\":{\"@id\":\"https:\/\/www.smedemokrati.sk\/vyzva-na-stiahnutie-navrhu-na-mimoriadnu-schodzu\/#primaryimage\"},\"thumbnailUrl\":\"https:\/\/www.smedemokrati.sk\/wp-content\/uploads\/2023\/04\/Images_web_portety_JS.jpg\",\"datePublished\":\"2023-05-28T13:20:42+00:00\",\"dateModified\":\"2023-05-28T13:20:43+00:00\",\"breadcrumb\":{\"@id\":\"https:\/\/www.smedemokrati.sk\/vyzva-na-stiahnutie-navrhu-na-mimoriadnu-schodzu\/#breadcrumb\"},\"inLanguage\":\"en-US\",\"potentialAction\":[{\"@type\":\"ReadAction\",\"target\":[\"https:\/\/www.smedemokrati.sk\/vyzva-na-stiahnutie-navrhu-na-mimoriadnu-schodzu\/\"]}]},{\"@type\":\"ImageObject\",\"inLanguage\":\"en-US\",\"@id\":\"https:\/\/www.smedemokrati.sk\/vyzva-na-stiahnutie-navrhu-na-mimoriadnu-schodzu\/#primaryimage\",\"url\":\"https:\/\/www.smedemokrati.sk\/wp-content\/uploads\/2023\/04\/Images_web_portety_JS.jpg\",\"contentUrl\":\"https:\/\/www.smedemokrati.sk\/wp-content\/uploads\/2023\/04\/Images_web_portety_JS.jpg\",\"width\":1520,\"height\":1080},{\"@type\":\"BreadcrumbList\",\"@id\":\"https:\/\/www.smedemokrati.sk\/vyzva-na-stiahnutie-navrhu-na-mimoriadnu-schodzu\/#breadcrumb\",\"itemListElement\":[{\"@type\":\"ListItem\",\"position\":1,\"name\":\"Domovsk\u00e1 str\u00e1nka\",\"item\":\"https:\/\/www.smedemokrati.sk\/\"},{\"@type\":\"ListItem\",\"position\":2,\"name\":\"V\u00fdzva na stiahnutie n\u00e1vrhu na mimoriadnu sch\u00f4dzu\"}]},{\"@type\":\"WebSite\",\"@id\":\"https:\/\/www.smedemokrati.sk\/#website\",\"url\":\"https:\/\/www.smedemokrati.sk\/\",\"name\":\"Smedemokrati.sk\",\"description\":\"Demokracia a slu\u0161nos\u0165 zv\u00ed\u0165az\u00ed\",\"publisher\":{\"@id\":\"https:\/\/www.smedemokrati.sk\/#organization\"},\"potentialAction\":[{\"@type\":\"SearchAction\",\"target\":{\"@type\":\"EntryPoint\",\"urlTemplate\":\"https:\/\/www.smedemokrati.sk\/?s={search_term_string}\"},\"query-input\":{\"@type\":\"PropertyValueSpecification\",\"valueRequired\":true,\"valueName\":\"search_term_string\"}}],\"inLanguage\":\"en-US\"},{\"@type\":\"Organization\",\"@id\":\"https:\/\/www.smedemokrati.sk\/#organization\",\"name\":\"Smedemokrati.sk\",\"url\":\"https:\/\/www.smedemokrati.sk\/\",\"logo\":{\"@type\":\"ImageObject\",\"inLanguage\":\"en-US\",\"@id\":\"https:\/\/www.smedemokrati.sk\/#\/schema\/logo\/image\/\",\"url\":\"https:\/\/www.smedemokrati.sk\/wp-content\/uploads\/2023\/04\/ff.002.jpeg\",\"contentUrl\":\"https:\/\/www.smedemokrati.sk\/wp-content\/uploads\/2023\/04\/ff.002.jpeg\",\"width\":640,\"height\":480,\"caption\":\"Smedemokrati.sk\"},\"image\":{\"@id\":\"https:\/\/www.smedemokrati.sk\/#\/schema\/logo\/image\/\"},\"sameAs\":[\"https:\/\/www.facebook.com\/smedemokrati2023\"]},{\"@type\":\"Person\",\"@id\":\"https:\/\/www.smedemokrati.sk\/#\/schema\/person\/c60720f4b9955b3c1ed222ebd1fbbc7c\",\"name\":\"Tom\u00e1\u0161 Koppl\",\"image\":{\"@type\":\"ImageObject\",\"inLanguage\":\"en-US\",\"@id\":\"https:\/\/secure.gravatar.com\/avatar\/8dfa38373c5e39821baf74c8e867a6f12e12c6dab6559aa999d10703b0b1c4ce?s=96&d=mm&r=g\",\"url\":\"https:\/\/secure.gravatar.com\/avatar\/8dfa38373c5e39821baf74c8e867a6f12e12c6dab6559aa999d10703b0b1c4ce?s=96&d=mm&r=g\",\"contentUrl\":\"https:\/\/secure.gravatar.com\/avatar\/8dfa38373c5e39821baf74c8e867a6f12e12c6dab6559aa999d10703b0b1c4ce?s=96&d=mm&r=g\",\"caption\":\"Tom\u00e1\u0161 Koppl\"},\"url\":\"https:\/\/www.smedemokrati.sk\/en\/author\/tomaskoppl\/\"}]}<\/script>\n<!-- \/ Yoast SEO plugin. -->","yoast_head_json":{"title":"V\u00fdzva na stiahnutie n\u00e1vrhu na mimoriadnu sch\u00f4dzu - Smedemokrati.sk","robots":{"index":"index","follow":"follow","max-snippet":"max-snippet:-1","max-image-preview":"max-image-preview:large","max-video-preview":"max-video-preview:-1"},"canonical":"https:\/\/www.smedemokrati.sk\/en\/vyzva-na-stiahnutie-navrhu-na-mimoriadnu-schodzu\/","og_locale":"en_US","og_type":"article","og_title":"V\u00fdzva na stiahnutie n\u00e1vrhu na mimoriadnu sch\u00f4dzu - Smedemokrati.sk","og_description":"O\u013dANO zvol\u00e1va mimoriadnu sch\u00f4dzu a v zverejnenom programe navrhuje, aby sa zajtra rokovalo o Tarabovej novele Trestn\u00e9ho poriadku, ktor\u00e1 fakticky ru\u0161\u00ed \u00darad \u0161peci\u00e1lnej prokurat\u00fary. Zaradili to ako prv\u00fd bod mimoriadnej sch\u00f4dze.\u00a0 Proti tomuto n\u00e1vrhu z\u00e1kona bojujem od novembra a podarilo sa dosiahnu\u0165 jeho stiahnutie z 90. sch\u00f4dze. T\u00fdm p\u00e1dom fakticky nemal \u0161ancu prejs\u0165 v tomto [&hellip;]","og_url":"https:\/\/www.smedemokrati.sk\/en\/vyzva-na-stiahnutie-navrhu-na-mimoriadnu-schodzu\/","og_site_name":"Smedemokrati.sk","article_publisher":"https:\/\/www.facebook.com\/smedemokrati2023","article_published_time":"2023-05-28T13:20:42+00:00","article_modified_time":"2023-05-28T13:20:43+00:00","og_image":[{"width":1520,"height":1080,"url":"https:\/\/www.smedemokrati.sk\/wp-content\/uploads\/2023\/04\/Images_web_portety_JS.jpg","type":"image\/jpeg"}],"author":"Tom\u00e1\u0161 Koppl","twitter_card":"summary_large_image","twitter_misc":{"Written by":"Tom\u00e1\u0161 Koppl","Est. reading time":"2 minutes"},"schema":{"@context":"https:\/\/schema.org","@graph":[{"@type":"Article","@id":"https:\/\/www.smedemokrati.sk\/vyzva-na-stiahnutie-navrhu-na-mimoriadnu-schodzu\/#article","isPartOf":{"@id":"https:\/\/www.smedemokrati.sk\/vyzva-na-stiahnutie-navrhu-na-mimoriadnu-schodzu\/"},"author":{"name":"Tom\u00e1\u0161 Koppl","@id":"https:\/\/www.smedemokrati.sk\/#\/schema\/person\/c60720f4b9955b3c1ed222ebd1fbbc7c"},"headline":"V\u00fdzva na stiahnutie n\u00e1vrhu na mimoriadnu sch\u00f4dzu","datePublished":"2023-05-28T13:20:42+00:00","dateModified":"2023-05-28T13:20:43+00:00","mainEntityOfPage":{"@id":"https:\/\/www.smedemokrati.sk\/vyzva-na-stiahnutie-navrhu-na-mimoriadnu-schodzu\/"},"wordCount":263,"publisher":{"@id":"https:\/\/www.smedemokrati.sk\/#organization"},"image":{"@id":"https:\/\/www.smedemokrati.sk\/vyzva-na-stiahnutie-navrhu-na-mimoriadnu-schodzu\/#primaryimage"},"thumbnailUrl":"https:\/\/www.smedemokrati.sk\/wp-content\/uploads\/2023\/04\/Images_web_portety_JS.jpg","articleSection":["Tla\u010dov\u00e9 spr\u00e1vy"],"inLanguage":"en-US"},{"@type":"WebPage","@id":"https:\/\/www.smedemokrati.sk\/vyzva-na-stiahnutie-navrhu-na-mimoriadnu-schodzu\/","url":"https:\/\/www.smedemokrati.sk\/vyzva-na-stiahnutie-navrhu-na-mimoriadnu-schodzu\/","name":"V\u00fdzva na stiahnutie n\u00e1vrhu na mimoriadnu sch\u00f4dzu - Smedemokrati.sk","isPartOf":{"@id":"https:\/\/www.smedemokrati.sk\/#website"},"primaryImageOfPage":{"@id":"https:\/\/www.smedemokrati.sk\/vyzva-na-stiahnutie-navrhu-na-mimoriadnu-schodzu\/#primaryimage"},"image":{"@id":"https:\/\/www.smedemokrati.sk\/vyzva-na-stiahnutie-navrhu-na-mimoriadnu-schodzu\/#primaryimage"},"thumbnailUrl":"https:\/\/www.smedemokrati.sk\/wp-content\/uploads\/2023\/04\/Images_web_portety_JS.jpg","datePublished":"2023-05-28T13:20:42+00:00","dateModified":"2023-05-28T13:20:43+00:00","breadcrumb":{"@id":"https:\/\/www.smedemokrati.sk\/vyzva-na-stiahnutie-navrhu-na-mimoriadnu-schodzu\/#breadcrumb"},"inLanguage":"en-US","potentialAction":[{"@type":"ReadAction","target":["https:\/\/www.smedemokrati.sk\/vyzva-na-stiahnutie-navrhu-na-mimoriadnu-schodzu\/"]}]},{"@type":"ImageObject","inLanguage":"en-US","@id":"https:\/\/www.smedemokrati.sk\/vyzva-na-stiahnutie-navrhu-na-mimoriadnu-schodzu\/#primaryimage","url":"https:\/\/www.smedemokrati.sk\/wp-content\/uploads\/2023\/04\/Images_web_portety_JS.jpg","contentUrl":"https:\/\/www.smedemokrati.sk\/wp-content\/uploads\/2023\/04\/Images_web_portety_JS.jpg","width":1520,"height":1080},{"@type":"BreadcrumbList","@id":"https:\/\/www.smedemokrati.sk\/vyzva-na-stiahnutie-navrhu-na-mimoriadnu-schodzu\/#breadcrumb","itemListElement":[{"@type":"ListItem","position":1,"name":"Domovsk\u00e1 str\u00e1nka","item":"https:\/\/www.smedemokrati.sk\/"},{"@type":"ListItem","position":2,"name":"V\u00fdzva na stiahnutie n\u00e1vrhu na mimoriadnu sch\u00f4dzu"}]},{"@type":"WebSite","@id":"https:\/\/www.smedemokrati.sk\/#website","url":"https:\/\/www.smedemokrati.sk\/","name":"Smedemokrati.sk","description":"Demokracia a slu\u0161nos\u0165 zv\u00ed\u0165az\u00ed","publisher":{"@id":"https:\/\/www.smedemokrati.sk\/#organization"},"potentialAction":[{"@type":"SearchAction","target":{"@type":"EntryPoint","urlTemplate":"https:\/\/www.smedemokrati.sk\/?s={search_term_string}"},"query-input":{"@type":"PropertyValueSpecification","valueRequired":true,"valueName":"search_term_string"}}],"inLanguage":"en-US"},{"@type":"Organization","@id":"https:\/\/www.smedemokrati.sk\/#organization","name":"Smedemokrati.sk","url":"https:\/\/www.smedemokrati.sk\/","logo":{"@type":"ImageObject","inLanguage":"en-US","@id":"https:\/\/www.smedemokrati.sk\/#\/schema\/logo\/image\/","url":"https:\/\/www.smedemokrati.sk\/wp-content\/uploads\/2023\/04\/ff.002.jpeg","contentUrl":"https:\/\/www.smedemokrati.sk\/wp-content\/uploads\/2023\/04\/ff.002.jpeg","width":640,"height":480,"caption":"Smedemokrati.sk"},"image":{"@id":"https:\/\/www.smedemokrati.sk\/#\/schema\/logo\/image\/"},"sameAs":["https:\/\/www.facebook.com\/smedemokrati2023"]},{"@type":"Person","@id":"https:\/\/www.smedemokrati.sk\/#\/schema\/person\/c60720f4b9955b3c1ed222ebd1fbbc7c","name":"Tom\u00e1\u0161 Koppl","image":{"@type":"ImageObject","inLanguage":"en-US","@id":"https:\/\/secure.gravatar.com\/avatar\/8dfa38373c5e39821baf74c8e867a6f12e12c6dab6559aa999d10703b0b1c4ce?s=96&d=mm&r=g","url":"https:\/\/secure.gravatar.com\/avatar\/8dfa38373c5e39821baf74c8e867a6f12e12c6dab6559aa999d10703b0b1c4ce?s=96&d=mm&r=g","contentUrl":"https:\/\/secure.gravatar.com\/avatar\/8dfa38373c5e39821baf74c8e867a6f12e12c6dab6559aa999d10703b0b1c4ce?s=96&d=mm&r=g","caption":"Tom\u00e1\u0161 Koppl"},"url":"https:\/\/www.smedemokrati.sk\/en\/author\/tomaskoppl\/"}]}},"_links":{"self":[{"href":"https:\/\/www.smedemokrati.sk\/en\/wp-json\/wp\/v2\/posts\/1019","targetHints":{"allow":["GET"]}}],"collection":[{"href":"https:\/\/www.smedemokrati.sk\/en\/wp-json\/wp\/v2\/posts"}],"about":[{"href":"https:\/\/www.smedemokrati.sk\/en\/wp-json\/wp\/v2\/types\/post"}],"author":[{"embeddable":true,"href":"https:\/\/www.smedemokrati.sk\/en\/wp-json\/wp\/v2\/users\/7"}],"replies":[{"embeddable":true,"href":"https:\/\/www.smedemokrati.sk\/en\/wp-json\/wp\/v2\/comments?post=1019"}],"version-history":[{"count":1,"href":"https:\/\/www.smedemokrati.sk\/en\/wp-json\/wp\/v2\/posts\/1019\/revisions"}],"predecessor-version":[{"id":1020,"href":"https:\/\/www.smedemokrati.sk\/en\/wp-json\/wp\/v2\/posts\/1019\/revisions\/1020"}],"wp:featuredmedia":[{"embeddable":true,"href":"https:\/\/www.smedemokrati.sk\/en\/wp-json\/wp\/v2\/media\/930"}],"wp:attachment":[{"href":"https:\/\/www.smedemokrati.sk\/en\/wp-json\/wp\/v2\/media?parent=1019"}],"wp:term":[{"taxonomy":"category","embeddable":true,"href":"https:\/\/www.smedemokrati.sk\/en\/wp-json\/wp\/v2\/categories?post=1019"},{"taxonomy":"post_tag","embeddable":true,"href":"https:\/\/www.smedemokrati.sk\/en\/wp-json\/wp\/v2\/tags?post=1019"}],"curies":[{"name":"wp","href":"https:\/\/api.w.org\/{rel}","templated":true}]}}