{"id":10021,"date":"2026-09-03T18:13:33","date_gmt":"2026-09-03T17:13:33","guid":{"rendered":"https:\/\/www.smedemokrati.sk\/?p=10021"},"modified":"2026-09-03T18:13:49","modified_gmt":"2026-09-03T17:13:49","slug":"demokrati-ziadaju-bezpecnostny-audit-kritickej-infrastruktury-varuju-pred-podcenovanim-hybridnych-hrozieb","status":"publish","type":"post","link":"https:\/\/www.smedemokrati.sk\/en\/demokrati-ziadaju-bezpecnostny-audit-kritickej-infrastruktury-varuju-pred-podcenovanim-hybridnych-hrozieb\/","title":{"rendered":"Demokrati \u017eiadaj\u00fa bezpe\u010dnostn\u00fd audit kritickej infra\u0161trukt\u00fary. Varuj\u00fa pred podce\u0148ovan\u00edm hybridn\u00fdch hrozieb"},"content":{"rendered":"<div id=\"fb-root\"><\/div>\n\n<p class=\"wp-block-paragraph\"><strong>Demokrati d\u00f4razne \u017eiadaj\u00fa vl\u00e1du, aby bezodkladne preverila pripravenos\u0165 Slovenska na rast\u00face hybridn\u00e9 bezpe\u010dnostn\u00e9 hrozby a nariadila bezpe\u010dnostn\u00fd audit kritickej a strategickej infra\u0161trukt\u00fary. Reaguj\u00fa na s\u00e9riu udalost\u00ed v Eur\u00f3pe vr\u00e1tane zmaren\u00e9ho \u00fatoku dronom na letisku Lipsko\/Halle a pripravovan\u00e9ho podpa\u013ea\u010dsk\u00e9ho \u00fatoku na z\u00e1vod vyr\u00e1baj\u00faci bezpilotn\u00e9 syst\u00e9my na v\u00fdchode Slovenska.<\/strong><\/p>\n\n\n\n<p class=\"wp-block-paragraph\">Demokrati upozor\u0148uj\u00fa, \u017ee hybridn\u00e9 hrozby dnes nepredstavuj\u00fa iba kybernetick\u00e9 \u00fatoky \u010di dezinform\u00e1cie. Rizikom s\u00fa aj sabot\u00e1\u017e, \u00fatoky na strategick\u00e9 podniky, dronov\u00e9 incidenty \u010di z\u00e1sahy proti energetickej, dopravnej a komunika\u010dnej infra\u0161trukt\u00fare. Ich d\u00f4sledkom m\u00f4\u017eu by\u0165 rozsiahle materi\u00e1lne \u0161kody, v\u00fdpadky z\u00e1kladn\u00fdch slu\u017eieb a ohrozenie \u017eivota a zdravia obyvate\u013eov.<\/p>\n\n\n\n<p class=\"wp-block-paragraph\"><em>\u201eVl\u00e1da nem\u00f4\u017ee \u010daka\u0165, k\u00fdm sa \u00fatok na slovensk\u00fa kritick\u00fa infra\u0161trukt\u00faru skuto\u010dne stane. \u017diadame preto, aby Bezpe\u010dnostn\u00e1 rada SR bezodkladne vyhodnotila pripravenos\u0165 \u0161t\u00e1tu a aby vl\u00e1da nariadila komplexn\u00fd bezpe\u010dnostn\u00fd audit kritickej a strategickej infra\u0161trukt\u00fary. Mus\u00edme presne vedie\u0165, kde m\u00e1me slab\u00e9 miesta, kto je za ich odstr\u00e1nenie zodpovedn\u00fd a dokedy bud\u00fa odstr\u00e1nen\u00e9,\u201c<\/em>&nbsp;uviedol podpredseda strany Juraj \u0160eliga.<\/p>\n\n\n\n<p class=\"wp-block-paragraph\">Pod\u013ea Demokratov nesta\u010d\u00ed ma\u0165 bezpe\u010dnostn\u00e9 pl\u00e1ny iba na papieri. Audit mus\u00ed preveri\u0165 re\u00e1lnu schopnos\u0165 prev\u00e1dzkovate\u013eov reagova\u0165 na dronov\u00e9 \u00fatoky, fyzick\u00fa sabot\u00e1\u017e, kybernetick\u00e9 \u00fatoky \u010di ich kombin\u00e1ciu.<\/p>\n\n\n\n<p class=\"wp-block-paragraph\"><em>\u201eChceme, aby vl\u00e1da do 30 dn\u00ed predlo\u017eila prv\u00e9 v\u00fdsledky auditu a konkr\u00e9tny pl\u00e1n odstr\u00e1nenia zisten\u00fdch nedostatkov. Nehovor\u00edme o \u010fal\u0161om dokumente do \u0161upl\u00edka. \u0160t\u00e1t mus\u00ed preveri\u0165 ochranu elektr\u00e1rn\u00ed, nemocn\u00edc, let\u00edsk, \u017eelezn\u00edc, vod\u00e1renskej a komunika\u010dnej infra\u0161trukt\u00fary a strategick\u00fdch podnikov. Ak dnes nevieme garantova\u0165 ich ochranu, mus\u00edme to vedie\u0165 a mus\u00edme kona\u0165,\u201c&nbsp;<\/em>doplnil \u0160eliga.<\/p>\n\n\n\n<p class=\"wp-block-paragraph\">V Nemecku vl\u00e1da tento t\u00fd\u017ede\u0148 ofici\u00e1lne prip\u00edsala Rusku zodpovednos\u0165 za zmaren\u00fd \u00fatok v\u00fdbu\u0161n\u00fdm dronom na letisku Lipsko\/Halle. Na Slovensku pol\u00edcia koncom augusta informovala o zmarenom pripravovanom podpa\u013ea\u010dskom \u00fatoku na v\u00fdrobn\u00fd z\u00e1vod na v\u00fdchode krajiny, kde sa vyr\u00e1baj\u00fa bezpilotn\u00e9 syst\u00e9my.<\/p>\n\n\n\n<p class=\"wp-block-paragraph\">\u201eSlovensko si nem\u00f4\u017ee nahov\u00e1ra\u0165, \u017ee hybridn\u00e9 hrozby sa n\u00e1s net\u00fdkaj\u00fa. Sme s\u00fa\u010das\u0165ou E\u00da a NATO a m\u00e1me strategick\u00e9 podniky, energetick\u00fa infra\u0161trukt\u00faru, dopravn\u00e9 uzly aj v\u00fdrobn\u00e9 kapacity, ktor\u00e9 m\u00f4\u017eu by\u0165 pre protivn\u00edka zauj\u00edmav\u00fdm cie\u013eom. \u00dalohou vl\u00e1dy je pripravi\u0165 \u0161t\u00e1t na \u00fatok sk\u00f4r, ako pr\u00edde, nie a\u017e po tom, \u010do nie\u010do vybuchne, zhor\u00ed alebo prestane fungova\u0165,\u201c uviedol predseda strany a exminister obrany Jaroslav Na\u010f.<\/p>\n\n\n\n<p class=\"wp-block-paragraph\">Demokrati z\u00e1rove\u0148 upozor\u0148uj\u00fa, \u017ee ochrana kritickej infra\u0161trukt\u00fary mus\u00ed by\u0165 komplexn\u00e1 a nem\u00f4\u017ee sa obmedzova\u0165 iba na fyzick\u00e9 str\u00e1\u017eenie objektov.<\/p>\n\n\n\n<p class=\"wp-block-paragraph\"><em>\u201eVl\u00e1da mus\u00ed preveri\u0165, \u010di m\u00e1me dostato\u010dn\u00e9 kapacity na detekciu a elimin\u00e1ciu dronov, ochranu strategick\u00fdch objektov pred sabot\u00e1\u017eou a kybernetick\u00fdmi \u00fatokmi a \u010di medzi pol\u00edciou, arm\u00e1dou, spravodajsk\u00fdmi slu\u017ebami a prev\u00e1dzkovate\u013emi kritickej infra\u0161trukt\u00fary funguje potrebn\u00e1 koordin\u00e1cia. Z\u00e1rove\u0148 treba jasne ur\u010di\u0165, kto a ako bude kona\u0165 v prv\u00fdch min\u00fatach a hodin\u00e1ch po \u00fatoku,\u201c&nbsp;<\/em>povedal Na\u010f.<\/p>\n\n\n\n<p class=\"wp-block-paragraph\"><strong><u>Demokrati preto \u017eiadaj\u00fa vl\u00e1du, aby:<\/u><\/strong><\/p>\n\n\n\n<ul class=\"wp-block-list\">\n<li>bezodkladne zvolala Bezpe\u010dnostn\u00fa radu SR a prerokovala aktu\u00e1lnu \u00farove\u0148 hybridn\u00fdch hrozieb vo\u010di Slovensku,<\/li>\n\n\n\n<li>nariadila bezpe\u010dnostn\u00fd audit kritickej a strategickej infra\u0161trukt\u00fary vr\u00e1tane energetiky, dopravy, nemocn\u00edc, vod\u00e1renskej infra\u0161trukt\u00fary, komunik\u00e1ci\u00ed a strategick\u00fdch podnikov,<\/li>\n\n\n\n<li>preverila ochranu t\u00fdchto objektov pred dronov\u00fdmi \u00fatokmi, sabot\u00e1\u017eou a kybernetick\u00fdmi \u00fatokmi,<\/li>\n\n\n\n<li>otestovala pripravenos\u0165 prev\u00e1dzkovate\u013eov na kombinovan\u00e9 hybridn\u00e9 incidenty a preverila koordin\u00e1ciu pol\u00edcie, ozbrojen\u00fdch s\u00edl, spravodajsk\u00fdch slu\u017eieb, hasi\u010dov a prev\u00e1dzkovate\u013eov infra\u0161trukt\u00fary,<\/li>\n\n\n\n<li>a do 30 dn\u00ed predlo\u017eila prv\u00e9 v\u00fdsledky auditu spolu s konkr\u00e9tnym harmonogramom odstr\u00e1nenia zisten\u00fdch nedostatkov.<\/li>\n<\/ul>\n\n\n<div id=\"fb-root\"><\/div><script async defer crossorigin=\"anonymous\" src=\"https:\/\/connect.facebook.net\/sk_SK\/sdk.js#xfbml=1&version=v18.0\"><\/script><div class=\"fb-video\" data-href=\"https:\/\/fb.watch\/Jp1SlSn9HG\" data-width=\"560\" data-show-text=\"false\"><blockquote cite=\"https:\/\/fb.watch\/Jp1SlSn9HG\" class=\"fb-xfbml-parse-ignore\"><a href=\"https:\/\/fb.watch\/Jp1SlSn9HG\">Video<\/a><\/blockquote><\/div>\n","protected":false},"excerpt":{"rendered":"<p>Demokrati d\u00f4razne \u017eiadaj\u00fa vl\u00e1du, aby bezodkladne preverila pripravenos\u0165 Slovenska na rast\u00face hybridn\u00e9 bezpe\u010dnostn\u00e9 hrozby a nariadila bezpe\u010dnostn\u00fd audit kritickej a strategickej infra\u0161trukt\u00fary. Reaguj\u00fa na s\u00e9riu udalost\u00ed v Eur\u00f3pe vr\u00e1tane zmaren\u00e9ho \u00fatoku dronom na letisku Lipsko\/Halle a pripravovan\u00e9ho podpa\u013ea\u010dsk\u00e9ho \u00fatoku na z\u00e1vod vyr\u00e1baj\u00faci bezpilotn\u00e9 syst\u00e9my na v\u00fdchode Slovenska. Demokrati upozor\u0148uj\u00fa, \u017ee hybridn\u00e9 hrozby dnes nepredstavuj\u00fa iba [&hellip;]<\/p>\n","protected":false},"author":13,"featured_media":10022,"comment_status":"closed","ping_status":"closed","sticky":false,"template":"","format":"standard","meta":{"_acf_changed":false,"ngg_post_thumbnail":0,"footnotes":""},"categories":[4],"tags":[],"class_list":["post-10021","post","type-post","status-publish","format-standard","has-post-thumbnail","hentry","category-tlacove-spravy"],"acf":[],"yoast_head":"<!-- This site is optimized with the Yoast SEO plugin v28.4 - https:\/\/yoast.com\/product\/yoast-seo-wordpress\/ -->\n<title>Demokrati \u017eiadaj\u00fa bezpe\u010dnostn\u00fd audit kritickej infra\u0161trukt\u00fary<\/title>\n<meta name=\"description\" content=\"Demokrati d\u00f4razne \u017eiadaj\u00fa vl\u00e1du, aby bezodkladne preverila pripravenos\u0165 Slovenska na rast\u00face hybridn\u00e9 bezpe\u010dnostn\u00e9 hrozby a nariadila bezpe\u010dnostn\u00fd audit kritickej a strategickej infra\u0161trukt\u00fary. Reaguj\u00fa na s\u00e9riu udalost\u00ed v Eur\u00f3pe vr\u00e1tane zmaren\u00e9ho \u00fatoku dronom na letisku Lipsko\/Halle a pripravovan\u00e9ho podpa\u013ea\u010dsk\u00e9ho \u00fatoku na z\u00e1vod vyr\u00e1baj\u00faci bezpilotn\u00e9 syst\u00e9my na v\u00fdchode Slovenska.\" \/>\n<meta name=\"robots\" content=\"index, follow, max-snippet:-1, max-image-preview:large, max-video-preview:-1\" \/>\n<link rel=\"canonical\" href=\"https:\/\/www.smedemokrati.sk\/en\/demokrati-ziadaju-bezpecnostny-audit-kritickej-infrastruktury-varuju-pred-podcenovanim-hybridnych-hrozieb\/\" \/>\n<meta property=\"og:locale\" content=\"en_US\" \/>\n<meta property=\"og:locale:alternate\" content=\"cs_CZ\" \/>\n<meta property=\"og:locale:alternate\" content=\"hu_HU\" \/>\n<meta property=\"og:locale:alternate\" content=\"sk_SK\" \/>\n<meta property=\"og:locale:alternate\" content=\"sv_SE\" \/>\n<meta property=\"og:type\" content=\"article\" \/>\n<meta property=\"og:title\" content=\"Demokrati \u017eiadaj\u00fa bezpe\u010dnostn\u00fd audit kritickej infra\u0161trukt\u00fary\" \/>\n<meta property=\"og:description\" content=\"Demokrati d\u00f4razne \u017eiadaj\u00fa vl\u00e1du, aby bezodkladne preverila pripravenos\u0165 Slovenska na rast\u00face hybridn\u00e9 bezpe\u010dnostn\u00e9 hrozby a nariadila bezpe\u010dnostn\u00fd audit kritickej a strategickej infra\u0161trukt\u00fary. Reaguj\u00fa na s\u00e9riu udalost\u00ed v Eur\u00f3pe vr\u00e1tane zmaren\u00e9ho \u00fatoku dronom na letisku Lipsko\/Halle a pripravovan\u00e9ho podpa\u013ea\u010dsk\u00e9ho \u00fatoku na z\u00e1vod vyr\u00e1baj\u00faci bezpilotn\u00e9 syst\u00e9my na v\u00fdchode Slovenska.\" \/>\n<meta property=\"og:url\" content=\"https:\/\/www.smedemokrati.sk\/en\/demokrati-ziadaju-bezpecnostny-audit-kritickej-infrastruktury-varuju-pred-podcenovanim-hybridnych-hrozieb\/\" \/>\n<meta property=\"og:site_name\" content=\"Smedemokrati.sk\" \/>\n<meta property=\"article:publisher\" content=\"https:\/\/www.facebook.com\/smedemokrati2023\" \/>\n<meta property=\"article:published_time\" content=\"2026-09-03T17:13:33+00:00\" \/>\n<meta property=\"article:modified_time\" content=\"2026-09-03T17:13:49+00:00\" \/>\n<meta property=\"og:image\" content=\"https:\/\/www.smedemokrati.sk\/wp-content\/uploads\/2026\/09\/bezpecnostna_rada.jpg\" \/>\n\t<meta property=\"og:image:width\" content=\"960\" \/>\n\t<meta property=\"og:image:height\" content=\"540\" \/>\n\t<meta property=\"og:image:type\" content=\"image\/jpeg\" \/>\n<meta name=\"author\" content=\"miro.sopko\" \/>\n<meta name=\"twitter:card\" content=\"summary_large_image\" \/>\n<meta name=\"twitter:label1\" content=\"Written by\" \/>\n\t<meta name=\"twitter:data1\" content=\"miro.sopko\" \/>\n\t<meta name=\"twitter:label2\" content=\"Est. reading time\" \/>\n\t<meta name=\"twitter:data2\" content=\"3 minutes\" \/>\n<script type=\"application\/ld+json\" class=\"yoast-schema-graph\">{\"@context\":\"https:\\\/\\\/schema.org\",\"@graph\":[{\"@type\":\"Article\",\"@id\":\"https:\\\/\\\/www.smedemokrati.sk\\\/demokrati-ziadaju-bezpecnostny-audit-kritickej-infrastruktury-varuju-pred-podcenovanim-hybridnych-hrozieb\\\/#article\",\"isPartOf\":{\"@id\":\"https:\\\/\\\/www.smedemokrati.sk\\\/demokrati-ziadaju-bezpecnostny-audit-kritickej-infrastruktury-varuju-pred-podcenovanim-hybridnych-hrozieb\\\/\"},\"author\":{\"name\":\"miro.sopko\",\"@id\":\"https:\\\/\\\/www.smedemokrati.sk\\\/#\\\/schema\\\/person\\\/21f147c88d605aa7ded900e1e7c344ba\"},\"headline\":\"Demokrati \u017eiadaj\u00fa bezpe\u010dnostn\u00fd audit kritickej infra\u0161trukt\u00fary. Varuj\u00fa pred podce\u0148ovan\u00edm hybridn\u00fdch hrozieb\",\"datePublished\":\"2026-09-03T17:13:33+00:00\",\"dateModified\":\"2026-09-03T17:13:49+00:00\",\"mainEntityOfPage\":{\"@id\":\"https:\\\/\\\/www.smedemokrati.sk\\\/demokrati-ziadaju-bezpecnostny-audit-kritickej-infrastruktury-varuju-pred-podcenovanim-hybridnych-hrozieb\\\/\"},\"wordCount\":685,\"publisher\":{\"@id\":\"https:\\\/\\\/www.smedemokrati.sk\\\/#organization\"},\"image\":{\"@id\":\"https:\\\/\\\/www.smedemokrati.sk\\\/demokrati-ziadaju-bezpecnostny-audit-kritickej-infrastruktury-varuju-pred-podcenovanim-hybridnych-hrozieb\\\/#primaryimage\"},\"thumbnailUrl\":\"https:\\\/\\\/www.smedemokrati.sk\\\/wp-content\\\/uploads\\\/2026\\\/09\\\/bezpecnostna_rada.jpg\",\"articleSection\":[\"Tla\u010dov\u00e9 spr\u00e1vy\"],\"inLanguage\":\"en-US\"},{\"@type\":\"WebPage\",\"@id\":\"https:\\\/\\\/www.smedemokrati.sk\\\/demokrati-ziadaju-bezpecnostny-audit-kritickej-infrastruktury-varuju-pred-podcenovanim-hybridnych-hrozieb\\\/\",\"url\":\"https:\\\/\\\/www.smedemokrati.sk\\\/demokrati-ziadaju-bezpecnostny-audit-kritickej-infrastruktury-varuju-pred-podcenovanim-hybridnych-hrozieb\\\/\",\"name\":\"Demokrati \u017eiadaj\u00fa bezpe\u010dnostn\u00fd audit kritickej infra\u0161trukt\u00fary\",\"isPartOf\":{\"@id\":\"https:\\\/\\\/www.smedemokrati.sk\\\/#website\"},\"primaryImageOfPage\":{\"@id\":\"https:\\\/\\\/www.smedemokrati.sk\\\/demokrati-ziadaju-bezpecnostny-audit-kritickej-infrastruktury-varuju-pred-podcenovanim-hybridnych-hrozieb\\\/#primaryimage\"},\"image\":{\"@id\":\"https:\\\/\\\/www.smedemokrati.sk\\\/demokrati-ziadaju-bezpecnostny-audit-kritickej-infrastruktury-varuju-pred-podcenovanim-hybridnych-hrozieb\\\/#primaryimage\"},\"thumbnailUrl\":\"https:\\\/\\\/www.smedemokrati.sk\\\/wp-content\\\/uploads\\\/2026\\\/09\\\/bezpecnostna_rada.jpg\",\"datePublished\":\"2026-09-03T17:13:33+00:00\",\"dateModified\":\"2026-09-03T17:13:49+00:00\",\"description\":\"Demokrati d\u00f4razne \u017eiadaj\u00fa vl\u00e1du, aby bezodkladne preverila pripravenos\u0165 Slovenska na rast\u00face hybridn\u00e9 bezpe\u010dnostn\u00e9 hrozby a nariadila bezpe\u010dnostn\u00fd audit kritickej a strategickej infra\u0161trukt\u00fary. Reaguj\u00fa na s\u00e9riu udalost\u00ed v Eur\u00f3pe vr\u00e1tane zmaren\u00e9ho \u00fatoku dronom na letisku Lipsko\\\/Halle a pripravovan\u00e9ho podpa\u013ea\u010dsk\u00e9ho \u00fatoku na z\u00e1vod vyr\u00e1baj\u00faci bezpilotn\u00e9 syst\u00e9my na v\u00fdchode Slovenska.\",\"breadcrumb\":{\"@id\":\"https:\\\/\\\/www.smedemokrati.sk\\\/demokrati-ziadaju-bezpecnostny-audit-kritickej-infrastruktury-varuju-pred-podcenovanim-hybridnych-hrozieb\\\/#breadcrumb\"},\"inLanguage\":\"en-US\",\"potentialAction\":[{\"@type\":\"ReadAction\",\"target\":[\"https:\\\/\\\/www.smedemokrati.sk\\\/demokrati-ziadaju-bezpecnostny-audit-kritickej-infrastruktury-varuju-pred-podcenovanim-hybridnych-hrozieb\\\/\"]}]},{\"@type\":\"ImageObject\",\"inLanguage\":\"en-US\",\"@id\":\"https:\\\/\\\/www.smedemokrati.sk\\\/demokrati-ziadaju-bezpecnostny-audit-kritickej-infrastruktury-varuju-pred-podcenovanim-hybridnych-hrozieb\\\/#primaryimage\",\"url\":\"https:\\\/\\\/www.smedemokrati.sk\\\/wp-content\\\/uploads\\\/2026\\\/09\\\/bezpecnostna_rada.jpg\",\"contentUrl\":\"https:\\\/\\\/www.smedemokrati.sk\\\/wp-content\\\/uploads\\\/2026\\\/09\\\/bezpecnostna_rada.jpg\",\"width\":960,\"height\":540},{\"@type\":\"BreadcrumbList\",\"@id\":\"https:\\\/\\\/www.smedemokrati.sk\\\/demokrati-ziadaju-bezpecnostny-audit-kritickej-infrastruktury-varuju-pred-podcenovanim-hybridnych-hrozieb\\\/#breadcrumb\",\"itemListElement\":[{\"@type\":\"ListItem\",\"position\":1,\"name\":\"Domovsk\u00e1 str\u00e1nka\",\"item\":\"https:\\\/\\\/www.smedemokrati.sk\\\/\"},{\"@type\":\"ListItem\",\"position\":2,\"name\":\"Demokrati \u017eiadaj\u00fa bezpe\u010dnostn\u00fd audit kritickej infra\u0161trukt\u00fary. Varuj\u00fa pred podce\u0148ovan\u00edm hybridn\u00fdch hrozieb\"}]},{\"@type\":\"WebSite\",\"@id\":\"https:\\\/\\\/www.smedemokrati.sk\\\/#website\",\"url\":\"https:\\\/\\\/www.smedemokrati.sk\\\/\",\"name\":\"Smedemokrati.sk\",\"description\":\"Demokracia a slu\u0161nos\u0165 zv\u00ed\u0165az\u00ed\",\"publisher\":{\"@id\":\"https:\\\/\\\/www.smedemokrati.sk\\\/#organization\"},\"potentialAction\":[{\"@type\":\"SearchAction\",\"target\":{\"@type\":\"EntryPoint\",\"urlTemplate\":\"https:\\\/\\\/www.smedemokrati.sk\\\/?s={search_term_string}\"},\"query-input\":{\"@type\":\"PropertyValueSpecification\",\"valueRequired\":true,\"valueName\":\"search_term_string\"}}],\"inLanguage\":\"en-US\"},{\"@type\":\"Organization\",\"@id\":\"https:\\\/\\\/www.smedemokrati.sk\\\/#organization\",\"name\":\"Smedemokrati.sk\",\"url\":\"https:\\\/\\\/www.smedemokrati.sk\\\/\",\"logo\":{\"@type\":\"ImageObject\",\"inLanguage\":\"en-US\",\"@id\":\"https:\\\/\\\/www.smedemokrati.sk\\\/#\\\/schema\\\/logo\\\/image\\\/\",\"url\":\"https:\\\/\\\/www.smedemokrati.sk\\\/wp-content\\\/uploads\\\/2023\\\/04\\\/ff.002.jpeg\",\"contentUrl\":\"https:\\\/\\\/www.smedemokrati.sk\\\/wp-content\\\/uploads\\\/2023\\\/04\\\/ff.002.jpeg\",\"width\":640,\"height\":480,\"caption\":\"Smedemokrati.sk\"},\"image\":{\"@id\":\"https:\\\/\\\/www.smedemokrati.sk\\\/#\\\/schema\\\/logo\\\/image\\\/\"},\"sameAs\":[\"https:\\\/\\\/www.facebook.com\\\/smedemokrati2023\"]},{\"@type\":\"Person\",\"@id\":\"https:\\\/\\\/www.smedemokrati.sk\\\/#\\\/schema\\\/person\\\/21f147c88d605aa7ded900e1e7c344ba\",\"name\":\"miro.sopko\",\"image\":{\"@type\":\"ImageObject\",\"inLanguage\":\"en-US\",\"@id\":\"https:\\\/\\\/secure.gravatar.com\\\/avatar\\\/267e4a36f704376c109afe3a78740c1f5dd8675a2180a908699e7863c9247606?s=96&d=mm&r=g\",\"url\":\"https:\\\/\\\/secure.gravatar.com\\\/avatar\\\/267e4a36f704376c109afe3a78740c1f5dd8675a2180a908699e7863c9247606?s=96&d=mm&r=g\",\"contentUrl\":\"https:\\\/\\\/secure.gravatar.com\\\/avatar\\\/267e4a36f704376c109afe3a78740c1f5dd8675a2180a908699e7863c9247606?s=96&d=mm&r=g\",\"caption\":\"miro.sopko\"},\"url\":\"https:\\\/\\\/www.smedemokrati.sk\\\/en\\\/author\\\/miro-sopko\\\/\"}]}<\/script>\n<!-- \/ Yoast SEO plugin. -->","yoast_head_json":{"title":"Demokrati \u017eiadaj\u00fa bezpe\u010dnostn\u00fd audit kritickej infra\u0161trukt\u00fary","description":"Demokrati d\u00f4razne \u017eiadaj\u00fa vl\u00e1du, aby bezodkladne preverila pripravenos\u0165 Slovenska na rast\u00face hybridn\u00e9 bezpe\u010dnostn\u00e9 hrozby a nariadila bezpe\u010dnostn\u00fd audit kritickej a strategickej infra\u0161trukt\u00fary. Reaguj\u00fa na s\u00e9riu udalost\u00ed v Eur\u00f3pe vr\u00e1tane zmaren\u00e9ho \u00fatoku dronom na letisku Lipsko\/Halle a pripravovan\u00e9ho podpa\u013ea\u010dsk\u00e9ho \u00fatoku na z\u00e1vod vyr\u00e1baj\u00faci bezpilotn\u00e9 syst\u00e9my na v\u00fdchode Slovenska.","robots":{"index":"index","follow":"follow","max-snippet":"max-snippet:-1","max-image-preview":"max-image-preview:large","max-video-preview":"max-video-preview:-1"},"canonical":"https:\/\/www.smedemokrati.sk\/en\/demokrati-ziadaju-bezpecnostny-audit-kritickej-infrastruktury-varuju-pred-podcenovanim-hybridnych-hrozieb\/","og_locale":"en_US","og_type":"article","og_title":"[:sk]Demokrati \u017eiadaj\u00fa bezpe\u010dnostn\u00fd audit kritickej infra\u0161trukt\u00fary[:]","og_description":"[:sk]Demokrati d\u00f4razne \u017eiadaj\u00fa vl\u00e1du, aby bezodkladne preverila pripravenos\u0165 Slovenska na rast\u00face hybridn\u00e9 bezpe\u010dnostn\u00e9 hrozby a nariadila bezpe\u010dnostn\u00fd audit kritickej a strategickej infra\u0161trukt\u00fary. Reaguj\u00fa na s\u00e9riu udalost\u00ed v Eur\u00f3pe vr\u00e1tane zmaren\u00e9ho \u00fatoku dronom na letisku Lipsko\/Halle a pripravovan\u00e9ho podpa\u013ea\u010dsk\u00e9ho \u00fatoku na z\u00e1vod vyr\u00e1baj\u00faci bezpilotn\u00e9 syst\u00e9my na v\u00fdchode Slovenska.[:]","og_url":"https:\/\/www.smedemokrati.sk\/en\/demokrati-ziadaju-bezpecnostny-audit-kritickej-infrastruktury-varuju-pred-podcenovanim-hybridnych-hrozieb\/","og_site_name":"Smedemokrati.sk","article_publisher":"https:\/\/www.facebook.com\/smedemokrati2023","article_published_time":"2026-09-03T17:13:33+00:00","article_modified_time":"2026-09-03T17:13:49+00:00","og_image":[{"width":960,"height":540,"url":"https:\/\/www.smedemokrati.sk\/wp-content\/uploads\/2026\/09\/bezpecnostna_rada.jpg","type":"image\/jpeg"}],"author":"miro.sopko","twitter_card":"summary_large_image","twitter_misc":{"Written by":"miro.sopko","Est. reading time":"3 minutes"},"schema":{"@context":"https:\/\/schema.org","@graph":[{"@type":"Article","@id":"https:\/\/www.smedemokrati.sk\/demokrati-ziadaju-bezpecnostny-audit-kritickej-infrastruktury-varuju-pred-podcenovanim-hybridnych-hrozieb\/#article","isPartOf":{"@id":"https:\/\/www.smedemokrati.sk\/demokrati-ziadaju-bezpecnostny-audit-kritickej-infrastruktury-varuju-pred-podcenovanim-hybridnych-hrozieb\/"},"author":{"name":"miro.sopko","@id":"https:\/\/www.smedemokrati.sk\/#\/schema\/person\/21f147c88d605aa7ded900e1e7c344ba"},"headline":"Demokrati \u017eiadaj\u00fa bezpe\u010dnostn\u00fd audit kritickej infra\u0161trukt\u00fary. Varuj\u00fa pred podce\u0148ovan\u00edm hybridn\u00fdch hrozieb","datePublished":"2026-09-03T17:13:33+00:00","dateModified":"2026-09-03T17:13:49+00:00","mainEntityOfPage":{"@id":"https:\/\/www.smedemokrati.sk\/demokrati-ziadaju-bezpecnostny-audit-kritickej-infrastruktury-varuju-pred-podcenovanim-hybridnych-hrozieb\/"},"wordCount":685,"publisher":{"@id":"https:\/\/www.smedemokrati.sk\/#organization"},"image":{"@id":"https:\/\/www.smedemokrati.sk\/demokrati-ziadaju-bezpecnostny-audit-kritickej-infrastruktury-varuju-pred-podcenovanim-hybridnych-hrozieb\/#primaryimage"},"thumbnailUrl":"https:\/\/www.smedemokrati.sk\/wp-content\/uploads\/2026\/09\/bezpecnostna_rada.jpg","articleSection":["Tla\u010dov\u00e9 spr\u00e1vy"],"inLanguage":"en-US"},{"@type":"WebPage","@id":"https:\/\/www.smedemokrati.sk\/demokrati-ziadaju-bezpecnostny-audit-kritickej-infrastruktury-varuju-pred-podcenovanim-hybridnych-hrozieb\/","url":"https:\/\/www.smedemokrati.sk\/demokrati-ziadaju-bezpecnostny-audit-kritickej-infrastruktury-varuju-pred-podcenovanim-hybridnych-hrozieb\/","name":"Demokrati \u017eiadaj\u00fa bezpe\u010dnostn\u00fd audit kritickej infra\u0161trukt\u00fary","isPartOf":{"@id":"https:\/\/www.smedemokrati.sk\/#website"},"primaryImageOfPage":{"@id":"https:\/\/www.smedemokrati.sk\/demokrati-ziadaju-bezpecnostny-audit-kritickej-infrastruktury-varuju-pred-podcenovanim-hybridnych-hrozieb\/#primaryimage"},"image":{"@id":"https:\/\/www.smedemokrati.sk\/demokrati-ziadaju-bezpecnostny-audit-kritickej-infrastruktury-varuju-pred-podcenovanim-hybridnych-hrozieb\/#primaryimage"},"thumbnailUrl":"https:\/\/www.smedemokrati.sk\/wp-content\/uploads\/2026\/09\/bezpecnostna_rada.jpg","datePublished":"2026-09-03T17:13:33+00:00","dateModified":"2026-09-03T17:13:49+00:00","description":"Demokrati d\u00f4razne \u017eiadaj\u00fa vl\u00e1du, aby bezodkladne preverila pripravenos\u0165 Slovenska na rast\u00face hybridn\u00e9 bezpe\u010dnostn\u00e9 hrozby a nariadila bezpe\u010dnostn\u00fd audit kritickej a strategickej infra\u0161trukt\u00fary. Reaguj\u00fa na s\u00e9riu udalost\u00ed v Eur\u00f3pe vr\u00e1tane zmaren\u00e9ho \u00fatoku dronom na letisku Lipsko\/Halle a pripravovan\u00e9ho podpa\u013ea\u010dsk\u00e9ho \u00fatoku na z\u00e1vod vyr\u00e1baj\u00faci bezpilotn\u00e9 syst\u00e9my na v\u00fdchode Slovenska.","breadcrumb":{"@id":"https:\/\/www.smedemokrati.sk\/demokrati-ziadaju-bezpecnostny-audit-kritickej-infrastruktury-varuju-pred-podcenovanim-hybridnych-hrozieb\/#breadcrumb"},"inLanguage":"en-US","potentialAction":[{"@type":"ReadAction","target":["https:\/\/www.smedemokrati.sk\/demokrati-ziadaju-bezpecnostny-audit-kritickej-infrastruktury-varuju-pred-podcenovanim-hybridnych-hrozieb\/"]}]},{"@type":"ImageObject","inLanguage":"en-US","@id":"https:\/\/www.smedemokrati.sk\/demokrati-ziadaju-bezpecnostny-audit-kritickej-infrastruktury-varuju-pred-podcenovanim-hybridnych-hrozieb\/#primaryimage","url":"https:\/\/www.smedemokrati.sk\/wp-content\/uploads\/2026\/09\/bezpecnostna_rada.jpg","contentUrl":"https:\/\/www.smedemokrati.sk\/wp-content\/uploads\/2026\/09\/bezpecnostna_rada.jpg","width":960,"height":540},{"@type":"BreadcrumbList","@id":"https:\/\/www.smedemokrati.sk\/demokrati-ziadaju-bezpecnostny-audit-kritickej-infrastruktury-varuju-pred-podcenovanim-hybridnych-hrozieb\/#breadcrumb","itemListElement":[{"@type":"ListItem","position":1,"name":"Domovsk\u00e1 str\u00e1nka","item":"https:\/\/www.smedemokrati.sk\/"},{"@type":"ListItem","position":2,"name":"Demokrati \u017eiadaj\u00fa bezpe\u010dnostn\u00fd audit kritickej infra\u0161trukt\u00fary. Varuj\u00fa pred podce\u0148ovan\u00edm hybridn\u00fdch hrozieb"}]},{"@type":"WebSite","@id":"https:\/\/www.smedemokrati.sk\/#website","url":"https:\/\/www.smedemokrati.sk\/","name":"Smedemokrati.sk","description":"Demokracia a slu\u0161nos\u0165 zv\u00ed\u0165az\u00ed","publisher":{"@id":"https:\/\/www.smedemokrati.sk\/#organization"},"potentialAction":[{"@type":"SearchAction","target":{"@type":"EntryPoint","urlTemplate":"https:\/\/www.smedemokrati.sk\/?s={search_term_string}"},"query-input":{"@type":"PropertyValueSpecification","valueRequired":true,"valueName":"search_term_string"}}],"inLanguage":"en-US"},{"@type":"Organization","@id":"https:\/\/www.smedemokrati.sk\/#organization","name":"Smedemokrati.sk","url":"https:\/\/www.smedemokrati.sk\/","logo":{"@type":"ImageObject","inLanguage":"en-US","@id":"https:\/\/www.smedemokrati.sk\/#\/schema\/logo\/image\/","url":"https:\/\/www.smedemokrati.sk\/wp-content\/uploads\/2023\/04\/ff.002.jpeg","contentUrl":"https:\/\/www.smedemokrati.sk\/wp-content\/uploads\/2023\/04\/ff.002.jpeg","width":640,"height":480,"caption":"Smedemokrati.sk"},"image":{"@id":"https:\/\/www.smedemokrati.sk\/#\/schema\/logo\/image\/"},"sameAs":["https:\/\/www.facebook.com\/smedemokrati2023"]},{"@type":"Person","@id":"https:\/\/www.smedemokrati.sk\/#\/schema\/person\/21f147c88d605aa7ded900e1e7c344ba","name":"miro.sopko","image":{"@type":"ImageObject","inLanguage":"en-US","@id":"https:\/\/secure.gravatar.com\/avatar\/267e4a36f704376c109afe3a78740c1f5dd8675a2180a908699e7863c9247606?s=96&d=mm&r=g","url":"https:\/\/secure.gravatar.com\/avatar\/267e4a36f704376c109afe3a78740c1f5dd8675a2180a908699e7863c9247606?s=96&d=mm&r=g","contentUrl":"https:\/\/secure.gravatar.com\/avatar\/267e4a36f704376c109afe3a78740c1f5dd8675a2180a908699e7863c9247606?s=96&d=mm&r=g","caption":"miro.sopko"},"url":"https:\/\/www.smedemokrati.sk\/en\/author\/miro-sopko\/"}]}},"_links":{"self":[{"href":"https:\/\/www.smedemokrati.sk\/en\/wp-json\/wp\/v2\/posts\/10021","targetHints":{"allow":["GET"]}}],"collection":[{"href":"https:\/\/www.smedemokrati.sk\/en\/wp-json\/wp\/v2\/posts"}],"about":[{"href":"https:\/\/www.smedemokrati.sk\/en\/wp-json\/wp\/v2\/types\/post"}],"author":[{"embeddable":true,"href":"https:\/\/www.smedemokrati.sk\/en\/wp-json\/wp\/v2\/users\/13"}],"replies":[{"embeddable":true,"href":"https:\/\/www.smedemokrati.sk\/en\/wp-json\/wp\/v2\/comments?post=10021"}],"version-history":[{"count":1,"href":"https:\/\/www.smedemokrati.sk\/en\/wp-json\/wp\/v2\/posts\/10021\/revisions"}],"predecessor-version":[{"id":10023,"href":"https:\/\/www.smedemokrati.sk\/en\/wp-json\/wp\/v2\/posts\/10021\/revisions\/10023"}],"wp:featuredmedia":[{"embeddable":true,"href":"https:\/\/www.smedemokrati.sk\/en\/wp-json\/wp\/v2\/media\/10022"}],"wp:attachment":[{"href":"https:\/\/www.smedemokrati.sk\/en\/wp-json\/wp\/v2\/media?parent=10021"}],"wp:term":[{"taxonomy":"category","embeddable":true,"href":"https:\/\/www.smedemokrati.sk\/en\/wp-json\/wp\/v2\/categories?post=10021"},{"taxonomy":"post_tag","embeddable":true,"href":"https:\/\/www.smedemokrati.sk\/en\/wp-json\/wp\/v2\/tags?post=10021"}],"curies":[{"name":"wp","href":"https:\/\/api.w.org\/{rel}","templated":true}]}}