{"id":9983,"date":"2026-08-25T20:06:00","date_gmt":"2026-08-25T19:06:00","guid":{"rendered":"https:\/\/www.smedemokrati.sk\/?p=9983"},"modified":"2026-08-26T08:30:29","modified_gmt":"2026-08-26T07:30:29","slug":"na-slovensku-mohol-byt-utok-podobny-vrbeticiam-tvrdi-jaroslav-nad","status":"publish","type":"post","link":"https:\/\/www.smedemokrati.sk\/cs\/na-slovensku-mohol-byt-utok-podobny-vrbeticiam-tvrdi-jaroslav-nad\/","title":{"rendered":"Na Slovensku mohol by\u0165 \u00fatok podobn\u00fd Vrb\u011bticiam, tvrd\u00ed Jaroslav Na\u010f"},"content":{"rendered":"<div id=\"fb-root\"><\/div>\n\n<p class=\"wp-block-paragraph\">S<strong>lovensko mohlo pod\u013ea b\u00fdval\u00e9ho ministra obrany Jaroslava Na\u010fa \u010deli\u0165 pripravovan\u00e9mu \u00fatoku na spolo\u010dnos\u0165 vyr\u00e1baj\u00facu drony pri Pre\u0161ove, ktor\u00fd mohol skon\u010di\u0165 fat\u00e1lne. Na\u010f tvrd\u00ed, \u017ee za \u00fatokom mohlo by\u0165 zahrani\u010dn\u00e9 pozadie a prirovn\u00e1va ho k v\u00fdbuchom muni\u010dn\u00e9ho skladu vo Vrb\u011bticiach. Z\u00e1rove\u0148 upozor\u0148uje, \u017ee verejn\u00e9 ozna\u010dovanie konkr\u00e9tnej firmy za ter\u010d m\u00f4\u017ee skomplikova\u0165 pr\u00e1cu bezpe\u010dnostn\u00fdch zlo\u017eiek.<\/strong><\/p>\n\n\n\n<p class=\"wp-block-paragraph\"><em>\u201eNa z\u00e1klade mojich sk\u00fasenost\u00ed som presved\u010den\u00fd, \u017ee nie pol\u00edcia, ale Vojensk\u00e9 spravodajstvo z\u00edskalo z\u00e1sadn\u00e9 inform\u00e1cie, ktor\u00e9 viedli k prekazeniu tohto pl\u00e1novan\u00e9ho (zrejme teroristick\u00e9ho) \u00fatoku, ktor\u00fd mohol skon\u010di\u0165 \u00famrt\u00edm desiatok \u013eud\u00ed,\u201c<\/em>&nbsp;uviedol Na\u010f.<\/p>\n\n\n\n<p class=\"wp-block-paragraph\">Pod\u013ea b\u00fdval\u00e9ho ministra obrany podobn\u00e9 bezpe\u010dnostn\u00e9 oper\u00e1cie spravidla nevznikaj\u00fa zo d\u0148a na de\u0148 a m\u00f4\u017eu trva\u0165 nieko\u013eko mesiacov. Vy\u017eaduj\u00fa si pod\u013ea neho kombin\u00e1ciu spravodajsk\u00fdch a bezpe\u010dnostn\u00fdch opatren\u00ed vr\u00e1tane monitorovania online priestoru, nasadenia informa\u010dno-technick\u00fdch prostriedkov, monitorovania priestoru \u010di medzin\u00e1rodnej spolupr\u00e1ce.<\/p>\n\n\n\n<p class=\"wp-block-paragraph\">Za najd\u00f4le\u017eitej\u0161ie pova\u017euje, \u017ee k samotn\u00e9mu \u00fatoku napokon nedo\u0161lo a spolo\u010dnos\u0165 sa nestala jeho ter\u010dom.&nbsp;<em>\u201eToto je naozaj dobr\u00e1 spr\u00e1va, \u017ee firma p\u00f4sobiaca pri Pre\u0161ove sa nakoniec ter\u010dom \u00fatoku nestala. V\u010faka v\u0161etk\u00fdm, ktor\u00ed \u00faspe\u0161ne zakro\u010dili,\u201c<\/em>&nbsp;uviedol.<\/p>\n\n\n\n<p class=\"wp-block-paragraph\">Na\u010f z\u00e1rove\u0148 upozornil na mo\u017en\u00e9 riziko, \u017ee verejn\u00e9 vystupovanie jednotlivcov m\u00f4\u017ee upozorni\u0165 na konkr\u00e9tnu spolo\u010dnos\u0165 a z\u00e1rove\u0148 skomplikova\u0165 pr\u00e1cu bezpe\u010dnostn\u00fdch zlo\u017eiek. V tejto s\u00favislosti spomenul osobu, ktor\u00e1 mala pod\u013ea neho o predmetnej firme ned\u00e1vno zverejni\u0165 \u00fato\u010dn\u00e9 video.<\/p>\n\n\n\n<p class=\"wp-block-paragraph\">B\u00fdval\u00fd minister obrany z\u00e1rove\u0148 nazna\u010dil, \u017ee mohlo \u00eds\u0165 o pripravovan\u00fd \u00fazok s pozad\u00edm zo zahrani\u010dia:&nbsp;<em>\u201eNepochybujem o tom, \u017ee pl\u00e1novan\u00fd \u00fatok bol objednan\u00fd v zahrani\u010d\u00ed. \u010coskoro sa, ver\u00edm, dozvieme viac,\u201c<\/em>&nbsp;tvrd\u00ed Na\u010f.<\/p>\n\n\n\n<p class=\"wp-block-paragraph\">Pod\u013ea Na\u010fa je preto namieste ot\u00e1zka, komu by pr\u00edpadn\u00e9 zni\u010denie spolo\u010dnosti vyr\u00e1baj\u00facej drony prospelo. V tejto s\u00favislosti prirovnal situ\u00e1ciu k v\u00fdbuchom v muni\u010dnom sklade vo Vrb\u011bticiach v \u010ceskej republike, ktor\u00e9 \u010desk\u00e9 \u00farady prip\u00edsali rusk\u00fdm spravodajsk\u00fdm operat\u00edvcom.<\/p>\n","protected":false},"excerpt":{"rendered":"<p>Slovensko mohlo pod\u013ea b\u00fdval\u00e9ho ministra obrany Jaroslava Na\u010fa \u010deli\u0165 pripravovan\u00e9mu \u00fatoku na spolo\u010dnos\u0165 vyr\u00e1baj\u00facu drony pri Pre\u0161ove, ktor\u00fd mohol skon\u010di\u0165 fat\u00e1lne. Na\u010f tvrd\u00ed, \u017ee za \u00fatokom mohlo by\u0165 zahrani\u010dn\u00e9 pozadie a prirovn\u00e1va ho k v\u00fdbuchom muni\u010dn\u00e9ho skladu vo Vrb\u011bticiach. Z\u00e1rove\u0148 upozor\u0148uje, \u017ee verejn\u00e9 ozna\u010dovanie konkr\u00e9tnej firmy za ter\u010d m\u00f4\u017ee skomplikova\u0165 pr\u00e1cu bezpe\u010dnostn\u00fdch zlo\u017eiek. \u201eNa z\u00e1klade [&hellip;]<\/p>\n","protected":false},"author":13,"featured_media":250,"comment_status":"closed","ping_status":"closed","sticky":false,"template":"","format":"standard","meta":{"_acf_changed":false,"ngg_post_thumbnail":0,"footnotes":""},"categories":[4],"tags":[],"class_list":["post-9983","post","type-post","status-publish","format-standard","has-post-thumbnail","hentry","category-tlacove-spravy"],"acf":[],"yoast_head":"<!-- This site is optimized with the Yoast SEO plugin v28.3 - https:\/\/yoast.com\/product\/yoast-seo-wordpress\/ -->\n<title>Na Slovensku mohol by\u0165 \u00fatok podobn\u00fd Vrb\u011bticiam, tvrd\u00ed Jaroslav Na\u010f<\/title>\n<meta name=\"robots\" content=\"index, follow, max-snippet:-1, max-image-preview:large, max-video-preview:-1\" \/>\n<link rel=\"canonical\" href=\"https:\/\/www.smedemokrati.sk\/cs\/na-slovensku-mohol-byt-utok-podobny-vrbeticiam-tvrdi-jaroslav-nad\/\" \/>\n<meta property=\"og:locale\" content=\"cs_CZ\" \/>\n<meta property=\"og:locale:alternate\" content=\"en_US\" \/>\n<meta property=\"og:locale:alternate\" content=\"hu_HU\" \/>\n<meta property=\"og:locale:alternate\" content=\"sk_SK\" \/>\n<meta property=\"og:locale:alternate\" content=\"sv_SE\" \/>\n<meta property=\"og:type\" content=\"article\" \/>\n<meta property=\"og:title\" content=\"Na Slovensku mohol by\u0165 \u00fatok podobn\u00fd Vrb\u011bticiam, tvrd\u00ed Jaroslav Na\u010f\" \/>\n<meta property=\"og:description\" content=\"Slovensko mohlo pod\u013ea b\u00fdval\u00e9ho ministra obrany Jaroslava Na\u010fa \u010deli\u0165 pripravovan\u00e9mu \u00fatoku na spolo\u010dnos\u0165 vyr\u00e1baj\u00facu drony pri Pre\u0161ove, ktor\u00fd mohol skon\u010di\u0165 fat\u00e1lne. Na\u010f tvrd\u00ed, \u017ee za \u00fatokom mohlo by\u0165 zahrani\u010dn\u00e9 pozadie a prirovn\u00e1va ho k v\u00fdbuchom muni\u010dn\u00e9ho skladu vo Vrb\u011bticiach. Z\u00e1rove\u0148 upozor\u0148uje, \u017ee verejn\u00e9 ozna\u010dovanie konkr\u00e9tnej firmy za ter\u010d m\u00f4\u017ee skomplikova\u0165 pr\u00e1cu bezpe\u010dnostn\u00fdch zlo\u017eiek. \u201eNa z\u00e1klade [&hellip;]\" \/>\n<meta property=\"og:url\" content=\"https:\/\/www.smedemokrati.sk\/cs\/na-slovensku-mohol-byt-utok-podobny-vrbeticiam-tvrdi-jaroslav-nad\/\" \/>\n<meta property=\"og:site_name\" content=\"Smedemokrati.sk\" \/>\n<meta property=\"article:publisher\" content=\"https:\/\/www.facebook.com\/smedemokrati2023\" \/>\n<meta property=\"article:published_time\" content=\"2026-08-25T19:06:00+00:00\" \/>\n<meta property=\"article:modified_time\" content=\"2026-08-26T07:30:29+00:00\" \/>\n<meta property=\"og:image\" content=\"https:\/\/www.smedemokrati.sk\/wp-content\/uploads\/2023\/04\/JN.jpg\" \/>\n\t<meta property=\"og:image:width\" content=\"1520\" \/>\n\t<meta property=\"og:image:height\" content=\"1080\" \/>\n\t<meta property=\"og:image:type\" content=\"image\/jpeg\" \/>\n<meta name=\"author\" content=\"miro.sopko\" \/>\n<meta name=\"twitter:card\" content=\"summary_large_image\" \/>\n<meta name=\"twitter:label1\" content=\"Napsal(a)\" \/>\n\t<meta name=\"twitter:data1\" content=\"miro.sopko\" \/>\n\t<meta name=\"twitter:label2\" content=\"Odhadovan\u00e1 doba \u010dten\u00ed\" \/>\n\t<meta name=\"twitter:data2\" content=\"2 minuty\" \/>\n<script type=\"application\/ld+json\" class=\"yoast-schema-graph\">{\"@context\":\"https:\\\/\\\/schema.org\",\"@graph\":[{\"@type\":\"Article\",\"@id\":\"https:\\\/\\\/www.smedemokrati.sk\\\/na-slovensku-mohol-byt-utok-podobny-vrbeticiam-tvrdi-jaroslav-nad\\\/#article\",\"isPartOf\":{\"@id\":\"https:\\\/\\\/www.smedemokrati.sk\\\/na-slovensku-mohol-byt-utok-podobny-vrbeticiam-tvrdi-jaroslav-nad\\\/\"},\"author\":{\"name\":\"miro.sopko\",\"@id\":\"https:\\\/\\\/www.smedemokrati.sk\\\/#\\\/schema\\\/person\\\/21f147c88d605aa7ded900e1e7c344ba\"},\"headline\":\"Na Slovensku mohol by\u0165 \u00fatok podobn\u00fd Vrb\u011bticiam, tvrd\u00ed Jaroslav Na\u010f\",\"datePublished\":\"2026-08-25T19:06:00+00:00\",\"dateModified\":\"2026-08-26T07:30:29+00:00\",\"mainEntityOfPage\":{\"@id\":\"https:\\\/\\\/www.smedemokrati.sk\\\/na-slovensku-mohol-byt-utok-podobny-vrbeticiam-tvrdi-jaroslav-nad\\\/\"},\"wordCount\":395,\"publisher\":{\"@id\":\"https:\\\/\\\/www.smedemokrati.sk\\\/#organization\"},\"image\":{\"@id\":\"https:\\\/\\\/www.smedemokrati.sk\\\/na-slovensku-mohol-byt-utok-podobny-vrbeticiam-tvrdi-jaroslav-nad\\\/#primaryimage\"},\"thumbnailUrl\":\"https:\\\/\\\/www.smedemokrati.sk\\\/wp-content\\\/uploads\\\/2023\\\/04\\\/JN.jpg\",\"articleSection\":[\"Tla\u010dov\u00e9 spr\u00e1vy\"],\"inLanguage\":\"cs-CZ\"},{\"@type\":\"WebPage\",\"@id\":\"https:\\\/\\\/www.smedemokrati.sk\\\/na-slovensku-mohol-byt-utok-podobny-vrbeticiam-tvrdi-jaroslav-nad\\\/\",\"url\":\"https:\\\/\\\/www.smedemokrati.sk\\\/na-slovensku-mohol-byt-utok-podobny-vrbeticiam-tvrdi-jaroslav-nad\\\/\",\"name\":\"Na Slovensku mohol by\u0165 \u00fatok podobn\u00fd Vrb\u011bticiam, tvrd\u00ed Jaroslav Na\u010f\",\"isPartOf\":{\"@id\":\"https:\\\/\\\/www.smedemokrati.sk\\\/#website\"},\"primaryImageOfPage\":{\"@id\":\"https:\\\/\\\/www.smedemokrati.sk\\\/na-slovensku-mohol-byt-utok-podobny-vrbeticiam-tvrdi-jaroslav-nad\\\/#primaryimage\"},\"image\":{\"@id\":\"https:\\\/\\\/www.smedemokrati.sk\\\/na-slovensku-mohol-byt-utok-podobny-vrbeticiam-tvrdi-jaroslav-nad\\\/#primaryimage\"},\"thumbnailUrl\":\"https:\\\/\\\/www.smedemokrati.sk\\\/wp-content\\\/uploads\\\/2023\\\/04\\\/JN.jpg\",\"datePublished\":\"2026-08-25T19:06:00+00:00\",\"dateModified\":\"2026-08-26T07:30:29+00:00\",\"breadcrumb\":{\"@id\":\"https:\\\/\\\/www.smedemokrati.sk\\\/na-slovensku-mohol-byt-utok-podobny-vrbeticiam-tvrdi-jaroslav-nad\\\/#breadcrumb\"},\"inLanguage\":\"cs-CZ\",\"potentialAction\":[{\"@type\":\"ReadAction\",\"target\":[\"https:\\\/\\\/www.smedemokrati.sk\\\/na-slovensku-mohol-byt-utok-podobny-vrbeticiam-tvrdi-jaroslav-nad\\\/\"]}]},{\"@type\":\"ImageObject\",\"inLanguage\":\"cs-CZ\",\"@id\":\"https:\\\/\\\/www.smedemokrati.sk\\\/na-slovensku-mohol-byt-utok-podobny-vrbeticiam-tvrdi-jaroslav-nad\\\/#primaryimage\",\"url\":\"https:\\\/\\\/www.smedemokrati.sk\\\/wp-content\\\/uploads\\\/2023\\\/04\\\/JN.jpg\",\"contentUrl\":\"https:\\\/\\\/www.smedemokrati.sk\\\/wp-content\\\/uploads\\\/2023\\\/04\\\/JN.jpg\",\"width\":1520,\"height\":1080},{\"@type\":\"BreadcrumbList\",\"@id\":\"https:\\\/\\\/www.smedemokrati.sk\\\/na-slovensku-mohol-byt-utok-podobny-vrbeticiam-tvrdi-jaroslav-nad\\\/#breadcrumb\",\"itemListElement\":[{\"@type\":\"ListItem\",\"position\":1,\"name\":\"Domovsk\u00e1 str\u00e1nka\",\"item\":\"https:\\\/\\\/www.smedemokrati.sk\\\/\"},{\"@type\":\"ListItem\",\"position\":2,\"name\":\"Na Slovensku mohol by\u0165 \u00fatok podobn\u00fd Vrb\u011bticiam, tvrd\u00ed Jaroslav Na\u010f\"}]},{\"@type\":\"WebSite\",\"@id\":\"https:\\\/\\\/www.smedemokrati.sk\\\/#website\",\"url\":\"https:\\\/\\\/www.smedemokrati.sk\\\/\",\"name\":\"Smedemokrati.sk\",\"description\":\"Demokracia a slu\u0161nos\u0165 zv\u00ed\u0165az\u00ed\",\"publisher\":{\"@id\":\"https:\\\/\\\/www.smedemokrati.sk\\\/#organization\"},\"potentialAction\":[{\"@type\":\"SearchAction\",\"target\":{\"@type\":\"EntryPoint\",\"urlTemplate\":\"https:\\\/\\\/www.smedemokrati.sk\\\/?s={search_term_string}\"},\"query-input\":{\"@type\":\"PropertyValueSpecification\",\"valueRequired\":true,\"valueName\":\"search_term_string\"}}],\"inLanguage\":\"cs-CZ\"},{\"@type\":\"Organization\",\"@id\":\"https:\\\/\\\/www.smedemokrati.sk\\\/#organization\",\"name\":\"Smedemokrati.sk\",\"url\":\"https:\\\/\\\/www.smedemokrati.sk\\\/\",\"logo\":{\"@type\":\"ImageObject\",\"inLanguage\":\"cs-CZ\",\"@id\":\"https:\\\/\\\/www.smedemokrati.sk\\\/#\\\/schema\\\/logo\\\/image\\\/\",\"url\":\"https:\\\/\\\/www.smedemokrati.sk\\\/wp-content\\\/uploads\\\/2023\\\/04\\\/ff.002.jpeg\",\"contentUrl\":\"https:\\\/\\\/www.smedemokrati.sk\\\/wp-content\\\/uploads\\\/2023\\\/04\\\/ff.002.jpeg\",\"width\":640,\"height\":480,\"caption\":\"Smedemokrati.sk\"},\"image\":{\"@id\":\"https:\\\/\\\/www.smedemokrati.sk\\\/#\\\/schema\\\/logo\\\/image\\\/\"},\"sameAs\":[\"https:\\\/\\\/www.facebook.com\\\/smedemokrati2023\"]},{\"@type\":\"Person\",\"@id\":\"https:\\\/\\\/www.smedemokrati.sk\\\/#\\\/schema\\\/person\\\/21f147c88d605aa7ded900e1e7c344ba\",\"name\":\"miro.sopko\",\"image\":{\"@type\":\"ImageObject\",\"inLanguage\":\"cs-CZ\",\"@id\":\"https:\\\/\\\/secure.gravatar.com\\\/avatar\\\/267e4a36f704376c109afe3a78740c1f5dd8675a2180a908699e7863c9247606?s=96&d=mm&r=g\",\"url\":\"https:\\\/\\\/secure.gravatar.com\\\/avatar\\\/267e4a36f704376c109afe3a78740c1f5dd8675a2180a908699e7863c9247606?s=96&d=mm&r=g\",\"contentUrl\":\"https:\\\/\\\/secure.gravatar.com\\\/avatar\\\/267e4a36f704376c109afe3a78740c1f5dd8675a2180a908699e7863c9247606?s=96&d=mm&r=g\",\"caption\":\"miro.sopko\"},\"url\":\"https:\\\/\\\/www.smedemokrati.sk\\\/cs\\\/author\\\/miro-sopko\\\/\"}]}<\/script>\n<!-- \/ Yoast SEO plugin. -->","yoast_head_json":{"title":"Na Slovensku mohol by\u0165 \u00fatok podobn\u00fd Vrb\u011bticiam, tvrd\u00ed Jaroslav Na\u010f","robots":{"index":"index","follow":"follow","max-snippet":"max-snippet:-1","max-image-preview":"max-image-preview:large","max-video-preview":"max-video-preview:-1"},"canonical":"https:\/\/www.smedemokrati.sk\/cs\/na-slovensku-mohol-byt-utok-podobny-vrbeticiam-tvrdi-jaroslav-nad\/","og_locale":"cs_CZ","og_type":"article","og_title":"[:sk]Na Slovensku mohol by\u0165 \u00fatok podobn\u00fd Vrb\u011bticiam, tvrd\u00ed Jaroslav Na\u010f[:] - Smedemokrati.sk","og_description":"Slovensko mohlo pod\u013ea b\u00fdval\u00e9ho ministra obrany Jaroslava Na\u010fa \u010deli\u0165 pripravovan\u00e9mu \u00fatoku na spolo\u010dnos\u0165 vyr\u00e1baj\u00facu drony pri Pre\u0161ove, ktor\u00fd mohol skon\u010di\u0165 fat\u00e1lne. Na\u010f tvrd\u00ed, \u017ee za \u00fatokom mohlo by\u0165 zahrani\u010dn\u00e9 pozadie a prirovn\u00e1va ho k v\u00fdbuchom muni\u010dn\u00e9ho skladu vo Vrb\u011bticiach. Z\u00e1rove\u0148 upozor\u0148uje, \u017ee verejn\u00e9 ozna\u010dovanie konkr\u00e9tnej firmy za ter\u010d m\u00f4\u017ee skomplikova\u0165 pr\u00e1cu bezpe\u010dnostn\u00fdch zlo\u017eiek. \u201eNa z\u00e1klade [&hellip;]","og_url":"https:\/\/www.smedemokrati.sk\/cs\/na-slovensku-mohol-byt-utok-podobny-vrbeticiam-tvrdi-jaroslav-nad\/","og_site_name":"Smedemokrati.sk","article_publisher":"https:\/\/www.facebook.com\/smedemokrati2023","article_published_time":"2026-08-25T19:06:00+00:00","article_modified_time":"2026-08-26T07:30:29+00:00","og_image":[{"width":1520,"height":1080,"url":"https:\/\/www.smedemokrati.sk\/wp-content\/uploads\/2023\/04\/JN.jpg","type":"image\/jpeg"}],"author":"miro.sopko","twitter_card":"summary_large_image","twitter_misc":{"Napsal(a)":"miro.sopko","Odhadovan\u00e1 doba \u010dten\u00ed":"2 minuty"},"schema":{"@context":"https:\/\/schema.org","@graph":[{"@type":"Article","@id":"https:\/\/www.smedemokrati.sk\/na-slovensku-mohol-byt-utok-podobny-vrbeticiam-tvrdi-jaroslav-nad\/#article","isPartOf":{"@id":"https:\/\/www.smedemokrati.sk\/na-slovensku-mohol-byt-utok-podobny-vrbeticiam-tvrdi-jaroslav-nad\/"},"author":{"name":"miro.sopko","@id":"https:\/\/www.smedemokrati.sk\/#\/schema\/person\/21f147c88d605aa7ded900e1e7c344ba"},"headline":"Na Slovensku mohol by\u0165 \u00fatok podobn\u00fd Vrb\u011bticiam, tvrd\u00ed Jaroslav Na\u010f","datePublished":"2026-08-25T19:06:00+00:00","dateModified":"2026-08-26T07:30:29+00:00","mainEntityOfPage":{"@id":"https:\/\/www.smedemokrati.sk\/na-slovensku-mohol-byt-utok-podobny-vrbeticiam-tvrdi-jaroslav-nad\/"},"wordCount":395,"publisher":{"@id":"https:\/\/www.smedemokrati.sk\/#organization"},"image":{"@id":"https:\/\/www.smedemokrati.sk\/na-slovensku-mohol-byt-utok-podobny-vrbeticiam-tvrdi-jaroslav-nad\/#primaryimage"},"thumbnailUrl":"https:\/\/www.smedemokrati.sk\/wp-content\/uploads\/2023\/04\/JN.jpg","articleSection":["Tla\u010dov\u00e9 spr\u00e1vy"],"inLanguage":"cs-CZ"},{"@type":"WebPage","@id":"https:\/\/www.smedemokrati.sk\/na-slovensku-mohol-byt-utok-podobny-vrbeticiam-tvrdi-jaroslav-nad\/","url":"https:\/\/www.smedemokrati.sk\/na-slovensku-mohol-byt-utok-podobny-vrbeticiam-tvrdi-jaroslav-nad\/","name":"Na Slovensku mohol by\u0165 \u00fatok podobn\u00fd Vrb\u011bticiam, tvrd\u00ed Jaroslav Na\u010f","isPartOf":{"@id":"https:\/\/www.smedemokrati.sk\/#website"},"primaryImageOfPage":{"@id":"https:\/\/www.smedemokrati.sk\/na-slovensku-mohol-byt-utok-podobny-vrbeticiam-tvrdi-jaroslav-nad\/#primaryimage"},"image":{"@id":"https:\/\/www.smedemokrati.sk\/na-slovensku-mohol-byt-utok-podobny-vrbeticiam-tvrdi-jaroslav-nad\/#primaryimage"},"thumbnailUrl":"https:\/\/www.smedemokrati.sk\/wp-content\/uploads\/2023\/04\/JN.jpg","datePublished":"2026-08-25T19:06:00+00:00","dateModified":"2026-08-26T07:30:29+00:00","breadcrumb":{"@id":"https:\/\/www.smedemokrati.sk\/na-slovensku-mohol-byt-utok-podobny-vrbeticiam-tvrdi-jaroslav-nad\/#breadcrumb"},"inLanguage":"cs-CZ","potentialAction":[{"@type":"ReadAction","target":["https:\/\/www.smedemokrati.sk\/na-slovensku-mohol-byt-utok-podobny-vrbeticiam-tvrdi-jaroslav-nad\/"]}]},{"@type":"ImageObject","inLanguage":"cs-CZ","@id":"https:\/\/www.smedemokrati.sk\/na-slovensku-mohol-byt-utok-podobny-vrbeticiam-tvrdi-jaroslav-nad\/#primaryimage","url":"https:\/\/www.smedemokrati.sk\/wp-content\/uploads\/2023\/04\/JN.jpg","contentUrl":"https:\/\/www.smedemokrati.sk\/wp-content\/uploads\/2023\/04\/JN.jpg","width":1520,"height":1080},{"@type":"BreadcrumbList","@id":"https:\/\/www.smedemokrati.sk\/na-slovensku-mohol-byt-utok-podobny-vrbeticiam-tvrdi-jaroslav-nad\/#breadcrumb","itemListElement":[{"@type":"ListItem","position":1,"name":"Domovsk\u00e1 str\u00e1nka","item":"https:\/\/www.smedemokrati.sk\/"},{"@type":"ListItem","position":2,"name":"Na Slovensku mohol by\u0165 \u00fatok podobn\u00fd Vrb\u011bticiam, tvrd\u00ed Jaroslav Na\u010f"}]},{"@type":"WebSite","@id":"https:\/\/www.smedemokrati.sk\/#website","url":"https:\/\/www.smedemokrati.sk\/","name":"Smedemokrati.sk","description":"Demokracia a slu\u0161nos\u0165 zv\u00ed\u0165az\u00ed","publisher":{"@id":"https:\/\/www.smedemokrati.sk\/#organization"},"potentialAction":[{"@type":"SearchAction","target":{"@type":"EntryPoint","urlTemplate":"https:\/\/www.smedemokrati.sk\/?s={search_term_string}"},"query-input":{"@type":"PropertyValueSpecification","valueRequired":true,"valueName":"search_term_string"}}],"inLanguage":"cs-CZ"},{"@type":"Organization","@id":"https:\/\/www.smedemokrati.sk\/#organization","name":"Smedemokrati.sk","url":"https:\/\/www.smedemokrati.sk\/","logo":{"@type":"ImageObject","inLanguage":"cs-CZ","@id":"https:\/\/www.smedemokrati.sk\/#\/schema\/logo\/image\/","url":"https:\/\/www.smedemokrati.sk\/wp-content\/uploads\/2023\/04\/ff.002.jpeg","contentUrl":"https:\/\/www.smedemokrati.sk\/wp-content\/uploads\/2023\/04\/ff.002.jpeg","width":640,"height":480,"caption":"Smedemokrati.sk"},"image":{"@id":"https:\/\/www.smedemokrati.sk\/#\/schema\/logo\/image\/"},"sameAs":["https:\/\/www.facebook.com\/smedemokrati2023"]},{"@type":"Person","@id":"https:\/\/www.smedemokrati.sk\/#\/schema\/person\/21f147c88d605aa7ded900e1e7c344ba","name":"miro.sopko","image":{"@type":"ImageObject","inLanguage":"cs-CZ","@id":"https:\/\/secure.gravatar.com\/avatar\/267e4a36f704376c109afe3a78740c1f5dd8675a2180a908699e7863c9247606?s=96&d=mm&r=g","url":"https:\/\/secure.gravatar.com\/avatar\/267e4a36f704376c109afe3a78740c1f5dd8675a2180a908699e7863c9247606?s=96&d=mm&r=g","contentUrl":"https:\/\/secure.gravatar.com\/avatar\/267e4a36f704376c109afe3a78740c1f5dd8675a2180a908699e7863c9247606?s=96&d=mm&r=g","caption":"miro.sopko"},"url":"https:\/\/www.smedemokrati.sk\/cs\/author\/miro-sopko\/"}]}},"_links":{"self":[{"href":"https:\/\/www.smedemokrati.sk\/cs\/wp-json\/wp\/v2\/posts\/9983","targetHints":{"allow":["GET"]}}],"collection":[{"href":"https:\/\/www.smedemokrati.sk\/cs\/wp-json\/wp\/v2\/posts"}],"about":[{"href":"https:\/\/www.smedemokrati.sk\/cs\/wp-json\/wp\/v2\/types\/post"}],"author":[{"embeddable":true,"href":"https:\/\/www.smedemokrati.sk\/cs\/wp-json\/wp\/v2\/users\/13"}],"replies":[{"embeddable":true,"href":"https:\/\/www.smedemokrati.sk\/cs\/wp-json\/wp\/v2\/comments?post=9983"}],"version-history":[{"count":1,"href":"https:\/\/www.smedemokrati.sk\/cs\/wp-json\/wp\/v2\/posts\/9983\/revisions"}],"predecessor-version":[{"id":9984,"href":"https:\/\/www.smedemokrati.sk\/cs\/wp-json\/wp\/v2\/posts\/9983\/revisions\/9984"}],"wp:featuredmedia":[{"embeddable":true,"href":"https:\/\/www.smedemokrati.sk\/cs\/wp-json\/wp\/v2\/media\/250"}],"wp:attachment":[{"href":"https:\/\/www.smedemokrati.sk\/cs\/wp-json\/wp\/v2\/media?parent=9983"}],"wp:term":[{"taxonomy":"category","embeddable":true,"href":"https:\/\/www.smedemokrati.sk\/cs\/wp-json\/wp\/v2\/categories?post=9983"},{"taxonomy":"post_tag","embeddable":true,"href":"https:\/\/www.smedemokrati.sk\/cs\/wp-json\/wp\/v2\/tags?post=9983"}],"curies":[{"name":"wp","href":"https:\/\/api.w.org\/{rel}","templated":true}]}}