{"id":9980,"date":"2026-08-25T19:37:23","date_gmt":"2026-08-25T18:37:23","guid":{"rendered":"https:\/\/www.smedemokrati.sk\/?p=9980"},"modified":"2026-08-25T19:37:24","modified_gmt":"2026-08-25T18:37:24","slug":"zrusenie-transakcnej-dane-je-vitana-vec-kto-za-nu-ale-ponesie-zodpovednost","status":"publish","type":"post","link":"https:\/\/www.smedemokrati.sk\/cs\/zrusenie-transakcnej-dane-je-vitana-vec-kto-za-nu-ale-ponesie-zodpovednost\/","title":{"rendered":"Zru\u0161enie transak\u010dnej dane je v\u00edtan\u00e1 vec. Kto za \u0148u ale ponesie zodpovednos\u0165?"},"content":{"rendered":"<div id=\"fb-root\"><\/div>\n\n<p class=\"wp-block-paragraph\"><strong>Demokrati varovali pred transak\u010dnou da\u0148ou e\u0161te pred jej samotn\u00fdm zaveden\u00edm a s\u00fa jej hlasn\u00fdmi kritikmi cel\u00fd \u010das. Preto jej ohl\u00e1sen\u00e9 zru\u0161enie v\u00edtame. Prinesie to aspo\u0148 \u010diasto\u010dn\u00fa \u00fa\u013eavu pre u\u017e tak dos\u0165 sk\u00fa\u0161an\u00fdch podnikate\u013eov na Slovensku. Kto za \u0148u ale ponesie zodpovednos\u0165? Za tak spackan\u00fa konsolid\u00e1ciu a desiatky tis\u00edc \u017eivnostn\u00edkov a podnikate\u013eov, ktor\u00fdm aj transak\u010dn\u00e1 da\u0148 sp\u00f4sobila devasta\u010dn\u00e9 ujmy, by mal minister Kamenick\u00fd okam\u017eite skon\u010di\u0165. Demokrati vyz\u00fdvaj\u00fa premi\u00e9ra Fica, aby bezodkladne odvolal ministra financi\u00ed a hlavne ho nep\u00fa\u0161\u0165al k tvorbe rozpo\u010dtu na rok 2027.<\/strong><\/p>\n\n\n\n<p class=\"wp-block-paragraph\"><em>\u201eKe\u010f sa zav\u00e1dzala transak\u010dn\u00e1 da\u0148, minister Kamenick\u00fd mal nejak\u00e9 o\u010dak\u00e1vania, ak\u00e1 suma sa vyberie. Dnes vieme, \u017ee od jej zavedenia sa vybralo pribli\u017ene o 40 % menej oproti p\u00f4vodn\u00e9mu pl\u00e1nu, \u010do predstavuje takmer 400 mili\u00f3nov eur, ktor\u00e9 ch\u00fdbaj\u00fa v rozpo\u010dte. Okrem toho od zavedenia transak\u010dnej dane bolo zru\u0161en\u00fdch historicky najviac \u017eivnost\u00ed a o 20-tis\u00edc viac ich bolo zru\u0161en\u00fdch, ako zalo\u017een\u00fdch. A ak sa pozrieme na hospod\u00e1rsky rast kraj\u00edn V4, v\u00fdsledok je jasn\u00fd. Za susedn\u00fdmi krajinami v\u00fdrazne zaost\u00e1vame a posledn\u00e9 dva roky je n\u00e1\u0161 rast pod 1 %. Nie n\u00e1hodou v \u010dase zavedenia konsolid\u00e1cie. Najhor\u0161ie v\u0161ak je, \u017ee progn\u00f3za na najbli\u017e\u0161\u00ed rok je v\u00fdrazne hor\u0161ia spomedzi kraj\u00edn V4. Kamenick\u00fd svojou konsolid\u00e1ciou prosto zadusil ekonomiku,\u201c<\/em>&nbsp;vrav\u00ed Heger.<\/p>\n\n\n\n<p class=\"wp-block-paragraph\">Heger dod\u00e1va:<em>&nbsp;\u201ePo ohl\u00e1sen\u00ed zru\u0161enia transak\u010dnej dane m\u00f4\u017eeme sledova\u0165 politikov vl\u00e1dnej koal\u00edcie, ako sa doslova smej\u00fa a u\u0165ahuj\u00fa si z toho, \u017ee asi teda Slovensko u\u017e po novom bude najlep\u0161ia krajina zo v\u0161etk\u00fdch, ke\u010f zru\u0161\u00edme transak\u010dn\u00fa da\u0148. A ja sa chcem op\u00fdta\u0165: \u010do v\u00e1m je na tom tak\u00e9 smie\u0161ne, p\u00e1ni ministri? Tie tis\u00edce \u013eud\u00ed, ktor\u00ed pri\u0161li aj kv\u00f4li transak\u010dnej dani o pr\u00e1cu? To v\u00fdrazn\u00e9 zdra\u017eovanie, ktor\u00e9 o\u017eobr\u00e1\u010dilo \u013eud\u00ed? N\u00e1m to teda smie\u0161ne nie je. Za cel\u00e9 toto ekonomick\u00e9 tr\u00e1penie, ktor\u00e9 traumatizovalo a traumatizuje na\u0161u spolo\u010dnos\u0165, prosto musia politicky pada\u0165 hlavy.\u201c<\/em><\/p>\n\n\n\n<p class=\"wp-block-paragraph\"><em>\u201eSlovensko je st\u00e1le v situ\u00e1cii, ke\u010f mus\u00ed skuto\u010dne konsolidova\u0165. My dlhodobo tvrd\u00edme, \u017ee si treba utiahnu\u0165 opasky na strane v\u00fddavkov. My sa p\u00fdtame premi\u00e9ra, ako nahrad\u00ed v\u00fdpadky po transak\u010dnej dani? Kde tieto peniaze zo\u017een\u00fa? Kde bude \u0161t\u00e1t \u0161etri\u0165? Ako vykryj\u00fa \u010fal\u0161ie diery v rozpo\u010dte? Z Chorv\u00e1tska sa \u00faplne \u0161t\u00e1tny rozpo\u010det chysta\u0165 ned\u00e1. Najd\u00f4le\u017eitej\u0161ia ot\u00e1zka ale je: Naozaj chcete, p\u00e1n premi\u00e9r, zveri\u0165 \u010fal\u0161\u00ed rozpo\u010det najv\u00e4\u010d\u0161iemu ekonomick\u00e9mu diletantovi, ak\u00fd tu kedy bol, obzvl\u00e1\u0161\u0165 v takejto situ\u00e1cii, v akej sa dnes nach\u00e1dzame?\u201c<\/em>&nbsp;p\u00fdta sa Dominik Sumbal.<\/p>\n\n\n\n<p class=\"wp-block-paragraph\">Sumbal \u010falej dod\u00e1va:&nbsp;<em>\u201eFico a Kamenick\u00fd priviedli Slovensko do Orb\u00e1novej krivky ekonomick\u00e9ho rastu alebo sk\u00f4r \u00fapadku krajiny. Je absol\u00fatne na mieste vyvodzova\u0165 zodpovednos\u0165. Ve\u010f nech Kamenick\u00fd urob\u00ed odpo\u010det \u2013 funguje konsolid\u00e1cia? Zlep\u0161uje sa ekonomick\u00e1 situ\u00e1cia? Ak\u00fd m\u00e1 Slovensko rast? Funguje v\u00f4bec nie\u010do z toho, \u010do Kamenick\u00fd navrhol? Odpove\u010f pozn\u00e1me. Kamenick\u00fd zlikvidoval cel\u00fa ekonomiku Slovenska a jej reput\u00e1ciu v zahrani\u010d\u00ed. Je to na okam\u017eit\u00fd uter\u00e1k.\u201c<\/em><\/p>\n\n\n\n<figure class=\"wp-block-embed is-type-video is-provider-youtube wp-block-embed-youtube wp-embed-aspect-16-9 wp-has-aspect-ratio\"><div class=\"wp-block-embed__wrapper\">\n<iframe title=\"Live: Kto vyvod\u00ed zodpovednos\u0165 za transak\u010dn\u00fa da\u0148?\" width=\"500\" height=\"281\" src=\"https:\/\/www.youtube.com\/embed\/abY-arBQ8fQ?feature=oembed\" frameborder=\"0\" allow=\"accelerometer; autoplay; clipboard-write; encrypted-media; gyroscope; picture-in-picture; web-share\" referrerpolicy=\"strict-origin-when-cross-origin\" allowfullscreen><\/iframe>\n<\/div><\/figure>\n","protected":false},"excerpt":{"rendered":"<p>Demokrati varovali pred transak\u010dnou da\u0148ou e\u0161te pred jej samotn\u00fdm zaveden\u00edm a s\u00fa jej hlasn\u00fdmi kritikmi cel\u00fd \u010das. Preto jej ohl\u00e1sen\u00e9 zru\u0161enie v\u00edtame. Prinesie to aspo\u0148 \u010diasto\u010dn\u00fa \u00fa\u013eavu pre u\u017e tak dos\u0165 sk\u00fa\u0161an\u00fdch podnikate\u013eov na Slovensku. Kto za \u0148u ale ponesie zodpovednos\u0165? Za tak spackan\u00fa konsolid\u00e1ciu a desiatky tis\u00edc \u017eivnostn\u00edkov a podnikate\u013eov, ktor\u00fdm aj transak\u010dn\u00e1 da\u0148 [&hellip;]<\/p>\n","protected":false},"author":13,"featured_media":9981,"comment_status":"closed","ping_status":"closed","sticky":false,"template":"","format":"standard","meta":{"_acf_changed":false,"ngg_post_thumbnail":0,"footnotes":""},"categories":[4],"tags":[],"class_list":["post-9980","post","type-post","status-publish","format-standard","has-post-thumbnail","hentry","category-tlacove-spravy"],"acf":[],"yoast_head":"<!-- This site is optimized with the Yoast SEO plugin v28.4 - https:\/\/yoast.com\/product\/yoast-seo-wordpress\/ -->\n<title>Zru\u0161enie transak\u010dnej dane je v\u00edtan\u00e1 vec<\/title>\n<meta name=\"description\" content=\"Demokrati varovali pred transak\u010dnou da\u0148ou e\u0161te pred jej samotn\u00fdm zaveden\u00edm a s\u00fa jej hlasn\u00fdmi kritikmi cel\u00fd \u010das. Preto jej ohl\u00e1sen\u00e9 zru\u0161enie v\u00edtame.\" \/>\n<meta name=\"robots\" content=\"index, follow, max-snippet:-1, max-image-preview:large, max-video-preview:-1\" \/>\n<link rel=\"canonical\" href=\"https:\/\/www.smedemokrati.sk\/cs\/zrusenie-transakcnej-dane-je-vitana-vec-kto-za-nu-ale-ponesie-zodpovednost\/\" \/>\n<meta property=\"og:locale\" content=\"cs_CZ\" \/>\n<meta property=\"og:locale:alternate\" content=\"en_US\" \/>\n<meta property=\"og:locale:alternate\" content=\"hu_HU\" \/>\n<meta property=\"og:locale:alternate\" content=\"sk_SK\" \/>\n<meta property=\"og:locale:alternate\" content=\"sv_SE\" \/>\n<meta property=\"og:type\" content=\"article\" \/>\n<meta property=\"og:title\" content=\"Zru\u0161enie transak\u010dnej dane je v\u00edtan\u00e1 vec\" \/>\n<meta property=\"og:description\" content=\"Demokrati varovali pred transak\u010dnou da\u0148ou e\u0161te pred jej samotn\u00fdm zaveden\u00edm a s\u00fa jej hlasn\u00fdmi kritikmi cel\u00fd \u010das. Preto jej ohl\u00e1sen\u00e9 zru\u0161enie v\u00edtame.\" \/>\n<meta property=\"og:url\" content=\"https:\/\/www.smedemokrati.sk\/cs\/zrusenie-transakcnej-dane-je-vitana-vec-kto-za-nu-ale-ponesie-zodpovednost\/\" \/>\n<meta property=\"og:site_name\" content=\"Smedemokrati.sk\" \/>\n<meta property=\"article:publisher\" content=\"https:\/\/www.facebook.com\/smedemokrati2023\" \/>\n<meta property=\"article:published_time\" content=\"2026-08-25T18:37:23+00:00\" \/>\n<meta property=\"article:modified_time\" content=\"2026-08-25T18:37:24+00:00\" \/>\n<meta property=\"og:image\" content=\"https:\/\/www.smedemokrati.sk\/wp-content\/uploads\/2026\/08\/sumbal.jpg\" \/>\n\t<meta property=\"og:image:width\" content=\"1280\" \/>\n\t<meta property=\"og:image:height\" content=\"720\" \/>\n\t<meta property=\"og:image:type\" content=\"image\/jpeg\" \/>\n<meta name=\"author\" content=\"miro.sopko\" \/>\n<meta name=\"twitter:card\" content=\"summary_large_image\" \/>\n<meta name=\"twitter:label1\" content=\"Napsal(a)\" \/>\n\t<meta name=\"twitter:data1\" content=\"miro.sopko\" \/>\n\t<meta name=\"twitter:label2\" content=\"Odhadovan\u00e1 doba \u010dten\u00ed\" \/>\n\t<meta name=\"twitter:data2\" content=\"3 minuty\" \/>\n<script type=\"application\/ld+json\" class=\"yoast-schema-graph\">{\"@context\":\"https:\\\/\\\/schema.org\",\"@graph\":[{\"@type\":\"Article\",\"@id\":\"https:\\\/\\\/www.smedemokrati.sk\\\/zrusenie-transakcnej-dane-je-vitana-vec-kto-za-nu-ale-ponesie-zodpovednost\\\/#article\",\"isPartOf\":{\"@id\":\"https:\\\/\\\/www.smedemokrati.sk\\\/zrusenie-transakcnej-dane-je-vitana-vec-kto-za-nu-ale-ponesie-zodpovednost\\\/\"},\"author\":{\"name\":\"miro.sopko\",\"@id\":\"https:\\\/\\\/www.smedemokrati.sk\\\/#\\\/schema\\\/person\\\/21f147c88d605aa7ded900e1e7c344ba\"},\"headline\":\"Zru\u0161enie transak\u010dnej dane je v\u00edtan\u00e1 vec. Kto za \u0148u ale ponesie zodpovednos\u0165?\",\"datePublished\":\"2026-08-25T18:37:23+00:00\",\"dateModified\":\"2026-08-25T18:37:24+00:00\",\"mainEntityOfPage\":{\"@id\":\"https:\\\/\\\/www.smedemokrati.sk\\\/zrusenie-transakcnej-dane-je-vitana-vec-kto-za-nu-ale-ponesie-zodpovednost\\\/\"},\"wordCount\":591,\"publisher\":{\"@id\":\"https:\\\/\\\/www.smedemokrati.sk\\\/#organization\"},\"image\":{\"@id\":\"https:\\\/\\\/www.smedemokrati.sk\\\/zrusenie-transakcnej-dane-je-vitana-vec-kto-za-nu-ale-ponesie-zodpovednost\\\/#primaryimage\"},\"thumbnailUrl\":\"https:\\\/\\\/www.smedemokrati.sk\\\/wp-content\\\/uploads\\\/2026\\\/08\\\/sumbal.jpg\",\"articleSection\":[\"Tla\u010dov\u00e9 spr\u00e1vy\"],\"inLanguage\":\"cs-CZ\"},{\"@type\":\"WebPage\",\"@id\":\"https:\\\/\\\/www.smedemokrati.sk\\\/zrusenie-transakcnej-dane-je-vitana-vec-kto-za-nu-ale-ponesie-zodpovednost\\\/\",\"url\":\"https:\\\/\\\/www.smedemokrati.sk\\\/zrusenie-transakcnej-dane-je-vitana-vec-kto-za-nu-ale-ponesie-zodpovednost\\\/\",\"name\":\"Zru\u0161enie transak\u010dnej dane je v\u00edtan\u00e1 vec\",\"isPartOf\":{\"@id\":\"https:\\\/\\\/www.smedemokrati.sk\\\/#website\"},\"primaryImageOfPage\":{\"@id\":\"https:\\\/\\\/www.smedemokrati.sk\\\/zrusenie-transakcnej-dane-je-vitana-vec-kto-za-nu-ale-ponesie-zodpovednost\\\/#primaryimage\"},\"image\":{\"@id\":\"https:\\\/\\\/www.smedemokrati.sk\\\/zrusenie-transakcnej-dane-je-vitana-vec-kto-za-nu-ale-ponesie-zodpovednost\\\/#primaryimage\"},\"thumbnailUrl\":\"https:\\\/\\\/www.smedemokrati.sk\\\/wp-content\\\/uploads\\\/2026\\\/08\\\/sumbal.jpg\",\"datePublished\":\"2026-08-25T18:37:23+00:00\",\"dateModified\":\"2026-08-25T18:37:24+00:00\",\"description\":\"Demokrati varovali pred transak\u010dnou da\u0148ou e\u0161te pred jej samotn\u00fdm zaveden\u00edm a s\u00fa jej hlasn\u00fdmi kritikmi cel\u00fd \u010das. Preto jej ohl\u00e1sen\u00e9 zru\u0161enie v\u00edtame.\",\"breadcrumb\":{\"@id\":\"https:\\\/\\\/www.smedemokrati.sk\\\/zrusenie-transakcnej-dane-je-vitana-vec-kto-za-nu-ale-ponesie-zodpovednost\\\/#breadcrumb\"},\"inLanguage\":\"cs-CZ\",\"potentialAction\":[{\"@type\":\"ReadAction\",\"target\":[\"https:\\\/\\\/www.smedemokrati.sk\\\/zrusenie-transakcnej-dane-je-vitana-vec-kto-za-nu-ale-ponesie-zodpovednost\\\/\"]}]},{\"@type\":\"ImageObject\",\"inLanguage\":\"cs-CZ\",\"@id\":\"https:\\\/\\\/www.smedemokrati.sk\\\/zrusenie-transakcnej-dane-je-vitana-vec-kto-za-nu-ale-ponesie-zodpovednost\\\/#primaryimage\",\"url\":\"https:\\\/\\\/www.smedemokrati.sk\\\/wp-content\\\/uploads\\\/2026\\\/08\\\/sumbal.jpg\",\"contentUrl\":\"https:\\\/\\\/www.smedemokrati.sk\\\/wp-content\\\/uploads\\\/2026\\\/08\\\/sumbal.jpg\",\"width\":1280,\"height\":720},{\"@type\":\"BreadcrumbList\",\"@id\":\"https:\\\/\\\/www.smedemokrati.sk\\\/zrusenie-transakcnej-dane-je-vitana-vec-kto-za-nu-ale-ponesie-zodpovednost\\\/#breadcrumb\",\"itemListElement\":[{\"@type\":\"ListItem\",\"position\":1,\"name\":\"Domovsk\u00e1 str\u00e1nka\",\"item\":\"https:\\\/\\\/www.smedemokrati.sk\\\/\"},{\"@type\":\"ListItem\",\"position\":2,\"name\":\"Zru\u0161enie transak\u010dnej dane je v\u00edtan\u00e1 vec. Kto za \u0148u ale ponesie zodpovednos\u0165?\"}]},{\"@type\":\"WebSite\",\"@id\":\"https:\\\/\\\/www.smedemokrati.sk\\\/#website\",\"url\":\"https:\\\/\\\/www.smedemokrati.sk\\\/\",\"name\":\"Smedemokrati.sk\",\"description\":\"Demokracia a slu\u0161nos\u0165 zv\u00ed\u0165az\u00ed\",\"publisher\":{\"@id\":\"https:\\\/\\\/www.smedemokrati.sk\\\/#organization\"},\"potentialAction\":[{\"@type\":\"SearchAction\",\"target\":{\"@type\":\"EntryPoint\",\"urlTemplate\":\"https:\\\/\\\/www.smedemokrati.sk\\\/?s={search_term_string}\"},\"query-input\":{\"@type\":\"PropertyValueSpecification\",\"valueRequired\":true,\"valueName\":\"search_term_string\"}}],\"inLanguage\":\"cs-CZ\"},{\"@type\":\"Organization\",\"@id\":\"https:\\\/\\\/www.smedemokrati.sk\\\/#organization\",\"name\":\"Smedemokrati.sk\",\"url\":\"https:\\\/\\\/www.smedemokrati.sk\\\/\",\"logo\":{\"@type\":\"ImageObject\",\"inLanguage\":\"cs-CZ\",\"@id\":\"https:\\\/\\\/www.smedemokrati.sk\\\/#\\\/schema\\\/logo\\\/image\\\/\",\"url\":\"https:\\\/\\\/www.smedemokrati.sk\\\/wp-content\\\/uploads\\\/2023\\\/04\\\/ff.002.jpeg\",\"contentUrl\":\"https:\\\/\\\/www.smedemokrati.sk\\\/wp-content\\\/uploads\\\/2023\\\/04\\\/ff.002.jpeg\",\"width\":640,\"height\":480,\"caption\":\"Smedemokrati.sk\"},\"image\":{\"@id\":\"https:\\\/\\\/www.smedemokrati.sk\\\/#\\\/schema\\\/logo\\\/image\\\/\"},\"sameAs\":[\"https:\\\/\\\/www.facebook.com\\\/smedemokrati2023\"]},{\"@type\":\"Person\",\"@id\":\"https:\\\/\\\/www.smedemokrati.sk\\\/#\\\/schema\\\/person\\\/21f147c88d605aa7ded900e1e7c344ba\",\"name\":\"miro.sopko\",\"image\":{\"@type\":\"ImageObject\",\"inLanguage\":\"cs-CZ\",\"@id\":\"https:\\\/\\\/secure.gravatar.com\\\/avatar\\\/267e4a36f704376c109afe3a78740c1f5dd8675a2180a908699e7863c9247606?s=96&d=mm&r=g\",\"url\":\"https:\\\/\\\/secure.gravatar.com\\\/avatar\\\/267e4a36f704376c109afe3a78740c1f5dd8675a2180a908699e7863c9247606?s=96&d=mm&r=g\",\"contentUrl\":\"https:\\\/\\\/secure.gravatar.com\\\/avatar\\\/267e4a36f704376c109afe3a78740c1f5dd8675a2180a908699e7863c9247606?s=96&d=mm&r=g\",\"caption\":\"miro.sopko\"},\"url\":\"https:\\\/\\\/www.smedemokrati.sk\\\/cs\\\/author\\\/miro-sopko\\\/\"}]}<\/script>\n<!-- \/ Yoast SEO plugin. -->","yoast_head_json":{"title":"Zru\u0161enie transak\u010dnej dane je v\u00edtan\u00e1 vec","description":"Demokrati varovali pred transak\u010dnou da\u0148ou e\u0161te pred jej samotn\u00fdm zaveden\u00edm a s\u00fa jej hlasn\u00fdmi kritikmi cel\u00fd \u010das. Preto jej ohl\u00e1sen\u00e9 zru\u0161enie v\u00edtame.","robots":{"index":"index","follow":"follow","max-snippet":"max-snippet:-1","max-image-preview":"max-image-preview:large","max-video-preview":"max-video-preview:-1"},"canonical":"https:\/\/www.smedemokrati.sk\/cs\/zrusenie-transakcnej-dane-je-vitana-vec-kto-za-nu-ale-ponesie-zodpovednost\/","og_locale":"cs_CZ","og_type":"article","og_title":"[:sk]Zru\u0161enie transak\u010dnej dane je v\u00edtan\u00e1 vec[:]","og_description":"[:sk]Demokrati varovali pred transak\u010dnou da\u0148ou e\u0161te pred jej samotn\u00fdm zaveden\u00edm a s\u00fa jej hlasn\u00fdmi kritikmi cel\u00fd \u010das. Preto jej ohl\u00e1sen\u00e9 zru\u0161enie v\u00edtame.[:]","og_url":"https:\/\/www.smedemokrati.sk\/cs\/zrusenie-transakcnej-dane-je-vitana-vec-kto-za-nu-ale-ponesie-zodpovednost\/","og_site_name":"Smedemokrati.sk","article_publisher":"https:\/\/www.facebook.com\/smedemokrati2023","article_published_time":"2026-08-25T18:37:23+00:00","article_modified_time":"2026-08-25T18:37:24+00:00","og_image":[{"width":1280,"height":720,"url":"https:\/\/www.smedemokrati.sk\/wp-content\/uploads\/2026\/08\/sumbal.jpg","type":"image\/jpeg"}],"author":"miro.sopko","twitter_card":"summary_large_image","twitter_misc":{"Napsal(a)":"miro.sopko","Odhadovan\u00e1 doba \u010dten\u00ed":"3 minuty"},"schema":{"@context":"https:\/\/schema.org","@graph":[{"@type":"Article","@id":"https:\/\/www.smedemokrati.sk\/zrusenie-transakcnej-dane-je-vitana-vec-kto-za-nu-ale-ponesie-zodpovednost\/#article","isPartOf":{"@id":"https:\/\/www.smedemokrati.sk\/zrusenie-transakcnej-dane-je-vitana-vec-kto-za-nu-ale-ponesie-zodpovednost\/"},"author":{"name":"miro.sopko","@id":"https:\/\/www.smedemokrati.sk\/#\/schema\/person\/21f147c88d605aa7ded900e1e7c344ba"},"headline":"Zru\u0161enie transak\u010dnej dane je v\u00edtan\u00e1 vec. Kto za \u0148u ale ponesie zodpovednos\u0165?","datePublished":"2026-08-25T18:37:23+00:00","dateModified":"2026-08-25T18:37:24+00:00","mainEntityOfPage":{"@id":"https:\/\/www.smedemokrati.sk\/zrusenie-transakcnej-dane-je-vitana-vec-kto-za-nu-ale-ponesie-zodpovednost\/"},"wordCount":591,"publisher":{"@id":"https:\/\/www.smedemokrati.sk\/#organization"},"image":{"@id":"https:\/\/www.smedemokrati.sk\/zrusenie-transakcnej-dane-je-vitana-vec-kto-za-nu-ale-ponesie-zodpovednost\/#primaryimage"},"thumbnailUrl":"https:\/\/www.smedemokrati.sk\/wp-content\/uploads\/2026\/08\/sumbal.jpg","articleSection":["Tla\u010dov\u00e9 spr\u00e1vy"],"inLanguage":"cs-CZ"},{"@type":"WebPage","@id":"https:\/\/www.smedemokrati.sk\/zrusenie-transakcnej-dane-je-vitana-vec-kto-za-nu-ale-ponesie-zodpovednost\/","url":"https:\/\/www.smedemokrati.sk\/zrusenie-transakcnej-dane-je-vitana-vec-kto-za-nu-ale-ponesie-zodpovednost\/","name":"Zru\u0161enie transak\u010dnej dane je v\u00edtan\u00e1 vec","isPartOf":{"@id":"https:\/\/www.smedemokrati.sk\/#website"},"primaryImageOfPage":{"@id":"https:\/\/www.smedemokrati.sk\/zrusenie-transakcnej-dane-je-vitana-vec-kto-za-nu-ale-ponesie-zodpovednost\/#primaryimage"},"image":{"@id":"https:\/\/www.smedemokrati.sk\/zrusenie-transakcnej-dane-je-vitana-vec-kto-za-nu-ale-ponesie-zodpovednost\/#primaryimage"},"thumbnailUrl":"https:\/\/www.smedemokrati.sk\/wp-content\/uploads\/2026\/08\/sumbal.jpg","datePublished":"2026-08-25T18:37:23+00:00","dateModified":"2026-08-25T18:37:24+00:00","description":"Demokrati varovali pred transak\u010dnou da\u0148ou e\u0161te pred jej samotn\u00fdm zaveden\u00edm a s\u00fa jej hlasn\u00fdmi kritikmi cel\u00fd \u010das. Preto jej ohl\u00e1sen\u00e9 zru\u0161enie v\u00edtame.","breadcrumb":{"@id":"https:\/\/www.smedemokrati.sk\/zrusenie-transakcnej-dane-je-vitana-vec-kto-za-nu-ale-ponesie-zodpovednost\/#breadcrumb"},"inLanguage":"cs-CZ","potentialAction":[{"@type":"ReadAction","target":["https:\/\/www.smedemokrati.sk\/zrusenie-transakcnej-dane-je-vitana-vec-kto-za-nu-ale-ponesie-zodpovednost\/"]}]},{"@type":"ImageObject","inLanguage":"cs-CZ","@id":"https:\/\/www.smedemokrati.sk\/zrusenie-transakcnej-dane-je-vitana-vec-kto-za-nu-ale-ponesie-zodpovednost\/#primaryimage","url":"https:\/\/www.smedemokrati.sk\/wp-content\/uploads\/2026\/08\/sumbal.jpg","contentUrl":"https:\/\/www.smedemokrati.sk\/wp-content\/uploads\/2026\/08\/sumbal.jpg","width":1280,"height":720},{"@type":"BreadcrumbList","@id":"https:\/\/www.smedemokrati.sk\/zrusenie-transakcnej-dane-je-vitana-vec-kto-za-nu-ale-ponesie-zodpovednost\/#breadcrumb","itemListElement":[{"@type":"ListItem","position":1,"name":"Domovsk\u00e1 str\u00e1nka","item":"https:\/\/www.smedemokrati.sk\/"},{"@type":"ListItem","position":2,"name":"Zru\u0161enie transak\u010dnej dane je v\u00edtan\u00e1 vec. Kto za \u0148u ale ponesie zodpovednos\u0165?"}]},{"@type":"WebSite","@id":"https:\/\/www.smedemokrati.sk\/#website","url":"https:\/\/www.smedemokrati.sk\/","name":"Smedemokrati.sk","description":"Demokracia a slu\u0161nos\u0165 zv\u00ed\u0165az\u00ed","publisher":{"@id":"https:\/\/www.smedemokrati.sk\/#organization"},"potentialAction":[{"@type":"SearchAction","target":{"@type":"EntryPoint","urlTemplate":"https:\/\/www.smedemokrati.sk\/?s={search_term_string}"},"query-input":{"@type":"PropertyValueSpecification","valueRequired":true,"valueName":"search_term_string"}}],"inLanguage":"cs-CZ"},{"@type":"Organization","@id":"https:\/\/www.smedemokrati.sk\/#organization","name":"Smedemokrati.sk","url":"https:\/\/www.smedemokrati.sk\/","logo":{"@type":"ImageObject","inLanguage":"cs-CZ","@id":"https:\/\/www.smedemokrati.sk\/#\/schema\/logo\/image\/","url":"https:\/\/www.smedemokrati.sk\/wp-content\/uploads\/2023\/04\/ff.002.jpeg","contentUrl":"https:\/\/www.smedemokrati.sk\/wp-content\/uploads\/2023\/04\/ff.002.jpeg","width":640,"height":480,"caption":"Smedemokrati.sk"},"image":{"@id":"https:\/\/www.smedemokrati.sk\/#\/schema\/logo\/image\/"},"sameAs":["https:\/\/www.facebook.com\/smedemokrati2023"]},{"@type":"Person","@id":"https:\/\/www.smedemokrati.sk\/#\/schema\/person\/21f147c88d605aa7ded900e1e7c344ba","name":"miro.sopko","image":{"@type":"ImageObject","inLanguage":"cs-CZ","@id":"https:\/\/secure.gravatar.com\/avatar\/267e4a36f704376c109afe3a78740c1f5dd8675a2180a908699e7863c9247606?s=96&d=mm&r=g","url":"https:\/\/secure.gravatar.com\/avatar\/267e4a36f704376c109afe3a78740c1f5dd8675a2180a908699e7863c9247606?s=96&d=mm&r=g","contentUrl":"https:\/\/secure.gravatar.com\/avatar\/267e4a36f704376c109afe3a78740c1f5dd8675a2180a908699e7863c9247606?s=96&d=mm&r=g","caption":"miro.sopko"},"url":"https:\/\/www.smedemokrati.sk\/cs\/author\/miro-sopko\/"}]}},"_links":{"self":[{"href":"https:\/\/www.smedemokrati.sk\/cs\/wp-json\/wp\/v2\/posts\/9980","targetHints":{"allow":["GET"]}}],"collection":[{"href":"https:\/\/www.smedemokrati.sk\/cs\/wp-json\/wp\/v2\/posts"}],"about":[{"href":"https:\/\/www.smedemokrati.sk\/cs\/wp-json\/wp\/v2\/types\/post"}],"author":[{"embeddable":true,"href":"https:\/\/www.smedemokrati.sk\/cs\/wp-json\/wp\/v2\/users\/13"}],"replies":[{"embeddable":true,"href":"https:\/\/www.smedemokrati.sk\/cs\/wp-json\/wp\/v2\/comments?post=9980"}],"version-history":[{"count":1,"href":"https:\/\/www.smedemokrati.sk\/cs\/wp-json\/wp\/v2\/posts\/9980\/revisions"}],"predecessor-version":[{"id":9982,"href":"https:\/\/www.smedemokrati.sk\/cs\/wp-json\/wp\/v2\/posts\/9980\/revisions\/9982"}],"wp:featuredmedia":[{"embeddable":true,"href":"https:\/\/www.smedemokrati.sk\/cs\/wp-json\/wp\/v2\/media\/9981"}],"wp:attachment":[{"href":"https:\/\/www.smedemokrati.sk\/cs\/wp-json\/wp\/v2\/media?parent=9980"}],"wp:term":[{"taxonomy":"category","embeddable":true,"href":"https:\/\/www.smedemokrati.sk\/cs\/wp-json\/wp\/v2\/categories?post=9980"},{"taxonomy":"post_tag","embeddable":true,"href":"https:\/\/www.smedemokrati.sk\/cs\/wp-json\/wp\/v2\/tags?post=9980"}],"curies":[{"name":"wp","href":"https:\/\/api.w.org\/{rel}","templated":true}]}}