{"id":9254,"date":"2026-04-27T12:42:48","date_gmt":"2026-04-27T11:42:48","guid":{"rendered":"https:\/\/www.smedemokrati.sk\/?p=9254"},"modified":"2026-04-27T12:44:10","modified_gmt":"2026-04-27T11:44:10","slug":"solak-pridelil-kissovo-trestne-oznamenie-na-ubok-policia-chrani-mocnych-nie-oznamovatelov","status":"publish","type":"post","link":"https:\/\/www.smedemokrati.sk\/cs\/solak-pridelil-kissovo-trestne-oznamenie-na-ubok-policia-chrani-mocnych-nie-oznamovatelov\/","title":{"rendered":"Sol\u00e1k pridelil Kissovo trestn\u00e9 ozn\u00e1menie na \u00daBOK. Pol\u00edcia chr\u00e1ni mocn\u00fdch, nie oznamovate\u013eov"},"content":{"rendered":"<div id=\"fb-root\"><\/div>\n\n<p><strong>Policajn\u00fd prezident \u013dubom\u00edr Sol\u00e1k rozhodol, \u017ee trestn\u00e9 ozn\u00e1menie, ktor\u00e9 podal prezident Finan\u010dnej spr\u00e1vy Jozef Kiss na Zuzanu \u0160ubov\u00fa pre \u00fadajn\u00e9 ohov\u00e1ranie a nebezpe\u010dn\u00e9 prenasledovanie, nebude rie\u0161i\u0165 be\u017en\u00e9 obvodn\u00e9 oddelenie pol\u00edcie, ale priamo \u00darad boja proti organizovanej kriminalite (\u00daBOK).<\/strong><\/p>\n\n\n\n<p>D\u00f4vodom pod\u013ea samotn\u00e9ho rozhodnutia nebola z\u00e1va\u017enos\u0165 skutku, ale funkcia po\u0161koden\u00e9ho \u2013 teda to, \u017ee ide o prezidenta Finan\u010dnej spr\u00e1vy.<\/p>\n\n\n\n<p>Demokrati a Pir\u00e1ti upozor\u0148uj\u00fa, \u017ee ide o jasn\u00fd pr\u00edklad zneu\u017e\u00edvania pol\u00edcie na ochranu mocn\u00fdch \u013eud\u00ed a zastra\u0161ovanie t\u00fdch, ktor\u00ed upozor\u0148uj\u00fa na korupciu a rozkr\u00e1danie eurofondov na P\u00f4dohospod\u00e1rskej platobnej agent\u00fare.<\/p>\n\n\n\n<p><em>\u201eAk pre\u010din ohov\u00e1rania rie\u0161i \u00daBOK len preto, \u017ee ozn\u00e1menie podal prezident Finan\u010dnej spr\u00e1vy, tak tu u\u017e neplat\u00ed rovnos\u0165 pred z\u00e1konom. \u00daBOK m\u00e1 vy\u0161etrova\u0165 organizovan\u00fd zlo\u010din, nie sl\u00fa\u017ei\u0165 ako ochranka pre \u013eud\u00ed napojen\u00fdch na moc. Toto je uk\u00e1\u017eka toho, ako sa rozklad\u00e1 pr\u00e1vny \u0161t\u00e1t,\u201c<\/em>&nbsp;vyhl\u00e1sil podpredseda Demokratov Juraj \u0160eliga.<\/p>\n\n\n\n<p>Predsedn\u00ed\u010dka Pir\u00e1tov Zuzana \u0160ubov\u00e1 z\u00e1rove\u0148 pripom\u00edna, \u017ee pr\u00e1ve Jozef Kiss je \u010dlovek, ktor\u00e9ho samotn\u00e1 pol\u00edcia aj Slovensk\u00e1 informa\u010dn\u00e1 slu\u017eba usved\u010dili z nepravdivej v\u00fdpovede.<\/p>\n\n\n\n<p><em>\u201eJozef Kiss tvrdil, \u017ee korupciu pri 60-mili\u00f3novej IT z\u00e1kazke ozn\u00e1mil SIS. SIS v\u0161ak ofici\u00e1lne potvrdila, \u017ee nikdy ni\u010d tak\u00e9 neozn\u00e1mil. Vy\u0161etrovate\u013e \u00daBOK n\u00e1sledne uviedol, \u017ee jeho osoba je v celom rozsahu ned\u00f4veryhodn\u00e1. Napriek tomu dnes \u0161t\u00e1t chr\u00e1ni jeho a nie \u013eud\u00ed, ktor\u00ed na korupciu upozor\u0148uj\u00fa. To je absurdn\u00e9,\u201c<\/em>&nbsp;uviedla \u0160ubov\u00e1.<\/p>\n\n\n\n<p>Pod\u013ea nej boli na PPA cel\u00e9 roky vypl\u00e1can\u00e9 eurofondy aj obvinen\u00fdm a ob\u017ealovan\u00fdm firm\u00e1m, \u010d\u00edm vznikli mili\u00f3nov\u00e9 \u0161kody. Namiesto vyvodenia zodpovednosti v\u0161ak \u0161t\u00e1t \u00fato\u010d\u00ed na oznamovate\u013eov.<\/p>\n\n\n\n<p><em>\u201eK\u00fdm my prin\u00e1\u0161ame d\u00f4kazy o rozkr\u00e1dan\u00ed eurofondov, oni pres\u00favaj\u00fa trestn\u00e9 ozn\u00e1menia na \u0161peci\u00e1lne \u00fatvary, aby chr\u00e1nili svojich \u013eud\u00ed. Toto nie je boj proti korupcii. Toto je ochrana syst\u00e9mu, ktor\u00fd korupciu \u017eiv\u00ed,\u201c<\/em>&nbsp;dodal Juraj \u0160eliga.<\/p>\n\n\n\n<p>Demokrati a Pir\u00e1ti bud\u00fa o pr\u00edpade informova\u0165 aj Eur\u00f3psku komisiu a Eur\u00f3psku prokurat\u00faru, preto\u017ee pod\u013ea nich ide o v\u00e1\u017ene ohrozenie ochrany finan\u010dn\u00fdch z\u00e1ujmov Eur\u00f3pskej \u00fanie.<\/p>\n\n\n\n<figure class=\"wp-block-embed is-type-video is-provider-youtube wp-block-embed-youtube wp-embed-aspect-16-9 wp-has-aspect-ratio\"><div class=\"wp-block-embed__wrapper\">\n<iframe title=\"Live: Pre\u010do je slovensk\u00e1 PPA probl\u00e9m? Ako Tak\u00e1\u010d a Ki\u0161\u0161 ohrozuj\u00fa slovensk\u00fdch farm\u00e1rov?\" width=\"500\" height=\"281\" src=\"https:\/\/www.youtube.com\/embed\/dO-xiyjaMKQ?feature=oembed\" frameborder=\"0\" allow=\"accelerometer; autoplay; clipboard-write; encrypted-media; gyroscope; picture-in-picture; web-share\" referrerpolicy=\"strict-origin-when-cross-origin\" allowfullscreen><\/iframe>\n<\/div><\/figure>\n","protected":false},"excerpt":{"rendered":"<p>Policajn\u00fd prezident \u013dubom\u00edr Sol\u00e1k rozhodol, \u017ee trestn\u00e9 ozn\u00e1menie, ktor\u00e9 podal prezident Finan\u010dnej spr\u00e1vy Jozef Kiss na Zuzanu \u0160ubov\u00fa pre \u00fadajn\u00e9 ohov\u00e1ranie a nebezpe\u010dn\u00e9 prenasledovanie, nebude rie\u0161i\u0165 be\u017en\u00e9 obvodn\u00e9 oddelenie pol\u00edcie, ale priamo \u00darad boja proti organizovanej kriminalite (\u00daBOK). D\u00f4vodom pod\u013ea samotn\u00e9ho rozhodnutia nebola z\u00e1va\u017enos\u0165 skutku, ale funkcia po\u0161koden\u00e9ho \u2013 teda to, \u017ee ide o prezidenta [&hellip;]<\/p>\n","protected":false},"author":13,"featured_media":9255,"comment_status":"closed","ping_status":"closed","sticky":false,"template":"","format":"standard","meta":{"_acf_changed":false,"ngg_post_thumbnail":0,"footnotes":""},"categories":[4],"tags":[],"class_list":["post-9254","post","type-post","status-publish","format-standard","has-post-thumbnail","hentry","category-tlacove-spravy"],"acf":[],"yoast_head":"<!-- This site is optimized with the Yoast SEO plugin v27.2 - https:\/\/yoast.com\/product\/yoast-seo-wordpress\/ -->\n<title>Sol\u00e1k pridelil Kissovo trestn\u00e9 ozn\u00e1menie na \u00daBOK. Pol\u00edcia chr\u00e1ni mocn\u00fdch, nie oznamovate\u013eov<\/title>\n<meta name=\"robots\" content=\"index, follow, max-snippet:-1, max-image-preview:large, max-video-preview:-1\" \/>\n<link rel=\"canonical\" href=\"https:\/\/www.smedemokrati.sk\/cs\/solak-pridelil-kissovo-trestne-oznamenie-na-ubok-policia-chrani-mocnych-nie-oznamovatelov\/\" \/>\n<meta property=\"og:locale\" content=\"cs_CZ\" \/>\n<meta property=\"og:locale:alternate\" content=\"en_US\" \/>\n<meta property=\"og:locale:alternate\" content=\"hu_HU\" \/>\n<meta property=\"og:locale:alternate\" content=\"sk_SK\" \/>\n<meta property=\"og:locale:alternate\" content=\"sv_SE\" \/>\n<meta property=\"og:type\" content=\"article\" \/>\n<meta property=\"og:title\" content=\"Sol\u00e1k pridelil Kissovo trestn\u00e9 ozn\u00e1menie na \u00daBOK. Pol\u00edcia chr\u00e1ni mocn\u00fdch, nie oznamovate\u013eov\" \/>\n<meta property=\"og:description\" content=\"Policajn\u00fd prezident \u013dubom\u00edr Sol\u00e1k rozhodol, \u017ee trestn\u00e9 ozn\u00e1menie, ktor\u00e9 podal prezident Finan\u010dnej spr\u00e1vy Jozef Kiss na Zuzanu \u0160ubov\u00fa pre \u00fadajn\u00e9 ohov\u00e1ranie a nebezpe\u010dn\u00e9 prenasledovanie, nebude rie\u0161i\u0165 be\u017en\u00e9 obvodn\u00e9 oddelenie pol\u00edcie, ale priamo \u00darad boja proti organizovanej kriminalite (\u00daBOK). D\u00f4vodom pod\u013ea samotn\u00e9ho rozhodnutia nebola z\u00e1va\u017enos\u0165 skutku, ale funkcia po\u0161koden\u00e9ho \u2013 teda to, \u017ee ide o prezidenta [&hellip;]\" \/>\n<meta property=\"og:url\" content=\"https:\/\/www.smedemokrati.sk\/cs\/solak-pridelil-kissovo-trestne-oznamenie-na-ubok-policia-chrani-mocnych-nie-oznamovatelov\/\" \/>\n<meta property=\"og:site_name\" content=\"Smedemokrati.sk\" \/>\n<meta property=\"article:publisher\" content=\"https:\/\/www.facebook.com\/smedemokrati2023\" \/>\n<meta property=\"article:published_time\" content=\"2026-04-27T11:42:48+00:00\" \/>\n<meta property=\"article:modified_time\" content=\"2026-04-27T11:44:10+00:00\" \/>\n<meta property=\"og:image\" content=\"https:\/\/www.smedemokrati.sk\/wp-content\/uploads\/2026\/04\/ubok-utoci-e1777290242662.jpg\" \/>\n\t<meta property=\"og:image:width\" content=\"1080\" \/>\n\t<meta property=\"og:image:height\" content=\"727\" \/>\n\t<meta property=\"og:image:type\" content=\"image\/jpeg\" \/>\n<meta name=\"author\" content=\"miro.sopko\" \/>\n<meta name=\"twitter:card\" content=\"summary_large_image\" \/>\n<meta name=\"twitter:label1\" content=\"Napsal(a)\" \/>\n\t<meta name=\"twitter:data1\" content=\"miro.sopko\" \/>\n\t<meta name=\"twitter:label2\" content=\"Odhadovan\u00e1 doba \u010dten\u00ed\" \/>\n\t<meta name=\"twitter:data2\" content=\"2 minuty\" \/>\n<script type=\"application\/ld+json\" class=\"yoast-schema-graph\">{\"@context\":\"https:\/\/schema.org\",\"@graph\":[{\"@type\":\"Article\",\"@id\":\"https:\/\/www.smedemokrati.sk\/solak-pridelil-kissovo-trestne-oznamenie-na-ubok-policia-chrani-mocnych-nie-oznamovatelov\/#article\",\"isPartOf\":{\"@id\":\"https:\/\/www.smedemokrati.sk\/solak-pridelil-kissovo-trestne-oznamenie-na-ubok-policia-chrani-mocnych-nie-oznamovatelov\/\"},\"author\":{\"name\":\"miro.sopko\",\"@id\":\"https:\/\/www.smedemokrati.sk\/#\/schema\/person\/21f147c88d605aa7ded900e1e7c344ba\"},\"headline\":\"Sol\u00e1k pridelil Kissovo trestn\u00e9 ozn\u00e1menie na \u00daBOK. Pol\u00edcia chr\u00e1ni mocn\u00fdch, nie oznamovate\u013eov\",\"datePublished\":\"2026-04-27T11:42:48+00:00\",\"dateModified\":\"2026-04-27T11:44:10+00:00\",\"mainEntityOfPage\":{\"@id\":\"https:\/\/www.smedemokrati.sk\/solak-pridelil-kissovo-trestne-oznamenie-na-ubok-policia-chrani-mocnych-nie-oznamovatelov\/\"},\"wordCount\":422,\"publisher\":{\"@id\":\"https:\/\/www.smedemokrati.sk\/#organization\"},\"image\":{\"@id\":\"https:\/\/www.smedemokrati.sk\/solak-pridelil-kissovo-trestne-oznamenie-na-ubok-policia-chrani-mocnych-nie-oznamovatelov\/#primaryimage\"},\"thumbnailUrl\":\"https:\/\/www.smedemokrati.sk\/wp-content\/uploads\/2026\/04\/ubok-utoci-e1777290242662.jpg\",\"articleSection\":[\"Tla\u010dov\u00e9 spr\u00e1vy\"],\"inLanguage\":\"cs-CZ\"},{\"@type\":\"WebPage\",\"@id\":\"https:\/\/www.smedemokrati.sk\/solak-pridelil-kissovo-trestne-oznamenie-na-ubok-policia-chrani-mocnych-nie-oznamovatelov\/\",\"url\":\"https:\/\/www.smedemokrati.sk\/solak-pridelil-kissovo-trestne-oznamenie-na-ubok-policia-chrani-mocnych-nie-oznamovatelov\/\",\"name\":\"Sol\u00e1k pridelil Kissovo trestn\u00e9 ozn\u00e1menie na \u00daBOK. Pol\u00edcia chr\u00e1ni mocn\u00fdch, nie oznamovate\u013eov\",\"isPartOf\":{\"@id\":\"https:\/\/www.smedemokrati.sk\/#website\"},\"primaryImageOfPage\":{\"@id\":\"https:\/\/www.smedemokrati.sk\/solak-pridelil-kissovo-trestne-oznamenie-na-ubok-policia-chrani-mocnych-nie-oznamovatelov\/#primaryimage\"},\"image\":{\"@id\":\"https:\/\/www.smedemokrati.sk\/solak-pridelil-kissovo-trestne-oznamenie-na-ubok-policia-chrani-mocnych-nie-oznamovatelov\/#primaryimage\"},\"thumbnailUrl\":\"https:\/\/www.smedemokrati.sk\/wp-content\/uploads\/2026\/04\/ubok-utoci-e1777290242662.jpg\",\"datePublished\":\"2026-04-27T11:42:48+00:00\",\"dateModified\":\"2026-04-27T11:44:10+00:00\",\"breadcrumb\":{\"@id\":\"https:\/\/www.smedemokrati.sk\/solak-pridelil-kissovo-trestne-oznamenie-na-ubok-policia-chrani-mocnych-nie-oznamovatelov\/#breadcrumb\"},\"inLanguage\":\"cs-CZ\",\"potentialAction\":[{\"@type\":\"ReadAction\",\"target\":[\"https:\/\/www.smedemokrati.sk\/solak-pridelil-kissovo-trestne-oznamenie-na-ubok-policia-chrani-mocnych-nie-oznamovatelov\/\"]}]},{\"@type\":\"ImageObject\",\"inLanguage\":\"cs-CZ\",\"@id\":\"https:\/\/www.smedemokrati.sk\/solak-pridelil-kissovo-trestne-oznamenie-na-ubok-policia-chrani-mocnych-nie-oznamovatelov\/#primaryimage\",\"url\":\"https:\/\/www.smedemokrati.sk\/wp-content\/uploads\/2026\/04\/ubok-utoci-e1777290242662.jpg\",\"contentUrl\":\"https:\/\/www.smedemokrati.sk\/wp-content\/uploads\/2026\/04\/ubok-utoci-e1777290242662.jpg\",\"width\":1080,\"height\":727},{\"@type\":\"BreadcrumbList\",\"@id\":\"https:\/\/www.smedemokrati.sk\/solak-pridelil-kissovo-trestne-oznamenie-na-ubok-policia-chrani-mocnych-nie-oznamovatelov\/#breadcrumb\",\"itemListElement\":[{\"@type\":\"ListItem\",\"position\":1,\"name\":\"Domovsk\u00e1 str\u00e1nka\",\"item\":\"https:\/\/www.smedemokrati.sk\/\"},{\"@type\":\"ListItem\",\"position\":2,\"name\":\"Sol\u00e1k pridelil Kissovo trestn\u00e9 ozn\u00e1menie na \u00daBOK. Pol\u00edcia chr\u00e1ni mocn\u00fdch, nie oznamovate\u013eov\"}]},{\"@type\":\"WebSite\",\"@id\":\"https:\/\/www.smedemokrati.sk\/#website\",\"url\":\"https:\/\/www.smedemokrati.sk\/\",\"name\":\"Smedemokrati.sk\",\"description\":\"Demokracia a slu\u0161nos\u0165 zv\u00ed\u0165az\u00ed\",\"publisher\":{\"@id\":\"https:\/\/www.smedemokrati.sk\/#organization\"},\"potentialAction\":[{\"@type\":\"SearchAction\",\"target\":{\"@type\":\"EntryPoint\",\"urlTemplate\":\"https:\/\/www.smedemokrati.sk\/?s={search_term_string}\"},\"query-input\":{\"@type\":\"PropertyValueSpecification\",\"valueRequired\":true,\"valueName\":\"search_term_string\"}}],\"inLanguage\":\"cs-CZ\"},{\"@type\":\"Organization\",\"@id\":\"https:\/\/www.smedemokrati.sk\/#organization\",\"name\":\"Smedemokrati.sk\",\"url\":\"https:\/\/www.smedemokrati.sk\/\",\"logo\":{\"@type\":\"ImageObject\",\"inLanguage\":\"cs-CZ\",\"@id\":\"https:\/\/www.smedemokrati.sk\/#\/schema\/logo\/image\/\",\"url\":\"https:\/\/www.smedemokrati.sk\/wp-content\/uploads\/2023\/04\/ff.002.jpeg\",\"contentUrl\":\"https:\/\/www.smedemokrati.sk\/wp-content\/uploads\/2023\/04\/ff.002.jpeg\",\"width\":640,\"height\":480,\"caption\":\"Smedemokrati.sk\"},\"image\":{\"@id\":\"https:\/\/www.smedemokrati.sk\/#\/schema\/logo\/image\/\"},\"sameAs\":[\"https:\/\/www.facebook.com\/smedemokrati2023\"]},{\"@type\":\"Person\",\"@id\":\"https:\/\/www.smedemokrati.sk\/#\/schema\/person\/21f147c88d605aa7ded900e1e7c344ba\",\"name\":\"miro.sopko\",\"image\":{\"@type\":\"ImageObject\",\"inLanguage\":\"cs-CZ\",\"@id\":\"https:\/\/secure.gravatar.com\/avatar\/267e4a36f704376c109afe3a78740c1f5dd8675a2180a908699e7863c9247606?s=96&d=mm&r=g\",\"url\":\"https:\/\/secure.gravatar.com\/avatar\/267e4a36f704376c109afe3a78740c1f5dd8675a2180a908699e7863c9247606?s=96&d=mm&r=g\",\"contentUrl\":\"https:\/\/secure.gravatar.com\/avatar\/267e4a36f704376c109afe3a78740c1f5dd8675a2180a908699e7863c9247606?s=96&d=mm&r=g\",\"caption\":\"miro.sopko\"},\"url\":\"https:\/\/www.smedemokrati.sk\/cs\/author\/miro-sopko\/\"}]}<\/script>\n<!-- \/ Yoast SEO plugin. -->","yoast_head_json":{"title":"Sol\u00e1k pridelil Kissovo trestn\u00e9 ozn\u00e1menie na \u00daBOK. Pol\u00edcia chr\u00e1ni mocn\u00fdch, nie oznamovate\u013eov","robots":{"index":"index","follow":"follow","max-snippet":"max-snippet:-1","max-image-preview":"max-image-preview:large","max-video-preview":"max-video-preview:-1"},"canonical":"https:\/\/www.smedemokrati.sk\/cs\/solak-pridelil-kissovo-trestne-oznamenie-na-ubok-policia-chrani-mocnych-nie-oznamovatelov\/","og_locale":"cs_CZ","og_type":"article","og_title":"[:sk]Sol\u00e1k pridelil Kissovo trestn\u00e9 ozn\u00e1menie na \u00daBOK. Pol\u00edcia chr\u00e1ni mocn\u00fdch, nie oznamovate\u013eov[:] - Smedemokrati.sk","og_description":"Policajn\u00fd prezident \u013dubom\u00edr Sol\u00e1k rozhodol, \u017ee trestn\u00e9 ozn\u00e1menie, ktor\u00e9 podal prezident Finan\u010dnej spr\u00e1vy Jozef Kiss na Zuzanu \u0160ubov\u00fa pre \u00fadajn\u00e9 ohov\u00e1ranie a nebezpe\u010dn\u00e9 prenasledovanie, nebude rie\u0161i\u0165 be\u017en\u00e9 obvodn\u00e9 oddelenie pol\u00edcie, ale priamo \u00darad boja proti organizovanej kriminalite (\u00daBOK). D\u00f4vodom pod\u013ea samotn\u00e9ho rozhodnutia nebola z\u00e1va\u017enos\u0165 skutku, ale funkcia po\u0161koden\u00e9ho \u2013 teda to, \u017ee ide o prezidenta [&hellip;]","og_url":"https:\/\/www.smedemokrati.sk\/cs\/solak-pridelil-kissovo-trestne-oznamenie-na-ubok-policia-chrani-mocnych-nie-oznamovatelov\/","og_site_name":"Smedemokrati.sk","article_publisher":"https:\/\/www.facebook.com\/smedemokrati2023","article_published_time":"2026-04-27T11:42:48+00:00","article_modified_time":"2026-04-27T11:44:10+00:00","og_image":[{"width":1080,"height":727,"url":"https:\/\/www.smedemokrati.sk\/wp-content\/uploads\/2026\/04\/ubok-utoci-e1777290242662.jpg","type":"image\/jpeg"}],"author":"miro.sopko","twitter_card":"summary_large_image","twitter_misc":{"Napsal(a)":"miro.sopko","Odhadovan\u00e1 doba \u010dten\u00ed":"2 minuty"},"schema":{"@context":"https:\/\/schema.org","@graph":[{"@type":"Article","@id":"https:\/\/www.smedemokrati.sk\/solak-pridelil-kissovo-trestne-oznamenie-na-ubok-policia-chrani-mocnych-nie-oznamovatelov\/#article","isPartOf":{"@id":"https:\/\/www.smedemokrati.sk\/solak-pridelil-kissovo-trestne-oznamenie-na-ubok-policia-chrani-mocnych-nie-oznamovatelov\/"},"author":{"name":"miro.sopko","@id":"https:\/\/www.smedemokrati.sk\/#\/schema\/person\/21f147c88d605aa7ded900e1e7c344ba"},"headline":"Sol\u00e1k pridelil Kissovo trestn\u00e9 ozn\u00e1menie na \u00daBOK. Pol\u00edcia chr\u00e1ni mocn\u00fdch, nie oznamovate\u013eov","datePublished":"2026-04-27T11:42:48+00:00","dateModified":"2026-04-27T11:44:10+00:00","mainEntityOfPage":{"@id":"https:\/\/www.smedemokrati.sk\/solak-pridelil-kissovo-trestne-oznamenie-na-ubok-policia-chrani-mocnych-nie-oznamovatelov\/"},"wordCount":422,"publisher":{"@id":"https:\/\/www.smedemokrati.sk\/#organization"},"image":{"@id":"https:\/\/www.smedemokrati.sk\/solak-pridelil-kissovo-trestne-oznamenie-na-ubok-policia-chrani-mocnych-nie-oznamovatelov\/#primaryimage"},"thumbnailUrl":"https:\/\/www.smedemokrati.sk\/wp-content\/uploads\/2026\/04\/ubok-utoci-e1777290242662.jpg","articleSection":["Tla\u010dov\u00e9 spr\u00e1vy"],"inLanguage":"cs-CZ"},{"@type":"WebPage","@id":"https:\/\/www.smedemokrati.sk\/solak-pridelil-kissovo-trestne-oznamenie-na-ubok-policia-chrani-mocnych-nie-oznamovatelov\/","url":"https:\/\/www.smedemokrati.sk\/solak-pridelil-kissovo-trestne-oznamenie-na-ubok-policia-chrani-mocnych-nie-oznamovatelov\/","name":"Sol\u00e1k pridelil Kissovo trestn\u00e9 ozn\u00e1menie na \u00daBOK. Pol\u00edcia chr\u00e1ni mocn\u00fdch, nie oznamovate\u013eov","isPartOf":{"@id":"https:\/\/www.smedemokrati.sk\/#website"},"primaryImageOfPage":{"@id":"https:\/\/www.smedemokrati.sk\/solak-pridelil-kissovo-trestne-oznamenie-na-ubok-policia-chrani-mocnych-nie-oznamovatelov\/#primaryimage"},"image":{"@id":"https:\/\/www.smedemokrati.sk\/solak-pridelil-kissovo-trestne-oznamenie-na-ubok-policia-chrani-mocnych-nie-oznamovatelov\/#primaryimage"},"thumbnailUrl":"https:\/\/www.smedemokrati.sk\/wp-content\/uploads\/2026\/04\/ubok-utoci-e1777290242662.jpg","datePublished":"2026-04-27T11:42:48+00:00","dateModified":"2026-04-27T11:44:10+00:00","breadcrumb":{"@id":"https:\/\/www.smedemokrati.sk\/solak-pridelil-kissovo-trestne-oznamenie-na-ubok-policia-chrani-mocnych-nie-oznamovatelov\/#breadcrumb"},"inLanguage":"cs-CZ","potentialAction":[{"@type":"ReadAction","target":["https:\/\/www.smedemokrati.sk\/solak-pridelil-kissovo-trestne-oznamenie-na-ubok-policia-chrani-mocnych-nie-oznamovatelov\/"]}]},{"@type":"ImageObject","inLanguage":"cs-CZ","@id":"https:\/\/www.smedemokrati.sk\/solak-pridelil-kissovo-trestne-oznamenie-na-ubok-policia-chrani-mocnych-nie-oznamovatelov\/#primaryimage","url":"https:\/\/www.smedemokrati.sk\/wp-content\/uploads\/2026\/04\/ubok-utoci-e1777290242662.jpg","contentUrl":"https:\/\/www.smedemokrati.sk\/wp-content\/uploads\/2026\/04\/ubok-utoci-e1777290242662.jpg","width":1080,"height":727},{"@type":"BreadcrumbList","@id":"https:\/\/www.smedemokrati.sk\/solak-pridelil-kissovo-trestne-oznamenie-na-ubok-policia-chrani-mocnych-nie-oznamovatelov\/#breadcrumb","itemListElement":[{"@type":"ListItem","position":1,"name":"Domovsk\u00e1 str\u00e1nka","item":"https:\/\/www.smedemokrati.sk\/"},{"@type":"ListItem","position":2,"name":"Sol\u00e1k pridelil Kissovo trestn\u00e9 ozn\u00e1menie na \u00daBOK. Pol\u00edcia chr\u00e1ni mocn\u00fdch, nie oznamovate\u013eov"}]},{"@type":"WebSite","@id":"https:\/\/www.smedemokrati.sk\/#website","url":"https:\/\/www.smedemokrati.sk\/","name":"Smedemokrati.sk","description":"Demokracia a slu\u0161nos\u0165 zv\u00ed\u0165az\u00ed","publisher":{"@id":"https:\/\/www.smedemokrati.sk\/#organization"},"potentialAction":[{"@type":"SearchAction","target":{"@type":"EntryPoint","urlTemplate":"https:\/\/www.smedemokrati.sk\/?s={search_term_string}"},"query-input":{"@type":"PropertyValueSpecification","valueRequired":true,"valueName":"search_term_string"}}],"inLanguage":"cs-CZ"},{"@type":"Organization","@id":"https:\/\/www.smedemokrati.sk\/#organization","name":"Smedemokrati.sk","url":"https:\/\/www.smedemokrati.sk\/","logo":{"@type":"ImageObject","inLanguage":"cs-CZ","@id":"https:\/\/www.smedemokrati.sk\/#\/schema\/logo\/image\/","url":"https:\/\/www.smedemokrati.sk\/wp-content\/uploads\/2023\/04\/ff.002.jpeg","contentUrl":"https:\/\/www.smedemokrati.sk\/wp-content\/uploads\/2023\/04\/ff.002.jpeg","width":640,"height":480,"caption":"Smedemokrati.sk"},"image":{"@id":"https:\/\/www.smedemokrati.sk\/#\/schema\/logo\/image\/"},"sameAs":["https:\/\/www.facebook.com\/smedemokrati2023"]},{"@type":"Person","@id":"https:\/\/www.smedemokrati.sk\/#\/schema\/person\/21f147c88d605aa7ded900e1e7c344ba","name":"miro.sopko","image":{"@type":"ImageObject","inLanguage":"cs-CZ","@id":"https:\/\/secure.gravatar.com\/avatar\/267e4a36f704376c109afe3a78740c1f5dd8675a2180a908699e7863c9247606?s=96&d=mm&r=g","url":"https:\/\/secure.gravatar.com\/avatar\/267e4a36f704376c109afe3a78740c1f5dd8675a2180a908699e7863c9247606?s=96&d=mm&r=g","contentUrl":"https:\/\/secure.gravatar.com\/avatar\/267e4a36f704376c109afe3a78740c1f5dd8675a2180a908699e7863c9247606?s=96&d=mm&r=g","caption":"miro.sopko"},"url":"https:\/\/www.smedemokrati.sk\/cs\/author\/miro-sopko\/"}]}},"_links":{"self":[{"href":"https:\/\/www.smedemokrati.sk\/cs\/wp-json\/wp\/v2\/posts\/9254","targetHints":{"allow":["GET"]}}],"collection":[{"href":"https:\/\/www.smedemokrati.sk\/cs\/wp-json\/wp\/v2\/posts"}],"about":[{"href":"https:\/\/www.smedemokrati.sk\/cs\/wp-json\/wp\/v2\/types\/post"}],"author":[{"embeddable":true,"href":"https:\/\/www.smedemokrati.sk\/cs\/wp-json\/wp\/v2\/users\/13"}],"replies":[{"embeddable":true,"href":"https:\/\/www.smedemokrati.sk\/cs\/wp-json\/wp\/v2\/comments?post=9254"}],"version-history":[{"count":1,"href":"https:\/\/www.smedemokrati.sk\/cs\/wp-json\/wp\/v2\/posts\/9254\/revisions"}],"predecessor-version":[{"id":9256,"href":"https:\/\/www.smedemokrati.sk\/cs\/wp-json\/wp\/v2\/posts\/9254\/revisions\/9256"}],"wp:featuredmedia":[{"embeddable":true,"href":"https:\/\/www.smedemokrati.sk\/cs\/wp-json\/wp\/v2\/media\/9255"}],"wp:attachment":[{"href":"https:\/\/www.smedemokrati.sk\/cs\/wp-json\/wp\/v2\/media?parent=9254"}],"wp:term":[{"taxonomy":"category","embeddable":true,"href":"https:\/\/www.smedemokrati.sk\/cs\/wp-json\/wp\/v2\/categories?post=9254"},{"taxonomy":"post_tag","embeddable":true,"href":"https:\/\/www.smedemokrati.sk\/cs\/wp-json\/wp\/v2\/tags?post=9254"}],"curies":[{"name":"wp","href":"https:\/\/api.w.org\/{rel}","templated":true}]}}