{"id":9157,"date":"2026-04-01T15:11:59","date_gmt":"2026-04-01T14:11:59","guid":{"rendered":"https:\/\/www.smedemokrati.sk\/?p=9157"},"modified":"2026-04-02T06:16:24","modified_gmt":"2026-04-02T05:16:24","slug":"demokrati-ochranili-miliony-ktore-mali-ist-babisovi-krajska-prokuratura-v-bratislave-napadla-protestom-prokuratora-rozhodnutia-o-povinnosti-statu-za-sanaciu-istrochemu","status":"publish","type":"post","link":"https:\/\/www.smedemokrati.sk\/cs\/demokrati-ochranili-miliony-ktore-mali-ist-babisovi-krajska-prokuratura-v-bratislave-napadla-protestom-prokuratora-rozhodnutia-o-povinnosti-statu-za-sanaciu-istrochemu\/","title":{"rendered":"Demokrati ochr\u00e1nili mili\u00f3ny, ktor\u00e9 mali \u00eds\u0165 Babi\u0161ovi: Krajsk\u00e1 prokurat\u00fara v Bratislave napadla protestom prokur\u00e1tora rozhodnutia o povinnosti \u0161t\u00e1tu za san\u00e1ciu Istrochemu"},"content":{"rendered":"<div id=\"fb-root\"><\/div>\n\n<p><strong>Krajsk\u00e1 prokurat\u00fara v Bratislave dnes podala tri protesty prokur\u00e1tora proti rozhodnutiam Okresn\u00e9ho \u00faradu Bratislava o zodpovednosti \u0161t\u00e1tu za san\u00e1ciu pozemkov v Istrocheme patriacich do imp\u00e9ria Andreja Babi\u0161a. Podnet pod\u00e1vali Demokrati 3. decembra 2025. Demokrati vyz\u00fdvaj\u00fa ministra Tarabu, aby a\u017e do rozhodnutia o proteste prokur\u00e1tora nepredkladal vl\u00e1de n\u00e1vrh na definit\u00edvne rozhodnutie o ur\u010den\u00ed ministerstva zodpovedn\u00e9ho za san\u00e1ciu.<\/strong><\/p>\n\n\n\n<p>Demokratom dnes bolo doru\u010den\u00e9 upovedomenie o vyhoven\u00ed podnetu na protest prokur\u00e1tora. V\u00edtame, \u017ee prokur\u00e1tor n\u00e1m dal v na\u0161ej pr\u00e1vnej argument\u00e1cii za pravdu. Demokrati svoj\u00edm podnetom napadli tri rozhodnutia Okresn\u00e9ho \u00faradu Bratislava z leta 2025.<\/p>\n\n\n\n<p>V podnete sme vytkli pochybenia Okresn\u00e9ho \u00faradu Bratislava. Ten aj na z\u00e1klade privatiza\u010dnej zmluvy z roku 2002 a potvrdenia Fondu n\u00e1rodn\u00e9ho majetku (FNM) z roku 2006 ur\u010dil, \u017ee za san\u00e1ciu m\u00e1 zodpoveda\u0165 \u0161t\u00e1t. Na tieto rozhodnutia sa vyhov\u00e1ra aj minister Taraba, ktor\u00fd tvrd\u00ed, \u017ee nem\u00e1 in\u00fa mo\u017enos\u0165, len san\u00e1ciu v hodnote a\u017e 750 mil. eur vykona\u0165 z verejn\u00fdch prostriedkov.<\/p>\n\n\n\n<p>V dnes doru\u010denom upovedomen\u00ed n\u00e1m z rozhodnut\u00ed okresn\u00e9ho \u00faradu v\u0161ak nie je zrejm\u00e9, ako okresn\u00fd \u00farad sk\u00famal naplnenie k\u013e\u00fa\u010dovej podmienky z\u00e1kona, a to, \u017ee privatiz\u00e9r vynalo\u017eil 1 mld. Sk na invest\u00edcie v s\u00favislosti so san\u00e1ciou environment\u00e1lnej z\u00e1\u0165a\u017ee a zlep\u0161en\u00edm stavu \u017eivotn\u00e9ho prostredia, hoci je to k\u013e\u00fa\u010dov\u00e1 z\u00e1konn\u00e1 podmienka.<\/p>\n\n\n\n<p>Potvrdenie Fondu n\u00e1rodn\u00e9ho majetku hovor\u00ed len to, \u017ee do\u0161lo k invest\u00edcii tejto sumy na \u201erozvoj spolo\u010dnosti, najm\u00e4 na ekol\u00f3giu\u201c, \u010do je mimoriadne v\u00e1gne. \u201e<em>Okresn\u00fd \u00farad v rozhodnutiach nijako podrobnej\u0161ie neuv\u00e1dza, \u010di bola t\u00e1to suma vynalo\u017een\u00e1 v s\u00favislosti so san\u00e1ciou enviroz\u00e1\u0165a\u017ee a \u010di ne\u0161la len na be\u017en\u00e9 prev\u00e1dzkov\u00e9 n\u00e1klady alebo investovan\u00e1 do priemyseln\u00fdch zariaden\u00ed. Pritom ide o z\u00e1konom vy\u017eadovan\u00fa podmienku, ktorej naplnenie malo by\u0165 jasne uveden\u00e9 v od\u00f4vodnen\u00ed a preuk\u00e1zan\u00e9 dokazovan\u00edm. Ak by t\u00e1to podmienka splnen\u00e1 nebola, \u0161t\u00e1t by za san\u00e1ciu nezodpovedal. Nie je mo\u017en\u00e9, aby st\u00e1mili\u00f3nov\u00fd z\u00e1v\u00e4zok \u0161t\u00e1tu vych\u00e1dzal len z jednej A4, \u010do je rozsah potvrdenia FNM. Navy\u0161e, Babi\u0161ove firmy ozna\u010duj\u00fa invest\u00edcie pod\u013ea privatiza\u010dnej zmluvy za obchodn\u00e9 tajomstvo,\u201c&nbsp;<\/em>vysvet\u013euje Michal Ki\u010da, podpredseda Demokratov.<\/p>\n\n\n\n<p><em>\u201eDne\u0161n\u00e9 rozhodnutie pova\u017eujeme za v\u00fdznamn\u00fd \u00faspech pre ochranu st\u00e1mili\u00f3nov eur da\u0148ov\u00fdch poplatn\u00edkov na Slovensku. Okresn\u00fd \u00farad Bratislava bude musie\u0165 skuto\u010dne sk\u00fama\u0165, \u010di boli splnen\u00e9 podmienky v zmysle privatiza\u010dnej zmluvy. Je to aj rana pre Andreja Babi\u0161a, ktor\u00e9mu sa vz\u010fa\u013euje mo\u017en\u00e9 realitn\u00e9 vyu\u017eitie t\u00fdchto lukrat\u00edvnych pozemkov. Ver\u00edme, \u017ee na konci tohto procesu bude vykonanie san\u00e1cie environment\u00e1lnej z\u00e1\u0165a\u017ee v bratislavskom Istrocheme, ktor\u00fa ale bud\u00fa plati\u0165 Babi\u0161ove firmy, \u010d\u00edm ostane viac prostriedkov na san\u00e1ciu enviroz\u00e1\u0165a\u017e\u00ed na Slovensku. Vyz\u00fdvame ministra Tarabu, aby a\u017e do rozhodnutia o proteste prokur\u00e1tora nepredkladal vl\u00e1de n\u00e1vrh na definit\u00edvne rozhodnutie o ur\u010den\u00ed ministerstva zodpovedn\u00e9ho za san\u00e1ciu, ke\u010f u\u017e nebol schopn\u00fd zjedna\u0165 n\u00e1pravu poru\u0161enia z\u00e1kona s\u00e1m,\u201c<\/em>&nbsp;uzavrel Michal Ki\u010da.<\/p>\n","protected":false},"excerpt":{"rendered":"<p>Krajsk\u00e1 prokurat\u00fara v Bratislave dnes podala tri protesty prokur\u00e1tora proti rozhodnutiam Okresn\u00e9ho \u00faradu Bratislava o zodpovednosti \u0161t\u00e1tu za san\u00e1ciu pozemkov v Istrocheme patriacich do imp\u00e9ria Andreja Babi\u0161a. Podnet pod\u00e1vali Demokrati 3. decembra 2025. Demokrati vyz\u00fdvaj\u00fa ministra Tarabu, aby a\u017e do rozhodnutia o proteste prokur\u00e1tora nepredkladal vl\u00e1de n\u00e1vrh na definit\u00edvne rozhodnutie o ur\u010den\u00ed ministerstva zodpovedn\u00e9ho za [&hellip;]<\/p>\n","protected":false},"author":13,"featured_media":9158,"comment_status":"closed","ping_status":"closed","sticky":false,"template":"","format":"standard","meta":{"_acf_changed":false,"ngg_post_thumbnail":0,"footnotes":""},"categories":[4],"tags":[],"class_list":["post-9157","post","type-post","status-publish","format-standard","has-post-thumbnail","hentry","category-tlacove-spravy"],"acf":[],"yoast_head":"<!-- This site is optimized with the Yoast SEO plugin v27.2 - https:\/\/yoast.com\/product\/yoast-seo-wordpress\/ -->\n<title>Demokrati ochr\u00e1nili mili\u00f3ny, ktor\u00e9 mali \u00eds\u0165 Babi\u0161ovi: Krajsk\u00e1 prokurat\u00fara v Bratislave napadla protestom prokur\u00e1tora rozhodnutia o povinnosti \u0161t\u00e1tu za san\u00e1ciu Istrochemu<\/title>\n<meta name=\"description\" content=\"Krajsk\u00e1 prokurat\u00fara v Bratislave dnes podala tri protesty prokur\u00e1tora proti rozhodnutiam Okresn\u00e9ho \u00faradu Bratislava o zodpovednosti \u0161t\u00e1tu za san\u00e1ciu pozemkov v Istrocheme patriacich do imp\u00e9ria Andreja Babi\u0161a. Podnet pod\u00e1vali Demokrati 3. decembra 2025. Demokrati vyz\u00fdvaj\u00fa ministra Tarabu, aby a\u017e do rozhodnutia o proteste prokur\u00e1tora nepredkladal vl\u00e1de n\u00e1vrh na definit\u00edvne rozhodnutie o ur\u010den\u00ed ministerstva zodpovedn\u00e9ho za san\u00e1ciu.\" \/>\n<meta name=\"robots\" content=\"index, follow, max-snippet:-1, max-image-preview:large, max-video-preview:-1\" \/>\n<link rel=\"canonical\" href=\"https:\/\/www.smedemokrati.sk\/cs\/demokrati-ochranili-miliony-ktore-mali-ist-babisovi-krajska-prokuratura-v-bratislave-napadla-protestom-prokuratora-rozhodnutia-o-povinnosti-statu-za-sanaciu-istrochemu\/\" \/>\n<meta property=\"og:locale\" content=\"cs_CZ\" \/>\n<meta property=\"og:locale:alternate\" content=\"en_US\" \/>\n<meta property=\"og:locale:alternate\" content=\"hu_HU\" \/>\n<meta property=\"og:locale:alternate\" content=\"sk_SK\" \/>\n<meta property=\"og:locale:alternate\" content=\"sv_SE\" \/>\n<meta property=\"og:type\" content=\"article\" \/>\n<meta property=\"og:title\" content=\"Demokrati ochr\u00e1nili mili\u00f3ny, ktor\u00e9 mali \u00eds\u0165 Babi\u0161ovi: Krajsk\u00e1 prokurat\u00fara v Bratislave napadla protestom prokur\u00e1tora rozhodnutia o povinnosti \u0161t\u00e1tu za san\u00e1ciu Istrochemu\" \/>\n<meta property=\"og:description\" content=\"Krajsk\u00e1 prokurat\u00fara v Bratislave dnes podala tri protesty prokur\u00e1tora proti rozhodnutiam Okresn\u00e9ho \u00faradu Bratislava o zodpovednosti \u0161t\u00e1tu za san\u00e1ciu pozemkov v Istrocheme patriacich do imp\u00e9ria Andreja Babi\u0161a. Podnet pod\u00e1vali Demokrati 3. decembra 2025. Demokrati vyz\u00fdvaj\u00fa ministra Tarabu, aby a\u017e do rozhodnutia o proteste prokur\u00e1tora nepredkladal vl\u00e1de n\u00e1vrh na definit\u00edvne rozhodnutie o ur\u010den\u00ed ministerstva zodpovedn\u00e9ho za san\u00e1ciu.\" \/>\n<meta property=\"og:url\" content=\"https:\/\/www.smedemokrati.sk\/cs\/demokrati-ochranili-miliony-ktore-mali-ist-babisovi-krajska-prokuratura-v-bratislave-napadla-protestom-prokuratora-rozhodnutia-o-povinnosti-statu-za-sanaciu-istrochemu\/\" \/>\n<meta property=\"og:site_name\" content=\"Smedemokrati.sk\" \/>\n<meta property=\"article:publisher\" content=\"https:\/\/www.facebook.com\/smedemokrati2023\" \/>\n<meta property=\"article:published_time\" content=\"2026-04-01T14:11:59+00:00\" \/>\n<meta property=\"article:modified_time\" content=\"2026-04-02T05:16:24+00:00\" \/>\n<meta property=\"og:image\" content=\"https:\/\/www.smedemokrati.sk\/wp-content\/uploads\/2026\/04\/657784399_17994236465933996_3497574396180893028_n-e1775052709892.jpg\" \/>\n\t<meta property=\"og:image:width\" content=\"1440\" \/>\n\t<meta property=\"og:image:height\" content=\"1198\" \/>\n\t<meta property=\"og:image:type\" content=\"image\/jpeg\" \/>\n<meta name=\"author\" content=\"miro.sopko\" \/>\n<meta name=\"twitter:card\" content=\"summary_large_image\" \/>\n<meta name=\"twitter:label1\" content=\"Napsal(a)\" \/>\n\t<meta name=\"twitter:data1\" content=\"miro.sopko\" \/>\n\t<meta name=\"twitter:label2\" content=\"Odhadovan\u00e1 doba \u010dten\u00ed\" \/>\n\t<meta name=\"twitter:data2\" content=\"3 minuty\" \/>\n<script type=\"application\/ld+json\" class=\"yoast-schema-graph\">{\"@context\":\"https:\/\/schema.org\",\"@graph\":[{\"@type\":\"Article\",\"@id\":\"https:\/\/www.smedemokrati.sk\/demokrati-ochranili-miliony-ktore-mali-ist-babisovi-krajska-prokuratura-v-bratislave-napadla-protestom-prokuratora-rozhodnutia-o-povinnosti-statu-za-sanaciu-istrochemu\/#article\",\"isPartOf\":{\"@id\":\"https:\/\/www.smedemokrati.sk\/demokrati-ochranili-miliony-ktore-mali-ist-babisovi-krajska-prokuratura-v-bratislave-napadla-protestom-prokuratora-rozhodnutia-o-povinnosti-statu-za-sanaciu-istrochemu\/\"},\"author\":{\"name\":\"miro.sopko\",\"@id\":\"https:\/\/www.smedemokrati.sk\/#\/schema\/person\/21f147c88d605aa7ded900e1e7c344ba\"},\"headline\":\"Demokrati ochr\u00e1nili mili\u00f3ny, ktor\u00e9 mali \u00eds\u0165 Babi\u0161ovi: Krajsk\u00e1 prokurat\u00fara v Bratislave napadla protestom prokur\u00e1tora rozhodnutia o povinnosti \u0161t\u00e1tu za san\u00e1ciu Istrochemu\",\"datePublished\":\"2026-04-01T14:11:59+00:00\",\"dateModified\":\"2026-04-02T05:16:24+00:00\",\"mainEntityOfPage\":{\"@id\":\"https:\/\/www.smedemokrati.sk\/demokrati-ochranili-miliony-ktore-mali-ist-babisovi-krajska-prokuratura-v-bratislave-napadla-protestom-prokuratora-rozhodnutia-o-povinnosti-statu-za-sanaciu-istrochemu\/\"},\"wordCount\":585,\"publisher\":{\"@id\":\"https:\/\/www.smedemokrati.sk\/#organization\"},\"image\":{\"@id\":\"https:\/\/www.smedemokrati.sk\/demokrati-ochranili-miliony-ktore-mali-ist-babisovi-krajska-prokuratura-v-bratislave-napadla-protestom-prokuratora-rozhodnutia-o-povinnosti-statu-za-sanaciu-istrochemu\/#primaryimage\"},\"thumbnailUrl\":\"https:\/\/www.smedemokrati.sk\/wp-content\/uploads\/2026\/04\/657784399_17994236465933996_3497574396180893028_n-e1775052709892.jpg\",\"articleSection\":[\"Tla\u010dov\u00e9 spr\u00e1vy\"],\"inLanguage\":\"cs-CZ\"},{\"@type\":\"WebPage\",\"@id\":\"https:\/\/www.smedemokrati.sk\/demokrati-ochranili-miliony-ktore-mali-ist-babisovi-krajska-prokuratura-v-bratislave-napadla-protestom-prokuratora-rozhodnutia-o-povinnosti-statu-za-sanaciu-istrochemu\/\",\"url\":\"https:\/\/www.smedemokrati.sk\/demokrati-ochranili-miliony-ktore-mali-ist-babisovi-krajska-prokuratura-v-bratislave-napadla-protestom-prokuratora-rozhodnutia-o-povinnosti-statu-za-sanaciu-istrochemu\/\",\"name\":\"Demokrati ochr\u00e1nili mili\u00f3ny, ktor\u00e9 mali \u00eds\u0165 Babi\u0161ovi: Krajsk\u00e1 prokurat\u00fara v Bratislave napadla protestom prokur\u00e1tora rozhodnutia o povinnosti \u0161t\u00e1tu za san\u00e1ciu Istrochemu\",\"isPartOf\":{\"@id\":\"https:\/\/www.smedemokrati.sk\/#website\"},\"primaryImageOfPage\":{\"@id\":\"https:\/\/www.smedemokrati.sk\/demokrati-ochranili-miliony-ktore-mali-ist-babisovi-krajska-prokuratura-v-bratislave-napadla-protestom-prokuratora-rozhodnutia-o-povinnosti-statu-za-sanaciu-istrochemu\/#primaryimage\"},\"image\":{\"@id\":\"https:\/\/www.smedemokrati.sk\/demokrati-ochranili-miliony-ktore-mali-ist-babisovi-krajska-prokuratura-v-bratislave-napadla-protestom-prokuratora-rozhodnutia-o-povinnosti-statu-za-sanaciu-istrochemu\/#primaryimage\"},\"thumbnailUrl\":\"https:\/\/www.smedemokrati.sk\/wp-content\/uploads\/2026\/04\/657784399_17994236465933996_3497574396180893028_n-e1775052709892.jpg\",\"datePublished\":\"2026-04-01T14:11:59+00:00\",\"dateModified\":\"2026-04-02T05:16:24+00:00\",\"description\":\"Krajsk\u00e1 prokurat\u00fara v Bratislave dnes podala tri protesty prokur\u00e1tora proti rozhodnutiam Okresn\u00e9ho \u00faradu Bratislava o zodpovednosti \u0161t\u00e1tu za san\u00e1ciu pozemkov v Istrocheme patriacich do imp\u00e9ria Andreja Babi\u0161a. Podnet pod\u00e1vali Demokrati 3. decembra 2025. Demokrati vyz\u00fdvaj\u00fa ministra Tarabu, aby a\u017e do rozhodnutia o proteste prokur\u00e1tora nepredkladal vl\u00e1de n\u00e1vrh na definit\u00edvne rozhodnutie o ur\u010den\u00ed ministerstva zodpovedn\u00e9ho za san\u00e1ciu.\",\"breadcrumb\":{\"@id\":\"https:\/\/www.smedemokrati.sk\/demokrati-ochranili-miliony-ktore-mali-ist-babisovi-krajska-prokuratura-v-bratislave-napadla-protestom-prokuratora-rozhodnutia-o-povinnosti-statu-za-sanaciu-istrochemu\/#breadcrumb\"},\"inLanguage\":\"cs-CZ\",\"potentialAction\":[{\"@type\":\"ReadAction\",\"target\":[\"https:\/\/www.smedemokrati.sk\/demokrati-ochranili-miliony-ktore-mali-ist-babisovi-krajska-prokuratura-v-bratislave-napadla-protestom-prokuratora-rozhodnutia-o-povinnosti-statu-za-sanaciu-istrochemu\/\"]}]},{\"@type\":\"ImageObject\",\"inLanguage\":\"cs-CZ\",\"@id\":\"https:\/\/www.smedemokrati.sk\/demokrati-ochranili-miliony-ktore-mali-ist-babisovi-krajska-prokuratura-v-bratislave-napadla-protestom-prokuratora-rozhodnutia-o-povinnosti-statu-za-sanaciu-istrochemu\/#primaryimage\",\"url\":\"https:\/\/www.smedemokrati.sk\/wp-content\/uploads\/2026\/04\/657784399_17994236465933996_3497574396180893028_n-e1775052709892.jpg\",\"contentUrl\":\"https:\/\/www.smedemokrati.sk\/wp-content\/uploads\/2026\/04\/657784399_17994236465933996_3497574396180893028_n-e1775052709892.jpg\",\"width\":1440,\"height\":1198},{\"@type\":\"BreadcrumbList\",\"@id\":\"https:\/\/www.smedemokrati.sk\/demokrati-ochranili-miliony-ktore-mali-ist-babisovi-krajska-prokuratura-v-bratislave-napadla-protestom-prokuratora-rozhodnutia-o-povinnosti-statu-za-sanaciu-istrochemu\/#breadcrumb\",\"itemListElement\":[{\"@type\":\"ListItem\",\"position\":1,\"name\":\"Domovsk\u00e1 str\u00e1nka\",\"item\":\"https:\/\/www.smedemokrati.sk\/\"},{\"@type\":\"ListItem\",\"position\":2,\"name\":\"Demokrati ochr\u00e1nili mili\u00f3ny, ktor\u00e9 mali \u00eds\u0165 Babi\u0161ovi: Krajsk\u00e1 prokurat\u00fara v Bratislave napadla protestom prokur\u00e1tora rozhodnutia o povinnosti \u0161t\u00e1tu za san\u00e1ciu Istrochemu\"}]},{\"@type\":\"WebSite\",\"@id\":\"https:\/\/www.smedemokrati.sk\/#website\",\"url\":\"https:\/\/www.smedemokrati.sk\/\",\"name\":\"Smedemokrati.sk\",\"description\":\"Demokracia a slu\u0161nos\u0165 zv\u00ed\u0165az\u00ed\",\"publisher\":{\"@id\":\"https:\/\/www.smedemokrati.sk\/#organization\"},\"potentialAction\":[{\"@type\":\"SearchAction\",\"target\":{\"@type\":\"EntryPoint\",\"urlTemplate\":\"https:\/\/www.smedemokrati.sk\/?s={search_term_string}\"},\"query-input\":{\"@type\":\"PropertyValueSpecification\",\"valueRequired\":true,\"valueName\":\"search_term_string\"}}],\"inLanguage\":\"cs-CZ\"},{\"@type\":\"Organization\",\"@id\":\"https:\/\/www.smedemokrati.sk\/#organization\",\"name\":\"Smedemokrati.sk\",\"url\":\"https:\/\/www.smedemokrati.sk\/\",\"logo\":{\"@type\":\"ImageObject\",\"inLanguage\":\"cs-CZ\",\"@id\":\"https:\/\/www.smedemokrati.sk\/#\/schema\/logo\/image\/\",\"url\":\"https:\/\/www.smedemokrati.sk\/wp-content\/uploads\/2023\/04\/ff.002.jpeg\",\"contentUrl\":\"https:\/\/www.smedemokrati.sk\/wp-content\/uploads\/2023\/04\/ff.002.jpeg\",\"width\":640,\"height\":480,\"caption\":\"Smedemokrati.sk\"},\"image\":{\"@id\":\"https:\/\/www.smedemokrati.sk\/#\/schema\/logo\/image\/\"},\"sameAs\":[\"https:\/\/www.facebook.com\/smedemokrati2023\"]},{\"@type\":\"Person\",\"@id\":\"https:\/\/www.smedemokrati.sk\/#\/schema\/person\/21f147c88d605aa7ded900e1e7c344ba\",\"name\":\"miro.sopko\",\"image\":{\"@type\":\"ImageObject\",\"inLanguage\":\"cs-CZ\",\"@id\":\"https:\/\/secure.gravatar.com\/avatar\/267e4a36f704376c109afe3a78740c1f5dd8675a2180a908699e7863c9247606?s=96&d=mm&r=g\",\"url\":\"https:\/\/secure.gravatar.com\/avatar\/267e4a36f704376c109afe3a78740c1f5dd8675a2180a908699e7863c9247606?s=96&d=mm&r=g\",\"contentUrl\":\"https:\/\/secure.gravatar.com\/avatar\/267e4a36f704376c109afe3a78740c1f5dd8675a2180a908699e7863c9247606?s=96&d=mm&r=g\",\"caption\":\"miro.sopko\"},\"url\":\"https:\/\/www.smedemokrati.sk\/cs\/author\/miro-sopko\/\"}]}<\/script>\n<!-- \/ Yoast SEO plugin. -->","yoast_head_json":{"title":"Demokrati ochr\u00e1nili mili\u00f3ny, ktor\u00e9 mali \u00eds\u0165 Babi\u0161ovi: Krajsk\u00e1 prokurat\u00fara v Bratislave napadla protestom prokur\u00e1tora rozhodnutia o povinnosti \u0161t\u00e1tu za san\u00e1ciu Istrochemu","description":"Krajsk\u00e1 prokurat\u00fara v Bratislave dnes podala tri protesty prokur\u00e1tora proti rozhodnutiam Okresn\u00e9ho \u00faradu Bratislava o zodpovednosti \u0161t\u00e1tu za san\u00e1ciu pozemkov v Istrocheme patriacich do imp\u00e9ria Andreja Babi\u0161a. Podnet pod\u00e1vali Demokrati 3. decembra 2025. Demokrati vyz\u00fdvaj\u00fa ministra Tarabu, aby a\u017e do rozhodnutia o proteste prokur\u00e1tora nepredkladal vl\u00e1de n\u00e1vrh na definit\u00edvne rozhodnutie o ur\u010den\u00ed ministerstva zodpovedn\u00e9ho za san\u00e1ciu.","robots":{"index":"index","follow":"follow","max-snippet":"max-snippet:-1","max-image-preview":"max-image-preview:large","max-video-preview":"max-video-preview:-1"},"canonical":"https:\/\/www.smedemokrati.sk\/cs\/demokrati-ochranili-miliony-ktore-mali-ist-babisovi-krajska-prokuratura-v-bratislave-napadla-protestom-prokuratora-rozhodnutia-o-povinnosti-statu-za-sanaciu-istrochemu\/","og_locale":"cs_CZ","og_type":"article","og_title":"[:sk]Demokrati ochr\u00e1nili mili\u00f3ny, ktor\u00e9 mali \u00eds\u0165 Babi\u0161ovi: Krajsk\u00e1 prokurat\u00fara v Bratislave napadla protestom prokur\u00e1tora rozhodnutia o povinnosti \u0161t\u00e1tu za san\u00e1ciu Istrochemu[:] - Smedemokrati.sk","og_description":"[:sk]Krajsk\u00e1 prokurat\u00fara v Bratislave dnes podala tri protesty prokur\u00e1tora proti rozhodnutiam Okresn\u00e9ho \u00faradu Bratislava o zodpovednosti \u0161t\u00e1tu za san\u00e1ciu pozemkov v Istrocheme patriacich do imp\u00e9ria Andreja Babi\u0161a. Podnet pod\u00e1vali Demokrati 3. decembra 2025. Demokrati vyz\u00fdvaj\u00fa ministra Tarabu, aby a\u017e do rozhodnutia o proteste prokur\u00e1tora nepredkladal vl\u00e1de n\u00e1vrh na definit\u00edvne rozhodnutie o ur\u010den\u00ed ministerstva zodpovedn\u00e9ho za san\u00e1ciu.[:]","og_url":"https:\/\/www.smedemokrati.sk\/cs\/demokrati-ochranili-miliony-ktore-mali-ist-babisovi-krajska-prokuratura-v-bratislave-napadla-protestom-prokuratora-rozhodnutia-o-povinnosti-statu-za-sanaciu-istrochemu\/","og_site_name":"Smedemokrati.sk","article_publisher":"https:\/\/www.facebook.com\/smedemokrati2023","article_published_time":"2026-04-01T14:11:59+00:00","article_modified_time":"2026-04-02T05:16:24+00:00","og_image":[{"width":1440,"height":1198,"url":"https:\/\/www.smedemokrati.sk\/wp-content\/uploads\/2026\/04\/657784399_17994236465933996_3497574396180893028_n-e1775052709892.jpg","type":"image\/jpeg"}],"author":"miro.sopko","twitter_card":"summary_large_image","twitter_misc":{"Napsal(a)":"miro.sopko","Odhadovan\u00e1 doba \u010dten\u00ed":"3 minuty"},"schema":{"@context":"https:\/\/schema.org","@graph":[{"@type":"Article","@id":"https:\/\/www.smedemokrati.sk\/demokrati-ochranili-miliony-ktore-mali-ist-babisovi-krajska-prokuratura-v-bratislave-napadla-protestom-prokuratora-rozhodnutia-o-povinnosti-statu-za-sanaciu-istrochemu\/#article","isPartOf":{"@id":"https:\/\/www.smedemokrati.sk\/demokrati-ochranili-miliony-ktore-mali-ist-babisovi-krajska-prokuratura-v-bratislave-napadla-protestom-prokuratora-rozhodnutia-o-povinnosti-statu-za-sanaciu-istrochemu\/"},"author":{"name":"miro.sopko","@id":"https:\/\/www.smedemokrati.sk\/#\/schema\/person\/21f147c88d605aa7ded900e1e7c344ba"},"headline":"Demokrati ochr\u00e1nili mili\u00f3ny, ktor\u00e9 mali \u00eds\u0165 Babi\u0161ovi: Krajsk\u00e1 prokurat\u00fara v Bratislave napadla protestom prokur\u00e1tora rozhodnutia o povinnosti \u0161t\u00e1tu za san\u00e1ciu Istrochemu","datePublished":"2026-04-01T14:11:59+00:00","dateModified":"2026-04-02T05:16:24+00:00","mainEntityOfPage":{"@id":"https:\/\/www.smedemokrati.sk\/demokrati-ochranili-miliony-ktore-mali-ist-babisovi-krajska-prokuratura-v-bratislave-napadla-protestom-prokuratora-rozhodnutia-o-povinnosti-statu-za-sanaciu-istrochemu\/"},"wordCount":585,"publisher":{"@id":"https:\/\/www.smedemokrati.sk\/#organization"},"image":{"@id":"https:\/\/www.smedemokrati.sk\/demokrati-ochranili-miliony-ktore-mali-ist-babisovi-krajska-prokuratura-v-bratislave-napadla-protestom-prokuratora-rozhodnutia-o-povinnosti-statu-za-sanaciu-istrochemu\/#primaryimage"},"thumbnailUrl":"https:\/\/www.smedemokrati.sk\/wp-content\/uploads\/2026\/04\/657784399_17994236465933996_3497574396180893028_n-e1775052709892.jpg","articleSection":["Tla\u010dov\u00e9 spr\u00e1vy"],"inLanguage":"cs-CZ"},{"@type":"WebPage","@id":"https:\/\/www.smedemokrati.sk\/demokrati-ochranili-miliony-ktore-mali-ist-babisovi-krajska-prokuratura-v-bratislave-napadla-protestom-prokuratora-rozhodnutia-o-povinnosti-statu-za-sanaciu-istrochemu\/","url":"https:\/\/www.smedemokrati.sk\/demokrati-ochranili-miliony-ktore-mali-ist-babisovi-krajska-prokuratura-v-bratislave-napadla-protestom-prokuratora-rozhodnutia-o-povinnosti-statu-za-sanaciu-istrochemu\/","name":"Demokrati ochr\u00e1nili mili\u00f3ny, ktor\u00e9 mali \u00eds\u0165 Babi\u0161ovi: Krajsk\u00e1 prokurat\u00fara v Bratislave napadla protestom prokur\u00e1tora rozhodnutia o povinnosti \u0161t\u00e1tu za san\u00e1ciu Istrochemu","isPartOf":{"@id":"https:\/\/www.smedemokrati.sk\/#website"},"primaryImageOfPage":{"@id":"https:\/\/www.smedemokrati.sk\/demokrati-ochranili-miliony-ktore-mali-ist-babisovi-krajska-prokuratura-v-bratislave-napadla-protestom-prokuratora-rozhodnutia-o-povinnosti-statu-za-sanaciu-istrochemu\/#primaryimage"},"image":{"@id":"https:\/\/www.smedemokrati.sk\/demokrati-ochranili-miliony-ktore-mali-ist-babisovi-krajska-prokuratura-v-bratislave-napadla-protestom-prokuratora-rozhodnutia-o-povinnosti-statu-za-sanaciu-istrochemu\/#primaryimage"},"thumbnailUrl":"https:\/\/www.smedemokrati.sk\/wp-content\/uploads\/2026\/04\/657784399_17994236465933996_3497574396180893028_n-e1775052709892.jpg","datePublished":"2026-04-01T14:11:59+00:00","dateModified":"2026-04-02T05:16:24+00:00","description":"Krajsk\u00e1 prokurat\u00fara v Bratislave dnes podala tri protesty prokur\u00e1tora proti rozhodnutiam Okresn\u00e9ho \u00faradu Bratislava o zodpovednosti \u0161t\u00e1tu za san\u00e1ciu pozemkov v Istrocheme patriacich do imp\u00e9ria Andreja Babi\u0161a. Podnet pod\u00e1vali Demokrati 3. decembra 2025. Demokrati vyz\u00fdvaj\u00fa ministra Tarabu, aby a\u017e do rozhodnutia o proteste prokur\u00e1tora nepredkladal vl\u00e1de n\u00e1vrh na definit\u00edvne rozhodnutie o ur\u010den\u00ed ministerstva zodpovedn\u00e9ho za san\u00e1ciu.","breadcrumb":{"@id":"https:\/\/www.smedemokrati.sk\/demokrati-ochranili-miliony-ktore-mali-ist-babisovi-krajska-prokuratura-v-bratislave-napadla-protestom-prokuratora-rozhodnutia-o-povinnosti-statu-za-sanaciu-istrochemu\/#breadcrumb"},"inLanguage":"cs-CZ","potentialAction":[{"@type":"ReadAction","target":["https:\/\/www.smedemokrati.sk\/demokrati-ochranili-miliony-ktore-mali-ist-babisovi-krajska-prokuratura-v-bratislave-napadla-protestom-prokuratora-rozhodnutia-o-povinnosti-statu-za-sanaciu-istrochemu\/"]}]},{"@type":"ImageObject","inLanguage":"cs-CZ","@id":"https:\/\/www.smedemokrati.sk\/demokrati-ochranili-miliony-ktore-mali-ist-babisovi-krajska-prokuratura-v-bratislave-napadla-protestom-prokuratora-rozhodnutia-o-povinnosti-statu-za-sanaciu-istrochemu\/#primaryimage","url":"https:\/\/www.smedemokrati.sk\/wp-content\/uploads\/2026\/04\/657784399_17994236465933996_3497574396180893028_n-e1775052709892.jpg","contentUrl":"https:\/\/www.smedemokrati.sk\/wp-content\/uploads\/2026\/04\/657784399_17994236465933996_3497574396180893028_n-e1775052709892.jpg","width":1440,"height":1198},{"@type":"BreadcrumbList","@id":"https:\/\/www.smedemokrati.sk\/demokrati-ochranili-miliony-ktore-mali-ist-babisovi-krajska-prokuratura-v-bratislave-napadla-protestom-prokuratora-rozhodnutia-o-povinnosti-statu-za-sanaciu-istrochemu\/#breadcrumb","itemListElement":[{"@type":"ListItem","position":1,"name":"Domovsk\u00e1 str\u00e1nka","item":"https:\/\/www.smedemokrati.sk\/"},{"@type":"ListItem","position":2,"name":"Demokrati ochr\u00e1nili mili\u00f3ny, ktor\u00e9 mali \u00eds\u0165 Babi\u0161ovi: Krajsk\u00e1 prokurat\u00fara v Bratislave napadla protestom prokur\u00e1tora rozhodnutia o povinnosti \u0161t\u00e1tu za san\u00e1ciu Istrochemu"}]},{"@type":"WebSite","@id":"https:\/\/www.smedemokrati.sk\/#website","url":"https:\/\/www.smedemokrati.sk\/","name":"Smedemokrati.sk","description":"Demokracia a slu\u0161nos\u0165 zv\u00ed\u0165az\u00ed","publisher":{"@id":"https:\/\/www.smedemokrati.sk\/#organization"},"potentialAction":[{"@type":"SearchAction","target":{"@type":"EntryPoint","urlTemplate":"https:\/\/www.smedemokrati.sk\/?s={search_term_string}"},"query-input":{"@type":"PropertyValueSpecification","valueRequired":true,"valueName":"search_term_string"}}],"inLanguage":"cs-CZ"},{"@type":"Organization","@id":"https:\/\/www.smedemokrati.sk\/#organization","name":"Smedemokrati.sk","url":"https:\/\/www.smedemokrati.sk\/","logo":{"@type":"ImageObject","inLanguage":"cs-CZ","@id":"https:\/\/www.smedemokrati.sk\/#\/schema\/logo\/image\/","url":"https:\/\/www.smedemokrati.sk\/wp-content\/uploads\/2023\/04\/ff.002.jpeg","contentUrl":"https:\/\/www.smedemokrati.sk\/wp-content\/uploads\/2023\/04\/ff.002.jpeg","width":640,"height":480,"caption":"Smedemokrati.sk"},"image":{"@id":"https:\/\/www.smedemokrati.sk\/#\/schema\/logo\/image\/"},"sameAs":["https:\/\/www.facebook.com\/smedemokrati2023"]},{"@type":"Person","@id":"https:\/\/www.smedemokrati.sk\/#\/schema\/person\/21f147c88d605aa7ded900e1e7c344ba","name":"miro.sopko","image":{"@type":"ImageObject","inLanguage":"cs-CZ","@id":"https:\/\/secure.gravatar.com\/avatar\/267e4a36f704376c109afe3a78740c1f5dd8675a2180a908699e7863c9247606?s=96&d=mm&r=g","url":"https:\/\/secure.gravatar.com\/avatar\/267e4a36f704376c109afe3a78740c1f5dd8675a2180a908699e7863c9247606?s=96&d=mm&r=g","contentUrl":"https:\/\/secure.gravatar.com\/avatar\/267e4a36f704376c109afe3a78740c1f5dd8675a2180a908699e7863c9247606?s=96&d=mm&r=g","caption":"miro.sopko"},"url":"https:\/\/www.smedemokrati.sk\/cs\/author\/miro-sopko\/"}]}},"_links":{"self":[{"href":"https:\/\/www.smedemokrati.sk\/cs\/wp-json\/wp\/v2\/posts\/9157","targetHints":{"allow":["GET"]}}],"collection":[{"href":"https:\/\/www.smedemokrati.sk\/cs\/wp-json\/wp\/v2\/posts"}],"about":[{"href":"https:\/\/www.smedemokrati.sk\/cs\/wp-json\/wp\/v2\/types\/post"}],"author":[{"embeddable":true,"href":"https:\/\/www.smedemokrati.sk\/cs\/wp-json\/wp\/v2\/users\/13"}],"replies":[{"embeddable":true,"href":"https:\/\/www.smedemokrati.sk\/cs\/wp-json\/wp\/v2\/comments?post=9157"}],"version-history":[{"count":1,"href":"https:\/\/www.smedemokrati.sk\/cs\/wp-json\/wp\/v2\/posts\/9157\/revisions"}],"predecessor-version":[{"id":9159,"href":"https:\/\/www.smedemokrati.sk\/cs\/wp-json\/wp\/v2\/posts\/9157\/revisions\/9159"}],"wp:featuredmedia":[{"embeddable":true,"href":"https:\/\/www.smedemokrati.sk\/cs\/wp-json\/wp\/v2\/media\/9158"}],"wp:attachment":[{"href":"https:\/\/www.smedemokrati.sk\/cs\/wp-json\/wp\/v2\/media?parent=9157"}],"wp:term":[{"taxonomy":"category","embeddable":true,"href":"https:\/\/www.smedemokrati.sk\/cs\/wp-json\/wp\/v2\/categories?post=9157"},{"taxonomy":"post_tag","embeddable":true,"href":"https:\/\/www.smedemokrati.sk\/cs\/wp-json\/wp\/v2\/tags?post=9157"}],"curies":[{"name":"wp","href":"https:\/\/api.w.org\/{rel}","templated":true}]}}