{"id":9150,"date":"2026-03-31T11:22:46","date_gmt":"2026-03-31T10:22:46","guid":{"rendered":"https:\/\/www.smedemokrati.sk\/?p=9150"},"modified":"2026-03-31T11:22:48","modified_gmt":"2026-03-31T10:22:48","slug":"platit-aj-bez-zisku-demokrati-ziadaju-stopku-danovej-licencii","status":"publish","type":"post","link":"https:\/\/www.smedemokrati.sk\/cs\/platit-aj-bez-zisku-demokrati-ziadaju-stopku-danovej-licencii\/","title":{"rendered":"Plati\u0165 aj bez zisku? Demokrati \u017eiadaj\u00fa stopku da\u0148ovej licencii"},"content":{"rendered":"<div id=\"fb-root\"><\/div>\n\n<p><strong>Strana Demokrati ostro kritizuje neefekt\u00edvne opatrenia vl\u00e1dy pri v\u00fdbere dan\u00ed a vyz\u00fdva na okam\u017eit\u00e9 zru\u0161enie tzv. da\u0148ovej licencie z obratu, ktor\u00fa musia podnikatelia plati\u0165 aj v pr\u00edpade, \u017ee nevyk\u00e1\u017eu \u017eiadny zisk.<\/strong><\/p>\n\n\n\n<p>O to viac v \u010dase, ke\u010f sa ekonomika pod \u0165archou vl\u00e1dnych opatren\u00ed dus\u00ed a mnoh\u00ed podnikatelia z objekt\u00edvnych pr\u00ed\u010din nie s\u00fa schopn\u00ed generova\u0165 zisk.<\/p>\n\n\n\n<p>Z\u00e1rove\u0148 deklaruje, \u017ee v pr\u00edpade \u00fa\u010dasti vo vl\u00e1de presad\u00ed z\u00e1sadn\u00e9 zmeny da\u0148ov\u00e9ho syst\u00e9mu: zru\u0161enie transak\u010dnej dane, zavedenie rovnej dane, jednotnej odvodovej platby pre \u017eivnostn\u00edkov, zru\u0161enie da\u0148ov\u00fdch licenci\u00ed a odpustenie DPH pri k\u00fape nov\u00e9ho prv\u00e9ho b\u00fdvania.<\/p>\n\n\n\n<p><em>\u201eMno\u017estvo podnikate\u013eov sa 31. marca, v de\u0148 pod\u00e1vania da\u0148ov\u00fdch priznan\u00ed, ekonomicky nedo\u017eilo. U\u017e dnes je preuk\u00e1zate\u013en\u00e9, \u017ee zaniklo viac \u017eivnost\u00ed, ne\u017e vzniklo. Nehovoriac o desiatkach firiem a investorov, ktor\u00ed zo Slovenska odi\u0161li pre zdemolovan\u00e9 podnikate\u013esk\u00e9 prostredie. Exempl\u00e1rnym pr\u00edkladom \u0161kodlivosti Ficov\u00fdch opatren\u00ed je tzv. da\u0148ov\u00e1 licencia, ktor\u00fa musia podnikatelia plati\u0165 aj napriek tomu, \u017ee nevyk\u00e1\u017eu \u017eiadny zisk. Vl\u00e1da toto opatrenie zaviedla, lebo podnikate\u013eov pova\u017euje za podvodn\u00edkov, pri\u010dom pr\u00e1ve podnikatelia vytv\u00e1raj\u00fa pracovn\u00e9 miesta a plnia \u0161t\u00e1tny rozpo\u010det. Naopak \u2013 skuto\u010dn\u00ed podvodn\u00edci dnes sedia vo vl\u00e1de, ktor\u00ed podpisuj\u00fa r\u00f4zne z\u00e1kazky prekra\u010duj\u00face v\u00fd\u0161ku da\u0148ov\u00fdch licenci\u00ed. Preto vyz\u00fdvam vl\u00e1du, aby da\u0148ov\u00e9 licencie okam\u017eite zru\u0161ila,\u201c<\/em>&nbsp;uviedol Eduard Heger.<\/p>\n\n\n\n<p>Z\u00e1rove\u0148 pripomenul, \u017ee po\u010das jeho p\u00f4sobenia vo vl\u00e1de boli da\u0148ov\u00e9 licencie zru\u0161en\u00e9 a v\u00fdpadok vo v\u00fd\u0161ke 120 mili\u00f3nov eur sa podarilo nahradi\u0165 efekt\u00edvnej\u0161\u00edm riaden\u00edm verejn\u00fdch financi\u00ed.<\/p>\n\n\n\n<p>\u010clen expertnej skupiny pre ekonomiku Dominik Sumbal upozor\u0148uje, \u017ee symbolika term\u00ednu da\u0148ov\u00fdch priznan\u00ed je tento rok mimoriadne trpk\u00e1:&nbsp;<em>\u201e31. marec sa st\u00e1va symbolick\u00fdm posledn\u00fdm klincom do rakvy slu\u0161n\u00fdch podnikate\u013eov. \u0160t\u00e1t ich n\u00fati plati\u0165 nezmyseln\u00e9 a likvida\u010dn\u00e9 dane bez oh\u013eadu na realitu ich hospod\u00e1renia. Tak\u00fdto pr\u00edstup nielen\u017ee ni\u010d\u00ed podnikate\u013esk\u00e9 prostredie, ale z\u00e1rove\u0148 odh\u00e1\u0148a invest\u00edcie, brzd\u00ed rast ekonomiky a trest\u00e1 t\u00fdch, ktor\u00ed vytv\u00e1raj\u00fa hodnoty. Ak chceme Slovensko postavi\u0165 sp\u00e4\u0165 na nohy, mus\u00edme presta\u0165 tresta\u0165 poctiv\u00fdch a za\u010da\u0165 podporova\u0165 t\u00fdch, ktor\u00ed ekonomiku \u0165ahaj\u00fa dopredu.\u201c<\/em><\/p>\n\n\n<div id=\"fb-root\"><\/div><script async defer crossorigin=\"anonymous\" src=\"https:\/\/connect.facebook.net\/sk_SK\/sdk.js#xfbml=1&version=v18.0\"><\/script><div class=\"fb-video\" data-href=\"https:\/\/www.facebook.com\/smedemokrati2023\/videos\/2077346256390866\" data-width=\"560\" data-show-text=\"false\"><blockquote cite=\"https:\/\/www.facebook.com\/smedemokrati2023\/videos\/2077346256390866\" class=\"fb-xfbml-parse-ignore\"><a href=\"https:\/\/www.facebook.com\/smedemokrati2023\/videos\/2077346256390866\">Video<\/a><\/blockquote><\/div>\n","protected":false},"excerpt":{"rendered":"<p>Strana Demokrati ostro kritizuje neefekt\u00edvne opatrenia vl\u00e1dy pri v\u00fdbere dan\u00ed a vyz\u00fdva na okam\u017eit\u00e9 zru\u0161enie tzv. da\u0148ovej licencie z obratu, ktor\u00fa musia podnikatelia plati\u0165 aj v pr\u00edpade, \u017ee nevyk\u00e1\u017eu \u017eiadny zisk. O to viac v \u010dase, ke\u010f sa ekonomika pod \u0165archou vl\u00e1dnych opatren\u00ed dus\u00ed a mnoh\u00ed podnikatelia z objekt\u00edvnych pr\u00ed\u010din nie s\u00fa schopn\u00ed generova\u0165 zisk. [&hellip;]<\/p>\n","protected":false},"author":13,"featured_media":9151,"comment_status":"closed","ping_status":"closed","sticky":false,"template":"","format":"standard","meta":{"_acf_changed":false,"ngg_post_thumbnail":0,"footnotes":""},"categories":[4],"tags":[],"class_list":["post-9150","post","type-post","status-publish","format-standard","has-post-thumbnail","hentry","category-tlacove-spravy"],"acf":[],"yoast_head":"<!-- This site is optimized with the Yoast SEO plugin v27.2 - https:\/\/yoast.com\/product\/yoast-seo-wordpress\/ -->\n<title>Plati\u0165 aj bez zisku? Demokrati \u017eiadaj\u00fa stopku da\u0148ovej licencii<\/title>\n<meta name=\"robots\" content=\"index, follow, max-snippet:-1, max-image-preview:large, max-video-preview:-1\" \/>\n<link rel=\"canonical\" href=\"https:\/\/www.smedemokrati.sk\/cs\/platit-aj-bez-zisku-demokrati-ziadaju-stopku-danovej-licencii\/\" \/>\n<meta property=\"og:locale\" content=\"cs_CZ\" \/>\n<meta property=\"og:locale:alternate\" content=\"en_US\" \/>\n<meta property=\"og:locale:alternate\" content=\"hu_HU\" \/>\n<meta property=\"og:locale:alternate\" content=\"sk_SK\" \/>\n<meta property=\"og:locale:alternate\" content=\"sv_SE\" \/>\n<meta property=\"og:type\" content=\"article\" \/>\n<meta property=\"og:title\" content=\"Plati\u0165 aj bez zisku? Demokrati \u017eiadaj\u00fa stopku da\u0148ovej licencii\" \/>\n<meta property=\"og:description\" content=\"Strana Demokrati ostro kritizuje neefekt\u00edvne opatrenia vl\u00e1dy pri v\u00fdbere dan\u00ed a vyz\u00fdva na okam\u017eit\u00e9 zru\u0161enie tzv. da\u0148ovej licencie z obratu, ktor\u00fa musia podnikatelia plati\u0165 aj v pr\u00edpade, \u017ee nevyk\u00e1\u017eu \u017eiadny zisk. O to viac v \u010dase, ke\u010f sa ekonomika pod \u0165archou vl\u00e1dnych opatren\u00ed dus\u00ed a mnoh\u00ed podnikatelia z objekt\u00edvnych pr\u00ed\u010din nie s\u00fa schopn\u00ed generova\u0165 zisk. [&hellip;]\" \/>\n<meta property=\"og:url\" content=\"https:\/\/www.smedemokrati.sk\/cs\/platit-aj-bez-zisku-demokrati-ziadaju-stopku-danovej-licencii\/\" \/>\n<meta property=\"og:site_name\" content=\"Smedemokrati.sk\" \/>\n<meta property=\"article:publisher\" content=\"https:\/\/www.facebook.com\/smedemokrati2023\" \/>\n<meta property=\"article:published_time\" content=\"2026-03-31T10:22:46+00:00\" \/>\n<meta property=\"article:modified_time\" content=\"2026-03-31T10:22:48+00:00\" \/>\n<meta property=\"og:image\" content=\"https:\/\/www.smedemokrati.sk\/wp-content\/uploads\/2026\/03\/658860903_4127373617572840_7426177597765894731_n.jpg\" \/>\n\t<meta property=\"og:image:width\" content=\"1280\" \/>\n\t<meta property=\"og:image:height\" content=\"720\" \/>\n\t<meta property=\"og:image:type\" content=\"image\/jpeg\" \/>\n<meta name=\"author\" content=\"miro.sopko\" \/>\n<meta name=\"twitter:card\" content=\"summary_large_image\" \/>\n<meta name=\"twitter:label1\" content=\"Napsal(a)\" \/>\n\t<meta name=\"twitter:data1\" content=\"miro.sopko\" \/>\n\t<meta name=\"twitter:label2\" content=\"Odhadovan\u00e1 doba \u010dten\u00ed\" \/>\n\t<meta name=\"twitter:data2\" content=\"2 minuty\" \/>\n<script type=\"application\/ld+json\" class=\"yoast-schema-graph\">{\"@context\":\"https:\/\/schema.org\",\"@graph\":[{\"@type\":\"Article\",\"@id\":\"https:\/\/www.smedemokrati.sk\/platit-aj-bez-zisku-demokrati-ziadaju-stopku-danovej-licencii\/#article\",\"isPartOf\":{\"@id\":\"https:\/\/www.smedemokrati.sk\/platit-aj-bez-zisku-demokrati-ziadaju-stopku-danovej-licencii\/\"},\"author\":{\"name\":\"miro.sopko\",\"@id\":\"https:\/\/www.smedemokrati.sk\/#\/schema\/person\/21f147c88d605aa7ded900e1e7c344ba\"},\"headline\":\"Plati\u0165 aj bez zisku? Demokrati \u017eiadaj\u00fa stopku da\u0148ovej licencii\",\"datePublished\":\"2026-03-31T10:22:46+00:00\",\"dateModified\":\"2026-03-31T10:22:48+00:00\",\"mainEntityOfPage\":{\"@id\":\"https:\/\/www.smedemokrati.sk\/platit-aj-bez-zisku-demokrati-ziadaju-stopku-danovej-licencii\/\"},\"wordCount\":426,\"publisher\":{\"@id\":\"https:\/\/www.smedemokrati.sk\/#organization\"},\"image\":{\"@id\":\"https:\/\/www.smedemokrati.sk\/platit-aj-bez-zisku-demokrati-ziadaju-stopku-danovej-licencii\/#primaryimage\"},\"thumbnailUrl\":\"https:\/\/www.smedemokrati.sk\/wp-content\/uploads\/2026\/03\/658860903_4127373617572840_7426177597765894731_n.jpg\",\"articleSection\":[\"Tla\u010dov\u00e9 spr\u00e1vy\"],\"inLanguage\":\"cs-CZ\"},{\"@type\":\"WebPage\",\"@id\":\"https:\/\/www.smedemokrati.sk\/platit-aj-bez-zisku-demokrati-ziadaju-stopku-danovej-licencii\/\",\"url\":\"https:\/\/www.smedemokrati.sk\/platit-aj-bez-zisku-demokrati-ziadaju-stopku-danovej-licencii\/\",\"name\":\"Plati\u0165 aj bez zisku? Demokrati \u017eiadaj\u00fa stopku da\u0148ovej licencii\",\"isPartOf\":{\"@id\":\"https:\/\/www.smedemokrati.sk\/#website\"},\"primaryImageOfPage\":{\"@id\":\"https:\/\/www.smedemokrati.sk\/platit-aj-bez-zisku-demokrati-ziadaju-stopku-danovej-licencii\/#primaryimage\"},\"image\":{\"@id\":\"https:\/\/www.smedemokrati.sk\/platit-aj-bez-zisku-demokrati-ziadaju-stopku-danovej-licencii\/#primaryimage\"},\"thumbnailUrl\":\"https:\/\/www.smedemokrati.sk\/wp-content\/uploads\/2026\/03\/658860903_4127373617572840_7426177597765894731_n.jpg\",\"datePublished\":\"2026-03-31T10:22:46+00:00\",\"dateModified\":\"2026-03-31T10:22:48+00:00\",\"breadcrumb\":{\"@id\":\"https:\/\/www.smedemokrati.sk\/platit-aj-bez-zisku-demokrati-ziadaju-stopku-danovej-licencii\/#breadcrumb\"},\"inLanguage\":\"cs-CZ\",\"potentialAction\":[{\"@type\":\"ReadAction\",\"target\":[\"https:\/\/www.smedemokrati.sk\/platit-aj-bez-zisku-demokrati-ziadaju-stopku-danovej-licencii\/\"]}]},{\"@type\":\"ImageObject\",\"inLanguage\":\"cs-CZ\",\"@id\":\"https:\/\/www.smedemokrati.sk\/platit-aj-bez-zisku-demokrati-ziadaju-stopku-danovej-licencii\/#primaryimage\",\"url\":\"https:\/\/www.smedemokrati.sk\/wp-content\/uploads\/2026\/03\/658860903_4127373617572840_7426177597765894731_n.jpg\",\"contentUrl\":\"https:\/\/www.smedemokrati.sk\/wp-content\/uploads\/2026\/03\/658860903_4127373617572840_7426177597765894731_n.jpg\",\"width\":1280,\"height\":720},{\"@type\":\"BreadcrumbList\",\"@id\":\"https:\/\/www.smedemokrati.sk\/platit-aj-bez-zisku-demokrati-ziadaju-stopku-danovej-licencii\/#breadcrumb\",\"itemListElement\":[{\"@type\":\"ListItem\",\"position\":1,\"name\":\"Domovsk\u00e1 str\u00e1nka\",\"item\":\"https:\/\/www.smedemokrati.sk\/\"},{\"@type\":\"ListItem\",\"position\":2,\"name\":\"Plati\u0165 aj bez zisku? Demokrati \u017eiadaj\u00fa stopku da\u0148ovej licencii\"}]},{\"@type\":\"WebSite\",\"@id\":\"https:\/\/www.smedemokrati.sk\/#website\",\"url\":\"https:\/\/www.smedemokrati.sk\/\",\"name\":\"Smedemokrati.sk\",\"description\":\"Demokracia a slu\u0161nos\u0165 zv\u00ed\u0165az\u00ed\",\"publisher\":{\"@id\":\"https:\/\/www.smedemokrati.sk\/#organization\"},\"potentialAction\":[{\"@type\":\"SearchAction\",\"target\":{\"@type\":\"EntryPoint\",\"urlTemplate\":\"https:\/\/www.smedemokrati.sk\/?s={search_term_string}\"},\"query-input\":{\"@type\":\"PropertyValueSpecification\",\"valueRequired\":true,\"valueName\":\"search_term_string\"}}],\"inLanguage\":\"cs-CZ\"},{\"@type\":\"Organization\",\"@id\":\"https:\/\/www.smedemokrati.sk\/#organization\",\"name\":\"Smedemokrati.sk\",\"url\":\"https:\/\/www.smedemokrati.sk\/\",\"logo\":{\"@type\":\"ImageObject\",\"inLanguage\":\"cs-CZ\",\"@id\":\"https:\/\/www.smedemokrati.sk\/#\/schema\/logo\/image\/\",\"url\":\"https:\/\/www.smedemokrati.sk\/wp-content\/uploads\/2023\/04\/ff.002.jpeg\",\"contentUrl\":\"https:\/\/www.smedemokrati.sk\/wp-content\/uploads\/2023\/04\/ff.002.jpeg\",\"width\":640,\"height\":480,\"caption\":\"Smedemokrati.sk\"},\"image\":{\"@id\":\"https:\/\/www.smedemokrati.sk\/#\/schema\/logo\/image\/\"},\"sameAs\":[\"https:\/\/www.facebook.com\/smedemokrati2023\"]},{\"@type\":\"Person\",\"@id\":\"https:\/\/www.smedemokrati.sk\/#\/schema\/person\/21f147c88d605aa7ded900e1e7c344ba\",\"name\":\"miro.sopko\",\"image\":{\"@type\":\"ImageObject\",\"inLanguage\":\"cs-CZ\",\"@id\":\"https:\/\/secure.gravatar.com\/avatar\/267e4a36f704376c109afe3a78740c1f5dd8675a2180a908699e7863c9247606?s=96&d=mm&r=g\",\"url\":\"https:\/\/secure.gravatar.com\/avatar\/267e4a36f704376c109afe3a78740c1f5dd8675a2180a908699e7863c9247606?s=96&d=mm&r=g\",\"contentUrl\":\"https:\/\/secure.gravatar.com\/avatar\/267e4a36f704376c109afe3a78740c1f5dd8675a2180a908699e7863c9247606?s=96&d=mm&r=g\",\"caption\":\"miro.sopko\"},\"url\":\"https:\/\/www.smedemokrati.sk\/cs\/author\/miro-sopko\/\"}]}<\/script>\n<!-- \/ Yoast SEO plugin. -->","yoast_head_json":{"title":"Plati\u0165 aj bez zisku? Demokrati \u017eiadaj\u00fa stopku da\u0148ovej licencii","robots":{"index":"index","follow":"follow","max-snippet":"max-snippet:-1","max-image-preview":"max-image-preview:large","max-video-preview":"max-video-preview:-1"},"canonical":"https:\/\/www.smedemokrati.sk\/cs\/platit-aj-bez-zisku-demokrati-ziadaju-stopku-danovej-licencii\/","og_locale":"cs_CZ","og_type":"article","og_title":"[:sk]Plati\u0165 aj bez zisku? Demokrati \u017eiadaj\u00fa stopku da\u0148ovej licencii[:] - Smedemokrati.sk","og_description":"Strana Demokrati ostro kritizuje neefekt\u00edvne opatrenia vl\u00e1dy pri v\u00fdbere dan\u00ed a vyz\u00fdva na okam\u017eit\u00e9 zru\u0161enie tzv. da\u0148ovej licencie z obratu, ktor\u00fa musia podnikatelia plati\u0165 aj v pr\u00edpade, \u017ee nevyk\u00e1\u017eu \u017eiadny zisk. O to viac v \u010dase, ke\u010f sa ekonomika pod \u0165archou vl\u00e1dnych opatren\u00ed dus\u00ed a mnoh\u00ed podnikatelia z objekt\u00edvnych pr\u00ed\u010din nie s\u00fa schopn\u00ed generova\u0165 zisk. [&hellip;]","og_url":"https:\/\/www.smedemokrati.sk\/cs\/platit-aj-bez-zisku-demokrati-ziadaju-stopku-danovej-licencii\/","og_site_name":"Smedemokrati.sk","article_publisher":"https:\/\/www.facebook.com\/smedemokrati2023","article_published_time":"2026-03-31T10:22:46+00:00","article_modified_time":"2026-03-31T10:22:48+00:00","og_image":[{"width":1280,"height":720,"url":"https:\/\/www.smedemokrati.sk\/wp-content\/uploads\/2026\/03\/658860903_4127373617572840_7426177597765894731_n.jpg","type":"image\/jpeg"}],"author":"miro.sopko","twitter_card":"summary_large_image","twitter_misc":{"Napsal(a)":"miro.sopko","Odhadovan\u00e1 doba \u010dten\u00ed":"2 minuty"},"schema":{"@context":"https:\/\/schema.org","@graph":[{"@type":"Article","@id":"https:\/\/www.smedemokrati.sk\/platit-aj-bez-zisku-demokrati-ziadaju-stopku-danovej-licencii\/#article","isPartOf":{"@id":"https:\/\/www.smedemokrati.sk\/platit-aj-bez-zisku-demokrati-ziadaju-stopku-danovej-licencii\/"},"author":{"name":"miro.sopko","@id":"https:\/\/www.smedemokrati.sk\/#\/schema\/person\/21f147c88d605aa7ded900e1e7c344ba"},"headline":"Plati\u0165 aj bez zisku? Demokrati \u017eiadaj\u00fa stopku da\u0148ovej licencii","datePublished":"2026-03-31T10:22:46+00:00","dateModified":"2026-03-31T10:22:48+00:00","mainEntityOfPage":{"@id":"https:\/\/www.smedemokrati.sk\/platit-aj-bez-zisku-demokrati-ziadaju-stopku-danovej-licencii\/"},"wordCount":426,"publisher":{"@id":"https:\/\/www.smedemokrati.sk\/#organization"},"image":{"@id":"https:\/\/www.smedemokrati.sk\/platit-aj-bez-zisku-demokrati-ziadaju-stopku-danovej-licencii\/#primaryimage"},"thumbnailUrl":"https:\/\/www.smedemokrati.sk\/wp-content\/uploads\/2026\/03\/658860903_4127373617572840_7426177597765894731_n.jpg","articleSection":["Tla\u010dov\u00e9 spr\u00e1vy"],"inLanguage":"cs-CZ"},{"@type":"WebPage","@id":"https:\/\/www.smedemokrati.sk\/platit-aj-bez-zisku-demokrati-ziadaju-stopku-danovej-licencii\/","url":"https:\/\/www.smedemokrati.sk\/platit-aj-bez-zisku-demokrati-ziadaju-stopku-danovej-licencii\/","name":"Plati\u0165 aj bez zisku? Demokrati \u017eiadaj\u00fa stopku da\u0148ovej licencii","isPartOf":{"@id":"https:\/\/www.smedemokrati.sk\/#website"},"primaryImageOfPage":{"@id":"https:\/\/www.smedemokrati.sk\/platit-aj-bez-zisku-demokrati-ziadaju-stopku-danovej-licencii\/#primaryimage"},"image":{"@id":"https:\/\/www.smedemokrati.sk\/platit-aj-bez-zisku-demokrati-ziadaju-stopku-danovej-licencii\/#primaryimage"},"thumbnailUrl":"https:\/\/www.smedemokrati.sk\/wp-content\/uploads\/2026\/03\/658860903_4127373617572840_7426177597765894731_n.jpg","datePublished":"2026-03-31T10:22:46+00:00","dateModified":"2026-03-31T10:22:48+00:00","breadcrumb":{"@id":"https:\/\/www.smedemokrati.sk\/platit-aj-bez-zisku-demokrati-ziadaju-stopku-danovej-licencii\/#breadcrumb"},"inLanguage":"cs-CZ","potentialAction":[{"@type":"ReadAction","target":["https:\/\/www.smedemokrati.sk\/platit-aj-bez-zisku-demokrati-ziadaju-stopku-danovej-licencii\/"]}]},{"@type":"ImageObject","inLanguage":"cs-CZ","@id":"https:\/\/www.smedemokrati.sk\/platit-aj-bez-zisku-demokrati-ziadaju-stopku-danovej-licencii\/#primaryimage","url":"https:\/\/www.smedemokrati.sk\/wp-content\/uploads\/2026\/03\/658860903_4127373617572840_7426177597765894731_n.jpg","contentUrl":"https:\/\/www.smedemokrati.sk\/wp-content\/uploads\/2026\/03\/658860903_4127373617572840_7426177597765894731_n.jpg","width":1280,"height":720},{"@type":"BreadcrumbList","@id":"https:\/\/www.smedemokrati.sk\/platit-aj-bez-zisku-demokrati-ziadaju-stopku-danovej-licencii\/#breadcrumb","itemListElement":[{"@type":"ListItem","position":1,"name":"Domovsk\u00e1 str\u00e1nka","item":"https:\/\/www.smedemokrati.sk\/"},{"@type":"ListItem","position":2,"name":"Plati\u0165 aj bez zisku? Demokrati \u017eiadaj\u00fa stopku da\u0148ovej licencii"}]},{"@type":"WebSite","@id":"https:\/\/www.smedemokrati.sk\/#website","url":"https:\/\/www.smedemokrati.sk\/","name":"Smedemokrati.sk","description":"Demokracia a slu\u0161nos\u0165 zv\u00ed\u0165az\u00ed","publisher":{"@id":"https:\/\/www.smedemokrati.sk\/#organization"},"potentialAction":[{"@type":"SearchAction","target":{"@type":"EntryPoint","urlTemplate":"https:\/\/www.smedemokrati.sk\/?s={search_term_string}"},"query-input":{"@type":"PropertyValueSpecification","valueRequired":true,"valueName":"search_term_string"}}],"inLanguage":"cs-CZ"},{"@type":"Organization","@id":"https:\/\/www.smedemokrati.sk\/#organization","name":"Smedemokrati.sk","url":"https:\/\/www.smedemokrati.sk\/","logo":{"@type":"ImageObject","inLanguage":"cs-CZ","@id":"https:\/\/www.smedemokrati.sk\/#\/schema\/logo\/image\/","url":"https:\/\/www.smedemokrati.sk\/wp-content\/uploads\/2023\/04\/ff.002.jpeg","contentUrl":"https:\/\/www.smedemokrati.sk\/wp-content\/uploads\/2023\/04\/ff.002.jpeg","width":640,"height":480,"caption":"Smedemokrati.sk"},"image":{"@id":"https:\/\/www.smedemokrati.sk\/#\/schema\/logo\/image\/"},"sameAs":["https:\/\/www.facebook.com\/smedemokrati2023"]},{"@type":"Person","@id":"https:\/\/www.smedemokrati.sk\/#\/schema\/person\/21f147c88d605aa7ded900e1e7c344ba","name":"miro.sopko","image":{"@type":"ImageObject","inLanguage":"cs-CZ","@id":"https:\/\/secure.gravatar.com\/avatar\/267e4a36f704376c109afe3a78740c1f5dd8675a2180a908699e7863c9247606?s=96&d=mm&r=g","url":"https:\/\/secure.gravatar.com\/avatar\/267e4a36f704376c109afe3a78740c1f5dd8675a2180a908699e7863c9247606?s=96&d=mm&r=g","contentUrl":"https:\/\/secure.gravatar.com\/avatar\/267e4a36f704376c109afe3a78740c1f5dd8675a2180a908699e7863c9247606?s=96&d=mm&r=g","caption":"miro.sopko"},"url":"https:\/\/www.smedemokrati.sk\/cs\/author\/miro-sopko\/"}]}},"_links":{"self":[{"href":"https:\/\/www.smedemokrati.sk\/cs\/wp-json\/wp\/v2\/posts\/9150","targetHints":{"allow":["GET"]}}],"collection":[{"href":"https:\/\/www.smedemokrati.sk\/cs\/wp-json\/wp\/v2\/posts"}],"about":[{"href":"https:\/\/www.smedemokrati.sk\/cs\/wp-json\/wp\/v2\/types\/post"}],"author":[{"embeddable":true,"href":"https:\/\/www.smedemokrati.sk\/cs\/wp-json\/wp\/v2\/users\/13"}],"replies":[{"embeddable":true,"href":"https:\/\/www.smedemokrati.sk\/cs\/wp-json\/wp\/v2\/comments?post=9150"}],"version-history":[{"count":1,"href":"https:\/\/www.smedemokrati.sk\/cs\/wp-json\/wp\/v2\/posts\/9150\/revisions"}],"predecessor-version":[{"id":9152,"href":"https:\/\/www.smedemokrati.sk\/cs\/wp-json\/wp\/v2\/posts\/9150\/revisions\/9152"}],"wp:featuredmedia":[{"embeddable":true,"href":"https:\/\/www.smedemokrati.sk\/cs\/wp-json\/wp\/v2\/media\/9151"}],"wp:attachment":[{"href":"https:\/\/www.smedemokrati.sk\/cs\/wp-json\/wp\/v2\/media?parent=9150"}],"wp:term":[{"taxonomy":"category","embeddable":true,"href":"https:\/\/www.smedemokrati.sk\/cs\/wp-json\/wp\/v2\/categories?post=9150"},{"taxonomy":"post_tag","embeddable":true,"href":"https:\/\/www.smedemokrati.sk\/cs\/wp-json\/wp\/v2\/tags?post=9150"}],"curies":[{"name":"wp","href":"https:\/\/api.w.org\/{rel}","templated":true}]}}