{"id":9145,"date":"2026-03-30T10:50:32","date_gmt":"2026-03-30T09:50:32","guid":{"rendered":"https:\/\/www.smedemokrati.sk\/?p=9145"},"modified":"2026-03-30T10:50:32","modified_gmt":"2026-03-30T09:50:32","slug":"demokrati-dnes-odovzdali-v-prezidentskom-palaci-prezidentovi-pellegrinimu-list-kde-mu-predostreli-ustavne-udrzatelnu-argumentaciu-na-zaklade-ktorej-ma-vyhlasit-referendum","status":"publish","type":"post","link":"https:\/\/www.smedemokrati.sk\/cs\/demokrati-dnes-odovzdali-v-prezidentskom-palaci-prezidentovi-pellegrinimu-list-kde-mu-predostreli-ustavne-udrzatelnu-argumentaciu-na-zaklade-ktorej-ma-vyhlasit-referendum\/","title":{"rendered":"Demokrati dnes odovzdali v prezidentskom pal\u00e1ci prezidentovi Pellegrinimu list, kde mu predostreli \u00fastavne udr\u017eate\u013en\u00fa argument\u00e1ciu, na z\u00e1klade ktorej m\u00e1 vyhl\u00e1si\u0165 referendum"},"content":{"rendered":"<div id=\"fb-root\"><\/div>\n\n<p><strong>Z\u00e1stupcovia strany Demokrati dnes odovzdali v prezidentskom pal\u00e1ci prezidentovi Pellegrinimu ofici\u00e1lny list, kde mu predostreli \u00fastavne udr\u017eate\u013en\u00fa argument\u00e1ciu, na&nbsp;z\u00e1klade ktorej m\u00e1 vyhl\u00e1si\u0165 referendum. Rovnako po\u017eiadali prezidenta Pellegriniho o osobn\u00e9 prijatie.<\/strong><\/p>\n\n\n\n<p><em>\u201ePrezident Pellegrini v Sobotn\u00fdch dial\u00f3goch hovoril o mo\u017en\u00fdch \u00fastavn\u00fdch probl\u00e9moch v s\u00favislosti s referendom. Pr\u00e1ve preto sme mu dnes priniesli \u00fastavn\u00fa argument\u00e1ciu, o ktor\u00fa sa m\u00f4\u017ee oprie\u0165, ak m\u00e1 z\u00e1ujem vyhl\u00e1si\u0165 referendum. Pripom\u00edname, \u017ee to bol pr\u00e1ve p\u00e1n Pellegrini, ktor\u00fd v minulosti rozpr\u00e1val o fack\u00e1ch ob\u010danom, ke\u010f b\u00fdval\u00e1 prezidentka nevyhl\u00e1sila referendum o v\u0161etk\u00fdch ot\u00e1zkach. Prezident Pellegrini dostal dnes do svojich r\u00fak relevant\u00fa judikat\u00faru \u00fastavn\u00e9ho s\u00fadu a argumenty, aby referendum mohol vyhl\u00e1si\u0165. \u017dia\u013e m\u00e1m pocit, \u017ee prezident za\u010d\u00edna h\u013eada\u0165 v\u00fdhovorky, aby referendum vyhl\u00e1si\u0165 nemusel. Ch\u00e1pem, vl\u00e1dna koal\u00edcia m\u00e1 obavu, rovnako strana Hlas, kde je on st\u00e1le \u010destn\u00fdm predsedom. Napriek tomu, \u017ee nem\u00e1m pochybnos\u0165, \u017ee n\u00e1s ako Demokratov prezident nem\u00e1 v ob\u013eube, \u017eiadame ho v mene 384 314 ob\u010danov o prijatie, aby sme si relevantn\u00e9 ot\u00e1zky a argumenty mohli vyjasni\u0165. Peti\u010dn\u00fd v\u00fdbor je presne na to, aby komunikoval s prezidentom.&#8220;<\/em>\u00a0hovor\u00ed Juraj \u0160eliga, podpredseda strany Demokrati.\u00a0<\/p>\n\n\n\n<p><em>\u201ePrezident vyjadril obavu o to, \u017ee vyhl\u00e1senie referenda by mohlo v praxi znamena\u0165 aplik\u00e1ciu imperat\u00edvneho mand\u00e1tu. Je to nezmysel, \u00fastavn\u00fd s\u00fad jasne povedal, \u010do je a \u010do nie je imperat\u00edvny mand\u00e1t. Re\u0161pektovanie platn\u00fdch pr\u00e1vnych predpisov zo strany poslancov nikdy nem\u00f4\u017ee by\u0165 imperat\u00edvnym mand\u00e1tom, teda tlakom alebo pr\u00edkazom poslancovi, ktor\u00fd \u00fastava zakazuje. Ak by sme prijali tak\u00e9to argumenty, vlastne by sme hovorili, \u017ee poslanec stoj\u00ed nad v\u0161etk\u00fdmi, aj nad \u00fastavou, aj nad ob\u010danmi, aj nad z\u00e1konmi. Dnes pri posudzovan\u00ed ot\u00e1zok referenda vlastne prezident rozhoduje o tom, \u010di ob\u010dania s\u00fa dr\u017eite\u013eom moci alebo nad nimi stoja poslanci. Je to mimoriadne d\u00f4le\u017eit\u00e9 pre charakter \u0161t\u00e1tu, preto\u017ee v zmysle \u010dl. 2 ods. 1 \u00fastavy, moc poch\u00e1dza od ob\u010danov, nie od poslancov.&#8220;<\/em>\u00a0vysvet\u013euje Michal Ki\u010da, podpredseda strany Demokrati.\u00a0<\/p>\n\n\n\n<figure class=\"wp-block-embed is-type-video is-provider-youtube wp-block-embed-youtube wp-embed-aspect-16-9 wp-has-aspect-ratio\"><div class=\"wp-block-embed__wrapper\">\n<iframe title=\"Pellegrinimu sme doniesli argument\u00e1ciu, pod\u013ea ktorej je na\u0161a ot\u00e1zka v referende v poriadku\" width=\"500\" height=\"281\" src=\"https:\/\/www.youtube.com\/embed\/gx06DQv8Ha8?feature=oembed\" frameborder=\"0\" allow=\"accelerometer; autoplay; clipboard-write; encrypted-media; gyroscope; picture-in-picture; web-share\" referrerpolicy=\"strict-origin-when-cross-origin\" allowfullscreen><\/iframe>\n<\/div><\/figure>\n","protected":false},"excerpt":{"rendered":"<p>Z\u00e1stupcovia strany Demokrati dnes odovzdali v prezidentskom pal\u00e1ci prezidentovi Pellegrinimu ofici\u00e1lny list, kde mu predostreli \u00fastavne udr\u017eate\u013en\u00fa argument\u00e1ciu, na&nbsp;z\u00e1klade ktorej m\u00e1 vyhl\u00e1si\u0165 referendum. Rovnako po\u017eiadali prezidenta Pellegriniho o osobn\u00e9 prijatie. \u201ePrezident Pellegrini v Sobotn\u00fdch dial\u00f3goch hovoril o mo\u017en\u00fdch \u00fastavn\u00fdch probl\u00e9moch v s\u00favislosti s referendom. Pr\u00e1ve preto sme mu dnes priniesli \u00fastavn\u00fa argument\u00e1ciu, o ktor\u00fa sa [&hellip;]<\/p>\n","protected":false},"author":13,"featured_media":9146,"comment_status":"closed","ping_status":"closed","sticky":false,"template":"","format":"standard","meta":{"_acf_changed":false,"ngg_post_thumbnail":0,"footnotes":""},"categories":[4],"tags":[],"class_list":["post-9145","post","type-post","status-publish","format-standard","has-post-thumbnail","hentry","category-tlacove-spravy"],"acf":[],"yoast_head":"<!-- This site is optimized with the Yoast SEO plugin v27.2 - https:\/\/yoast.com\/product\/yoast-seo-wordpress\/ -->\n<title>Demokrati dnes odovzdali v prezidentskom pal\u00e1ci prezidentovi Pellegrinimu list, kde mu predostreli \u00fastavne udr\u017eate\u013en\u00fa argument\u00e1ciu, na z\u00e1klade ktorej m\u00e1 vyhl\u00e1si\u0165 referendum<\/title>\n<meta name=\"robots\" content=\"index, follow, max-snippet:-1, max-image-preview:large, max-video-preview:-1\" \/>\n<link rel=\"canonical\" href=\"https:\/\/www.smedemokrati.sk\/cs\/demokrati-dnes-odovzdali-v-prezidentskom-palaci-prezidentovi-pellegrinimu-list-kde-mu-predostreli-ustavne-udrzatelnu-argumentaciu-na-zaklade-ktorej-ma-vyhlasit-referendum\/\" \/>\n<meta property=\"og:locale\" content=\"cs_CZ\" \/>\n<meta property=\"og:locale:alternate\" content=\"en_US\" \/>\n<meta property=\"og:locale:alternate\" content=\"hu_HU\" \/>\n<meta property=\"og:locale:alternate\" content=\"sk_SK\" \/>\n<meta property=\"og:locale:alternate\" content=\"sv_SE\" \/>\n<meta property=\"og:type\" content=\"article\" \/>\n<meta property=\"og:title\" content=\"Demokrati dnes odovzdali v prezidentskom pal\u00e1ci prezidentovi Pellegrinimu list, kde mu predostreli \u00fastavne udr\u017eate\u013en\u00fa argument\u00e1ciu, na z\u00e1klade ktorej m\u00e1 vyhl\u00e1si\u0165 referendum\" \/>\n<meta property=\"og:description\" content=\"Z\u00e1stupcovia strany Demokrati dnes odovzdali v prezidentskom pal\u00e1ci prezidentovi Pellegrinimu ofici\u00e1lny list, kde mu predostreli \u00fastavne udr\u017eate\u013en\u00fa argument\u00e1ciu, na&nbsp;z\u00e1klade ktorej m\u00e1 vyhl\u00e1si\u0165 referendum. Rovnako po\u017eiadali prezidenta Pellegriniho o osobn\u00e9 prijatie. \u201ePrezident Pellegrini v Sobotn\u00fdch dial\u00f3goch hovoril o mo\u017en\u00fdch \u00fastavn\u00fdch probl\u00e9moch v s\u00favislosti s referendom. Pr\u00e1ve preto sme mu dnes priniesli \u00fastavn\u00fa argument\u00e1ciu, o ktor\u00fa sa [&hellip;]\" \/>\n<meta property=\"og:url\" content=\"https:\/\/www.smedemokrati.sk\/cs\/demokrati-dnes-odovzdali-v-prezidentskom-palaci-prezidentovi-pellegrinimu-list-kde-mu-predostreli-ustavne-udrzatelnu-argumentaciu-na-zaklade-ktorej-ma-vyhlasit-referendum\/\" \/>\n<meta property=\"og:site_name\" content=\"Smedemokrati.sk\" \/>\n<meta property=\"article:publisher\" content=\"https:\/\/www.facebook.com\/smedemokrati2023\" \/>\n<meta property=\"article:published_time\" content=\"2026-03-30T09:50:32+00:00\" \/>\n<meta property=\"og:image\" content=\"https:\/\/www.smedemokrati.sk\/wp-content\/uploads\/2026\/03\/prezidentovi.jpg\" \/>\n\t<meta property=\"og:image:width\" content=\"640\" \/>\n\t<meta property=\"og:image:height\" content=\"480\" \/>\n\t<meta property=\"og:image:type\" content=\"image\/jpeg\" \/>\n<meta name=\"author\" content=\"miro.sopko\" \/>\n<meta name=\"twitter:card\" content=\"summary_large_image\" \/>\n<meta name=\"twitter:label1\" content=\"Napsal(a)\" \/>\n\t<meta name=\"twitter:data1\" content=\"miro.sopko\" \/>\n\t<meta name=\"twitter:label2\" content=\"Odhadovan\u00e1 doba \u010dten\u00ed\" \/>\n\t<meta name=\"twitter:data2\" content=\"2 minuty\" \/>\n<script type=\"application\/ld+json\" class=\"yoast-schema-graph\">{\"@context\":\"https:\/\/schema.org\",\"@graph\":[{\"@type\":\"Article\",\"@id\":\"https:\/\/www.smedemokrati.sk\/demokrati-dnes-odovzdali-v-prezidentskom-palaci-prezidentovi-pellegrinimu-list-kde-mu-predostreli-ustavne-udrzatelnu-argumentaciu-na-zaklade-ktorej-ma-vyhlasit-referendum\/#article\",\"isPartOf\":{\"@id\":\"https:\/\/www.smedemokrati.sk\/demokrati-dnes-odovzdali-v-prezidentskom-palaci-prezidentovi-pellegrinimu-list-kde-mu-predostreli-ustavne-udrzatelnu-argumentaciu-na-zaklade-ktorej-ma-vyhlasit-referendum\/\"},\"author\":{\"name\":\"miro.sopko\",\"@id\":\"https:\/\/www.smedemokrati.sk\/#\/schema\/person\/21f147c88d605aa7ded900e1e7c344ba\"},\"headline\":\"Demokrati dnes odovzdali v prezidentskom pal\u00e1ci prezidentovi Pellegrinimu list, kde mu predostreli \u00fastavne udr\u017eate\u013en\u00fa argument\u00e1ciu, na z\u00e1klade ktorej m\u00e1 vyhl\u00e1si\u0165 referendum\",\"datePublished\":\"2026-03-30T09:50:32+00:00\",\"mainEntityOfPage\":{\"@id\":\"https:\/\/www.smedemokrati.sk\/demokrati-dnes-odovzdali-v-prezidentskom-palaci-prezidentovi-pellegrinimu-list-kde-mu-predostreli-ustavne-udrzatelnu-argumentaciu-na-zaklade-ktorej-ma-vyhlasit-referendum\/\"},\"wordCount\":418,\"publisher\":{\"@id\":\"https:\/\/www.smedemokrati.sk\/#organization\"},\"image\":{\"@id\":\"https:\/\/www.smedemokrati.sk\/demokrati-dnes-odovzdali-v-prezidentskom-palaci-prezidentovi-pellegrinimu-list-kde-mu-predostreli-ustavne-udrzatelnu-argumentaciu-na-zaklade-ktorej-ma-vyhlasit-referendum\/#primaryimage\"},\"thumbnailUrl\":\"https:\/\/www.smedemokrati.sk\/wp-content\/uploads\/2026\/03\/prezidentovi.jpg\",\"articleSection\":[\"Tla\u010dov\u00e9 spr\u00e1vy\"],\"inLanguage\":\"cs-CZ\"},{\"@type\":\"WebPage\",\"@id\":\"https:\/\/www.smedemokrati.sk\/demokrati-dnes-odovzdali-v-prezidentskom-palaci-prezidentovi-pellegrinimu-list-kde-mu-predostreli-ustavne-udrzatelnu-argumentaciu-na-zaklade-ktorej-ma-vyhlasit-referendum\/\",\"url\":\"https:\/\/www.smedemokrati.sk\/demokrati-dnes-odovzdali-v-prezidentskom-palaci-prezidentovi-pellegrinimu-list-kde-mu-predostreli-ustavne-udrzatelnu-argumentaciu-na-zaklade-ktorej-ma-vyhlasit-referendum\/\",\"name\":\"Demokrati dnes odovzdali v prezidentskom pal\u00e1ci prezidentovi Pellegrinimu list, kde mu predostreli \u00fastavne udr\u017eate\u013en\u00fa argument\u00e1ciu, na z\u00e1klade ktorej m\u00e1 vyhl\u00e1si\u0165 referendum\",\"isPartOf\":{\"@id\":\"https:\/\/www.smedemokrati.sk\/#website\"},\"primaryImageOfPage\":{\"@id\":\"https:\/\/www.smedemokrati.sk\/demokrati-dnes-odovzdali-v-prezidentskom-palaci-prezidentovi-pellegrinimu-list-kde-mu-predostreli-ustavne-udrzatelnu-argumentaciu-na-zaklade-ktorej-ma-vyhlasit-referendum\/#primaryimage\"},\"image\":{\"@id\":\"https:\/\/www.smedemokrati.sk\/demokrati-dnes-odovzdali-v-prezidentskom-palaci-prezidentovi-pellegrinimu-list-kde-mu-predostreli-ustavne-udrzatelnu-argumentaciu-na-zaklade-ktorej-ma-vyhlasit-referendum\/#primaryimage\"},\"thumbnailUrl\":\"https:\/\/www.smedemokrati.sk\/wp-content\/uploads\/2026\/03\/prezidentovi.jpg\",\"datePublished\":\"2026-03-30T09:50:32+00:00\",\"breadcrumb\":{\"@id\":\"https:\/\/www.smedemokrati.sk\/demokrati-dnes-odovzdali-v-prezidentskom-palaci-prezidentovi-pellegrinimu-list-kde-mu-predostreli-ustavne-udrzatelnu-argumentaciu-na-zaklade-ktorej-ma-vyhlasit-referendum\/#breadcrumb\"},\"inLanguage\":\"cs-CZ\",\"potentialAction\":[{\"@type\":\"ReadAction\",\"target\":[\"https:\/\/www.smedemokrati.sk\/demokrati-dnes-odovzdali-v-prezidentskom-palaci-prezidentovi-pellegrinimu-list-kde-mu-predostreli-ustavne-udrzatelnu-argumentaciu-na-zaklade-ktorej-ma-vyhlasit-referendum\/\"]}]},{\"@type\":\"ImageObject\",\"inLanguage\":\"cs-CZ\",\"@id\":\"https:\/\/www.smedemokrati.sk\/demokrati-dnes-odovzdali-v-prezidentskom-palaci-prezidentovi-pellegrinimu-list-kde-mu-predostreli-ustavne-udrzatelnu-argumentaciu-na-zaklade-ktorej-ma-vyhlasit-referendum\/#primaryimage\",\"url\":\"https:\/\/www.smedemokrati.sk\/wp-content\/uploads\/2026\/03\/prezidentovi.jpg\",\"contentUrl\":\"https:\/\/www.smedemokrati.sk\/wp-content\/uploads\/2026\/03\/prezidentovi.jpg\",\"width\":640,\"height\":480},{\"@type\":\"BreadcrumbList\",\"@id\":\"https:\/\/www.smedemokrati.sk\/demokrati-dnes-odovzdali-v-prezidentskom-palaci-prezidentovi-pellegrinimu-list-kde-mu-predostreli-ustavne-udrzatelnu-argumentaciu-na-zaklade-ktorej-ma-vyhlasit-referendum\/#breadcrumb\",\"itemListElement\":[{\"@type\":\"ListItem\",\"position\":1,\"name\":\"Domovsk\u00e1 str\u00e1nka\",\"item\":\"https:\/\/www.smedemokrati.sk\/\"},{\"@type\":\"ListItem\",\"position\":2,\"name\":\"Demokrati dnes odovzdali v prezidentskom pal\u00e1ci prezidentovi Pellegrinimu list, kde mu predostreli \u00fastavne udr\u017eate\u013en\u00fa argument\u00e1ciu, na z\u00e1klade ktorej m\u00e1 vyhl\u00e1si\u0165 referendum\"}]},{\"@type\":\"WebSite\",\"@id\":\"https:\/\/www.smedemokrati.sk\/#website\",\"url\":\"https:\/\/www.smedemokrati.sk\/\",\"name\":\"Smedemokrati.sk\",\"description\":\"Demokracia a slu\u0161nos\u0165 zv\u00ed\u0165az\u00ed\",\"publisher\":{\"@id\":\"https:\/\/www.smedemokrati.sk\/#organization\"},\"potentialAction\":[{\"@type\":\"SearchAction\",\"target\":{\"@type\":\"EntryPoint\",\"urlTemplate\":\"https:\/\/www.smedemokrati.sk\/?s={search_term_string}\"},\"query-input\":{\"@type\":\"PropertyValueSpecification\",\"valueRequired\":true,\"valueName\":\"search_term_string\"}}],\"inLanguage\":\"cs-CZ\"},{\"@type\":\"Organization\",\"@id\":\"https:\/\/www.smedemokrati.sk\/#organization\",\"name\":\"Smedemokrati.sk\",\"url\":\"https:\/\/www.smedemokrati.sk\/\",\"logo\":{\"@type\":\"ImageObject\",\"inLanguage\":\"cs-CZ\",\"@id\":\"https:\/\/www.smedemokrati.sk\/#\/schema\/logo\/image\/\",\"url\":\"https:\/\/www.smedemokrati.sk\/wp-content\/uploads\/2023\/04\/ff.002.jpeg\",\"contentUrl\":\"https:\/\/www.smedemokrati.sk\/wp-content\/uploads\/2023\/04\/ff.002.jpeg\",\"width\":640,\"height\":480,\"caption\":\"Smedemokrati.sk\"},\"image\":{\"@id\":\"https:\/\/www.smedemokrati.sk\/#\/schema\/logo\/image\/\"},\"sameAs\":[\"https:\/\/www.facebook.com\/smedemokrati2023\"]},{\"@type\":\"Person\",\"@id\":\"https:\/\/www.smedemokrati.sk\/#\/schema\/person\/21f147c88d605aa7ded900e1e7c344ba\",\"name\":\"miro.sopko\",\"image\":{\"@type\":\"ImageObject\",\"inLanguage\":\"cs-CZ\",\"@id\":\"https:\/\/secure.gravatar.com\/avatar\/267e4a36f704376c109afe3a78740c1f5dd8675a2180a908699e7863c9247606?s=96&d=mm&r=g\",\"url\":\"https:\/\/secure.gravatar.com\/avatar\/267e4a36f704376c109afe3a78740c1f5dd8675a2180a908699e7863c9247606?s=96&d=mm&r=g\",\"contentUrl\":\"https:\/\/secure.gravatar.com\/avatar\/267e4a36f704376c109afe3a78740c1f5dd8675a2180a908699e7863c9247606?s=96&d=mm&r=g\",\"caption\":\"miro.sopko\"},\"url\":\"https:\/\/www.smedemokrati.sk\/cs\/author\/miro-sopko\/\"}]}<\/script>\n<!-- \/ Yoast SEO plugin. -->","yoast_head_json":{"title":"Demokrati dnes odovzdali v prezidentskom pal\u00e1ci prezidentovi Pellegrinimu list, kde mu predostreli \u00fastavne udr\u017eate\u013en\u00fa argument\u00e1ciu, na z\u00e1klade ktorej m\u00e1 vyhl\u00e1si\u0165 referendum","robots":{"index":"index","follow":"follow","max-snippet":"max-snippet:-1","max-image-preview":"max-image-preview:large","max-video-preview":"max-video-preview:-1"},"canonical":"https:\/\/www.smedemokrati.sk\/cs\/demokrati-dnes-odovzdali-v-prezidentskom-palaci-prezidentovi-pellegrinimu-list-kde-mu-predostreli-ustavne-udrzatelnu-argumentaciu-na-zaklade-ktorej-ma-vyhlasit-referendum\/","og_locale":"cs_CZ","og_type":"article","og_title":"[:sk]Demokrati dnes odovzdali v prezidentskom pal\u00e1ci prezidentovi Pellegrinimu list, kde mu predostreli \u00fastavne udr\u017eate\u013en\u00fa argument\u00e1ciu, na z\u00e1klade ktorej m\u00e1 vyhl\u00e1si\u0165 referendum[:] - Smedemokrati.sk","og_description":"Z\u00e1stupcovia strany Demokrati dnes odovzdali v prezidentskom pal\u00e1ci prezidentovi Pellegrinimu ofici\u00e1lny list, kde mu predostreli \u00fastavne udr\u017eate\u013en\u00fa argument\u00e1ciu, na&nbsp;z\u00e1klade ktorej m\u00e1 vyhl\u00e1si\u0165 referendum. Rovnako po\u017eiadali prezidenta Pellegriniho o osobn\u00e9 prijatie. \u201ePrezident Pellegrini v Sobotn\u00fdch dial\u00f3goch hovoril o mo\u017en\u00fdch \u00fastavn\u00fdch probl\u00e9moch v s\u00favislosti s referendom. Pr\u00e1ve preto sme mu dnes priniesli \u00fastavn\u00fa argument\u00e1ciu, o ktor\u00fa sa [&hellip;]","og_url":"https:\/\/www.smedemokrati.sk\/cs\/demokrati-dnes-odovzdali-v-prezidentskom-palaci-prezidentovi-pellegrinimu-list-kde-mu-predostreli-ustavne-udrzatelnu-argumentaciu-na-zaklade-ktorej-ma-vyhlasit-referendum\/","og_site_name":"Smedemokrati.sk","article_publisher":"https:\/\/www.facebook.com\/smedemokrati2023","article_published_time":"2026-03-30T09:50:32+00:00","og_image":[{"width":640,"height":480,"url":"https:\/\/www.smedemokrati.sk\/wp-content\/uploads\/2026\/03\/prezidentovi.jpg","type":"image\/jpeg"}],"author":"miro.sopko","twitter_card":"summary_large_image","twitter_misc":{"Napsal(a)":"miro.sopko","Odhadovan\u00e1 doba \u010dten\u00ed":"2 minuty"},"schema":{"@context":"https:\/\/schema.org","@graph":[{"@type":"Article","@id":"https:\/\/www.smedemokrati.sk\/demokrati-dnes-odovzdali-v-prezidentskom-palaci-prezidentovi-pellegrinimu-list-kde-mu-predostreli-ustavne-udrzatelnu-argumentaciu-na-zaklade-ktorej-ma-vyhlasit-referendum\/#article","isPartOf":{"@id":"https:\/\/www.smedemokrati.sk\/demokrati-dnes-odovzdali-v-prezidentskom-palaci-prezidentovi-pellegrinimu-list-kde-mu-predostreli-ustavne-udrzatelnu-argumentaciu-na-zaklade-ktorej-ma-vyhlasit-referendum\/"},"author":{"name":"miro.sopko","@id":"https:\/\/www.smedemokrati.sk\/#\/schema\/person\/21f147c88d605aa7ded900e1e7c344ba"},"headline":"Demokrati dnes odovzdali v prezidentskom pal\u00e1ci prezidentovi Pellegrinimu list, kde mu predostreli \u00fastavne udr\u017eate\u013en\u00fa argument\u00e1ciu, na z\u00e1klade ktorej m\u00e1 vyhl\u00e1si\u0165 referendum","datePublished":"2026-03-30T09:50:32+00:00","mainEntityOfPage":{"@id":"https:\/\/www.smedemokrati.sk\/demokrati-dnes-odovzdali-v-prezidentskom-palaci-prezidentovi-pellegrinimu-list-kde-mu-predostreli-ustavne-udrzatelnu-argumentaciu-na-zaklade-ktorej-ma-vyhlasit-referendum\/"},"wordCount":418,"publisher":{"@id":"https:\/\/www.smedemokrati.sk\/#organization"},"image":{"@id":"https:\/\/www.smedemokrati.sk\/demokrati-dnes-odovzdali-v-prezidentskom-palaci-prezidentovi-pellegrinimu-list-kde-mu-predostreli-ustavne-udrzatelnu-argumentaciu-na-zaklade-ktorej-ma-vyhlasit-referendum\/#primaryimage"},"thumbnailUrl":"https:\/\/www.smedemokrati.sk\/wp-content\/uploads\/2026\/03\/prezidentovi.jpg","articleSection":["Tla\u010dov\u00e9 spr\u00e1vy"],"inLanguage":"cs-CZ"},{"@type":"WebPage","@id":"https:\/\/www.smedemokrati.sk\/demokrati-dnes-odovzdali-v-prezidentskom-palaci-prezidentovi-pellegrinimu-list-kde-mu-predostreli-ustavne-udrzatelnu-argumentaciu-na-zaklade-ktorej-ma-vyhlasit-referendum\/","url":"https:\/\/www.smedemokrati.sk\/demokrati-dnes-odovzdali-v-prezidentskom-palaci-prezidentovi-pellegrinimu-list-kde-mu-predostreli-ustavne-udrzatelnu-argumentaciu-na-zaklade-ktorej-ma-vyhlasit-referendum\/","name":"Demokrati dnes odovzdali v prezidentskom pal\u00e1ci prezidentovi Pellegrinimu list, kde mu predostreli \u00fastavne udr\u017eate\u013en\u00fa argument\u00e1ciu, na z\u00e1klade ktorej m\u00e1 vyhl\u00e1si\u0165 referendum","isPartOf":{"@id":"https:\/\/www.smedemokrati.sk\/#website"},"primaryImageOfPage":{"@id":"https:\/\/www.smedemokrati.sk\/demokrati-dnes-odovzdali-v-prezidentskom-palaci-prezidentovi-pellegrinimu-list-kde-mu-predostreli-ustavne-udrzatelnu-argumentaciu-na-zaklade-ktorej-ma-vyhlasit-referendum\/#primaryimage"},"image":{"@id":"https:\/\/www.smedemokrati.sk\/demokrati-dnes-odovzdali-v-prezidentskom-palaci-prezidentovi-pellegrinimu-list-kde-mu-predostreli-ustavne-udrzatelnu-argumentaciu-na-zaklade-ktorej-ma-vyhlasit-referendum\/#primaryimage"},"thumbnailUrl":"https:\/\/www.smedemokrati.sk\/wp-content\/uploads\/2026\/03\/prezidentovi.jpg","datePublished":"2026-03-30T09:50:32+00:00","breadcrumb":{"@id":"https:\/\/www.smedemokrati.sk\/demokrati-dnes-odovzdali-v-prezidentskom-palaci-prezidentovi-pellegrinimu-list-kde-mu-predostreli-ustavne-udrzatelnu-argumentaciu-na-zaklade-ktorej-ma-vyhlasit-referendum\/#breadcrumb"},"inLanguage":"cs-CZ","potentialAction":[{"@type":"ReadAction","target":["https:\/\/www.smedemokrati.sk\/demokrati-dnes-odovzdali-v-prezidentskom-palaci-prezidentovi-pellegrinimu-list-kde-mu-predostreli-ustavne-udrzatelnu-argumentaciu-na-zaklade-ktorej-ma-vyhlasit-referendum\/"]}]},{"@type":"ImageObject","inLanguage":"cs-CZ","@id":"https:\/\/www.smedemokrati.sk\/demokrati-dnes-odovzdali-v-prezidentskom-palaci-prezidentovi-pellegrinimu-list-kde-mu-predostreli-ustavne-udrzatelnu-argumentaciu-na-zaklade-ktorej-ma-vyhlasit-referendum\/#primaryimage","url":"https:\/\/www.smedemokrati.sk\/wp-content\/uploads\/2026\/03\/prezidentovi.jpg","contentUrl":"https:\/\/www.smedemokrati.sk\/wp-content\/uploads\/2026\/03\/prezidentovi.jpg","width":640,"height":480},{"@type":"BreadcrumbList","@id":"https:\/\/www.smedemokrati.sk\/demokrati-dnes-odovzdali-v-prezidentskom-palaci-prezidentovi-pellegrinimu-list-kde-mu-predostreli-ustavne-udrzatelnu-argumentaciu-na-zaklade-ktorej-ma-vyhlasit-referendum\/#breadcrumb","itemListElement":[{"@type":"ListItem","position":1,"name":"Domovsk\u00e1 str\u00e1nka","item":"https:\/\/www.smedemokrati.sk\/"},{"@type":"ListItem","position":2,"name":"Demokrati dnes odovzdali v prezidentskom pal\u00e1ci prezidentovi Pellegrinimu list, kde mu predostreli \u00fastavne udr\u017eate\u013en\u00fa argument\u00e1ciu, na z\u00e1klade ktorej m\u00e1 vyhl\u00e1si\u0165 referendum"}]},{"@type":"WebSite","@id":"https:\/\/www.smedemokrati.sk\/#website","url":"https:\/\/www.smedemokrati.sk\/","name":"Smedemokrati.sk","description":"Demokracia a slu\u0161nos\u0165 zv\u00ed\u0165az\u00ed","publisher":{"@id":"https:\/\/www.smedemokrati.sk\/#organization"},"potentialAction":[{"@type":"SearchAction","target":{"@type":"EntryPoint","urlTemplate":"https:\/\/www.smedemokrati.sk\/?s={search_term_string}"},"query-input":{"@type":"PropertyValueSpecification","valueRequired":true,"valueName":"search_term_string"}}],"inLanguage":"cs-CZ"},{"@type":"Organization","@id":"https:\/\/www.smedemokrati.sk\/#organization","name":"Smedemokrati.sk","url":"https:\/\/www.smedemokrati.sk\/","logo":{"@type":"ImageObject","inLanguage":"cs-CZ","@id":"https:\/\/www.smedemokrati.sk\/#\/schema\/logo\/image\/","url":"https:\/\/www.smedemokrati.sk\/wp-content\/uploads\/2023\/04\/ff.002.jpeg","contentUrl":"https:\/\/www.smedemokrati.sk\/wp-content\/uploads\/2023\/04\/ff.002.jpeg","width":640,"height":480,"caption":"Smedemokrati.sk"},"image":{"@id":"https:\/\/www.smedemokrati.sk\/#\/schema\/logo\/image\/"},"sameAs":["https:\/\/www.facebook.com\/smedemokrati2023"]},{"@type":"Person","@id":"https:\/\/www.smedemokrati.sk\/#\/schema\/person\/21f147c88d605aa7ded900e1e7c344ba","name":"miro.sopko","image":{"@type":"ImageObject","inLanguage":"cs-CZ","@id":"https:\/\/secure.gravatar.com\/avatar\/267e4a36f704376c109afe3a78740c1f5dd8675a2180a908699e7863c9247606?s=96&d=mm&r=g","url":"https:\/\/secure.gravatar.com\/avatar\/267e4a36f704376c109afe3a78740c1f5dd8675a2180a908699e7863c9247606?s=96&d=mm&r=g","contentUrl":"https:\/\/secure.gravatar.com\/avatar\/267e4a36f704376c109afe3a78740c1f5dd8675a2180a908699e7863c9247606?s=96&d=mm&r=g","caption":"miro.sopko"},"url":"https:\/\/www.smedemokrati.sk\/cs\/author\/miro-sopko\/"}]}},"_links":{"self":[{"href":"https:\/\/www.smedemokrati.sk\/cs\/wp-json\/wp\/v2\/posts\/9145","targetHints":{"allow":["GET"]}}],"collection":[{"href":"https:\/\/www.smedemokrati.sk\/cs\/wp-json\/wp\/v2\/posts"}],"about":[{"href":"https:\/\/www.smedemokrati.sk\/cs\/wp-json\/wp\/v2\/types\/post"}],"author":[{"embeddable":true,"href":"https:\/\/www.smedemokrati.sk\/cs\/wp-json\/wp\/v2\/users\/13"}],"replies":[{"embeddable":true,"href":"https:\/\/www.smedemokrati.sk\/cs\/wp-json\/wp\/v2\/comments?post=9145"}],"version-history":[{"count":1,"href":"https:\/\/www.smedemokrati.sk\/cs\/wp-json\/wp\/v2\/posts\/9145\/revisions"}],"predecessor-version":[{"id":9147,"href":"https:\/\/www.smedemokrati.sk\/cs\/wp-json\/wp\/v2\/posts\/9145\/revisions\/9147"}],"wp:featuredmedia":[{"embeddable":true,"href":"https:\/\/www.smedemokrati.sk\/cs\/wp-json\/wp\/v2\/media\/9146"}],"wp:attachment":[{"href":"https:\/\/www.smedemokrati.sk\/cs\/wp-json\/wp\/v2\/media?parent=9145"}],"wp:term":[{"taxonomy":"category","embeddable":true,"href":"https:\/\/www.smedemokrati.sk\/cs\/wp-json\/wp\/v2\/categories?post=9145"},{"taxonomy":"post_tag","embeddable":true,"href":"https:\/\/www.smedemokrati.sk\/cs\/wp-json\/wp\/v2\/tags?post=9145"}],"curies":[{"name":"wp","href":"https:\/\/api.w.org\/{rel}","templated":true}]}}