{"id":9120,"date":"2026-03-26T18:47:30","date_gmt":"2026-03-26T17:47:30","guid":{"rendered":"https:\/\/www.smedemokrati.sk\/?p=9120"},"modified":"2026-03-26T18:47:30","modified_gmt":"2026-03-26T17:47:30","slug":"tarabov-rezort-pokracuje-v-totalitnych-praktikach-voci-obyvatelom-podpolania","status":"publish","type":"post","link":"https:\/\/www.smedemokrati.sk\/cs\/tarabov-rezort-pokracuje-v-totalitnych-praktikach-voci-obyvatelom-podpolania\/","title":{"rendered":"Tarabov rezort pokra\u010duje v totalitn\u00fdch praktik\u00e1ch vo\u010di obyvate\u013eom Podpo\u013eania"},"content":{"rendered":"<div id=\"fb-root\"><\/div>\n\n<p><strong>Pokra\u010duj\u00faca nekomunik\u00e1cia a obch\u00e1dzanie z\u00e1kona. Tak sa d\u00e1 ozna\u010di\u0165 konanie Tarabovho rezortu vo vz\u0165ahu k obyvate\u013eom L\u00e1tok pri \u010fal\u0161om pretl\u00e1\u010dan\u00ed z\u00e1meru Pre\u010derp\u00e1vacej vodnej elektr\u00e1rne M\u00e1linec &#8211; L\u00e1tky (PVE). Sp\u00f4sob, ak\u00fdm chce Vodohospod\u00e1rska v\u00fdstavba, \u0161. p. realizova\u0165 geologick\u00e9 prieskumn\u00e9 pr\u00e1ce je pod\u013ea Demokratov v rozpore so z\u00e1konom ako aj element\u00e1rnou slu\u0161nos\u0165ou.\u00a0<\/strong><\/p>\n\n\n\n<p>Obyvatelia \u010cech\u00e1nok sa o z\u00e1mere geologick\u00e9ho prieskumu na ich \u00fazem\u00ed najsk\u00f4r dozvedeli len z rezortn\u00e9ho periodika. \u201c<em>E\u0161te z\u00e1va\u017enej\u0161\u00ed je v\u0161ak postup Vodohospod\u00e1rskej v\u00fdstavby, ktor\u00e1 kon\u00e1 zm\u00e4to\u010dne a najsk\u00f4r obi\u0161la dotknut\u00fdch vlastn\u00edkov pozemkov a form\u00e1lne ozn\u00e1menie o za\u010dat\u00ed geologick\u00fdch pr\u00e1c zverejnila namiesto priameho zaslania len na \u00faradnej tabuli obce L\u00e1tky, a to bez uvedenia konkr\u00e9tnych dotknut\u00fdch parciel a zoznamu vlastn\u00edkov. M\u00e1m za to, \u017ee v d\u00f4sledku tohto pochybenia neboli splnen\u00e9 z\u00e1konn\u00e9 podmienky pre v\u00fdkon geologick\u00e9ho prieskumu. Aj z\u00e1kon o v\u00fdznamn\u00fdch invest\u00edciach a aj geologick\u00fd z\u00e1kon neumo\u017e\u0148uj\u00fa nejak\u00e9 \u201cpau\u0161\u00e1lne ozn\u00e1menie\u201d vopred neur\u010den\u00e9mu okruhu vlastn\u00edkov a neur\u010den\u00fdm pozemkom, preto\u017ee obyvatelia tak nevedeli, \u010di bud\u00fa nejako zasiahnut\u00ed, \u010do vytv\u00e1ralo priestor na svojv\u00f4\u013eu. A\u017e n\u00e1sledne boli konkr\u00e9tnym vlastn\u00edkom zaslan\u00e9 ozn\u00e1menia aj s uveden\u00edm parciel, av\u0161ak minim\u00e1lne pri niektor\u00fdch nebola dodr\u017ean\u00e1 z\u00e1konn\u00e1 15-d\u0148ov\u00e1 lehota pred avizovan\u00fdm za\u010dat\u00edm prieskumn\u00fdch pr\u00e1c,<\/em>\u201d upozor\u0148uje Michal Ki\u010da, podpredseda Demokratov.<\/p>\n\n\n\n<p>Vodohospod\u00e1rska v\u00fdstavba sa taktie\u017e nepok\u00fasila o dohodu s vybran\u00fdmi vlastn\u00edkmi pozemkov o sp\u00f4sobe, \u010dase a n\u00e1hrade za vykon\u00e1vanie prieskumu, namiesto toho v ozn\u00e1men\u00ed predpoklad\u00e1 fikciu ich s\u00fahlasu. Pod\u013ea na\u0161ich inform\u00e1ci\u00ed doteraz neza\u010dalo ani konanie o posudzovan\u00ed vplyvov na \u017eivotn\u00e9 prostredie vo vz\u0165ahu k h\u013abkov\u00fdm vrtom. \u201c<em>Upozor\u0148ujem, \u017ee ak by sa vrty mali vykon\u00e1va\u0165 aj v ochrann\u00fdch p\u00e1smach vodn\u00e9ho zdroja M\u00e1linec, \u010do je pravdepodobn\u00e9, je ich riadne pos\u00fadenie nevyhnutn\u00e9 a odbavenie ich mo\u017en\u00fdch vplyvov na pitn\u00fa vodu len v tzv. zis\u0165ovacom konan\u00ed za ve\u013ek\u00fd hazard<\/em>,\u201d varuje Michal Ki\u010da.&nbsp;<\/p>\n\n\n\n<p>\u201c<em>Tarabov rezort pokra\u010duje v tyransk\u00fdch praktik\u00e1ch vo\u010di obyvate\u013eom, ktor\u00ed si len chr\u00e1nia svoje vlastn\u00edctvo a po\u017eaduj\u00fa jedin\u00fa vec &#8211; korektn\u00fa komunik\u00e1ciu. S\u013euboval, \u017ee z nich sprav\u00ed milion\u00e1rov, ale v realite sa k nim spr\u00e1va mocensky a hor\u0161ie, ako keby sme boli niekde v Strednej \u00c1zii. Odmieta sa s nimi rozpr\u00e1va\u0165, utek\u00e1 z rozporov\u00fdch konan\u00ed a zasahuje im do vlastn\u00edctva sp\u00f4sobom nezlu\u010dite\u013en\u00fdm s demokratick\u00fdm \u0161t\u00e1tom. Ke\u010f sa takto spr\u00e1va u\u017e pri geologickom prieskume, ako to bude vyzera\u0165 pri vyvlast\u0148ovan\u00ed?,<\/em>\u201d uzavrel Michal Ki\u010da. &nbsp;<\/p>\n","protected":false},"excerpt":{"rendered":"<p>Pokra\u010duj\u00faca nekomunik\u00e1cia a obch\u00e1dzanie z\u00e1kona. Tak sa d\u00e1 ozna\u010di\u0165 konanie Tarabovho rezortu vo vz\u0165ahu k obyvate\u013eom L\u00e1tok pri \u010fal\u0161om pretl\u00e1\u010dan\u00ed z\u00e1meru Pre\u010derp\u00e1vacej vodnej elektr\u00e1rne M\u00e1linec &#8211; L\u00e1tky (PVE). Sp\u00f4sob, ak\u00fdm chce Vodohospod\u00e1rska v\u00fdstavba, \u0161. p. realizova\u0165 geologick\u00e9 prieskumn\u00e9 pr\u00e1ce je pod\u013ea Demokratov v rozpore so z\u00e1konom ako aj element\u00e1rnou slu\u0161nos\u0165ou.\u00a0 Obyvatelia \u010cech\u00e1nok sa o z\u00e1mere [&hellip;]<\/p>\n","protected":false},"author":13,"featured_media":4207,"comment_status":"closed","ping_status":"closed","sticky":false,"template":"","format":"standard","meta":{"_acf_changed":false,"ngg_post_thumbnail":0,"footnotes":""},"categories":[4],"tags":[],"class_list":["post-9120","post","type-post","status-publish","format-standard","has-post-thumbnail","hentry","category-tlacove-spravy"],"acf":[],"yoast_head":"<!-- This site is optimized with the Yoast SEO plugin v27.2 - https:\/\/yoast.com\/product\/yoast-seo-wordpress\/ -->\n<title>Tarabov rezort pokra\u010duje v totalitn\u00fdch praktik\u00e1ch vo\u010di obyvate\u013eom Podpo\u013eania<\/title>\n<meta name=\"robots\" content=\"index, follow, max-snippet:-1, max-image-preview:large, max-video-preview:-1\" \/>\n<link rel=\"canonical\" href=\"https:\/\/www.smedemokrati.sk\/cs\/tarabov-rezort-pokracuje-v-totalitnych-praktikach-voci-obyvatelom-podpolania\/\" \/>\n<meta property=\"og:locale\" content=\"cs_CZ\" \/>\n<meta property=\"og:locale:alternate\" content=\"en_US\" \/>\n<meta property=\"og:locale:alternate\" content=\"hu_HU\" \/>\n<meta property=\"og:locale:alternate\" content=\"sk_SK\" \/>\n<meta property=\"og:locale:alternate\" content=\"sv_SE\" \/>\n<meta property=\"og:type\" content=\"article\" \/>\n<meta property=\"og:title\" content=\"Tarabov rezort pokra\u010duje v totalitn\u00fdch praktik\u00e1ch vo\u010di obyvate\u013eom Podpo\u013eania\" \/>\n<meta property=\"og:description\" content=\"Pokra\u010duj\u00faca nekomunik\u00e1cia a obch\u00e1dzanie z\u00e1kona. Tak sa d\u00e1 ozna\u010di\u0165 konanie Tarabovho rezortu vo vz\u0165ahu k obyvate\u013eom L\u00e1tok pri \u010fal\u0161om pretl\u00e1\u010dan\u00ed z\u00e1meru Pre\u010derp\u00e1vacej vodnej elektr\u00e1rne M\u00e1linec &#8211; L\u00e1tky (PVE). Sp\u00f4sob, ak\u00fdm chce Vodohospod\u00e1rska v\u00fdstavba, \u0161. p. realizova\u0165 geologick\u00e9 prieskumn\u00e9 pr\u00e1ce je pod\u013ea Demokratov v rozpore so z\u00e1konom ako aj element\u00e1rnou slu\u0161nos\u0165ou.\u00a0 Obyvatelia \u010cech\u00e1nok sa o z\u00e1mere [&hellip;]\" \/>\n<meta property=\"og:url\" content=\"https:\/\/www.smedemokrati.sk\/cs\/tarabov-rezort-pokracuje-v-totalitnych-praktikach-voci-obyvatelom-podpolania\/\" \/>\n<meta property=\"og:site_name\" content=\"Smedemokrati.sk\" \/>\n<meta property=\"article:publisher\" content=\"https:\/\/www.facebook.com\/smedemokrati2023\" \/>\n<meta property=\"article:published_time\" content=\"2026-03-26T17:47:30+00:00\" \/>\n<meta property=\"og:image\" content=\"https:\/\/www.smedemokrati.sk\/wp-content\/uploads\/2024\/05\/taraba-amnestia-vyrub.jpg\" \/>\n\t<meta property=\"og:image:width\" content=\"1920\" \/>\n\t<meta property=\"og:image:height\" content=\"1271\" \/>\n\t<meta property=\"og:image:type\" content=\"image\/jpeg\" \/>\n<meta name=\"author\" content=\"miro.sopko\" \/>\n<meta name=\"twitter:card\" content=\"summary_large_image\" \/>\n<meta name=\"twitter:label1\" content=\"Napsal(a)\" \/>\n\t<meta name=\"twitter:data1\" content=\"miro.sopko\" \/>\n\t<meta name=\"twitter:label2\" content=\"Odhadovan\u00e1 doba \u010dten\u00ed\" \/>\n\t<meta name=\"twitter:data2\" content=\"3 minuty\" \/>\n<script type=\"application\/ld+json\" class=\"yoast-schema-graph\">{\"@context\":\"https:\/\/schema.org\",\"@graph\":[{\"@type\":\"Article\",\"@id\":\"https:\/\/www.smedemokrati.sk\/tarabov-rezort-pokracuje-v-totalitnych-praktikach-voci-obyvatelom-podpolania\/#article\",\"isPartOf\":{\"@id\":\"https:\/\/www.smedemokrati.sk\/tarabov-rezort-pokracuje-v-totalitnych-praktikach-voci-obyvatelom-podpolania\/\"},\"author\":{\"name\":\"miro.sopko\",\"@id\":\"https:\/\/www.smedemokrati.sk\/#\/schema\/person\/21f147c88d605aa7ded900e1e7c344ba\"},\"headline\":\"Tarabov rezort pokra\u010duje v totalitn\u00fdch praktik\u00e1ch vo\u010di obyvate\u013eom Podpo\u013eania\",\"datePublished\":\"2026-03-26T17:47:30+00:00\",\"mainEntityOfPage\":{\"@id\":\"https:\/\/www.smedemokrati.sk\/tarabov-rezort-pokracuje-v-totalitnych-praktikach-voci-obyvatelom-podpolania\/\"},\"wordCount\":520,\"publisher\":{\"@id\":\"https:\/\/www.smedemokrati.sk\/#organization\"},\"image\":{\"@id\":\"https:\/\/www.smedemokrati.sk\/tarabov-rezort-pokracuje-v-totalitnych-praktikach-voci-obyvatelom-podpolania\/#primaryimage\"},\"thumbnailUrl\":\"https:\/\/www.smedemokrati.sk\/wp-content\/uploads\/2024\/05\/taraba-amnestia-vyrub.jpg\",\"articleSection\":[\"Tla\u010dov\u00e9 spr\u00e1vy\"],\"inLanguage\":\"cs-CZ\"},{\"@type\":\"WebPage\",\"@id\":\"https:\/\/www.smedemokrati.sk\/tarabov-rezort-pokracuje-v-totalitnych-praktikach-voci-obyvatelom-podpolania\/\",\"url\":\"https:\/\/www.smedemokrati.sk\/tarabov-rezort-pokracuje-v-totalitnych-praktikach-voci-obyvatelom-podpolania\/\",\"name\":\"Tarabov rezort pokra\u010duje v totalitn\u00fdch praktik\u00e1ch vo\u010di obyvate\u013eom Podpo\u013eania\",\"isPartOf\":{\"@id\":\"https:\/\/www.smedemokrati.sk\/#website\"},\"primaryImageOfPage\":{\"@id\":\"https:\/\/www.smedemokrati.sk\/tarabov-rezort-pokracuje-v-totalitnych-praktikach-voci-obyvatelom-podpolania\/#primaryimage\"},\"image\":{\"@id\":\"https:\/\/www.smedemokrati.sk\/tarabov-rezort-pokracuje-v-totalitnych-praktikach-voci-obyvatelom-podpolania\/#primaryimage\"},\"thumbnailUrl\":\"https:\/\/www.smedemokrati.sk\/wp-content\/uploads\/2024\/05\/taraba-amnestia-vyrub.jpg\",\"datePublished\":\"2026-03-26T17:47:30+00:00\",\"breadcrumb\":{\"@id\":\"https:\/\/www.smedemokrati.sk\/tarabov-rezort-pokracuje-v-totalitnych-praktikach-voci-obyvatelom-podpolania\/#breadcrumb\"},\"inLanguage\":\"cs-CZ\",\"potentialAction\":[{\"@type\":\"ReadAction\",\"target\":[\"https:\/\/www.smedemokrati.sk\/tarabov-rezort-pokracuje-v-totalitnych-praktikach-voci-obyvatelom-podpolania\/\"]}]},{\"@type\":\"ImageObject\",\"inLanguage\":\"cs-CZ\",\"@id\":\"https:\/\/www.smedemokrati.sk\/tarabov-rezort-pokracuje-v-totalitnych-praktikach-voci-obyvatelom-podpolania\/#primaryimage\",\"url\":\"https:\/\/www.smedemokrati.sk\/wp-content\/uploads\/2024\/05\/taraba-amnestia-vyrub.jpg\",\"contentUrl\":\"https:\/\/www.smedemokrati.sk\/wp-content\/uploads\/2024\/05\/taraba-amnestia-vyrub.jpg\",\"width\":1920,\"height\":1271},{\"@type\":\"BreadcrumbList\",\"@id\":\"https:\/\/www.smedemokrati.sk\/tarabov-rezort-pokracuje-v-totalitnych-praktikach-voci-obyvatelom-podpolania\/#breadcrumb\",\"itemListElement\":[{\"@type\":\"ListItem\",\"position\":1,\"name\":\"Domovsk\u00e1 str\u00e1nka\",\"item\":\"https:\/\/www.smedemokrati.sk\/\"},{\"@type\":\"ListItem\",\"position\":2,\"name\":\"Tarabov rezort pokra\u010duje v totalitn\u00fdch praktik\u00e1ch vo\u010di obyvate\u013eom Podpo\u013eania\"}]},{\"@type\":\"WebSite\",\"@id\":\"https:\/\/www.smedemokrati.sk\/#website\",\"url\":\"https:\/\/www.smedemokrati.sk\/\",\"name\":\"Smedemokrati.sk\",\"description\":\"Demokracia a slu\u0161nos\u0165 zv\u00ed\u0165az\u00ed\",\"publisher\":{\"@id\":\"https:\/\/www.smedemokrati.sk\/#organization\"},\"potentialAction\":[{\"@type\":\"SearchAction\",\"target\":{\"@type\":\"EntryPoint\",\"urlTemplate\":\"https:\/\/www.smedemokrati.sk\/?s={search_term_string}\"},\"query-input\":{\"@type\":\"PropertyValueSpecification\",\"valueRequired\":true,\"valueName\":\"search_term_string\"}}],\"inLanguage\":\"cs-CZ\"},{\"@type\":\"Organization\",\"@id\":\"https:\/\/www.smedemokrati.sk\/#organization\",\"name\":\"Smedemokrati.sk\",\"url\":\"https:\/\/www.smedemokrati.sk\/\",\"logo\":{\"@type\":\"ImageObject\",\"inLanguage\":\"cs-CZ\",\"@id\":\"https:\/\/www.smedemokrati.sk\/#\/schema\/logo\/image\/\",\"url\":\"https:\/\/www.smedemokrati.sk\/wp-content\/uploads\/2023\/04\/ff.002.jpeg\",\"contentUrl\":\"https:\/\/www.smedemokrati.sk\/wp-content\/uploads\/2023\/04\/ff.002.jpeg\",\"width\":640,\"height\":480,\"caption\":\"Smedemokrati.sk\"},\"image\":{\"@id\":\"https:\/\/www.smedemokrati.sk\/#\/schema\/logo\/image\/\"},\"sameAs\":[\"https:\/\/www.facebook.com\/smedemokrati2023\"]},{\"@type\":\"Person\",\"@id\":\"https:\/\/www.smedemokrati.sk\/#\/schema\/person\/21f147c88d605aa7ded900e1e7c344ba\",\"name\":\"miro.sopko\",\"image\":{\"@type\":\"ImageObject\",\"inLanguage\":\"cs-CZ\",\"@id\":\"https:\/\/secure.gravatar.com\/avatar\/267e4a36f704376c109afe3a78740c1f5dd8675a2180a908699e7863c9247606?s=96&d=mm&r=g\",\"url\":\"https:\/\/secure.gravatar.com\/avatar\/267e4a36f704376c109afe3a78740c1f5dd8675a2180a908699e7863c9247606?s=96&d=mm&r=g\",\"contentUrl\":\"https:\/\/secure.gravatar.com\/avatar\/267e4a36f704376c109afe3a78740c1f5dd8675a2180a908699e7863c9247606?s=96&d=mm&r=g\",\"caption\":\"miro.sopko\"},\"url\":\"https:\/\/www.smedemokrati.sk\/cs\/author\/miro-sopko\/\"}]}<\/script>\n<!-- \/ Yoast SEO plugin. -->","yoast_head_json":{"title":"Tarabov rezort pokra\u010duje v totalitn\u00fdch praktik\u00e1ch vo\u010di obyvate\u013eom Podpo\u013eania","robots":{"index":"index","follow":"follow","max-snippet":"max-snippet:-1","max-image-preview":"max-image-preview:large","max-video-preview":"max-video-preview:-1"},"canonical":"https:\/\/www.smedemokrati.sk\/cs\/tarabov-rezort-pokracuje-v-totalitnych-praktikach-voci-obyvatelom-podpolania\/","og_locale":"cs_CZ","og_type":"article","og_title":"[:sk]Tarabov rezort pokra\u010duje v totalitn\u00fdch praktik\u00e1ch vo\u010di obyvate\u013eom Podpo\u013eania[:] - Smedemokrati.sk","og_description":"Pokra\u010duj\u00faca nekomunik\u00e1cia a obch\u00e1dzanie z\u00e1kona. Tak sa d\u00e1 ozna\u010di\u0165 konanie Tarabovho rezortu vo vz\u0165ahu k obyvate\u013eom L\u00e1tok pri \u010fal\u0161om pretl\u00e1\u010dan\u00ed z\u00e1meru Pre\u010derp\u00e1vacej vodnej elektr\u00e1rne M\u00e1linec &#8211; L\u00e1tky (PVE). Sp\u00f4sob, ak\u00fdm chce Vodohospod\u00e1rska v\u00fdstavba, \u0161. p. realizova\u0165 geologick\u00e9 prieskumn\u00e9 pr\u00e1ce je pod\u013ea Demokratov v rozpore so z\u00e1konom ako aj element\u00e1rnou slu\u0161nos\u0165ou.\u00a0 Obyvatelia \u010cech\u00e1nok sa o z\u00e1mere [&hellip;]","og_url":"https:\/\/www.smedemokrati.sk\/cs\/tarabov-rezort-pokracuje-v-totalitnych-praktikach-voci-obyvatelom-podpolania\/","og_site_name":"Smedemokrati.sk","article_publisher":"https:\/\/www.facebook.com\/smedemokrati2023","article_published_time":"2026-03-26T17:47:30+00:00","og_image":[{"width":1920,"height":1271,"url":"https:\/\/www.smedemokrati.sk\/wp-content\/uploads\/2024\/05\/taraba-amnestia-vyrub.jpg","type":"image\/jpeg"}],"author":"miro.sopko","twitter_card":"summary_large_image","twitter_misc":{"Napsal(a)":"miro.sopko","Odhadovan\u00e1 doba \u010dten\u00ed":"3 minuty"},"schema":{"@context":"https:\/\/schema.org","@graph":[{"@type":"Article","@id":"https:\/\/www.smedemokrati.sk\/tarabov-rezort-pokracuje-v-totalitnych-praktikach-voci-obyvatelom-podpolania\/#article","isPartOf":{"@id":"https:\/\/www.smedemokrati.sk\/tarabov-rezort-pokracuje-v-totalitnych-praktikach-voci-obyvatelom-podpolania\/"},"author":{"name":"miro.sopko","@id":"https:\/\/www.smedemokrati.sk\/#\/schema\/person\/21f147c88d605aa7ded900e1e7c344ba"},"headline":"Tarabov rezort pokra\u010duje v totalitn\u00fdch praktik\u00e1ch vo\u010di obyvate\u013eom Podpo\u013eania","datePublished":"2026-03-26T17:47:30+00:00","mainEntityOfPage":{"@id":"https:\/\/www.smedemokrati.sk\/tarabov-rezort-pokracuje-v-totalitnych-praktikach-voci-obyvatelom-podpolania\/"},"wordCount":520,"publisher":{"@id":"https:\/\/www.smedemokrati.sk\/#organization"},"image":{"@id":"https:\/\/www.smedemokrati.sk\/tarabov-rezort-pokracuje-v-totalitnych-praktikach-voci-obyvatelom-podpolania\/#primaryimage"},"thumbnailUrl":"https:\/\/www.smedemokrati.sk\/wp-content\/uploads\/2024\/05\/taraba-amnestia-vyrub.jpg","articleSection":["Tla\u010dov\u00e9 spr\u00e1vy"],"inLanguage":"cs-CZ"},{"@type":"WebPage","@id":"https:\/\/www.smedemokrati.sk\/tarabov-rezort-pokracuje-v-totalitnych-praktikach-voci-obyvatelom-podpolania\/","url":"https:\/\/www.smedemokrati.sk\/tarabov-rezort-pokracuje-v-totalitnych-praktikach-voci-obyvatelom-podpolania\/","name":"Tarabov rezort pokra\u010duje v totalitn\u00fdch praktik\u00e1ch vo\u010di obyvate\u013eom Podpo\u013eania","isPartOf":{"@id":"https:\/\/www.smedemokrati.sk\/#website"},"primaryImageOfPage":{"@id":"https:\/\/www.smedemokrati.sk\/tarabov-rezort-pokracuje-v-totalitnych-praktikach-voci-obyvatelom-podpolania\/#primaryimage"},"image":{"@id":"https:\/\/www.smedemokrati.sk\/tarabov-rezort-pokracuje-v-totalitnych-praktikach-voci-obyvatelom-podpolania\/#primaryimage"},"thumbnailUrl":"https:\/\/www.smedemokrati.sk\/wp-content\/uploads\/2024\/05\/taraba-amnestia-vyrub.jpg","datePublished":"2026-03-26T17:47:30+00:00","breadcrumb":{"@id":"https:\/\/www.smedemokrati.sk\/tarabov-rezort-pokracuje-v-totalitnych-praktikach-voci-obyvatelom-podpolania\/#breadcrumb"},"inLanguage":"cs-CZ","potentialAction":[{"@type":"ReadAction","target":["https:\/\/www.smedemokrati.sk\/tarabov-rezort-pokracuje-v-totalitnych-praktikach-voci-obyvatelom-podpolania\/"]}]},{"@type":"ImageObject","inLanguage":"cs-CZ","@id":"https:\/\/www.smedemokrati.sk\/tarabov-rezort-pokracuje-v-totalitnych-praktikach-voci-obyvatelom-podpolania\/#primaryimage","url":"https:\/\/www.smedemokrati.sk\/wp-content\/uploads\/2024\/05\/taraba-amnestia-vyrub.jpg","contentUrl":"https:\/\/www.smedemokrati.sk\/wp-content\/uploads\/2024\/05\/taraba-amnestia-vyrub.jpg","width":1920,"height":1271},{"@type":"BreadcrumbList","@id":"https:\/\/www.smedemokrati.sk\/tarabov-rezort-pokracuje-v-totalitnych-praktikach-voci-obyvatelom-podpolania\/#breadcrumb","itemListElement":[{"@type":"ListItem","position":1,"name":"Domovsk\u00e1 str\u00e1nka","item":"https:\/\/www.smedemokrati.sk\/"},{"@type":"ListItem","position":2,"name":"Tarabov rezort pokra\u010duje v totalitn\u00fdch praktik\u00e1ch vo\u010di obyvate\u013eom Podpo\u013eania"}]},{"@type":"WebSite","@id":"https:\/\/www.smedemokrati.sk\/#website","url":"https:\/\/www.smedemokrati.sk\/","name":"Smedemokrati.sk","description":"Demokracia a slu\u0161nos\u0165 zv\u00ed\u0165az\u00ed","publisher":{"@id":"https:\/\/www.smedemokrati.sk\/#organization"},"potentialAction":[{"@type":"SearchAction","target":{"@type":"EntryPoint","urlTemplate":"https:\/\/www.smedemokrati.sk\/?s={search_term_string}"},"query-input":{"@type":"PropertyValueSpecification","valueRequired":true,"valueName":"search_term_string"}}],"inLanguage":"cs-CZ"},{"@type":"Organization","@id":"https:\/\/www.smedemokrati.sk\/#organization","name":"Smedemokrati.sk","url":"https:\/\/www.smedemokrati.sk\/","logo":{"@type":"ImageObject","inLanguage":"cs-CZ","@id":"https:\/\/www.smedemokrati.sk\/#\/schema\/logo\/image\/","url":"https:\/\/www.smedemokrati.sk\/wp-content\/uploads\/2023\/04\/ff.002.jpeg","contentUrl":"https:\/\/www.smedemokrati.sk\/wp-content\/uploads\/2023\/04\/ff.002.jpeg","width":640,"height":480,"caption":"Smedemokrati.sk"},"image":{"@id":"https:\/\/www.smedemokrati.sk\/#\/schema\/logo\/image\/"},"sameAs":["https:\/\/www.facebook.com\/smedemokrati2023"]},{"@type":"Person","@id":"https:\/\/www.smedemokrati.sk\/#\/schema\/person\/21f147c88d605aa7ded900e1e7c344ba","name":"miro.sopko","image":{"@type":"ImageObject","inLanguage":"cs-CZ","@id":"https:\/\/secure.gravatar.com\/avatar\/267e4a36f704376c109afe3a78740c1f5dd8675a2180a908699e7863c9247606?s=96&d=mm&r=g","url":"https:\/\/secure.gravatar.com\/avatar\/267e4a36f704376c109afe3a78740c1f5dd8675a2180a908699e7863c9247606?s=96&d=mm&r=g","contentUrl":"https:\/\/secure.gravatar.com\/avatar\/267e4a36f704376c109afe3a78740c1f5dd8675a2180a908699e7863c9247606?s=96&d=mm&r=g","caption":"miro.sopko"},"url":"https:\/\/www.smedemokrati.sk\/cs\/author\/miro-sopko\/"}]}},"_links":{"self":[{"href":"https:\/\/www.smedemokrati.sk\/cs\/wp-json\/wp\/v2\/posts\/9120","targetHints":{"allow":["GET"]}}],"collection":[{"href":"https:\/\/www.smedemokrati.sk\/cs\/wp-json\/wp\/v2\/posts"}],"about":[{"href":"https:\/\/www.smedemokrati.sk\/cs\/wp-json\/wp\/v2\/types\/post"}],"author":[{"embeddable":true,"href":"https:\/\/www.smedemokrati.sk\/cs\/wp-json\/wp\/v2\/users\/13"}],"replies":[{"embeddable":true,"href":"https:\/\/www.smedemokrati.sk\/cs\/wp-json\/wp\/v2\/comments?post=9120"}],"version-history":[{"count":1,"href":"https:\/\/www.smedemokrati.sk\/cs\/wp-json\/wp\/v2\/posts\/9120\/revisions"}],"predecessor-version":[{"id":9121,"href":"https:\/\/www.smedemokrati.sk\/cs\/wp-json\/wp\/v2\/posts\/9120\/revisions\/9121"}],"wp:featuredmedia":[{"embeddable":true,"href":"https:\/\/www.smedemokrati.sk\/cs\/wp-json\/wp\/v2\/media\/4207"}],"wp:attachment":[{"href":"https:\/\/www.smedemokrati.sk\/cs\/wp-json\/wp\/v2\/media?parent=9120"}],"wp:term":[{"taxonomy":"category","embeddable":true,"href":"https:\/\/www.smedemokrati.sk\/cs\/wp-json\/wp\/v2\/categories?post=9120"},{"taxonomy":"post_tag","embeddable":true,"href":"https:\/\/www.smedemokrati.sk\/cs\/wp-json\/wp\/v2\/tags?post=9120"}],"curies":[{"name":"wp","href":"https:\/\/api.w.org\/{rel}","templated":true}]}}