{"id":9114,"date":"2026-03-26T11:57:15","date_gmt":"2026-03-26T10:57:15","guid":{"rendered":"https:\/\/www.smedemokrati.sk\/?p=9114"},"modified":"2026-03-26T19:10:24","modified_gmt":"2026-03-26T18:10:24","slug":"demokrati-odovzdaju-darcek-janovi-ferencakovi-pozyvaju-verejnost","status":"publish","type":"post","link":"https:\/\/www.smedemokrati.sk\/cs\/demokrati-odovzdaju-darcek-janovi-ferencakovi-pozyvaju-verejnost\/","title":{"rendered":"Demokrati odovzdaj\u00fa \u201edar\u010dek\u201c J\u00e1novi Feren\u010d\u00e1kovi, poz\u00fdvaj\u00fa verejnos\u0165"},"content":{"rendered":"<div id=\"fb-root\"><\/div>\n\n<p>Strana Demokrati opakovane vyz\u00fdvala prim\u00e1tora mesta Ke\u017emarok a poslanca N\u00e1rodnej rady SR J\u00e1n Feren\u010d\u00e1k, aby sa po zverejnen\u00fdch inform\u00e1ci\u00e1ch o jeho majetku vzdal svojich verejn\u00fdch funkci\u00ed a vyvodil osobn\u00fa zodpovednos\u0165. Ke\u010f\u017ee sa tak doposia\u013e nestalo, Demokrati pristupuj\u00fa k verejnej v\u00fdzve formou symbolick\u00e9ho odovzdania \u201edar\u010deka\u201c.<\/p>\n\n\n\n<p>Demokrati organizuj\u00fa podujatie spojen\u00e9 s odovzdan\u00edm&nbsp;<strong>\u201edar\u010deka\u201c J\u00e1novi Feren\u010d\u00e1kovi, ktor\u00e9 sa uskuto\u010dn\u00ed v piatok 27. marca 2026 o 12:00 pred mestsk\u00fdm \u00faradom v Ke\u017emarku.<\/strong><\/p>\n\n\n\n<p>Na podujatie poz\u00fdvame verejnos\u0165, aby spolu s nami vyslala jasn\u00fd sign\u00e1l, \u017ee verejn\u00e9 funkcie maj\u00fa by\u0165 spojen\u00e9 s d\u00f4verou, transparentnos\u0165ou a zodpovednos\u0165ou.<\/p>\n\n\n\n<p><em>\u201eJe nemyslite\u013en\u00e9, aby J\u00e1n Feren\u010d\u00e1k zotrval \u010do i len \u010fal\u0161\u00ed de\u0148 vo verejnej funkcii po tom, \u010do sme odprezentovali z\u00e1va\u017en\u00e9 inform\u00e1cie o jeho majetku. Ak ich nedok\u00e1\u017ee d\u00f4veryhodne vysvetli\u0165, nem\u00e1 mor\u00e1lny mand\u00e1t zast\u00e1va\u0165 verejn\u00e9 funkcie. Aj preto mu odovzd\u00e1me symbolick\u00fd dar\u010dek,\u201c<\/em>&nbsp;uviedol predseda strany Jaroslav Na\u010f.<\/p>\n\n\n\n<p><em>\u201eOdmietame akceptova\u0165 vysvetlenia o &#8218;p\u00f4\u017ei\u010dk\u00e1ch&#8216;, ktor\u00e9 popieraj\u00fa z\u00e1kladn\u00e9 princ\u00edpy transparentnosti a vyvol\u00e1vaj\u00fa d\u00f4vodn\u00e9 podozrenia z korup\u010dn\u00e9ho spr\u00e1vania v najvy\u0161\u0161\u00edch poschodiach politiky. Na\u0161\u00edm cie\u013eom je jasne odk\u00e1za\u0165, \u017ee verejn\u00e9 funkcie sa nevykon\u00e1vaj\u00fa v gar\u00e1\u017each s igelitkami pe\u0148az\u00ed, a preto \u017eiadame jeho okam\u017eit\u00fd odchod z politick\u00e9ho \u017eivota.\u201c<\/em>&nbsp;Richard J\u00e1no\u0161, krajsk\u00fd predseda Demokratov za Pre\u0161ovsk\u00fd kraj.<\/p>\n\n\n\n<p>Za Demokratov sa podujatia z\u00fa\u010dastnia miestni predstavitelia a tie\u017e \u010dlen predsedn\u00edctva strany Karel Hirman.<\/p>\n","protected":false},"excerpt":{"rendered":"<p>Strana Demokrati opakovane vyz\u00fdvala prim\u00e1tora mesta Ke\u017emarok a poslanca N\u00e1rodnej rady SR J\u00e1n Feren\u010d\u00e1k, aby sa po zverejnen\u00fdch inform\u00e1ci\u00e1ch o jeho majetku vzdal svojich verejn\u00fdch funkci\u00ed a vyvodil osobn\u00fa zodpovednos\u0165. Ke\u010f\u017ee sa tak doposia\u013e nestalo, Demokrati pristupuj\u00fa k verejnej v\u00fdzve formou symbolick\u00e9ho odovzdania \u201edar\u010deka\u201c. Demokrati organizuj\u00fa podujatie spojen\u00e9 s odovzdan\u00edm&nbsp;\u201edar\u010deka\u201c J\u00e1novi Feren\u010d\u00e1kovi, ktor\u00e9 sa uskuto\u010dn\u00ed [&hellip;]<\/p>\n","protected":false},"author":13,"featured_media":9122,"comment_status":"closed","ping_status":"closed","sticky":false,"template":"","format":"standard","meta":{"_acf_changed":false,"ngg_post_thumbnail":0,"footnotes":""},"categories":[4],"tags":[],"class_list":["post-9114","post","type-post","status-publish","format-standard","has-post-thumbnail","hentry","category-tlacove-spravy"],"acf":[],"yoast_head":"<!-- This site is optimized with the Yoast SEO plugin v27.2 - https:\/\/yoast.com\/product\/yoast-seo-wordpress\/ -->\n<title>Demokrati odovzdaj\u00fa \u201edar\u010dek\u201c J\u00e1novi Feren\u010d\u00e1kovi, poz\u00fdvaj\u00fa verejnos\u0165<\/title>\n<meta name=\"robots\" content=\"index, follow, max-snippet:-1, max-image-preview:large, max-video-preview:-1\" \/>\n<link rel=\"canonical\" href=\"https:\/\/www.smedemokrati.sk\/cs\/demokrati-odovzdaju-darcek-janovi-ferencakovi-pozyvaju-verejnost\/\" \/>\n<meta property=\"og:locale\" content=\"cs_CZ\" \/>\n<meta property=\"og:locale:alternate\" content=\"en_US\" \/>\n<meta property=\"og:locale:alternate\" content=\"hu_HU\" \/>\n<meta property=\"og:locale:alternate\" content=\"sk_SK\" \/>\n<meta property=\"og:locale:alternate\" content=\"sv_SE\" \/>\n<meta property=\"og:type\" content=\"article\" \/>\n<meta property=\"og:title\" content=\"Demokrati odovzdaj\u00fa \u201edar\u010dek\u201c J\u00e1novi Feren\u010d\u00e1kovi, poz\u00fdvaj\u00fa verejnos\u0165\" \/>\n<meta property=\"og:description\" content=\"Strana Demokrati opakovane vyz\u00fdvala prim\u00e1tora mesta Ke\u017emarok a poslanca N\u00e1rodnej rady SR J\u00e1n Feren\u010d\u00e1k, aby sa po zverejnen\u00fdch inform\u00e1ci\u00e1ch o jeho majetku vzdal svojich verejn\u00fdch funkci\u00ed a vyvodil osobn\u00fa zodpovednos\u0165. Ke\u010f\u017ee sa tak doposia\u013e nestalo, Demokrati pristupuj\u00fa k verejnej v\u00fdzve formou symbolick\u00e9ho odovzdania \u201edar\u010deka\u201c. Demokrati organizuj\u00fa podujatie spojen\u00e9 s odovzdan\u00edm&nbsp;\u201edar\u010deka\u201c J\u00e1novi Feren\u010d\u00e1kovi, ktor\u00e9 sa uskuto\u010dn\u00ed [&hellip;]\" \/>\n<meta property=\"og:url\" content=\"https:\/\/www.smedemokrati.sk\/cs\/demokrati-odovzdaju-darcek-janovi-ferencakovi-pozyvaju-verejnost\/\" \/>\n<meta property=\"og:site_name\" content=\"Smedemokrati.sk\" \/>\n<meta property=\"article:publisher\" content=\"https:\/\/www.facebook.com\/smedemokrati2023\" \/>\n<meta property=\"article:published_time\" content=\"2026-03-26T10:57:15+00:00\" \/>\n<meta property=\"article:modified_time\" content=\"2026-03-26T18:10:24+00:00\" \/>\n<meta property=\"og:image\" content=\"https:\/\/www.smedemokrati.sk\/wp-content\/uploads\/2026\/03\/658173313_1515036566655833_5394784790660359688_n.jpg\" \/>\n\t<meta property=\"og:image:width\" content=\"960\" \/>\n\t<meta property=\"og:image:height\" content=\"540\" \/>\n\t<meta property=\"og:image:type\" content=\"image\/jpeg\" \/>\n<meta name=\"author\" content=\"miro.sopko\" \/>\n<meta name=\"twitter:card\" content=\"summary_large_image\" \/>\n<meta name=\"twitter:label1\" content=\"Napsal(a)\" \/>\n\t<meta name=\"twitter:data1\" content=\"miro.sopko\" \/>\n\t<meta name=\"twitter:label2\" content=\"Odhadovan\u00e1 doba \u010dten\u00ed\" \/>\n\t<meta name=\"twitter:data2\" content=\"2 minuty\" \/>\n<script type=\"application\/ld+json\" class=\"yoast-schema-graph\">{\"@context\":\"https:\/\/schema.org\",\"@graph\":[{\"@type\":\"Article\",\"@id\":\"https:\/\/www.smedemokrati.sk\/demokrati-odovzdaju-darcek-janovi-ferencakovi-pozyvaju-verejnost\/#article\",\"isPartOf\":{\"@id\":\"https:\/\/www.smedemokrati.sk\/demokrati-odovzdaju-darcek-janovi-ferencakovi-pozyvaju-verejnost\/\"},\"author\":{\"name\":\"miro.sopko\",\"@id\":\"https:\/\/www.smedemokrati.sk\/#\/schema\/person\/21f147c88d605aa7ded900e1e7c344ba\"},\"headline\":\"Demokrati odovzdaj\u00fa \u201edar\u010dek\u201c J\u00e1novi Feren\u010d\u00e1kovi, poz\u00fdvaj\u00fa verejnos\u0165\",\"datePublished\":\"2026-03-26T10:57:15+00:00\",\"dateModified\":\"2026-03-26T18:10:24+00:00\",\"mainEntityOfPage\":{\"@id\":\"https:\/\/www.smedemokrati.sk\/demokrati-odovzdaju-darcek-janovi-ferencakovi-pozyvaju-verejnost\/\"},\"wordCount\":278,\"publisher\":{\"@id\":\"https:\/\/www.smedemokrati.sk\/#organization\"},\"image\":{\"@id\":\"https:\/\/www.smedemokrati.sk\/demokrati-odovzdaju-darcek-janovi-ferencakovi-pozyvaju-verejnost\/#primaryimage\"},\"thumbnailUrl\":\"https:\/\/www.smedemokrati.sk\/wp-content\/uploads\/2026\/03\/658173313_1515036566655833_5394784790660359688_n.jpg\",\"articleSection\":[\"Tla\u010dov\u00e9 spr\u00e1vy\"],\"inLanguage\":\"cs-CZ\"},{\"@type\":\"WebPage\",\"@id\":\"https:\/\/www.smedemokrati.sk\/demokrati-odovzdaju-darcek-janovi-ferencakovi-pozyvaju-verejnost\/\",\"url\":\"https:\/\/www.smedemokrati.sk\/demokrati-odovzdaju-darcek-janovi-ferencakovi-pozyvaju-verejnost\/\",\"name\":\"Demokrati odovzdaj\u00fa \u201edar\u010dek\u201c J\u00e1novi Feren\u010d\u00e1kovi, poz\u00fdvaj\u00fa verejnos\u0165\",\"isPartOf\":{\"@id\":\"https:\/\/www.smedemokrati.sk\/#website\"},\"primaryImageOfPage\":{\"@id\":\"https:\/\/www.smedemokrati.sk\/demokrati-odovzdaju-darcek-janovi-ferencakovi-pozyvaju-verejnost\/#primaryimage\"},\"image\":{\"@id\":\"https:\/\/www.smedemokrati.sk\/demokrati-odovzdaju-darcek-janovi-ferencakovi-pozyvaju-verejnost\/#primaryimage\"},\"thumbnailUrl\":\"https:\/\/www.smedemokrati.sk\/wp-content\/uploads\/2026\/03\/658173313_1515036566655833_5394784790660359688_n.jpg\",\"datePublished\":\"2026-03-26T10:57:15+00:00\",\"dateModified\":\"2026-03-26T18:10:24+00:00\",\"breadcrumb\":{\"@id\":\"https:\/\/www.smedemokrati.sk\/demokrati-odovzdaju-darcek-janovi-ferencakovi-pozyvaju-verejnost\/#breadcrumb\"},\"inLanguage\":\"cs-CZ\",\"potentialAction\":[{\"@type\":\"ReadAction\",\"target\":[\"https:\/\/www.smedemokrati.sk\/demokrati-odovzdaju-darcek-janovi-ferencakovi-pozyvaju-verejnost\/\"]}]},{\"@type\":\"ImageObject\",\"inLanguage\":\"cs-CZ\",\"@id\":\"https:\/\/www.smedemokrati.sk\/demokrati-odovzdaju-darcek-janovi-ferencakovi-pozyvaju-verejnost\/#primaryimage\",\"url\":\"https:\/\/www.smedemokrati.sk\/wp-content\/uploads\/2026\/03\/658173313_1515036566655833_5394784790660359688_n.jpg\",\"contentUrl\":\"https:\/\/www.smedemokrati.sk\/wp-content\/uploads\/2026\/03\/658173313_1515036566655833_5394784790660359688_n.jpg\",\"width\":960,\"height\":540},{\"@type\":\"BreadcrumbList\",\"@id\":\"https:\/\/www.smedemokrati.sk\/demokrati-odovzdaju-darcek-janovi-ferencakovi-pozyvaju-verejnost\/#breadcrumb\",\"itemListElement\":[{\"@type\":\"ListItem\",\"position\":1,\"name\":\"Domovsk\u00e1 str\u00e1nka\",\"item\":\"https:\/\/www.smedemokrati.sk\/\"},{\"@type\":\"ListItem\",\"position\":2,\"name\":\"Demokrati odovzdaj\u00fa \u201edar\u010dek\u201c J\u00e1novi Feren\u010d\u00e1kovi, poz\u00fdvaj\u00fa verejnos\u0165\"}]},{\"@type\":\"WebSite\",\"@id\":\"https:\/\/www.smedemokrati.sk\/#website\",\"url\":\"https:\/\/www.smedemokrati.sk\/\",\"name\":\"Smedemokrati.sk\",\"description\":\"Demokracia a slu\u0161nos\u0165 zv\u00ed\u0165az\u00ed\",\"publisher\":{\"@id\":\"https:\/\/www.smedemokrati.sk\/#organization\"},\"potentialAction\":[{\"@type\":\"SearchAction\",\"target\":{\"@type\":\"EntryPoint\",\"urlTemplate\":\"https:\/\/www.smedemokrati.sk\/?s={search_term_string}\"},\"query-input\":{\"@type\":\"PropertyValueSpecification\",\"valueRequired\":true,\"valueName\":\"search_term_string\"}}],\"inLanguage\":\"cs-CZ\"},{\"@type\":\"Organization\",\"@id\":\"https:\/\/www.smedemokrati.sk\/#organization\",\"name\":\"Smedemokrati.sk\",\"url\":\"https:\/\/www.smedemokrati.sk\/\",\"logo\":{\"@type\":\"ImageObject\",\"inLanguage\":\"cs-CZ\",\"@id\":\"https:\/\/www.smedemokrati.sk\/#\/schema\/logo\/image\/\",\"url\":\"https:\/\/www.smedemokrati.sk\/wp-content\/uploads\/2023\/04\/ff.002.jpeg\",\"contentUrl\":\"https:\/\/www.smedemokrati.sk\/wp-content\/uploads\/2023\/04\/ff.002.jpeg\",\"width\":640,\"height\":480,\"caption\":\"Smedemokrati.sk\"},\"image\":{\"@id\":\"https:\/\/www.smedemokrati.sk\/#\/schema\/logo\/image\/\"},\"sameAs\":[\"https:\/\/www.facebook.com\/smedemokrati2023\"]},{\"@type\":\"Person\",\"@id\":\"https:\/\/www.smedemokrati.sk\/#\/schema\/person\/21f147c88d605aa7ded900e1e7c344ba\",\"name\":\"miro.sopko\",\"image\":{\"@type\":\"ImageObject\",\"inLanguage\":\"cs-CZ\",\"@id\":\"https:\/\/secure.gravatar.com\/avatar\/267e4a36f704376c109afe3a78740c1f5dd8675a2180a908699e7863c9247606?s=96&d=mm&r=g\",\"url\":\"https:\/\/secure.gravatar.com\/avatar\/267e4a36f704376c109afe3a78740c1f5dd8675a2180a908699e7863c9247606?s=96&d=mm&r=g\",\"contentUrl\":\"https:\/\/secure.gravatar.com\/avatar\/267e4a36f704376c109afe3a78740c1f5dd8675a2180a908699e7863c9247606?s=96&d=mm&r=g\",\"caption\":\"miro.sopko\"},\"url\":\"https:\/\/www.smedemokrati.sk\/cs\/author\/miro-sopko\/\"}]}<\/script>\n<!-- \/ Yoast SEO plugin. -->","yoast_head_json":{"title":"Demokrati odovzdaj\u00fa \u201edar\u010dek\u201c J\u00e1novi Feren\u010d\u00e1kovi, poz\u00fdvaj\u00fa verejnos\u0165","robots":{"index":"index","follow":"follow","max-snippet":"max-snippet:-1","max-image-preview":"max-image-preview:large","max-video-preview":"max-video-preview:-1"},"canonical":"https:\/\/www.smedemokrati.sk\/cs\/demokrati-odovzdaju-darcek-janovi-ferencakovi-pozyvaju-verejnost\/","og_locale":"cs_CZ","og_type":"article","og_title":"[:sk]Demokrati odovzdaj\u00fa \u201edar\u010dek\u201c J\u00e1novi Feren\u010d\u00e1kovi, poz\u00fdvaj\u00fa verejnos\u0165[:] - Smedemokrati.sk","og_description":"Strana Demokrati opakovane vyz\u00fdvala prim\u00e1tora mesta Ke\u017emarok a poslanca N\u00e1rodnej rady SR J\u00e1n Feren\u010d\u00e1k, aby sa po zverejnen\u00fdch inform\u00e1ci\u00e1ch o jeho majetku vzdal svojich verejn\u00fdch funkci\u00ed a vyvodil osobn\u00fa zodpovednos\u0165. Ke\u010f\u017ee sa tak doposia\u013e nestalo, Demokrati pristupuj\u00fa k verejnej v\u00fdzve formou symbolick\u00e9ho odovzdania \u201edar\u010deka\u201c. Demokrati organizuj\u00fa podujatie spojen\u00e9 s odovzdan\u00edm&nbsp;\u201edar\u010deka\u201c J\u00e1novi Feren\u010d\u00e1kovi, ktor\u00e9 sa uskuto\u010dn\u00ed [&hellip;]","og_url":"https:\/\/www.smedemokrati.sk\/cs\/demokrati-odovzdaju-darcek-janovi-ferencakovi-pozyvaju-verejnost\/","og_site_name":"Smedemokrati.sk","article_publisher":"https:\/\/www.facebook.com\/smedemokrati2023","article_published_time":"2026-03-26T10:57:15+00:00","article_modified_time":"2026-03-26T18:10:24+00:00","og_image":[{"width":960,"height":540,"url":"https:\/\/www.smedemokrati.sk\/wp-content\/uploads\/2026\/03\/658173313_1515036566655833_5394784790660359688_n.jpg","type":"image\/jpeg"}],"author":"miro.sopko","twitter_card":"summary_large_image","twitter_misc":{"Napsal(a)":"miro.sopko","Odhadovan\u00e1 doba \u010dten\u00ed":"2 minuty"},"schema":{"@context":"https:\/\/schema.org","@graph":[{"@type":"Article","@id":"https:\/\/www.smedemokrati.sk\/demokrati-odovzdaju-darcek-janovi-ferencakovi-pozyvaju-verejnost\/#article","isPartOf":{"@id":"https:\/\/www.smedemokrati.sk\/demokrati-odovzdaju-darcek-janovi-ferencakovi-pozyvaju-verejnost\/"},"author":{"name":"miro.sopko","@id":"https:\/\/www.smedemokrati.sk\/#\/schema\/person\/21f147c88d605aa7ded900e1e7c344ba"},"headline":"Demokrati odovzdaj\u00fa \u201edar\u010dek\u201c J\u00e1novi Feren\u010d\u00e1kovi, poz\u00fdvaj\u00fa verejnos\u0165","datePublished":"2026-03-26T10:57:15+00:00","dateModified":"2026-03-26T18:10:24+00:00","mainEntityOfPage":{"@id":"https:\/\/www.smedemokrati.sk\/demokrati-odovzdaju-darcek-janovi-ferencakovi-pozyvaju-verejnost\/"},"wordCount":278,"publisher":{"@id":"https:\/\/www.smedemokrati.sk\/#organization"},"image":{"@id":"https:\/\/www.smedemokrati.sk\/demokrati-odovzdaju-darcek-janovi-ferencakovi-pozyvaju-verejnost\/#primaryimage"},"thumbnailUrl":"https:\/\/www.smedemokrati.sk\/wp-content\/uploads\/2026\/03\/658173313_1515036566655833_5394784790660359688_n.jpg","articleSection":["Tla\u010dov\u00e9 spr\u00e1vy"],"inLanguage":"cs-CZ"},{"@type":"WebPage","@id":"https:\/\/www.smedemokrati.sk\/demokrati-odovzdaju-darcek-janovi-ferencakovi-pozyvaju-verejnost\/","url":"https:\/\/www.smedemokrati.sk\/demokrati-odovzdaju-darcek-janovi-ferencakovi-pozyvaju-verejnost\/","name":"Demokrati odovzdaj\u00fa \u201edar\u010dek\u201c J\u00e1novi Feren\u010d\u00e1kovi, poz\u00fdvaj\u00fa verejnos\u0165","isPartOf":{"@id":"https:\/\/www.smedemokrati.sk\/#website"},"primaryImageOfPage":{"@id":"https:\/\/www.smedemokrati.sk\/demokrati-odovzdaju-darcek-janovi-ferencakovi-pozyvaju-verejnost\/#primaryimage"},"image":{"@id":"https:\/\/www.smedemokrati.sk\/demokrati-odovzdaju-darcek-janovi-ferencakovi-pozyvaju-verejnost\/#primaryimage"},"thumbnailUrl":"https:\/\/www.smedemokrati.sk\/wp-content\/uploads\/2026\/03\/658173313_1515036566655833_5394784790660359688_n.jpg","datePublished":"2026-03-26T10:57:15+00:00","dateModified":"2026-03-26T18:10:24+00:00","breadcrumb":{"@id":"https:\/\/www.smedemokrati.sk\/demokrati-odovzdaju-darcek-janovi-ferencakovi-pozyvaju-verejnost\/#breadcrumb"},"inLanguage":"cs-CZ","potentialAction":[{"@type":"ReadAction","target":["https:\/\/www.smedemokrati.sk\/demokrati-odovzdaju-darcek-janovi-ferencakovi-pozyvaju-verejnost\/"]}]},{"@type":"ImageObject","inLanguage":"cs-CZ","@id":"https:\/\/www.smedemokrati.sk\/demokrati-odovzdaju-darcek-janovi-ferencakovi-pozyvaju-verejnost\/#primaryimage","url":"https:\/\/www.smedemokrati.sk\/wp-content\/uploads\/2026\/03\/658173313_1515036566655833_5394784790660359688_n.jpg","contentUrl":"https:\/\/www.smedemokrati.sk\/wp-content\/uploads\/2026\/03\/658173313_1515036566655833_5394784790660359688_n.jpg","width":960,"height":540},{"@type":"BreadcrumbList","@id":"https:\/\/www.smedemokrati.sk\/demokrati-odovzdaju-darcek-janovi-ferencakovi-pozyvaju-verejnost\/#breadcrumb","itemListElement":[{"@type":"ListItem","position":1,"name":"Domovsk\u00e1 str\u00e1nka","item":"https:\/\/www.smedemokrati.sk\/"},{"@type":"ListItem","position":2,"name":"Demokrati odovzdaj\u00fa \u201edar\u010dek\u201c J\u00e1novi Feren\u010d\u00e1kovi, poz\u00fdvaj\u00fa verejnos\u0165"}]},{"@type":"WebSite","@id":"https:\/\/www.smedemokrati.sk\/#website","url":"https:\/\/www.smedemokrati.sk\/","name":"Smedemokrati.sk","description":"Demokracia a slu\u0161nos\u0165 zv\u00ed\u0165az\u00ed","publisher":{"@id":"https:\/\/www.smedemokrati.sk\/#organization"},"potentialAction":[{"@type":"SearchAction","target":{"@type":"EntryPoint","urlTemplate":"https:\/\/www.smedemokrati.sk\/?s={search_term_string}"},"query-input":{"@type":"PropertyValueSpecification","valueRequired":true,"valueName":"search_term_string"}}],"inLanguage":"cs-CZ"},{"@type":"Organization","@id":"https:\/\/www.smedemokrati.sk\/#organization","name":"Smedemokrati.sk","url":"https:\/\/www.smedemokrati.sk\/","logo":{"@type":"ImageObject","inLanguage":"cs-CZ","@id":"https:\/\/www.smedemokrati.sk\/#\/schema\/logo\/image\/","url":"https:\/\/www.smedemokrati.sk\/wp-content\/uploads\/2023\/04\/ff.002.jpeg","contentUrl":"https:\/\/www.smedemokrati.sk\/wp-content\/uploads\/2023\/04\/ff.002.jpeg","width":640,"height":480,"caption":"Smedemokrati.sk"},"image":{"@id":"https:\/\/www.smedemokrati.sk\/#\/schema\/logo\/image\/"},"sameAs":["https:\/\/www.facebook.com\/smedemokrati2023"]},{"@type":"Person","@id":"https:\/\/www.smedemokrati.sk\/#\/schema\/person\/21f147c88d605aa7ded900e1e7c344ba","name":"miro.sopko","image":{"@type":"ImageObject","inLanguage":"cs-CZ","@id":"https:\/\/secure.gravatar.com\/avatar\/267e4a36f704376c109afe3a78740c1f5dd8675a2180a908699e7863c9247606?s=96&d=mm&r=g","url":"https:\/\/secure.gravatar.com\/avatar\/267e4a36f704376c109afe3a78740c1f5dd8675a2180a908699e7863c9247606?s=96&d=mm&r=g","contentUrl":"https:\/\/secure.gravatar.com\/avatar\/267e4a36f704376c109afe3a78740c1f5dd8675a2180a908699e7863c9247606?s=96&d=mm&r=g","caption":"miro.sopko"},"url":"https:\/\/www.smedemokrati.sk\/cs\/author\/miro-sopko\/"}]}},"_links":{"self":[{"href":"https:\/\/www.smedemokrati.sk\/cs\/wp-json\/wp\/v2\/posts\/9114","targetHints":{"allow":["GET"]}}],"collection":[{"href":"https:\/\/www.smedemokrati.sk\/cs\/wp-json\/wp\/v2\/posts"}],"about":[{"href":"https:\/\/www.smedemokrati.sk\/cs\/wp-json\/wp\/v2\/types\/post"}],"author":[{"embeddable":true,"href":"https:\/\/www.smedemokrati.sk\/cs\/wp-json\/wp\/v2\/users\/13"}],"replies":[{"embeddable":true,"href":"https:\/\/www.smedemokrati.sk\/cs\/wp-json\/wp\/v2\/comments?post=9114"}],"version-history":[{"count":1,"href":"https:\/\/www.smedemokrati.sk\/cs\/wp-json\/wp\/v2\/posts\/9114\/revisions"}],"predecessor-version":[{"id":9116,"href":"https:\/\/www.smedemokrati.sk\/cs\/wp-json\/wp\/v2\/posts\/9114\/revisions\/9116"}],"wp:featuredmedia":[{"embeddable":true,"href":"https:\/\/www.smedemokrati.sk\/cs\/wp-json\/wp\/v2\/media\/9122"}],"wp:attachment":[{"href":"https:\/\/www.smedemokrati.sk\/cs\/wp-json\/wp\/v2\/media?parent=9114"}],"wp:term":[{"taxonomy":"category","embeddable":true,"href":"https:\/\/www.smedemokrati.sk\/cs\/wp-json\/wp\/v2\/categories?post=9114"},{"taxonomy":"post_tag","embeddable":true,"href":"https:\/\/www.smedemokrati.sk\/cs\/wp-json\/wp\/v2\/tags?post=9114"}],"curies":[{"name":"wp","href":"https:\/\/api.w.org\/{rel}","templated":true}]}}