{"id":8990,"date":"2026-03-10T15:21:07","date_gmt":"2026-03-10T14:21:07","guid":{"rendered":"https:\/\/www.smedemokrati.sk\/?p=8990"},"modified":"2026-03-10T17:57:43","modified_gmt":"2026-03-10T16:57:43","slug":"vlada-zamysla-nasadzovat-armadu-proti-vlastnym-obcanom-demokrati-varuju-pred-zneuzitim-stavu-ohrozenia","status":"publish","type":"post","link":"https:\/\/www.smedemokrati.sk\/cs\/vlada-zamysla-nasadzovat-armadu-proti-vlastnym-obcanom-demokrati-varuju-pred-zneuzitim-stavu-ohrozenia\/","title":{"rendered":"Vl\u00e1da zam\u00fd\u0161\u013ea nasadzova\u0165 arm\u00e1du proti vlastn\u00fdm ob\u010danom. Demokrati varuj\u00fa pred zneu\u017eit\u00edm \u201estavu ohrozenia\u201c"},"content":{"rendered":"<div id=\"fb-root\"><\/div>\n\n<p><strong>Prezident SR a minister obrany pod\u013ea Demokratov predstavili nebezpe\u010dn\u00fd pl\u00e1n, ktor\u00fd m\u00f4\u017ee umo\u017eni\u0165 nasadzovanie ozbrojen\u00fdch s\u00edl proti vlastn\u00fdm ob\u010danom. Strana upozor\u0148uje, \u017ee mechanizmus vyhl\u00e1senia \u201estavu ohrozenia\u201c m\u00f4\u017ee by\u0165 zneu\u017eit\u00fd na zastra\u0161ovanie verejnosti a politick\u00fdch oponentov.<\/strong><\/p>\n\n\n\n<p>Demokrati kritizuj\u00fa dne\u0161n\u00fa tla\u010dov\u00fa konferenciu prezidenta SR a ministra obrany, na ktorej predstavili z\u00e1mer umo\u017eni\u0165 nasadzovanie ozbrojen\u00fdch s\u00edl a ich prostriedkov na \u00fazem\u00ed Slovenska na z\u00e1klade vyhl\u00e1senia stavu ohrozenia.<\/p>\n\n\n\n<p><em>\u201eNa z\u00e1klade prezidentovho stanoviska by Bezpe\u010dnostn\u00e1 rada mohla rozhodn\u00fa\u0165 o vyhl\u00e1sen\u00ed stavu ohrozenia a n\u00e1slednom nasaden\u00ed s\u00edl a prostriedkov ozbrojen\u00fdch s\u00edl na na\u0161om \u00fazem\u00ed. Viete si predstavi\u0165, \u017ee si vymyslia \u010fal\u0161\u00ed gruz\u00ednsky alebo in\u00fd pu\u010d a na z\u00e1klade takejto vykon\u0161truovanej hrozby nasadia vojakov proti vlastn\u00fdm obyvate\u013eom?\u201c<\/em>&nbsp;uviedol exminister obrany Jaroslav Na\u010f. Pod\u013ea neho t\u00fdmto krokom vl\u00e1da na\u0161la nov\u00fd sp\u00f4sob, ako zastra\u0161ova\u0165 vlastn\u00fdch ob\u010danov.<\/p>\n\n\n\n<p>Na tla\u010dovej konferencii sa Peter Pellegrini a Robert Kali\u0148\u00e1k venovali aj \u00fadajn\u00fdm nev\u00fdhodn\u00fdm zmluv\u00e1m z minulosti. Tvrdili, \u017ee pri me\u0161kan\u00ed dod\u00e1vok vojenskej techniky nie s\u00fa v zmluv\u00e1ch stanoven\u00e9 sankcie, Jaroslav Na\u010f pripom\u00edna kontrakt z \u010dias vl\u00e1dy Petra Pellegriniho.<\/p>\n\n\n\n<p><em>\u201eBol to pr\u00e1ve Peter Pellegrini, kto v roku 2018 zazmluvnil st\u00edha\u010dky, ktor\u00e9 tu dodnes nie s\u00fa. Nepam\u00e4t\u00e1m si, \u017ee by v tom \u010dase trval na ak\u00fdchko\u013evek sankci\u00e1ch v zmluve za dve miliardy eur pre pr\u00edpad ome\u0161kania. Je to \u010dist\u00e9 farizejstvo,\u201c<\/em>&nbsp;reagoval Na\u010f.<\/p>\n\n\n\n<p>Minister obrany Robert Kali\u0148\u00e1k z\u00e1rove\u0148 nazna\u010dil, \u017ee niektor\u00e9 zmluvy by bolo potrebn\u00e9 vypoveda\u0165, ke\u010f\u017ee sa pod\u013ea neho nedar\u00ed dosiahnu\u0165 dohodu s dod\u00e1vate\u013emi. Pod\u013ea Jaroslava Na\u010fa m\u00f4\u017ee by\u0165 skuto\u010dn\u00fdm d\u00f4vodom snaha presmerova\u0165 z\u00e1kazky k spriatelen\u00fdm firm\u00e1m.<\/p>\n\n\n\n<p><em>\u201ePoviem to priamo. Kali\u0148\u00e1kov\u00fdm z\u00e1merom je vypoveda\u0165 zmluvu so spolo\u010dnos\u0165ou Patria na kolesov\u00e9 obrnen\u00e9 vozidl\u00e1. Pod\u013ea mojich inform\u00e1ci\u00ed t\u00e1to firma odmietla po Kali\u0148\u00e1kovom tlaku prija\u0165 ako subdod\u00e1vate\u013ea firmu jemu bl\u00edzku. Teraz sa im vyhr\u00e1\u017ea vypovedan\u00edm kontraktu, ak sa mu nepodar\u00ed pretla\u010di\u0165 \u201aflexibilnej\u0161iu\u2018 firmu z poh\u013eadu potrieb ministra Kali\u0148\u00e1ka,\u201c&nbsp;<\/em>dodal Na\u010f.<\/p>\n\n\n<div id=\"fb-root\"><\/div><script async defer crossorigin=\"anonymous\" src=\"https:\/\/connect.facebook.net\/sk_SK\/sdk.js#xfbml=1&version=v18.0\"><\/script><div class=\"fb-video\" data-href=\"http:\/\/facebook.com\/reel\/1541032206964046\/?s=single_unit\" data-width=\"560\" data-show-text=\"false\"><blockquote cite=\"http:\/\/facebook.com\/reel\/1541032206964046\/?s=single_unit\" class=\"fb-xfbml-parse-ignore\"><a href=\"http:\/\/facebook.com\/reel\/1541032206964046\/?s=single_unit\">Video<\/a><\/blockquote><\/div>\n","protected":false},"excerpt":{"rendered":"<p>Prezident SR a minister obrany pod\u013ea Demokratov predstavili nebezpe\u010dn\u00fd pl\u00e1n, ktor\u00fd m\u00f4\u017ee umo\u017eni\u0165 nasadzovanie ozbrojen\u00fdch s\u00edl proti vlastn\u00fdm ob\u010danom. Strana upozor\u0148uje, \u017ee mechanizmus vyhl\u00e1senia \u201estavu ohrozenia\u201c m\u00f4\u017ee by\u0165 zneu\u017eit\u00fd na zastra\u0161ovanie verejnosti a politick\u00fdch oponentov. Demokrati kritizuj\u00fa dne\u0161n\u00fa tla\u010dov\u00fa konferenciu prezidenta SR a ministra obrany, na ktorej predstavili z\u00e1mer umo\u017eni\u0165 nasadzovanie ozbrojen\u00fdch s\u00edl a ich [&hellip;]<\/p>\n","protected":false},"author":13,"featured_media":250,"comment_status":"closed","ping_status":"closed","sticky":false,"template":"","format":"standard","meta":{"_acf_changed":false,"ngg_post_thumbnail":0,"footnotes":""},"categories":[4],"tags":[],"class_list":["post-8990","post","type-post","status-publish","format-standard","has-post-thumbnail","hentry","category-tlacove-spravy"],"acf":[],"yoast_head":"<!-- This site is optimized with the Yoast SEO plugin v27.2 - https:\/\/yoast.com\/product\/yoast-seo-wordpress\/ -->\n<title>Vl\u00e1da zam\u00fd\u0161\u013ea nasadzova\u0165 arm\u00e1du proti vlastn\u00fdm ob\u010danom. Demokrati varuj\u00fa pred zneu\u017eit\u00edm \u201estavu ohrozenia\u201c<\/title>\n<meta name=\"robots\" content=\"index, follow, max-snippet:-1, max-image-preview:large, max-video-preview:-1\" \/>\n<link rel=\"canonical\" href=\"https:\/\/www.smedemokrati.sk\/cs\/vlada-zamysla-nasadzovat-armadu-proti-vlastnym-obcanom-demokrati-varuju-pred-zneuzitim-stavu-ohrozenia\/\" \/>\n<meta property=\"og:locale\" content=\"cs_CZ\" \/>\n<meta property=\"og:locale:alternate\" content=\"en_US\" \/>\n<meta property=\"og:locale:alternate\" content=\"hu_HU\" \/>\n<meta property=\"og:locale:alternate\" content=\"sk_SK\" \/>\n<meta property=\"og:locale:alternate\" content=\"sv_SE\" \/>\n<meta property=\"og:type\" content=\"article\" \/>\n<meta property=\"og:title\" content=\"Vl\u00e1da zam\u00fd\u0161\u013ea nasadzova\u0165 arm\u00e1du proti vlastn\u00fdm ob\u010danom. Demokrati varuj\u00fa pred zneu\u017eit\u00edm \u201estavu ohrozenia\u201c\" \/>\n<meta property=\"og:description\" content=\"Prezident SR a minister obrany pod\u013ea Demokratov predstavili nebezpe\u010dn\u00fd pl\u00e1n, ktor\u00fd m\u00f4\u017ee umo\u017eni\u0165 nasadzovanie ozbrojen\u00fdch s\u00edl proti vlastn\u00fdm ob\u010danom. Strana upozor\u0148uje, \u017ee mechanizmus vyhl\u00e1senia \u201estavu ohrozenia\u201c m\u00f4\u017ee by\u0165 zneu\u017eit\u00fd na zastra\u0161ovanie verejnosti a politick\u00fdch oponentov. Demokrati kritizuj\u00fa dne\u0161n\u00fa tla\u010dov\u00fa konferenciu prezidenta SR a ministra obrany, na ktorej predstavili z\u00e1mer umo\u017eni\u0165 nasadzovanie ozbrojen\u00fdch s\u00edl a ich [&hellip;]\" \/>\n<meta property=\"og:url\" content=\"https:\/\/www.smedemokrati.sk\/cs\/vlada-zamysla-nasadzovat-armadu-proti-vlastnym-obcanom-demokrati-varuju-pred-zneuzitim-stavu-ohrozenia\/\" \/>\n<meta property=\"og:site_name\" content=\"Smedemokrati.sk\" \/>\n<meta property=\"article:publisher\" content=\"https:\/\/www.facebook.com\/smedemokrati2023\" \/>\n<meta property=\"article:published_time\" content=\"2026-03-10T14:21:07+00:00\" \/>\n<meta property=\"article:modified_time\" content=\"2026-03-10T16:57:43+00:00\" \/>\n<meta property=\"og:image\" content=\"https:\/\/www.smedemokrati.sk\/wp-content\/uploads\/2023\/04\/JN.jpg\" \/>\n\t<meta property=\"og:image:width\" content=\"1520\" \/>\n\t<meta property=\"og:image:height\" content=\"1080\" \/>\n\t<meta property=\"og:image:type\" content=\"image\/jpeg\" \/>\n<meta name=\"author\" content=\"miro.sopko\" \/>\n<meta name=\"twitter:card\" content=\"summary_large_image\" \/>\n<meta name=\"twitter:label1\" content=\"Napsal(a)\" \/>\n\t<meta name=\"twitter:data1\" content=\"miro.sopko\" \/>\n\t<meta name=\"twitter:label2\" content=\"Odhadovan\u00e1 doba \u010dten\u00ed\" \/>\n\t<meta name=\"twitter:data2\" content=\"2 minuty\" \/>\n<script type=\"application\/ld+json\" class=\"yoast-schema-graph\">{\"@context\":\"https:\/\/schema.org\",\"@graph\":[{\"@type\":\"Article\",\"@id\":\"https:\/\/www.smedemokrati.sk\/vlada-zamysla-nasadzovat-armadu-proti-vlastnym-obcanom-demokrati-varuju-pred-zneuzitim-stavu-ohrozenia\/#article\",\"isPartOf\":{\"@id\":\"https:\/\/www.smedemokrati.sk\/vlada-zamysla-nasadzovat-armadu-proti-vlastnym-obcanom-demokrati-varuju-pred-zneuzitim-stavu-ohrozenia\/\"},\"author\":{\"name\":\"miro.sopko\",\"@id\":\"https:\/\/www.smedemokrati.sk\/#\/schema\/person\/21f147c88d605aa7ded900e1e7c344ba\"},\"headline\":\"Vl\u00e1da zam\u00fd\u0161\u013ea nasadzova\u0165 arm\u00e1du proti vlastn\u00fdm ob\u010danom. Demokrati varuj\u00fa pred zneu\u017eit\u00edm \u201estavu ohrozenia\u201c\",\"datePublished\":\"2026-03-10T14:21:07+00:00\",\"dateModified\":\"2026-03-10T16:57:43+00:00\",\"mainEntityOfPage\":{\"@id\":\"https:\/\/www.smedemokrati.sk\/vlada-zamysla-nasadzovat-armadu-proti-vlastnym-obcanom-demokrati-varuju-pred-zneuzitim-stavu-ohrozenia\/\"},\"wordCount\":423,\"publisher\":{\"@id\":\"https:\/\/www.smedemokrati.sk\/#organization\"},\"image\":{\"@id\":\"https:\/\/www.smedemokrati.sk\/vlada-zamysla-nasadzovat-armadu-proti-vlastnym-obcanom-demokrati-varuju-pred-zneuzitim-stavu-ohrozenia\/#primaryimage\"},\"thumbnailUrl\":\"https:\/\/www.smedemokrati.sk\/wp-content\/uploads\/2023\/04\/JN.jpg\",\"articleSection\":[\"Tla\u010dov\u00e9 spr\u00e1vy\"],\"inLanguage\":\"cs-CZ\"},{\"@type\":\"WebPage\",\"@id\":\"https:\/\/www.smedemokrati.sk\/vlada-zamysla-nasadzovat-armadu-proti-vlastnym-obcanom-demokrati-varuju-pred-zneuzitim-stavu-ohrozenia\/\",\"url\":\"https:\/\/www.smedemokrati.sk\/vlada-zamysla-nasadzovat-armadu-proti-vlastnym-obcanom-demokrati-varuju-pred-zneuzitim-stavu-ohrozenia\/\",\"name\":\"Vl\u00e1da zam\u00fd\u0161\u013ea nasadzova\u0165 arm\u00e1du proti vlastn\u00fdm ob\u010danom. Demokrati varuj\u00fa pred zneu\u017eit\u00edm \u201estavu ohrozenia\u201c\",\"isPartOf\":{\"@id\":\"https:\/\/www.smedemokrati.sk\/#website\"},\"primaryImageOfPage\":{\"@id\":\"https:\/\/www.smedemokrati.sk\/vlada-zamysla-nasadzovat-armadu-proti-vlastnym-obcanom-demokrati-varuju-pred-zneuzitim-stavu-ohrozenia\/#primaryimage\"},\"image\":{\"@id\":\"https:\/\/www.smedemokrati.sk\/vlada-zamysla-nasadzovat-armadu-proti-vlastnym-obcanom-demokrati-varuju-pred-zneuzitim-stavu-ohrozenia\/#primaryimage\"},\"thumbnailUrl\":\"https:\/\/www.smedemokrati.sk\/wp-content\/uploads\/2023\/04\/JN.jpg\",\"datePublished\":\"2026-03-10T14:21:07+00:00\",\"dateModified\":\"2026-03-10T16:57:43+00:00\",\"breadcrumb\":{\"@id\":\"https:\/\/www.smedemokrati.sk\/vlada-zamysla-nasadzovat-armadu-proti-vlastnym-obcanom-demokrati-varuju-pred-zneuzitim-stavu-ohrozenia\/#breadcrumb\"},\"inLanguage\":\"cs-CZ\",\"potentialAction\":[{\"@type\":\"ReadAction\",\"target\":[\"https:\/\/www.smedemokrati.sk\/vlada-zamysla-nasadzovat-armadu-proti-vlastnym-obcanom-demokrati-varuju-pred-zneuzitim-stavu-ohrozenia\/\"]}]},{\"@type\":\"ImageObject\",\"inLanguage\":\"cs-CZ\",\"@id\":\"https:\/\/www.smedemokrati.sk\/vlada-zamysla-nasadzovat-armadu-proti-vlastnym-obcanom-demokrati-varuju-pred-zneuzitim-stavu-ohrozenia\/#primaryimage\",\"url\":\"https:\/\/www.smedemokrati.sk\/wp-content\/uploads\/2023\/04\/JN.jpg\",\"contentUrl\":\"https:\/\/www.smedemokrati.sk\/wp-content\/uploads\/2023\/04\/JN.jpg\",\"width\":1520,\"height\":1080},{\"@type\":\"BreadcrumbList\",\"@id\":\"https:\/\/www.smedemokrati.sk\/vlada-zamysla-nasadzovat-armadu-proti-vlastnym-obcanom-demokrati-varuju-pred-zneuzitim-stavu-ohrozenia\/#breadcrumb\",\"itemListElement\":[{\"@type\":\"ListItem\",\"position\":1,\"name\":\"Domovsk\u00e1 str\u00e1nka\",\"item\":\"https:\/\/www.smedemokrati.sk\/\"},{\"@type\":\"ListItem\",\"position\":2,\"name\":\"Vl\u00e1da zam\u00fd\u0161\u013ea nasadzova\u0165 arm\u00e1du proti vlastn\u00fdm ob\u010danom. Demokrati varuj\u00fa pred zneu\u017eit\u00edm \u201estavu ohrozenia\u201c\"}]},{\"@type\":\"WebSite\",\"@id\":\"https:\/\/www.smedemokrati.sk\/#website\",\"url\":\"https:\/\/www.smedemokrati.sk\/\",\"name\":\"Smedemokrati.sk\",\"description\":\"Demokracia a slu\u0161nos\u0165 zv\u00ed\u0165az\u00ed\",\"publisher\":{\"@id\":\"https:\/\/www.smedemokrati.sk\/#organization\"},\"potentialAction\":[{\"@type\":\"SearchAction\",\"target\":{\"@type\":\"EntryPoint\",\"urlTemplate\":\"https:\/\/www.smedemokrati.sk\/?s={search_term_string}\"},\"query-input\":{\"@type\":\"PropertyValueSpecification\",\"valueRequired\":true,\"valueName\":\"search_term_string\"}}],\"inLanguage\":\"cs-CZ\"},{\"@type\":\"Organization\",\"@id\":\"https:\/\/www.smedemokrati.sk\/#organization\",\"name\":\"Smedemokrati.sk\",\"url\":\"https:\/\/www.smedemokrati.sk\/\",\"logo\":{\"@type\":\"ImageObject\",\"inLanguage\":\"cs-CZ\",\"@id\":\"https:\/\/www.smedemokrati.sk\/#\/schema\/logo\/image\/\",\"url\":\"https:\/\/www.smedemokrati.sk\/wp-content\/uploads\/2023\/04\/ff.002.jpeg\",\"contentUrl\":\"https:\/\/www.smedemokrati.sk\/wp-content\/uploads\/2023\/04\/ff.002.jpeg\",\"width\":640,\"height\":480,\"caption\":\"Smedemokrati.sk\"},\"image\":{\"@id\":\"https:\/\/www.smedemokrati.sk\/#\/schema\/logo\/image\/\"},\"sameAs\":[\"https:\/\/www.facebook.com\/smedemokrati2023\"]},{\"@type\":\"Person\",\"@id\":\"https:\/\/www.smedemokrati.sk\/#\/schema\/person\/21f147c88d605aa7ded900e1e7c344ba\",\"name\":\"miro.sopko\",\"image\":{\"@type\":\"ImageObject\",\"inLanguage\":\"cs-CZ\",\"@id\":\"https:\/\/secure.gravatar.com\/avatar\/267e4a36f704376c109afe3a78740c1f5dd8675a2180a908699e7863c9247606?s=96&d=mm&r=g\",\"url\":\"https:\/\/secure.gravatar.com\/avatar\/267e4a36f704376c109afe3a78740c1f5dd8675a2180a908699e7863c9247606?s=96&d=mm&r=g\",\"contentUrl\":\"https:\/\/secure.gravatar.com\/avatar\/267e4a36f704376c109afe3a78740c1f5dd8675a2180a908699e7863c9247606?s=96&d=mm&r=g\",\"caption\":\"miro.sopko\"},\"url\":\"https:\/\/www.smedemokrati.sk\/cs\/author\/miro-sopko\/\"}]}<\/script>\n<!-- \/ Yoast SEO plugin. -->","yoast_head_json":{"title":"Vl\u00e1da zam\u00fd\u0161\u013ea nasadzova\u0165 arm\u00e1du proti vlastn\u00fdm ob\u010danom. Demokrati varuj\u00fa pred zneu\u017eit\u00edm \u201estavu ohrozenia\u201c","robots":{"index":"index","follow":"follow","max-snippet":"max-snippet:-1","max-image-preview":"max-image-preview:large","max-video-preview":"max-video-preview:-1"},"canonical":"https:\/\/www.smedemokrati.sk\/cs\/vlada-zamysla-nasadzovat-armadu-proti-vlastnym-obcanom-demokrati-varuju-pred-zneuzitim-stavu-ohrozenia\/","og_locale":"cs_CZ","og_type":"article","og_title":"[:sk]Vl\u00e1da zam\u00fd\u0161\u013ea nasadzova\u0165 arm\u00e1du proti vlastn\u00fdm ob\u010danom. Demokrati varuj\u00fa pred zneu\u017eit\u00edm \u201estavu ohrozenia\u201c[:] - Smedemokrati.sk","og_description":"Prezident SR a minister obrany pod\u013ea Demokratov predstavili nebezpe\u010dn\u00fd pl\u00e1n, ktor\u00fd m\u00f4\u017ee umo\u017eni\u0165 nasadzovanie ozbrojen\u00fdch s\u00edl proti vlastn\u00fdm ob\u010danom. Strana upozor\u0148uje, \u017ee mechanizmus vyhl\u00e1senia \u201estavu ohrozenia\u201c m\u00f4\u017ee by\u0165 zneu\u017eit\u00fd na zastra\u0161ovanie verejnosti a politick\u00fdch oponentov. Demokrati kritizuj\u00fa dne\u0161n\u00fa tla\u010dov\u00fa konferenciu prezidenta SR a ministra obrany, na ktorej predstavili z\u00e1mer umo\u017eni\u0165 nasadzovanie ozbrojen\u00fdch s\u00edl a ich [&hellip;]","og_url":"https:\/\/www.smedemokrati.sk\/cs\/vlada-zamysla-nasadzovat-armadu-proti-vlastnym-obcanom-demokrati-varuju-pred-zneuzitim-stavu-ohrozenia\/","og_site_name":"Smedemokrati.sk","article_publisher":"https:\/\/www.facebook.com\/smedemokrati2023","article_published_time":"2026-03-10T14:21:07+00:00","article_modified_time":"2026-03-10T16:57:43+00:00","og_image":[{"width":1520,"height":1080,"url":"https:\/\/www.smedemokrati.sk\/wp-content\/uploads\/2023\/04\/JN.jpg","type":"image\/jpeg"}],"author":"miro.sopko","twitter_card":"summary_large_image","twitter_misc":{"Napsal(a)":"miro.sopko","Odhadovan\u00e1 doba \u010dten\u00ed":"2 minuty"},"schema":{"@context":"https:\/\/schema.org","@graph":[{"@type":"Article","@id":"https:\/\/www.smedemokrati.sk\/vlada-zamysla-nasadzovat-armadu-proti-vlastnym-obcanom-demokrati-varuju-pred-zneuzitim-stavu-ohrozenia\/#article","isPartOf":{"@id":"https:\/\/www.smedemokrati.sk\/vlada-zamysla-nasadzovat-armadu-proti-vlastnym-obcanom-demokrati-varuju-pred-zneuzitim-stavu-ohrozenia\/"},"author":{"name":"miro.sopko","@id":"https:\/\/www.smedemokrati.sk\/#\/schema\/person\/21f147c88d605aa7ded900e1e7c344ba"},"headline":"Vl\u00e1da zam\u00fd\u0161\u013ea nasadzova\u0165 arm\u00e1du proti vlastn\u00fdm ob\u010danom. Demokrati varuj\u00fa pred zneu\u017eit\u00edm \u201estavu ohrozenia\u201c","datePublished":"2026-03-10T14:21:07+00:00","dateModified":"2026-03-10T16:57:43+00:00","mainEntityOfPage":{"@id":"https:\/\/www.smedemokrati.sk\/vlada-zamysla-nasadzovat-armadu-proti-vlastnym-obcanom-demokrati-varuju-pred-zneuzitim-stavu-ohrozenia\/"},"wordCount":423,"publisher":{"@id":"https:\/\/www.smedemokrati.sk\/#organization"},"image":{"@id":"https:\/\/www.smedemokrati.sk\/vlada-zamysla-nasadzovat-armadu-proti-vlastnym-obcanom-demokrati-varuju-pred-zneuzitim-stavu-ohrozenia\/#primaryimage"},"thumbnailUrl":"https:\/\/www.smedemokrati.sk\/wp-content\/uploads\/2023\/04\/JN.jpg","articleSection":["Tla\u010dov\u00e9 spr\u00e1vy"],"inLanguage":"cs-CZ"},{"@type":"WebPage","@id":"https:\/\/www.smedemokrati.sk\/vlada-zamysla-nasadzovat-armadu-proti-vlastnym-obcanom-demokrati-varuju-pred-zneuzitim-stavu-ohrozenia\/","url":"https:\/\/www.smedemokrati.sk\/vlada-zamysla-nasadzovat-armadu-proti-vlastnym-obcanom-demokrati-varuju-pred-zneuzitim-stavu-ohrozenia\/","name":"Vl\u00e1da zam\u00fd\u0161\u013ea nasadzova\u0165 arm\u00e1du proti vlastn\u00fdm ob\u010danom. Demokrati varuj\u00fa pred zneu\u017eit\u00edm \u201estavu ohrozenia\u201c","isPartOf":{"@id":"https:\/\/www.smedemokrati.sk\/#website"},"primaryImageOfPage":{"@id":"https:\/\/www.smedemokrati.sk\/vlada-zamysla-nasadzovat-armadu-proti-vlastnym-obcanom-demokrati-varuju-pred-zneuzitim-stavu-ohrozenia\/#primaryimage"},"image":{"@id":"https:\/\/www.smedemokrati.sk\/vlada-zamysla-nasadzovat-armadu-proti-vlastnym-obcanom-demokrati-varuju-pred-zneuzitim-stavu-ohrozenia\/#primaryimage"},"thumbnailUrl":"https:\/\/www.smedemokrati.sk\/wp-content\/uploads\/2023\/04\/JN.jpg","datePublished":"2026-03-10T14:21:07+00:00","dateModified":"2026-03-10T16:57:43+00:00","breadcrumb":{"@id":"https:\/\/www.smedemokrati.sk\/vlada-zamysla-nasadzovat-armadu-proti-vlastnym-obcanom-demokrati-varuju-pred-zneuzitim-stavu-ohrozenia\/#breadcrumb"},"inLanguage":"cs-CZ","potentialAction":[{"@type":"ReadAction","target":["https:\/\/www.smedemokrati.sk\/vlada-zamysla-nasadzovat-armadu-proti-vlastnym-obcanom-demokrati-varuju-pred-zneuzitim-stavu-ohrozenia\/"]}]},{"@type":"ImageObject","inLanguage":"cs-CZ","@id":"https:\/\/www.smedemokrati.sk\/vlada-zamysla-nasadzovat-armadu-proti-vlastnym-obcanom-demokrati-varuju-pred-zneuzitim-stavu-ohrozenia\/#primaryimage","url":"https:\/\/www.smedemokrati.sk\/wp-content\/uploads\/2023\/04\/JN.jpg","contentUrl":"https:\/\/www.smedemokrati.sk\/wp-content\/uploads\/2023\/04\/JN.jpg","width":1520,"height":1080},{"@type":"BreadcrumbList","@id":"https:\/\/www.smedemokrati.sk\/vlada-zamysla-nasadzovat-armadu-proti-vlastnym-obcanom-demokrati-varuju-pred-zneuzitim-stavu-ohrozenia\/#breadcrumb","itemListElement":[{"@type":"ListItem","position":1,"name":"Domovsk\u00e1 str\u00e1nka","item":"https:\/\/www.smedemokrati.sk\/"},{"@type":"ListItem","position":2,"name":"Vl\u00e1da zam\u00fd\u0161\u013ea nasadzova\u0165 arm\u00e1du proti vlastn\u00fdm ob\u010danom. Demokrati varuj\u00fa pred zneu\u017eit\u00edm \u201estavu ohrozenia\u201c"}]},{"@type":"WebSite","@id":"https:\/\/www.smedemokrati.sk\/#website","url":"https:\/\/www.smedemokrati.sk\/","name":"Smedemokrati.sk","description":"Demokracia a slu\u0161nos\u0165 zv\u00ed\u0165az\u00ed","publisher":{"@id":"https:\/\/www.smedemokrati.sk\/#organization"},"potentialAction":[{"@type":"SearchAction","target":{"@type":"EntryPoint","urlTemplate":"https:\/\/www.smedemokrati.sk\/?s={search_term_string}"},"query-input":{"@type":"PropertyValueSpecification","valueRequired":true,"valueName":"search_term_string"}}],"inLanguage":"cs-CZ"},{"@type":"Organization","@id":"https:\/\/www.smedemokrati.sk\/#organization","name":"Smedemokrati.sk","url":"https:\/\/www.smedemokrati.sk\/","logo":{"@type":"ImageObject","inLanguage":"cs-CZ","@id":"https:\/\/www.smedemokrati.sk\/#\/schema\/logo\/image\/","url":"https:\/\/www.smedemokrati.sk\/wp-content\/uploads\/2023\/04\/ff.002.jpeg","contentUrl":"https:\/\/www.smedemokrati.sk\/wp-content\/uploads\/2023\/04\/ff.002.jpeg","width":640,"height":480,"caption":"Smedemokrati.sk"},"image":{"@id":"https:\/\/www.smedemokrati.sk\/#\/schema\/logo\/image\/"},"sameAs":["https:\/\/www.facebook.com\/smedemokrati2023"]},{"@type":"Person","@id":"https:\/\/www.smedemokrati.sk\/#\/schema\/person\/21f147c88d605aa7ded900e1e7c344ba","name":"miro.sopko","image":{"@type":"ImageObject","inLanguage":"cs-CZ","@id":"https:\/\/secure.gravatar.com\/avatar\/267e4a36f704376c109afe3a78740c1f5dd8675a2180a908699e7863c9247606?s=96&d=mm&r=g","url":"https:\/\/secure.gravatar.com\/avatar\/267e4a36f704376c109afe3a78740c1f5dd8675a2180a908699e7863c9247606?s=96&d=mm&r=g","contentUrl":"https:\/\/secure.gravatar.com\/avatar\/267e4a36f704376c109afe3a78740c1f5dd8675a2180a908699e7863c9247606?s=96&d=mm&r=g","caption":"miro.sopko"},"url":"https:\/\/www.smedemokrati.sk\/cs\/author\/miro-sopko\/"}]}},"_links":{"self":[{"href":"https:\/\/www.smedemokrati.sk\/cs\/wp-json\/wp\/v2\/posts\/8990","targetHints":{"allow":["GET"]}}],"collection":[{"href":"https:\/\/www.smedemokrati.sk\/cs\/wp-json\/wp\/v2\/posts"}],"about":[{"href":"https:\/\/www.smedemokrati.sk\/cs\/wp-json\/wp\/v2\/types\/post"}],"author":[{"embeddable":true,"href":"https:\/\/www.smedemokrati.sk\/cs\/wp-json\/wp\/v2\/users\/13"}],"replies":[{"embeddable":true,"href":"https:\/\/www.smedemokrati.sk\/cs\/wp-json\/wp\/v2\/comments?post=8990"}],"version-history":[{"count":3,"href":"https:\/\/www.smedemokrati.sk\/cs\/wp-json\/wp\/v2\/posts\/8990\/revisions"}],"predecessor-version":[{"id":8993,"href":"https:\/\/www.smedemokrati.sk\/cs\/wp-json\/wp\/v2\/posts\/8990\/revisions\/8993"}],"wp:featuredmedia":[{"embeddable":true,"href":"https:\/\/www.smedemokrati.sk\/cs\/wp-json\/wp\/v2\/media\/250"}],"wp:attachment":[{"href":"https:\/\/www.smedemokrati.sk\/cs\/wp-json\/wp\/v2\/media?parent=8990"}],"wp:term":[{"taxonomy":"category","embeddable":true,"href":"https:\/\/www.smedemokrati.sk\/cs\/wp-json\/wp\/v2\/categories?post=8990"},{"taxonomy":"post_tag","embeddable":true,"href":"https:\/\/www.smedemokrati.sk\/cs\/wp-json\/wp\/v2\/tags?post=8990"}],"curies":[{"name":"wp","href":"https:\/\/api.w.org\/{rel}","templated":true}]}}