{"id":8976,"date":"2026-03-08T12:45:50","date_gmt":"2026-03-08T11:45:50","guid":{"rendered":"https:\/\/www.smedemokrati.sk\/?p=8976"},"modified":"2026-03-08T12:45:51","modified_gmt":"2026-03-08T11:45:51","slug":"demokrati-vratili-ficove-karafiaty-pred-urad-vlady-nechceme-kvety-ale-slusnu-vladu","status":"publish","type":"post","link":"https:\/\/www.smedemokrati.sk\/cs\/demokrati-vratili-ficove-karafiaty-pred-urad-vlady-nechceme-kvety-ale-slusnu-vladu\/","title":{"rendered":"Demokrati vr\u00e1tili Ficove karafi\u00e1ty pred \u00farad vl\u00e1dy: nechceme kvety ale slu\u0161n\u00fa vl\u00e1du"},"content":{"rendered":"<div id=\"fb-root\"><\/div>\n\n<p><strong>\u010clenky strany Demokrati dnes symbolicky vr\u00e1tila karafi\u00e1ty pred \u00darad vl\u00e1dy SR ako reakciu na oslavy Medzin\u00e1rodn\u00e9ho d\u0148a \u017eien zo strany vl\u00e1dy. Predstavite\u013eky strany upozornili, \u017ee slovensk\u00e9 \u017eeny nepotrebuj\u00fa pr\u00e1zdne gest\u00e1 s karafi\u00e1tmi, ale slu\u0161n\u00fa vl\u00e1du.<\/strong><\/p>\n\n\n\n<p><em>\u201eP\u00e1n Fico, nechceme va\u0161e karafi\u00e1ty, chceme slu\u0161n\u00fa vl\u00e1du,\u201c<\/em>&nbsp;uviedla \u010dlenka predsedn\u00edctva Monika Podhor\u00e1ny Masarikov\u00e1, ktor\u00e1 polo\u017eila karafi\u00e1ty pred \u00darad vl\u00e1dy.&nbsp;<\/p>\n\n\n\n<p><em>\u201e\u017deny na Slovensku dnes musia zvl\u00e1da\u0165 tri \u00fav\u00e4zky \u2013 staraj\u00fa sa o deti, pracuj\u00fa a \u010dasto supluj\u00fa zlyh\u00e1vaj\u00faci \u0161t\u00e1t. Namiesto rie\u0161en\u00ed v\u0161ak dost\u00e1vaj\u00fa drah\u0161ie potraviny, hor\u0161ie slu\u017eby \u0161t\u00e1tu a politiku, ktor\u00e1 ich probl\u00e9my ignoruje. Karafi\u00e1t raz do roka tieto probl\u00e9my nevyrie\u0161i,\u201c<\/em>&nbsp;vysvetlila Podhor\u00e1ny Masarikov\u00e1.<\/p>\n\n\n\n<p><em>\u201eSlovensk\u00e9 \u017eeny nepotrebuj\u00fa pr\u00e1zdne gest\u00e1 ani marketing. Potrebuj\u00fa rie\u0161enia. Vl\u00e1da dnes stra\u0161\u00ed vojnami a prevratmi. \u017deny na Slovensku zatia\u013e rie\u0161ia ceny potrav\u00edn a dostupnos\u0165 lek\u00e1rov,\u201c<\/em>&nbsp;dodala.<\/p>\n\n\n\n<p>Pod\u013ea \u010dlenky predsedn\u00edctva Demokratov Doroty Nvotovej vl\u00e1da \u017een\u00e1m namiesto rie\u0161en\u00ed pon\u00faka len lacn\u00e9 symboly a politick\u00fd marketing.&nbsp;<em>\u201e\u010co ste, p\u00e1n Fico, urobili preto, aby sa \u017eeny na Slovensku mali lep\u0161ie? Lietate trysk\u00e1\u010dom po MD\u017d, rozpr\u00e1vate sexistick\u00e9 vtipy a na z\u00e1ver to zaklincujete karafi\u00e1tom zaplaten\u00fdm z na\u0161ich dan\u00ed. Ka\u017ed\u00fd rok je na Slovensku diagnostikovan\u00e1 rakovina prsn\u00edka pribli\u017ene 3 500 \u017een\u00e1m \u2013 vr\u00e1tane m\u0148a. Mamografia od 45 rokov ani karafi\u00e1t \u017een\u00e1m v boji so z\u00e1kernou chorobou nepom\u00f4\u017eu. Potrebujeme skuto\u010dn\u00fa podporu a funk\u010dn\u00fd zdravotn\u00edcky syst\u00e9m,\u201c&nbsp;<\/em>povedala Nvotov\u00e1.<\/p>\n\n\n\n<p><em>\u201eNa Slovensku s\u00fa tis\u00edce \u017eien, ktor\u00e9 ve\u010der \u010dakaj\u00fa doma na svojich mu\u017eov \u2013 policajtov, prokur\u00e1torov \u010di sudcov. Ich rodiny sa dnes pr\u00e1vom boja, \u010di sa v bezpe\u010d\u00ed vr\u00e1tia domov a \u010di sa im \u0161t\u00e1t, pre ktor\u00fd pracuj\u00fa, nebude msti\u0165 za ich poctiv\u00fa pr\u00e1cu,\u201c<\/em>&nbsp;prid\u00e1va sa krajsk\u00e1 predsedn\u00ed\u010dka Nat\u00e1lia Sv\u00edtkov\u00e1.&nbsp;<em>\u201eP\u00e1n premi\u00e9r, presta\u0148te n\u00e1s okr\u00e1da\u0165 o pokoj v na\u0161ich rodin\u00e1ch a na\u0161u bud\u00facnos\u0165,\u201c<\/em>&nbsp;dodala Nat\u00e1lia Sv\u00edtkov\u00e1, ktor\u00e1 je z\u00e1rove\u0148 man\u017eelka policajta zo skupiny tzv. \u010curillovcov.<\/p>\n\n\n\n<p>Kandid\u00e1tka Demokratov na prim\u00e1torku Trnava \u013dubica Horv\u00e1thov\u00e1 pri tejto pr\u00edle\u017eitosti vyzvala \u017eeny, aby sa viac zap\u00e1jali do politiky a verejn\u00e9ho \u017eivota.&nbsp;<em>\u201eAk chceme, aby sa veci na Slovensku menili, \u017eeny musia by\u0165 pri rozhodovan\u00ed. Politika potrebuje viac \u017eien, ktor\u00e9 bud\u00fa presadzova\u0165 rie\u0161enia pre rodiny, bezpe\u010dnos\u0165 aj d\u00f4stojn\u00fd \u017eivot,\u201c<\/em>&nbsp;zd\u00f4raznila Horv\u00e1thov\u00e1.<\/p>\n\n\n\n<p>Pod\u013ea \u010dleniek Demokratov sa re\u0161pekt k \u017een\u00e1m neprejavuje kyticou raz do roka, ale konkr\u00e9tnymi rozhodnutiami vl\u00e1dy, ktor\u00e9 zlep\u0161uj\u00fa \u017eivot \u017eien, matiek a rod\u00edn na Slovensku.<\/p>\n\n\n\n<p>\u010clenky Demokratov vracaj\u00fa Ficovi karafi\u00e1ty: \u017deny nepotrebuj\u00fa kvety, ale re\u0161pekt a rie\u0161enia.<\/p>\n\n\n\n<figure class=\"wp-block-embed is-type-video is-provider-youtube wp-block-embed-youtube wp-embed-aspect-16-9 wp-has-aspect-ratio\"><div class=\"wp-block-embed__wrapper\">\n<iframe title=\"Live: P\u00e1n premi\u00e9r, nechceme va\u0161e karafi\u00e1ty! My V\u00e1\u0161 \u017eiadame o slu\u0161n\u00fa funguj\u00facu krajinu!\" width=\"500\" height=\"281\" src=\"https:\/\/www.youtube.com\/embed\/1lC1YB3Yt8A?feature=oembed\" frameborder=\"0\" allow=\"accelerometer; autoplay; clipboard-write; encrypted-media; gyroscope; picture-in-picture; web-share\" referrerpolicy=\"strict-origin-when-cross-origin\" allowfullscreen><\/iframe>\n<\/div><\/figure>\n","protected":false},"excerpt":{"rendered":"<p>\u010clenky strany Demokrati dnes symbolicky vr\u00e1tila karafi\u00e1ty pred \u00darad vl\u00e1dy SR ako reakciu na oslavy Medzin\u00e1rodn\u00e9ho d\u0148a \u017eien zo strany vl\u00e1dy. Predstavite\u013eky strany upozornili, \u017ee slovensk\u00e9 \u017eeny nepotrebuj\u00fa pr\u00e1zdne gest\u00e1 s karafi\u00e1tmi, ale slu\u0161n\u00fa vl\u00e1du. \u201eP\u00e1n Fico, nechceme va\u0161e karafi\u00e1ty, chceme slu\u0161n\u00fa vl\u00e1du,\u201c&nbsp;uviedla \u010dlenka predsedn\u00edctva Monika Podhor\u00e1ny Masarikov\u00e1, ktor\u00e1 polo\u017eila karafi\u00e1ty pred \u00darad vl\u00e1dy.&nbsp; \u201e\u017deny [&hellip;]<\/p>\n","protected":false},"author":13,"featured_media":8977,"comment_status":"closed","ping_status":"closed","sticky":false,"template":"","format":"standard","meta":{"_acf_changed":false,"ngg_post_thumbnail":0,"footnotes":""},"categories":[4],"tags":[],"class_list":["post-8976","post","type-post","status-publish","format-standard","has-post-thumbnail","hentry","category-tlacove-spravy"],"acf":[],"yoast_head":"<!-- This site is optimized with the Yoast SEO plugin v27.2 - https:\/\/yoast.com\/product\/yoast-seo-wordpress\/ -->\n<title>Demokrati vr\u00e1tili Ficove karafi\u00e1ty pred \u00farad vl\u00e1dy: nechceme kvety ale slu\u0161n\u00fa vl\u00e1du<\/title>\n<meta name=\"robots\" content=\"index, follow, max-snippet:-1, max-image-preview:large, max-video-preview:-1\" \/>\n<link rel=\"canonical\" href=\"https:\/\/www.smedemokrati.sk\/cs\/demokrati-vratili-ficove-karafiaty-pred-urad-vlady-nechceme-kvety-ale-slusnu-vladu\/\" \/>\n<meta property=\"og:locale\" content=\"cs_CZ\" \/>\n<meta property=\"og:locale:alternate\" content=\"en_US\" \/>\n<meta property=\"og:locale:alternate\" content=\"hu_HU\" \/>\n<meta property=\"og:locale:alternate\" content=\"sk_SK\" \/>\n<meta property=\"og:locale:alternate\" content=\"sv_SE\" \/>\n<meta property=\"og:type\" content=\"article\" \/>\n<meta property=\"og:title\" content=\"Demokrati vr\u00e1tili Ficove karafi\u00e1ty pred \u00farad vl\u00e1dy: nechceme kvety ale slu\u0161n\u00fa vl\u00e1du\" \/>\n<meta property=\"og:description\" content=\"\u010clenky strany Demokrati dnes symbolicky vr\u00e1tila karafi\u00e1ty pred \u00darad vl\u00e1dy SR ako reakciu na oslavy Medzin\u00e1rodn\u00e9ho d\u0148a \u017eien zo strany vl\u00e1dy. Predstavite\u013eky strany upozornili, \u017ee slovensk\u00e9 \u017eeny nepotrebuj\u00fa pr\u00e1zdne gest\u00e1 s karafi\u00e1tmi, ale slu\u0161n\u00fa vl\u00e1du. \u201eP\u00e1n Fico, nechceme va\u0161e karafi\u00e1ty, chceme slu\u0161n\u00fa vl\u00e1du,\u201c&nbsp;uviedla \u010dlenka predsedn\u00edctva Monika Podhor\u00e1ny Masarikov\u00e1, ktor\u00e1 polo\u017eila karafi\u00e1ty pred \u00darad vl\u00e1dy.&nbsp; \u201e\u017deny [&hellip;]\" \/>\n<meta property=\"og:url\" content=\"https:\/\/www.smedemokrati.sk\/cs\/demokrati-vratili-ficove-karafiaty-pred-urad-vlady-nechceme-kvety-ale-slusnu-vladu\/\" \/>\n<meta property=\"og:site_name\" content=\"Smedemokrati.sk\" \/>\n<meta property=\"article:publisher\" content=\"https:\/\/www.facebook.com\/smedemokrati2023\" \/>\n<meta property=\"article:published_time\" content=\"2026-03-08T11:45:50+00:00\" \/>\n<meta property=\"article:modified_time\" content=\"2026-03-08T11:45:51+00:00\" \/>\n<meta property=\"og:image\" content=\"https:\/\/www.smedemokrati.sk\/wp-content\/uploads\/2026\/03\/1lC1YB3Yt8A-SD-e1772970221258.jpg\" \/>\n\t<meta property=\"og:image:width\" content=\"639\" \/>\n\t<meta property=\"og:image:height\" content=\"364\" \/>\n\t<meta property=\"og:image:type\" content=\"image\/jpeg\" \/>\n<meta name=\"author\" content=\"miro.sopko\" \/>\n<meta name=\"twitter:card\" content=\"summary_large_image\" \/>\n<meta name=\"twitter:label1\" content=\"Napsal(a)\" \/>\n\t<meta name=\"twitter:data1\" content=\"miro.sopko\" \/>\n\t<meta name=\"twitter:label2\" content=\"Odhadovan\u00e1 doba \u010dten\u00ed\" \/>\n\t<meta name=\"twitter:data2\" content=\"3 minuty\" \/>\n<script type=\"application\/ld+json\" class=\"yoast-schema-graph\">{\"@context\":\"https:\/\/schema.org\",\"@graph\":[{\"@type\":\"Article\",\"@id\":\"https:\/\/www.smedemokrati.sk\/demokrati-vratili-ficove-karafiaty-pred-urad-vlady-nechceme-kvety-ale-slusnu-vladu\/#article\",\"isPartOf\":{\"@id\":\"https:\/\/www.smedemokrati.sk\/demokrati-vratili-ficove-karafiaty-pred-urad-vlady-nechceme-kvety-ale-slusnu-vladu\/\"},\"author\":{\"name\":\"miro.sopko\",\"@id\":\"https:\/\/www.smedemokrati.sk\/#\/schema\/person\/21f147c88d605aa7ded900e1e7c344ba\"},\"headline\":\"Demokrati vr\u00e1tili Ficove karafi\u00e1ty pred \u00farad vl\u00e1dy: nechceme kvety ale slu\u0161n\u00fa vl\u00e1du\",\"datePublished\":\"2026-03-08T11:45:50+00:00\",\"dateModified\":\"2026-03-08T11:45:51+00:00\",\"mainEntityOfPage\":{\"@id\":\"https:\/\/www.smedemokrati.sk\/demokrati-vratili-ficove-karafiaty-pred-urad-vlady-nechceme-kvety-ale-slusnu-vladu\/\"},\"wordCount\":524,\"publisher\":{\"@id\":\"https:\/\/www.smedemokrati.sk\/#organization\"},\"image\":{\"@id\":\"https:\/\/www.smedemokrati.sk\/demokrati-vratili-ficove-karafiaty-pred-urad-vlady-nechceme-kvety-ale-slusnu-vladu\/#primaryimage\"},\"thumbnailUrl\":\"https:\/\/www.smedemokrati.sk\/wp-content\/uploads\/2026\/03\/1lC1YB3Yt8A-SD-e1772970221258.jpg\",\"articleSection\":[\"Tla\u010dov\u00e9 spr\u00e1vy\"],\"inLanguage\":\"cs-CZ\"},{\"@type\":\"WebPage\",\"@id\":\"https:\/\/www.smedemokrati.sk\/demokrati-vratili-ficove-karafiaty-pred-urad-vlady-nechceme-kvety-ale-slusnu-vladu\/\",\"url\":\"https:\/\/www.smedemokrati.sk\/demokrati-vratili-ficove-karafiaty-pred-urad-vlady-nechceme-kvety-ale-slusnu-vladu\/\",\"name\":\"Demokrati vr\u00e1tili Ficove karafi\u00e1ty pred \u00farad vl\u00e1dy: nechceme kvety ale slu\u0161n\u00fa vl\u00e1du\",\"isPartOf\":{\"@id\":\"https:\/\/www.smedemokrati.sk\/#website\"},\"primaryImageOfPage\":{\"@id\":\"https:\/\/www.smedemokrati.sk\/demokrati-vratili-ficove-karafiaty-pred-urad-vlady-nechceme-kvety-ale-slusnu-vladu\/#primaryimage\"},\"image\":{\"@id\":\"https:\/\/www.smedemokrati.sk\/demokrati-vratili-ficove-karafiaty-pred-urad-vlady-nechceme-kvety-ale-slusnu-vladu\/#primaryimage\"},\"thumbnailUrl\":\"https:\/\/www.smedemokrati.sk\/wp-content\/uploads\/2026\/03\/1lC1YB3Yt8A-SD-e1772970221258.jpg\",\"datePublished\":\"2026-03-08T11:45:50+00:00\",\"dateModified\":\"2026-03-08T11:45:51+00:00\",\"breadcrumb\":{\"@id\":\"https:\/\/www.smedemokrati.sk\/demokrati-vratili-ficove-karafiaty-pred-urad-vlady-nechceme-kvety-ale-slusnu-vladu\/#breadcrumb\"},\"inLanguage\":\"cs-CZ\",\"potentialAction\":[{\"@type\":\"ReadAction\",\"target\":[\"https:\/\/www.smedemokrati.sk\/demokrati-vratili-ficove-karafiaty-pred-urad-vlady-nechceme-kvety-ale-slusnu-vladu\/\"]}]},{\"@type\":\"ImageObject\",\"inLanguage\":\"cs-CZ\",\"@id\":\"https:\/\/www.smedemokrati.sk\/demokrati-vratili-ficove-karafiaty-pred-urad-vlady-nechceme-kvety-ale-slusnu-vladu\/#primaryimage\",\"url\":\"https:\/\/www.smedemokrati.sk\/wp-content\/uploads\/2026\/03\/1lC1YB3Yt8A-SD-e1772970221258.jpg\",\"contentUrl\":\"https:\/\/www.smedemokrati.sk\/wp-content\/uploads\/2026\/03\/1lC1YB3Yt8A-SD-e1772970221258.jpg\",\"width\":639,\"height\":364},{\"@type\":\"BreadcrumbList\",\"@id\":\"https:\/\/www.smedemokrati.sk\/demokrati-vratili-ficove-karafiaty-pred-urad-vlady-nechceme-kvety-ale-slusnu-vladu\/#breadcrumb\",\"itemListElement\":[{\"@type\":\"ListItem\",\"position\":1,\"name\":\"Domovsk\u00e1 str\u00e1nka\",\"item\":\"https:\/\/www.smedemokrati.sk\/\"},{\"@type\":\"ListItem\",\"position\":2,\"name\":\"Demokrati vr\u00e1tili Ficove karafi\u00e1ty pred \u00farad vl\u00e1dy: nechceme kvety ale slu\u0161n\u00fa vl\u00e1du\"}]},{\"@type\":\"WebSite\",\"@id\":\"https:\/\/www.smedemokrati.sk\/#website\",\"url\":\"https:\/\/www.smedemokrati.sk\/\",\"name\":\"Smedemokrati.sk\",\"description\":\"Demokracia a slu\u0161nos\u0165 zv\u00ed\u0165az\u00ed\",\"publisher\":{\"@id\":\"https:\/\/www.smedemokrati.sk\/#organization\"},\"potentialAction\":[{\"@type\":\"SearchAction\",\"target\":{\"@type\":\"EntryPoint\",\"urlTemplate\":\"https:\/\/www.smedemokrati.sk\/?s={search_term_string}\"},\"query-input\":{\"@type\":\"PropertyValueSpecification\",\"valueRequired\":true,\"valueName\":\"search_term_string\"}}],\"inLanguage\":\"cs-CZ\"},{\"@type\":\"Organization\",\"@id\":\"https:\/\/www.smedemokrati.sk\/#organization\",\"name\":\"Smedemokrati.sk\",\"url\":\"https:\/\/www.smedemokrati.sk\/\",\"logo\":{\"@type\":\"ImageObject\",\"inLanguage\":\"cs-CZ\",\"@id\":\"https:\/\/www.smedemokrati.sk\/#\/schema\/logo\/image\/\",\"url\":\"https:\/\/www.smedemokrati.sk\/wp-content\/uploads\/2023\/04\/ff.002.jpeg\",\"contentUrl\":\"https:\/\/www.smedemokrati.sk\/wp-content\/uploads\/2023\/04\/ff.002.jpeg\",\"width\":640,\"height\":480,\"caption\":\"Smedemokrati.sk\"},\"image\":{\"@id\":\"https:\/\/www.smedemokrati.sk\/#\/schema\/logo\/image\/\"},\"sameAs\":[\"https:\/\/www.facebook.com\/smedemokrati2023\"]},{\"@type\":\"Person\",\"@id\":\"https:\/\/www.smedemokrati.sk\/#\/schema\/person\/21f147c88d605aa7ded900e1e7c344ba\",\"name\":\"miro.sopko\",\"image\":{\"@type\":\"ImageObject\",\"inLanguage\":\"cs-CZ\",\"@id\":\"https:\/\/secure.gravatar.com\/avatar\/267e4a36f704376c109afe3a78740c1f5dd8675a2180a908699e7863c9247606?s=96&d=mm&r=g\",\"url\":\"https:\/\/secure.gravatar.com\/avatar\/267e4a36f704376c109afe3a78740c1f5dd8675a2180a908699e7863c9247606?s=96&d=mm&r=g\",\"contentUrl\":\"https:\/\/secure.gravatar.com\/avatar\/267e4a36f704376c109afe3a78740c1f5dd8675a2180a908699e7863c9247606?s=96&d=mm&r=g\",\"caption\":\"miro.sopko\"},\"url\":\"https:\/\/www.smedemokrati.sk\/cs\/author\/miro-sopko\/\"}]}<\/script>\n<!-- \/ Yoast SEO plugin. -->","yoast_head_json":{"title":"Demokrati vr\u00e1tili Ficove karafi\u00e1ty pred \u00farad vl\u00e1dy: nechceme kvety ale slu\u0161n\u00fa vl\u00e1du","robots":{"index":"index","follow":"follow","max-snippet":"max-snippet:-1","max-image-preview":"max-image-preview:large","max-video-preview":"max-video-preview:-1"},"canonical":"https:\/\/www.smedemokrati.sk\/cs\/demokrati-vratili-ficove-karafiaty-pred-urad-vlady-nechceme-kvety-ale-slusnu-vladu\/","og_locale":"cs_CZ","og_type":"article","og_title":"[:sk]Demokrati vr\u00e1tili Ficove karafi\u00e1ty pred \u00farad vl\u00e1dy: nechceme kvety ale slu\u0161n\u00fa vl\u00e1du[:] - Smedemokrati.sk","og_description":"\u010clenky strany Demokrati dnes symbolicky vr\u00e1tila karafi\u00e1ty pred \u00darad vl\u00e1dy SR ako reakciu na oslavy Medzin\u00e1rodn\u00e9ho d\u0148a \u017eien zo strany vl\u00e1dy. Predstavite\u013eky strany upozornili, \u017ee slovensk\u00e9 \u017eeny nepotrebuj\u00fa pr\u00e1zdne gest\u00e1 s karafi\u00e1tmi, ale slu\u0161n\u00fa vl\u00e1du. \u201eP\u00e1n Fico, nechceme va\u0161e karafi\u00e1ty, chceme slu\u0161n\u00fa vl\u00e1du,\u201c&nbsp;uviedla \u010dlenka predsedn\u00edctva Monika Podhor\u00e1ny Masarikov\u00e1, ktor\u00e1 polo\u017eila karafi\u00e1ty pred \u00darad vl\u00e1dy.&nbsp; \u201e\u017deny [&hellip;]","og_url":"https:\/\/www.smedemokrati.sk\/cs\/demokrati-vratili-ficove-karafiaty-pred-urad-vlady-nechceme-kvety-ale-slusnu-vladu\/","og_site_name":"Smedemokrati.sk","article_publisher":"https:\/\/www.facebook.com\/smedemokrati2023","article_published_time":"2026-03-08T11:45:50+00:00","article_modified_time":"2026-03-08T11:45:51+00:00","og_image":[{"width":639,"height":364,"url":"https:\/\/www.smedemokrati.sk\/wp-content\/uploads\/2026\/03\/1lC1YB3Yt8A-SD-e1772970221258.jpg","type":"image\/jpeg"}],"author":"miro.sopko","twitter_card":"summary_large_image","twitter_misc":{"Napsal(a)":"miro.sopko","Odhadovan\u00e1 doba \u010dten\u00ed":"3 minuty"},"schema":{"@context":"https:\/\/schema.org","@graph":[{"@type":"Article","@id":"https:\/\/www.smedemokrati.sk\/demokrati-vratili-ficove-karafiaty-pred-urad-vlady-nechceme-kvety-ale-slusnu-vladu\/#article","isPartOf":{"@id":"https:\/\/www.smedemokrati.sk\/demokrati-vratili-ficove-karafiaty-pred-urad-vlady-nechceme-kvety-ale-slusnu-vladu\/"},"author":{"name":"miro.sopko","@id":"https:\/\/www.smedemokrati.sk\/#\/schema\/person\/21f147c88d605aa7ded900e1e7c344ba"},"headline":"Demokrati vr\u00e1tili Ficove karafi\u00e1ty pred \u00farad vl\u00e1dy: nechceme kvety ale slu\u0161n\u00fa vl\u00e1du","datePublished":"2026-03-08T11:45:50+00:00","dateModified":"2026-03-08T11:45:51+00:00","mainEntityOfPage":{"@id":"https:\/\/www.smedemokrati.sk\/demokrati-vratili-ficove-karafiaty-pred-urad-vlady-nechceme-kvety-ale-slusnu-vladu\/"},"wordCount":524,"publisher":{"@id":"https:\/\/www.smedemokrati.sk\/#organization"},"image":{"@id":"https:\/\/www.smedemokrati.sk\/demokrati-vratili-ficove-karafiaty-pred-urad-vlady-nechceme-kvety-ale-slusnu-vladu\/#primaryimage"},"thumbnailUrl":"https:\/\/www.smedemokrati.sk\/wp-content\/uploads\/2026\/03\/1lC1YB3Yt8A-SD-e1772970221258.jpg","articleSection":["Tla\u010dov\u00e9 spr\u00e1vy"],"inLanguage":"cs-CZ"},{"@type":"WebPage","@id":"https:\/\/www.smedemokrati.sk\/demokrati-vratili-ficove-karafiaty-pred-urad-vlady-nechceme-kvety-ale-slusnu-vladu\/","url":"https:\/\/www.smedemokrati.sk\/demokrati-vratili-ficove-karafiaty-pred-urad-vlady-nechceme-kvety-ale-slusnu-vladu\/","name":"Demokrati vr\u00e1tili Ficove karafi\u00e1ty pred \u00farad vl\u00e1dy: nechceme kvety ale slu\u0161n\u00fa vl\u00e1du","isPartOf":{"@id":"https:\/\/www.smedemokrati.sk\/#website"},"primaryImageOfPage":{"@id":"https:\/\/www.smedemokrati.sk\/demokrati-vratili-ficove-karafiaty-pred-urad-vlady-nechceme-kvety-ale-slusnu-vladu\/#primaryimage"},"image":{"@id":"https:\/\/www.smedemokrati.sk\/demokrati-vratili-ficove-karafiaty-pred-urad-vlady-nechceme-kvety-ale-slusnu-vladu\/#primaryimage"},"thumbnailUrl":"https:\/\/www.smedemokrati.sk\/wp-content\/uploads\/2026\/03\/1lC1YB3Yt8A-SD-e1772970221258.jpg","datePublished":"2026-03-08T11:45:50+00:00","dateModified":"2026-03-08T11:45:51+00:00","breadcrumb":{"@id":"https:\/\/www.smedemokrati.sk\/demokrati-vratili-ficove-karafiaty-pred-urad-vlady-nechceme-kvety-ale-slusnu-vladu\/#breadcrumb"},"inLanguage":"cs-CZ","potentialAction":[{"@type":"ReadAction","target":["https:\/\/www.smedemokrati.sk\/demokrati-vratili-ficove-karafiaty-pred-urad-vlady-nechceme-kvety-ale-slusnu-vladu\/"]}]},{"@type":"ImageObject","inLanguage":"cs-CZ","@id":"https:\/\/www.smedemokrati.sk\/demokrati-vratili-ficove-karafiaty-pred-urad-vlady-nechceme-kvety-ale-slusnu-vladu\/#primaryimage","url":"https:\/\/www.smedemokrati.sk\/wp-content\/uploads\/2026\/03\/1lC1YB3Yt8A-SD-e1772970221258.jpg","contentUrl":"https:\/\/www.smedemokrati.sk\/wp-content\/uploads\/2026\/03\/1lC1YB3Yt8A-SD-e1772970221258.jpg","width":639,"height":364},{"@type":"BreadcrumbList","@id":"https:\/\/www.smedemokrati.sk\/demokrati-vratili-ficove-karafiaty-pred-urad-vlady-nechceme-kvety-ale-slusnu-vladu\/#breadcrumb","itemListElement":[{"@type":"ListItem","position":1,"name":"Domovsk\u00e1 str\u00e1nka","item":"https:\/\/www.smedemokrati.sk\/"},{"@type":"ListItem","position":2,"name":"Demokrati vr\u00e1tili Ficove karafi\u00e1ty pred \u00farad vl\u00e1dy: nechceme kvety ale slu\u0161n\u00fa vl\u00e1du"}]},{"@type":"WebSite","@id":"https:\/\/www.smedemokrati.sk\/#website","url":"https:\/\/www.smedemokrati.sk\/","name":"Smedemokrati.sk","description":"Demokracia a slu\u0161nos\u0165 zv\u00ed\u0165az\u00ed","publisher":{"@id":"https:\/\/www.smedemokrati.sk\/#organization"},"potentialAction":[{"@type":"SearchAction","target":{"@type":"EntryPoint","urlTemplate":"https:\/\/www.smedemokrati.sk\/?s={search_term_string}"},"query-input":{"@type":"PropertyValueSpecification","valueRequired":true,"valueName":"search_term_string"}}],"inLanguage":"cs-CZ"},{"@type":"Organization","@id":"https:\/\/www.smedemokrati.sk\/#organization","name":"Smedemokrati.sk","url":"https:\/\/www.smedemokrati.sk\/","logo":{"@type":"ImageObject","inLanguage":"cs-CZ","@id":"https:\/\/www.smedemokrati.sk\/#\/schema\/logo\/image\/","url":"https:\/\/www.smedemokrati.sk\/wp-content\/uploads\/2023\/04\/ff.002.jpeg","contentUrl":"https:\/\/www.smedemokrati.sk\/wp-content\/uploads\/2023\/04\/ff.002.jpeg","width":640,"height":480,"caption":"Smedemokrati.sk"},"image":{"@id":"https:\/\/www.smedemokrati.sk\/#\/schema\/logo\/image\/"},"sameAs":["https:\/\/www.facebook.com\/smedemokrati2023"]},{"@type":"Person","@id":"https:\/\/www.smedemokrati.sk\/#\/schema\/person\/21f147c88d605aa7ded900e1e7c344ba","name":"miro.sopko","image":{"@type":"ImageObject","inLanguage":"cs-CZ","@id":"https:\/\/secure.gravatar.com\/avatar\/267e4a36f704376c109afe3a78740c1f5dd8675a2180a908699e7863c9247606?s=96&d=mm&r=g","url":"https:\/\/secure.gravatar.com\/avatar\/267e4a36f704376c109afe3a78740c1f5dd8675a2180a908699e7863c9247606?s=96&d=mm&r=g","contentUrl":"https:\/\/secure.gravatar.com\/avatar\/267e4a36f704376c109afe3a78740c1f5dd8675a2180a908699e7863c9247606?s=96&d=mm&r=g","caption":"miro.sopko"},"url":"https:\/\/www.smedemokrati.sk\/cs\/author\/miro-sopko\/"}]}},"_links":{"self":[{"href":"https:\/\/www.smedemokrati.sk\/cs\/wp-json\/wp\/v2\/posts\/8976","targetHints":{"allow":["GET"]}}],"collection":[{"href":"https:\/\/www.smedemokrati.sk\/cs\/wp-json\/wp\/v2\/posts"}],"about":[{"href":"https:\/\/www.smedemokrati.sk\/cs\/wp-json\/wp\/v2\/types\/post"}],"author":[{"embeddable":true,"href":"https:\/\/www.smedemokrati.sk\/cs\/wp-json\/wp\/v2\/users\/13"}],"replies":[{"embeddable":true,"href":"https:\/\/www.smedemokrati.sk\/cs\/wp-json\/wp\/v2\/comments?post=8976"}],"version-history":[{"count":1,"href":"https:\/\/www.smedemokrati.sk\/cs\/wp-json\/wp\/v2\/posts\/8976\/revisions"}],"predecessor-version":[{"id":8978,"href":"https:\/\/www.smedemokrati.sk\/cs\/wp-json\/wp\/v2\/posts\/8976\/revisions\/8978"}],"wp:featuredmedia":[{"embeddable":true,"href":"https:\/\/www.smedemokrati.sk\/cs\/wp-json\/wp\/v2\/media\/8977"}],"wp:attachment":[{"href":"https:\/\/www.smedemokrati.sk\/cs\/wp-json\/wp\/v2\/media?parent=8976"}],"wp:term":[{"taxonomy":"category","embeddable":true,"href":"https:\/\/www.smedemokrati.sk\/cs\/wp-json\/wp\/v2\/categories?post=8976"},{"taxonomy":"post_tag","embeddable":true,"href":"https:\/\/www.smedemokrati.sk\/cs\/wp-json\/wp\/v2\/tags?post=8976"}],"curies":[{"name":"wp","href":"https:\/\/api.w.org\/{rel}","templated":true}]}}