{"id":8956,"date":"2026-03-04T13:37:58","date_gmt":"2026-03-04T12:37:58","guid":{"rendered":"https:\/\/www.smedemokrati.sk\/?p=8956"},"modified":"2026-03-04T13:37:59","modified_gmt":"2026-03-04T12:37:59","slug":"vlada-hazarduje-s-energetickou-nezavislostou-slovenska","status":"publish","type":"post","link":"https:\/\/www.smedemokrati.sk\/cs\/vlada-hazarduje-s-energetickou-nezavislostou-slovenska\/","title":{"rendered":"Vl\u00e1da hazarduje s energetickou nez\u00e1vislos\u0165ou Slovenska"},"content":{"rendered":"<div id=\"fb-root\"><\/div>\n\n<p><strong>Slovensko m\u00e1 technick\u00e9 aj finan\u010dn\u00e9 mo\u017enosti, aby si posilnilo vlastn\u00fa energetick\u00fa nez\u00e1vislos\u0165 cez obnovite\u013en\u00e9 zdroje. Napriek tomu s\u00fa projekty pre dom\u00e1cnosti zablokovan\u00e9 a dlhodobo nefunk\u010dn\u00e9, pri\u010dom ka\u017ed\u00fdm d\u0148om, kedy vl\u00e1da nekon\u00e1, rast\u00fa n\u00e1klady Slov\u00e1kov na teplo a elektrinu.<\/strong><\/p>\n\n\n\n<p>\u201e<em>Zodpovedn\u00e1 vl\u00e1da podpor\u00ed svoju energetick\u00fa nez\u00e1vislos\u0165 a dod\u00e1vky cez obnovite\u013en\u00e9 zdroje. Tie nie s\u00fa z\u00e1visl\u00e9 od geopolitiky a z\u00e1rove\u0148 zni\u017euj\u00fa finan\u010dn\u00e9 za\u0165a\u017eenie rod\u00edn,<\/em>\u201c vyhl\u00e1sil enviroexpert a podpredseda Demokratov Michal Ki\u010da.<\/p>\n\n\n\n<p>\u201e<em>\u013dud\u00ed&nbsp;v Galante, Zvolene \u010di Novej Dubnici a \u010fal\u0161\u00edch mest\u00e1ch nemus\u00ed \u017eiaden konflikt v Perzskom z\u00e1live zauj\u00edma\u0165, pokia\u013e ide o ceny za teplo. Vykurovanie maj\u00fa toti\u017e zabezpe\u010den\u00e9 pr\u00e1ve cez obnovite\u013en\u00e9 zdroje energi\u00ed. Toto je pod\u013ea vl\u00e1dy \u201ccesta do pekla?,<\/em>\u201d p\u00fdta sa Ki\u010da.&nbsp;<\/p>\n\n\n\n<p>Pod\u013ea neho si m\u00f4\u017ee mno\u017estvo dom\u00e1cnosti v\u010faka obnovite\u013en\u00fdm zdrojom energie v\u00fdrazne zn\u00ed\u017ei\u0165 n\u00e1klady na vykurovanie \u010di ohrev vody. \u201e<em>Presne o tom je aj program Repower EU, ktor\u00fd premi\u00e9r Fico d\u00e9monizuje. Paradoxne, vl\u00e1da si podporu obnovite\u013en\u00fdch zdrojov zap\u00edsala aj do svojho programov\u00e9ho vyhl\u00e1senia. Taraba ich ozna\u010dil za cestu do pekla, \u010do je absol\u00fatne \u0161ialen\u00e9,<\/em>\u201c dodal Ki\u010da.<\/p>\n\n\n\n<p>Enviroexpert kritizoval aj \u00farad URSO a jeho \u0161\u00e9fa Holjen\u010d\u00edka: \u201e<em>Tam, kde sa d\u00e1, klad\u00fa obnovite\u013en\u00fdm zdrojom polen\u00e1 pod nohy. Vy\u017eadovali sme, aby vl\u00e1da rozh\u00fdbala projekt Zelen\u00e1 dom\u00e1cnostiam \u2013&nbsp; fotovoltika, sol\u00e1rne kolektory, tepeln\u00e9 \u010derpadl\u00e1. Prostriedky m\u00e1me, dopyt obrovsk\u00fd, mo\u017eno a\u017e 500 mil., len vl\u00e1da \u010dak\u00e1 neviem na \u010do.<\/em>\u201c<\/p>\n\n\n\n<p>Ki\u010da vyz\u00fdva vl\u00e1du:&nbsp;<strong>\u201e<em>Bezodkladne vy\u010dle\u0148te dostato\u010dn\u00e9 prostriedky na Zelen\u00fa dom\u00e1cnostiam z eurofondov, pri ktor\u00fdch n\u00e1m aj tak hroz\u00ed prepadnutie.&nbsp;<\/em><\/strong><em>Ka\u017ed\u00fdm d\u0148om, kedy t\u00e1to vl\u00e1da nekon\u00e1, si dom\u00e1cnosti musia navy\u0161ova\u0165 rozpo\u010dty na elektrinu a teplo<\/em>.\u201c<\/p>\n\n\n\n<p>Kriticky sa vyjadril aj k ministrovi Tarabovi: \u201e<em>Od n\u00e1stupu do funkcie vie, \u017ee Projekt Obnov dom zameran\u00fd na zvy\u0161ovanie energetickej efekt\u00edvnosti rodinn\u00fdch domov, je naviazan\u00fd na pl\u00e1n obnovy a kon\u010d\u00ed v tomto roku. Taraba je vo funkcii u\u017e 2,5 roka a dom\u00e1cnosti st\u00e1le nemaj\u00fa napriek na\u0161im v\u00fdzvam istotu, ako bude projekt pokra\u010dova\u0165. Ani dnes toti\u017e nebol na vl\u00e1de schv\u00e1len\u00fd n\u00e1vrh z\u00e1kona, ktor\u00fd by umo\u017enil jeho pokra\u010dovanie a financovanie z Moderniza\u010dn\u00e9ho fondu.\u201d<\/em><\/p>\n\n\n\n<p>\u201e<em>Toto je priame ohrozenie strategick\u00fdch z\u00e1ujmov Slovenska. Energetick\u00e1 bezpe\u010dnos\u0165 nie je na predaj ani na lacn\u00e9 politick\u00e9 body<\/em>,\u201c uzavrel Ki\u010da.<\/p>\n\n\n\n<figure class=\"wp-block-embed is-type-video is-provider-youtube wp-block-embed-youtube wp-embed-aspect-16-9 wp-has-aspect-ratio\"><div class=\"wp-block-embed__wrapper\">\n<iframe title=\"Live: Vojna na Ukrajine a v Perskom z\u00e1live: ako zabezpe\u010di\u0165 energetick\u00fa bezpe\u010dnos\u0165 Slovenska?\" width=\"500\" height=\"281\" src=\"https:\/\/www.youtube.com\/embed\/S-syFahGzlw?start=1584&#038;feature=oembed\" frameborder=\"0\" allow=\"accelerometer; autoplay; clipboard-write; encrypted-media; gyroscope; picture-in-picture; web-share\" referrerpolicy=\"strict-origin-when-cross-origin\" allowfullscreen><\/iframe>\n<\/div><\/figure>\n","protected":false},"excerpt":{"rendered":"<p>Slovensko m\u00e1 technick\u00e9 aj finan\u010dn\u00e9 mo\u017enosti, aby si posilnilo vlastn\u00fa energetick\u00fa nez\u00e1vislos\u0165 cez obnovite\u013en\u00e9 zdroje. Napriek tomu s\u00fa projekty pre dom\u00e1cnosti zablokovan\u00e9 a dlhodobo nefunk\u010dn\u00e9, pri\u010dom ka\u017ed\u00fdm d\u0148om, kedy vl\u00e1da nekon\u00e1, rast\u00fa n\u00e1klady Slov\u00e1kov na teplo a elektrinu. \u201eZodpovedn\u00e1 vl\u00e1da podpor\u00ed svoju energetick\u00fa nez\u00e1vislos\u0165 a dod\u00e1vky cez obnovite\u013en\u00e9 zdroje. Tie nie s\u00fa z\u00e1visl\u00e9 od geopolitiky [&hellip;]<\/p>\n","protected":false},"author":13,"featured_media":8957,"comment_status":"closed","ping_status":"closed","sticky":false,"template":"","format":"standard","meta":{"_acf_changed":false,"ngg_post_thumbnail":0,"footnotes":""},"categories":[4],"tags":[],"class_list":["post-8956","post","type-post","status-publish","format-standard","has-post-thumbnail","hentry","category-tlacove-spravy"],"acf":[],"yoast_head":"<!-- This site is optimized with the Yoast SEO plugin v27.2 - https:\/\/yoast.com\/product\/yoast-seo-wordpress\/ -->\n<title>Vl\u00e1da hazarduje s energetickou nez\u00e1vislos\u0165ou Slovenska<\/title>\n<meta name=\"robots\" content=\"index, follow, max-snippet:-1, max-image-preview:large, max-video-preview:-1\" \/>\n<link rel=\"canonical\" href=\"https:\/\/www.smedemokrati.sk\/cs\/vlada-hazarduje-s-energetickou-nezavislostou-slovenska\/\" \/>\n<meta property=\"og:locale\" content=\"cs_CZ\" \/>\n<meta property=\"og:locale:alternate\" content=\"en_US\" \/>\n<meta property=\"og:locale:alternate\" content=\"hu_HU\" \/>\n<meta property=\"og:locale:alternate\" content=\"sk_SK\" \/>\n<meta property=\"og:locale:alternate\" content=\"sv_SE\" \/>\n<meta property=\"og:type\" content=\"article\" \/>\n<meta property=\"og:title\" content=\"Vl\u00e1da hazarduje s energetickou nez\u00e1vislos\u0165ou Slovenska\" \/>\n<meta property=\"og:description\" content=\"Slovensko m\u00e1 technick\u00e9 aj finan\u010dn\u00e9 mo\u017enosti, aby si posilnilo vlastn\u00fa energetick\u00fa nez\u00e1vislos\u0165 cez obnovite\u013en\u00e9 zdroje. Napriek tomu s\u00fa projekty pre dom\u00e1cnosti zablokovan\u00e9 a dlhodobo nefunk\u010dn\u00e9, pri\u010dom ka\u017ed\u00fdm d\u0148om, kedy vl\u00e1da nekon\u00e1, rast\u00fa n\u00e1klady Slov\u00e1kov na teplo a elektrinu. \u201eZodpovedn\u00e1 vl\u00e1da podpor\u00ed svoju energetick\u00fa nez\u00e1vislos\u0165 a dod\u00e1vky cez obnovite\u013en\u00e9 zdroje. Tie nie s\u00fa z\u00e1visl\u00e9 od geopolitiky [&hellip;]\" \/>\n<meta property=\"og:url\" content=\"https:\/\/www.smedemokrati.sk\/cs\/vlada-hazarduje-s-energetickou-nezavislostou-slovenska\/\" \/>\n<meta property=\"og:site_name\" content=\"Smedemokrati.sk\" \/>\n<meta property=\"article:publisher\" content=\"https:\/\/www.facebook.com\/smedemokrati2023\" \/>\n<meta property=\"article:published_time\" content=\"2026-03-04T12:37:58+00:00\" \/>\n<meta property=\"article:modified_time\" content=\"2026-03-04T12:37:59+00:00\" \/>\n<meta property=\"og:image\" content=\"https:\/\/www.smedemokrati.sk\/wp-content\/uploads\/2026\/03\/energeticka-bezpecnost.jpg\" \/>\n\t<meta property=\"og:image:width\" content=\"1327\" \/>\n\t<meta property=\"og:image:height\" content=\"736\" \/>\n\t<meta property=\"og:image:type\" content=\"image\/jpeg\" \/>\n<meta name=\"author\" content=\"miro.sopko\" \/>\n<meta name=\"twitter:card\" content=\"summary_large_image\" \/>\n<meta name=\"twitter:label1\" content=\"Napsal(a)\" \/>\n\t<meta name=\"twitter:data1\" content=\"miro.sopko\" \/>\n\t<meta name=\"twitter:label2\" content=\"Odhadovan\u00e1 doba \u010dten\u00ed\" \/>\n\t<meta name=\"twitter:data2\" content=\"3 minuty\" \/>\n<script type=\"application\/ld+json\" class=\"yoast-schema-graph\">{\"@context\":\"https:\/\/schema.org\",\"@graph\":[{\"@type\":\"Article\",\"@id\":\"https:\/\/www.smedemokrati.sk\/vlada-hazarduje-s-energetickou-nezavislostou-slovenska\/#article\",\"isPartOf\":{\"@id\":\"https:\/\/www.smedemokrati.sk\/vlada-hazarduje-s-energetickou-nezavislostou-slovenska\/\"},\"author\":{\"name\":\"miro.sopko\",\"@id\":\"https:\/\/www.smedemokrati.sk\/#\/schema\/person\/21f147c88d605aa7ded900e1e7c344ba\"},\"headline\":\"Vl\u00e1da hazarduje s energetickou nez\u00e1vislos\u0165ou Slovenska\",\"datePublished\":\"2026-03-04T12:37:58+00:00\",\"dateModified\":\"2026-03-04T12:37:59+00:00\",\"mainEntityOfPage\":{\"@id\":\"https:\/\/www.smedemokrati.sk\/vlada-hazarduje-s-energetickou-nezavislostou-slovenska\/\"},\"wordCount\":470,\"publisher\":{\"@id\":\"https:\/\/www.smedemokrati.sk\/#organization\"},\"image\":{\"@id\":\"https:\/\/www.smedemokrati.sk\/vlada-hazarduje-s-energetickou-nezavislostou-slovenska\/#primaryimage\"},\"thumbnailUrl\":\"https:\/\/www.smedemokrati.sk\/wp-content\/uploads\/2026\/03\/energeticka-bezpecnost.jpg\",\"articleSection\":[\"Tla\u010dov\u00e9 spr\u00e1vy\"],\"inLanguage\":\"cs-CZ\"},{\"@type\":\"WebPage\",\"@id\":\"https:\/\/www.smedemokrati.sk\/vlada-hazarduje-s-energetickou-nezavislostou-slovenska\/\",\"url\":\"https:\/\/www.smedemokrati.sk\/vlada-hazarduje-s-energetickou-nezavislostou-slovenska\/\",\"name\":\"Vl\u00e1da hazarduje s energetickou nez\u00e1vislos\u0165ou Slovenska\",\"isPartOf\":{\"@id\":\"https:\/\/www.smedemokrati.sk\/#website\"},\"primaryImageOfPage\":{\"@id\":\"https:\/\/www.smedemokrati.sk\/vlada-hazarduje-s-energetickou-nezavislostou-slovenska\/#primaryimage\"},\"image\":{\"@id\":\"https:\/\/www.smedemokrati.sk\/vlada-hazarduje-s-energetickou-nezavislostou-slovenska\/#primaryimage\"},\"thumbnailUrl\":\"https:\/\/www.smedemokrati.sk\/wp-content\/uploads\/2026\/03\/energeticka-bezpecnost.jpg\",\"datePublished\":\"2026-03-04T12:37:58+00:00\",\"dateModified\":\"2026-03-04T12:37:59+00:00\",\"breadcrumb\":{\"@id\":\"https:\/\/www.smedemokrati.sk\/vlada-hazarduje-s-energetickou-nezavislostou-slovenska\/#breadcrumb\"},\"inLanguage\":\"cs-CZ\",\"potentialAction\":[{\"@type\":\"ReadAction\",\"target\":[\"https:\/\/www.smedemokrati.sk\/vlada-hazarduje-s-energetickou-nezavislostou-slovenska\/\"]}]},{\"@type\":\"ImageObject\",\"inLanguage\":\"cs-CZ\",\"@id\":\"https:\/\/www.smedemokrati.sk\/vlada-hazarduje-s-energetickou-nezavislostou-slovenska\/#primaryimage\",\"url\":\"https:\/\/www.smedemokrati.sk\/wp-content\/uploads\/2026\/03\/energeticka-bezpecnost.jpg\",\"contentUrl\":\"https:\/\/www.smedemokrati.sk\/wp-content\/uploads\/2026\/03\/energeticka-bezpecnost.jpg\",\"width\":1327,\"height\":736},{\"@type\":\"BreadcrumbList\",\"@id\":\"https:\/\/www.smedemokrati.sk\/vlada-hazarduje-s-energetickou-nezavislostou-slovenska\/#breadcrumb\",\"itemListElement\":[{\"@type\":\"ListItem\",\"position\":1,\"name\":\"Domovsk\u00e1 str\u00e1nka\",\"item\":\"https:\/\/www.smedemokrati.sk\/\"},{\"@type\":\"ListItem\",\"position\":2,\"name\":\"Vl\u00e1da hazarduje s energetickou nez\u00e1vislos\u0165ou Slovenska\"}]},{\"@type\":\"WebSite\",\"@id\":\"https:\/\/www.smedemokrati.sk\/#website\",\"url\":\"https:\/\/www.smedemokrati.sk\/\",\"name\":\"Smedemokrati.sk\",\"description\":\"Demokracia a slu\u0161nos\u0165 zv\u00ed\u0165az\u00ed\",\"publisher\":{\"@id\":\"https:\/\/www.smedemokrati.sk\/#organization\"},\"potentialAction\":[{\"@type\":\"SearchAction\",\"target\":{\"@type\":\"EntryPoint\",\"urlTemplate\":\"https:\/\/www.smedemokrati.sk\/?s={search_term_string}\"},\"query-input\":{\"@type\":\"PropertyValueSpecification\",\"valueRequired\":true,\"valueName\":\"search_term_string\"}}],\"inLanguage\":\"cs-CZ\"},{\"@type\":\"Organization\",\"@id\":\"https:\/\/www.smedemokrati.sk\/#organization\",\"name\":\"Smedemokrati.sk\",\"url\":\"https:\/\/www.smedemokrati.sk\/\",\"logo\":{\"@type\":\"ImageObject\",\"inLanguage\":\"cs-CZ\",\"@id\":\"https:\/\/www.smedemokrati.sk\/#\/schema\/logo\/image\/\",\"url\":\"https:\/\/www.smedemokrati.sk\/wp-content\/uploads\/2023\/04\/ff.002.jpeg\",\"contentUrl\":\"https:\/\/www.smedemokrati.sk\/wp-content\/uploads\/2023\/04\/ff.002.jpeg\",\"width\":640,\"height\":480,\"caption\":\"Smedemokrati.sk\"},\"image\":{\"@id\":\"https:\/\/www.smedemokrati.sk\/#\/schema\/logo\/image\/\"},\"sameAs\":[\"https:\/\/www.facebook.com\/smedemokrati2023\"]},{\"@type\":\"Person\",\"@id\":\"https:\/\/www.smedemokrati.sk\/#\/schema\/person\/21f147c88d605aa7ded900e1e7c344ba\",\"name\":\"miro.sopko\",\"image\":{\"@type\":\"ImageObject\",\"inLanguage\":\"cs-CZ\",\"@id\":\"https:\/\/secure.gravatar.com\/avatar\/267e4a36f704376c109afe3a78740c1f5dd8675a2180a908699e7863c9247606?s=96&d=mm&r=g\",\"url\":\"https:\/\/secure.gravatar.com\/avatar\/267e4a36f704376c109afe3a78740c1f5dd8675a2180a908699e7863c9247606?s=96&d=mm&r=g\",\"contentUrl\":\"https:\/\/secure.gravatar.com\/avatar\/267e4a36f704376c109afe3a78740c1f5dd8675a2180a908699e7863c9247606?s=96&d=mm&r=g\",\"caption\":\"miro.sopko\"},\"url\":\"https:\/\/www.smedemokrati.sk\/cs\/author\/miro-sopko\/\"}]}<\/script>\n<!-- \/ Yoast SEO plugin. -->","yoast_head_json":{"title":"Vl\u00e1da hazarduje s energetickou nez\u00e1vislos\u0165ou Slovenska","robots":{"index":"index","follow":"follow","max-snippet":"max-snippet:-1","max-image-preview":"max-image-preview:large","max-video-preview":"max-video-preview:-1"},"canonical":"https:\/\/www.smedemokrati.sk\/cs\/vlada-hazarduje-s-energetickou-nezavislostou-slovenska\/","og_locale":"cs_CZ","og_type":"article","og_title":"[:sk]Vl\u00e1da hazarduje s energetickou nez\u00e1vislos\u0165ou Slovenska[:] - Smedemokrati.sk","og_description":"Slovensko m\u00e1 technick\u00e9 aj finan\u010dn\u00e9 mo\u017enosti, aby si posilnilo vlastn\u00fa energetick\u00fa nez\u00e1vislos\u0165 cez obnovite\u013en\u00e9 zdroje. Napriek tomu s\u00fa projekty pre dom\u00e1cnosti zablokovan\u00e9 a dlhodobo nefunk\u010dn\u00e9, pri\u010dom ka\u017ed\u00fdm d\u0148om, kedy vl\u00e1da nekon\u00e1, rast\u00fa n\u00e1klady Slov\u00e1kov na teplo a elektrinu. \u201eZodpovedn\u00e1 vl\u00e1da podpor\u00ed svoju energetick\u00fa nez\u00e1vislos\u0165 a dod\u00e1vky cez obnovite\u013en\u00e9 zdroje. Tie nie s\u00fa z\u00e1visl\u00e9 od geopolitiky [&hellip;]","og_url":"https:\/\/www.smedemokrati.sk\/cs\/vlada-hazarduje-s-energetickou-nezavislostou-slovenska\/","og_site_name":"Smedemokrati.sk","article_publisher":"https:\/\/www.facebook.com\/smedemokrati2023","article_published_time":"2026-03-04T12:37:58+00:00","article_modified_time":"2026-03-04T12:37:59+00:00","og_image":[{"width":1327,"height":736,"url":"https:\/\/www.smedemokrati.sk\/wp-content\/uploads\/2026\/03\/energeticka-bezpecnost.jpg","type":"image\/jpeg"}],"author":"miro.sopko","twitter_card":"summary_large_image","twitter_misc":{"Napsal(a)":"miro.sopko","Odhadovan\u00e1 doba \u010dten\u00ed":"3 minuty"},"schema":{"@context":"https:\/\/schema.org","@graph":[{"@type":"Article","@id":"https:\/\/www.smedemokrati.sk\/vlada-hazarduje-s-energetickou-nezavislostou-slovenska\/#article","isPartOf":{"@id":"https:\/\/www.smedemokrati.sk\/vlada-hazarduje-s-energetickou-nezavislostou-slovenska\/"},"author":{"name":"miro.sopko","@id":"https:\/\/www.smedemokrati.sk\/#\/schema\/person\/21f147c88d605aa7ded900e1e7c344ba"},"headline":"Vl\u00e1da hazarduje s energetickou nez\u00e1vislos\u0165ou Slovenska","datePublished":"2026-03-04T12:37:58+00:00","dateModified":"2026-03-04T12:37:59+00:00","mainEntityOfPage":{"@id":"https:\/\/www.smedemokrati.sk\/vlada-hazarduje-s-energetickou-nezavislostou-slovenska\/"},"wordCount":470,"publisher":{"@id":"https:\/\/www.smedemokrati.sk\/#organization"},"image":{"@id":"https:\/\/www.smedemokrati.sk\/vlada-hazarduje-s-energetickou-nezavislostou-slovenska\/#primaryimage"},"thumbnailUrl":"https:\/\/www.smedemokrati.sk\/wp-content\/uploads\/2026\/03\/energeticka-bezpecnost.jpg","articleSection":["Tla\u010dov\u00e9 spr\u00e1vy"],"inLanguage":"cs-CZ"},{"@type":"WebPage","@id":"https:\/\/www.smedemokrati.sk\/vlada-hazarduje-s-energetickou-nezavislostou-slovenska\/","url":"https:\/\/www.smedemokrati.sk\/vlada-hazarduje-s-energetickou-nezavislostou-slovenska\/","name":"Vl\u00e1da hazarduje s energetickou nez\u00e1vislos\u0165ou Slovenska","isPartOf":{"@id":"https:\/\/www.smedemokrati.sk\/#website"},"primaryImageOfPage":{"@id":"https:\/\/www.smedemokrati.sk\/vlada-hazarduje-s-energetickou-nezavislostou-slovenska\/#primaryimage"},"image":{"@id":"https:\/\/www.smedemokrati.sk\/vlada-hazarduje-s-energetickou-nezavislostou-slovenska\/#primaryimage"},"thumbnailUrl":"https:\/\/www.smedemokrati.sk\/wp-content\/uploads\/2026\/03\/energeticka-bezpecnost.jpg","datePublished":"2026-03-04T12:37:58+00:00","dateModified":"2026-03-04T12:37:59+00:00","breadcrumb":{"@id":"https:\/\/www.smedemokrati.sk\/vlada-hazarduje-s-energetickou-nezavislostou-slovenska\/#breadcrumb"},"inLanguage":"cs-CZ","potentialAction":[{"@type":"ReadAction","target":["https:\/\/www.smedemokrati.sk\/vlada-hazarduje-s-energetickou-nezavislostou-slovenska\/"]}]},{"@type":"ImageObject","inLanguage":"cs-CZ","@id":"https:\/\/www.smedemokrati.sk\/vlada-hazarduje-s-energetickou-nezavislostou-slovenska\/#primaryimage","url":"https:\/\/www.smedemokrati.sk\/wp-content\/uploads\/2026\/03\/energeticka-bezpecnost.jpg","contentUrl":"https:\/\/www.smedemokrati.sk\/wp-content\/uploads\/2026\/03\/energeticka-bezpecnost.jpg","width":1327,"height":736},{"@type":"BreadcrumbList","@id":"https:\/\/www.smedemokrati.sk\/vlada-hazarduje-s-energetickou-nezavislostou-slovenska\/#breadcrumb","itemListElement":[{"@type":"ListItem","position":1,"name":"Domovsk\u00e1 str\u00e1nka","item":"https:\/\/www.smedemokrati.sk\/"},{"@type":"ListItem","position":2,"name":"Vl\u00e1da hazarduje s energetickou nez\u00e1vislos\u0165ou Slovenska"}]},{"@type":"WebSite","@id":"https:\/\/www.smedemokrati.sk\/#website","url":"https:\/\/www.smedemokrati.sk\/","name":"Smedemokrati.sk","description":"Demokracia a slu\u0161nos\u0165 zv\u00ed\u0165az\u00ed","publisher":{"@id":"https:\/\/www.smedemokrati.sk\/#organization"},"potentialAction":[{"@type":"SearchAction","target":{"@type":"EntryPoint","urlTemplate":"https:\/\/www.smedemokrati.sk\/?s={search_term_string}"},"query-input":{"@type":"PropertyValueSpecification","valueRequired":true,"valueName":"search_term_string"}}],"inLanguage":"cs-CZ"},{"@type":"Organization","@id":"https:\/\/www.smedemokrati.sk\/#organization","name":"Smedemokrati.sk","url":"https:\/\/www.smedemokrati.sk\/","logo":{"@type":"ImageObject","inLanguage":"cs-CZ","@id":"https:\/\/www.smedemokrati.sk\/#\/schema\/logo\/image\/","url":"https:\/\/www.smedemokrati.sk\/wp-content\/uploads\/2023\/04\/ff.002.jpeg","contentUrl":"https:\/\/www.smedemokrati.sk\/wp-content\/uploads\/2023\/04\/ff.002.jpeg","width":640,"height":480,"caption":"Smedemokrati.sk"},"image":{"@id":"https:\/\/www.smedemokrati.sk\/#\/schema\/logo\/image\/"},"sameAs":["https:\/\/www.facebook.com\/smedemokrati2023"]},{"@type":"Person","@id":"https:\/\/www.smedemokrati.sk\/#\/schema\/person\/21f147c88d605aa7ded900e1e7c344ba","name":"miro.sopko","image":{"@type":"ImageObject","inLanguage":"cs-CZ","@id":"https:\/\/secure.gravatar.com\/avatar\/267e4a36f704376c109afe3a78740c1f5dd8675a2180a908699e7863c9247606?s=96&d=mm&r=g","url":"https:\/\/secure.gravatar.com\/avatar\/267e4a36f704376c109afe3a78740c1f5dd8675a2180a908699e7863c9247606?s=96&d=mm&r=g","contentUrl":"https:\/\/secure.gravatar.com\/avatar\/267e4a36f704376c109afe3a78740c1f5dd8675a2180a908699e7863c9247606?s=96&d=mm&r=g","caption":"miro.sopko"},"url":"https:\/\/www.smedemokrati.sk\/cs\/author\/miro-sopko\/"}]}},"_links":{"self":[{"href":"https:\/\/www.smedemokrati.sk\/cs\/wp-json\/wp\/v2\/posts\/8956","targetHints":{"allow":["GET"]}}],"collection":[{"href":"https:\/\/www.smedemokrati.sk\/cs\/wp-json\/wp\/v2\/posts"}],"about":[{"href":"https:\/\/www.smedemokrati.sk\/cs\/wp-json\/wp\/v2\/types\/post"}],"author":[{"embeddable":true,"href":"https:\/\/www.smedemokrati.sk\/cs\/wp-json\/wp\/v2\/users\/13"}],"replies":[{"embeddable":true,"href":"https:\/\/www.smedemokrati.sk\/cs\/wp-json\/wp\/v2\/comments?post=8956"}],"version-history":[{"count":1,"href":"https:\/\/www.smedemokrati.sk\/cs\/wp-json\/wp\/v2\/posts\/8956\/revisions"}],"predecessor-version":[{"id":8958,"href":"https:\/\/www.smedemokrati.sk\/cs\/wp-json\/wp\/v2\/posts\/8956\/revisions\/8958"}],"wp:featuredmedia":[{"embeddable":true,"href":"https:\/\/www.smedemokrati.sk\/cs\/wp-json\/wp\/v2\/media\/8957"}],"wp:attachment":[{"href":"https:\/\/www.smedemokrati.sk\/cs\/wp-json\/wp\/v2\/media?parent=8956"}],"wp:term":[{"taxonomy":"category","embeddable":true,"href":"https:\/\/www.smedemokrati.sk\/cs\/wp-json\/wp\/v2\/categories?post=8956"},{"taxonomy":"post_tag","embeddable":true,"href":"https:\/\/www.smedemokrati.sk\/cs\/wp-json\/wp\/v2\/tags?post=8956"}],"curies":[{"name":"wp","href":"https:\/\/api.w.org\/{rel}","templated":true}]}}