{"id":8942,"date":"2026-03-03T12:07:28","date_gmt":"2026-03-03T11:07:28","guid":{"rendered":"https:\/\/www.smedemokrati.sk\/?p=8942"},"modified":"2026-03-03T12:07:28","modified_gmt":"2026-03-03T11:07:28","slug":"smer-urobi-aj-nemozne-aby-sa-kauza-ocistec-nepojednavala-zasah-na-curillovcov-bol-tupou-demonstraciou-sily","status":"publish","type":"post","link":"https:\/\/www.smedemokrati.sk\/cs\/smer-urobi-aj-nemozne-aby-sa-kauza-ocistec-nepojednavala-zasah-na-curillovcov-bol-tupou-demonstraciou-sily\/","title":{"rendered":"SMER urob\u00ed aj nemo\u017en\u00e9, aby sa kauza O\u010distec nepojedn\u00e1vala. Z\u00e1sah na \u010curillovcov bol tupou demon\u0161tr\u00e1ciou sily"},"content":{"rendered":"<div id=\"fb-root\"><\/div>\n\n<p><strong>Rann\u00e9 zadr\u017eanie vy\u0161etrovate\u013eov okolo J\u00e1na \u010curillu pova\u017euj\u00fa Demokrati za v\u00e1\u017eny z\u00e1sah do d\u00f4very v pr\u00e1vny \u0161t\u00e1t. Pod\u013ea nich ide o krok, ktor\u00fd prich\u00e1dza bezprostredne po verejn\u00fdch \u00fatokoch Roberta Fica na tzv. \u010curillovcov a vyvol\u00e1va z\u00e1sadn\u00e9 ot\u00e1zky o motive a na\u010dasovan\u00ed celej akcie.<\/strong><\/p>\n\n\n\n<p>Policajn\u00e1 in\u0161pekcia dnes r\u00e1no zadr\u017eala viacer\u00fdch b\u00fdval\u00fdch pr\u00edslu\u0161n\u00edkov NAKA \u2013 vy\u0161etrovate\u013eov, ktor\u00ed sa podie\u013eali na odha\u013eovan\u00ed najz\u00e1va\u017enej\u0161\u00edch korup\u010dn\u00fdch k\u00e1uz posledn\u00fdch rokov vr\u00e1tane kauzy O\u010distec.<\/p>\n\n\n\n<p>Podpredseda Demokratov Juraj \u0160eliga ozna\u010dil z\u00e1sah za politicky motivovan\u00fd:<br><em>\u201eIde o politick\u00fa pomstu, na ktor\u00fa si v nede\u013eu na tla\u010dovej konferencii pripravoval p\u00f4du Robert Fico. Zadr\u017eanie pri\u0161lo dva dni po tom, \u010do na nich verejne \u00fato\u010dil. Poviem to ironicky: bu\u010f o tom premi\u00e9r vedel, alebo o tom vedel.\u201c<\/em><\/p>\n\n\n\n<p>Pod\u013ea \u0160eligu zadr\u017ean\u00ed vy\u0161etrovatelia dlhodobo deklaruj\u00fa pripravenos\u0165 spolupracova\u0165 s org\u00e1nmi \u010dinn\u00fdmi v trestnom konan\u00ed.&nbsp;<em>\u201eAk nemaj\u00fa probl\u00e9m spolupracova\u0165, pre\u010do bolo potrebn\u00e9 realizova\u0165 ozbrojen\u00fd z\u00e1sah v bl\u00edzkosti \u0161k\u00f4lky? Pre\u010do bolo nevyhnutn\u00e9 demon\u0161trova\u0165 silu sp\u00f4sobom, ktor\u00fd p\u00f4sob\u00ed zastra\u0161uj\u00faco? Toto nepova\u017eujeme za \u0161tandardn\u00fd procesn\u00fd postup, ale za demon\u0161trat\u00edvne silov\u00e9 gesto,\u201c<\/em>&nbsp;uviedol.<\/p>\n\n\n\n<p>\u0160eliga z\u00e1rove\u0148 pripomenul, \u017ee predstavitelia SMER-u v minulosti kritizovali z\u00e1sahy ozbrojen\u00fdch zlo\u017eiek vo\u010di svojim nominantom.&nbsp;<em>\u201eDnes v\u0161ak sledujeme obdobn\u00fd postup vo\u010di policajtom, ktor\u00ed vy\u0161etrovali citliv\u00e9 kauzy. Tak\u00fdto dvojit\u00fd meter je neprijate\u013en\u00fd.\u201c<\/em><\/p>\n\n\n\n<p>Demokrati o\u010dak\u00e1vaj\u00fa, \u017ee org\u00e1ny \u010dinn\u00e9 v trestnom konan\u00ed bud\u00fa postupova\u0165 z\u00e1konne, transparentne a bez prie\u0165ahov.&nbsp;<em>\u201eM\u00e1me d\u00f4vodn\u00e9 obavy, \u017ee cie\u013eom je oslabi\u0165 a spochybni\u0165 kauzu O\u010distec. SMER urob\u00ed v\u0161etko pre to, aby sa t\u00e1to kauza nikdy nedostala pred s\u00fad. Teraz bude zrejme snaha vymeni\u0165 prokur\u00e1tora v kauze O\u010distec a tak op\u00e4\u0165 oddiali\u0165 pojedn\u00e1vanie s Ga\u0161parom. \u201c povedal \u0160eliga.<\/em><\/p>\n\n\n\n<p>Kauza O\u010distec pod\u013ea jeho slov odkryla mechanizmy fungovania organizovan\u00fdch v\u00e4zieb v bezpe\u010dnostn\u00fdch zlo\u017ek\u00e1ch \u0161t\u00e1tu, pri\u010dom medzi ob\u017ealovan\u00fdmi figuruj\u00fa aj Tibor Ga\u0161par a Norbert B\u00f6d\u00f6r.&nbsp;<em>\u201eOpakovan\u00e9 z\u00e1sahy do Trestn\u00e9ho z\u00e1kona vn\u00edmame v tomto kontexte ako snahu o beztrestnos\u0165 Ga\u0161para. Hrub\u00e9 z\u00e1sahy do trestnej politiky, vyhr\u00e1\u017eky a zastra\u0161ovanie, demon\u0161tr\u00e1cia sily a snaha spochybni\u0165 postavenie org\u00e1nov, ktor\u00e9 tieto pr\u00edpady vy\u0161etrovali. Dne\u0161n\u00e9 udalosti preto nemo\u017eno vn\u00edma\u0165 izolovane, ale ako cielen\u00fa politiku \u0161t\u00e1tu, ktor\u00e1 sa mst\u00ed,\u201c<\/em>&nbsp;doplnil.<\/p>\n\n\n\n<p>Demokrati bud\u00fa \u017eiada\u0165 jasn\u00e9 a presved\u010div\u00e9 vysvetlenie dne\u0161n\u00e9ho postupu a odmietaj\u00fa, aby sa pol\u00edcia \u010di in\u0161pekcia stali n\u00e1strojom politick\u00e9ho boja. Pod\u013ea nich mus\u00ed zosta\u0165 prioritou ochrana z\u00e1konnosti a d\u00f4very verejnosti v spravodlivos\u0165.<\/p>\n\n\n\n<figure class=\"wp-block-embed is-type-video is-provider-youtube wp-block-embed-youtube wp-embed-aspect-16-9 wp-has-aspect-ratio\"><div class=\"wp-block-embed__wrapper\">\n<iframe title=\"Live: 1. Vyjadrenie k zadr\u017eaniu \u010curillovcov + 2, Pozn\u00e1me cenovku za ni\u010denie n\u00e1rodn\u00fdch parkov\" width=\"500\" height=\"281\" src=\"https:\/\/www.youtube.com\/embed\/vRgeuiJKSjA?feature=oembed\" frameborder=\"0\" allow=\"accelerometer; autoplay; clipboard-write; encrypted-media; gyroscope; picture-in-picture; web-share\" referrerpolicy=\"strict-origin-when-cross-origin\" allowfullscreen><\/iframe>\n<\/div><\/figure>\n","protected":false},"excerpt":{"rendered":"<p>Rann\u00e9 zadr\u017eanie vy\u0161etrovate\u013eov okolo J\u00e1na \u010curillu pova\u017euj\u00fa Demokrati za v\u00e1\u017eny z\u00e1sah do d\u00f4very v pr\u00e1vny \u0161t\u00e1t. Pod\u013ea nich ide o krok, ktor\u00fd prich\u00e1dza bezprostredne po verejn\u00fdch \u00fatokoch Roberta Fica na tzv. \u010curillovcov a vyvol\u00e1va z\u00e1sadn\u00e9 ot\u00e1zky o motive a na\u010dasovan\u00ed celej akcie. Policajn\u00e1 in\u0161pekcia dnes r\u00e1no zadr\u017eala viacer\u00fdch b\u00fdval\u00fdch pr\u00edslu\u0161n\u00edkov NAKA \u2013 vy\u0161etrovate\u013eov, ktor\u00ed sa [&hellip;]<\/p>\n","protected":false},"author":13,"featured_media":8943,"comment_status":"closed","ping_status":"closed","sticky":false,"template":"","format":"standard","meta":{"_acf_changed":false,"ngg_post_thumbnail":0,"footnotes":""},"categories":[4],"tags":[],"class_list":["post-8942","post","type-post","status-publish","format-standard","has-post-thumbnail","hentry","category-tlacove-spravy"],"acf":[],"yoast_head":"<!-- This site is optimized with the Yoast SEO plugin v27.2 - https:\/\/yoast.com\/product\/yoast-seo-wordpress\/ -->\n<title>SMER urob\u00ed aj nemo\u017en\u00e9, aby sa kauza O\u010distec nepojedn\u00e1vala. Z\u00e1sah na \u010curillovcov bol tupou demon\u0161tr\u00e1ciou sily<\/title>\n<meta name=\"robots\" content=\"index, follow, max-snippet:-1, max-image-preview:large, max-video-preview:-1\" \/>\n<link rel=\"canonical\" href=\"https:\/\/www.smedemokrati.sk\/cs\/smer-urobi-aj-nemozne-aby-sa-kauza-ocistec-nepojednavala-zasah-na-curillovcov-bol-tupou-demonstraciou-sily\/\" \/>\n<meta property=\"og:locale\" content=\"cs_CZ\" \/>\n<meta property=\"og:locale:alternate\" content=\"en_US\" \/>\n<meta property=\"og:locale:alternate\" content=\"hu_HU\" \/>\n<meta property=\"og:locale:alternate\" content=\"sk_SK\" \/>\n<meta property=\"og:locale:alternate\" content=\"sv_SE\" \/>\n<meta property=\"og:type\" content=\"article\" \/>\n<meta property=\"og:title\" content=\"SMER urob\u00ed aj nemo\u017en\u00e9, aby sa kauza O\u010distec nepojedn\u00e1vala. Z\u00e1sah na \u010curillovcov bol tupou demon\u0161tr\u00e1ciou sily\" \/>\n<meta property=\"og:description\" content=\"Rann\u00e9 zadr\u017eanie vy\u0161etrovate\u013eov okolo J\u00e1na \u010curillu pova\u017euj\u00fa Demokrati za v\u00e1\u017eny z\u00e1sah do d\u00f4very v pr\u00e1vny \u0161t\u00e1t. Pod\u013ea nich ide o krok, ktor\u00fd prich\u00e1dza bezprostredne po verejn\u00fdch \u00fatokoch Roberta Fica na tzv. \u010curillovcov a vyvol\u00e1va z\u00e1sadn\u00e9 ot\u00e1zky o motive a na\u010dasovan\u00ed celej akcie. Policajn\u00e1 in\u0161pekcia dnes r\u00e1no zadr\u017eala viacer\u00fdch b\u00fdval\u00fdch pr\u00edslu\u0161n\u00edkov NAKA \u2013 vy\u0161etrovate\u013eov, ktor\u00ed sa [&hellip;]\" \/>\n<meta property=\"og:url\" content=\"https:\/\/www.smedemokrati.sk\/cs\/smer-urobi-aj-nemozne-aby-sa-kauza-ocistec-nepojednavala-zasah-na-curillovcov-bol-tupou-demonstraciou-sily\/\" \/>\n<meta property=\"og:site_name\" content=\"Smedemokrati.sk\" \/>\n<meta property=\"article:publisher\" content=\"https:\/\/www.facebook.com\/smedemokrati2023\" \/>\n<meta property=\"article:published_time\" content=\"2026-03-03T11:07:28+00:00\" \/>\n<meta property=\"og:image\" content=\"https:\/\/www.smedemokrati.sk\/wp-content\/uploads\/2026\/03\/k_curilovcom.jpg\" \/>\n\t<meta property=\"og:image:width\" content=\"1280\" \/>\n\t<meta property=\"og:image:height\" content=\"720\" \/>\n\t<meta property=\"og:image:type\" content=\"image\/jpeg\" \/>\n<meta name=\"author\" content=\"miro.sopko\" \/>\n<meta name=\"twitter:card\" content=\"summary_large_image\" \/>\n<meta name=\"twitter:label1\" content=\"Napsal(a)\" \/>\n\t<meta name=\"twitter:data1\" content=\"miro.sopko\" \/>\n\t<meta name=\"twitter:label2\" content=\"Odhadovan\u00e1 doba \u010dten\u00ed\" \/>\n\t<meta name=\"twitter:data2\" content=\"3 minuty\" \/>\n<script type=\"application\/ld+json\" class=\"yoast-schema-graph\">{\"@context\":\"https:\/\/schema.org\",\"@graph\":[{\"@type\":\"Article\",\"@id\":\"https:\/\/www.smedemokrati.sk\/smer-urobi-aj-nemozne-aby-sa-kauza-ocistec-nepojednavala-zasah-na-curillovcov-bol-tupou-demonstraciou-sily\/#article\",\"isPartOf\":{\"@id\":\"https:\/\/www.smedemokrati.sk\/smer-urobi-aj-nemozne-aby-sa-kauza-ocistec-nepojednavala-zasah-na-curillovcov-bol-tupou-demonstraciou-sily\/\"},\"author\":{\"name\":\"miro.sopko\",\"@id\":\"https:\/\/www.smedemokrati.sk\/#\/schema\/person\/21f147c88d605aa7ded900e1e7c344ba\"},\"headline\":\"SMER urob\u00ed aj nemo\u017en\u00e9, aby sa kauza O\u010distec nepojedn\u00e1vala. Z\u00e1sah na \u010curillovcov bol tupou demon\u0161tr\u00e1ciou sily\",\"datePublished\":\"2026-03-03T11:07:28+00:00\",\"mainEntityOfPage\":{\"@id\":\"https:\/\/www.smedemokrati.sk\/smer-urobi-aj-nemozne-aby-sa-kauza-ocistec-nepojednavala-zasah-na-curillovcov-bol-tupou-demonstraciou-sily\/\"},\"wordCount\":525,\"publisher\":{\"@id\":\"https:\/\/www.smedemokrati.sk\/#organization\"},\"image\":{\"@id\":\"https:\/\/www.smedemokrati.sk\/smer-urobi-aj-nemozne-aby-sa-kauza-ocistec-nepojednavala-zasah-na-curillovcov-bol-tupou-demonstraciou-sily\/#primaryimage\"},\"thumbnailUrl\":\"https:\/\/www.smedemokrati.sk\/wp-content\/uploads\/2026\/03\/k_curilovcom.jpg\",\"articleSection\":[\"Tla\u010dov\u00e9 spr\u00e1vy\"],\"inLanguage\":\"cs-CZ\"},{\"@type\":\"WebPage\",\"@id\":\"https:\/\/www.smedemokrati.sk\/smer-urobi-aj-nemozne-aby-sa-kauza-ocistec-nepojednavala-zasah-na-curillovcov-bol-tupou-demonstraciou-sily\/\",\"url\":\"https:\/\/www.smedemokrati.sk\/smer-urobi-aj-nemozne-aby-sa-kauza-ocistec-nepojednavala-zasah-na-curillovcov-bol-tupou-demonstraciou-sily\/\",\"name\":\"SMER urob\u00ed aj nemo\u017en\u00e9, aby sa kauza O\u010distec nepojedn\u00e1vala. Z\u00e1sah na \u010curillovcov bol tupou demon\u0161tr\u00e1ciou sily\",\"isPartOf\":{\"@id\":\"https:\/\/www.smedemokrati.sk\/#website\"},\"primaryImageOfPage\":{\"@id\":\"https:\/\/www.smedemokrati.sk\/smer-urobi-aj-nemozne-aby-sa-kauza-ocistec-nepojednavala-zasah-na-curillovcov-bol-tupou-demonstraciou-sily\/#primaryimage\"},\"image\":{\"@id\":\"https:\/\/www.smedemokrati.sk\/smer-urobi-aj-nemozne-aby-sa-kauza-ocistec-nepojednavala-zasah-na-curillovcov-bol-tupou-demonstraciou-sily\/#primaryimage\"},\"thumbnailUrl\":\"https:\/\/www.smedemokrati.sk\/wp-content\/uploads\/2026\/03\/k_curilovcom.jpg\",\"datePublished\":\"2026-03-03T11:07:28+00:00\",\"breadcrumb\":{\"@id\":\"https:\/\/www.smedemokrati.sk\/smer-urobi-aj-nemozne-aby-sa-kauza-ocistec-nepojednavala-zasah-na-curillovcov-bol-tupou-demonstraciou-sily\/#breadcrumb\"},\"inLanguage\":\"cs-CZ\",\"potentialAction\":[{\"@type\":\"ReadAction\",\"target\":[\"https:\/\/www.smedemokrati.sk\/smer-urobi-aj-nemozne-aby-sa-kauza-ocistec-nepojednavala-zasah-na-curillovcov-bol-tupou-demonstraciou-sily\/\"]}]},{\"@type\":\"ImageObject\",\"inLanguage\":\"cs-CZ\",\"@id\":\"https:\/\/www.smedemokrati.sk\/smer-urobi-aj-nemozne-aby-sa-kauza-ocistec-nepojednavala-zasah-na-curillovcov-bol-tupou-demonstraciou-sily\/#primaryimage\",\"url\":\"https:\/\/www.smedemokrati.sk\/wp-content\/uploads\/2026\/03\/k_curilovcom.jpg\",\"contentUrl\":\"https:\/\/www.smedemokrati.sk\/wp-content\/uploads\/2026\/03\/k_curilovcom.jpg\",\"width\":1280,\"height\":720},{\"@type\":\"BreadcrumbList\",\"@id\":\"https:\/\/www.smedemokrati.sk\/smer-urobi-aj-nemozne-aby-sa-kauza-ocistec-nepojednavala-zasah-na-curillovcov-bol-tupou-demonstraciou-sily\/#breadcrumb\",\"itemListElement\":[{\"@type\":\"ListItem\",\"position\":1,\"name\":\"Domovsk\u00e1 str\u00e1nka\",\"item\":\"https:\/\/www.smedemokrati.sk\/\"},{\"@type\":\"ListItem\",\"position\":2,\"name\":\"SMER urob\u00ed aj nemo\u017en\u00e9, aby sa kauza O\u010distec nepojedn\u00e1vala. Z\u00e1sah na \u010curillovcov bol tupou demon\u0161tr\u00e1ciou sily\"}]},{\"@type\":\"WebSite\",\"@id\":\"https:\/\/www.smedemokrati.sk\/#website\",\"url\":\"https:\/\/www.smedemokrati.sk\/\",\"name\":\"Smedemokrati.sk\",\"description\":\"Demokracia a slu\u0161nos\u0165 zv\u00ed\u0165az\u00ed\",\"publisher\":{\"@id\":\"https:\/\/www.smedemokrati.sk\/#organization\"},\"potentialAction\":[{\"@type\":\"SearchAction\",\"target\":{\"@type\":\"EntryPoint\",\"urlTemplate\":\"https:\/\/www.smedemokrati.sk\/?s={search_term_string}\"},\"query-input\":{\"@type\":\"PropertyValueSpecification\",\"valueRequired\":true,\"valueName\":\"search_term_string\"}}],\"inLanguage\":\"cs-CZ\"},{\"@type\":\"Organization\",\"@id\":\"https:\/\/www.smedemokrati.sk\/#organization\",\"name\":\"Smedemokrati.sk\",\"url\":\"https:\/\/www.smedemokrati.sk\/\",\"logo\":{\"@type\":\"ImageObject\",\"inLanguage\":\"cs-CZ\",\"@id\":\"https:\/\/www.smedemokrati.sk\/#\/schema\/logo\/image\/\",\"url\":\"https:\/\/www.smedemokrati.sk\/wp-content\/uploads\/2023\/04\/ff.002.jpeg\",\"contentUrl\":\"https:\/\/www.smedemokrati.sk\/wp-content\/uploads\/2023\/04\/ff.002.jpeg\",\"width\":640,\"height\":480,\"caption\":\"Smedemokrati.sk\"},\"image\":{\"@id\":\"https:\/\/www.smedemokrati.sk\/#\/schema\/logo\/image\/\"},\"sameAs\":[\"https:\/\/www.facebook.com\/smedemokrati2023\"]},{\"@type\":\"Person\",\"@id\":\"https:\/\/www.smedemokrati.sk\/#\/schema\/person\/21f147c88d605aa7ded900e1e7c344ba\",\"name\":\"miro.sopko\",\"image\":{\"@type\":\"ImageObject\",\"inLanguage\":\"cs-CZ\",\"@id\":\"https:\/\/secure.gravatar.com\/avatar\/267e4a36f704376c109afe3a78740c1f5dd8675a2180a908699e7863c9247606?s=96&d=mm&r=g\",\"url\":\"https:\/\/secure.gravatar.com\/avatar\/267e4a36f704376c109afe3a78740c1f5dd8675a2180a908699e7863c9247606?s=96&d=mm&r=g\",\"contentUrl\":\"https:\/\/secure.gravatar.com\/avatar\/267e4a36f704376c109afe3a78740c1f5dd8675a2180a908699e7863c9247606?s=96&d=mm&r=g\",\"caption\":\"miro.sopko\"},\"url\":\"https:\/\/www.smedemokrati.sk\/cs\/author\/miro-sopko\/\"}]}<\/script>\n<!-- \/ Yoast SEO plugin. -->","yoast_head_json":{"title":"SMER urob\u00ed aj nemo\u017en\u00e9, aby sa kauza O\u010distec nepojedn\u00e1vala. Z\u00e1sah na \u010curillovcov bol tupou demon\u0161tr\u00e1ciou sily","robots":{"index":"index","follow":"follow","max-snippet":"max-snippet:-1","max-image-preview":"max-image-preview:large","max-video-preview":"max-video-preview:-1"},"canonical":"https:\/\/www.smedemokrati.sk\/cs\/smer-urobi-aj-nemozne-aby-sa-kauza-ocistec-nepojednavala-zasah-na-curillovcov-bol-tupou-demonstraciou-sily\/","og_locale":"cs_CZ","og_type":"article","og_title":"[:sk]SMER urob\u00ed aj nemo\u017en\u00e9, aby sa kauza O\u010distec nepojedn\u00e1vala. Z\u00e1sah na \u010curillovcov bol tupou demon\u0161tr\u00e1ciou sily[:] - Smedemokrati.sk","og_description":"Rann\u00e9 zadr\u017eanie vy\u0161etrovate\u013eov okolo J\u00e1na \u010curillu pova\u017euj\u00fa Demokrati za v\u00e1\u017eny z\u00e1sah do d\u00f4very v pr\u00e1vny \u0161t\u00e1t. Pod\u013ea nich ide o krok, ktor\u00fd prich\u00e1dza bezprostredne po verejn\u00fdch \u00fatokoch Roberta Fica na tzv. \u010curillovcov a vyvol\u00e1va z\u00e1sadn\u00e9 ot\u00e1zky o motive a na\u010dasovan\u00ed celej akcie. Policajn\u00e1 in\u0161pekcia dnes r\u00e1no zadr\u017eala viacer\u00fdch b\u00fdval\u00fdch pr\u00edslu\u0161n\u00edkov NAKA \u2013 vy\u0161etrovate\u013eov, ktor\u00ed sa [&hellip;]","og_url":"https:\/\/www.smedemokrati.sk\/cs\/smer-urobi-aj-nemozne-aby-sa-kauza-ocistec-nepojednavala-zasah-na-curillovcov-bol-tupou-demonstraciou-sily\/","og_site_name":"Smedemokrati.sk","article_publisher":"https:\/\/www.facebook.com\/smedemokrati2023","article_published_time":"2026-03-03T11:07:28+00:00","og_image":[{"width":1280,"height":720,"url":"https:\/\/www.smedemokrati.sk\/wp-content\/uploads\/2026\/03\/k_curilovcom.jpg","type":"image\/jpeg"}],"author":"miro.sopko","twitter_card":"summary_large_image","twitter_misc":{"Napsal(a)":"miro.sopko","Odhadovan\u00e1 doba \u010dten\u00ed":"3 minuty"},"schema":{"@context":"https:\/\/schema.org","@graph":[{"@type":"Article","@id":"https:\/\/www.smedemokrati.sk\/smer-urobi-aj-nemozne-aby-sa-kauza-ocistec-nepojednavala-zasah-na-curillovcov-bol-tupou-demonstraciou-sily\/#article","isPartOf":{"@id":"https:\/\/www.smedemokrati.sk\/smer-urobi-aj-nemozne-aby-sa-kauza-ocistec-nepojednavala-zasah-na-curillovcov-bol-tupou-demonstraciou-sily\/"},"author":{"name":"miro.sopko","@id":"https:\/\/www.smedemokrati.sk\/#\/schema\/person\/21f147c88d605aa7ded900e1e7c344ba"},"headline":"SMER urob\u00ed aj nemo\u017en\u00e9, aby sa kauza O\u010distec nepojedn\u00e1vala. Z\u00e1sah na \u010curillovcov bol tupou demon\u0161tr\u00e1ciou sily","datePublished":"2026-03-03T11:07:28+00:00","mainEntityOfPage":{"@id":"https:\/\/www.smedemokrati.sk\/smer-urobi-aj-nemozne-aby-sa-kauza-ocistec-nepojednavala-zasah-na-curillovcov-bol-tupou-demonstraciou-sily\/"},"wordCount":525,"publisher":{"@id":"https:\/\/www.smedemokrati.sk\/#organization"},"image":{"@id":"https:\/\/www.smedemokrati.sk\/smer-urobi-aj-nemozne-aby-sa-kauza-ocistec-nepojednavala-zasah-na-curillovcov-bol-tupou-demonstraciou-sily\/#primaryimage"},"thumbnailUrl":"https:\/\/www.smedemokrati.sk\/wp-content\/uploads\/2026\/03\/k_curilovcom.jpg","articleSection":["Tla\u010dov\u00e9 spr\u00e1vy"],"inLanguage":"cs-CZ"},{"@type":"WebPage","@id":"https:\/\/www.smedemokrati.sk\/smer-urobi-aj-nemozne-aby-sa-kauza-ocistec-nepojednavala-zasah-na-curillovcov-bol-tupou-demonstraciou-sily\/","url":"https:\/\/www.smedemokrati.sk\/smer-urobi-aj-nemozne-aby-sa-kauza-ocistec-nepojednavala-zasah-na-curillovcov-bol-tupou-demonstraciou-sily\/","name":"SMER urob\u00ed aj nemo\u017en\u00e9, aby sa kauza O\u010distec nepojedn\u00e1vala. Z\u00e1sah na \u010curillovcov bol tupou demon\u0161tr\u00e1ciou sily","isPartOf":{"@id":"https:\/\/www.smedemokrati.sk\/#website"},"primaryImageOfPage":{"@id":"https:\/\/www.smedemokrati.sk\/smer-urobi-aj-nemozne-aby-sa-kauza-ocistec-nepojednavala-zasah-na-curillovcov-bol-tupou-demonstraciou-sily\/#primaryimage"},"image":{"@id":"https:\/\/www.smedemokrati.sk\/smer-urobi-aj-nemozne-aby-sa-kauza-ocistec-nepojednavala-zasah-na-curillovcov-bol-tupou-demonstraciou-sily\/#primaryimage"},"thumbnailUrl":"https:\/\/www.smedemokrati.sk\/wp-content\/uploads\/2026\/03\/k_curilovcom.jpg","datePublished":"2026-03-03T11:07:28+00:00","breadcrumb":{"@id":"https:\/\/www.smedemokrati.sk\/smer-urobi-aj-nemozne-aby-sa-kauza-ocistec-nepojednavala-zasah-na-curillovcov-bol-tupou-demonstraciou-sily\/#breadcrumb"},"inLanguage":"cs-CZ","potentialAction":[{"@type":"ReadAction","target":["https:\/\/www.smedemokrati.sk\/smer-urobi-aj-nemozne-aby-sa-kauza-ocistec-nepojednavala-zasah-na-curillovcov-bol-tupou-demonstraciou-sily\/"]}]},{"@type":"ImageObject","inLanguage":"cs-CZ","@id":"https:\/\/www.smedemokrati.sk\/smer-urobi-aj-nemozne-aby-sa-kauza-ocistec-nepojednavala-zasah-na-curillovcov-bol-tupou-demonstraciou-sily\/#primaryimage","url":"https:\/\/www.smedemokrati.sk\/wp-content\/uploads\/2026\/03\/k_curilovcom.jpg","contentUrl":"https:\/\/www.smedemokrati.sk\/wp-content\/uploads\/2026\/03\/k_curilovcom.jpg","width":1280,"height":720},{"@type":"BreadcrumbList","@id":"https:\/\/www.smedemokrati.sk\/smer-urobi-aj-nemozne-aby-sa-kauza-ocistec-nepojednavala-zasah-na-curillovcov-bol-tupou-demonstraciou-sily\/#breadcrumb","itemListElement":[{"@type":"ListItem","position":1,"name":"Domovsk\u00e1 str\u00e1nka","item":"https:\/\/www.smedemokrati.sk\/"},{"@type":"ListItem","position":2,"name":"SMER urob\u00ed aj nemo\u017en\u00e9, aby sa kauza O\u010distec nepojedn\u00e1vala. Z\u00e1sah na \u010curillovcov bol tupou demon\u0161tr\u00e1ciou sily"}]},{"@type":"WebSite","@id":"https:\/\/www.smedemokrati.sk\/#website","url":"https:\/\/www.smedemokrati.sk\/","name":"Smedemokrati.sk","description":"Demokracia a slu\u0161nos\u0165 zv\u00ed\u0165az\u00ed","publisher":{"@id":"https:\/\/www.smedemokrati.sk\/#organization"},"potentialAction":[{"@type":"SearchAction","target":{"@type":"EntryPoint","urlTemplate":"https:\/\/www.smedemokrati.sk\/?s={search_term_string}"},"query-input":{"@type":"PropertyValueSpecification","valueRequired":true,"valueName":"search_term_string"}}],"inLanguage":"cs-CZ"},{"@type":"Organization","@id":"https:\/\/www.smedemokrati.sk\/#organization","name":"Smedemokrati.sk","url":"https:\/\/www.smedemokrati.sk\/","logo":{"@type":"ImageObject","inLanguage":"cs-CZ","@id":"https:\/\/www.smedemokrati.sk\/#\/schema\/logo\/image\/","url":"https:\/\/www.smedemokrati.sk\/wp-content\/uploads\/2023\/04\/ff.002.jpeg","contentUrl":"https:\/\/www.smedemokrati.sk\/wp-content\/uploads\/2023\/04\/ff.002.jpeg","width":640,"height":480,"caption":"Smedemokrati.sk"},"image":{"@id":"https:\/\/www.smedemokrati.sk\/#\/schema\/logo\/image\/"},"sameAs":["https:\/\/www.facebook.com\/smedemokrati2023"]},{"@type":"Person","@id":"https:\/\/www.smedemokrati.sk\/#\/schema\/person\/21f147c88d605aa7ded900e1e7c344ba","name":"miro.sopko","image":{"@type":"ImageObject","inLanguage":"cs-CZ","@id":"https:\/\/secure.gravatar.com\/avatar\/267e4a36f704376c109afe3a78740c1f5dd8675a2180a908699e7863c9247606?s=96&d=mm&r=g","url":"https:\/\/secure.gravatar.com\/avatar\/267e4a36f704376c109afe3a78740c1f5dd8675a2180a908699e7863c9247606?s=96&d=mm&r=g","contentUrl":"https:\/\/secure.gravatar.com\/avatar\/267e4a36f704376c109afe3a78740c1f5dd8675a2180a908699e7863c9247606?s=96&d=mm&r=g","caption":"miro.sopko"},"url":"https:\/\/www.smedemokrati.sk\/cs\/author\/miro-sopko\/"}]}},"_links":{"self":[{"href":"https:\/\/www.smedemokrati.sk\/cs\/wp-json\/wp\/v2\/posts\/8942","targetHints":{"allow":["GET"]}}],"collection":[{"href":"https:\/\/www.smedemokrati.sk\/cs\/wp-json\/wp\/v2\/posts"}],"about":[{"href":"https:\/\/www.smedemokrati.sk\/cs\/wp-json\/wp\/v2\/types\/post"}],"author":[{"embeddable":true,"href":"https:\/\/www.smedemokrati.sk\/cs\/wp-json\/wp\/v2\/users\/13"}],"replies":[{"embeddable":true,"href":"https:\/\/www.smedemokrati.sk\/cs\/wp-json\/wp\/v2\/comments?post=8942"}],"version-history":[{"count":1,"href":"https:\/\/www.smedemokrati.sk\/cs\/wp-json\/wp\/v2\/posts\/8942\/revisions"}],"predecessor-version":[{"id":8944,"href":"https:\/\/www.smedemokrati.sk\/cs\/wp-json\/wp\/v2\/posts\/8942\/revisions\/8944"}],"wp:featuredmedia":[{"embeddable":true,"href":"https:\/\/www.smedemokrati.sk\/cs\/wp-json\/wp\/v2\/media\/8943"}],"wp:attachment":[{"href":"https:\/\/www.smedemokrati.sk\/cs\/wp-json\/wp\/v2\/media?parent=8942"}],"wp:term":[{"taxonomy":"category","embeddable":true,"href":"https:\/\/www.smedemokrati.sk\/cs\/wp-json\/wp\/v2\/categories?post=8942"},{"taxonomy":"post_tag","embeddable":true,"href":"https:\/\/www.smedemokrati.sk\/cs\/wp-json\/wp\/v2\/tags?post=8942"}],"curies":[{"name":"wp","href":"https:\/\/api.w.org\/{rel}","templated":true}]}}