{"id":8927,"date":"2026-02-27T19:44:19","date_gmt":"2026-02-27T18:44:19","guid":{"rendered":"https:\/\/www.smedemokrati.sk\/?p=8927"},"modified":"2026-02-27T19:44:20","modified_gmt":"2026-02-27T18:44:20","slug":"samsung-odchadza-zo-slovenska-kvoli-ficovej-vlade","status":"publish","type":"post","link":"https:\/\/www.smedemokrati.sk\/cs\/samsung-odchadza-zo-slovenska-kvoli-ficovej-vlade\/","title":{"rendered":"Samsung odch\u00e1dza zo Slovenska kv\u00f4li Ficovej vl\u00e1de"},"content":{"rendered":"<div id=\"fb-root\"><\/div>\n\n<p><strong>Strana Demokrati ostro kritizuje ne\u010dinnos\u0165 vl\u00e1dy Slovenskej republiky vo vz\u0165ahu k medializovan\u00fdm inform\u00e1ci\u00e1m o odchode fabriky Samsung v Galante. Pripom\u00edna, \u017ee pod\u013ea ich inform\u00e1ci\u00ed Samsung odch\u00e1dza kv\u00f4li vysok\u00fdm daniam a nov\u00fdm daniam, odvodom, teda cene pr\u00e1ce a n\u00e1kladom.<\/strong><\/p>\n\n\n\n<p><em>\u201eRobert Fico sa n\u00e1m sna\u017e\u00ed nahovori\u0165, \u017ee fabrika Samsung kon\u010d\u00ed, preto\u017ee \u013eudia menej pozeraj\u00fa a kupuj\u00fa telev\u00edzory. Hl\u00fapos\u0165 Samsung kon\u010d\u00ed, preto\u017ee na Slovensku m\u00e1me \u0161ialen\u00e9 vysok\u00e9 dane a odvody. Najvy\u0161\u0161ie v okolit\u00fdch krajin\u00e1ch. Opakovane upozor\u0148ujeme vl\u00e1du, \u017ee jej da\u0148ov\u00e1 politika zab\u00edja ekonomiku, ale nie. Miesto toho po\u010d\u00favame slov\u00e1 predsedu vl\u00e1dy, ktor\u00fd si po\u010dk\u00e1 na to, \u010do v Galante bude?&#8220;\u00a0<\/em>hovor\u00ed Juraj \u0160eliga<\/p>\n\n\n\n<p><em>\u201eVyz\u00fdvame vl\u00e1du, aby konala, okam\u017eite a rokovala so z\u00e1stupcami Samsungu o tom, za ak\u00fdch podmienok by tu fabrika zostala. Dnes je ohrozen\u00fdch 750 pracovn\u00fdch miest, \u010fal\u0161\u00edch 1700 v subdod\u00e1vate\u013esk\u00fdch re\u0165azcoch. A vl\u00e1da sa ne\u010dinne prizer\u00e1? Ke\u010f bolo treba ru\u0161i\u0165 \u00darad na ochranu protispolo\u010denskej \u010dinnosti, tak nev\u00e1hali rokova\u0165 v sobotu. Teraz, ke\u010f ide o pracovn\u00e9 miesta, tak id\u00fa \u010daka\u0165? Na \u010do je n\u00e1m tak\u00e1to vl\u00e1da? P\u00e1n Fico, sadnite do lietadla ke\u010f treba a cho\u010fte do centr\u00e1ly Samsungu a rokujte.&#8220;<\/em>\u00a0hovor\u00ed Juraj \u0160eliga, podpredseda strany Demokrati.\u00a0<\/p>\n\n\n\n<p>Strana pripom\u00edna, \u017ee spolo\u010dnos\u0165 Samsung mala v roku 2024 obrat na Slovensku vo v\u00fd\u0161ke 1,7 mld. eur, patr\u00ed medzi 30 najv\u00e4\u010d\u0161\u00edch platite\u013eov dan\u00ed. Je to vysoko sofistikovan\u00e1 a modern\u00e1 v\u00fdroba, tak\u00fa by tu predsa mala chcie\u0165 vl\u00e1da udr\u017ea\u0165.&nbsp;<\/p>\n\n\n\n<p><em>\u201eOdchod Samsungu je len \u010fal\u0161ou \u010das\u0165ou padaj\u00faceho domina, ktor\u00e9 spustila zbabran\u00e1 konsolid\u00e1cia. Pred rokom sme st\u00e1li v Martine pri fabrike Ecco, dnes sme tu a situ\u00e1cia sa opakuje. Fabrika odch\u00e1dza a vl\u00e1da ml\u010d\u00ed. \u017dia\u013e, Slovensko sa st\u00e1va \u010do sa ceny pr\u00e1ce a odvodov t\u00fdka, najdrah\u0161ou krajinou z V4. Dokonca sme drah\u0161\u00ed ako Rak\u00fasko. Toto nie je cesta, ako rozv\u00edja\u0165 ekonomiku, toto je cesta, ako ju zabi\u0165. Likvid\u00e1cia strednej triedy, podnikate\u013eov, \u017eivnostn\u00edkov \u0161peci\u00e1lne, to v\u0161etko je valiaca sa lav\u00edna, ktor\u00fa \u013eudia poc\u00edtia vo svojich pe\u0148a\u017eenk\u00e1ch.&#8220;<\/em><\/p>\n\n\n\n<p><em>\u201ePolitika tejto vl\u00e1dy likviduje podnikate\u013esk\u00e9 prostredie, ak nie ste kamar\u00e1t alebo spriaznen\u00fd oligarcha, nem\u00e1te n\u00e1rok na pomoc. Ak ste, vtedy sa podpisuj\u00fa memorand\u00e1, vtedy je zrazu vl\u00e1da akt\u00edvna. Prid\u00e1vam sa ku kolegom a vyz\u00fdvam vl\u00e1du, aby sa nevyka\u0161\u013eala na t\u00fdchto \u013eud\u00ed a sna\u017eila sa tu Samsung udr\u017ea\u0165.&#8220;\u00a0<\/em>hovor\u00ed Michal Ki\u010da.<\/p>\n\n\n<div id=\"fb-root\"><\/div><script async defer crossorigin=\"anonymous\" src=\"https:\/\/connect.facebook.net\/sk_SK\/sdk.js#xfbml=1&version=v18.0\"><\/script><div class=\"fb-video\" data-href=\"https:\/\/fb.watch\/FxpFEWr7i4\" data-width=\"560\" data-show-text=\"false\"><blockquote cite=\"https:\/\/fb.watch\/FxpFEWr7i4\" class=\"fb-xfbml-parse-ignore\"><a href=\"https:\/\/fb.watch\/FxpFEWr7i4\">Video<\/a><\/blockquote><\/div>\n","protected":false},"excerpt":{"rendered":"<p>Strana Demokrati ostro kritizuje ne\u010dinnos\u0165 vl\u00e1dy Slovenskej republiky vo vz\u0165ahu k medializovan\u00fdm inform\u00e1ci\u00e1m o odchode fabriky Samsung v Galante. Pripom\u00edna, \u017ee pod\u013ea ich inform\u00e1ci\u00ed Samsung odch\u00e1dza kv\u00f4li vysok\u00fdm daniam a nov\u00fdm daniam, odvodom, teda cene pr\u00e1ce a n\u00e1kladom. \u201eRobert Fico sa n\u00e1m sna\u017e\u00ed nahovori\u0165, \u017ee fabrika Samsung kon\u010d\u00ed, preto\u017ee \u013eudia menej pozeraj\u00fa a kupuj\u00fa telev\u00edzory. [&hellip;]<\/p>\n","protected":false},"author":13,"featured_media":8928,"comment_status":"closed","ping_status":"closed","sticky":false,"template":"","format":"standard","meta":{"_acf_changed":false,"ngg_post_thumbnail":0,"footnotes":""},"categories":[4],"tags":[],"class_list":["post-8927","post","type-post","status-publish","format-standard","has-post-thumbnail","hentry","category-tlacove-spravy"],"acf":[],"yoast_head":"<!-- This site is optimized with the Yoast SEO plugin v27.2 - https:\/\/yoast.com\/product\/yoast-seo-wordpress\/ -->\n<title>Samsung odch\u00e1dza zo Slovenska kv\u00f4li Ficovej vl\u00e1de<\/title>\n<meta name=\"robots\" content=\"index, follow, max-snippet:-1, max-image-preview:large, max-video-preview:-1\" \/>\n<link rel=\"canonical\" href=\"https:\/\/www.smedemokrati.sk\/cs\/samsung-odchadza-zo-slovenska-kvoli-ficovej-vlade\/\" \/>\n<meta property=\"og:locale\" content=\"cs_CZ\" \/>\n<meta property=\"og:locale:alternate\" content=\"en_US\" \/>\n<meta property=\"og:locale:alternate\" content=\"hu_HU\" \/>\n<meta property=\"og:locale:alternate\" content=\"sk_SK\" \/>\n<meta property=\"og:locale:alternate\" content=\"sv_SE\" \/>\n<meta property=\"og:type\" content=\"article\" \/>\n<meta property=\"og:title\" content=\"Samsung odch\u00e1dza zo Slovenska kv\u00f4li Ficovej vl\u00e1de\" \/>\n<meta property=\"og:description\" content=\"Strana Demokrati ostro kritizuje ne\u010dinnos\u0165 vl\u00e1dy Slovenskej republiky vo vz\u0165ahu k medializovan\u00fdm inform\u00e1ci\u00e1m o odchode fabriky Samsung v Galante. Pripom\u00edna, \u017ee pod\u013ea ich inform\u00e1ci\u00ed Samsung odch\u00e1dza kv\u00f4li vysok\u00fdm daniam a nov\u00fdm daniam, odvodom, teda cene pr\u00e1ce a n\u00e1kladom. \u201eRobert Fico sa n\u00e1m sna\u017e\u00ed nahovori\u0165, \u017ee fabrika Samsung kon\u010d\u00ed, preto\u017ee \u013eudia menej pozeraj\u00fa a kupuj\u00fa telev\u00edzory. [&hellip;]\" \/>\n<meta property=\"og:url\" content=\"https:\/\/www.smedemokrati.sk\/cs\/samsung-odchadza-zo-slovenska-kvoli-ficovej-vlade\/\" \/>\n<meta property=\"og:site_name\" content=\"Smedemokrati.sk\" \/>\n<meta property=\"article:publisher\" content=\"https:\/\/www.facebook.com\/smedemokrati2023\" \/>\n<meta property=\"article:published_time\" content=\"2026-02-27T18:44:19+00:00\" \/>\n<meta property=\"article:modified_time\" content=\"2026-02-27T18:44:20+00:00\" \/>\n<meta property=\"og:image\" content=\"https:\/\/www.smedemokrati.sk\/wp-content\/uploads\/2026\/02\/samsung.jpg\" \/>\n\t<meta property=\"og:image:width\" content=\"1280\" \/>\n\t<meta property=\"og:image:height\" content=\"720\" \/>\n\t<meta property=\"og:image:type\" content=\"image\/jpeg\" \/>\n<meta name=\"author\" content=\"miro.sopko\" \/>\n<meta name=\"twitter:card\" content=\"summary_large_image\" \/>\n<meta name=\"twitter:label1\" content=\"Napsal(a)\" \/>\n\t<meta name=\"twitter:data1\" content=\"miro.sopko\" \/>\n\t<meta name=\"twitter:label2\" content=\"Odhadovan\u00e1 doba \u010dten\u00ed\" \/>\n\t<meta name=\"twitter:data2\" content=\"3 minuty\" \/>\n<script type=\"application\/ld+json\" class=\"yoast-schema-graph\">{\"@context\":\"https:\/\/schema.org\",\"@graph\":[{\"@type\":\"Article\",\"@id\":\"https:\/\/www.smedemokrati.sk\/samsung-odchadza-zo-slovenska-kvoli-ficovej-vlade\/#article\",\"isPartOf\":{\"@id\":\"https:\/\/www.smedemokrati.sk\/samsung-odchadza-zo-slovenska-kvoli-ficovej-vlade\/\"},\"author\":{\"name\":\"miro.sopko\",\"@id\":\"https:\/\/www.smedemokrati.sk\/#\/schema\/person\/21f147c88d605aa7ded900e1e7c344ba\"},\"headline\":\"Samsung odch\u00e1dza zo Slovenska kv\u00f4li Ficovej vl\u00e1de\",\"datePublished\":\"2026-02-27T18:44:19+00:00\",\"dateModified\":\"2026-02-27T18:44:20+00:00\",\"mainEntityOfPage\":{\"@id\":\"https:\/\/www.smedemokrati.sk\/samsung-odchadza-zo-slovenska-kvoli-ficovej-vlade\/\"},\"wordCount\":472,\"publisher\":{\"@id\":\"https:\/\/www.smedemokrati.sk\/#organization\"},\"image\":{\"@id\":\"https:\/\/www.smedemokrati.sk\/samsung-odchadza-zo-slovenska-kvoli-ficovej-vlade\/#primaryimage\"},\"thumbnailUrl\":\"https:\/\/www.smedemokrati.sk\/wp-content\/uploads\/2026\/02\/samsung.jpg\",\"articleSection\":[\"Tla\u010dov\u00e9 spr\u00e1vy\"],\"inLanguage\":\"cs-CZ\"},{\"@type\":\"WebPage\",\"@id\":\"https:\/\/www.smedemokrati.sk\/samsung-odchadza-zo-slovenska-kvoli-ficovej-vlade\/\",\"url\":\"https:\/\/www.smedemokrati.sk\/samsung-odchadza-zo-slovenska-kvoli-ficovej-vlade\/\",\"name\":\"Samsung odch\u00e1dza zo Slovenska kv\u00f4li Ficovej vl\u00e1de\",\"isPartOf\":{\"@id\":\"https:\/\/www.smedemokrati.sk\/#website\"},\"primaryImageOfPage\":{\"@id\":\"https:\/\/www.smedemokrati.sk\/samsung-odchadza-zo-slovenska-kvoli-ficovej-vlade\/#primaryimage\"},\"image\":{\"@id\":\"https:\/\/www.smedemokrati.sk\/samsung-odchadza-zo-slovenska-kvoli-ficovej-vlade\/#primaryimage\"},\"thumbnailUrl\":\"https:\/\/www.smedemokrati.sk\/wp-content\/uploads\/2026\/02\/samsung.jpg\",\"datePublished\":\"2026-02-27T18:44:19+00:00\",\"dateModified\":\"2026-02-27T18:44:20+00:00\",\"breadcrumb\":{\"@id\":\"https:\/\/www.smedemokrati.sk\/samsung-odchadza-zo-slovenska-kvoli-ficovej-vlade\/#breadcrumb\"},\"inLanguage\":\"cs-CZ\",\"potentialAction\":[{\"@type\":\"ReadAction\",\"target\":[\"https:\/\/www.smedemokrati.sk\/samsung-odchadza-zo-slovenska-kvoli-ficovej-vlade\/\"]}]},{\"@type\":\"ImageObject\",\"inLanguage\":\"cs-CZ\",\"@id\":\"https:\/\/www.smedemokrati.sk\/samsung-odchadza-zo-slovenska-kvoli-ficovej-vlade\/#primaryimage\",\"url\":\"https:\/\/www.smedemokrati.sk\/wp-content\/uploads\/2026\/02\/samsung.jpg\",\"contentUrl\":\"https:\/\/www.smedemokrati.sk\/wp-content\/uploads\/2026\/02\/samsung.jpg\",\"width\":1280,\"height\":720},{\"@type\":\"BreadcrumbList\",\"@id\":\"https:\/\/www.smedemokrati.sk\/samsung-odchadza-zo-slovenska-kvoli-ficovej-vlade\/#breadcrumb\",\"itemListElement\":[{\"@type\":\"ListItem\",\"position\":1,\"name\":\"Domovsk\u00e1 str\u00e1nka\",\"item\":\"https:\/\/www.smedemokrati.sk\/\"},{\"@type\":\"ListItem\",\"position\":2,\"name\":\"Samsung odch\u00e1dza zo Slovenska kv\u00f4li Ficovej vl\u00e1de\"}]},{\"@type\":\"WebSite\",\"@id\":\"https:\/\/www.smedemokrati.sk\/#website\",\"url\":\"https:\/\/www.smedemokrati.sk\/\",\"name\":\"Smedemokrati.sk\",\"description\":\"Demokracia a slu\u0161nos\u0165 zv\u00ed\u0165az\u00ed\",\"publisher\":{\"@id\":\"https:\/\/www.smedemokrati.sk\/#organization\"},\"potentialAction\":[{\"@type\":\"SearchAction\",\"target\":{\"@type\":\"EntryPoint\",\"urlTemplate\":\"https:\/\/www.smedemokrati.sk\/?s={search_term_string}\"},\"query-input\":{\"@type\":\"PropertyValueSpecification\",\"valueRequired\":true,\"valueName\":\"search_term_string\"}}],\"inLanguage\":\"cs-CZ\"},{\"@type\":\"Organization\",\"@id\":\"https:\/\/www.smedemokrati.sk\/#organization\",\"name\":\"Smedemokrati.sk\",\"url\":\"https:\/\/www.smedemokrati.sk\/\",\"logo\":{\"@type\":\"ImageObject\",\"inLanguage\":\"cs-CZ\",\"@id\":\"https:\/\/www.smedemokrati.sk\/#\/schema\/logo\/image\/\",\"url\":\"https:\/\/www.smedemokrati.sk\/wp-content\/uploads\/2023\/04\/ff.002.jpeg\",\"contentUrl\":\"https:\/\/www.smedemokrati.sk\/wp-content\/uploads\/2023\/04\/ff.002.jpeg\",\"width\":640,\"height\":480,\"caption\":\"Smedemokrati.sk\"},\"image\":{\"@id\":\"https:\/\/www.smedemokrati.sk\/#\/schema\/logo\/image\/\"},\"sameAs\":[\"https:\/\/www.facebook.com\/smedemokrati2023\"]},{\"@type\":\"Person\",\"@id\":\"https:\/\/www.smedemokrati.sk\/#\/schema\/person\/21f147c88d605aa7ded900e1e7c344ba\",\"name\":\"miro.sopko\",\"image\":{\"@type\":\"ImageObject\",\"inLanguage\":\"cs-CZ\",\"@id\":\"https:\/\/secure.gravatar.com\/avatar\/267e4a36f704376c109afe3a78740c1f5dd8675a2180a908699e7863c9247606?s=96&d=mm&r=g\",\"url\":\"https:\/\/secure.gravatar.com\/avatar\/267e4a36f704376c109afe3a78740c1f5dd8675a2180a908699e7863c9247606?s=96&d=mm&r=g\",\"contentUrl\":\"https:\/\/secure.gravatar.com\/avatar\/267e4a36f704376c109afe3a78740c1f5dd8675a2180a908699e7863c9247606?s=96&d=mm&r=g\",\"caption\":\"miro.sopko\"},\"url\":\"https:\/\/www.smedemokrati.sk\/cs\/author\/miro-sopko\/\"}]}<\/script>\n<!-- \/ Yoast SEO plugin. -->","yoast_head_json":{"title":"Samsung odch\u00e1dza zo Slovenska kv\u00f4li Ficovej vl\u00e1de","robots":{"index":"index","follow":"follow","max-snippet":"max-snippet:-1","max-image-preview":"max-image-preview:large","max-video-preview":"max-video-preview:-1"},"canonical":"https:\/\/www.smedemokrati.sk\/cs\/samsung-odchadza-zo-slovenska-kvoli-ficovej-vlade\/","og_locale":"cs_CZ","og_type":"article","og_title":"[:sk]Samsung odch\u00e1dza zo Slovenska kv\u00f4li Ficovej vl\u00e1de[:] - Smedemokrati.sk","og_description":"Strana Demokrati ostro kritizuje ne\u010dinnos\u0165 vl\u00e1dy Slovenskej republiky vo vz\u0165ahu k medializovan\u00fdm inform\u00e1ci\u00e1m o odchode fabriky Samsung v Galante. Pripom\u00edna, \u017ee pod\u013ea ich inform\u00e1ci\u00ed Samsung odch\u00e1dza kv\u00f4li vysok\u00fdm daniam a nov\u00fdm daniam, odvodom, teda cene pr\u00e1ce a n\u00e1kladom. \u201eRobert Fico sa n\u00e1m sna\u017e\u00ed nahovori\u0165, \u017ee fabrika Samsung kon\u010d\u00ed, preto\u017ee \u013eudia menej pozeraj\u00fa a kupuj\u00fa telev\u00edzory. [&hellip;]","og_url":"https:\/\/www.smedemokrati.sk\/cs\/samsung-odchadza-zo-slovenska-kvoli-ficovej-vlade\/","og_site_name":"Smedemokrati.sk","article_publisher":"https:\/\/www.facebook.com\/smedemokrati2023","article_published_time":"2026-02-27T18:44:19+00:00","article_modified_time":"2026-02-27T18:44:20+00:00","og_image":[{"width":1280,"height":720,"url":"https:\/\/www.smedemokrati.sk\/wp-content\/uploads\/2026\/02\/samsung.jpg","type":"image\/jpeg"}],"author":"miro.sopko","twitter_card":"summary_large_image","twitter_misc":{"Napsal(a)":"miro.sopko","Odhadovan\u00e1 doba \u010dten\u00ed":"3 minuty"},"schema":{"@context":"https:\/\/schema.org","@graph":[{"@type":"Article","@id":"https:\/\/www.smedemokrati.sk\/samsung-odchadza-zo-slovenska-kvoli-ficovej-vlade\/#article","isPartOf":{"@id":"https:\/\/www.smedemokrati.sk\/samsung-odchadza-zo-slovenska-kvoli-ficovej-vlade\/"},"author":{"name":"miro.sopko","@id":"https:\/\/www.smedemokrati.sk\/#\/schema\/person\/21f147c88d605aa7ded900e1e7c344ba"},"headline":"Samsung odch\u00e1dza zo Slovenska kv\u00f4li Ficovej vl\u00e1de","datePublished":"2026-02-27T18:44:19+00:00","dateModified":"2026-02-27T18:44:20+00:00","mainEntityOfPage":{"@id":"https:\/\/www.smedemokrati.sk\/samsung-odchadza-zo-slovenska-kvoli-ficovej-vlade\/"},"wordCount":472,"publisher":{"@id":"https:\/\/www.smedemokrati.sk\/#organization"},"image":{"@id":"https:\/\/www.smedemokrati.sk\/samsung-odchadza-zo-slovenska-kvoli-ficovej-vlade\/#primaryimage"},"thumbnailUrl":"https:\/\/www.smedemokrati.sk\/wp-content\/uploads\/2026\/02\/samsung.jpg","articleSection":["Tla\u010dov\u00e9 spr\u00e1vy"],"inLanguage":"cs-CZ"},{"@type":"WebPage","@id":"https:\/\/www.smedemokrati.sk\/samsung-odchadza-zo-slovenska-kvoli-ficovej-vlade\/","url":"https:\/\/www.smedemokrati.sk\/samsung-odchadza-zo-slovenska-kvoli-ficovej-vlade\/","name":"Samsung odch\u00e1dza zo Slovenska kv\u00f4li Ficovej vl\u00e1de","isPartOf":{"@id":"https:\/\/www.smedemokrati.sk\/#website"},"primaryImageOfPage":{"@id":"https:\/\/www.smedemokrati.sk\/samsung-odchadza-zo-slovenska-kvoli-ficovej-vlade\/#primaryimage"},"image":{"@id":"https:\/\/www.smedemokrati.sk\/samsung-odchadza-zo-slovenska-kvoli-ficovej-vlade\/#primaryimage"},"thumbnailUrl":"https:\/\/www.smedemokrati.sk\/wp-content\/uploads\/2026\/02\/samsung.jpg","datePublished":"2026-02-27T18:44:19+00:00","dateModified":"2026-02-27T18:44:20+00:00","breadcrumb":{"@id":"https:\/\/www.smedemokrati.sk\/samsung-odchadza-zo-slovenska-kvoli-ficovej-vlade\/#breadcrumb"},"inLanguage":"cs-CZ","potentialAction":[{"@type":"ReadAction","target":["https:\/\/www.smedemokrati.sk\/samsung-odchadza-zo-slovenska-kvoli-ficovej-vlade\/"]}]},{"@type":"ImageObject","inLanguage":"cs-CZ","@id":"https:\/\/www.smedemokrati.sk\/samsung-odchadza-zo-slovenska-kvoli-ficovej-vlade\/#primaryimage","url":"https:\/\/www.smedemokrati.sk\/wp-content\/uploads\/2026\/02\/samsung.jpg","contentUrl":"https:\/\/www.smedemokrati.sk\/wp-content\/uploads\/2026\/02\/samsung.jpg","width":1280,"height":720},{"@type":"BreadcrumbList","@id":"https:\/\/www.smedemokrati.sk\/samsung-odchadza-zo-slovenska-kvoli-ficovej-vlade\/#breadcrumb","itemListElement":[{"@type":"ListItem","position":1,"name":"Domovsk\u00e1 str\u00e1nka","item":"https:\/\/www.smedemokrati.sk\/"},{"@type":"ListItem","position":2,"name":"Samsung odch\u00e1dza zo Slovenska kv\u00f4li Ficovej vl\u00e1de"}]},{"@type":"WebSite","@id":"https:\/\/www.smedemokrati.sk\/#website","url":"https:\/\/www.smedemokrati.sk\/","name":"Smedemokrati.sk","description":"Demokracia a slu\u0161nos\u0165 zv\u00ed\u0165az\u00ed","publisher":{"@id":"https:\/\/www.smedemokrati.sk\/#organization"},"potentialAction":[{"@type":"SearchAction","target":{"@type":"EntryPoint","urlTemplate":"https:\/\/www.smedemokrati.sk\/?s={search_term_string}"},"query-input":{"@type":"PropertyValueSpecification","valueRequired":true,"valueName":"search_term_string"}}],"inLanguage":"cs-CZ"},{"@type":"Organization","@id":"https:\/\/www.smedemokrati.sk\/#organization","name":"Smedemokrati.sk","url":"https:\/\/www.smedemokrati.sk\/","logo":{"@type":"ImageObject","inLanguage":"cs-CZ","@id":"https:\/\/www.smedemokrati.sk\/#\/schema\/logo\/image\/","url":"https:\/\/www.smedemokrati.sk\/wp-content\/uploads\/2023\/04\/ff.002.jpeg","contentUrl":"https:\/\/www.smedemokrati.sk\/wp-content\/uploads\/2023\/04\/ff.002.jpeg","width":640,"height":480,"caption":"Smedemokrati.sk"},"image":{"@id":"https:\/\/www.smedemokrati.sk\/#\/schema\/logo\/image\/"},"sameAs":["https:\/\/www.facebook.com\/smedemokrati2023"]},{"@type":"Person","@id":"https:\/\/www.smedemokrati.sk\/#\/schema\/person\/21f147c88d605aa7ded900e1e7c344ba","name":"miro.sopko","image":{"@type":"ImageObject","inLanguage":"cs-CZ","@id":"https:\/\/secure.gravatar.com\/avatar\/267e4a36f704376c109afe3a78740c1f5dd8675a2180a908699e7863c9247606?s=96&d=mm&r=g","url":"https:\/\/secure.gravatar.com\/avatar\/267e4a36f704376c109afe3a78740c1f5dd8675a2180a908699e7863c9247606?s=96&d=mm&r=g","contentUrl":"https:\/\/secure.gravatar.com\/avatar\/267e4a36f704376c109afe3a78740c1f5dd8675a2180a908699e7863c9247606?s=96&d=mm&r=g","caption":"miro.sopko"},"url":"https:\/\/www.smedemokrati.sk\/cs\/author\/miro-sopko\/"}]}},"_links":{"self":[{"href":"https:\/\/www.smedemokrati.sk\/cs\/wp-json\/wp\/v2\/posts\/8927","targetHints":{"allow":["GET"]}}],"collection":[{"href":"https:\/\/www.smedemokrati.sk\/cs\/wp-json\/wp\/v2\/posts"}],"about":[{"href":"https:\/\/www.smedemokrati.sk\/cs\/wp-json\/wp\/v2\/types\/post"}],"author":[{"embeddable":true,"href":"https:\/\/www.smedemokrati.sk\/cs\/wp-json\/wp\/v2\/users\/13"}],"replies":[{"embeddable":true,"href":"https:\/\/www.smedemokrati.sk\/cs\/wp-json\/wp\/v2\/comments?post=8927"}],"version-history":[{"count":1,"href":"https:\/\/www.smedemokrati.sk\/cs\/wp-json\/wp\/v2\/posts\/8927\/revisions"}],"predecessor-version":[{"id":8929,"href":"https:\/\/www.smedemokrati.sk\/cs\/wp-json\/wp\/v2\/posts\/8927\/revisions\/8929"}],"wp:featuredmedia":[{"embeddable":true,"href":"https:\/\/www.smedemokrati.sk\/cs\/wp-json\/wp\/v2\/media\/8928"}],"wp:attachment":[{"href":"https:\/\/www.smedemokrati.sk\/cs\/wp-json\/wp\/v2\/media?parent=8927"}],"wp:term":[{"taxonomy":"category","embeddable":true,"href":"https:\/\/www.smedemokrati.sk\/cs\/wp-json\/wp\/v2\/categories?post=8927"},{"taxonomy":"post_tag","embeddable":true,"href":"https:\/\/www.smedemokrati.sk\/cs\/wp-json\/wp\/v2\/tags?post=8927"}],"curies":[{"name":"wp","href":"https:\/\/api.w.org\/{rel}","templated":true}]}}