{"id":8881,"date":"2026-02-17T16:38:19","date_gmt":"2026-02-17T15:38:19","guid":{"rendered":"https:\/\/www.smedemokrati.sk\/?p=8881"},"modified":"2026-02-17T16:39:26","modified_gmt":"2026-02-17T15:39:26","slug":"strana-demokrati-vyzyva-vladu-a-ministra-financii-kamenickeho-aby-okamzite-odvolali-pana-radka-kuruca-z-pozicie-riaditela-a-predsedu-predstavenstva-statnej-rozvojovej-banky","status":"publish","type":"post","link":"https:\/\/www.smedemokrati.sk\/cs\/strana-demokrati-vyzyva-vladu-a-ministra-financii-kamenickeho-aby-okamzite-odvolali-pana-radka-kuruca-z-pozicie-riaditela-a-predsedu-predstavenstva-statnej-rozvojovej-banky\/","title":{"rendered":"Strana Demokrati vyz\u00fdva vl\u00e1du a ministra financi\u00ed Kamenick\u00e9ho, aby okam\u017eite odvolali p\u00e1na Radka Kuruca z poz\u00edcie riadite\u013ea a predsedu predstavenstva \u0160t\u00e1tnej rozvojovej banky"},"content":{"rendered":"<div id=\"fb-root\"><\/div>\n\n<p><em>\u201eNie je myslite\u013en\u00e9, aby \u010dlovek ods\u00faden\u00fd za prij\u00edmanie \u00faplatku viedol \u0161t\u00e1tnu banku. \u013dudia, ktor\u00ed sa spreneverili svojej funkcii, v tomto pr\u00edpade \u0161t\u00e1tny tajomn\u00edk, nemaj\u00fa \u010do robi\u0165 vo \u0161t\u00e1tnych bank\u00e1ch a u\u017e v\u00f4bec ich vies\u0165. Ak by i\u0161lo o s\u00fakromn\u00fa finan\u010dn\u00fa in\u0161tit\u00faciu, Kuruc by si u\u017e balil veci. Fico a spol. sa v\u0161ak tv\u00e1ria, \u017ee ich s\u00fady nezauj\u00edmaj\u00fa,\u201c hovor\u00ed Juraj \u0160eliga,<\/em>&nbsp;podpredseda strany.<\/p>\n\n\n\n<p><em>\u201eSpolo\u010dne s Ka\u017eim\u00edrom a Imreczem sa n\u00e1m op\u00e4\u0165 viac odhalil syst\u00e9m na\u0161ich \u013eud\u00ed, ktor\u00ed naplno profitovali z verejn\u00fdch pe\u0148az\u00ed, zneu\u017e\u00edvali svoju moc a pom\u00e1hali tak korup\u010dnej ma\u0161in\u00e9rii. Dne\u0161n\u00fd rozsudok s\u00fadu je \u010fal\u0161\u00edm krokom k spravodlivosti, z\u00e1rove\u0148 je v\u0161ak smutn\u00fdm d\u00f4kazom \u00e9ry vl\u00e1d Roberta Fica. Oligarchovia boli na\u017eran\u00ed a be\u017en\u00ed ob\u010dania vyciciavan\u00ed. Aj dne\u0161n\u00fd rozsudok ukazuje, pre\u010do je d\u00f4le\u017eit\u00e9, aby in\u0161tit\u00fat spolupracuj\u00facich obvinen\u00fdch zostal v na\u0161om pr\u00e1vnom poriadku. V\u010faka nemu sa podarilo rozkry\u0165 syst\u00e9m na\u0161ich \u013eud\u00ed. Pripom\u00ednam, \u017ee t\u00edto \u013eudia s\u00fa priamo alebo nepriamo spojen\u00ed s osobou predsedu vl\u00e1dy Roberta Fica a jeho strany Smer. S\u00fa to jeho vlastn\u00ed \u013eudia, ktor\u00ed ho usved\u010duj\u00fa a usved\u010duj\u00fa sam\u00fdch seba. Korupcia nikdy nebola tak bl\u00edzko predsedovi vl\u00e1dy Ficovi. Nielen dnes, ale u\u017e roky sa o tom dozved\u00e1me \u2013 dnes to bolo op\u00e4\u0165 potvrden\u00e9,\u201c<\/em>&nbsp;hovor\u00ed Juraj \u0160eliga, podpredseda strany.<\/p>\n\n\n<div id=\"fb-root\"><\/div><script async defer crossorigin=\"anonymous\" src=\"https:\/\/connect.facebook.net\/sk_SK\/sdk.js#xfbml=1&version=v18.0\"><\/script><div class=\"fb-video\" data-href=\"https:\/\/www.facebook.com\/reel\/1360952535788678\" data-width=\"560\" data-show-text=\"false\"><blockquote cite=\"https:\/\/www.facebook.com\/reel\/1360952535788678\" class=\"fb-xfbml-parse-ignore\"><a href=\"https:\/\/www.facebook.com\/reel\/1360952535788678\">Video<\/a><\/blockquote><\/div>\n","protected":false},"excerpt":{"rendered":"<p>\u201eNie je myslite\u013en\u00e9, aby \u010dlovek ods\u00faden\u00fd za prij\u00edmanie \u00faplatku viedol \u0161t\u00e1tnu banku. \u013dudia, ktor\u00ed sa spreneverili svojej funkcii, v tomto pr\u00edpade \u0161t\u00e1tny tajomn\u00edk, nemaj\u00fa \u010do robi\u0165 vo \u0161t\u00e1tnych bank\u00e1ch a u\u017e v\u00f4bec ich vies\u0165. Ak by i\u0161lo o s\u00fakromn\u00fa finan\u010dn\u00fa in\u0161tit\u00faciu, Kuruc by si u\u017e balil veci. Fico a spol. sa v\u0161ak tv\u00e1ria, \u017ee ich [&hellip;]<\/p>\n","protected":false},"author":13,"featured_media":930,"comment_status":"closed","ping_status":"closed","sticky":false,"template":"","format":"standard","meta":{"_acf_changed":false,"ngg_post_thumbnail":0,"footnotes":""},"categories":[11],"tags":[],"class_list":["post-8881","post","type-post","status-publish","format-standard","has-post-thumbnail","hentry","category-vyhlasenia"],"acf":[],"yoast_head":"<!-- This site is optimized with the Yoast SEO plugin v27.2 - https:\/\/yoast.com\/product\/yoast-seo-wordpress\/ -->\n<title>Strana Demokrati vyz\u00fdva vl\u00e1du a ministra financi\u00ed Kamenick\u00e9ho, aby okam\u017eite odvolali p\u00e1na Radka Kuruca z poz\u00edcie riadite\u013ea a predsedu predstavenstva \u0160t\u00e1tnej rozvojovej banky<\/title>\n<meta name=\"robots\" content=\"index, follow, max-snippet:-1, max-image-preview:large, max-video-preview:-1\" \/>\n<link rel=\"canonical\" href=\"https:\/\/www.smedemokrati.sk\/cs\/strana-demokrati-vyzyva-vladu-a-ministra-financii-kamenickeho-aby-okamzite-odvolali-pana-radka-kuruca-z-pozicie-riaditela-a-predsedu-predstavenstva-statnej-rozvojovej-banky\/\" \/>\n<meta property=\"og:locale\" content=\"cs_CZ\" \/>\n<meta property=\"og:locale:alternate\" content=\"en_US\" \/>\n<meta property=\"og:locale:alternate\" content=\"hu_HU\" \/>\n<meta property=\"og:locale:alternate\" content=\"sk_SK\" \/>\n<meta property=\"og:locale:alternate\" content=\"sv_SE\" \/>\n<meta property=\"og:type\" content=\"article\" \/>\n<meta property=\"og:title\" content=\"Strana Demokrati vyz\u00fdva vl\u00e1du a ministra financi\u00ed Kamenick\u00e9ho, aby okam\u017eite odvolali p\u00e1na Radka Kuruca z poz\u00edcie riadite\u013ea a predsedu predstavenstva \u0160t\u00e1tnej rozvojovej banky\" \/>\n<meta property=\"og:description\" content=\"\u201eNie je myslite\u013en\u00e9, aby \u010dlovek ods\u00faden\u00fd za prij\u00edmanie \u00faplatku viedol \u0161t\u00e1tnu banku. \u013dudia, ktor\u00ed sa spreneverili svojej funkcii, v tomto pr\u00edpade \u0161t\u00e1tny tajomn\u00edk, nemaj\u00fa \u010do robi\u0165 vo \u0161t\u00e1tnych bank\u00e1ch a u\u017e v\u00f4bec ich vies\u0165. Ak by i\u0161lo o s\u00fakromn\u00fa finan\u010dn\u00fa in\u0161tit\u00faciu, Kuruc by si u\u017e balil veci. Fico a spol. sa v\u0161ak tv\u00e1ria, \u017ee ich [&hellip;]\" \/>\n<meta property=\"og:url\" content=\"https:\/\/www.smedemokrati.sk\/cs\/strana-demokrati-vyzyva-vladu-a-ministra-financii-kamenickeho-aby-okamzite-odvolali-pana-radka-kuruca-z-pozicie-riaditela-a-predsedu-predstavenstva-statnej-rozvojovej-banky\/\" \/>\n<meta property=\"og:site_name\" content=\"Smedemokrati.sk\" \/>\n<meta property=\"article:publisher\" content=\"https:\/\/www.facebook.com\/smedemokrati2023\" \/>\n<meta property=\"article:published_time\" content=\"2026-02-17T15:38:19+00:00\" \/>\n<meta property=\"article:modified_time\" content=\"2026-02-17T15:39:26+00:00\" \/>\n<meta property=\"og:image\" content=\"https:\/\/www.smedemokrati.sk\/wp-content\/uploads\/2023\/04\/Images_web_portety_JS.jpg\" \/>\n\t<meta property=\"og:image:width\" content=\"1520\" \/>\n\t<meta property=\"og:image:height\" content=\"1080\" \/>\n\t<meta property=\"og:image:type\" content=\"image\/jpeg\" \/>\n<meta name=\"author\" content=\"miro.sopko\" \/>\n<meta name=\"twitter:card\" content=\"summary_large_image\" \/>\n<meta name=\"twitter:label1\" content=\"Napsal(a)\" \/>\n\t<meta name=\"twitter:data1\" content=\"miro.sopko\" \/>\n\t<meta name=\"twitter:label2\" content=\"Odhadovan\u00e1 doba \u010dten\u00ed\" \/>\n\t<meta name=\"twitter:data2\" content=\"2 minuty\" \/>\n<script type=\"application\/ld+json\" class=\"yoast-schema-graph\">{\"@context\":\"https:\/\/schema.org\",\"@graph\":[{\"@type\":\"Article\",\"@id\":\"https:\/\/www.smedemokrati.sk\/strana-demokrati-vyzyva-vladu-a-ministra-financii-kamenickeho-aby-okamzite-odvolali-pana-radka-kuruca-z-pozicie-riaditela-a-predsedu-predstavenstva-statnej-rozvojovej-banky\/#article\",\"isPartOf\":{\"@id\":\"https:\/\/www.smedemokrati.sk\/strana-demokrati-vyzyva-vladu-a-ministra-financii-kamenickeho-aby-okamzite-odvolali-pana-radka-kuruca-z-pozicie-riaditela-a-predsedu-predstavenstva-statnej-rozvojovej-banky\/\"},\"author\":{\"name\":\"miro.sopko\",\"@id\":\"https:\/\/www.smedemokrati.sk\/#\/schema\/person\/21f147c88d605aa7ded900e1e7c344ba\"},\"headline\":\"Strana Demokrati vyz\u00fdva vl\u00e1du a ministra financi\u00ed Kamenick\u00e9ho, aby okam\u017eite odvolali p\u00e1na Radka Kuruca z poz\u00edcie riadite\u013ea a predsedu predstavenstva \u0160t\u00e1tnej rozvojovej banky\",\"datePublished\":\"2026-02-17T15:38:19+00:00\",\"dateModified\":\"2026-02-17T15:39:26+00:00\",\"mainEntityOfPage\":{\"@id\":\"https:\/\/www.smedemokrati.sk\/strana-demokrati-vyzyva-vladu-a-ministra-financii-kamenickeho-aby-okamzite-odvolali-pana-radka-kuruca-z-pozicie-riaditela-a-predsedu-predstavenstva-statnej-rozvojovej-banky\/\"},\"wordCount\":302,\"publisher\":{\"@id\":\"https:\/\/www.smedemokrati.sk\/#organization\"},\"image\":{\"@id\":\"https:\/\/www.smedemokrati.sk\/strana-demokrati-vyzyva-vladu-a-ministra-financii-kamenickeho-aby-okamzite-odvolali-pana-radka-kuruca-z-pozicie-riaditela-a-predsedu-predstavenstva-statnej-rozvojovej-banky\/#primaryimage\"},\"thumbnailUrl\":\"https:\/\/www.smedemokrati.sk\/wp-content\/uploads\/2023\/04\/Images_web_portety_JS.jpg\",\"articleSection\":[\"Vyhl\u00e1senia\"],\"inLanguage\":\"cs-CZ\"},{\"@type\":\"WebPage\",\"@id\":\"https:\/\/www.smedemokrati.sk\/strana-demokrati-vyzyva-vladu-a-ministra-financii-kamenickeho-aby-okamzite-odvolali-pana-radka-kuruca-z-pozicie-riaditela-a-predsedu-predstavenstva-statnej-rozvojovej-banky\/\",\"url\":\"https:\/\/www.smedemokrati.sk\/strana-demokrati-vyzyva-vladu-a-ministra-financii-kamenickeho-aby-okamzite-odvolali-pana-radka-kuruca-z-pozicie-riaditela-a-predsedu-predstavenstva-statnej-rozvojovej-banky\/\",\"name\":\"Strana Demokrati vyz\u00fdva vl\u00e1du a ministra financi\u00ed Kamenick\u00e9ho, aby okam\u017eite odvolali p\u00e1na Radka Kuruca z poz\u00edcie riadite\u013ea a predsedu predstavenstva \u0160t\u00e1tnej rozvojovej banky\",\"isPartOf\":{\"@id\":\"https:\/\/www.smedemokrati.sk\/#website\"},\"primaryImageOfPage\":{\"@id\":\"https:\/\/www.smedemokrati.sk\/strana-demokrati-vyzyva-vladu-a-ministra-financii-kamenickeho-aby-okamzite-odvolali-pana-radka-kuruca-z-pozicie-riaditela-a-predsedu-predstavenstva-statnej-rozvojovej-banky\/#primaryimage\"},\"image\":{\"@id\":\"https:\/\/www.smedemokrati.sk\/strana-demokrati-vyzyva-vladu-a-ministra-financii-kamenickeho-aby-okamzite-odvolali-pana-radka-kuruca-z-pozicie-riaditela-a-predsedu-predstavenstva-statnej-rozvojovej-banky\/#primaryimage\"},\"thumbnailUrl\":\"https:\/\/www.smedemokrati.sk\/wp-content\/uploads\/2023\/04\/Images_web_portety_JS.jpg\",\"datePublished\":\"2026-02-17T15:38:19+00:00\",\"dateModified\":\"2026-02-17T15:39:26+00:00\",\"breadcrumb\":{\"@id\":\"https:\/\/www.smedemokrati.sk\/strana-demokrati-vyzyva-vladu-a-ministra-financii-kamenickeho-aby-okamzite-odvolali-pana-radka-kuruca-z-pozicie-riaditela-a-predsedu-predstavenstva-statnej-rozvojovej-banky\/#breadcrumb\"},\"inLanguage\":\"cs-CZ\",\"potentialAction\":[{\"@type\":\"ReadAction\",\"target\":[\"https:\/\/www.smedemokrati.sk\/strana-demokrati-vyzyva-vladu-a-ministra-financii-kamenickeho-aby-okamzite-odvolali-pana-radka-kuruca-z-pozicie-riaditela-a-predsedu-predstavenstva-statnej-rozvojovej-banky\/\"]}]},{\"@type\":\"ImageObject\",\"inLanguage\":\"cs-CZ\",\"@id\":\"https:\/\/www.smedemokrati.sk\/strana-demokrati-vyzyva-vladu-a-ministra-financii-kamenickeho-aby-okamzite-odvolali-pana-radka-kuruca-z-pozicie-riaditela-a-predsedu-predstavenstva-statnej-rozvojovej-banky\/#primaryimage\",\"url\":\"https:\/\/www.smedemokrati.sk\/wp-content\/uploads\/2023\/04\/Images_web_portety_JS.jpg\",\"contentUrl\":\"https:\/\/www.smedemokrati.sk\/wp-content\/uploads\/2023\/04\/Images_web_portety_JS.jpg\",\"width\":1520,\"height\":1080},{\"@type\":\"BreadcrumbList\",\"@id\":\"https:\/\/www.smedemokrati.sk\/strana-demokrati-vyzyva-vladu-a-ministra-financii-kamenickeho-aby-okamzite-odvolali-pana-radka-kuruca-z-pozicie-riaditela-a-predsedu-predstavenstva-statnej-rozvojovej-banky\/#breadcrumb\",\"itemListElement\":[{\"@type\":\"ListItem\",\"position\":1,\"name\":\"Domovsk\u00e1 str\u00e1nka\",\"item\":\"https:\/\/www.smedemokrati.sk\/\"},{\"@type\":\"ListItem\",\"position\":2,\"name\":\"Strana Demokrati vyz\u00fdva vl\u00e1du a ministra financi\u00ed Kamenick\u00e9ho, aby okam\u017eite odvolali p\u00e1na Radka Kuruca z poz\u00edcie riadite\u013ea a predsedu predstavenstva \u0160t\u00e1tnej rozvojovej banky\"}]},{\"@type\":\"WebSite\",\"@id\":\"https:\/\/www.smedemokrati.sk\/#website\",\"url\":\"https:\/\/www.smedemokrati.sk\/\",\"name\":\"Smedemokrati.sk\",\"description\":\"Demokracia a slu\u0161nos\u0165 zv\u00ed\u0165az\u00ed\",\"publisher\":{\"@id\":\"https:\/\/www.smedemokrati.sk\/#organization\"},\"potentialAction\":[{\"@type\":\"SearchAction\",\"target\":{\"@type\":\"EntryPoint\",\"urlTemplate\":\"https:\/\/www.smedemokrati.sk\/?s={search_term_string}\"},\"query-input\":{\"@type\":\"PropertyValueSpecification\",\"valueRequired\":true,\"valueName\":\"search_term_string\"}}],\"inLanguage\":\"cs-CZ\"},{\"@type\":\"Organization\",\"@id\":\"https:\/\/www.smedemokrati.sk\/#organization\",\"name\":\"Smedemokrati.sk\",\"url\":\"https:\/\/www.smedemokrati.sk\/\",\"logo\":{\"@type\":\"ImageObject\",\"inLanguage\":\"cs-CZ\",\"@id\":\"https:\/\/www.smedemokrati.sk\/#\/schema\/logo\/image\/\",\"url\":\"https:\/\/www.smedemokrati.sk\/wp-content\/uploads\/2023\/04\/ff.002.jpeg\",\"contentUrl\":\"https:\/\/www.smedemokrati.sk\/wp-content\/uploads\/2023\/04\/ff.002.jpeg\",\"width\":640,\"height\":480,\"caption\":\"Smedemokrati.sk\"},\"image\":{\"@id\":\"https:\/\/www.smedemokrati.sk\/#\/schema\/logo\/image\/\"},\"sameAs\":[\"https:\/\/www.facebook.com\/smedemokrati2023\"]},{\"@type\":\"Person\",\"@id\":\"https:\/\/www.smedemokrati.sk\/#\/schema\/person\/21f147c88d605aa7ded900e1e7c344ba\",\"name\":\"miro.sopko\",\"image\":{\"@type\":\"ImageObject\",\"inLanguage\":\"cs-CZ\",\"@id\":\"https:\/\/secure.gravatar.com\/avatar\/267e4a36f704376c109afe3a78740c1f5dd8675a2180a908699e7863c9247606?s=96&d=mm&r=g\",\"url\":\"https:\/\/secure.gravatar.com\/avatar\/267e4a36f704376c109afe3a78740c1f5dd8675a2180a908699e7863c9247606?s=96&d=mm&r=g\",\"contentUrl\":\"https:\/\/secure.gravatar.com\/avatar\/267e4a36f704376c109afe3a78740c1f5dd8675a2180a908699e7863c9247606?s=96&d=mm&r=g\",\"caption\":\"miro.sopko\"},\"url\":\"https:\/\/www.smedemokrati.sk\/cs\/author\/miro-sopko\/\"}]}<\/script>\n<!-- \/ Yoast SEO plugin. -->","yoast_head_json":{"title":"Strana Demokrati vyz\u00fdva vl\u00e1du a ministra financi\u00ed Kamenick\u00e9ho, aby okam\u017eite odvolali p\u00e1na Radka Kuruca z poz\u00edcie riadite\u013ea a predsedu predstavenstva \u0160t\u00e1tnej rozvojovej banky","robots":{"index":"index","follow":"follow","max-snippet":"max-snippet:-1","max-image-preview":"max-image-preview:large","max-video-preview":"max-video-preview:-1"},"canonical":"https:\/\/www.smedemokrati.sk\/cs\/strana-demokrati-vyzyva-vladu-a-ministra-financii-kamenickeho-aby-okamzite-odvolali-pana-radka-kuruca-z-pozicie-riaditela-a-predsedu-predstavenstva-statnej-rozvojovej-banky\/","og_locale":"cs_CZ","og_type":"article","og_title":"[:sk]Strana Demokrati vyz\u00fdva vl\u00e1du a ministra financi\u00ed Kamenick\u00e9ho, aby okam\u017eite odvolali p\u00e1na Radka Kuruca z poz\u00edcie riadite\u013ea a predsedu predstavenstva \u0160t\u00e1tnej rozvojovej banky[:] - Smedemokrati.sk","og_description":"\u201eNie je myslite\u013en\u00e9, aby \u010dlovek ods\u00faden\u00fd za prij\u00edmanie \u00faplatku viedol \u0161t\u00e1tnu banku. \u013dudia, ktor\u00ed sa spreneverili svojej funkcii, v tomto pr\u00edpade \u0161t\u00e1tny tajomn\u00edk, nemaj\u00fa \u010do robi\u0165 vo \u0161t\u00e1tnych bank\u00e1ch a u\u017e v\u00f4bec ich vies\u0165. Ak by i\u0161lo o s\u00fakromn\u00fa finan\u010dn\u00fa in\u0161tit\u00faciu, Kuruc by si u\u017e balil veci. Fico a spol. sa v\u0161ak tv\u00e1ria, \u017ee ich [&hellip;]","og_url":"https:\/\/www.smedemokrati.sk\/cs\/strana-demokrati-vyzyva-vladu-a-ministra-financii-kamenickeho-aby-okamzite-odvolali-pana-radka-kuruca-z-pozicie-riaditela-a-predsedu-predstavenstva-statnej-rozvojovej-banky\/","og_site_name":"Smedemokrati.sk","article_publisher":"https:\/\/www.facebook.com\/smedemokrati2023","article_published_time":"2026-02-17T15:38:19+00:00","article_modified_time":"2026-02-17T15:39:26+00:00","og_image":[{"width":1520,"height":1080,"url":"https:\/\/www.smedemokrati.sk\/wp-content\/uploads\/2023\/04\/Images_web_portety_JS.jpg","type":"image\/jpeg"}],"author":"miro.sopko","twitter_card":"summary_large_image","twitter_misc":{"Napsal(a)":"miro.sopko","Odhadovan\u00e1 doba \u010dten\u00ed":"2 minuty"},"schema":{"@context":"https:\/\/schema.org","@graph":[{"@type":"Article","@id":"https:\/\/www.smedemokrati.sk\/strana-demokrati-vyzyva-vladu-a-ministra-financii-kamenickeho-aby-okamzite-odvolali-pana-radka-kuruca-z-pozicie-riaditela-a-predsedu-predstavenstva-statnej-rozvojovej-banky\/#article","isPartOf":{"@id":"https:\/\/www.smedemokrati.sk\/strana-demokrati-vyzyva-vladu-a-ministra-financii-kamenickeho-aby-okamzite-odvolali-pana-radka-kuruca-z-pozicie-riaditela-a-predsedu-predstavenstva-statnej-rozvojovej-banky\/"},"author":{"name":"miro.sopko","@id":"https:\/\/www.smedemokrati.sk\/#\/schema\/person\/21f147c88d605aa7ded900e1e7c344ba"},"headline":"Strana Demokrati vyz\u00fdva vl\u00e1du a ministra financi\u00ed Kamenick\u00e9ho, aby okam\u017eite odvolali p\u00e1na Radka Kuruca z poz\u00edcie riadite\u013ea a predsedu predstavenstva \u0160t\u00e1tnej rozvojovej banky","datePublished":"2026-02-17T15:38:19+00:00","dateModified":"2026-02-17T15:39:26+00:00","mainEntityOfPage":{"@id":"https:\/\/www.smedemokrati.sk\/strana-demokrati-vyzyva-vladu-a-ministra-financii-kamenickeho-aby-okamzite-odvolali-pana-radka-kuruca-z-pozicie-riaditela-a-predsedu-predstavenstva-statnej-rozvojovej-banky\/"},"wordCount":302,"publisher":{"@id":"https:\/\/www.smedemokrati.sk\/#organization"},"image":{"@id":"https:\/\/www.smedemokrati.sk\/strana-demokrati-vyzyva-vladu-a-ministra-financii-kamenickeho-aby-okamzite-odvolali-pana-radka-kuruca-z-pozicie-riaditela-a-predsedu-predstavenstva-statnej-rozvojovej-banky\/#primaryimage"},"thumbnailUrl":"https:\/\/www.smedemokrati.sk\/wp-content\/uploads\/2023\/04\/Images_web_portety_JS.jpg","articleSection":["Vyhl\u00e1senia"],"inLanguage":"cs-CZ"},{"@type":"WebPage","@id":"https:\/\/www.smedemokrati.sk\/strana-demokrati-vyzyva-vladu-a-ministra-financii-kamenickeho-aby-okamzite-odvolali-pana-radka-kuruca-z-pozicie-riaditela-a-predsedu-predstavenstva-statnej-rozvojovej-banky\/","url":"https:\/\/www.smedemokrati.sk\/strana-demokrati-vyzyva-vladu-a-ministra-financii-kamenickeho-aby-okamzite-odvolali-pana-radka-kuruca-z-pozicie-riaditela-a-predsedu-predstavenstva-statnej-rozvojovej-banky\/","name":"Strana Demokrati vyz\u00fdva vl\u00e1du a ministra financi\u00ed Kamenick\u00e9ho, aby okam\u017eite odvolali p\u00e1na Radka Kuruca z poz\u00edcie riadite\u013ea a predsedu predstavenstva \u0160t\u00e1tnej rozvojovej banky","isPartOf":{"@id":"https:\/\/www.smedemokrati.sk\/#website"},"primaryImageOfPage":{"@id":"https:\/\/www.smedemokrati.sk\/strana-demokrati-vyzyva-vladu-a-ministra-financii-kamenickeho-aby-okamzite-odvolali-pana-radka-kuruca-z-pozicie-riaditela-a-predsedu-predstavenstva-statnej-rozvojovej-banky\/#primaryimage"},"image":{"@id":"https:\/\/www.smedemokrati.sk\/strana-demokrati-vyzyva-vladu-a-ministra-financii-kamenickeho-aby-okamzite-odvolali-pana-radka-kuruca-z-pozicie-riaditela-a-predsedu-predstavenstva-statnej-rozvojovej-banky\/#primaryimage"},"thumbnailUrl":"https:\/\/www.smedemokrati.sk\/wp-content\/uploads\/2023\/04\/Images_web_portety_JS.jpg","datePublished":"2026-02-17T15:38:19+00:00","dateModified":"2026-02-17T15:39:26+00:00","breadcrumb":{"@id":"https:\/\/www.smedemokrati.sk\/strana-demokrati-vyzyva-vladu-a-ministra-financii-kamenickeho-aby-okamzite-odvolali-pana-radka-kuruca-z-pozicie-riaditela-a-predsedu-predstavenstva-statnej-rozvojovej-banky\/#breadcrumb"},"inLanguage":"cs-CZ","potentialAction":[{"@type":"ReadAction","target":["https:\/\/www.smedemokrati.sk\/strana-demokrati-vyzyva-vladu-a-ministra-financii-kamenickeho-aby-okamzite-odvolali-pana-radka-kuruca-z-pozicie-riaditela-a-predsedu-predstavenstva-statnej-rozvojovej-banky\/"]}]},{"@type":"ImageObject","inLanguage":"cs-CZ","@id":"https:\/\/www.smedemokrati.sk\/strana-demokrati-vyzyva-vladu-a-ministra-financii-kamenickeho-aby-okamzite-odvolali-pana-radka-kuruca-z-pozicie-riaditela-a-predsedu-predstavenstva-statnej-rozvojovej-banky\/#primaryimage","url":"https:\/\/www.smedemokrati.sk\/wp-content\/uploads\/2023\/04\/Images_web_portety_JS.jpg","contentUrl":"https:\/\/www.smedemokrati.sk\/wp-content\/uploads\/2023\/04\/Images_web_portety_JS.jpg","width":1520,"height":1080},{"@type":"BreadcrumbList","@id":"https:\/\/www.smedemokrati.sk\/strana-demokrati-vyzyva-vladu-a-ministra-financii-kamenickeho-aby-okamzite-odvolali-pana-radka-kuruca-z-pozicie-riaditela-a-predsedu-predstavenstva-statnej-rozvojovej-banky\/#breadcrumb","itemListElement":[{"@type":"ListItem","position":1,"name":"Domovsk\u00e1 str\u00e1nka","item":"https:\/\/www.smedemokrati.sk\/"},{"@type":"ListItem","position":2,"name":"Strana Demokrati vyz\u00fdva vl\u00e1du a ministra financi\u00ed Kamenick\u00e9ho, aby okam\u017eite odvolali p\u00e1na Radka Kuruca z poz\u00edcie riadite\u013ea a predsedu predstavenstva \u0160t\u00e1tnej rozvojovej banky"}]},{"@type":"WebSite","@id":"https:\/\/www.smedemokrati.sk\/#website","url":"https:\/\/www.smedemokrati.sk\/","name":"Smedemokrati.sk","description":"Demokracia a slu\u0161nos\u0165 zv\u00ed\u0165az\u00ed","publisher":{"@id":"https:\/\/www.smedemokrati.sk\/#organization"},"potentialAction":[{"@type":"SearchAction","target":{"@type":"EntryPoint","urlTemplate":"https:\/\/www.smedemokrati.sk\/?s={search_term_string}"},"query-input":{"@type":"PropertyValueSpecification","valueRequired":true,"valueName":"search_term_string"}}],"inLanguage":"cs-CZ"},{"@type":"Organization","@id":"https:\/\/www.smedemokrati.sk\/#organization","name":"Smedemokrati.sk","url":"https:\/\/www.smedemokrati.sk\/","logo":{"@type":"ImageObject","inLanguage":"cs-CZ","@id":"https:\/\/www.smedemokrati.sk\/#\/schema\/logo\/image\/","url":"https:\/\/www.smedemokrati.sk\/wp-content\/uploads\/2023\/04\/ff.002.jpeg","contentUrl":"https:\/\/www.smedemokrati.sk\/wp-content\/uploads\/2023\/04\/ff.002.jpeg","width":640,"height":480,"caption":"Smedemokrati.sk"},"image":{"@id":"https:\/\/www.smedemokrati.sk\/#\/schema\/logo\/image\/"},"sameAs":["https:\/\/www.facebook.com\/smedemokrati2023"]},{"@type":"Person","@id":"https:\/\/www.smedemokrati.sk\/#\/schema\/person\/21f147c88d605aa7ded900e1e7c344ba","name":"miro.sopko","image":{"@type":"ImageObject","inLanguage":"cs-CZ","@id":"https:\/\/secure.gravatar.com\/avatar\/267e4a36f704376c109afe3a78740c1f5dd8675a2180a908699e7863c9247606?s=96&d=mm&r=g","url":"https:\/\/secure.gravatar.com\/avatar\/267e4a36f704376c109afe3a78740c1f5dd8675a2180a908699e7863c9247606?s=96&d=mm&r=g","contentUrl":"https:\/\/secure.gravatar.com\/avatar\/267e4a36f704376c109afe3a78740c1f5dd8675a2180a908699e7863c9247606?s=96&d=mm&r=g","caption":"miro.sopko"},"url":"https:\/\/www.smedemokrati.sk\/cs\/author\/miro-sopko\/"}]}},"_links":{"self":[{"href":"https:\/\/www.smedemokrati.sk\/cs\/wp-json\/wp\/v2\/posts\/8881","targetHints":{"allow":["GET"]}}],"collection":[{"href":"https:\/\/www.smedemokrati.sk\/cs\/wp-json\/wp\/v2\/posts"}],"about":[{"href":"https:\/\/www.smedemokrati.sk\/cs\/wp-json\/wp\/v2\/types\/post"}],"author":[{"embeddable":true,"href":"https:\/\/www.smedemokrati.sk\/cs\/wp-json\/wp\/v2\/users\/13"}],"replies":[{"embeddable":true,"href":"https:\/\/www.smedemokrati.sk\/cs\/wp-json\/wp\/v2\/comments?post=8881"}],"version-history":[{"count":1,"href":"https:\/\/www.smedemokrati.sk\/cs\/wp-json\/wp\/v2\/posts\/8881\/revisions"}],"predecessor-version":[{"id":8882,"href":"https:\/\/www.smedemokrati.sk\/cs\/wp-json\/wp\/v2\/posts\/8881\/revisions\/8882"}],"wp:featuredmedia":[{"embeddable":true,"href":"https:\/\/www.smedemokrati.sk\/cs\/wp-json\/wp\/v2\/media\/930"}],"wp:attachment":[{"href":"https:\/\/www.smedemokrati.sk\/cs\/wp-json\/wp\/v2\/media?parent=8881"}],"wp:term":[{"taxonomy":"category","embeddable":true,"href":"https:\/\/www.smedemokrati.sk\/cs\/wp-json\/wp\/v2\/categories?post=8881"},{"taxonomy":"post_tag","embeddable":true,"href":"https:\/\/www.smedemokrati.sk\/cs\/wp-json\/wp\/v2\/tags?post=8881"}],"curies":[{"name":"wp","href":"https:\/\/api.w.org\/{rel}","templated":true}]}}