{"id":8877,"date":"2026-02-16T13:42:27","date_gmt":"2026-02-16T12:42:27","guid":{"rendered":"https:\/\/www.smedemokrati.sk\/?p=8877"},"modified":"2026-02-16T15:33:47","modified_gmt":"2026-02-16T14:33:47","slug":"vlada-ohrozuje-bezpecnost-na-slovensku-a-otvara-dvere-drogam-kokain-do-kazdej-rodiny","status":"publish","type":"post","link":"https:\/\/www.smedemokrati.sk\/cs\/vlada-ohrozuje-bezpecnost-na-slovensku-a-otvara-dvere-drogam-kokain-do-kazdej-rodiny\/","title":{"rendered":"Vl\u00e1da ohrozuje bezpe\u010dnos\u0165 na Slovensku a otv\u00e1ra dvere drog\u00e1m. Koka\u00edn do ka\u017edej rodiny?"},"content":{"rendered":"<div id=\"fb-root\"><\/div>\n\n<p><strong>Strana Demokrati ostro kritizuje z\u00e1mer vl\u00e1dnej koal\u00edcie op\u00e4\u0165 zasahova\u0165 do trestn\u00fdch k\u00f3dexov. V\u010dera Ficom a Ga\u0161parom prezentovan\u00e1 zmena by znamenala \u010fal\u0161ie v\u00fdrazn\u00e9 zhor\u0161enie bezpe\u010dnostnej situ\u00e1cie na Slovensku. Vl\u00e1dna koal\u00edcia rezignovala na pr\u00e1vny \u0161t\u00e1t a ochranu vlastn\u00fdch ob\u010danov. Zru\u0161enie spolupracuj\u00facich obvinen\u00fdch by bolo rezign\u00e1ciou na boj s mafiou, organizovan\u00fdm zlo\u010dinom a medzin\u00e1rodn\u00fdmi krimin\u00e1lnymi \u0161trukt\u00farami.<\/strong><\/p>\n\n\n\n<p><em>\u201eV\u010deraj\u0161ia tla\u010dov\u00e1 konferencia na \u00darade vl\u00e1dy bola zmesou klamstiev o prepojen\u00ed p\u00e1na \u017dilinku a Demokratov, rovnako klamstiev o spolupracuj\u00facich obvinen\u00fdch, a z\u00e1rove\u0148 i\u0161lo o nepatri\u010dn\u00fd tlak na \u00dastavn\u00fd s\u00fad, ktor\u00fd aktu\u00e1lne pozastavil Ga\u0161parovu novelu Trestn\u00e9ho z\u00e1kona,\u201c<\/em>&nbsp;otv\u00e1ra t\u00e9mu Juraj \u0160eliga, podpredseda strany Demokrati.<\/p>\n\n\n\n<p><em>\u201ePripom\u00ednam, \u017ee s v\u00fdnimkou Ga\u0161para bolo osadenstvo v\u010deraj\u0161ej tla\u010dovej konferencie doned\u00e1vna \u201apriate\u013emi\u2018 so \u017dilinkom. Im \u017dilinka a Kandera d\u00e1vali \u201a363-ky\u2018, vtedy boli ticho a dnes je gener\u00e1lny prokur\u00e1tor zrazu priate\u013eom opoz\u00edcie a Demokratov. A \u010do nez\u00e1konn\u00e1 363-ka, na z\u00e1klade ktorej bol obvinen\u00fd J. \u010curilla a spol.? Vtedy \u017dilinkovi tlieskali. Nikto rozumn\u00fd never\u00ed rozpr\u00e1vke o prepojen\u00ed a ochrane Demokratov zo strany \u017dilinku. Ak je niekto dlhodob\u00fdm kritikom pr\u00e1ce Gener\u00e1lnej prokurat\u00fary, tak s\u00fa to Demokrati a ja osobne,\u201c<\/em>&nbsp;vysvet\u013euje Juraj \u0160eliga.<\/p>\n\n\n\n<p><em>\u201eV\u010deraj\u0161ia tla\u010dov\u00e1 konferencia op\u00e4\u0165 uk\u00e1zala, \u017ee vl\u00e1dna koal\u00edcia, a \u0161peci\u00e1lne strana Smer, rezignovali na politiku a rie\u0161ia len peniaze a beztrestnos\u0165. S\u00fa v z\u00e1ujme ochrany Ga\u0161para a B\u00f6d\u00f6ra \u201a\u00eds\u0165 cez m\u0155tvoly\u2018, len aby im pomohli v kauze O\u010distec. Novela Trestn\u00e9ho z\u00e1kona, ktor\u00e1 fakticky zru\u0161ila spolupracuj\u00facich obvinen\u00fdch, je z\u00e1sahom do s\u00fadnej moci, je to absol\u00fatne nesyst\u00e9mov\u00fd prvok a ohrozuje vy\u0161etrovanie mnoh\u00fdch v\u00e1\u017enych k\u00e1uz \u2013 drogov\u00fdch, ekonomick\u00fdch aj n\u00e1siln\u00fdch. To v\u0161etko len preto, \u017ee Ga\u0161par sa boj\u00ed,\u201c&nbsp;<\/em>hovor\u00ed Juraj \u0160eliga.<\/p>\n\n\n\n<p><em>\u201e\u0160pecializovan\u00fd trestn\u00fd s\u00fad musel pozastavi\u0165 drogov\u00fa kauzu, v ktorej na Slovensko pr\u00fadili stovky a tis\u00edce k\u00edl koka\u00ednu, a t\u00fato zlo\u010dineck\u00fa sie\u0165 sa podarilo rozkry\u0165 v\u010faka spolupracuj\u00facemu obvinen\u00e9mu. Pripom\u00edname, \u017ee tento in\u0161tit\u00fat vyu\u017e\u00edvaj\u00fa v\u0161etky modern\u00e9 a vyspel\u00e9 krajiny. Ak bude zru\u0161en\u00fd, ospravedln\u00edme pa\u0161ovanie koka\u00ednu na Slovensku? Rezignujeme na boj s drogov\u00fdmi d\u00edlermi? Koka\u00edn do ka\u017edej rodiny? To n\u00e1m hovoria Ga\u0161par a Fico? Lebo tak\u00fdto bude dopad \u2013 zastavenie k\u00e1uz, ktor\u00e9 sa vy\u0161etruj\u00fa a s\u00fadia aj v\u010faka spolupracuj\u00facim obvinen\u00fdm. Tak nech to povie premi\u00e9r otvorene: kv\u00f4li Ga\u0161parovi bude Slovensko zamoren\u00e9 drogami a organizovan\u00fdmi zlo\u010dineck\u00fdmi skupinami. Len aby Tibor a Noro boli v pohode,\u201c&nbsp;<\/em>hovor\u00ed Juraj \u0160eliga.<\/p>\n\n\n\n<p><em>\u201eSmer v\u010dera odhalil svoj pl\u00e1n: \u010fal\u0161iu novelu Trestn\u00e9ho z\u00e1kona, ktorou zru\u0161ia Ga\u0161parovu novelu, a teda \u00dastavn\u00fd s\u00fad bude musie\u0165 zastavi\u0165 konanie o jej s\u00falade. N\u00e1sledne prijm\u00fa \u010fal\u0161iu novelu a zru\u0161ia spolupracuj\u00facich obvinen\u00fdch ako tak\u00fdch (teraz ich Ga\u0161parova novela zna\u010dne obmedzila). Spoliehaj\u00fa sa na to, \u017ee \u00dastavn\u00fd s\u00fad nebude m\u00f4c\u0165 rozhodova\u0165 o absencii in\u0161tit\u00fatu spolupracuj\u00faceho obvinen\u00e9ho, preto\u017ee ho zo z\u00e1kona \u00faplne vypustia. Takto by sa pok\u00fasili ob\u00eds\u0165 \u00dastavn\u00fd s\u00fad a pom\u00f4c\u0165 Ga\u0161parovi bez oh\u013eadu na u\u017e op\u00edsan\u00e9 \u0161kody a rizik\u00e1, ktor\u00e9 by tento z\u00e1sah priniesol,\u201c<\/em>&nbsp;vysvet\u013euje Juraj \u0160eliga.<\/p>\n\n\n\n<p><em>\u201eZa stranu Demokrati hovor\u00edm, \u017ee budeme sa proti tak\u00fdmto nesyst\u00e9mov\u00fdm z\u00e1sahom do pr\u00e1vneho poriadku br\u00e1ni\u0165 v\u0161etk\u00fdmi dostupn\u00fdmi prostriedkami, vr\u00e1tane podan\u00ed na \u00dastavn\u00fd s\u00fad. Rovnako upozor\u0148ujeme, \u017ee tak\u00fdto n\u00e1vrh by mohol ohrozi\u0165 eurofondy. Apelujeme na cel\u00fa pr\u00e1vnick\u00fa a odborn\u00fa obec, aby v takejto situ\u00e1cii neml\u010dala,\u201c<\/em>&nbsp;uzatv\u00e1ra Juraj \u0160eliga.<\/p>\n\n\n\n<figure class=\"wp-block-embed is-type-video is-provider-youtube wp-block-embed-youtube wp-embed-aspect-16-9 wp-has-aspect-ratio\"><div class=\"wp-block-embed__wrapper\">\n<iframe title=\"Live: \u010eal\u0161ia novela trestn\u00e9ho z\u00e1kona a kaj\u00facnik Ga\u0161par? Zl\u00e1 DCA? Reakcia na TK R. FIca a M. Rubia\" width=\"500\" height=\"281\" src=\"https:\/\/www.youtube.com\/embed\/qMdzJh0YyU4?feature=oembed\" frameborder=\"0\" allow=\"accelerometer; autoplay; clipboard-write; encrypted-media; gyroscope; picture-in-picture; web-share\" referrerpolicy=\"strict-origin-when-cross-origin\" allowfullscreen><\/iframe>\n<\/div><\/figure>\n","protected":false},"excerpt":{"rendered":"<p>Strana Demokrati ostro kritizuje z\u00e1mer vl\u00e1dnej koal\u00edcie op\u00e4\u0165 zasahova\u0165 do trestn\u00fdch k\u00f3dexov. V\u010dera Ficom a Ga\u0161parom prezentovan\u00e1 zmena by znamenala \u010fal\u0161ie v\u00fdrazn\u00e9 zhor\u0161enie bezpe\u010dnostnej situ\u00e1cie na Slovensku. Vl\u00e1dna koal\u00edcia rezignovala na pr\u00e1vny \u0161t\u00e1t a ochranu vlastn\u00fdch ob\u010danov. Zru\u0161enie spolupracuj\u00facich obvinen\u00fdch by bolo rezign\u00e1ciou na boj s mafiou, organizovan\u00fdm zlo\u010dinom a medzin\u00e1rodn\u00fdmi krimin\u00e1lnymi \u0161trukt\u00farami. \u201eV\u010deraj\u0161ia tla\u010dov\u00e1 [&hellip;]<\/p>\n","protected":false},"author":13,"featured_media":8878,"comment_status":"closed","ping_status":"closed","sticky":false,"template":"","format":"standard","meta":{"_acf_changed":false,"ngg_post_thumbnail":0,"footnotes":""},"categories":[4],"tags":[],"class_list":["post-8877","post","type-post","status-publish","format-standard","has-post-thumbnail","hentry","category-tlacove-spravy"],"acf":[],"yoast_head":"<!-- This site is optimized with the Yoast SEO plugin v27.2 - https:\/\/yoast.com\/product\/yoast-seo-wordpress\/ -->\n<title>Vl\u00e1da ohrozuje bezpe\u010dnos\u0165 na Slovensku a otv\u00e1ra dvere drog\u00e1m. Koka\u00edn do ka\u017edej rodiny?<\/title>\n<meta name=\"description\" content=\"Strana Demokrati ostro kritizuje z\u00e1mer vl\u00e1dnej koal\u00edcie op\u00e4\u0165 zasahova\u0165 do trestn\u00fdch k\u00f3dexov. V\u010dera Ficom a Ga\u0161parom prezentovan\u00e1 zmena by znamenala \u010fal\u0161ie v\u00fdrazn\u00e9 zhor\u0161enie bezpe\u010dnostnej situ\u00e1cie na Slovensku. Vl\u00e1dna koal\u00edcia rezignovala na pr\u00e1vny \u0161t\u00e1t a ochranu vlastn\u00fdch ob\u010danov. Zru\u0161enie spolupracuj\u00facich obvinen\u00fdch by bolo rezign\u00e1ciou na boj s mafiou, organizovan\u00fdm zlo\u010dinom a medzin\u00e1rodn\u00fdmi krimin\u00e1lnymi \u0161trukt\u00farami.\" \/>\n<meta name=\"robots\" content=\"index, follow, max-snippet:-1, max-image-preview:large, max-video-preview:-1\" \/>\n<link rel=\"canonical\" href=\"https:\/\/www.smedemokrati.sk\/cs\/vlada-ohrozuje-bezpecnost-na-slovensku-a-otvara-dvere-drogam-kokain-do-kazdej-rodiny\/\" \/>\n<meta property=\"og:locale\" content=\"cs_CZ\" \/>\n<meta property=\"og:locale:alternate\" content=\"en_US\" \/>\n<meta property=\"og:locale:alternate\" content=\"hu_HU\" \/>\n<meta property=\"og:locale:alternate\" content=\"sk_SK\" \/>\n<meta property=\"og:locale:alternate\" content=\"sv_SE\" \/>\n<meta property=\"og:type\" content=\"article\" \/>\n<meta property=\"og:title\" content=\"Vl\u00e1da ohrozuje bezpe\u010dnos\u0165 na Slovensku a otv\u00e1ra dvere drog\u00e1m. Koka\u00edn do ka\u017edej rodiny?\" \/>\n<meta property=\"og:description\" content=\"Strana Demokrati ostro kritizuje z\u00e1mer vl\u00e1dnej koal\u00edcie op\u00e4\u0165 zasahova\u0165 do trestn\u00fdch k\u00f3dexov. V\u010dera Ficom a Ga\u0161parom prezentovan\u00e1 zmena by znamenala \u010fal\u0161ie v\u00fdrazn\u00e9 zhor\u0161enie bezpe\u010dnostnej situ\u00e1cie na Slovensku. Vl\u00e1dna koal\u00edcia rezignovala na pr\u00e1vny \u0161t\u00e1t a ochranu vlastn\u00fdch ob\u010danov. Zru\u0161enie spolupracuj\u00facich obvinen\u00fdch by bolo rezign\u00e1ciou na boj s mafiou, organizovan\u00fdm zlo\u010dinom a medzin\u00e1rodn\u00fdmi krimin\u00e1lnymi \u0161trukt\u00farami.\" \/>\n<meta property=\"og:url\" content=\"https:\/\/www.smedemokrati.sk\/cs\/vlada-ohrozuje-bezpecnost-na-slovensku-a-otvara-dvere-drogam-kokain-do-kazdej-rodiny\/\" \/>\n<meta property=\"og:site_name\" content=\"Smedemokrati.sk\" \/>\n<meta property=\"article:publisher\" content=\"https:\/\/www.facebook.com\/smedemokrati2023\" \/>\n<meta property=\"article:published_time\" content=\"2026-02-16T12:42:27+00:00\" \/>\n<meta property=\"article:modified_time\" content=\"2026-02-16T14:33:47+00:00\" \/>\n<meta property=\"og:image\" content=\"https:\/\/www.smedemokrati.sk\/wp-content\/uploads\/2026\/02\/kokain.jpg\" \/>\n\t<meta property=\"og:image:width\" content=\"1125\" \/>\n\t<meta property=\"og:image:height\" content=\"605\" \/>\n\t<meta property=\"og:image:type\" content=\"image\/jpeg\" \/>\n<meta name=\"author\" content=\"miro.sopko\" \/>\n<meta name=\"twitter:card\" content=\"summary_large_image\" \/>\n<meta name=\"twitter:label1\" content=\"Napsal(a)\" \/>\n\t<meta name=\"twitter:data1\" content=\"miro.sopko\" \/>\n\t<meta name=\"twitter:label2\" content=\"Odhadovan\u00e1 doba \u010dten\u00ed\" \/>\n\t<meta name=\"twitter:data2\" content=\"3 minuty\" \/>\n<script type=\"application\/ld+json\" class=\"yoast-schema-graph\">{\"@context\":\"https:\/\/schema.org\",\"@graph\":[{\"@type\":\"Article\",\"@id\":\"https:\/\/www.smedemokrati.sk\/vlada-ohrozuje-bezpecnost-na-slovensku-a-otvara-dvere-drogam-kokain-do-kazdej-rodiny\/#article\",\"isPartOf\":{\"@id\":\"https:\/\/www.smedemokrati.sk\/vlada-ohrozuje-bezpecnost-na-slovensku-a-otvara-dvere-drogam-kokain-do-kazdej-rodiny\/\"},\"author\":{\"name\":\"miro.sopko\",\"@id\":\"https:\/\/www.smedemokrati.sk\/#\/schema\/person\/21f147c88d605aa7ded900e1e7c344ba\"},\"headline\":\"Vl\u00e1da ohrozuje bezpe\u010dnos\u0165 na Slovensku a otv\u00e1ra dvere drog\u00e1m. Koka\u00edn do ka\u017edej rodiny?\",\"datePublished\":\"2026-02-16T12:42:27+00:00\",\"dateModified\":\"2026-02-16T14:33:47+00:00\",\"mainEntityOfPage\":{\"@id\":\"https:\/\/www.smedemokrati.sk\/vlada-ohrozuje-bezpecnost-na-slovensku-a-otvara-dvere-drogam-kokain-do-kazdej-rodiny\/\"},\"wordCount\":714,\"publisher\":{\"@id\":\"https:\/\/www.smedemokrati.sk\/#organization\"},\"image\":{\"@id\":\"https:\/\/www.smedemokrati.sk\/vlada-ohrozuje-bezpecnost-na-slovensku-a-otvara-dvere-drogam-kokain-do-kazdej-rodiny\/#primaryimage\"},\"thumbnailUrl\":\"https:\/\/www.smedemokrati.sk\/wp-content\/uploads\/2026\/02\/kokain.jpg\",\"articleSection\":[\"Tla\u010dov\u00e9 spr\u00e1vy\"],\"inLanguage\":\"cs-CZ\"},{\"@type\":\"WebPage\",\"@id\":\"https:\/\/www.smedemokrati.sk\/vlada-ohrozuje-bezpecnost-na-slovensku-a-otvara-dvere-drogam-kokain-do-kazdej-rodiny\/\",\"url\":\"https:\/\/www.smedemokrati.sk\/vlada-ohrozuje-bezpecnost-na-slovensku-a-otvara-dvere-drogam-kokain-do-kazdej-rodiny\/\",\"name\":\"Vl\u00e1da ohrozuje bezpe\u010dnos\u0165 na Slovensku a otv\u00e1ra dvere drog\u00e1m. Koka\u00edn do ka\u017edej rodiny?\",\"isPartOf\":{\"@id\":\"https:\/\/www.smedemokrati.sk\/#website\"},\"primaryImageOfPage\":{\"@id\":\"https:\/\/www.smedemokrati.sk\/vlada-ohrozuje-bezpecnost-na-slovensku-a-otvara-dvere-drogam-kokain-do-kazdej-rodiny\/#primaryimage\"},\"image\":{\"@id\":\"https:\/\/www.smedemokrati.sk\/vlada-ohrozuje-bezpecnost-na-slovensku-a-otvara-dvere-drogam-kokain-do-kazdej-rodiny\/#primaryimage\"},\"thumbnailUrl\":\"https:\/\/www.smedemokrati.sk\/wp-content\/uploads\/2026\/02\/kokain.jpg\",\"datePublished\":\"2026-02-16T12:42:27+00:00\",\"dateModified\":\"2026-02-16T14:33:47+00:00\",\"description\":\"Strana Demokrati ostro kritizuje z\u00e1mer vl\u00e1dnej koal\u00edcie op\u00e4\u0165 zasahova\u0165 do trestn\u00fdch k\u00f3dexov. V\u010dera Ficom a Ga\u0161parom prezentovan\u00e1 zmena by znamenala \u010fal\u0161ie v\u00fdrazn\u00e9 zhor\u0161enie bezpe\u010dnostnej situ\u00e1cie na Slovensku. Vl\u00e1dna koal\u00edcia rezignovala na pr\u00e1vny \u0161t\u00e1t a ochranu vlastn\u00fdch ob\u010danov. Zru\u0161enie spolupracuj\u00facich obvinen\u00fdch by bolo rezign\u00e1ciou na boj s mafiou, organizovan\u00fdm zlo\u010dinom a medzin\u00e1rodn\u00fdmi krimin\u00e1lnymi \u0161trukt\u00farami.\",\"breadcrumb\":{\"@id\":\"https:\/\/www.smedemokrati.sk\/vlada-ohrozuje-bezpecnost-na-slovensku-a-otvara-dvere-drogam-kokain-do-kazdej-rodiny\/#breadcrumb\"},\"inLanguage\":\"cs-CZ\",\"potentialAction\":[{\"@type\":\"ReadAction\",\"target\":[\"https:\/\/www.smedemokrati.sk\/vlada-ohrozuje-bezpecnost-na-slovensku-a-otvara-dvere-drogam-kokain-do-kazdej-rodiny\/\"]}]},{\"@type\":\"ImageObject\",\"inLanguage\":\"cs-CZ\",\"@id\":\"https:\/\/www.smedemokrati.sk\/vlada-ohrozuje-bezpecnost-na-slovensku-a-otvara-dvere-drogam-kokain-do-kazdej-rodiny\/#primaryimage\",\"url\":\"https:\/\/www.smedemokrati.sk\/wp-content\/uploads\/2026\/02\/kokain.jpg\",\"contentUrl\":\"https:\/\/www.smedemokrati.sk\/wp-content\/uploads\/2026\/02\/kokain.jpg\",\"width\":1125,\"height\":605},{\"@type\":\"BreadcrumbList\",\"@id\":\"https:\/\/www.smedemokrati.sk\/vlada-ohrozuje-bezpecnost-na-slovensku-a-otvara-dvere-drogam-kokain-do-kazdej-rodiny\/#breadcrumb\",\"itemListElement\":[{\"@type\":\"ListItem\",\"position\":1,\"name\":\"Domovsk\u00e1 str\u00e1nka\",\"item\":\"https:\/\/www.smedemokrati.sk\/\"},{\"@type\":\"ListItem\",\"position\":2,\"name\":\"Vl\u00e1da ohrozuje bezpe\u010dnos\u0165 na Slovensku a otv\u00e1ra dvere drog\u00e1m. Koka\u00edn do ka\u017edej rodiny?\"}]},{\"@type\":\"WebSite\",\"@id\":\"https:\/\/www.smedemokrati.sk\/#website\",\"url\":\"https:\/\/www.smedemokrati.sk\/\",\"name\":\"Smedemokrati.sk\",\"description\":\"Demokracia a slu\u0161nos\u0165 zv\u00ed\u0165az\u00ed\",\"publisher\":{\"@id\":\"https:\/\/www.smedemokrati.sk\/#organization\"},\"potentialAction\":[{\"@type\":\"SearchAction\",\"target\":{\"@type\":\"EntryPoint\",\"urlTemplate\":\"https:\/\/www.smedemokrati.sk\/?s={search_term_string}\"},\"query-input\":{\"@type\":\"PropertyValueSpecification\",\"valueRequired\":true,\"valueName\":\"search_term_string\"}}],\"inLanguage\":\"cs-CZ\"},{\"@type\":\"Organization\",\"@id\":\"https:\/\/www.smedemokrati.sk\/#organization\",\"name\":\"Smedemokrati.sk\",\"url\":\"https:\/\/www.smedemokrati.sk\/\",\"logo\":{\"@type\":\"ImageObject\",\"inLanguage\":\"cs-CZ\",\"@id\":\"https:\/\/www.smedemokrati.sk\/#\/schema\/logo\/image\/\",\"url\":\"https:\/\/www.smedemokrati.sk\/wp-content\/uploads\/2023\/04\/ff.002.jpeg\",\"contentUrl\":\"https:\/\/www.smedemokrati.sk\/wp-content\/uploads\/2023\/04\/ff.002.jpeg\",\"width\":640,\"height\":480,\"caption\":\"Smedemokrati.sk\"},\"image\":{\"@id\":\"https:\/\/www.smedemokrati.sk\/#\/schema\/logo\/image\/\"},\"sameAs\":[\"https:\/\/www.facebook.com\/smedemokrati2023\"]},{\"@type\":\"Person\",\"@id\":\"https:\/\/www.smedemokrati.sk\/#\/schema\/person\/21f147c88d605aa7ded900e1e7c344ba\",\"name\":\"miro.sopko\",\"image\":{\"@type\":\"ImageObject\",\"inLanguage\":\"cs-CZ\",\"@id\":\"https:\/\/secure.gravatar.com\/avatar\/267e4a36f704376c109afe3a78740c1f5dd8675a2180a908699e7863c9247606?s=96&d=mm&r=g\",\"url\":\"https:\/\/secure.gravatar.com\/avatar\/267e4a36f704376c109afe3a78740c1f5dd8675a2180a908699e7863c9247606?s=96&d=mm&r=g\",\"contentUrl\":\"https:\/\/secure.gravatar.com\/avatar\/267e4a36f704376c109afe3a78740c1f5dd8675a2180a908699e7863c9247606?s=96&d=mm&r=g\",\"caption\":\"miro.sopko\"},\"url\":\"https:\/\/www.smedemokrati.sk\/cs\/author\/miro-sopko\/\"}]}<\/script>\n<!-- \/ Yoast SEO plugin. -->","yoast_head_json":{"title":"Vl\u00e1da ohrozuje bezpe\u010dnos\u0165 na Slovensku a otv\u00e1ra dvere drog\u00e1m. Koka\u00edn do ka\u017edej rodiny?","description":"Strana Demokrati ostro kritizuje z\u00e1mer vl\u00e1dnej koal\u00edcie op\u00e4\u0165 zasahova\u0165 do trestn\u00fdch k\u00f3dexov. V\u010dera Ficom a Ga\u0161parom prezentovan\u00e1 zmena by znamenala \u010fal\u0161ie v\u00fdrazn\u00e9 zhor\u0161enie bezpe\u010dnostnej situ\u00e1cie na Slovensku. Vl\u00e1dna koal\u00edcia rezignovala na pr\u00e1vny \u0161t\u00e1t a ochranu vlastn\u00fdch ob\u010danov. Zru\u0161enie spolupracuj\u00facich obvinen\u00fdch by bolo rezign\u00e1ciou na boj s mafiou, organizovan\u00fdm zlo\u010dinom a medzin\u00e1rodn\u00fdmi krimin\u00e1lnymi \u0161trukt\u00farami.","robots":{"index":"index","follow":"follow","max-snippet":"max-snippet:-1","max-image-preview":"max-image-preview:large","max-video-preview":"max-video-preview:-1"},"canonical":"https:\/\/www.smedemokrati.sk\/cs\/vlada-ohrozuje-bezpecnost-na-slovensku-a-otvara-dvere-drogam-kokain-do-kazdej-rodiny\/","og_locale":"cs_CZ","og_type":"article","og_title":"[:sk]Vl\u00e1da ohrozuje bezpe\u010dnos\u0165 na Slovensku a otv\u00e1ra dvere drog\u00e1m. Koka\u00edn do ka\u017edej rodiny?[:] - Smedemokrati.sk","og_description":"[:sk]Strana Demokrati ostro kritizuje z\u00e1mer vl\u00e1dnej koal\u00edcie op\u00e4\u0165 zasahova\u0165 do trestn\u00fdch k\u00f3dexov. V\u010dera Ficom a Ga\u0161parom prezentovan\u00e1 zmena by znamenala \u010fal\u0161ie v\u00fdrazn\u00e9 zhor\u0161enie bezpe\u010dnostnej situ\u00e1cie na Slovensku. Vl\u00e1dna koal\u00edcia rezignovala na pr\u00e1vny \u0161t\u00e1t a ochranu vlastn\u00fdch ob\u010danov. Zru\u0161enie spolupracuj\u00facich obvinen\u00fdch by bolo rezign\u00e1ciou na boj s mafiou, organizovan\u00fdm zlo\u010dinom a medzin\u00e1rodn\u00fdmi krimin\u00e1lnymi \u0161trukt\u00farami.[:]","og_url":"https:\/\/www.smedemokrati.sk\/cs\/vlada-ohrozuje-bezpecnost-na-slovensku-a-otvara-dvere-drogam-kokain-do-kazdej-rodiny\/","og_site_name":"Smedemokrati.sk","article_publisher":"https:\/\/www.facebook.com\/smedemokrati2023","article_published_time":"2026-02-16T12:42:27+00:00","article_modified_time":"2026-02-16T14:33:47+00:00","og_image":[{"width":1125,"height":605,"url":"https:\/\/www.smedemokrati.sk\/wp-content\/uploads\/2026\/02\/kokain.jpg","type":"image\/jpeg"}],"author":"miro.sopko","twitter_card":"summary_large_image","twitter_misc":{"Napsal(a)":"miro.sopko","Odhadovan\u00e1 doba \u010dten\u00ed":"3 minuty"},"schema":{"@context":"https:\/\/schema.org","@graph":[{"@type":"Article","@id":"https:\/\/www.smedemokrati.sk\/vlada-ohrozuje-bezpecnost-na-slovensku-a-otvara-dvere-drogam-kokain-do-kazdej-rodiny\/#article","isPartOf":{"@id":"https:\/\/www.smedemokrati.sk\/vlada-ohrozuje-bezpecnost-na-slovensku-a-otvara-dvere-drogam-kokain-do-kazdej-rodiny\/"},"author":{"name":"miro.sopko","@id":"https:\/\/www.smedemokrati.sk\/#\/schema\/person\/21f147c88d605aa7ded900e1e7c344ba"},"headline":"Vl\u00e1da ohrozuje bezpe\u010dnos\u0165 na Slovensku a otv\u00e1ra dvere drog\u00e1m. Koka\u00edn do ka\u017edej rodiny?","datePublished":"2026-02-16T12:42:27+00:00","dateModified":"2026-02-16T14:33:47+00:00","mainEntityOfPage":{"@id":"https:\/\/www.smedemokrati.sk\/vlada-ohrozuje-bezpecnost-na-slovensku-a-otvara-dvere-drogam-kokain-do-kazdej-rodiny\/"},"wordCount":714,"publisher":{"@id":"https:\/\/www.smedemokrati.sk\/#organization"},"image":{"@id":"https:\/\/www.smedemokrati.sk\/vlada-ohrozuje-bezpecnost-na-slovensku-a-otvara-dvere-drogam-kokain-do-kazdej-rodiny\/#primaryimage"},"thumbnailUrl":"https:\/\/www.smedemokrati.sk\/wp-content\/uploads\/2026\/02\/kokain.jpg","articleSection":["Tla\u010dov\u00e9 spr\u00e1vy"],"inLanguage":"cs-CZ"},{"@type":"WebPage","@id":"https:\/\/www.smedemokrati.sk\/vlada-ohrozuje-bezpecnost-na-slovensku-a-otvara-dvere-drogam-kokain-do-kazdej-rodiny\/","url":"https:\/\/www.smedemokrati.sk\/vlada-ohrozuje-bezpecnost-na-slovensku-a-otvara-dvere-drogam-kokain-do-kazdej-rodiny\/","name":"Vl\u00e1da ohrozuje bezpe\u010dnos\u0165 na Slovensku a otv\u00e1ra dvere drog\u00e1m. Koka\u00edn do ka\u017edej rodiny?","isPartOf":{"@id":"https:\/\/www.smedemokrati.sk\/#website"},"primaryImageOfPage":{"@id":"https:\/\/www.smedemokrati.sk\/vlada-ohrozuje-bezpecnost-na-slovensku-a-otvara-dvere-drogam-kokain-do-kazdej-rodiny\/#primaryimage"},"image":{"@id":"https:\/\/www.smedemokrati.sk\/vlada-ohrozuje-bezpecnost-na-slovensku-a-otvara-dvere-drogam-kokain-do-kazdej-rodiny\/#primaryimage"},"thumbnailUrl":"https:\/\/www.smedemokrati.sk\/wp-content\/uploads\/2026\/02\/kokain.jpg","datePublished":"2026-02-16T12:42:27+00:00","dateModified":"2026-02-16T14:33:47+00:00","description":"Strana Demokrati ostro kritizuje z\u00e1mer vl\u00e1dnej koal\u00edcie op\u00e4\u0165 zasahova\u0165 do trestn\u00fdch k\u00f3dexov. V\u010dera Ficom a Ga\u0161parom prezentovan\u00e1 zmena by znamenala \u010fal\u0161ie v\u00fdrazn\u00e9 zhor\u0161enie bezpe\u010dnostnej situ\u00e1cie na Slovensku. Vl\u00e1dna koal\u00edcia rezignovala na pr\u00e1vny \u0161t\u00e1t a ochranu vlastn\u00fdch ob\u010danov. Zru\u0161enie spolupracuj\u00facich obvinen\u00fdch by bolo rezign\u00e1ciou na boj s mafiou, organizovan\u00fdm zlo\u010dinom a medzin\u00e1rodn\u00fdmi krimin\u00e1lnymi \u0161trukt\u00farami.","breadcrumb":{"@id":"https:\/\/www.smedemokrati.sk\/vlada-ohrozuje-bezpecnost-na-slovensku-a-otvara-dvere-drogam-kokain-do-kazdej-rodiny\/#breadcrumb"},"inLanguage":"cs-CZ","potentialAction":[{"@type":"ReadAction","target":["https:\/\/www.smedemokrati.sk\/vlada-ohrozuje-bezpecnost-na-slovensku-a-otvara-dvere-drogam-kokain-do-kazdej-rodiny\/"]}]},{"@type":"ImageObject","inLanguage":"cs-CZ","@id":"https:\/\/www.smedemokrati.sk\/vlada-ohrozuje-bezpecnost-na-slovensku-a-otvara-dvere-drogam-kokain-do-kazdej-rodiny\/#primaryimage","url":"https:\/\/www.smedemokrati.sk\/wp-content\/uploads\/2026\/02\/kokain.jpg","contentUrl":"https:\/\/www.smedemokrati.sk\/wp-content\/uploads\/2026\/02\/kokain.jpg","width":1125,"height":605},{"@type":"BreadcrumbList","@id":"https:\/\/www.smedemokrati.sk\/vlada-ohrozuje-bezpecnost-na-slovensku-a-otvara-dvere-drogam-kokain-do-kazdej-rodiny\/#breadcrumb","itemListElement":[{"@type":"ListItem","position":1,"name":"Domovsk\u00e1 str\u00e1nka","item":"https:\/\/www.smedemokrati.sk\/"},{"@type":"ListItem","position":2,"name":"Vl\u00e1da ohrozuje bezpe\u010dnos\u0165 na Slovensku a otv\u00e1ra dvere drog\u00e1m. Koka\u00edn do ka\u017edej rodiny?"}]},{"@type":"WebSite","@id":"https:\/\/www.smedemokrati.sk\/#website","url":"https:\/\/www.smedemokrati.sk\/","name":"Smedemokrati.sk","description":"Demokracia a slu\u0161nos\u0165 zv\u00ed\u0165az\u00ed","publisher":{"@id":"https:\/\/www.smedemokrati.sk\/#organization"},"potentialAction":[{"@type":"SearchAction","target":{"@type":"EntryPoint","urlTemplate":"https:\/\/www.smedemokrati.sk\/?s={search_term_string}"},"query-input":{"@type":"PropertyValueSpecification","valueRequired":true,"valueName":"search_term_string"}}],"inLanguage":"cs-CZ"},{"@type":"Organization","@id":"https:\/\/www.smedemokrati.sk\/#organization","name":"Smedemokrati.sk","url":"https:\/\/www.smedemokrati.sk\/","logo":{"@type":"ImageObject","inLanguage":"cs-CZ","@id":"https:\/\/www.smedemokrati.sk\/#\/schema\/logo\/image\/","url":"https:\/\/www.smedemokrati.sk\/wp-content\/uploads\/2023\/04\/ff.002.jpeg","contentUrl":"https:\/\/www.smedemokrati.sk\/wp-content\/uploads\/2023\/04\/ff.002.jpeg","width":640,"height":480,"caption":"Smedemokrati.sk"},"image":{"@id":"https:\/\/www.smedemokrati.sk\/#\/schema\/logo\/image\/"},"sameAs":["https:\/\/www.facebook.com\/smedemokrati2023"]},{"@type":"Person","@id":"https:\/\/www.smedemokrati.sk\/#\/schema\/person\/21f147c88d605aa7ded900e1e7c344ba","name":"miro.sopko","image":{"@type":"ImageObject","inLanguage":"cs-CZ","@id":"https:\/\/secure.gravatar.com\/avatar\/267e4a36f704376c109afe3a78740c1f5dd8675a2180a908699e7863c9247606?s=96&d=mm&r=g","url":"https:\/\/secure.gravatar.com\/avatar\/267e4a36f704376c109afe3a78740c1f5dd8675a2180a908699e7863c9247606?s=96&d=mm&r=g","contentUrl":"https:\/\/secure.gravatar.com\/avatar\/267e4a36f704376c109afe3a78740c1f5dd8675a2180a908699e7863c9247606?s=96&d=mm&r=g","caption":"miro.sopko"},"url":"https:\/\/www.smedemokrati.sk\/cs\/author\/miro-sopko\/"}]}},"_links":{"self":[{"href":"https:\/\/www.smedemokrati.sk\/cs\/wp-json\/wp\/v2\/posts\/8877","targetHints":{"allow":["GET"]}}],"collection":[{"href":"https:\/\/www.smedemokrati.sk\/cs\/wp-json\/wp\/v2\/posts"}],"about":[{"href":"https:\/\/www.smedemokrati.sk\/cs\/wp-json\/wp\/v2\/types\/post"}],"author":[{"embeddable":true,"href":"https:\/\/www.smedemokrati.sk\/cs\/wp-json\/wp\/v2\/users\/13"}],"replies":[{"embeddable":true,"href":"https:\/\/www.smedemokrati.sk\/cs\/wp-json\/wp\/v2\/comments?post=8877"}],"version-history":[{"count":1,"href":"https:\/\/www.smedemokrati.sk\/cs\/wp-json\/wp\/v2\/posts\/8877\/revisions"}],"predecessor-version":[{"id":8879,"href":"https:\/\/www.smedemokrati.sk\/cs\/wp-json\/wp\/v2\/posts\/8877\/revisions\/8879"}],"wp:featuredmedia":[{"embeddable":true,"href":"https:\/\/www.smedemokrati.sk\/cs\/wp-json\/wp\/v2\/media\/8878"}],"wp:attachment":[{"href":"https:\/\/www.smedemokrati.sk\/cs\/wp-json\/wp\/v2\/media?parent=8877"}],"wp:term":[{"taxonomy":"category","embeddable":true,"href":"https:\/\/www.smedemokrati.sk\/cs\/wp-json\/wp\/v2\/categories?post=8877"},{"taxonomy":"post_tag","embeddable":true,"href":"https:\/\/www.smedemokrati.sk\/cs\/wp-json\/wp\/v2\/tags?post=8877"}],"curies":[{"name":"wp","href":"https:\/\/api.w.org\/{rel}","templated":true}]}}