{"id":8852,"date":"2026-02-11T20:30:00","date_gmt":"2026-02-11T19:30:00","guid":{"rendered":"https:\/\/www.smedemokrati.sk\/?p=8852"},"modified":"2026-02-12T09:32:33","modified_gmt":"2026-02-12T08:32:33","slug":"cela-vlada-si-osvojila-tarabove-lzi-zastrasovanie-a-aroganciu","status":"publish","type":"post","link":"https:\/\/www.smedemokrati.sk\/cs\/cela-vlada-si-osvojila-tarabove-lzi-zastrasovanie-a-aroganciu\/","title":{"rendered":"Cel\u00e1 vl\u00e1da si osvojila Tarabove l\u017ei, zastra\u0161ovanie a aroganciu"},"content":{"rendered":"<div id=\"fb-root\"><\/div>\n\n<p><strong>Vl\u00e1da dne\u0161n\u00fdm rozhodnut\u00edm o elektr\u00e1rni M\u00e1linec v\u0161etk\u00fdm ob\u010danom odk\u00e1zala, \u017ee maj\u00fa dr\u017ea\u0165 hubu a\u00a0krok. Sp\u00f4sobom hulv\u00e1tskeho pretla\u010denia sa ministri zn\u00ed\u017eili na Tarabovu \u00farove\u0148. Demokrati u\u017e pripravuj\u00fa pr\u00e1vne podania na zvr\u00e1tenie rozhodnutia, ktor\u00e9 n\u00e1s dost\u00e1va do \u010dasov febru\u00e1ra 1948.\u00a0<\/strong><\/p>\n\n\n\n<p>Dnes sme videli zn\u00f4\u0161ku l\u017e\u00ed a&nbsp;\u00fateku ministra Tarabu pred element\u00e1rnymi ot\u00e1zkami, ktor\u00e9 sa t\u00fdkali tohto z\u00e1meru. Tento jeho pr\u00edstup trv\u00e1 u\u017e viac ako rok. Za cel\u00fd rok str\u00e1vil diskusiou s&nbsp;dotknut\u00fdmi ob\u010danmi tri min\u00faty. Strana Demokrati je jedn\u00fdm z&nbsp;pod\u00e1vate\u013eom hromadnej pripomienky v&nbsp;pripomienkovom konan\u00ed. \u201c<em>Ka\u017ed\u00e9ho jedn\u00e9ho ministra sme v&nbsp;utorok upozornili, \u017ee neboli splnen\u00e9 procesn\u00e9 predpoklady na to, aby v&nbsp;stredu materi\u00e1l schv\u00e1lila. Vl\u00e1da napriek tomu rozhodla. Ministri sa dostali na \u00farove\u0148 absol\u00fatnej arogancie a&nbsp;zbabelstva Tom\u00e1\u0161a Tarabu. Nepochybujem, \u017ee SMER, HLAS a SNS na to doplatia,<\/em>\u201d vyhl\u00e1sil Michal Ki\u010da, podpredseda Demokratov.&nbsp;<\/p>\n\n\n\n<p>Vl\u00e1da vedome hazarduje so zdrojom pitnej vody pre viac ne\u017e 60-tis\u00edc obyvate\u013eov a&nbsp;po\u0161liapava \u00fastavou garantovan\u00e9 pr\u00e1va ob\u010danov Slovenska, a&nbsp;to sp\u00f4sobom, ktor\u00fd je v&nbsp;rozpore aj so samotn\u00fdm z\u00e1konom o&nbsp;v\u00fdznamn\u00fdch invest\u00edci\u00e1ch. Pova\u017eujeme to za mocensk\u00e9 rozhodnutie bez patri\u010dn\u00fdch \u0161t\u00fadi\u00ed. To u\u017e aj v\u00fdstavba be\u017enej gar\u00e1\u017ee je lep\u0161ie pripraven\u00e1.&nbsp;<\/p>\n\n\n\n<p>Rozhodnutie je postaven\u00e9 na klamstv\u00e1ch a zav\u00e1dzan\u00ed. \u201c<em>V&nbsp;samotnom vl\u00e1dnom materi\u00e1li je ako argument pre tento krok uveden\u00e1 \u010dasov\u00e1 tiese\u0148. Rezort nem\u00e1 e\u0161te ani len pripraven\u00fa \u0161t\u00fadiu realizovate\u013enosti, tak ak\u00e1 \u010dasov\u00e1 tiese\u0148? Nesed\u00ed ani argument ministra Tarabu, \u017ee \u0161tat\u00fat v\u00fdznamnej invest\u00edcie potrebuje na to, aby sa mohli na s\u00fakromn\u00fdch pozemkoch robi\u0165 geologick\u00e9 vrty. To mu toti\u017e umo\u017e\u0148uje u\u017e dnes geologick\u00fd z\u00e1kon a&nbsp;m\u00f4\u017ee to robi\u0165 po dohode s&nbsp;vlastn\u00edkmi. Priamym d\u00f4sledkom dne\u0161n\u00e9ho rozhodnutia bude aj vznik \u0165archy na dotknut\u00fdch pozemkoch a z\u00e1pis obmedzen\u00ed do katastra nehnute\u013enost\u00ed. Taraba zbyto\u010dne rozpr\u00e1va, \u017ee vyvlast\u0148ova\u0165 zatia\u013e nejde, pr\u00e1vny stav mu to umo\u017en\u00ed pod\u013ea jeho \u013eubov\u00f4le. S\u013euboval, \u017ee z \u013eud\u00ed sprav\u00ed milion\u00e1rov, namiesto toho priemerne r\u00e1ta s 80 000 eur kompenz\u00e1ciou. Hovoril o piatich chatk\u00e1ch, vl\u00e1da p\u00ed\u0161e u\u017e o 275 nehnute\u013enostiach. Domnievame sa, \u017ee vo v\u00fdsledku mu ide o pon\u00ed\u017eenie a zastra\u0161enie miestnych obyvate\u013eov a zlomenie ich odporu,<\/em>\u201d kritizuje Michal Ki\u010da<\/p>\n\n\n\n<p>\u201c<em>Mno\u017estvo pochyben\u00ed v celom procese vy\u017eijeme v podaniach na s\u00fady. A pokia\u013e budeme s\u00fa\u010das\u0165ou bud\u00facej vl\u00e1dy, zmen\u00edme ho. Ide u\u017e nielen o \u010cech\u00e1nky, ale o z\u00e1kladn\u00e9 pr\u00e1va a d\u00f4stojnos\u0165 v\u0161etk\u00fdch ob\u010danov SR. T\u00ed nem\u00f4\u017eu osta\u0165 rukojemn\u00edkmi Tarabovej arogancie,<\/em>\u201d uzavrel Michal Ki\u010da.<\/p>\n\n\n\n<figure class=\"wp-block-embed is-type-video is-provider-youtube wp-block-embed-youtube wp-embed-aspect-16-9 wp-has-aspect-ratio\"><div class=\"wp-block-embed__wrapper\">\n<iframe title=\"Live: Reakcia na rozhodnutie vl\u00e1dy o PVE M\u00e1linec!\" width=\"500\" height=\"281\" src=\"https:\/\/www.youtube.com\/embed\/9G2tyu0N1Wk?feature=oembed\" frameborder=\"0\" allow=\"accelerometer; autoplay; clipboard-write; encrypted-media; gyroscope; picture-in-picture; web-share\" referrerpolicy=\"strict-origin-when-cross-origin\" allowfullscreen><\/iframe>\n<\/div><\/figure>\n","protected":false},"excerpt":{"rendered":"<p>Vl\u00e1da dne\u0161n\u00fdm rozhodnut\u00edm o elektr\u00e1rni M\u00e1linec v\u0161etk\u00fdm ob\u010danom odk\u00e1zala, \u017ee maj\u00fa dr\u017ea\u0165 hubu a\u00a0krok. Sp\u00f4sobom hulv\u00e1tskeho pretla\u010denia sa ministri zn\u00ed\u017eili na Tarabovu \u00farove\u0148. Demokrati u\u017e pripravuj\u00fa pr\u00e1vne podania na zvr\u00e1tenie rozhodnutia, ktor\u00e9 n\u00e1s dost\u00e1va do \u010dasov febru\u00e1ra 1948.\u00a0 Dnes sme videli zn\u00f4\u0161ku l\u017e\u00ed a&nbsp;\u00fateku ministra Tarabu pred element\u00e1rnymi ot\u00e1zkami, ktor\u00e9 sa t\u00fdkali tohto z\u00e1meru. Tento [&hellip;]<\/p>\n","protected":false},"author":13,"featured_media":8853,"comment_status":"closed","ping_status":"closed","sticky":false,"template":"","format":"standard","meta":{"_acf_changed":false,"ngg_post_thumbnail":0,"footnotes":""},"categories":[4],"tags":[],"class_list":["post-8852","post","type-post","status-publish","format-standard","has-post-thumbnail","hentry","category-tlacove-spravy"],"acf":[],"yoast_head":"<!-- This site is optimized with the Yoast SEO plugin v27.2 - https:\/\/yoast.com\/product\/yoast-seo-wordpress\/ -->\n<title>Cel\u00e1 vl\u00e1da si osvojila Tarabove l\u017ei, zastra\u0161ovanie a aroganciu<\/title>\n<meta name=\"robots\" content=\"index, follow, max-snippet:-1, max-image-preview:large, max-video-preview:-1\" \/>\n<link rel=\"canonical\" href=\"https:\/\/www.smedemokrati.sk\/cs\/cela-vlada-si-osvojila-tarabove-lzi-zastrasovanie-a-aroganciu\/\" \/>\n<meta property=\"og:locale\" content=\"cs_CZ\" \/>\n<meta property=\"og:locale:alternate\" content=\"en_US\" \/>\n<meta property=\"og:locale:alternate\" content=\"hu_HU\" \/>\n<meta property=\"og:locale:alternate\" content=\"sk_SK\" \/>\n<meta property=\"og:locale:alternate\" content=\"sv_SE\" \/>\n<meta property=\"og:type\" content=\"article\" \/>\n<meta property=\"og:title\" content=\"Cel\u00e1 vl\u00e1da si osvojila Tarabove l\u017ei, zastra\u0161ovanie a aroganciu\" \/>\n<meta property=\"og:description\" content=\"Vl\u00e1da dne\u0161n\u00fdm rozhodnut\u00edm o elektr\u00e1rni M\u00e1linec v\u0161etk\u00fdm ob\u010danom odk\u00e1zala, \u017ee maj\u00fa dr\u017ea\u0165 hubu a\u00a0krok. Sp\u00f4sobom hulv\u00e1tskeho pretla\u010denia sa ministri zn\u00ed\u017eili na Tarabovu \u00farove\u0148. Demokrati u\u017e pripravuj\u00fa pr\u00e1vne podania na zvr\u00e1tenie rozhodnutia, ktor\u00e9 n\u00e1s dost\u00e1va do \u010dasov febru\u00e1ra 1948.\u00a0 Dnes sme videli zn\u00f4\u0161ku l\u017e\u00ed a&nbsp;\u00fateku ministra Tarabu pred element\u00e1rnymi ot\u00e1zkami, ktor\u00e9 sa t\u00fdkali tohto z\u00e1meru. Tento [&hellip;]\" \/>\n<meta property=\"og:url\" content=\"https:\/\/www.smedemokrati.sk\/cs\/cela-vlada-si-osvojila-tarabove-lzi-zastrasovanie-a-aroganciu\/\" \/>\n<meta property=\"og:site_name\" content=\"Smedemokrati.sk\" \/>\n<meta property=\"article:publisher\" content=\"https:\/\/www.facebook.com\/smedemokrati2023\" \/>\n<meta property=\"article:published_time\" content=\"2026-02-11T19:30:00+00:00\" \/>\n<meta property=\"article:modified_time\" content=\"2026-02-12T08:32:33+00:00\" \/>\n<meta property=\"og:image\" content=\"https:\/\/www.smedemokrati.sk\/wp-content\/uploads\/2026\/02\/vlada-malinec-taraba.jpg\" \/>\n\t<meta property=\"og:image:width\" content=\"1280\" \/>\n\t<meta property=\"og:image:height\" content=\"720\" \/>\n\t<meta property=\"og:image:type\" content=\"image\/jpeg\" \/>\n<meta name=\"author\" content=\"miro.sopko\" \/>\n<meta name=\"twitter:card\" content=\"summary_large_image\" \/>\n<meta name=\"twitter:label1\" content=\"Napsal(a)\" \/>\n\t<meta name=\"twitter:data1\" content=\"miro.sopko\" \/>\n\t<meta name=\"twitter:label2\" content=\"Odhadovan\u00e1 doba \u010dten\u00ed\" \/>\n\t<meta name=\"twitter:data2\" content=\"3 minuty\" \/>\n<script type=\"application\/ld+json\" class=\"yoast-schema-graph\">{\"@context\":\"https:\/\/schema.org\",\"@graph\":[{\"@type\":\"Article\",\"@id\":\"https:\/\/www.smedemokrati.sk\/cela-vlada-si-osvojila-tarabove-lzi-zastrasovanie-a-aroganciu\/#article\",\"isPartOf\":{\"@id\":\"https:\/\/www.smedemokrati.sk\/cela-vlada-si-osvojila-tarabove-lzi-zastrasovanie-a-aroganciu\/\"},\"author\":{\"name\":\"miro.sopko\",\"@id\":\"https:\/\/www.smedemokrati.sk\/#\/schema\/person\/21f147c88d605aa7ded900e1e7c344ba\"},\"headline\":\"Cel\u00e1 vl\u00e1da si osvojila Tarabove l\u017ei, zastra\u0161ovanie a aroganciu\",\"datePublished\":\"2026-02-11T19:30:00+00:00\",\"dateModified\":\"2026-02-12T08:32:33+00:00\",\"mainEntityOfPage\":{\"@id\":\"https:\/\/www.smedemokrati.sk\/cela-vlada-si-osvojila-tarabove-lzi-zastrasovanie-a-aroganciu\/\"},\"wordCount\":534,\"publisher\":{\"@id\":\"https:\/\/www.smedemokrati.sk\/#organization\"},\"image\":{\"@id\":\"https:\/\/www.smedemokrati.sk\/cela-vlada-si-osvojila-tarabove-lzi-zastrasovanie-a-aroganciu\/#primaryimage\"},\"thumbnailUrl\":\"https:\/\/www.smedemokrati.sk\/wp-content\/uploads\/2026\/02\/vlada-malinec-taraba.jpg\",\"articleSection\":[\"Tla\u010dov\u00e9 spr\u00e1vy\"],\"inLanguage\":\"cs-CZ\"},{\"@type\":\"WebPage\",\"@id\":\"https:\/\/www.smedemokrati.sk\/cela-vlada-si-osvojila-tarabove-lzi-zastrasovanie-a-aroganciu\/\",\"url\":\"https:\/\/www.smedemokrati.sk\/cela-vlada-si-osvojila-tarabove-lzi-zastrasovanie-a-aroganciu\/\",\"name\":\"Cel\u00e1 vl\u00e1da si osvojila Tarabove l\u017ei, zastra\u0161ovanie a aroganciu\",\"isPartOf\":{\"@id\":\"https:\/\/www.smedemokrati.sk\/#website\"},\"primaryImageOfPage\":{\"@id\":\"https:\/\/www.smedemokrati.sk\/cela-vlada-si-osvojila-tarabove-lzi-zastrasovanie-a-aroganciu\/#primaryimage\"},\"image\":{\"@id\":\"https:\/\/www.smedemokrati.sk\/cela-vlada-si-osvojila-tarabove-lzi-zastrasovanie-a-aroganciu\/#primaryimage\"},\"thumbnailUrl\":\"https:\/\/www.smedemokrati.sk\/wp-content\/uploads\/2026\/02\/vlada-malinec-taraba.jpg\",\"datePublished\":\"2026-02-11T19:30:00+00:00\",\"dateModified\":\"2026-02-12T08:32:33+00:00\",\"breadcrumb\":{\"@id\":\"https:\/\/www.smedemokrati.sk\/cela-vlada-si-osvojila-tarabove-lzi-zastrasovanie-a-aroganciu\/#breadcrumb\"},\"inLanguage\":\"cs-CZ\",\"potentialAction\":[{\"@type\":\"ReadAction\",\"target\":[\"https:\/\/www.smedemokrati.sk\/cela-vlada-si-osvojila-tarabove-lzi-zastrasovanie-a-aroganciu\/\"]}]},{\"@type\":\"ImageObject\",\"inLanguage\":\"cs-CZ\",\"@id\":\"https:\/\/www.smedemokrati.sk\/cela-vlada-si-osvojila-tarabove-lzi-zastrasovanie-a-aroganciu\/#primaryimage\",\"url\":\"https:\/\/www.smedemokrati.sk\/wp-content\/uploads\/2026\/02\/vlada-malinec-taraba.jpg\",\"contentUrl\":\"https:\/\/www.smedemokrati.sk\/wp-content\/uploads\/2026\/02\/vlada-malinec-taraba.jpg\",\"width\":1280,\"height\":720},{\"@type\":\"BreadcrumbList\",\"@id\":\"https:\/\/www.smedemokrati.sk\/cela-vlada-si-osvojila-tarabove-lzi-zastrasovanie-a-aroganciu\/#breadcrumb\",\"itemListElement\":[{\"@type\":\"ListItem\",\"position\":1,\"name\":\"Domovsk\u00e1 str\u00e1nka\",\"item\":\"https:\/\/www.smedemokrati.sk\/\"},{\"@type\":\"ListItem\",\"position\":2,\"name\":\"Cel\u00e1 vl\u00e1da si osvojila Tarabove l\u017ei, zastra\u0161ovanie a aroganciu\"}]},{\"@type\":\"WebSite\",\"@id\":\"https:\/\/www.smedemokrati.sk\/#website\",\"url\":\"https:\/\/www.smedemokrati.sk\/\",\"name\":\"Smedemokrati.sk\",\"description\":\"Demokracia a slu\u0161nos\u0165 zv\u00ed\u0165az\u00ed\",\"publisher\":{\"@id\":\"https:\/\/www.smedemokrati.sk\/#organization\"},\"potentialAction\":[{\"@type\":\"SearchAction\",\"target\":{\"@type\":\"EntryPoint\",\"urlTemplate\":\"https:\/\/www.smedemokrati.sk\/?s={search_term_string}\"},\"query-input\":{\"@type\":\"PropertyValueSpecification\",\"valueRequired\":true,\"valueName\":\"search_term_string\"}}],\"inLanguage\":\"cs-CZ\"},{\"@type\":\"Organization\",\"@id\":\"https:\/\/www.smedemokrati.sk\/#organization\",\"name\":\"Smedemokrati.sk\",\"url\":\"https:\/\/www.smedemokrati.sk\/\",\"logo\":{\"@type\":\"ImageObject\",\"inLanguage\":\"cs-CZ\",\"@id\":\"https:\/\/www.smedemokrati.sk\/#\/schema\/logo\/image\/\",\"url\":\"https:\/\/www.smedemokrati.sk\/wp-content\/uploads\/2023\/04\/ff.002.jpeg\",\"contentUrl\":\"https:\/\/www.smedemokrati.sk\/wp-content\/uploads\/2023\/04\/ff.002.jpeg\",\"width\":640,\"height\":480,\"caption\":\"Smedemokrati.sk\"},\"image\":{\"@id\":\"https:\/\/www.smedemokrati.sk\/#\/schema\/logo\/image\/\"},\"sameAs\":[\"https:\/\/www.facebook.com\/smedemokrati2023\"]},{\"@type\":\"Person\",\"@id\":\"https:\/\/www.smedemokrati.sk\/#\/schema\/person\/21f147c88d605aa7ded900e1e7c344ba\",\"name\":\"miro.sopko\",\"image\":{\"@type\":\"ImageObject\",\"inLanguage\":\"cs-CZ\",\"@id\":\"https:\/\/secure.gravatar.com\/avatar\/267e4a36f704376c109afe3a78740c1f5dd8675a2180a908699e7863c9247606?s=96&d=mm&r=g\",\"url\":\"https:\/\/secure.gravatar.com\/avatar\/267e4a36f704376c109afe3a78740c1f5dd8675a2180a908699e7863c9247606?s=96&d=mm&r=g\",\"contentUrl\":\"https:\/\/secure.gravatar.com\/avatar\/267e4a36f704376c109afe3a78740c1f5dd8675a2180a908699e7863c9247606?s=96&d=mm&r=g\",\"caption\":\"miro.sopko\"},\"url\":\"https:\/\/www.smedemokrati.sk\/cs\/author\/miro-sopko\/\"}]}<\/script>\n<!-- \/ Yoast SEO plugin. -->","yoast_head_json":{"title":"Cel\u00e1 vl\u00e1da si osvojila Tarabove l\u017ei, zastra\u0161ovanie a aroganciu","robots":{"index":"index","follow":"follow","max-snippet":"max-snippet:-1","max-image-preview":"max-image-preview:large","max-video-preview":"max-video-preview:-1"},"canonical":"https:\/\/www.smedemokrati.sk\/cs\/cela-vlada-si-osvojila-tarabove-lzi-zastrasovanie-a-aroganciu\/","og_locale":"cs_CZ","og_type":"article","og_title":"[:sk]Cel\u00e1 vl\u00e1da si osvojila Tarabove l\u017ei, zastra\u0161ovanie a aroganciu[:] - Smedemokrati.sk","og_description":"Vl\u00e1da dne\u0161n\u00fdm rozhodnut\u00edm o elektr\u00e1rni M\u00e1linec v\u0161etk\u00fdm ob\u010danom odk\u00e1zala, \u017ee maj\u00fa dr\u017ea\u0165 hubu a\u00a0krok. Sp\u00f4sobom hulv\u00e1tskeho pretla\u010denia sa ministri zn\u00ed\u017eili na Tarabovu \u00farove\u0148. Demokrati u\u017e pripravuj\u00fa pr\u00e1vne podania na zvr\u00e1tenie rozhodnutia, ktor\u00e9 n\u00e1s dost\u00e1va do \u010dasov febru\u00e1ra 1948.\u00a0 Dnes sme videli zn\u00f4\u0161ku l\u017e\u00ed a&nbsp;\u00fateku ministra Tarabu pred element\u00e1rnymi ot\u00e1zkami, ktor\u00e9 sa t\u00fdkali tohto z\u00e1meru. Tento [&hellip;]","og_url":"https:\/\/www.smedemokrati.sk\/cs\/cela-vlada-si-osvojila-tarabove-lzi-zastrasovanie-a-aroganciu\/","og_site_name":"Smedemokrati.sk","article_publisher":"https:\/\/www.facebook.com\/smedemokrati2023","article_published_time":"2026-02-11T19:30:00+00:00","article_modified_time":"2026-02-12T08:32:33+00:00","og_image":[{"width":1280,"height":720,"url":"https:\/\/www.smedemokrati.sk\/wp-content\/uploads\/2026\/02\/vlada-malinec-taraba.jpg","type":"image\/jpeg"}],"author":"miro.sopko","twitter_card":"summary_large_image","twitter_misc":{"Napsal(a)":"miro.sopko","Odhadovan\u00e1 doba \u010dten\u00ed":"3 minuty"},"schema":{"@context":"https:\/\/schema.org","@graph":[{"@type":"Article","@id":"https:\/\/www.smedemokrati.sk\/cela-vlada-si-osvojila-tarabove-lzi-zastrasovanie-a-aroganciu\/#article","isPartOf":{"@id":"https:\/\/www.smedemokrati.sk\/cela-vlada-si-osvojila-tarabove-lzi-zastrasovanie-a-aroganciu\/"},"author":{"name":"miro.sopko","@id":"https:\/\/www.smedemokrati.sk\/#\/schema\/person\/21f147c88d605aa7ded900e1e7c344ba"},"headline":"Cel\u00e1 vl\u00e1da si osvojila Tarabove l\u017ei, zastra\u0161ovanie a aroganciu","datePublished":"2026-02-11T19:30:00+00:00","dateModified":"2026-02-12T08:32:33+00:00","mainEntityOfPage":{"@id":"https:\/\/www.smedemokrati.sk\/cela-vlada-si-osvojila-tarabove-lzi-zastrasovanie-a-aroganciu\/"},"wordCount":534,"publisher":{"@id":"https:\/\/www.smedemokrati.sk\/#organization"},"image":{"@id":"https:\/\/www.smedemokrati.sk\/cela-vlada-si-osvojila-tarabove-lzi-zastrasovanie-a-aroganciu\/#primaryimage"},"thumbnailUrl":"https:\/\/www.smedemokrati.sk\/wp-content\/uploads\/2026\/02\/vlada-malinec-taraba.jpg","articleSection":["Tla\u010dov\u00e9 spr\u00e1vy"],"inLanguage":"cs-CZ"},{"@type":"WebPage","@id":"https:\/\/www.smedemokrati.sk\/cela-vlada-si-osvojila-tarabove-lzi-zastrasovanie-a-aroganciu\/","url":"https:\/\/www.smedemokrati.sk\/cela-vlada-si-osvojila-tarabove-lzi-zastrasovanie-a-aroganciu\/","name":"Cel\u00e1 vl\u00e1da si osvojila Tarabove l\u017ei, zastra\u0161ovanie a aroganciu","isPartOf":{"@id":"https:\/\/www.smedemokrati.sk\/#website"},"primaryImageOfPage":{"@id":"https:\/\/www.smedemokrati.sk\/cela-vlada-si-osvojila-tarabove-lzi-zastrasovanie-a-aroganciu\/#primaryimage"},"image":{"@id":"https:\/\/www.smedemokrati.sk\/cela-vlada-si-osvojila-tarabove-lzi-zastrasovanie-a-aroganciu\/#primaryimage"},"thumbnailUrl":"https:\/\/www.smedemokrati.sk\/wp-content\/uploads\/2026\/02\/vlada-malinec-taraba.jpg","datePublished":"2026-02-11T19:30:00+00:00","dateModified":"2026-02-12T08:32:33+00:00","breadcrumb":{"@id":"https:\/\/www.smedemokrati.sk\/cela-vlada-si-osvojila-tarabove-lzi-zastrasovanie-a-aroganciu\/#breadcrumb"},"inLanguage":"cs-CZ","potentialAction":[{"@type":"ReadAction","target":["https:\/\/www.smedemokrati.sk\/cela-vlada-si-osvojila-tarabove-lzi-zastrasovanie-a-aroganciu\/"]}]},{"@type":"ImageObject","inLanguage":"cs-CZ","@id":"https:\/\/www.smedemokrati.sk\/cela-vlada-si-osvojila-tarabove-lzi-zastrasovanie-a-aroganciu\/#primaryimage","url":"https:\/\/www.smedemokrati.sk\/wp-content\/uploads\/2026\/02\/vlada-malinec-taraba.jpg","contentUrl":"https:\/\/www.smedemokrati.sk\/wp-content\/uploads\/2026\/02\/vlada-malinec-taraba.jpg","width":1280,"height":720},{"@type":"BreadcrumbList","@id":"https:\/\/www.smedemokrati.sk\/cela-vlada-si-osvojila-tarabove-lzi-zastrasovanie-a-aroganciu\/#breadcrumb","itemListElement":[{"@type":"ListItem","position":1,"name":"Domovsk\u00e1 str\u00e1nka","item":"https:\/\/www.smedemokrati.sk\/"},{"@type":"ListItem","position":2,"name":"Cel\u00e1 vl\u00e1da si osvojila Tarabove l\u017ei, zastra\u0161ovanie a aroganciu"}]},{"@type":"WebSite","@id":"https:\/\/www.smedemokrati.sk\/#website","url":"https:\/\/www.smedemokrati.sk\/","name":"Smedemokrati.sk","description":"Demokracia a slu\u0161nos\u0165 zv\u00ed\u0165az\u00ed","publisher":{"@id":"https:\/\/www.smedemokrati.sk\/#organization"},"potentialAction":[{"@type":"SearchAction","target":{"@type":"EntryPoint","urlTemplate":"https:\/\/www.smedemokrati.sk\/?s={search_term_string}"},"query-input":{"@type":"PropertyValueSpecification","valueRequired":true,"valueName":"search_term_string"}}],"inLanguage":"cs-CZ"},{"@type":"Organization","@id":"https:\/\/www.smedemokrati.sk\/#organization","name":"Smedemokrati.sk","url":"https:\/\/www.smedemokrati.sk\/","logo":{"@type":"ImageObject","inLanguage":"cs-CZ","@id":"https:\/\/www.smedemokrati.sk\/#\/schema\/logo\/image\/","url":"https:\/\/www.smedemokrati.sk\/wp-content\/uploads\/2023\/04\/ff.002.jpeg","contentUrl":"https:\/\/www.smedemokrati.sk\/wp-content\/uploads\/2023\/04\/ff.002.jpeg","width":640,"height":480,"caption":"Smedemokrati.sk"},"image":{"@id":"https:\/\/www.smedemokrati.sk\/#\/schema\/logo\/image\/"},"sameAs":["https:\/\/www.facebook.com\/smedemokrati2023"]},{"@type":"Person","@id":"https:\/\/www.smedemokrati.sk\/#\/schema\/person\/21f147c88d605aa7ded900e1e7c344ba","name":"miro.sopko","image":{"@type":"ImageObject","inLanguage":"cs-CZ","@id":"https:\/\/secure.gravatar.com\/avatar\/267e4a36f704376c109afe3a78740c1f5dd8675a2180a908699e7863c9247606?s=96&d=mm&r=g","url":"https:\/\/secure.gravatar.com\/avatar\/267e4a36f704376c109afe3a78740c1f5dd8675a2180a908699e7863c9247606?s=96&d=mm&r=g","contentUrl":"https:\/\/secure.gravatar.com\/avatar\/267e4a36f704376c109afe3a78740c1f5dd8675a2180a908699e7863c9247606?s=96&d=mm&r=g","caption":"miro.sopko"},"url":"https:\/\/www.smedemokrati.sk\/cs\/author\/miro-sopko\/"}]}},"_links":{"self":[{"href":"https:\/\/www.smedemokrati.sk\/cs\/wp-json\/wp\/v2\/posts\/8852","targetHints":{"allow":["GET"]}}],"collection":[{"href":"https:\/\/www.smedemokrati.sk\/cs\/wp-json\/wp\/v2\/posts"}],"about":[{"href":"https:\/\/www.smedemokrati.sk\/cs\/wp-json\/wp\/v2\/types\/post"}],"author":[{"embeddable":true,"href":"https:\/\/www.smedemokrati.sk\/cs\/wp-json\/wp\/v2\/users\/13"}],"replies":[{"embeddable":true,"href":"https:\/\/www.smedemokrati.sk\/cs\/wp-json\/wp\/v2\/comments?post=8852"}],"version-history":[{"count":1,"href":"https:\/\/www.smedemokrati.sk\/cs\/wp-json\/wp\/v2\/posts\/8852\/revisions"}],"predecessor-version":[{"id":8854,"href":"https:\/\/www.smedemokrati.sk\/cs\/wp-json\/wp\/v2\/posts\/8852\/revisions\/8854"}],"wp:featuredmedia":[{"embeddable":true,"href":"https:\/\/www.smedemokrati.sk\/cs\/wp-json\/wp\/v2\/media\/8853"}],"wp:attachment":[{"href":"https:\/\/www.smedemokrati.sk\/cs\/wp-json\/wp\/v2\/media?parent=8852"}],"wp:term":[{"taxonomy":"category","embeddable":true,"href":"https:\/\/www.smedemokrati.sk\/cs\/wp-json\/wp\/v2\/categories?post=8852"},{"taxonomy":"post_tag","embeddable":true,"href":"https:\/\/www.smedemokrati.sk\/cs\/wp-json\/wp\/v2\/tags?post=8852"}],"curies":[{"name":"wp","href":"https:\/\/api.w.org\/{rel}","templated":true}]}}