{"id":8824,"date":"2026-02-05T13:14:48","date_gmt":"2026-02-05T12:14:48","guid":{"rendered":"https:\/\/www.smedemokrati.sk\/?p=8824"},"modified":"2026-02-05T13:14:49","modified_gmt":"2026-02-05T12:14:49","slug":"po-rokoch-klamstiev-sa-obvinenia-z-vlastizrady-ci-sabotaze-rozpadli-na-marne-kusky-robert-fico-zaziva-najvacsiu-porazku-celej-svojej-politickej-kariery","status":"publish","type":"post","link":"https:\/\/www.smedemokrati.sk\/cs\/po-rokoch-klamstiev-sa-obvinenia-z-vlastizrady-ci-sabotaze-rozpadli-na-marne-kusky-robert-fico-zaziva-najvacsiu-porazku-celej-svojej-politickej-kariery\/","title":{"rendered":"Po rokoch klamstiev sa obvinenia z vlastizrady \u010di sabot\u00e1\u017ee rozpadli na m\u00e1rne k\u00fasky. Robert Fico za\u017e\u00edva najv\u00e4\u010d\u0161iu por\u00e1\u017eku celej svojej politickej kari\u00e9ry"},"content":{"rendered":"<div id=\"fb-root\"><\/div>\n\n<p><strong>Rozhodnutia org\u00e1nov \u010dinn\u00fdch v trestnom konan\u00ed jednozna\u010dne potvrdili, \u017ee predstavitelia vl\u00e1dy Eduarda Hegera konali pri k\u013e\u00fa\u010dov\u00fdch rozhodnutiach o pomoci napadnut\u00e9mu susedovi Ukrajine &#8211; v s\u00falade so z\u00e1konom.<\/strong><\/p>\n\n\n\n<p><em>\u201ePomoc Ukrajine bola spr\u00e1vna mor\u00e1lne, bezpe\u010dnostne aj z poh\u013eadu z\u00e1ujmov Slovenskej republiky. \u0160tyri roky ma obvi\u0148ovali z vlastizrady, sabot\u00e1\u017ee a rozkr\u00e1dania \u0161t\u00e1tu. Dne\u0161n\u00fd v\u00fdsledok rozsiahleho vy\u0161etrovania v s\u00favislosti s darovan\u00edm MiGov a syst\u00e9mu S-300 je jasn\u00fd: Robert Fico klamal a vl\u00e1da Eduarda Hegera konala v s\u00falade so z\u00e1konom. \u010eakujem ministrovi \u0160utajovi E\u0161tokovi za zriadenie vy\u0161etrovacieho t\u00edmu, ktor\u00fd potvrdil spr\u00e1vnos\u0165 a z\u00e1konnos\u0165 n\u00e1\u0161ho konania,\u201c&nbsp;<\/em>uviedol predseda strany Demokrati Jaroslav Na\u010f.<\/p>\n\n\n\n<p>B\u00fdval\u00fd minister obrany z\u00e1rove\u0148 vyzdvihol z\u00e1very vy\u0161etrovania, ktor\u00e9 potvrdili, \u017ee jeho vedenie rezortu sa spr\u00e1valo ako dobr\u00fd hospod\u00e1r. Darovan\u00edm techniky Slovensko z\u00edskalo finan\u010dn\u00fa n\u00e1hradu a z\u00e1rove\u0148 nijako neoslabilo svoju obranyschopnos\u0165.<\/p>\n\n\n\n<p><em>\u201eVy\u0161etrovatelia mali k dispoz\u00edcii kompletn\u00e9 materi\u00e1ly, nahr\u00e1vky z rokovan\u00ed vl\u00e1dy, v\u00fdpovede, odborn\u00e9 anal\u00fdzy aj medzin\u00e1rodn\u00e9 zmluvy. Na ich z\u00e1klade potvrdili, \u017ee sme za finan\u010dn\u00fa n\u00e1hradu poskytli techniku, ktor\u00e1 bola po skon\u010den\u00ed \u017eivotnosti, ch\u00fdbal k nej person\u00e1l \u010di \u010fal\u0161ia potrebn\u00e1 v\u00fdzbroj,\u201c<\/em>&nbsp;dodal Jaroslav Na\u010f.<\/p>\n\n\n\n<p>V tejto s\u00favislosti vyzval predsedu vl\u00e1dy, aby apeloval na ma\u010farsk\u00e9ho premi\u00e9ra Viktora Orb\u00e1na a vyzval ho presta\u0165 blokova\u0165 210 mili\u00f3nov eur, ktor\u00e9 m\u00e1 Slovensk\u00e1 republika z\u00edska\u0165 ako kompenz\u00e1ciu za darovan\u00e9 st\u00edha\u010dky MiG-29.<\/p>\n\n\n\n<p>Strana Demokrati tie\u017e vyz\u00fdva predstavite\u013eov vl\u00e1dnej koal\u00edcie, ktor\u00ed dlhodobo \u0161\u00edrili nepodlo\u017een\u00e9 a klamliv\u00e9 obvinenia, aby prevzali politick\u00fa zodpovednos\u0165 a verejne sa ospravedlnili v\u0161etk\u00fdm, ktor\u00fdch neopr\u00e1vnene o\u010dier\u0148ovali.<br><em><br>\u201eM\u00fdtus o holom a bosom Slovensku sa im definit\u00edvne rozpadol. O\u010dak\u00e1vame preto e\u0161te agres\u00edvnej\u0161ie \u00fatoky na stranu Demokrati. Ke\u010f n\u00e1s nevedia porazi\u0165 politicky, sna\u017eia sa n\u00e1s porazi\u0165 klamstvami. O\u010dak\u00e1vame, \u017ee sa za svoje l\u017ei ospravedln\u00edte, a to nielen n\u00e1m, ale najm\u00e4 ob\u010danom, ktor\u00fdch ste vedome zav\u00e1dzali, p\u00e1n Fico,\u201c&nbsp;<\/em>zd\u00f4raznil podpredseda strany Juraj \u0160eliga.<\/p>\n\n\n\n<p>Demokrati z\u00e1rove\u0148 deklaruj\u00fa, \u017ee aj na\u010falej bud\u00fa pri v\u0161etk\u00fdch otvoren\u00fdch veciach plne s\u00fa\u010dinn\u00ed s pr\u00edslu\u0161n\u00fdmi org\u00e1nmi a vyz\u00fdvaj\u00fa s\u00fa\u010dasn\u00fa vl\u00e1dnu koal\u00edciu na re\u0161pektovanie pr\u00e1voplatn\u00fdch rozhodnut\u00ed org\u00e1nov \u010dinn\u00fdch v trestnom konan\u00ed.<\/p>\n\n\n\n<figure class=\"wp-block-embed is-type-video is-provider-youtube wp-block-embed-youtube wp-embed-aspect-16-9 wp-has-aspect-ratio\"><div class=\"wp-block-embed__wrapper\">\n<iframe title=\"Live: Reakcia na TK krajskej prokurat\u00fary k darovaniu vojenskej techniky na Ukrajinu\" width=\"500\" height=\"281\" src=\"https:\/\/www.youtube.com\/embed\/PfxInNNNACQ?feature=oembed\" frameborder=\"0\" allow=\"accelerometer; autoplay; clipboard-write; encrypted-media; gyroscope; picture-in-picture; web-share\" referrerpolicy=\"strict-origin-when-cross-origin\" allowfullscreen><\/iframe>\n<\/div><\/figure>\n","protected":false},"excerpt":{"rendered":"<p>Rozhodnutia org\u00e1nov \u010dinn\u00fdch v trestnom konan\u00ed jednozna\u010dne potvrdili, \u017ee predstavitelia vl\u00e1dy Eduarda Hegera konali pri k\u013e\u00fa\u010dov\u00fdch rozhodnutiach o pomoci napadnut\u00e9mu susedovi Ukrajine &#8211; v s\u00falade so z\u00e1konom. \u201ePomoc Ukrajine bola spr\u00e1vna mor\u00e1lne, bezpe\u010dnostne aj z poh\u013eadu z\u00e1ujmov Slovenskej republiky. \u0160tyri roky ma obvi\u0148ovali z vlastizrady, sabot\u00e1\u017ee a rozkr\u00e1dania \u0161t\u00e1tu. Dne\u0161n\u00fd v\u00fdsledok rozsiahleho vy\u0161etrovania v s\u00favislosti [&hellip;]<\/p>\n","protected":false},"author":13,"featured_media":8825,"comment_status":"closed","ping_status":"closed","sticky":false,"template":"","format":"standard","meta":{"_acf_changed":false,"ngg_post_thumbnail":0,"footnotes":""},"categories":[4],"tags":[],"class_list":["post-8824","post","type-post","status-publish","format-standard","has-post-thumbnail","hentry","category-tlacove-spravy"],"acf":[],"yoast_head":"<!-- This site is optimized with the Yoast SEO plugin v27.2 - https:\/\/yoast.com\/product\/yoast-seo-wordpress\/ -->\n<title>Po rokoch klamstiev sa obvinenia z vlastizrady \u010di sabot\u00e1\u017ee rozpadli na m\u00e1rne k\u00fasky. Robert Fico za\u017e\u00edva najv\u00e4\u010d\u0161iu por\u00e1\u017eku celej svojej politickej kari\u00e9ry<\/title>\n<meta name=\"robots\" content=\"index, follow, max-snippet:-1, max-image-preview:large, max-video-preview:-1\" \/>\n<link rel=\"canonical\" href=\"https:\/\/www.smedemokrati.sk\/cs\/po-rokoch-klamstiev-sa-obvinenia-z-vlastizrady-ci-sabotaze-rozpadli-na-marne-kusky-robert-fico-zaziva-najvacsiu-porazku-celej-svojej-politickej-kariery\/\" \/>\n<meta property=\"og:locale\" content=\"cs_CZ\" \/>\n<meta property=\"og:locale:alternate\" content=\"en_US\" \/>\n<meta property=\"og:locale:alternate\" content=\"hu_HU\" \/>\n<meta property=\"og:locale:alternate\" content=\"sk_SK\" \/>\n<meta property=\"og:locale:alternate\" content=\"sv_SE\" \/>\n<meta property=\"og:type\" content=\"article\" \/>\n<meta property=\"og:title\" content=\"Po rokoch klamstiev sa obvinenia z vlastizrady \u010di sabot\u00e1\u017ee rozpadli na m\u00e1rne k\u00fasky. Robert Fico za\u017e\u00edva najv\u00e4\u010d\u0161iu por\u00e1\u017eku celej svojej politickej kari\u00e9ry\" \/>\n<meta property=\"og:description\" content=\"Rozhodnutia org\u00e1nov \u010dinn\u00fdch v trestnom konan\u00ed jednozna\u010dne potvrdili, \u017ee predstavitelia vl\u00e1dy Eduarda Hegera konali pri k\u013e\u00fa\u010dov\u00fdch rozhodnutiach o pomoci napadnut\u00e9mu susedovi Ukrajine &#8211; v s\u00falade so z\u00e1konom. \u201ePomoc Ukrajine bola spr\u00e1vna mor\u00e1lne, bezpe\u010dnostne aj z poh\u013eadu z\u00e1ujmov Slovenskej republiky. \u0160tyri roky ma obvi\u0148ovali z vlastizrady, sabot\u00e1\u017ee a rozkr\u00e1dania \u0161t\u00e1tu. Dne\u0161n\u00fd v\u00fdsledok rozsiahleho vy\u0161etrovania v s\u00favislosti [&hellip;]\" \/>\n<meta property=\"og:url\" content=\"https:\/\/www.smedemokrati.sk\/cs\/po-rokoch-klamstiev-sa-obvinenia-z-vlastizrady-ci-sabotaze-rozpadli-na-marne-kusky-robert-fico-zaziva-najvacsiu-porazku-celej-svojej-politickej-kariery\/\" \/>\n<meta property=\"og:site_name\" content=\"Smedemokrati.sk\" \/>\n<meta property=\"article:publisher\" content=\"https:\/\/www.facebook.com\/smedemokrati2023\" \/>\n<meta property=\"article:published_time\" content=\"2026-02-05T12:14:48+00:00\" \/>\n<meta property=\"article:modified_time\" content=\"2026-02-05T12:14:49+00:00\" \/>\n<meta property=\"og:image\" content=\"https:\/\/www.smedemokrati.sk\/wp-content\/uploads\/2026\/02\/jaro-nad-reaguje.jpg\" \/>\n\t<meta property=\"og:image:width\" content=\"1280\" \/>\n\t<meta property=\"og:image:height\" content=\"720\" \/>\n\t<meta property=\"og:image:type\" content=\"image\/jpeg\" \/>\n<meta name=\"author\" content=\"miro.sopko\" \/>\n<meta name=\"twitter:card\" content=\"summary_large_image\" \/>\n<meta name=\"twitter:label1\" content=\"Napsal(a)\" \/>\n\t<meta name=\"twitter:data1\" content=\"miro.sopko\" \/>\n\t<meta name=\"twitter:label2\" content=\"Odhadovan\u00e1 doba \u010dten\u00ed\" \/>\n\t<meta name=\"twitter:data2\" content=\"2 minuty\" \/>\n<script type=\"application\/ld+json\" class=\"yoast-schema-graph\">{\"@context\":\"https:\/\/schema.org\",\"@graph\":[{\"@type\":\"Article\",\"@id\":\"https:\/\/www.smedemokrati.sk\/po-rokoch-klamstiev-sa-obvinenia-z-vlastizrady-ci-sabotaze-rozpadli-na-marne-kusky-robert-fico-zaziva-najvacsiu-porazku-celej-svojej-politickej-kariery\/#article\",\"isPartOf\":{\"@id\":\"https:\/\/www.smedemokrati.sk\/po-rokoch-klamstiev-sa-obvinenia-z-vlastizrady-ci-sabotaze-rozpadli-na-marne-kusky-robert-fico-zaziva-najvacsiu-porazku-celej-svojej-politickej-kariery\/\"},\"author\":{\"name\":\"miro.sopko\",\"@id\":\"https:\/\/www.smedemokrati.sk\/#\/schema\/person\/21f147c88d605aa7ded900e1e7c344ba\"},\"headline\":\"Po rokoch klamstiev sa obvinenia z vlastizrady \u010di sabot\u00e1\u017ee rozpadli na m\u00e1rne k\u00fasky. Robert Fico za\u017e\u00edva najv\u00e4\u010d\u0161iu por\u00e1\u017eku celej svojej politickej kari\u00e9ry\",\"datePublished\":\"2026-02-05T12:14:48+00:00\",\"dateModified\":\"2026-02-05T12:14:49+00:00\",\"mainEntityOfPage\":{\"@id\":\"https:\/\/www.smedemokrati.sk\/po-rokoch-klamstiev-sa-obvinenia-z-vlastizrady-ci-sabotaze-rozpadli-na-marne-kusky-robert-fico-zaziva-najvacsiu-porazku-celej-svojej-politickej-kariery\/\"},\"wordCount\":476,\"publisher\":{\"@id\":\"https:\/\/www.smedemokrati.sk\/#organization\"},\"image\":{\"@id\":\"https:\/\/www.smedemokrati.sk\/po-rokoch-klamstiev-sa-obvinenia-z-vlastizrady-ci-sabotaze-rozpadli-na-marne-kusky-robert-fico-zaziva-najvacsiu-porazku-celej-svojej-politickej-kariery\/#primaryimage\"},\"thumbnailUrl\":\"https:\/\/www.smedemokrati.sk\/wp-content\/uploads\/2026\/02\/jaro-nad-reaguje.jpg\",\"articleSection\":[\"Tla\u010dov\u00e9 spr\u00e1vy\"],\"inLanguage\":\"cs-CZ\"},{\"@type\":\"WebPage\",\"@id\":\"https:\/\/www.smedemokrati.sk\/po-rokoch-klamstiev-sa-obvinenia-z-vlastizrady-ci-sabotaze-rozpadli-na-marne-kusky-robert-fico-zaziva-najvacsiu-porazku-celej-svojej-politickej-kariery\/\",\"url\":\"https:\/\/www.smedemokrati.sk\/po-rokoch-klamstiev-sa-obvinenia-z-vlastizrady-ci-sabotaze-rozpadli-na-marne-kusky-robert-fico-zaziva-najvacsiu-porazku-celej-svojej-politickej-kariery\/\",\"name\":\"Po rokoch klamstiev sa obvinenia z vlastizrady \u010di sabot\u00e1\u017ee rozpadli na m\u00e1rne k\u00fasky. Robert Fico za\u017e\u00edva najv\u00e4\u010d\u0161iu por\u00e1\u017eku celej svojej politickej kari\u00e9ry\",\"isPartOf\":{\"@id\":\"https:\/\/www.smedemokrati.sk\/#website\"},\"primaryImageOfPage\":{\"@id\":\"https:\/\/www.smedemokrati.sk\/po-rokoch-klamstiev-sa-obvinenia-z-vlastizrady-ci-sabotaze-rozpadli-na-marne-kusky-robert-fico-zaziva-najvacsiu-porazku-celej-svojej-politickej-kariery\/#primaryimage\"},\"image\":{\"@id\":\"https:\/\/www.smedemokrati.sk\/po-rokoch-klamstiev-sa-obvinenia-z-vlastizrady-ci-sabotaze-rozpadli-na-marne-kusky-robert-fico-zaziva-najvacsiu-porazku-celej-svojej-politickej-kariery\/#primaryimage\"},\"thumbnailUrl\":\"https:\/\/www.smedemokrati.sk\/wp-content\/uploads\/2026\/02\/jaro-nad-reaguje.jpg\",\"datePublished\":\"2026-02-05T12:14:48+00:00\",\"dateModified\":\"2026-02-05T12:14:49+00:00\",\"breadcrumb\":{\"@id\":\"https:\/\/www.smedemokrati.sk\/po-rokoch-klamstiev-sa-obvinenia-z-vlastizrady-ci-sabotaze-rozpadli-na-marne-kusky-robert-fico-zaziva-najvacsiu-porazku-celej-svojej-politickej-kariery\/#breadcrumb\"},\"inLanguage\":\"cs-CZ\",\"potentialAction\":[{\"@type\":\"ReadAction\",\"target\":[\"https:\/\/www.smedemokrati.sk\/po-rokoch-klamstiev-sa-obvinenia-z-vlastizrady-ci-sabotaze-rozpadli-na-marne-kusky-robert-fico-zaziva-najvacsiu-porazku-celej-svojej-politickej-kariery\/\"]}]},{\"@type\":\"ImageObject\",\"inLanguage\":\"cs-CZ\",\"@id\":\"https:\/\/www.smedemokrati.sk\/po-rokoch-klamstiev-sa-obvinenia-z-vlastizrady-ci-sabotaze-rozpadli-na-marne-kusky-robert-fico-zaziva-najvacsiu-porazku-celej-svojej-politickej-kariery\/#primaryimage\",\"url\":\"https:\/\/www.smedemokrati.sk\/wp-content\/uploads\/2026\/02\/jaro-nad-reaguje.jpg\",\"contentUrl\":\"https:\/\/www.smedemokrati.sk\/wp-content\/uploads\/2026\/02\/jaro-nad-reaguje.jpg\",\"width\":1280,\"height\":720},{\"@type\":\"BreadcrumbList\",\"@id\":\"https:\/\/www.smedemokrati.sk\/po-rokoch-klamstiev-sa-obvinenia-z-vlastizrady-ci-sabotaze-rozpadli-na-marne-kusky-robert-fico-zaziva-najvacsiu-porazku-celej-svojej-politickej-kariery\/#breadcrumb\",\"itemListElement\":[{\"@type\":\"ListItem\",\"position\":1,\"name\":\"Domovsk\u00e1 str\u00e1nka\",\"item\":\"https:\/\/www.smedemokrati.sk\/\"},{\"@type\":\"ListItem\",\"position\":2,\"name\":\"Po rokoch klamstiev sa obvinenia z vlastizrady \u010di sabot\u00e1\u017ee rozpadli na m\u00e1rne k\u00fasky. Robert Fico za\u017e\u00edva najv\u00e4\u010d\u0161iu por\u00e1\u017eku celej svojej politickej kari\u00e9ry\"}]},{\"@type\":\"WebSite\",\"@id\":\"https:\/\/www.smedemokrati.sk\/#website\",\"url\":\"https:\/\/www.smedemokrati.sk\/\",\"name\":\"Smedemokrati.sk\",\"description\":\"Demokracia a slu\u0161nos\u0165 zv\u00ed\u0165az\u00ed\",\"publisher\":{\"@id\":\"https:\/\/www.smedemokrati.sk\/#organization\"},\"potentialAction\":[{\"@type\":\"SearchAction\",\"target\":{\"@type\":\"EntryPoint\",\"urlTemplate\":\"https:\/\/www.smedemokrati.sk\/?s={search_term_string}\"},\"query-input\":{\"@type\":\"PropertyValueSpecification\",\"valueRequired\":true,\"valueName\":\"search_term_string\"}}],\"inLanguage\":\"cs-CZ\"},{\"@type\":\"Organization\",\"@id\":\"https:\/\/www.smedemokrati.sk\/#organization\",\"name\":\"Smedemokrati.sk\",\"url\":\"https:\/\/www.smedemokrati.sk\/\",\"logo\":{\"@type\":\"ImageObject\",\"inLanguage\":\"cs-CZ\",\"@id\":\"https:\/\/www.smedemokrati.sk\/#\/schema\/logo\/image\/\",\"url\":\"https:\/\/www.smedemokrati.sk\/wp-content\/uploads\/2023\/04\/ff.002.jpeg\",\"contentUrl\":\"https:\/\/www.smedemokrati.sk\/wp-content\/uploads\/2023\/04\/ff.002.jpeg\",\"width\":640,\"height\":480,\"caption\":\"Smedemokrati.sk\"},\"image\":{\"@id\":\"https:\/\/www.smedemokrati.sk\/#\/schema\/logo\/image\/\"},\"sameAs\":[\"https:\/\/www.facebook.com\/smedemokrati2023\"]},{\"@type\":\"Person\",\"@id\":\"https:\/\/www.smedemokrati.sk\/#\/schema\/person\/21f147c88d605aa7ded900e1e7c344ba\",\"name\":\"miro.sopko\",\"image\":{\"@type\":\"ImageObject\",\"inLanguage\":\"cs-CZ\",\"@id\":\"https:\/\/secure.gravatar.com\/avatar\/267e4a36f704376c109afe3a78740c1f5dd8675a2180a908699e7863c9247606?s=96&d=mm&r=g\",\"url\":\"https:\/\/secure.gravatar.com\/avatar\/267e4a36f704376c109afe3a78740c1f5dd8675a2180a908699e7863c9247606?s=96&d=mm&r=g\",\"contentUrl\":\"https:\/\/secure.gravatar.com\/avatar\/267e4a36f704376c109afe3a78740c1f5dd8675a2180a908699e7863c9247606?s=96&d=mm&r=g\",\"caption\":\"miro.sopko\"},\"url\":\"https:\/\/www.smedemokrati.sk\/cs\/author\/miro-sopko\/\"}]}<\/script>\n<!-- \/ Yoast SEO plugin. -->","yoast_head_json":{"title":"Po rokoch klamstiev sa obvinenia z vlastizrady \u010di sabot\u00e1\u017ee rozpadli na m\u00e1rne k\u00fasky. Robert Fico za\u017e\u00edva najv\u00e4\u010d\u0161iu por\u00e1\u017eku celej svojej politickej kari\u00e9ry","robots":{"index":"index","follow":"follow","max-snippet":"max-snippet:-1","max-image-preview":"max-image-preview:large","max-video-preview":"max-video-preview:-1"},"canonical":"https:\/\/www.smedemokrati.sk\/cs\/po-rokoch-klamstiev-sa-obvinenia-z-vlastizrady-ci-sabotaze-rozpadli-na-marne-kusky-robert-fico-zaziva-najvacsiu-porazku-celej-svojej-politickej-kariery\/","og_locale":"cs_CZ","og_type":"article","og_title":"[:sk]Po rokoch klamstiev sa obvinenia z vlastizrady \u010di sabot\u00e1\u017ee rozpadli na m\u00e1rne k\u00fasky. Robert Fico za\u017e\u00edva najv\u00e4\u010d\u0161iu por\u00e1\u017eku celej svojej politickej kari\u00e9ry[:] - Smedemokrati.sk","og_description":"Rozhodnutia org\u00e1nov \u010dinn\u00fdch v trestnom konan\u00ed jednozna\u010dne potvrdili, \u017ee predstavitelia vl\u00e1dy Eduarda Hegera konali pri k\u013e\u00fa\u010dov\u00fdch rozhodnutiach o pomoci napadnut\u00e9mu susedovi Ukrajine &#8211; v s\u00falade so z\u00e1konom. \u201ePomoc Ukrajine bola spr\u00e1vna mor\u00e1lne, bezpe\u010dnostne aj z poh\u013eadu z\u00e1ujmov Slovenskej republiky. \u0160tyri roky ma obvi\u0148ovali z vlastizrady, sabot\u00e1\u017ee a rozkr\u00e1dania \u0161t\u00e1tu. Dne\u0161n\u00fd v\u00fdsledok rozsiahleho vy\u0161etrovania v s\u00favislosti [&hellip;]","og_url":"https:\/\/www.smedemokrati.sk\/cs\/po-rokoch-klamstiev-sa-obvinenia-z-vlastizrady-ci-sabotaze-rozpadli-na-marne-kusky-robert-fico-zaziva-najvacsiu-porazku-celej-svojej-politickej-kariery\/","og_site_name":"Smedemokrati.sk","article_publisher":"https:\/\/www.facebook.com\/smedemokrati2023","article_published_time":"2026-02-05T12:14:48+00:00","article_modified_time":"2026-02-05T12:14:49+00:00","og_image":[{"width":1280,"height":720,"url":"https:\/\/www.smedemokrati.sk\/wp-content\/uploads\/2026\/02\/jaro-nad-reaguje.jpg","type":"image\/jpeg"}],"author":"miro.sopko","twitter_card":"summary_large_image","twitter_misc":{"Napsal(a)":"miro.sopko","Odhadovan\u00e1 doba \u010dten\u00ed":"2 minuty"},"schema":{"@context":"https:\/\/schema.org","@graph":[{"@type":"Article","@id":"https:\/\/www.smedemokrati.sk\/po-rokoch-klamstiev-sa-obvinenia-z-vlastizrady-ci-sabotaze-rozpadli-na-marne-kusky-robert-fico-zaziva-najvacsiu-porazku-celej-svojej-politickej-kariery\/#article","isPartOf":{"@id":"https:\/\/www.smedemokrati.sk\/po-rokoch-klamstiev-sa-obvinenia-z-vlastizrady-ci-sabotaze-rozpadli-na-marne-kusky-robert-fico-zaziva-najvacsiu-porazku-celej-svojej-politickej-kariery\/"},"author":{"name":"miro.sopko","@id":"https:\/\/www.smedemokrati.sk\/#\/schema\/person\/21f147c88d605aa7ded900e1e7c344ba"},"headline":"Po rokoch klamstiev sa obvinenia z vlastizrady \u010di sabot\u00e1\u017ee rozpadli na m\u00e1rne k\u00fasky. Robert Fico za\u017e\u00edva najv\u00e4\u010d\u0161iu por\u00e1\u017eku celej svojej politickej kari\u00e9ry","datePublished":"2026-02-05T12:14:48+00:00","dateModified":"2026-02-05T12:14:49+00:00","mainEntityOfPage":{"@id":"https:\/\/www.smedemokrati.sk\/po-rokoch-klamstiev-sa-obvinenia-z-vlastizrady-ci-sabotaze-rozpadli-na-marne-kusky-robert-fico-zaziva-najvacsiu-porazku-celej-svojej-politickej-kariery\/"},"wordCount":476,"publisher":{"@id":"https:\/\/www.smedemokrati.sk\/#organization"},"image":{"@id":"https:\/\/www.smedemokrati.sk\/po-rokoch-klamstiev-sa-obvinenia-z-vlastizrady-ci-sabotaze-rozpadli-na-marne-kusky-robert-fico-zaziva-najvacsiu-porazku-celej-svojej-politickej-kariery\/#primaryimage"},"thumbnailUrl":"https:\/\/www.smedemokrati.sk\/wp-content\/uploads\/2026\/02\/jaro-nad-reaguje.jpg","articleSection":["Tla\u010dov\u00e9 spr\u00e1vy"],"inLanguage":"cs-CZ"},{"@type":"WebPage","@id":"https:\/\/www.smedemokrati.sk\/po-rokoch-klamstiev-sa-obvinenia-z-vlastizrady-ci-sabotaze-rozpadli-na-marne-kusky-robert-fico-zaziva-najvacsiu-porazku-celej-svojej-politickej-kariery\/","url":"https:\/\/www.smedemokrati.sk\/po-rokoch-klamstiev-sa-obvinenia-z-vlastizrady-ci-sabotaze-rozpadli-na-marne-kusky-robert-fico-zaziva-najvacsiu-porazku-celej-svojej-politickej-kariery\/","name":"Po rokoch klamstiev sa obvinenia z vlastizrady \u010di sabot\u00e1\u017ee rozpadli na m\u00e1rne k\u00fasky. Robert Fico za\u017e\u00edva najv\u00e4\u010d\u0161iu por\u00e1\u017eku celej svojej politickej kari\u00e9ry","isPartOf":{"@id":"https:\/\/www.smedemokrati.sk\/#website"},"primaryImageOfPage":{"@id":"https:\/\/www.smedemokrati.sk\/po-rokoch-klamstiev-sa-obvinenia-z-vlastizrady-ci-sabotaze-rozpadli-na-marne-kusky-robert-fico-zaziva-najvacsiu-porazku-celej-svojej-politickej-kariery\/#primaryimage"},"image":{"@id":"https:\/\/www.smedemokrati.sk\/po-rokoch-klamstiev-sa-obvinenia-z-vlastizrady-ci-sabotaze-rozpadli-na-marne-kusky-robert-fico-zaziva-najvacsiu-porazku-celej-svojej-politickej-kariery\/#primaryimage"},"thumbnailUrl":"https:\/\/www.smedemokrati.sk\/wp-content\/uploads\/2026\/02\/jaro-nad-reaguje.jpg","datePublished":"2026-02-05T12:14:48+00:00","dateModified":"2026-02-05T12:14:49+00:00","breadcrumb":{"@id":"https:\/\/www.smedemokrati.sk\/po-rokoch-klamstiev-sa-obvinenia-z-vlastizrady-ci-sabotaze-rozpadli-na-marne-kusky-robert-fico-zaziva-najvacsiu-porazku-celej-svojej-politickej-kariery\/#breadcrumb"},"inLanguage":"cs-CZ","potentialAction":[{"@type":"ReadAction","target":["https:\/\/www.smedemokrati.sk\/po-rokoch-klamstiev-sa-obvinenia-z-vlastizrady-ci-sabotaze-rozpadli-na-marne-kusky-robert-fico-zaziva-najvacsiu-porazku-celej-svojej-politickej-kariery\/"]}]},{"@type":"ImageObject","inLanguage":"cs-CZ","@id":"https:\/\/www.smedemokrati.sk\/po-rokoch-klamstiev-sa-obvinenia-z-vlastizrady-ci-sabotaze-rozpadli-na-marne-kusky-robert-fico-zaziva-najvacsiu-porazku-celej-svojej-politickej-kariery\/#primaryimage","url":"https:\/\/www.smedemokrati.sk\/wp-content\/uploads\/2026\/02\/jaro-nad-reaguje.jpg","contentUrl":"https:\/\/www.smedemokrati.sk\/wp-content\/uploads\/2026\/02\/jaro-nad-reaguje.jpg","width":1280,"height":720},{"@type":"BreadcrumbList","@id":"https:\/\/www.smedemokrati.sk\/po-rokoch-klamstiev-sa-obvinenia-z-vlastizrady-ci-sabotaze-rozpadli-na-marne-kusky-robert-fico-zaziva-najvacsiu-porazku-celej-svojej-politickej-kariery\/#breadcrumb","itemListElement":[{"@type":"ListItem","position":1,"name":"Domovsk\u00e1 str\u00e1nka","item":"https:\/\/www.smedemokrati.sk\/"},{"@type":"ListItem","position":2,"name":"Po rokoch klamstiev sa obvinenia z vlastizrady \u010di sabot\u00e1\u017ee rozpadli na m\u00e1rne k\u00fasky. Robert Fico za\u017e\u00edva najv\u00e4\u010d\u0161iu por\u00e1\u017eku celej svojej politickej kari\u00e9ry"}]},{"@type":"WebSite","@id":"https:\/\/www.smedemokrati.sk\/#website","url":"https:\/\/www.smedemokrati.sk\/","name":"Smedemokrati.sk","description":"Demokracia a slu\u0161nos\u0165 zv\u00ed\u0165az\u00ed","publisher":{"@id":"https:\/\/www.smedemokrati.sk\/#organization"},"potentialAction":[{"@type":"SearchAction","target":{"@type":"EntryPoint","urlTemplate":"https:\/\/www.smedemokrati.sk\/?s={search_term_string}"},"query-input":{"@type":"PropertyValueSpecification","valueRequired":true,"valueName":"search_term_string"}}],"inLanguage":"cs-CZ"},{"@type":"Organization","@id":"https:\/\/www.smedemokrati.sk\/#organization","name":"Smedemokrati.sk","url":"https:\/\/www.smedemokrati.sk\/","logo":{"@type":"ImageObject","inLanguage":"cs-CZ","@id":"https:\/\/www.smedemokrati.sk\/#\/schema\/logo\/image\/","url":"https:\/\/www.smedemokrati.sk\/wp-content\/uploads\/2023\/04\/ff.002.jpeg","contentUrl":"https:\/\/www.smedemokrati.sk\/wp-content\/uploads\/2023\/04\/ff.002.jpeg","width":640,"height":480,"caption":"Smedemokrati.sk"},"image":{"@id":"https:\/\/www.smedemokrati.sk\/#\/schema\/logo\/image\/"},"sameAs":["https:\/\/www.facebook.com\/smedemokrati2023"]},{"@type":"Person","@id":"https:\/\/www.smedemokrati.sk\/#\/schema\/person\/21f147c88d605aa7ded900e1e7c344ba","name":"miro.sopko","image":{"@type":"ImageObject","inLanguage":"cs-CZ","@id":"https:\/\/secure.gravatar.com\/avatar\/267e4a36f704376c109afe3a78740c1f5dd8675a2180a908699e7863c9247606?s=96&d=mm&r=g","url":"https:\/\/secure.gravatar.com\/avatar\/267e4a36f704376c109afe3a78740c1f5dd8675a2180a908699e7863c9247606?s=96&d=mm&r=g","contentUrl":"https:\/\/secure.gravatar.com\/avatar\/267e4a36f704376c109afe3a78740c1f5dd8675a2180a908699e7863c9247606?s=96&d=mm&r=g","caption":"miro.sopko"},"url":"https:\/\/www.smedemokrati.sk\/cs\/author\/miro-sopko\/"}]}},"_links":{"self":[{"href":"https:\/\/www.smedemokrati.sk\/cs\/wp-json\/wp\/v2\/posts\/8824","targetHints":{"allow":["GET"]}}],"collection":[{"href":"https:\/\/www.smedemokrati.sk\/cs\/wp-json\/wp\/v2\/posts"}],"about":[{"href":"https:\/\/www.smedemokrati.sk\/cs\/wp-json\/wp\/v2\/types\/post"}],"author":[{"embeddable":true,"href":"https:\/\/www.smedemokrati.sk\/cs\/wp-json\/wp\/v2\/users\/13"}],"replies":[{"embeddable":true,"href":"https:\/\/www.smedemokrati.sk\/cs\/wp-json\/wp\/v2\/comments?post=8824"}],"version-history":[{"count":1,"href":"https:\/\/www.smedemokrati.sk\/cs\/wp-json\/wp\/v2\/posts\/8824\/revisions"}],"predecessor-version":[{"id":8826,"href":"https:\/\/www.smedemokrati.sk\/cs\/wp-json\/wp\/v2\/posts\/8824\/revisions\/8826"}],"wp:featuredmedia":[{"embeddable":true,"href":"https:\/\/www.smedemokrati.sk\/cs\/wp-json\/wp\/v2\/media\/8825"}],"wp:attachment":[{"href":"https:\/\/www.smedemokrati.sk\/cs\/wp-json\/wp\/v2\/media?parent=8824"}],"wp:term":[{"taxonomy":"category","embeddable":true,"href":"https:\/\/www.smedemokrati.sk\/cs\/wp-json\/wp\/v2\/categories?post=8824"},{"taxonomy":"post_tag","embeddable":true,"href":"https:\/\/www.smedemokrati.sk\/cs\/wp-json\/wp\/v2\/tags?post=8824"}],"curies":[{"name":"wp","href":"https:\/\/api.w.org\/{rel}","templated":true}]}}