{"id":8766,"date":"2026-01-26T12:47:12","date_gmt":"2026-01-26T11:47:12","guid":{"rendered":"https:\/\/www.smedemokrati.sk\/?p=8766"},"modified":"2026-01-26T14:09:43","modified_gmt":"2026-01-26T13:09:43","slug":"takac-sa-musi-ospravedlnit-subovej-a-ist-do-bruselu-obhajovat-svoje-tvrdenia","status":"publish","type":"post","link":"https:\/\/www.smedemokrati.sk\/cs\/takac-sa-musi-ospravedlnit-subovej-a-ist-do-bruselu-obhajovat-svoje-tvrdenia\/","title":{"rendered":"Tak\u00e1\u010d sa mus\u00ed ospravedlni\u0165 \u0160ubovej a \u00eds\u0165 do Bruselu obhajova\u0165 svoje tvrdenia"},"content":{"rendered":"<div id=\"fb-root\"><\/div>\n\n<p><strong>Strana Demokrati vyz\u00fdva ministra p\u00f4dohospod\u00e1rstva Richarda Tak\u00e1\u010da, aby sa verejne ospravedlnil Zuzane \u0160ubovej za osobn\u00e9 \u00fatoky a z\u00e1rove\u0148 vycestoval do Bruselu. Ak je pod\u013ea neho s kauzou tzv. haciend v\u0161etko v poriadku, mal by to pr\u00eds\u0165 obh\u00e1ji\u0165 priamo pred pr\u00edslu\u0161n\u00fd v\u00fdbor Eur\u00f3pskeho parlamentu.<\/strong><\/p>\n\n\n\n<p>Minister Tak\u00e1\u010d sa dlhodobo vyjadruje, \u017ee v pr\u00edpade agrodot\u00e1ci\u00ed na projekty \u201ehaciend\u201c nevid\u00ed probl\u00e9m. Z\u00e1rove\u0148 v\u0161ak odmieta konfront\u00e1ciu s faktami na eur\u00f3pskej p\u00f4de.<\/p>\n\n\n\n<p><em>\u201eMinister Tak\u00e1\u010d nem\u00e1 probl\u00e9m chodi\u0165 do Bruselu vtedy, ke\u010f na\u0148 nad\u00e1va. Ke\u010f v\u0161ak dostane pr\u00edle\u017eitos\u0165 predst\u00fapi\u0165 pred eur\u00f3psky v\u00fdbor a vysvetli\u0165 svoje tvrdenia, \u017ee s agrodot\u00e1ciami je vraj v\u0161etko v poriadku, zrazu ml\u010d\u00ed a skr\u00fdva sa. Obhajuje neobh\u00e1jite\u013en\u00e9. Je toti\u017e zrejm\u00e9, \u017ee peniaze eur\u00f3pskych da\u0148ov\u00fdch poplatn\u00edkov, ur\u010den\u00e9 na rozvoj cestovn\u00e9ho ruchu a penzi\u00f3ny, skon\u010dili v luxusn\u00fdch s\u00fakromn\u00fdch domoch,\u201c<\/em>&nbsp;uviedol Michal Ki\u010da, enviroexpert strany Demokrati.<\/p>\n\n\n\n<p>Michal Ki\u010da spolu so Zuzanou \u0160ubovou zajtra cestuj\u00fa do Bruselu, kde bud\u00fa o pr\u00edpade hovori\u0165 na p\u00f4de pr\u00edslu\u0161n\u00e9ho v\u00fdboru Eur\u00f3pskeho parlamentu.<\/p>\n\n\n\n<p><em>\u201eVyz\u00fdvam ministra Tak\u00e1\u010da, aby nabral odvahu a postavil sa pred eur\u00f3psky v\u00fdbor. Ak tvrd\u00ed, \u017ee je v\u0161etko v poriadku, nech to povie tam, kde sa rozhoduje o ochrane eur\u00f3pskych financi\u00ed,\u201c<\/em>&nbsp;dodal Ki\u010da.<\/p>\n\n\n\n<p>Pod\u013ea Juraja \u0160eligu sa mus\u00ed minister Tak\u00e1\u010d z\u00e1rove\u0148 ospravedlni\u0165 Zuzane \u0160ubovej za verejn\u00e9 osobn\u00e9 \u00fatoky, ktor\u00e9 pova\u017euje za snahu prekry\u0165 podstatu kauzy.<\/p>\n\n\n\n<p><em>\u201eVedia, \u017ee maj\u00fa v\u00e1\u017eny probl\u00e9m. Namiesto odpoved\u00ed \u00fato\u010dia na \u017eenu \u2013 navy\u0161e na oznamovate\u013eku zjavne protiz\u00e1konnej \u010dinnosti. Minister Tak\u00e1\u010d sa vulg\u00e1rnymi a nechutn\u00fdmi \u00fatokmi sna\u017eil prekry\u0165 podozrenia vo\u010di exministerke Gabriely Mate\u010dnej. Pr\u00e1ve jej podpis toti\u017e mohol sp\u00f4sobi\u0165 tomuto \u0161t\u00e1tu \u0161kodu v hodnote vy\u0161e mili\u00f3na eur,\u201c<\/em>&nbsp;uviedol \u0160eliga.<\/p>\n\n\n\n<p>Strana Demokrati zd\u00f4raz\u0148uje, \u017ee aj ako mimoparlamentn\u00e1 strana bude na\u010falej d\u00f4sledne upozor\u0148ova\u0165 na zneu\u017e\u00edvanie eurofondov a chr\u00e1ni\u0165 verejn\u00e9 financie doma aj na eur\u00f3pskej \u00farovni.<\/p>\n\n\n<div id=\"fb-root\"><\/div><script async defer crossorigin=\"anonymous\" src=\"https:\/\/connect.facebook.net\/sk_SK\/sdk.js#xfbml=1&version=v18.0\"><\/script><div class=\"fb-video\" data-href=\"https:\/\/fb.watch\/ET0jOMyUyi\" data-width=\"560\" data-show-text=\"false\"><blockquote cite=\"https:\/\/fb.watch\/ET0jOMyUyi\" class=\"fb-xfbml-parse-ignore\"><a href=\"https:\/\/fb.watch\/ET0jOMyUyi\">Video<\/a><\/blockquote><\/div>\n","protected":false},"excerpt":{"rendered":"<p>Strana Demokrati vyz\u00fdva ministra p\u00f4dohospod\u00e1rstva Richarda Tak\u00e1\u010da, aby sa verejne ospravedlnil Zuzane \u0160ubovej za osobn\u00e9 \u00fatoky a z\u00e1rove\u0148 vycestoval do Bruselu. Ak je pod\u013ea neho s kauzou tzv. haciend v\u0161etko v poriadku, mal by to pr\u00eds\u0165 obh\u00e1ji\u0165 priamo pred pr\u00edslu\u0161n\u00fd v\u00fdbor Eur\u00f3pskeho parlamentu. Minister Tak\u00e1\u010d sa dlhodobo vyjadruje, \u017ee v pr\u00edpade agrodot\u00e1ci\u00ed na projekty \u201ehaciend\u201c [&hellip;]<\/p>\n","protected":false},"author":13,"featured_media":8767,"comment_status":"closed","ping_status":"closed","sticky":false,"template":"","format":"standard","meta":{"_acf_changed":false,"ngg_post_thumbnail":0,"footnotes":""},"categories":[4],"tags":[],"class_list":["post-8766","post","type-post","status-publish","format-standard","has-post-thumbnail","hentry","category-tlacove-spravy"],"acf":[],"yoast_head":"<!-- This site is optimized with the Yoast SEO plugin v27.2 - https:\/\/yoast.com\/product\/yoast-seo-wordpress\/ -->\n<title>Tak\u00e1\u010d sa mus\u00ed ospravedlni\u0165 \u0160ubovej a \u00eds\u0165 do Bruselu obhajova\u0165 svoje tvrdenia<\/title>\n<meta name=\"robots\" content=\"index, follow, max-snippet:-1, max-image-preview:large, max-video-preview:-1\" \/>\n<link rel=\"canonical\" href=\"https:\/\/www.smedemokrati.sk\/cs\/takac-sa-musi-ospravedlnit-subovej-a-ist-do-bruselu-obhajovat-svoje-tvrdenia\/\" \/>\n<meta property=\"og:locale\" content=\"cs_CZ\" \/>\n<meta property=\"og:locale:alternate\" content=\"en_US\" \/>\n<meta property=\"og:locale:alternate\" content=\"hu_HU\" \/>\n<meta property=\"og:locale:alternate\" content=\"sk_SK\" \/>\n<meta property=\"og:locale:alternate\" content=\"sv_SE\" \/>\n<meta property=\"og:type\" content=\"article\" \/>\n<meta property=\"og:title\" content=\"Tak\u00e1\u010d sa mus\u00ed ospravedlni\u0165 \u0160ubovej a \u00eds\u0165 do Bruselu obhajova\u0165 svoje tvrdenia\" \/>\n<meta property=\"og:description\" content=\"Strana Demokrati vyz\u00fdva ministra p\u00f4dohospod\u00e1rstva Richarda Tak\u00e1\u010da, aby sa verejne ospravedlnil Zuzane \u0160ubovej za osobn\u00e9 \u00fatoky a z\u00e1rove\u0148 vycestoval do Bruselu. Ak je pod\u013ea neho s kauzou tzv. haciend v\u0161etko v poriadku, mal by to pr\u00eds\u0165 obh\u00e1ji\u0165 priamo pred pr\u00edslu\u0161n\u00fd v\u00fdbor Eur\u00f3pskeho parlamentu. Minister Tak\u00e1\u010d sa dlhodobo vyjadruje, \u017ee v pr\u00edpade agrodot\u00e1ci\u00ed na projekty \u201ehaciend\u201c [&hellip;]\" \/>\n<meta property=\"og:url\" content=\"https:\/\/www.smedemokrati.sk\/cs\/takac-sa-musi-ospravedlnit-subovej-a-ist-do-bruselu-obhajovat-svoje-tvrdenia\/\" \/>\n<meta property=\"og:site_name\" content=\"Smedemokrati.sk\" \/>\n<meta property=\"article:publisher\" content=\"https:\/\/www.facebook.com\/smedemokrati2023\" \/>\n<meta property=\"article:published_time\" content=\"2026-01-26T11:47:12+00:00\" \/>\n<meta property=\"article:modified_time\" content=\"2026-01-26T13:09:43+00:00\" \/>\n<meta property=\"og:image\" content=\"https:\/\/www.smedemokrati.sk\/wp-content\/uploads\/2026\/01\/takac_sa_musi_ospravedlnit.jpg\" \/>\n\t<meta property=\"og:image:width\" content=\"1280\" \/>\n\t<meta property=\"og:image:height\" content=\"720\" \/>\n\t<meta property=\"og:image:type\" content=\"image\/jpeg\" \/>\n<meta name=\"author\" content=\"miro.sopko\" \/>\n<meta name=\"twitter:card\" content=\"summary_large_image\" \/>\n<meta name=\"twitter:label1\" content=\"Napsal(a)\" \/>\n\t<meta name=\"twitter:data1\" content=\"miro.sopko\" \/>\n\t<meta name=\"twitter:label2\" content=\"Odhadovan\u00e1 doba \u010dten\u00ed\" \/>\n\t<meta name=\"twitter:data2\" content=\"2 minuty\" \/>\n<script type=\"application\/ld+json\" class=\"yoast-schema-graph\">{\"@context\":\"https:\/\/schema.org\",\"@graph\":[{\"@type\":\"Article\",\"@id\":\"https:\/\/www.smedemokrati.sk\/takac-sa-musi-ospravedlnit-subovej-a-ist-do-bruselu-obhajovat-svoje-tvrdenia\/#article\",\"isPartOf\":{\"@id\":\"https:\/\/www.smedemokrati.sk\/takac-sa-musi-ospravedlnit-subovej-a-ist-do-bruselu-obhajovat-svoje-tvrdenia\/\"},\"author\":{\"name\":\"miro.sopko\",\"@id\":\"https:\/\/www.smedemokrati.sk\/#\/schema\/person\/21f147c88d605aa7ded900e1e7c344ba\"},\"headline\":\"Tak\u00e1\u010d sa mus\u00ed ospravedlni\u0165 \u0160ubovej a \u00eds\u0165 do Bruselu obhajova\u0165 svoje tvrdenia\",\"datePublished\":\"2026-01-26T11:47:12+00:00\",\"dateModified\":\"2026-01-26T13:09:43+00:00\",\"mainEntityOfPage\":{\"@id\":\"https:\/\/www.smedemokrati.sk\/takac-sa-musi-ospravedlnit-subovej-a-ist-do-bruselu-obhajovat-svoje-tvrdenia\/\"},\"wordCount\":387,\"publisher\":{\"@id\":\"https:\/\/www.smedemokrati.sk\/#organization\"},\"image\":{\"@id\":\"https:\/\/www.smedemokrati.sk\/takac-sa-musi-ospravedlnit-subovej-a-ist-do-bruselu-obhajovat-svoje-tvrdenia\/#primaryimage\"},\"thumbnailUrl\":\"https:\/\/www.smedemokrati.sk\/wp-content\/uploads\/2026\/01\/takac_sa_musi_ospravedlnit.jpg\",\"articleSection\":[\"Tla\u010dov\u00e9 spr\u00e1vy\"],\"inLanguage\":\"cs-CZ\"},{\"@type\":\"WebPage\",\"@id\":\"https:\/\/www.smedemokrati.sk\/takac-sa-musi-ospravedlnit-subovej-a-ist-do-bruselu-obhajovat-svoje-tvrdenia\/\",\"url\":\"https:\/\/www.smedemokrati.sk\/takac-sa-musi-ospravedlnit-subovej-a-ist-do-bruselu-obhajovat-svoje-tvrdenia\/\",\"name\":\"Tak\u00e1\u010d sa mus\u00ed ospravedlni\u0165 \u0160ubovej a \u00eds\u0165 do Bruselu obhajova\u0165 svoje tvrdenia\",\"isPartOf\":{\"@id\":\"https:\/\/www.smedemokrati.sk\/#website\"},\"primaryImageOfPage\":{\"@id\":\"https:\/\/www.smedemokrati.sk\/takac-sa-musi-ospravedlnit-subovej-a-ist-do-bruselu-obhajovat-svoje-tvrdenia\/#primaryimage\"},\"image\":{\"@id\":\"https:\/\/www.smedemokrati.sk\/takac-sa-musi-ospravedlnit-subovej-a-ist-do-bruselu-obhajovat-svoje-tvrdenia\/#primaryimage\"},\"thumbnailUrl\":\"https:\/\/www.smedemokrati.sk\/wp-content\/uploads\/2026\/01\/takac_sa_musi_ospravedlnit.jpg\",\"datePublished\":\"2026-01-26T11:47:12+00:00\",\"dateModified\":\"2026-01-26T13:09:43+00:00\",\"breadcrumb\":{\"@id\":\"https:\/\/www.smedemokrati.sk\/takac-sa-musi-ospravedlnit-subovej-a-ist-do-bruselu-obhajovat-svoje-tvrdenia\/#breadcrumb\"},\"inLanguage\":\"cs-CZ\",\"potentialAction\":[{\"@type\":\"ReadAction\",\"target\":[\"https:\/\/www.smedemokrati.sk\/takac-sa-musi-ospravedlnit-subovej-a-ist-do-bruselu-obhajovat-svoje-tvrdenia\/\"]}]},{\"@type\":\"ImageObject\",\"inLanguage\":\"cs-CZ\",\"@id\":\"https:\/\/www.smedemokrati.sk\/takac-sa-musi-ospravedlnit-subovej-a-ist-do-bruselu-obhajovat-svoje-tvrdenia\/#primaryimage\",\"url\":\"https:\/\/www.smedemokrati.sk\/wp-content\/uploads\/2026\/01\/takac_sa_musi_ospravedlnit.jpg\",\"contentUrl\":\"https:\/\/www.smedemokrati.sk\/wp-content\/uploads\/2026\/01\/takac_sa_musi_ospravedlnit.jpg\",\"width\":1280,\"height\":720},{\"@type\":\"BreadcrumbList\",\"@id\":\"https:\/\/www.smedemokrati.sk\/takac-sa-musi-ospravedlnit-subovej-a-ist-do-bruselu-obhajovat-svoje-tvrdenia\/#breadcrumb\",\"itemListElement\":[{\"@type\":\"ListItem\",\"position\":1,\"name\":\"Domovsk\u00e1 str\u00e1nka\",\"item\":\"https:\/\/www.smedemokrati.sk\/\"},{\"@type\":\"ListItem\",\"position\":2,\"name\":\"Tak\u00e1\u010d sa mus\u00ed ospravedlni\u0165 \u0160ubovej a \u00eds\u0165 do Bruselu obhajova\u0165 svoje tvrdenia\"}]},{\"@type\":\"WebSite\",\"@id\":\"https:\/\/www.smedemokrati.sk\/#website\",\"url\":\"https:\/\/www.smedemokrati.sk\/\",\"name\":\"Smedemokrati.sk\",\"description\":\"Demokracia a slu\u0161nos\u0165 zv\u00ed\u0165az\u00ed\",\"publisher\":{\"@id\":\"https:\/\/www.smedemokrati.sk\/#organization\"},\"potentialAction\":[{\"@type\":\"SearchAction\",\"target\":{\"@type\":\"EntryPoint\",\"urlTemplate\":\"https:\/\/www.smedemokrati.sk\/?s={search_term_string}\"},\"query-input\":{\"@type\":\"PropertyValueSpecification\",\"valueRequired\":true,\"valueName\":\"search_term_string\"}}],\"inLanguage\":\"cs-CZ\"},{\"@type\":\"Organization\",\"@id\":\"https:\/\/www.smedemokrati.sk\/#organization\",\"name\":\"Smedemokrati.sk\",\"url\":\"https:\/\/www.smedemokrati.sk\/\",\"logo\":{\"@type\":\"ImageObject\",\"inLanguage\":\"cs-CZ\",\"@id\":\"https:\/\/www.smedemokrati.sk\/#\/schema\/logo\/image\/\",\"url\":\"https:\/\/www.smedemokrati.sk\/wp-content\/uploads\/2023\/04\/ff.002.jpeg\",\"contentUrl\":\"https:\/\/www.smedemokrati.sk\/wp-content\/uploads\/2023\/04\/ff.002.jpeg\",\"width\":640,\"height\":480,\"caption\":\"Smedemokrati.sk\"},\"image\":{\"@id\":\"https:\/\/www.smedemokrati.sk\/#\/schema\/logo\/image\/\"},\"sameAs\":[\"https:\/\/www.facebook.com\/smedemokrati2023\"]},{\"@type\":\"Person\",\"@id\":\"https:\/\/www.smedemokrati.sk\/#\/schema\/person\/21f147c88d605aa7ded900e1e7c344ba\",\"name\":\"miro.sopko\",\"image\":{\"@type\":\"ImageObject\",\"inLanguage\":\"cs-CZ\",\"@id\":\"https:\/\/secure.gravatar.com\/avatar\/267e4a36f704376c109afe3a78740c1f5dd8675a2180a908699e7863c9247606?s=96&d=mm&r=g\",\"url\":\"https:\/\/secure.gravatar.com\/avatar\/267e4a36f704376c109afe3a78740c1f5dd8675a2180a908699e7863c9247606?s=96&d=mm&r=g\",\"contentUrl\":\"https:\/\/secure.gravatar.com\/avatar\/267e4a36f704376c109afe3a78740c1f5dd8675a2180a908699e7863c9247606?s=96&d=mm&r=g\",\"caption\":\"miro.sopko\"},\"url\":\"https:\/\/www.smedemokrati.sk\/cs\/author\/miro-sopko\/\"}]}<\/script>\n<!-- \/ Yoast SEO plugin. -->","yoast_head_json":{"title":"Tak\u00e1\u010d sa mus\u00ed ospravedlni\u0165 \u0160ubovej a \u00eds\u0165 do Bruselu obhajova\u0165 svoje tvrdenia","robots":{"index":"index","follow":"follow","max-snippet":"max-snippet:-1","max-image-preview":"max-image-preview:large","max-video-preview":"max-video-preview:-1"},"canonical":"https:\/\/www.smedemokrati.sk\/cs\/takac-sa-musi-ospravedlnit-subovej-a-ist-do-bruselu-obhajovat-svoje-tvrdenia\/","og_locale":"cs_CZ","og_type":"article","og_title":"[:sk]Tak\u00e1\u010d sa mus\u00ed ospravedlni\u0165 \u0160ubovej a \u00eds\u0165 do Bruselu obhajova\u0165 svoje tvrdenia[:] - Smedemokrati.sk","og_description":"Strana Demokrati vyz\u00fdva ministra p\u00f4dohospod\u00e1rstva Richarda Tak\u00e1\u010da, aby sa verejne ospravedlnil Zuzane \u0160ubovej za osobn\u00e9 \u00fatoky a z\u00e1rove\u0148 vycestoval do Bruselu. Ak je pod\u013ea neho s kauzou tzv. haciend v\u0161etko v poriadku, mal by to pr\u00eds\u0165 obh\u00e1ji\u0165 priamo pred pr\u00edslu\u0161n\u00fd v\u00fdbor Eur\u00f3pskeho parlamentu. Minister Tak\u00e1\u010d sa dlhodobo vyjadruje, \u017ee v pr\u00edpade agrodot\u00e1ci\u00ed na projekty \u201ehaciend\u201c [&hellip;]","og_url":"https:\/\/www.smedemokrati.sk\/cs\/takac-sa-musi-ospravedlnit-subovej-a-ist-do-bruselu-obhajovat-svoje-tvrdenia\/","og_site_name":"Smedemokrati.sk","article_publisher":"https:\/\/www.facebook.com\/smedemokrati2023","article_published_time":"2026-01-26T11:47:12+00:00","article_modified_time":"2026-01-26T13:09:43+00:00","og_image":[{"width":1280,"height":720,"url":"https:\/\/www.smedemokrati.sk\/wp-content\/uploads\/2026\/01\/takac_sa_musi_ospravedlnit.jpg","type":"image\/jpeg"}],"author":"miro.sopko","twitter_card":"summary_large_image","twitter_misc":{"Napsal(a)":"miro.sopko","Odhadovan\u00e1 doba \u010dten\u00ed":"2 minuty"},"schema":{"@context":"https:\/\/schema.org","@graph":[{"@type":"Article","@id":"https:\/\/www.smedemokrati.sk\/takac-sa-musi-ospravedlnit-subovej-a-ist-do-bruselu-obhajovat-svoje-tvrdenia\/#article","isPartOf":{"@id":"https:\/\/www.smedemokrati.sk\/takac-sa-musi-ospravedlnit-subovej-a-ist-do-bruselu-obhajovat-svoje-tvrdenia\/"},"author":{"name":"miro.sopko","@id":"https:\/\/www.smedemokrati.sk\/#\/schema\/person\/21f147c88d605aa7ded900e1e7c344ba"},"headline":"Tak\u00e1\u010d sa mus\u00ed ospravedlni\u0165 \u0160ubovej a \u00eds\u0165 do Bruselu obhajova\u0165 svoje tvrdenia","datePublished":"2026-01-26T11:47:12+00:00","dateModified":"2026-01-26T13:09:43+00:00","mainEntityOfPage":{"@id":"https:\/\/www.smedemokrati.sk\/takac-sa-musi-ospravedlnit-subovej-a-ist-do-bruselu-obhajovat-svoje-tvrdenia\/"},"wordCount":387,"publisher":{"@id":"https:\/\/www.smedemokrati.sk\/#organization"},"image":{"@id":"https:\/\/www.smedemokrati.sk\/takac-sa-musi-ospravedlnit-subovej-a-ist-do-bruselu-obhajovat-svoje-tvrdenia\/#primaryimage"},"thumbnailUrl":"https:\/\/www.smedemokrati.sk\/wp-content\/uploads\/2026\/01\/takac_sa_musi_ospravedlnit.jpg","articleSection":["Tla\u010dov\u00e9 spr\u00e1vy"],"inLanguage":"cs-CZ"},{"@type":"WebPage","@id":"https:\/\/www.smedemokrati.sk\/takac-sa-musi-ospravedlnit-subovej-a-ist-do-bruselu-obhajovat-svoje-tvrdenia\/","url":"https:\/\/www.smedemokrati.sk\/takac-sa-musi-ospravedlnit-subovej-a-ist-do-bruselu-obhajovat-svoje-tvrdenia\/","name":"Tak\u00e1\u010d sa mus\u00ed ospravedlni\u0165 \u0160ubovej a \u00eds\u0165 do Bruselu obhajova\u0165 svoje tvrdenia","isPartOf":{"@id":"https:\/\/www.smedemokrati.sk\/#website"},"primaryImageOfPage":{"@id":"https:\/\/www.smedemokrati.sk\/takac-sa-musi-ospravedlnit-subovej-a-ist-do-bruselu-obhajovat-svoje-tvrdenia\/#primaryimage"},"image":{"@id":"https:\/\/www.smedemokrati.sk\/takac-sa-musi-ospravedlnit-subovej-a-ist-do-bruselu-obhajovat-svoje-tvrdenia\/#primaryimage"},"thumbnailUrl":"https:\/\/www.smedemokrati.sk\/wp-content\/uploads\/2026\/01\/takac_sa_musi_ospravedlnit.jpg","datePublished":"2026-01-26T11:47:12+00:00","dateModified":"2026-01-26T13:09:43+00:00","breadcrumb":{"@id":"https:\/\/www.smedemokrati.sk\/takac-sa-musi-ospravedlnit-subovej-a-ist-do-bruselu-obhajovat-svoje-tvrdenia\/#breadcrumb"},"inLanguage":"cs-CZ","potentialAction":[{"@type":"ReadAction","target":["https:\/\/www.smedemokrati.sk\/takac-sa-musi-ospravedlnit-subovej-a-ist-do-bruselu-obhajovat-svoje-tvrdenia\/"]}]},{"@type":"ImageObject","inLanguage":"cs-CZ","@id":"https:\/\/www.smedemokrati.sk\/takac-sa-musi-ospravedlnit-subovej-a-ist-do-bruselu-obhajovat-svoje-tvrdenia\/#primaryimage","url":"https:\/\/www.smedemokrati.sk\/wp-content\/uploads\/2026\/01\/takac_sa_musi_ospravedlnit.jpg","contentUrl":"https:\/\/www.smedemokrati.sk\/wp-content\/uploads\/2026\/01\/takac_sa_musi_ospravedlnit.jpg","width":1280,"height":720},{"@type":"BreadcrumbList","@id":"https:\/\/www.smedemokrati.sk\/takac-sa-musi-ospravedlnit-subovej-a-ist-do-bruselu-obhajovat-svoje-tvrdenia\/#breadcrumb","itemListElement":[{"@type":"ListItem","position":1,"name":"Domovsk\u00e1 str\u00e1nka","item":"https:\/\/www.smedemokrati.sk\/"},{"@type":"ListItem","position":2,"name":"Tak\u00e1\u010d sa mus\u00ed ospravedlni\u0165 \u0160ubovej a \u00eds\u0165 do Bruselu obhajova\u0165 svoje tvrdenia"}]},{"@type":"WebSite","@id":"https:\/\/www.smedemokrati.sk\/#website","url":"https:\/\/www.smedemokrati.sk\/","name":"Smedemokrati.sk","description":"Demokracia a slu\u0161nos\u0165 zv\u00ed\u0165az\u00ed","publisher":{"@id":"https:\/\/www.smedemokrati.sk\/#organization"},"potentialAction":[{"@type":"SearchAction","target":{"@type":"EntryPoint","urlTemplate":"https:\/\/www.smedemokrati.sk\/?s={search_term_string}"},"query-input":{"@type":"PropertyValueSpecification","valueRequired":true,"valueName":"search_term_string"}}],"inLanguage":"cs-CZ"},{"@type":"Organization","@id":"https:\/\/www.smedemokrati.sk\/#organization","name":"Smedemokrati.sk","url":"https:\/\/www.smedemokrati.sk\/","logo":{"@type":"ImageObject","inLanguage":"cs-CZ","@id":"https:\/\/www.smedemokrati.sk\/#\/schema\/logo\/image\/","url":"https:\/\/www.smedemokrati.sk\/wp-content\/uploads\/2023\/04\/ff.002.jpeg","contentUrl":"https:\/\/www.smedemokrati.sk\/wp-content\/uploads\/2023\/04\/ff.002.jpeg","width":640,"height":480,"caption":"Smedemokrati.sk"},"image":{"@id":"https:\/\/www.smedemokrati.sk\/#\/schema\/logo\/image\/"},"sameAs":["https:\/\/www.facebook.com\/smedemokrati2023"]},{"@type":"Person","@id":"https:\/\/www.smedemokrati.sk\/#\/schema\/person\/21f147c88d605aa7ded900e1e7c344ba","name":"miro.sopko","image":{"@type":"ImageObject","inLanguage":"cs-CZ","@id":"https:\/\/secure.gravatar.com\/avatar\/267e4a36f704376c109afe3a78740c1f5dd8675a2180a908699e7863c9247606?s=96&d=mm&r=g","url":"https:\/\/secure.gravatar.com\/avatar\/267e4a36f704376c109afe3a78740c1f5dd8675a2180a908699e7863c9247606?s=96&d=mm&r=g","contentUrl":"https:\/\/secure.gravatar.com\/avatar\/267e4a36f704376c109afe3a78740c1f5dd8675a2180a908699e7863c9247606?s=96&d=mm&r=g","caption":"miro.sopko"},"url":"https:\/\/www.smedemokrati.sk\/cs\/author\/miro-sopko\/"}]}},"_links":{"self":[{"href":"https:\/\/www.smedemokrati.sk\/cs\/wp-json\/wp\/v2\/posts\/8766","targetHints":{"allow":["GET"]}}],"collection":[{"href":"https:\/\/www.smedemokrati.sk\/cs\/wp-json\/wp\/v2\/posts"}],"about":[{"href":"https:\/\/www.smedemokrati.sk\/cs\/wp-json\/wp\/v2\/types\/post"}],"author":[{"embeddable":true,"href":"https:\/\/www.smedemokrati.sk\/cs\/wp-json\/wp\/v2\/users\/13"}],"replies":[{"embeddable":true,"href":"https:\/\/www.smedemokrati.sk\/cs\/wp-json\/wp\/v2\/comments?post=8766"}],"version-history":[{"count":1,"href":"https:\/\/www.smedemokrati.sk\/cs\/wp-json\/wp\/v2\/posts\/8766\/revisions"}],"predecessor-version":[{"id":8768,"href":"https:\/\/www.smedemokrati.sk\/cs\/wp-json\/wp\/v2\/posts\/8766\/revisions\/8768"}],"wp:featuredmedia":[{"embeddable":true,"href":"https:\/\/www.smedemokrati.sk\/cs\/wp-json\/wp\/v2\/media\/8767"}],"wp:attachment":[{"href":"https:\/\/www.smedemokrati.sk\/cs\/wp-json\/wp\/v2\/media?parent=8766"}],"wp:term":[{"taxonomy":"category","embeddable":true,"href":"https:\/\/www.smedemokrati.sk\/cs\/wp-json\/wp\/v2\/categories?post=8766"},{"taxonomy":"post_tag","embeddable":true,"href":"https:\/\/www.smedemokrati.sk\/cs\/wp-json\/wp\/v2\/tags?post=8766"}],"curies":[{"name":"wp","href":"https:\/\/api.w.org\/{rel}","templated":true}]}}