{"id":8599,"date":"2025-12-09T13:17:07","date_gmt":"2025-12-09T12:17:07","guid":{"rendered":"https:\/\/www.smedemokrati.sk\/?p=8599"},"modified":"2025-12-09T13:17:15","modified_gmt":"2025-12-09T12:17:15","slug":"paralyzovane-ministerstvo-hospodarstva-a-asocialna-nezmyselna-energopomoc-regulator-holjencik-by-mal-skoncit-vo-svojej-funkcii","status":"publish","type":"post","link":"https:\/\/www.smedemokrati.sk\/cs\/paralyzovane-ministerstvo-hospodarstva-a-asocialna-nezmyselna-energopomoc-regulator-holjencik-by-mal-skoncit-vo-svojej-funkcii\/","title":{"rendered":"Paralyzovan\u00e9 Ministerstvo hospod\u00e1rstva a asoci\u00e1lna, nezmyseln\u00e1 energopomoc. Regul\u00e1tor Holjen\u010d\u00edk by mal skon\u010di\u0165 vo svojej funkci\u00ed"},"content":{"rendered":"<div id=\"fb-root\"><\/div>\n\n<p><strong><u>Ministerstvo hospod\u00e1rstva SR je po ned\u00e1vnom kyber\u00fatoku st\u00e1le v\u00e1\u017ene paralyzovan\u00e9. Nemal\u00e1 \u010das\u0165 zamestnancov st\u00e1le nem\u00e1 svoje po\u010d\u00edta\u010de, ktor\u00e9 s\u00fa na bezpe\u010dnostnej kontrole, upozornil dnes na tla\u010dovej besede strany Demokrati \u010dlen jej predsedn\u00edctva a b\u00fdval\u00fd minister hospod\u00e1rstva Karel Hirman.<\/u><\/strong><\/p>\n\n\n\n<p>\u201eK \u00fatoku na MH do\u0161lo pr\u00e1ve v \u010dase, ke\u010f MH u\u017e sp\u00fa\u0161\u0165alo syst\u00e9m energopomoci na z\u00e1klade finan\u010dn\u00fdch d\u00e1t od v\u0161etk\u00fdch na\u0161ich dom\u00e1cnost\u00ed. Je preto mo\u017en\u00e9 sa domnieva\u0165, \u017ee \u00fato\u010dn\u00edkom \u2013 \u010di u\u017e nejak\u00e9mu \u0161t\u00e1tu, alebo krimin\u00e1lnikom \u2013 i\u0161lo pr\u00e1ve o tieto d\u00e1ta o na\u0161ich dom\u00e1cnostiach. Aj preto je na\u010falej neakceptovate\u013en\u00e9 ml\u010danie o d\u00f4sledkoch \u00fatoku a najm\u00e4 zneva\u017eovanie a zosmie\u0161\u0148ovanie t\u00fdch, ktor\u00ed sa na d\u00f4sledky tohto \u00fatoku p\u00fdtaj\u00fa, ako n\u00e1m to predv\u00e1dzaj\u00fa premi\u00e9r Fico a ministerka Sakov\u00e1,\u201c upozornil Hirman.<\/p>\n\n\n\n<p>Pr\u00edklad s viacer\u00fdmi rodinami poslancov a poslank\u00fd\u0148, ktor\u00e9 sa na\u0161li ako opr\u00e1vnen\u00e9 na poskytnutie energopomoci, tie\u017e potvrdzuje, \u017ee cel\u00fd syst\u00e9m a jeho krit\u00e9ri\u00e1 s\u00fa zle nastaven\u00e9.<\/p>\n\n\n\n<p>\u201eEnergopomoc je asoci\u00e1lna, vynech\u00e1va viacer\u00e9 skuto\u010dne chudobn\u00e9 rodiny a rozd\u00e1va bohat\u00fdm. V kone\u010dnom d\u00f4sledku ide sp\u00e1li\u0165 v kotloch 400 mil. eur z na\u0161ich dan\u00ed, ktor\u00e9 n\u00e1m neust\u00e1le zvy\u0161uj\u00fa a zav\u00e1dzaj\u00fa nov\u00e9 \u2013 ako je transak\u010dn\u00e1 da\u0148,\u201c kon\u0161tatuje Hirman.<\/p>\n\n\n\n<p>\u010co je e\u0161te znepokojuj\u00facej\u0161ie, je to, \u017ee ministerka Sakov\u00e1 a vl\u00e1da sa vraj nechystaj\u00fa meni\u0165 tieto zle nastaven\u00e9 krit\u00e9ri\u00e1, ale id\u00fa vy\u0161krtn\u00fa\u0165 zo zoznamu opr\u00e1vnen\u00fdch rodiny poslancov a poslank\u00fd\u0148.<\/p>\n\n\n\n<p>\u201eAk je to pravda a skuto\u010dne k tomu d\u00f4jde, bude to len potvrden\u00edm toho, \u017ee s d\u00e1tami sa d\u00e1 manipulova\u0165 a nar\u00e1ba\u0165 pod\u013ea toho, ako to politicky vyhovuje. Preto\u017ee dnes \u0161krtn\u00fa rodiny poslancov parlamentu, ale zajtra m\u00f4\u017eu \u0161krtn\u00fa\u0165 rodiny v\u0161etk\u00fdch kritikov vl\u00e1dy, alebo in\u00e9 skupiny rod\u00edn a ob\u010danov len na z\u00e1klade umel\u00fdch a politicko-mocensky motivovan\u00fdch krit\u00e9ri\u00ed a z\u00e1ujmov vl\u00e1dnej moci,\u201c varuje Hirman.<\/p>\n\n\n\n<p>Demokrati na dne\u0161nej tla\u010dovej besede op\u00e4\u0165 pouk\u00e1zali aj na to, \u017ee energopomoc sa net\u00fdka rod\u00edn, ktor\u00e9 vykuruj\u00fa tuh\u00fdm palivom, ako je drevo, pelety a biomasa.<\/p>\n\n\n\n<p>\u201ePod\u013ea \u00fadajov \u0160tatistick\u00e9ho \u00faradu tak\u00fdchto dom\u00e1cnost\u00ed m\u00e1me a\u017e jednu tretinu, najm\u00e4 \u010do sa t\u00fdka individu\u00e1lneho vykurovania. \u010castokr\u00e1t ide pr\u00e1ve o chudobn\u00e9 rodiny. Aj tieto rodiny musia zv\u00fd\u0161en\u00fdmi da\u0148ami prispie\u0165 do rozpo\u010dtu na energopomoc, ale nemaj\u00fa na \u0148u absol\u00fatne \u017eiadny n\u00e1rok,\u201c hovor\u00ed Hirman.<\/p>\n\n\n\n<p>Juraj \u0160eliga sa p\u00fdta: \u201eAko vl\u00e1da ide kompenzova\u0165 takmer jednu tretinu dom\u00e1cnost\u00ed na Slovensku? S\u00fa to rovnako \u013eudia, ktor\u00ed platia dane a odvody. Tak im d\u00e1vajte pouk\u00e1\u017eky, ke\u010f ste si u\u017e tento pa\u0161kvil vymysleli, ale nebu\u010fte asoci\u00e1lni.\u201c<\/p>\n\n\n\n<p>S\u00fa\u010dasne Demokrati upozor\u0148uj\u00fa, \u017ee ceny plynu na spotov\u00fdch trhoch E\u00da tento rok poklesli o vy\u0161e 30 %, av\u0161ak vl\u00e1da a jej \u00daRSO tvrdia, \u017ee bez energopomoci by do\u0161lo k zv\u00fd\u0161eniu cien plynu od nov\u00e9ho roka o 30 %.<\/p>\n\n\n\n<p>\u201eTak\u017ee v sum\u00e1re tu m\u00e1me rozdiel a\u017e 60 %. Tento rozdiel na premr\u0161ten\u00fdch cen\u00e1ch plynu zaplat\u00edme my v\u0161etci pr\u00e1ve aj cez energopomoc. Toto je celkov\u00fd \u00fa\u010det za plyn, ktor\u00fd plat\u00edme v\u010faka rozhodnutiam vl\u00e1dy Fica a jeho regul\u00e1tora t\u00fdm, ktor\u00ed sa podie\u013eaj\u00fa na dod\u00e1vkach a obchodovan\u00ed s plynom,\u201c upozornil Hirman.<\/p>\n\n\n\n<p>S\u00fa\u010dasne spochybnil zmysel a \u00faspe\u0161nos\u0165 chystanej \u017ealoby Ficovej vl\u00e1dy na rozhodnutie E\u00da \u00faplne zastavi\u0165 odber plynu z Putinovho Ruska.<\/p>\n\n\n\n<p>\u201eD\u00e1ta o v\u00fdvoji cien plynu na trhu v E\u00da za posledn\u00fdch 5 a\u017e 10 rokov n\u00e1m jasne ukazuj\u00fa, \u017ee cenov\u00e9mu \u0161oku sme \u010delili pr\u00e1ve v \u010dase, ke\u010f Rusko bolo jedn\u00fdm z hlavn\u00fdch dod\u00e1vate\u013eov plynu a za\u010dalo s t\u00fdmito dod\u00e1vkami v s\u00favislosti s \u00fatokom na Ukrajinu z\u00e1merne manipulova\u0165. Dnes, ke\u010f s\u00fa u\u017e tieto dod\u00e1vky minim\u00e1lne, sa ceny vracaj\u00fa na \u00farovne, ktor\u00e9 sme tu mali v rokoch 2018 \u2013 2019, teda v \u010dase, ke\u010f rusk\u00fd plyn do Eur\u00f3py pr\u00fadil vo ve\u013ekom a e\u0161te s dod\u00e1vkami Putin nemanipuloval.<\/p>\n\n\n\n<p>Teda vid\u00edme, \u017ee aj bez rusk\u00e9ho plynu sa E\u00da u\u017e zaob\u00edde. Paradoxne teraz plat\u00ed, \u017ee \u010d\u00edm menej rusk\u00e9ho plynu do E\u00da prich\u00e1dza, t\u00fdm s\u00fa jeho ceny na spotov\u00fdch trhoch ni\u017e\u0161ie, lebo sa na\u0161li za\u0148 cenovo dostupn\u00e9 n\u00e1hrady. Aj preto pochybujem o \u00faspe\u0161nosti \u017ealoby,\u201c vysvetlil Hirman.<\/p>\n\n\n\n<p>Juraj \u0160eliga sa p\u00fdta premi\u00e9ra Fica, \u010do ide urobi\u0165 s regul\u00e1torom Holjen\u010d\u00edkom: \u201eOn je regul\u00e1tor, on rozhoduje o poplatkoch, o vzorcoch \u2013 on je za vzniknut\u00fa situ\u00e1ciu zodpovedn\u00fd. Ako je mo\u017en\u00e9, \u017ee v\u0161ade to ide, iba na Slovensku nie? \u017de v\u0161ade v Eur\u00f3pe ceny plynu klesaj\u00fa, ale u n\u00e1s sa dr\u017eia umelo hore? Komu z toho najviac ide? Kto na tom profituje? Je zrejm\u00e9, \u017ee p\u00e1n Holjen\u010d\u00edk by mal skon\u010di\u0165. Ak by sme chceli by\u0165 l\u00e1skav\u00ed, povieme, \u017ee p\u00e1n Fico a pani Sakov\u00e1 o tomto nevedia, av\u0161ak realita je tak\u00e1, \u017ee oni p\u00e1na Holjen\u010d\u00edka riadia ako svoju b\u00e1bku.\u201c<\/p>\n\n\n\n<p>\u0160eliga na z\u00e1ver dod\u00e1va a pripom\u00edna, \u017ee Demokrati u\u017e nieko\u013eko mesiacov poukazuj\u00fa na to, \u017ee ide o ve\u013ek\u00fa plynov\u00fa kauzu, pri ktorej premi\u00e9r Fico nem\u00e1 probl\u00e9m da\u0165 nad\u0161tandardne zarobi\u0165 distrib\u00fatorovi, v\u00fdrobcovi a \u010fal\u0161\u00edm. Z\u00e1rove\u0148 \u013eu\u010fom zvy\u0161uje dane na to, aby im pomohol z tejto umelo vykon\u0161truovanej situ\u00e1cie.<\/p>\n\n\n\n<figure class=\"wp-block-embed is-type-video is-provider-youtube wp-block-embed-youtube wp-embed-aspect-16-9 wp-has-aspect-ratio\"><div class=\"wp-block-embed__wrapper\">\n<iframe title=\"Live: Paralyzovan\u00e9 Ministerstvo hospod\u00e1rstva a asoci\u00e1lna energopomoc\" width=\"500\" height=\"281\" src=\"https:\/\/www.youtube.com\/embed\/79iEQTkpxgE?feature=oembed\" frameborder=\"0\" allow=\"accelerometer; autoplay; clipboard-write; encrypted-media; gyroscope; picture-in-picture; web-share\" referrerpolicy=\"strict-origin-when-cross-origin\" allowfullscreen><\/iframe>\n<\/div><\/figure>\n","protected":false},"excerpt":{"rendered":"<p>Ministerstvo hospod\u00e1rstva SR je po ned\u00e1vnom kyber\u00fatoku st\u00e1le v\u00e1\u017ene paralyzovan\u00e9. Nemal\u00e1 \u010das\u0165 zamestnancov st\u00e1le nem\u00e1 svoje po\u010d\u00edta\u010de, ktor\u00e9 s\u00fa na bezpe\u010dnostnej kontrole, upozornil dnes na tla\u010dovej besede strany Demokrati \u010dlen jej predsedn\u00edctva a b\u00fdval\u00fd minister hospod\u00e1rstva Karel Hirman. \u201eK \u00fatoku na MH do\u0161lo pr\u00e1ve v \u010dase, ke\u010f MH u\u017e sp\u00fa\u0161\u0165alo syst\u00e9m energopomoci na z\u00e1klade finan\u010dn\u00fdch [&hellip;]<\/p>\n","protected":false},"author":13,"featured_media":8600,"comment_status":"closed","ping_status":"closed","sticky":false,"template":"","format":"standard","meta":{"_acf_changed":false,"ngg_post_thumbnail":0,"footnotes":""},"categories":[4],"tags":[],"class_list":["post-8599","post","type-post","status-publish","format-standard","has-post-thumbnail","hentry","category-tlacove-spravy"],"acf":[],"yoast_head":"<!-- This site is optimized with the Yoast SEO plugin v27.2 - https:\/\/yoast.com\/product\/yoast-seo-wordpress\/ -->\n<title>Paralyzovan\u00e9 Ministerstvo hospod\u00e1rstva a asoci\u00e1lna, nezmyseln\u00e1 energopomoc. Regul\u00e1tor Holjen\u010d\u00edk by mal skon\u010di\u0165 vo svojej funkci\u00ed<\/title>\n<meta name=\"robots\" content=\"index, follow, max-snippet:-1, max-image-preview:large, max-video-preview:-1\" \/>\n<link rel=\"canonical\" href=\"https:\/\/www.smedemokrati.sk\/cs\/paralyzovane-ministerstvo-hospodarstva-a-asocialna-nezmyselna-energopomoc-regulator-holjencik-by-mal-skoncit-vo-svojej-funkcii\/\" \/>\n<meta property=\"og:locale\" content=\"cs_CZ\" \/>\n<meta property=\"og:locale:alternate\" content=\"en_US\" \/>\n<meta property=\"og:locale:alternate\" content=\"hu_HU\" \/>\n<meta property=\"og:locale:alternate\" content=\"sk_SK\" \/>\n<meta property=\"og:locale:alternate\" content=\"sv_SE\" \/>\n<meta property=\"og:type\" content=\"article\" \/>\n<meta property=\"og:title\" content=\"Paralyzovan\u00e9 Ministerstvo hospod\u00e1rstva a asoci\u00e1lna, nezmyseln\u00e1 energopomoc. Regul\u00e1tor Holjen\u010d\u00edk by mal skon\u010di\u0165 vo svojej funkci\u00ed\" \/>\n<meta property=\"og:description\" content=\"Ministerstvo hospod\u00e1rstva SR je po ned\u00e1vnom kyber\u00fatoku st\u00e1le v\u00e1\u017ene paralyzovan\u00e9. Nemal\u00e1 \u010das\u0165 zamestnancov st\u00e1le nem\u00e1 svoje po\u010d\u00edta\u010de, ktor\u00e9 s\u00fa na bezpe\u010dnostnej kontrole, upozornil dnes na tla\u010dovej besede strany Demokrati \u010dlen jej predsedn\u00edctva a b\u00fdval\u00fd minister hospod\u00e1rstva Karel Hirman. \u201eK \u00fatoku na MH do\u0161lo pr\u00e1ve v \u010dase, ke\u010f MH u\u017e sp\u00fa\u0161\u0165alo syst\u00e9m energopomoci na z\u00e1klade finan\u010dn\u00fdch [&hellip;]\" \/>\n<meta property=\"og:url\" content=\"https:\/\/www.smedemokrati.sk\/cs\/paralyzovane-ministerstvo-hospodarstva-a-asocialna-nezmyselna-energopomoc-regulator-holjencik-by-mal-skoncit-vo-svojej-funkcii\/\" \/>\n<meta property=\"og:site_name\" content=\"Smedemokrati.sk\" \/>\n<meta property=\"article:publisher\" content=\"https:\/\/www.facebook.com\/smedemokrati2023\" \/>\n<meta property=\"article:published_time\" content=\"2025-12-09T12:17:07+00:00\" \/>\n<meta property=\"article:modified_time\" content=\"2025-12-09T12:17:15+00:00\" \/>\n<meta property=\"og:image\" content=\"https:\/\/www.smedemokrati.sk\/wp-content\/uploads\/2025\/12\/595628976_1396876908776500_9111468226995225130_n.jpg\" \/>\n\t<meta property=\"og:image:width\" content=\"1920\" \/>\n\t<meta property=\"og:image:height\" content=\"1080\" \/>\n\t<meta property=\"og:image:type\" content=\"image\/jpeg\" \/>\n<meta name=\"author\" content=\"miro.sopko\" \/>\n<meta name=\"twitter:card\" content=\"summary_large_image\" \/>\n<meta name=\"twitter:label1\" content=\"Napsal(a)\" \/>\n\t<meta name=\"twitter:data1\" content=\"miro.sopko\" \/>\n\t<meta name=\"twitter:label2\" content=\"Odhadovan\u00e1 doba \u010dten\u00ed\" \/>\n\t<meta name=\"twitter:data2\" content=\"5 minut\" \/>\n<script type=\"application\/ld+json\" class=\"yoast-schema-graph\">{\"@context\":\"https:\/\/schema.org\",\"@graph\":[{\"@type\":\"Article\",\"@id\":\"https:\/\/www.smedemokrati.sk\/paralyzovane-ministerstvo-hospodarstva-a-asocialna-nezmyselna-energopomoc-regulator-holjencik-by-mal-skoncit-vo-svojej-funkcii\/#article\",\"isPartOf\":{\"@id\":\"https:\/\/www.smedemokrati.sk\/paralyzovane-ministerstvo-hospodarstva-a-asocialna-nezmyselna-energopomoc-regulator-holjencik-by-mal-skoncit-vo-svojej-funkcii\/\"},\"author\":{\"name\":\"miro.sopko\",\"@id\":\"https:\/\/www.smedemokrati.sk\/#\/schema\/person\/21f147c88d605aa7ded900e1e7c344ba\"},\"headline\":\"Paralyzovan\u00e9 Ministerstvo hospod\u00e1rstva a asoci\u00e1lna, nezmyseln\u00e1 energopomoc. Regul\u00e1tor Holjen\u010d\u00edk by mal skon\u010di\u0165 vo svojej funkci\u00ed\",\"datePublished\":\"2025-12-09T12:17:07+00:00\",\"dateModified\":\"2025-12-09T12:17:15+00:00\",\"mainEntityOfPage\":{\"@id\":\"https:\/\/www.smedemokrati.sk\/paralyzovane-ministerstvo-hospodarstva-a-asocialna-nezmyselna-energopomoc-regulator-holjencik-by-mal-skoncit-vo-svojej-funkcii\/\"},\"wordCount\":995,\"publisher\":{\"@id\":\"https:\/\/www.smedemokrati.sk\/#organization\"},\"image\":{\"@id\":\"https:\/\/www.smedemokrati.sk\/paralyzovane-ministerstvo-hospodarstva-a-asocialna-nezmyselna-energopomoc-regulator-holjencik-by-mal-skoncit-vo-svojej-funkcii\/#primaryimage\"},\"thumbnailUrl\":\"https:\/\/www.smedemokrati.sk\/wp-content\/uploads\/2025\/12\/595628976_1396876908776500_9111468226995225130_n.jpg\",\"articleSection\":[\"Tla\u010dov\u00e9 spr\u00e1vy\"],\"inLanguage\":\"cs-CZ\"},{\"@type\":\"WebPage\",\"@id\":\"https:\/\/www.smedemokrati.sk\/paralyzovane-ministerstvo-hospodarstva-a-asocialna-nezmyselna-energopomoc-regulator-holjencik-by-mal-skoncit-vo-svojej-funkcii\/\",\"url\":\"https:\/\/www.smedemokrati.sk\/paralyzovane-ministerstvo-hospodarstva-a-asocialna-nezmyselna-energopomoc-regulator-holjencik-by-mal-skoncit-vo-svojej-funkcii\/\",\"name\":\"Paralyzovan\u00e9 Ministerstvo hospod\u00e1rstva a asoci\u00e1lna, nezmyseln\u00e1 energopomoc. Regul\u00e1tor Holjen\u010d\u00edk by mal skon\u010di\u0165 vo svojej funkci\u00ed\",\"isPartOf\":{\"@id\":\"https:\/\/www.smedemokrati.sk\/#website\"},\"primaryImageOfPage\":{\"@id\":\"https:\/\/www.smedemokrati.sk\/paralyzovane-ministerstvo-hospodarstva-a-asocialna-nezmyselna-energopomoc-regulator-holjencik-by-mal-skoncit-vo-svojej-funkcii\/#primaryimage\"},\"image\":{\"@id\":\"https:\/\/www.smedemokrati.sk\/paralyzovane-ministerstvo-hospodarstva-a-asocialna-nezmyselna-energopomoc-regulator-holjencik-by-mal-skoncit-vo-svojej-funkcii\/#primaryimage\"},\"thumbnailUrl\":\"https:\/\/www.smedemokrati.sk\/wp-content\/uploads\/2025\/12\/595628976_1396876908776500_9111468226995225130_n.jpg\",\"datePublished\":\"2025-12-09T12:17:07+00:00\",\"dateModified\":\"2025-12-09T12:17:15+00:00\",\"breadcrumb\":{\"@id\":\"https:\/\/www.smedemokrati.sk\/paralyzovane-ministerstvo-hospodarstva-a-asocialna-nezmyselna-energopomoc-regulator-holjencik-by-mal-skoncit-vo-svojej-funkcii\/#breadcrumb\"},\"inLanguage\":\"cs-CZ\",\"potentialAction\":[{\"@type\":\"ReadAction\",\"target\":[\"https:\/\/www.smedemokrati.sk\/paralyzovane-ministerstvo-hospodarstva-a-asocialna-nezmyselna-energopomoc-regulator-holjencik-by-mal-skoncit-vo-svojej-funkcii\/\"]}]},{\"@type\":\"ImageObject\",\"inLanguage\":\"cs-CZ\",\"@id\":\"https:\/\/www.smedemokrati.sk\/paralyzovane-ministerstvo-hospodarstva-a-asocialna-nezmyselna-energopomoc-regulator-holjencik-by-mal-skoncit-vo-svojej-funkcii\/#primaryimage\",\"url\":\"https:\/\/www.smedemokrati.sk\/wp-content\/uploads\/2025\/12\/595628976_1396876908776500_9111468226995225130_n.jpg\",\"contentUrl\":\"https:\/\/www.smedemokrati.sk\/wp-content\/uploads\/2025\/12\/595628976_1396876908776500_9111468226995225130_n.jpg\",\"width\":1920,\"height\":1080},{\"@type\":\"BreadcrumbList\",\"@id\":\"https:\/\/www.smedemokrati.sk\/paralyzovane-ministerstvo-hospodarstva-a-asocialna-nezmyselna-energopomoc-regulator-holjencik-by-mal-skoncit-vo-svojej-funkcii\/#breadcrumb\",\"itemListElement\":[{\"@type\":\"ListItem\",\"position\":1,\"name\":\"Domovsk\u00e1 str\u00e1nka\",\"item\":\"https:\/\/www.smedemokrati.sk\/\"},{\"@type\":\"ListItem\",\"position\":2,\"name\":\"Paralyzovan\u00e9 Ministerstvo hospod\u00e1rstva a asoci\u00e1lna, nezmyseln\u00e1 energopomoc. Regul\u00e1tor Holjen\u010d\u00edk by mal skon\u010di\u0165 vo svojej funkci\u00ed\"}]},{\"@type\":\"WebSite\",\"@id\":\"https:\/\/www.smedemokrati.sk\/#website\",\"url\":\"https:\/\/www.smedemokrati.sk\/\",\"name\":\"Smedemokrati.sk\",\"description\":\"Demokracia a slu\u0161nos\u0165 zv\u00ed\u0165az\u00ed\",\"publisher\":{\"@id\":\"https:\/\/www.smedemokrati.sk\/#organization\"},\"potentialAction\":[{\"@type\":\"SearchAction\",\"target\":{\"@type\":\"EntryPoint\",\"urlTemplate\":\"https:\/\/www.smedemokrati.sk\/?s={search_term_string}\"},\"query-input\":{\"@type\":\"PropertyValueSpecification\",\"valueRequired\":true,\"valueName\":\"search_term_string\"}}],\"inLanguage\":\"cs-CZ\"},{\"@type\":\"Organization\",\"@id\":\"https:\/\/www.smedemokrati.sk\/#organization\",\"name\":\"Smedemokrati.sk\",\"url\":\"https:\/\/www.smedemokrati.sk\/\",\"logo\":{\"@type\":\"ImageObject\",\"inLanguage\":\"cs-CZ\",\"@id\":\"https:\/\/www.smedemokrati.sk\/#\/schema\/logo\/image\/\",\"url\":\"https:\/\/www.smedemokrati.sk\/wp-content\/uploads\/2023\/04\/ff.002.jpeg\",\"contentUrl\":\"https:\/\/www.smedemokrati.sk\/wp-content\/uploads\/2023\/04\/ff.002.jpeg\",\"width\":640,\"height\":480,\"caption\":\"Smedemokrati.sk\"},\"image\":{\"@id\":\"https:\/\/www.smedemokrati.sk\/#\/schema\/logo\/image\/\"},\"sameAs\":[\"https:\/\/www.facebook.com\/smedemokrati2023\"]},{\"@type\":\"Person\",\"@id\":\"https:\/\/www.smedemokrati.sk\/#\/schema\/person\/21f147c88d605aa7ded900e1e7c344ba\",\"name\":\"miro.sopko\",\"image\":{\"@type\":\"ImageObject\",\"inLanguage\":\"cs-CZ\",\"@id\":\"https:\/\/secure.gravatar.com\/avatar\/267e4a36f704376c109afe3a78740c1f5dd8675a2180a908699e7863c9247606?s=96&d=mm&r=g\",\"url\":\"https:\/\/secure.gravatar.com\/avatar\/267e4a36f704376c109afe3a78740c1f5dd8675a2180a908699e7863c9247606?s=96&d=mm&r=g\",\"contentUrl\":\"https:\/\/secure.gravatar.com\/avatar\/267e4a36f704376c109afe3a78740c1f5dd8675a2180a908699e7863c9247606?s=96&d=mm&r=g\",\"caption\":\"miro.sopko\"},\"url\":\"https:\/\/www.smedemokrati.sk\/cs\/author\/miro-sopko\/\"}]}<\/script>\n<!-- \/ Yoast SEO plugin. -->","yoast_head_json":{"title":"Paralyzovan\u00e9 Ministerstvo hospod\u00e1rstva a asoci\u00e1lna, nezmyseln\u00e1 energopomoc. Regul\u00e1tor Holjen\u010d\u00edk by mal skon\u010di\u0165 vo svojej funkci\u00ed","robots":{"index":"index","follow":"follow","max-snippet":"max-snippet:-1","max-image-preview":"max-image-preview:large","max-video-preview":"max-video-preview:-1"},"canonical":"https:\/\/www.smedemokrati.sk\/cs\/paralyzovane-ministerstvo-hospodarstva-a-asocialna-nezmyselna-energopomoc-regulator-holjencik-by-mal-skoncit-vo-svojej-funkcii\/","og_locale":"cs_CZ","og_type":"article","og_title":"[:sk]Paralyzovan\u00e9 Ministerstvo hospod\u00e1rstva a asoci\u00e1lna, nezmyseln\u00e1 energopomoc. Regul\u00e1tor Holjen\u010d\u00edk by mal skon\u010di\u0165 vo svojej funkci\u00ed[:] - Smedemokrati.sk","og_description":"Ministerstvo hospod\u00e1rstva SR je po ned\u00e1vnom kyber\u00fatoku st\u00e1le v\u00e1\u017ene paralyzovan\u00e9. Nemal\u00e1 \u010das\u0165 zamestnancov st\u00e1le nem\u00e1 svoje po\u010d\u00edta\u010de, ktor\u00e9 s\u00fa na bezpe\u010dnostnej kontrole, upozornil dnes na tla\u010dovej besede strany Demokrati \u010dlen jej predsedn\u00edctva a b\u00fdval\u00fd minister hospod\u00e1rstva Karel Hirman. \u201eK \u00fatoku na MH do\u0161lo pr\u00e1ve v \u010dase, ke\u010f MH u\u017e sp\u00fa\u0161\u0165alo syst\u00e9m energopomoci na z\u00e1klade finan\u010dn\u00fdch [&hellip;]","og_url":"https:\/\/www.smedemokrati.sk\/cs\/paralyzovane-ministerstvo-hospodarstva-a-asocialna-nezmyselna-energopomoc-regulator-holjencik-by-mal-skoncit-vo-svojej-funkcii\/","og_site_name":"Smedemokrati.sk","article_publisher":"https:\/\/www.facebook.com\/smedemokrati2023","article_published_time":"2025-12-09T12:17:07+00:00","article_modified_time":"2025-12-09T12:17:15+00:00","og_image":[{"width":1920,"height":1080,"url":"https:\/\/www.smedemokrati.sk\/wp-content\/uploads\/2025\/12\/595628976_1396876908776500_9111468226995225130_n.jpg","type":"image\/jpeg"}],"author":"miro.sopko","twitter_card":"summary_large_image","twitter_misc":{"Napsal(a)":"miro.sopko","Odhadovan\u00e1 doba \u010dten\u00ed":"5 minut"},"schema":{"@context":"https:\/\/schema.org","@graph":[{"@type":"Article","@id":"https:\/\/www.smedemokrati.sk\/paralyzovane-ministerstvo-hospodarstva-a-asocialna-nezmyselna-energopomoc-regulator-holjencik-by-mal-skoncit-vo-svojej-funkcii\/#article","isPartOf":{"@id":"https:\/\/www.smedemokrati.sk\/paralyzovane-ministerstvo-hospodarstva-a-asocialna-nezmyselna-energopomoc-regulator-holjencik-by-mal-skoncit-vo-svojej-funkcii\/"},"author":{"name":"miro.sopko","@id":"https:\/\/www.smedemokrati.sk\/#\/schema\/person\/21f147c88d605aa7ded900e1e7c344ba"},"headline":"Paralyzovan\u00e9 Ministerstvo hospod\u00e1rstva a asoci\u00e1lna, nezmyseln\u00e1 energopomoc. Regul\u00e1tor Holjen\u010d\u00edk by mal skon\u010di\u0165 vo svojej funkci\u00ed","datePublished":"2025-12-09T12:17:07+00:00","dateModified":"2025-12-09T12:17:15+00:00","mainEntityOfPage":{"@id":"https:\/\/www.smedemokrati.sk\/paralyzovane-ministerstvo-hospodarstva-a-asocialna-nezmyselna-energopomoc-regulator-holjencik-by-mal-skoncit-vo-svojej-funkcii\/"},"wordCount":995,"publisher":{"@id":"https:\/\/www.smedemokrati.sk\/#organization"},"image":{"@id":"https:\/\/www.smedemokrati.sk\/paralyzovane-ministerstvo-hospodarstva-a-asocialna-nezmyselna-energopomoc-regulator-holjencik-by-mal-skoncit-vo-svojej-funkcii\/#primaryimage"},"thumbnailUrl":"https:\/\/www.smedemokrati.sk\/wp-content\/uploads\/2025\/12\/595628976_1396876908776500_9111468226995225130_n.jpg","articleSection":["Tla\u010dov\u00e9 spr\u00e1vy"],"inLanguage":"cs-CZ"},{"@type":"WebPage","@id":"https:\/\/www.smedemokrati.sk\/paralyzovane-ministerstvo-hospodarstva-a-asocialna-nezmyselna-energopomoc-regulator-holjencik-by-mal-skoncit-vo-svojej-funkcii\/","url":"https:\/\/www.smedemokrati.sk\/paralyzovane-ministerstvo-hospodarstva-a-asocialna-nezmyselna-energopomoc-regulator-holjencik-by-mal-skoncit-vo-svojej-funkcii\/","name":"Paralyzovan\u00e9 Ministerstvo hospod\u00e1rstva a asoci\u00e1lna, nezmyseln\u00e1 energopomoc. Regul\u00e1tor Holjen\u010d\u00edk by mal skon\u010di\u0165 vo svojej funkci\u00ed","isPartOf":{"@id":"https:\/\/www.smedemokrati.sk\/#website"},"primaryImageOfPage":{"@id":"https:\/\/www.smedemokrati.sk\/paralyzovane-ministerstvo-hospodarstva-a-asocialna-nezmyselna-energopomoc-regulator-holjencik-by-mal-skoncit-vo-svojej-funkcii\/#primaryimage"},"image":{"@id":"https:\/\/www.smedemokrati.sk\/paralyzovane-ministerstvo-hospodarstva-a-asocialna-nezmyselna-energopomoc-regulator-holjencik-by-mal-skoncit-vo-svojej-funkcii\/#primaryimage"},"thumbnailUrl":"https:\/\/www.smedemokrati.sk\/wp-content\/uploads\/2025\/12\/595628976_1396876908776500_9111468226995225130_n.jpg","datePublished":"2025-12-09T12:17:07+00:00","dateModified":"2025-12-09T12:17:15+00:00","breadcrumb":{"@id":"https:\/\/www.smedemokrati.sk\/paralyzovane-ministerstvo-hospodarstva-a-asocialna-nezmyselna-energopomoc-regulator-holjencik-by-mal-skoncit-vo-svojej-funkcii\/#breadcrumb"},"inLanguage":"cs-CZ","potentialAction":[{"@type":"ReadAction","target":["https:\/\/www.smedemokrati.sk\/paralyzovane-ministerstvo-hospodarstva-a-asocialna-nezmyselna-energopomoc-regulator-holjencik-by-mal-skoncit-vo-svojej-funkcii\/"]}]},{"@type":"ImageObject","inLanguage":"cs-CZ","@id":"https:\/\/www.smedemokrati.sk\/paralyzovane-ministerstvo-hospodarstva-a-asocialna-nezmyselna-energopomoc-regulator-holjencik-by-mal-skoncit-vo-svojej-funkcii\/#primaryimage","url":"https:\/\/www.smedemokrati.sk\/wp-content\/uploads\/2025\/12\/595628976_1396876908776500_9111468226995225130_n.jpg","contentUrl":"https:\/\/www.smedemokrati.sk\/wp-content\/uploads\/2025\/12\/595628976_1396876908776500_9111468226995225130_n.jpg","width":1920,"height":1080},{"@type":"BreadcrumbList","@id":"https:\/\/www.smedemokrati.sk\/paralyzovane-ministerstvo-hospodarstva-a-asocialna-nezmyselna-energopomoc-regulator-holjencik-by-mal-skoncit-vo-svojej-funkcii\/#breadcrumb","itemListElement":[{"@type":"ListItem","position":1,"name":"Domovsk\u00e1 str\u00e1nka","item":"https:\/\/www.smedemokrati.sk\/"},{"@type":"ListItem","position":2,"name":"Paralyzovan\u00e9 Ministerstvo hospod\u00e1rstva a asoci\u00e1lna, nezmyseln\u00e1 energopomoc. Regul\u00e1tor Holjen\u010d\u00edk by mal skon\u010di\u0165 vo svojej funkci\u00ed"}]},{"@type":"WebSite","@id":"https:\/\/www.smedemokrati.sk\/#website","url":"https:\/\/www.smedemokrati.sk\/","name":"Smedemokrati.sk","description":"Demokracia a slu\u0161nos\u0165 zv\u00ed\u0165az\u00ed","publisher":{"@id":"https:\/\/www.smedemokrati.sk\/#organization"},"potentialAction":[{"@type":"SearchAction","target":{"@type":"EntryPoint","urlTemplate":"https:\/\/www.smedemokrati.sk\/?s={search_term_string}"},"query-input":{"@type":"PropertyValueSpecification","valueRequired":true,"valueName":"search_term_string"}}],"inLanguage":"cs-CZ"},{"@type":"Organization","@id":"https:\/\/www.smedemokrati.sk\/#organization","name":"Smedemokrati.sk","url":"https:\/\/www.smedemokrati.sk\/","logo":{"@type":"ImageObject","inLanguage":"cs-CZ","@id":"https:\/\/www.smedemokrati.sk\/#\/schema\/logo\/image\/","url":"https:\/\/www.smedemokrati.sk\/wp-content\/uploads\/2023\/04\/ff.002.jpeg","contentUrl":"https:\/\/www.smedemokrati.sk\/wp-content\/uploads\/2023\/04\/ff.002.jpeg","width":640,"height":480,"caption":"Smedemokrati.sk"},"image":{"@id":"https:\/\/www.smedemokrati.sk\/#\/schema\/logo\/image\/"},"sameAs":["https:\/\/www.facebook.com\/smedemokrati2023"]},{"@type":"Person","@id":"https:\/\/www.smedemokrati.sk\/#\/schema\/person\/21f147c88d605aa7ded900e1e7c344ba","name":"miro.sopko","image":{"@type":"ImageObject","inLanguage":"cs-CZ","@id":"https:\/\/secure.gravatar.com\/avatar\/267e4a36f704376c109afe3a78740c1f5dd8675a2180a908699e7863c9247606?s=96&d=mm&r=g","url":"https:\/\/secure.gravatar.com\/avatar\/267e4a36f704376c109afe3a78740c1f5dd8675a2180a908699e7863c9247606?s=96&d=mm&r=g","contentUrl":"https:\/\/secure.gravatar.com\/avatar\/267e4a36f704376c109afe3a78740c1f5dd8675a2180a908699e7863c9247606?s=96&d=mm&r=g","caption":"miro.sopko"},"url":"https:\/\/www.smedemokrati.sk\/cs\/author\/miro-sopko\/"}]}},"_links":{"self":[{"href":"https:\/\/www.smedemokrati.sk\/cs\/wp-json\/wp\/v2\/posts\/8599","targetHints":{"allow":["GET"]}}],"collection":[{"href":"https:\/\/www.smedemokrati.sk\/cs\/wp-json\/wp\/v2\/posts"}],"about":[{"href":"https:\/\/www.smedemokrati.sk\/cs\/wp-json\/wp\/v2\/types\/post"}],"author":[{"embeddable":true,"href":"https:\/\/www.smedemokrati.sk\/cs\/wp-json\/wp\/v2\/users\/13"}],"replies":[{"embeddable":true,"href":"https:\/\/www.smedemokrati.sk\/cs\/wp-json\/wp\/v2\/comments?post=8599"}],"version-history":[{"count":1,"href":"https:\/\/www.smedemokrati.sk\/cs\/wp-json\/wp\/v2\/posts\/8599\/revisions"}],"predecessor-version":[{"id":8601,"href":"https:\/\/www.smedemokrati.sk\/cs\/wp-json\/wp\/v2\/posts\/8599\/revisions\/8601"}],"wp:featuredmedia":[{"embeddable":true,"href":"https:\/\/www.smedemokrati.sk\/cs\/wp-json\/wp\/v2\/media\/8600"}],"wp:attachment":[{"href":"https:\/\/www.smedemokrati.sk\/cs\/wp-json\/wp\/v2\/media?parent=8599"}],"wp:term":[{"taxonomy":"category","embeddable":true,"href":"https:\/\/www.smedemokrati.sk\/cs\/wp-json\/wp\/v2\/categories?post=8599"},{"taxonomy":"post_tag","embeddable":true,"href":"https:\/\/www.smedemokrati.sk\/cs\/wp-json\/wp\/v2\/tags?post=8599"}],"curies":[{"name":"wp","href":"https:\/\/api.w.org\/{rel}","templated":true}]}}