{"id":8570,"date":"2025-12-04T11:58:44","date_gmt":"2025-12-04T10:58:44","guid":{"rendered":"https:\/\/www.smedemokrati.sk\/?p=8570"},"modified":"2025-12-04T12:04:07","modified_gmt":"2025-12-04T11:04:07","slug":"demokrati-dnes-podali-na-generalnu-prokuraturu-sr-trestne-oznamenie-v-suvislosti-s-kupou-nehnutelnosti-byvaleho-outletu-v-obci-voderady","status":"publish","type":"post","link":"https:\/\/www.smedemokrati.sk\/cs\/demokrati-dnes-podali-na-generalnu-prokuraturu-sr-trestne-oznamenie-v-suvislosti-s-kupou-nehnutelnosti-byvaleho-outletu-v-obci-voderady\/","title":{"rendered":"Demokrati dnes podali na Gener\u00e1lnu prokurat\u00faru SR trestn\u00e9 ozn\u00e1menie v s\u00favislosti s k\u00fapou nehnute\u013enosti b\u00fdval\u00e9ho Outletu v obci Voderady"},"content":{"rendered":"<div id=\"fb-root\"><\/div>\n\n<p>\u201eNie je mo\u017en\u00e9, aby \u0161t\u00e1t k\u00fapil nie\u010do za 16,9 mili\u00f3na eur, ak sa to pred\u00e1valo verejne za 5 mili\u00f3nov eur. Je to zjavn\u00e1 zlodejina, ktor\u00e1 je jednoducho neobh\u00e1jite\u013en\u00e1,\u201c uviedol podpredseda Demokratov Juraj \u0160eliga. Demokrati preto \u017eiadaj\u00fa okam\u017eit\u00e9 a d\u00f4kladn\u00e9 preverenie celej transakcie a veria, \u017ee Maro\u0161 \u017dilinka sa na t\u00fato \u201eslay\u00e1du\u201c pozrie.<\/p>\n\n\n\n<p>\u201eAk \u0161t\u00e1t rezignuje na riadne a hospod\u00e1rne nakladanie s verejn\u00fdmi financiami, \u013eudia str\u00e1caj\u00fa motiv\u00e1ciu plati\u0165 dane. Ide o mili\u00f3ny eur zo \u0161t\u00e1tneho rozpo\u010dtu, ktor\u00e9 by mali prech\u00e1dza\u0165 kontrolou viacer\u00fdch in\u0161tit\u00faci\u00ed. Vyz\u00fdvam kompetentn\u00fdch, aby konali a zabr\u00e1nili \u010fal\u0161iemu plytvaniu peniazmi ob\u010danov. Nem\u00e1me peniaze na lieky, platy policajtov alebo u\u010dite\u013eov, ale na nak\u00fap predra\u017eenej nehnute\u013enosti sa peniaze na\u0161li? Kto sa nabalil? Mlad\u00e1 influencerka, ktor\u00e1 je otr\u00e1ven\u00e1 verejn\u00fdmi ot\u00e1zkami to iste nie je, stopy smeruj\u00fa do pal\u00e1cov, kde s\u00eddlia predstavitelia vl\u00e1dnej koal\u00edcie.\u201c doplnil \u0160eliga.<\/p>\n\n\n\n<p>\u201eNakladanie s verejn\u00fdmi prostriedkami mus\u00ed podlieha\u0165 pr\u00edsnej kontrole. Ob\u00e1vam sa, \u017ee Petrovi Kmecovi sa podarilo, \u017ee slovo \u201eslay\u00e1da\u201c sa stane slovom roka 2025. P\u00e1n Kmec by nemal by\u0165 predsedom v\u00fdboru pre eur\u00f3pske z\u00e1le\u017eitosti, ale mal by od\u00eds\u0165 z verejn\u00e9ho \u017eivota. Toto je tak tup\u00e1 rabova\u010dka, \u017ee ju u\u017e nemohol prehliadnu\u0165 ani Fico, preto sa tak pon\u00e1ha\u013eal s odvolan\u00edm Kmeca.\u201c hovor\u00ed Michal Ki\u010da, podpredseda strany Demokrati.&nbsp;<\/p>\n\n\n\n<p>Demokrati vyz\u00fdvaj\u00fa gener\u00e1lneho prokur\u00e1tora Maro\u0161a \u017dilinku, aby osobne dohliadol na to, \u017ee vy\u0161etrovanie bude nestrann\u00e9, r\u00fdchle a d\u00f4sledn\u00e9, ke\u010f\u017ee ide o minim\u00e1lne z\u00e1va\u017en\u00e9 podozrenie z nehospod\u00e1rneho nakladania s verejn\u00fdm majetkom.<\/p>\n\n\n<div id=\"fb-root\"><\/div><script async defer crossorigin=\"anonymous\" src=\"https:\/\/connect.facebook.net\/sk_SK\/sdk.js#xfbml=1&version=v18.0\"><\/script><div class=\"fb-video\" data-href=\"https:\/\/www.facebook.com\/reel\/1400827964896186\" data-width=\"560\" data-show-text=\"false\"><blockquote cite=\"https:\/\/www.facebook.com\/reel\/1400827964896186\" class=\"fb-xfbml-parse-ignore\"><a href=\"https:\/\/www.facebook.com\/reel\/1400827964896186\">Video<\/a><\/blockquote><\/div>\n","protected":false},"excerpt":{"rendered":"<p>\u201eNie je mo\u017en\u00e9, aby \u0161t\u00e1t k\u00fapil nie\u010do za 16,9 mili\u00f3na eur, ak sa to pred\u00e1valo verejne za 5 mili\u00f3nov eur. Je to zjavn\u00e1 zlodejina, ktor\u00e1 je jednoducho neobh\u00e1jite\u013en\u00e1,\u201c uviedol podpredseda Demokratov Juraj \u0160eliga. Demokrati preto \u017eiadaj\u00fa okam\u017eit\u00e9 a d\u00f4kladn\u00e9 preverenie celej transakcie a veria, \u017ee Maro\u0161 \u017dilinka sa na t\u00fato \u201eslay\u00e1du\u201c pozrie. \u201eAk \u0161t\u00e1t rezignuje [&hellip;]<\/p>\n","protected":false},"author":13,"featured_media":8571,"comment_status":"closed","ping_status":"closed","sticky":false,"template":"","format":"standard","meta":{"_acf_changed":false,"ngg_post_thumbnail":0,"footnotes":""},"categories":[4],"tags":[],"class_list":["post-8570","post","type-post","status-publish","format-standard","has-post-thumbnail","hentry","category-tlacove-spravy"],"acf":[],"yoast_head":"<!-- This site is optimized with the Yoast SEO plugin v27.2 - https:\/\/yoast.com\/product\/yoast-seo-wordpress\/ -->\n<title>Demokrati dnes podali na Gener\u00e1lnu prokurat\u00faru SR trestn\u00e9 ozn\u00e1menie v s\u00favislosti s k\u00fapou nehnute\u013enosti b\u00fdval\u00e9ho Outletu v obci Voderady<\/title>\n<meta name=\"robots\" content=\"index, follow, max-snippet:-1, max-image-preview:large, max-video-preview:-1\" \/>\n<link rel=\"canonical\" href=\"https:\/\/www.smedemokrati.sk\/cs\/demokrati-dnes-podali-na-generalnu-prokuraturu-sr-trestne-oznamenie-v-suvislosti-s-kupou-nehnutelnosti-byvaleho-outletu-v-obci-voderady\/\" \/>\n<meta property=\"og:locale\" content=\"cs_CZ\" \/>\n<meta property=\"og:locale:alternate\" content=\"en_US\" \/>\n<meta property=\"og:locale:alternate\" content=\"hu_HU\" \/>\n<meta property=\"og:locale:alternate\" content=\"sk_SK\" \/>\n<meta property=\"og:locale:alternate\" content=\"sv_SE\" \/>\n<meta property=\"og:type\" content=\"article\" \/>\n<meta property=\"og:title\" content=\"Demokrati dnes podali na Gener\u00e1lnu prokurat\u00faru SR trestn\u00e9 ozn\u00e1menie v s\u00favislosti s k\u00fapou nehnute\u013enosti b\u00fdval\u00e9ho Outletu v obci Voderady\" \/>\n<meta property=\"og:description\" content=\"\u201eNie je mo\u017en\u00e9, aby \u0161t\u00e1t k\u00fapil nie\u010do za 16,9 mili\u00f3na eur, ak sa to pred\u00e1valo verejne za 5 mili\u00f3nov eur. Je to zjavn\u00e1 zlodejina, ktor\u00e1 je jednoducho neobh\u00e1jite\u013en\u00e1,\u201c uviedol podpredseda Demokratov Juraj \u0160eliga. Demokrati preto \u017eiadaj\u00fa okam\u017eit\u00e9 a d\u00f4kladn\u00e9 preverenie celej transakcie a veria, \u017ee Maro\u0161 \u017dilinka sa na t\u00fato \u201eslay\u00e1du\u201c pozrie. \u201eAk \u0161t\u00e1t rezignuje [&hellip;]\" \/>\n<meta property=\"og:url\" content=\"https:\/\/www.smedemokrati.sk\/cs\/demokrati-dnes-podali-na-generalnu-prokuraturu-sr-trestne-oznamenie-v-suvislosti-s-kupou-nehnutelnosti-byvaleho-outletu-v-obci-voderady\/\" \/>\n<meta property=\"og:site_name\" content=\"Smedemokrati.sk\" \/>\n<meta property=\"article:publisher\" content=\"https:\/\/www.facebook.com\/smedemokrati2023\" \/>\n<meta property=\"article:published_time\" content=\"2025-12-04T10:58:44+00:00\" \/>\n<meta property=\"article:modified_time\" content=\"2025-12-04T11:04:07+00:00\" \/>\n<meta property=\"og:image\" content=\"https:\/\/www.smedemokrati.sk\/wp-content\/uploads\/2025\/12\/594438410_1428337138659110_614010526985663314_n.jpg\" \/>\n\t<meta property=\"og:image:width\" content=\"1080\" \/>\n\t<meta property=\"og:image:height\" content=\"799\" \/>\n\t<meta property=\"og:image:type\" content=\"image\/jpeg\" \/>\n<meta name=\"author\" content=\"miro.sopko\" \/>\n<meta name=\"twitter:card\" content=\"summary_large_image\" \/>\n<meta name=\"twitter:label1\" content=\"Napsal(a)\" \/>\n\t<meta name=\"twitter:data1\" content=\"miro.sopko\" \/>\n\t<meta name=\"twitter:label2\" content=\"Odhadovan\u00e1 doba \u010dten\u00ed\" \/>\n\t<meta name=\"twitter:data2\" content=\"2 minuty\" \/>\n<script type=\"application\/ld+json\" class=\"yoast-schema-graph\">{\"@context\":\"https:\/\/schema.org\",\"@graph\":[{\"@type\":\"Article\",\"@id\":\"https:\/\/www.smedemokrati.sk\/demokrati-dnes-podali-na-generalnu-prokuraturu-sr-trestne-oznamenie-v-suvislosti-s-kupou-nehnutelnosti-byvaleho-outletu-v-obci-voderady\/#article\",\"isPartOf\":{\"@id\":\"https:\/\/www.smedemokrati.sk\/demokrati-dnes-podali-na-generalnu-prokuraturu-sr-trestne-oznamenie-v-suvislosti-s-kupou-nehnutelnosti-byvaleho-outletu-v-obci-voderady\/\"},\"author\":{\"name\":\"miro.sopko\",\"@id\":\"https:\/\/www.smedemokrati.sk\/#\/schema\/person\/21f147c88d605aa7ded900e1e7c344ba\"},\"headline\":\"Demokrati dnes podali na Gener\u00e1lnu prokurat\u00faru SR trestn\u00e9 ozn\u00e1menie v s\u00favislosti s k\u00fapou nehnute\u013enosti b\u00fdval\u00e9ho Outletu v obci Voderady\",\"datePublished\":\"2025-12-04T10:58:44+00:00\",\"dateModified\":\"2025-12-04T11:04:07+00:00\",\"mainEntityOfPage\":{\"@id\":\"https:\/\/www.smedemokrati.sk\/demokrati-dnes-podali-na-generalnu-prokuraturu-sr-trestne-oznamenie-v-suvislosti-s-kupou-nehnutelnosti-byvaleho-outletu-v-obci-voderady\/\"},\"wordCount\":335,\"publisher\":{\"@id\":\"https:\/\/www.smedemokrati.sk\/#organization\"},\"image\":{\"@id\":\"https:\/\/www.smedemokrati.sk\/demokrati-dnes-podali-na-generalnu-prokuraturu-sr-trestne-oznamenie-v-suvislosti-s-kupou-nehnutelnosti-byvaleho-outletu-v-obci-voderady\/#primaryimage\"},\"thumbnailUrl\":\"https:\/\/www.smedemokrati.sk\/wp-content\/uploads\/2025\/12\/594438410_1428337138659110_614010526985663314_n.jpg\",\"articleSection\":[\"Tla\u010dov\u00e9 spr\u00e1vy\"],\"inLanguage\":\"cs-CZ\"},{\"@type\":\"WebPage\",\"@id\":\"https:\/\/www.smedemokrati.sk\/demokrati-dnes-podali-na-generalnu-prokuraturu-sr-trestne-oznamenie-v-suvislosti-s-kupou-nehnutelnosti-byvaleho-outletu-v-obci-voderady\/\",\"url\":\"https:\/\/www.smedemokrati.sk\/demokrati-dnes-podali-na-generalnu-prokuraturu-sr-trestne-oznamenie-v-suvislosti-s-kupou-nehnutelnosti-byvaleho-outletu-v-obci-voderady\/\",\"name\":\"Demokrati dnes podali na Gener\u00e1lnu prokurat\u00faru SR trestn\u00e9 ozn\u00e1menie v s\u00favislosti s k\u00fapou nehnute\u013enosti b\u00fdval\u00e9ho Outletu v obci Voderady\",\"isPartOf\":{\"@id\":\"https:\/\/www.smedemokrati.sk\/#website\"},\"primaryImageOfPage\":{\"@id\":\"https:\/\/www.smedemokrati.sk\/demokrati-dnes-podali-na-generalnu-prokuraturu-sr-trestne-oznamenie-v-suvislosti-s-kupou-nehnutelnosti-byvaleho-outletu-v-obci-voderady\/#primaryimage\"},\"image\":{\"@id\":\"https:\/\/www.smedemokrati.sk\/demokrati-dnes-podali-na-generalnu-prokuraturu-sr-trestne-oznamenie-v-suvislosti-s-kupou-nehnutelnosti-byvaleho-outletu-v-obci-voderady\/#primaryimage\"},\"thumbnailUrl\":\"https:\/\/www.smedemokrati.sk\/wp-content\/uploads\/2025\/12\/594438410_1428337138659110_614010526985663314_n.jpg\",\"datePublished\":\"2025-12-04T10:58:44+00:00\",\"dateModified\":\"2025-12-04T11:04:07+00:00\",\"breadcrumb\":{\"@id\":\"https:\/\/www.smedemokrati.sk\/demokrati-dnes-podali-na-generalnu-prokuraturu-sr-trestne-oznamenie-v-suvislosti-s-kupou-nehnutelnosti-byvaleho-outletu-v-obci-voderady\/#breadcrumb\"},\"inLanguage\":\"cs-CZ\",\"potentialAction\":[{\"@type\":\"ReadAction\",\"target\":[\"https:\/\/www.smedemokrati.sk\/demokrati-dnes-podali-na-generalnu-prokuraturu-sr-trestne-oznamenie-v-suvislosti-s-kupou-nehnutelnosti-byvaleho-outletu-v-obci-voderady\/\"]}]},{\"@type\":\"ImageObject\",\"inLanguage\":\"cs-CZ\",\"@id\":\"https:\/\/www.smedemokrati.sk\/demokrati-dnes-podali-na-generalnu-prokuraturu-sr-trestne-oznamenie-v-suvislosti-s-kupou-nehnutelnosti-byvaleho-outletu-v-obci-voderady\/#primaryimage\",\"url\":\"https:\/\/www.smedemokrati.sk\/wp-content\/uploads\/2025\/12\/594438410_1428337138659110_614010526985663314_n.jpg\",\"contentUrl\":\"https:\/\/www.smedemokrati.sk\/wp-content\/uploads\/2025\/12\/594438410_1428337138659110_614010526985663314_n.jpg\",\"width\":1080,\"height\":799},{\"@type\":\"BreadcrumbList\",\"@id\":\"https:\/\/www.smedemokrati.sk\/demokrati-dnes-podali-na-generalnu-prokuraturu-sr-trestne-oznamenie-v-suvislosti-s-kupou-nehnutelnosti-byvaleho-outletu-v-obci-voderady\/#breadcrumb\",\"itemListElement\":[{\"@type\":\"ListItem\",\"position\":1,\"name\":\"Domovsk\u00e1 str\u00e1nka\",\"item\":\"https:\/\/www.smedemokrati.sk\/\"},{\"@type\":\"ListItem\",\"position\":2,\"name\":\"Demokrati dnes podali na Gener\u00e1lnu prokurat\u00faru SR trestn\u00e9 ozn\u00e1menie v s\u00favislosti s k\u00fapou nehnute\u013enosti b\u00fdval\u00e9ho Outletu v obci Voderady\"}]},{\"@type\":\"WebSite\",\"@id\":\"https:\/\/www.smedemokrati.sk\/#website\",\"url\":\"https:\/\/www.smedemokrati.sk\/\",\"name\":\"Smedemokrati.sk\",\"description\":\"Demokracia a slu\u0161nos\u0165 zv\u00ed\u0165az\u00ed\",\"publisher\":{\"@id\":\"https:\/\/www.smedemokrati.sk\/#organization\"},\"potentialAction\":[{\"@type\":\"SearchAction\",\"target\":{\"@type\":\"EntryPoint\",\"urlTemplate\":\"https:\/\/www.smedemokrati.sk\/?s={search_term_string}\"},\"query-input\":{\"@type\":\"PropertyValueSpecification\",\"valueRequired\":true,\"valueName\":\"search_term_string\"}}],\"inLanguage\":\"cs-CZ\"},{\"@type\":\"Organization\",\"@id\":\"https:\/\/www.smedemokrati.sk\/#organization\",\"name\":\"Smedemokrati.sk\",\"url\":\"https:\/\/www.smedemokrati.sk\/\",\"logo\":{\"@type\":\"ImageObject\",\"inLanguage\":\"cs-CZ\",\"@id\":\"https:\/\/www.smedemokrati.sk\/#\/schema\/logo\/image\/\",\"url\":\"https:\/\/www.smedemokrati.sk\/wp-content\/uploads\/2023\/04\/ff.002.jpeg\",\"contentUrl\":\"https:\/\/www.smedemokrati.sk\/wp-content\/uploads\/2023\/04\/ff.002.jpeg\",\"width\":640,\"height\":480,\"caption\":\"Smedemokrati.sk\"},\"image\":{\"@id\":\"https:\/\/www.smedemokrati.sk\/#\/schema\/logo\/image\/\"},\"sameAs\":[\"https:\/\/www.facebook.com\/smedemokrati2023\"]},{\"@type\":\"Person\",\"@id\":\"https:\/\/www.smedemokrati.sk\/#\/schema\/person\/21f147c88d605aa7ded900e1e7c344ba\",\"name\":\"miro.sopko\",\"image\":{\"@type\":\"ImageObject\",\"inLanguage\":\"cs-CZ\",\"@id\":\"https:\/\/secure.gravatar.com\/avatar\/267e4a36f704376c109afe3a78740c1f5dd8675a2180a908699e7863c9247606?s=96&d=mm&r=g\",\"url\":\"https:\/\/secure.gravatar.com\/avatar\/267e4a36f704376c109afe3a78740c1f5dd8675a2180a908699e7863c9247606?s=96&d=mm&r=g\",\"contentUrl\":\"https:\/\/secure.gravatar.com\/avatar\/267e4a36f704376c109afe3a78740c1f5dd8675a2180a908699e7863c9247606?s=96&d=mm&r=g\",\"caption\":\"miro.sopko\"},\"url\":\"https:\/\/www.smedemokrati.sk\/cs\/author\/miro-sopko\/\"}]}<\/script>\n<!-- \/ Yoast SEO plugin. -->","yoast_head_json":{"title":"Demokrati dnes podali na Gener\u00e1lnu prokurat\u00faru SR trestn\u00e9 ozn\u00e1menie v s\u00favislosti s k\u00fapou nehnute\u013enosti b\u00fdval\u00e9ho Outletu v obci Voderady","robots":{"index":"index","follow":"follow","max-snippet":"max-snippet:-1","max-image-preview":"max-image-preview:large","max-video-preview":"max-video-preview:-1"},"canonical":"https:\/\/www.smedemokrati.sk\/cs\/demokrati-dnes-podali-na-generalnu-prokuraturu-sr-trestne-oznamenie-v-suvislosti-s-kupou-nehnutelnosti-byvaleho-outletu-v-obci-voderady\/","og_locale":"cs_CZ","og_type":"article","og_title":"[:sk]Demokrati dnes podali na Gener\u00e1lnu prokurat\u00faru SR trestn\u00e9 ozn\u00e1menie v s\u00favislosti s k\u00fapou nehnute\u013enosti b\u00fdval\u00e9ho Outletu v obci Voderady[:] - Smedemokrati.sk","og_description":"\u201eNie je mo\u017en\u00e9, aby \u0161t\u00e1t k\u00fapil nie\u010do za 16,9 mili\u00f3na eur, ak sa to pred\u00e1valo verejne za 5 mili\u00f3nov eur. Je to zjavn\u00e1 zlodejina, ktor\u00e1 je jednoducho neobh\u00e1jite\u013en\u00e1,\u201c uviedol podpredseda Demokratov Juraj \u0160eliga. Demokrati preto \u017eiadaj\u00fa okam\u017eit\u00e9 a d\u00f4kladn\u00e9 preverenie celej transakcie a veria, \u017ee Maro\u0161 \u017dilinka sa na t\u00fato \u201eslay\u00e1du\u201c pozrie. \u201eAk \u0161t\u00e1t rezignuje [&hellip;]","og_url":"https:\/\/www.smedemokrati.sk\/cs\/demokrati-dnes-podali-na-generalnu-prokuraturu-sr-trestne-oznamenie-v-suvislosti-s-kupou-nehnutelnosti-byvaleho-outletu-v-obci-voderady\/","og_site_name":"Smedemokrati.sk","article_publisher":"https:\/\/www.facebook.com\/smedemokrati2023","article_published_time":"2025-12-04T10:58:44+00:00","article_modified_time":"2025-12-04T11:04:07+00:00","og_image":[{"width":1080,"height":799,"url":"https:\/\/www.smedemokrati.sk\/wp-content\/uploads\/2025\/12\/594438410_1428337138659110_614010526985663314_n.jpg","type":"image\/jpeg"}],"author":"miro.sopko","twitter_card":"summary_large_image","twitter_misc":{"Napsal(a)":"miro.sopko","Odhadovan\u00e1 doba \u010dten\u00ed":"2 minuty"},"schema":{"@context":"https:\/\/schema.org","@graph":[{"@type":"Article","@id":"https:\/\/www.smedemokrati.sk\/demokrati-dnes-podali-na-generalnu-prokuraturu-sr-trestne-oznamenie-v-suvislosti-s-kupou-nehnutelnosti-byvaleho-outletu-v-obci-voderady\/#article","isPartOf":{"@id":"https:\/\/www.smedemokrati.sk\/demokrati-dnes-podali-na-generalnu-prokuraturu-sr-trestne-oznamenie-v-suvislosti-s-kupou-nehnutelnosti-byvaleho-outletu-v-obci-voderady\/"},"author":{"name":"miro.sopko","@id":"https:\/\/www.smedemokrati.sk\/#\/schema\/person\/21f147c88d605aa7ded900e1e7c344ba"},"headline":"Demokrati dnes podali na Gener\u00e1lnu prokurat\u00faru SR trestn\u00e9 ozn\u00e1menie v s\u00favislosti s k\u00fapou nehnute\u013enosti b\u00fdval\u00e9ho Outletu v obci Voderady","datePublished":"2025-12-04T10:58:44+00:00","dateModified":"2025-12-04T11:04:07+00:00","mainEntityOfPage":{"@id":"https:\/\/www.smedemokrati.sk\/demokrati-dnes-podali-na-generalnu-prokuraturu-sr-trestne-oznamenie-v-suvislosti-s-kupou-nehnutelnosti-byvaleho-outletu-v-obci-voderady\/"},"wordCount":335,"publisher":{"@id":"https:\/\/www.smedemokrati.sk\/#organization"},"image":{"@id":"https:\/\/www.smedemokrati.sk\/demokrati-dnes-podali-na-generalnu-prokuraturu-sr-trestne-oznamenie-v-suvislosti-s-kupou-nehnutelnosti-byvaleho-outletu-v-obci-voderady\/#primaryimage"},"thumbnailUrl":"https:\/\/www.smedemokrati.sk\/wp-content\/uploads\/2025\/12\/594438410_1428337138659110_614010526985663314_n.jpg","articleSection":["Tla\u010dov\u00e9 spr\u00e1vy"],"inLanguage":"cs-CZ"},{"@type":"WebPage","@id":"https:\/\/www.smedemokrati.sk\/demokrati-dnes-podali-na-generalnu-prokuraturu-sr-trestne-oznamenie-v-suvislosti-s-kupou-nehnutelnosti-byvaleho-outletu-v-obci-voderady\/","url":"https:\/\/www.smedemokrati.sk\/demokrati-dnes-podali-na-generalnu-prokuraturu-sr-trestne-oznamenie-v-suvislosti-s-kupou-nehnutelnosti-byvaleho-outletu-v-obci-voderady\/","name":"Demokrati dnes podali na Gener\u00e1lnu prokurat\u00faru SR trestn\u00e9 ozn\u00e1menie v s\u00favislosti s k\u00fapou nehnute\u013enosti b\u00fdval\u00e9ho Outletu v obci Voderady","isPartOf":{"@id":"https:\/\/www.smedemokrati.sk\/#website"},"primaryImageOfPage":{"@id":"https:\/\/www.smedemokrati.sk\/demokrati-dnes-podali-na-generalnu-prokuraturu-sr-trestne-oznamenie-v-suvislosti-s-kupou-nehnutelnosti-byvaleho-outletu-v-obci-voderady\/#primaryimage"},"image":{"@id":"https:\/\/www.smedemokrati.sk\/demokrati-dnes-podali-na-generalnu-prokuraturu-sr-trestne-oznamenie-v-suvislosti-s-kupou-nehnutelnosti-byvaleho-outletu-v-obci-voderady\/#primaryimage"},"thumbnailUrl":"https:\/\/www.smedemokrati.sk\/wp-content\/uploads\/2025\/12\/594438410_1428337138659110_614010526985663314_n.jpg","datePublished":"2025-12-04T10:58:44+00:00","dateModified":"2025-12-04T11:04:07+00:00","breadcrumb":{"@id":"https:\/\/www.smedemokrati.sk\/demokrati-dnes-podali-na-generalnu-prokuraturu-sr-trestne-oznamenie-v-suvislosti-s-kupou-nehnutelnosti-byvaleho-outletu-v-obci-voderady\/#breadcrumb"},"inLanguage":"cs-CZ","potentialAction":[{"@type":"ReadAction","target":["https:\/\/www.smedemokrati.sk\/demokrati-dnes-podali-na-generalnu-prokuraturu-sr-trestne-oznamenie-v-suvislosti-s-kupou-nehnutelnosti-byvaleho-outletu-v-obci-voderady\/"]}]},{"@type":"ImageObject","inLanguage":"cs-CZ","@id":"https:\/\/www.smedemokrati.sk\/demokrati-dnes-podali-na-generalnu-prokuraturu-sr-trestne-oznamenie-v-suvislosti-s-kupou-nehnutelnosti-byvaleho-outletu-v-obci-voderady\/#primaryimage","url":"https:\/\/www.smedemokrati.sk\/wp-content\/uploads\/2025\/12\/594438410_1428337138659110_614010526985663314_n.jpg","contentUrl":"https:\/\/www.smedemokrati.sk\/wp-content\/uploads\/2025\/12\/594438410_1428337138659110_614010526985663314_n.jpg","width":1080,"height":799},{"@type":"BreadcrumbList","@id":"https:\/\/www.smedemokrati.sk\/demokrati-dnes-podali-na-generalnu-prokuraturu-sr-trestne-oznamenie-v-suvislosti-s-kupou-nehnutelnosti-byvaleho-outletu-v-obci-voderady\/#breadcrumb","itemListElement":[{"@type":"ListItem","position":1,"name":"Domovsk\u00e1 str\u00e1nka","item":"https:\/\/www.smedemokrati.sk\/"},{"@type":"ListItem","position":2,"name":"Demokrati dnes podali na Gener\u00e1lnu prokurat\u00faru SR trestn\u00e9 ozn\u00e1menie v s\u00favislosti s k\u00fapou nehnute\u013enosti b\u00fdval\u00e9ho Outletu v obci Voderady"}]},{"@type":"WebSite","@id":"https:\/\/www.smedemokrati.sk\/#website","url":"https:\/\/www.smedemokrati.sk\/","name":"Smedemokrati.sk","description":"Demokracia a slu\u0161nos\u0165 zv\u00ed\u0165az\u00ed","publisher":{"@id":"https:\/\/www.smedemokrati.sk\/#organization"},"potentialAction":[{"@type":"SearchAction","target":{"@type":"EntryPoint","urlTemplate":"https:\/\/www.smedemokrati.sk\/?s={search_term_string}"},"query-input":{"@type":"PropertyValueSpecification","valueRequired":true,"valueName":"search_term_string"}}],"inLanguage":"cs-CZ"},{"@type":"Organization","@id":"https:\/\/www.smedemokrati.sk\/#organization","name":"Smedemokrati.sk","url":"https:\/\/www.smedemokrati.sk\/","logo":{"@type":"ImageObject","inLanguage":"cs-CZ","@id":"https:\/\/www.smedemokrati.sk\/#\/schema\/logo\/image\/","url":"https:\/\/www.smedemokrati.sk\/wp-content\/uploads\/2023\/04\/ff.002.jpeg","contentUrl":"https:\/\/www.smedemokrati.sk\/wp-content\/uploads\/2023\/04\/ff.002.jpeg","width":640,"height":480,"caption":"Smedemokrati.sk"},"image":{"@id":"https:\/\/www.smedemokrati.sk\/#\/schema\/logo\/image\/"},"sameAs":["https:\/\/www.facebook.com\/smedemokrati2023"]},{"@type":"Person","@id":"https:\/\/www.smedemokrati.sk\/#\/schema\/person\/21f147c88d605aa7ded900e1e7c344ba","name":"miro.sopko","image":{"@type":"ImageObject","inLanguage":"cs-CZ","@id":"https:\/\/secure.gravatar.com\/avatar\/267e4a36f704376c109afe3a78740c1f5dd8675a2180a908699e7863c9247606?s=96&d=mm&r=g","url":"https:\/\/secure.gravatar.com\/avatar\/267e4a36f704376c109afe3a78740c1f5dd8675a2180a908699e7863c9247606?s=96&d=mm&r=g","contentUrl":"https:\/\/secure.gravatar.com\/avatar\/267e4a36f704376c109afe3a78740c1f5dd8675a2180a908699e7863c9247606?s=96&d=mm&r=g","caption":"miro.sopko"},"url":"https:\/\/www.smedemokrati.sk\/cs\/author\/miro-sopko\/"}]}},"_links":{"self":[{"href":"https:\/\/www.smedemokrati.sk\/cs\/wp-json\/wp\/v2\/posts\/8570","targetHints":{"allow":["GET"]}}],"collection":[{"href":"https:\/\/www.smedemokrati.sk\/cs\/wp-json\/wp\/v2\/posts"}],"about":[{"href":"https:\/\/www.smedemokrati.sk\/cs\/wp-json\/wp\/v2\/types\/post"}],"author":[{"embeddable":true,"href":"https:\/\/www.smedemokrati.sk\/cs\/wp-json\/wp\/v2\/users\/13"}],"replies":[{"embeddable":true,"href":"https:\/\/www.smedemokrati.sk\/cs\/wp-json\/wp\/v2\/comments?post=8570"}],"version-history":[{"count":1,"href":"https:\/\/www.smedemokrati.sk\/cs\/wp-json\/wp\/v2\/posts\/8570\/revisions"}],"predecessor-version":[{"id":8572,"href":"https:\/\/www.smedemokrati.sk\/cs\/wp-json\/wp\/v2\/posts\/8570\/revisions\/8572"}],"wp:featuredmedia":[{"embeddable":true,"href":"https:\/\/www.smedemokrati.sk\/cs\/wp-json\/wp\/v2\/media\/8571"}],"wp:attachment":[{"href":"https:\/\/www.smedemokrati.sk\/cs\/wp-json\/wp\/v2\/media?parent=8570"}],"wp:term":[{"taxonomy":"category","embeddable":true,"href":"https:\/\/www.smedemokrati.sk\/cs\/wp-json\/wp\/v2\/categories?post=8570"},{"taxonomy":"post_tag","embeddable":true,"href":"https:\/\/www.smedemokrati.sk\/cs\/wp-json\/wp\/v2\/tags?post=8570"}],"curies":[{"name":"wp","href":"https:\/\/api.w.org\/{rel}","templated":true}]}}