{"id":8493,"date":"2025-11-17T20:35:00","date_gmt":"2025-11-17T19:35:00","guid":{"rendered":"https:\/\/www.smedemokrati.sk\/?p=8493"},"modified":"2025-11-18T06:44:20","modified_gmt":"2025-11-18T05:44:20","slug":"17-november-nebol-ziadny-komunisticky-puc","status":"publish","type":"post","link":"https:\/\/www.smedemokrati.sk\/cs\/17-november-nebol-ziadny-komunisticky-puc\/","title":{"rendered":"17. november nebol \u017eiadny komunistick\u00fd pu\u010d!"},"content":{"rendered":"<div id=\"fb-root\"><\/div>\n\n<p><strong>Z\u00e1kon o zru\u0161en\u00ed totalitn\u00fdch re\u017eimov a ideol\u00f3gi\u00ed, viac vzdel\u00e1vania ml\u00e1de\u017ee na \u0161kol\u00e1ch v s\u00favislosti so 17. novembrom a \u00fastavn\u00fd z\u00e1kon o zakotven\u00ed v E\u00da a NATO. Demokrati pripomenuli jeden z bodov, ktor\u00fd presadia, ak bud\u00fa v parlamente. Z\u00e1rove\u0148 vr\u00e1tia 17. november ako sviatok pracovn\u00e9ho pokoja. Demokrati po\u010fakovali v\u0161etk\u00fdm in\u0161tit\u00faci\u00e1m, \u0161kol\u00e1m a zamestn\u00e1vate\u013eom, ktor\u00ed svojim zamestnancom dali vo\u013eno a pripom\u00ednaj\u00fa si dne\u0161n\u00fd d\u00f4le\u017eit\u00fd de\u0148. Sviatok osl\u00e1v D\u0148a boja za slobodu a demokraciu nie je o ni\u010d menej ako oslavy SNP \u010di Cyrila a Metoda a vyzvali v\u0161etk\u00fdch ob\u010danov, ktor\u00fdm nie je sloboda \u013eahostajn\u00e1 a u\u017e sa nevl\u00e1dzu pozera\u0165 na to, \u010do sa v spolo\u010dnosti deje, aby sa dnes z\u00fa\u010dastnili protestov a pri\u0161li aj napriek nepriazniv\u00e9mu po\u010dasiu vyjadri\u0165 svoj n\u00e1zor na s\u00fa\u010dasn\u00fa koal\u00edciu.<\/strong><\/p>\n\n\n\n<p><em>\u201eTento sviatok mus\u00ed by\u0165 op\u00e4\u0165 sviatkom pracovn\u00e9ho pokoja. Nie klamstvu, nie strachu, nie nespravodlivosti, nie Ficovej vl\u00e1de,\u201c<\/em>&nbsp;pripomenul podpredseda strany Juraj \u0160eliga. Demokrati pri pr\u00edle\u017eitosti osl\u00e1v D\u0148a boja za slobodu a demokraciu pripom\u00ednaj\u00fa, \u017ee premi\u00e9r si vybral nepriate\u013ea, a to bezbrann\u00fdch \u0161tudentov a ich kriedy, preto\u017ee sa boj\u00ed slobodn\u00e9ho n\u00e1zoru a kritiky na jeho vl\u00e1du, ktor\u00e1 \u010doraz viac pripom\u00edna re\u017eim spred roku 1989.&nbsp;<em>\u201e17. november nebol \u017eiadny komunistick\u00fd pu\u010d! Naopak, je to najv\u00fdznamnej\u0161\u00ed sviatok na\u0161ich modern\u00fdch dej\u00edn, hrdinsk\u00e9 rozhodnutie ob\u010danov postavi\u0165 sa neslobode a tyranii komunizmu. Je hanba, \u017ee vl\u00e1da neorganizuje \u0161t\u00e1tne oslavy. Neby\u0165 17. novembra, mnoh\u00ed z dne\u0161n\u00fdch ministrov a poslancov by nikdy neboli tam, kde s\u00fa dnes,\u201c&nbsp;<\/em>hovor\u00ed Juraj \u0160eliga.<\/p>\n\n\n\n<p><em>\u201ePo 36 rokoch n\u00e1m op\u00e4\u0165 vl\u00e1dne komunista, ktor\u00fd sa vyhr\u00e1\u017ea \u0161tudentom, po 36 rokoch od Novembra \u201989 sa op\u00e4\u0165 chodia kla\u0148a\u0165 do Moskvy,\u201c&nbsp;<\/em>zd\u00f4raznil predseda strany Jaroslav Na\u010f. Strana deklarovala, \u017ee v pr\u00edpade vstupu do bud\u00facej vl\u00e1dy presad\u00ed, aby sa s\u00fa\u010dasn\u00e9 \u0161kolsk\u00e9 osnovy roz\u0161\u00edrili aj o podrobn\u00fa hist\u00f3riu udalost\u00ed Novembra \u201989 a o potrebu d\u00f4le\u017eitosti pripom\u00ednania si tohto sviatku. Z\u00e1rove\u0148 chc\u00fa \u00fastavn\u00fdm z\u00e1konom tak, ako u\u017e d\u00e1vnej\u0161ie deklarovali, presadi\u0165 ukotvenie Slovenska v Eur\u00f3pskej \u00fanii a v Severoatlantickej aliancii a navrhn\u00fa\u0165 z\u00e1kon o zru\u0161en\u00ed totalitn\u00fdch re\u017eimov a ideol\u00f3gi\u00ed.<\/p>\n\n\n\n<p><em>\u201ePredseda vl\u00e1dy posiela bojova\u0165 \u0161tudentov na front a ozna\u010duje ich, \u017ee s\u00fa na obojku. \u013dud\u00ed mu\u010dili a zab\u00edjali za n\u00e1zor. Bol to re\u017eim, ktor\u00fd zab\u00edjal vlastn\u00fdch ob\u010danov. \u013dudia chceli \u017ei\u0165 iba v slobode. Je hanba, \u017ee vl\u00e1da dnes neorganizuje \u017eiadne podujatie,\u201c<\/em>&nbsp;zd\u00f4raznil podpredseda strany Eduard Heger.<\/p>\n\n\n\n<p>Demokrati z\u00e1rove\u0148 po\u010fakovali v\u0161etk\u00fdm in\u0161tit\u00faci\u00e1m, \u0161kol\u00e1m a zamestn\u00e1vate\u013eom, ktor\u00ed&nbsp;dnes svojim zamestnancom dali vo\u013eno a pripom\u00ednaj\u00fa si dne\u0161n\u00fd d\u00f4le\u017eit\u00fd de\u0148.&nbsp;<em>\u201eSviatok osl\u00e1v D\u0148a boja za slobodu a demokraciu nie je o ni\u010d menej ako oslavy SNP \u010di Cyrila a Metoda,\u201c<\/em>&nbsp;dodali. Strana m\u00e1 vyzbieran\u00fdch viac ako 300-tis\u00edc podpisov za referendum o pred\u010dasn\u00fdch vo\u013eb\u00e1ch a pr\u00e1ve v t\u00fdchto d\u0148och sa aj na protestoch bud\u00fa sna\u017ei\u0165 vyzbiera\u0165 posledn\u00e9 podpisy.<\/p>\n\n\n\n<p>Strana Demokrati z\u00e1rove\u0148 zd\u00f4raznila a vyzvala v\u0161etk\u00fdch \u013eud\u00ed, aby sa dnes aj napriek nepriazniv\u00e9mu po\u010dasiu z\u00fa\u010dastnili protestov a prirovnala s\u00fa\u010dasn\u00fa situ\u00e1ciu k minul\u00e9mu re\u017eimu.<\/p>\n\n\n\n<figure class=\"wp-block-embed is-type-video is-provider-youtube wp-block-embed-youtube wp-embed-aspect-16-9 wp-has-aspect-ratio\"><div class=\"wp-block-embed__wrapper\">\n<iframe title=\"17. november: De\u0148, ktor\u00fd zarad\u00edme medzi sviatky a d\u00e1me do u\u010debn\u00fdch osnov\" width=\"500\" height=\"281\" src=\"https:\/\/www.youtube.com\/embed\/Jqc4ViPrNtk?feature=oembed\" frameborder=\"0\" allow=\"accelerometer; autoplay; clipboard-write; encrypted-media; gyroscope; picture-in-picture; web-share\" referrerpolicy=\"strict-origin-when-cross-origin\" allowfullscreen><\/iframe>\n<\/div><\/figure>\n","protected":false},"excerpt":{"rendered":"<p>Z\u00e1kon o zru\u0161en\u00ed totalitn\u00fdch re\u017eimov a ideol\u00f3gi\u00ed, viac vzdel\u00e1vania ml\u00e1de\u017ee na \u0161kol\u00e1ch v s\u00favislosti so 17. novembrom a \u00fastavn\u00fd z\u00e1kon o zakotven\u00ed v E\u00da a NATO. Demokrati pripomenuli jeden z bodov, ktor\u00fd presadia, ak bud\u00fa v parlamente. Z\u00e1rove\u0148 vr\u00e1tia 17. november ako sviatok pracovn\u00e9ho pokoja. Demokrati po\u010fakovali v\u0161etk\u00fdm in\u0161tit\u00faci\u00e1m, \u0161kol\u00e1m a zamestn\u00e1vate\u013eom, ktor\u00ed svojim zamestnancom [&hellip;]<\/p>\n","protected":false},"author":13,"featured_media":8494,"comment_status":"closed","ping_status":"closed","sticky":false,"template":"","format":"standard","meta":{"_acf_changed":false,"ngg_post_thumbnail":0,"footnotes":""},"categories":[4],"tags":[],"class_list":["post-8493","post","type-post","status-publish","format-standard","has-post-thumbnail","hentry","category-tlacove-spravy"],"acf":[],"yoast_head":"<!-- This site is optimized with the Yoast SEO plugin v27.2 - https:\/\/yoast.com\/product\/yoast-seo-wordpress\/ -->\n<title>17. november nebol \u017eiadny komunistick\u00fd pu\u010d!<\/title>\n<meta name=\"robots\" content=\"index, follow, max-snippet:-1, max-image-preview:large, max-video-preview:-1\" \/>\n<link rel=\"canonical\" href=\"https:\/\/www.smedemokrati.sk\/cs\/17-november-nebol-ziadny-komunisticky-puc\/\" \/>\n<meta property=\"og:locale\" content=\"cs_CZ\" \/>\n<meta property=\"og:locale:alternate\" content=\"en_US\" \/>\n<meta property=\"og:locale:alternate\" content=\"hu_HU\" \/>\n<meta property=\"og:locale:alternate\" content=\"sk_SK\" \/>\n<meta property=\"og:locale:alternate\" content=\"sv_SE\" \/>\n<meta property=\"og:type\" content=\"article\" \/>\n<meta property=\"og:title\" content=\"17. november nebol \u017eiadny komunistick\u00fd pu\u010d!\" \/>\n<meta property=\"og:description\" content=\"Z\u00e1kon o zru\u0161en\u00ed totalitn\u00fdch re\u017eimov a ideol\u00f3gi\u00ed, viac vzdel\u00e1vania ml\u00e1de\u017ee na \u0161kol\u00e1ch v s\u00favislosti so 17. novembrom a \u00fastavn\u00fd z\u00e1kon o zakotven\u00ed v E\u00da a NATO. Demokrati pripomenuli jeden z bodov, ktor\u00fd presadia, ak bud\u00fa v parlamente. Z\u00e1rove\u0148 vr\u00e1tia 17. november ako sviatok pracovn\u00e9ho pokoja. Demokrati po\u010fakovali v\u0161etk\u00fdm in\u0161tit\u00faci\u00e1m, \u0161kol\u00e1m a zamestn\u00e1vate\u013eom, ktor\u00ed svojim zamestnancom [&hellip;]\" \/>\n<meta property=\"og:url\" content=\"https:\/\/www.smedemokrati.sk\/cs\/17-november-nebol-ziadny-komunisticky-puc\/\" \/>\n<meta property=\"og:site_name\" content=\"Smedemokrati.sk\" \/>\n<meta property=\"article:publisher\" content=\"https:\/\/www.facebook.com\/smedemokrati2023\" \/>\n<meta property=\"article:published_time\" content=\"2025-11-17T19:35:00+00:00\" \/>\n<meta property=\"article:modified_time\" content=\"2025-11-18T05:44:20+00:00\" \/>\n<meta property=\"og:image\" content=\"https:\/\/www.smedemokrati.sk\/wp-content\/uploads\/2025\/11\/17november.jpg\" \/>\n\t<meta property=\"og:image:width\" content=\"1280\" \/>\n\t<meta property=\"og:image:height\" content=\"720\" \/>\n\t<meta property=\"og:image:type\" content=\"image\/jpeg\" \/>\n<meta name=\"author\" content=\"miro.sopko\" \/>\n<meta name=\"twitter:card\" content=\"summary_large_image\" \/>\n<meta name=\"twitter:label1\" content=\"Napsal(a)\" \/>\n\t<meta name=\"twitter:data1\" content=\"miro.sopko\" \/>\n\t<meta name=\"twitter:label2\" content=\"Odhadovan\u00e1 doba \u010dten\u00ed\" \/>\n\t<meta name=\"twitter:data2\" content=\"3 minuty\" \/>\n<script type=\"application\/ld+json\" class=\"yoast-schema-graph\">{\"@context\":\"https:\/\/schema.org\",\"@graph\":[{\"@type\":\"Article\",\"@id\":\"https:\/\/www.smedemokrati.sk\/17-november-nebol-ziadny-komunisticky-puc\/#article\",\"isPartOf\":{\"@id\":\"https:\/\/www.smedemokrati.sk\/17-november-nebol-ziadny-komunisticky-puc\/\"},\"author\":{\"name\":\"miro.sopko\",\"@id\":\"https:\/\/www.smedemokrati.sk\/#\/schema\/person\/21f147c88d605aa7ded900e1e7c344ba\"},\"headline\":\"17. november nebol \u017eiadny komunistick\u00fd pu\u010d!\",\"datePublished\":\"2025-11-17T19:35:00+00:00\",\"dateModified\":\"2025-11-18T05:44:20+00:00\",\"mainEntityOfPage\":{\"@id\":\"https:\/\/www.smedemokrati.sk\/17-november-nebol-ziadny-komunisticky-puc\/\"},\"wordCount\":616,\"publisher\":{\"@id\":\"https:\/\/www.smedemokrati.sk\/#organization\"},\"image\":{\"@id\":\"https:\/\/www.smedemokrati.sk\/17-november-nebol-ziadny-komunisticky-puc\/#primaryimage\"},\"thumbnailUrl\":\"https:\/\/www.smedemokrati.sk\/wp-content\/uploads\/2025\/11\/17november.jpg\",\"articleSection\":[\"Tla\u010dov\u00e9 spr\u00e1vy\"],\"inLanguage\":\"cs-CZ\"},{\"@type\":\"WebPage\",\"@id\":\"https:\/\/www.smedemokrati.sk\/17-november-nebol-ziadny-komunisticky-puc\/\",\"url\":\"https:\/\/www.smedemokrati.sk\/17-november-nebol-ziadny-komunisticky-puc\/\",\"name\":\"17. november nebol \u017eiadny komunistick\u00fd pu\u010d!\",\"isPartOf\":{\"@id\":\"https:\/\/www.smedemokrati.sk\/#website\"},\"primaryImageOfPage\":{\"@id\":\"https:\/\/www.smedemokrati.sk\/17-november-nebol-ziadny-komunisticky-puc\/#primaryimage\"},\"image\":{\"@id\":\"https:\/\/www.smedemokrati.sk\/17-november-nebol-ziadny-komunisticky-puc\/#primaryimage\"},\"thumbnailUrl\":\"https:\/\/www.smedemokrati.sk\/wp-content\/uploads\/2025\/11\/17november.jpg\",\"datePublished\":\"2025-11-17T19:35:00+00:00\",\"dateModified\":\"2025-11-18T05:44:20+00:00\",\"breadcrumb\":{\"@id\":\"https:\/\/www.smedemokrati.sk\/17-november-nebol-ziadny-komunisticky-puc\/#breadcrumb\"},\"inLanguage\":\"cs-CZ\",\"potentialAction\":[{\"@type\":\"ReadAction\",\"target\":[\"https:\/\/www.smedemokrati.sk\/17-november-nebol-ziadny-komunisticky-puc\/\"]}]},{\"@type\":\"ImageObject\",\"inLanguage\":\"cs-CZ\",\"@id\":\"https:\/\/www.smedemokrati.sk\/17-november-nebol-ziadny-komunisticky-puc\/#primaryimage\",\"url\":\"https:\/\/www.smedemokrati.sk\/wp-content\/uploads\/2025\/11\/17november.jpg\",\"contentUrl\":\"https:\/\/www.smedemokrati.sk\/wp-content\/uploads\/2025\/11\/17november.jpg\",\"width\":1280,\"height\":720},{\"@type\":\"BreadcrumbList\",\"@id\":\"https:\/\/www.smedemokrati.sk\/17-november-nebol-ziadny-komunisticky-puc\/#breadcrumb\",\"itemListElement\":[{\"@type\":\"ListItem\",\"position\":1,\"name\":\"Domovsk\u00e1 str\u00e1nka\",\"item\":\"https:\/\/www.smedemokrati.sk\/\"},{\"@type\":\"ListItem\",\"position\":2,\"name\":\"17. november nebol \u017eiadny komunistick\u00fd pu\u010d!\"}]},{\"@type\":\"WebSite\",\"@id\":\"https:\/\/www.smedemokrati.sk\/#website\",\"url\":\"https:\/\/www.smedemokrati.sk\/\",\"name\":\"Smedemokrati.sk\",\"description\":\"Demokracia a slu\u0161nos\u0165 zv\u00ed\u0165az\u00ed\",\"publisher\":{\"@id\":\"https:\/\/www.smedemokrati.sk\/#organization\"},\"potentialAction\":[{\"@type\":\"SearchAction\",\"target\":{\"@type\":\"EntryPoint\",\"urlTemplate\":\"https:\/\/www.smedemokrati.sk\/?s={search_term_string}\"},\"query-input\":{\"@type\":\"PropertyValueSpecification\",\"valueRequired\":true,\"valueName\":\"search_term_string\"}}],\"inLanguage\":\"cs-CZ\"},{\"@type\":\"Organization\",\"@id\":\"https:\/\/www.smedemokrati.sk\/#organization\",\"name\":\"Smedemokrati.sk\",\"url\":\"https:\/\/www.smedemokrati.sk\/\",\"logo\":{\"@type\":\"ImageObject\",\"inLanguage\":\"cs-CZ\",\"@id\":\"https:\/\/www.smedemokrati.sk\/#\/schema\/logo\/image\/\",\"url\":\"https:\/\/www.smedemokrati.sk\/wp-content\/uploads\/2023\/04\/ff.002.jpeg\",\"contentUrl\":\"https:\/\/www.smedemokrati.sk\/wp-content\/uploads\/2023\/04\/ff.002.jpeg\",\"width\":640,\"height\":480,\"caption\":\"Smedemokrati.sk\"},\"image\":{\"@id\":\"https:\/\/www.smedemokrati.sk\/#\/schema\/logo\/image\/\"},\"sameAs\":[\"https:\/\/www.facebook.com\/smedemokrati2023\"]},{\"@type\":\"Person\",\"@id\":\"https:\/\/www.smedemokrati.sk\/#\/schema\/person\/21f147c88d605aa7ded900e1e7c344ba\",\"name\":\"miro.sopko\",\"image\":{\"@type\":\"ImageObject\",\"inLanguage\":\"cs-CZ\",\"@id\":\"https:\/\/secure.gravatar.com\/avatar\/267e4a36f704376c109afe3a78740c1f5dd8675a2180a908699e7863c9247606?s=96&d=mm&r=g\",\"url\":\"https:\/\/secure.gravatar.com\/avatar\/267e4a36f704376c109afe3a78740c1f5dd8675a2180a908699e7863c9247606?s=96&d=mm&r=g\",\"contentUrl\":\"https:\/\/secure.gravatar.com\/avatar\/267e4a36f704376c109afe3a78740c1f5dd8675a2180a908699e7863c9247606?s=96&d=mm&r=g\",\"caption\":\"miro.sopko\"},\"url\":\"https:\/\/www.smedemokrati.sk\/cs\/author\/miro-sopko\/\"}]}<\/script>\n<!-- \/ Yoast SEO plugin. -->","yoast_head_json":{"title":"17. november nebol \u017eiadny komunistick\u00fd pu\u010d!","robots":{"index":"index","follow":"follow","max-snippet":"max-snippet:-1","max-image-preview":"max-image-preview:large","max-video-preview":"max-video-preview:-1"},"canonical":"https:\/\/www.smedemokrati.sk\/cs\/17-november-nebol-ziadny-komunisticky-puc\/","og_locale":"cs_CZ","og_type":"article","og_title":"[:sk]17. november nebol \u017eiadny komunistick\u00fd pu\u010d![:] - Smedemokrati.sk","og_description":"Z\u00e1kon o zru\u0161en\u00ed totalitn\u00fdch re\u017eimov a ideol\u00f3gi\u00ed, viac vzdel\u00e1vania ml\u00e1de\u017ee na \u0161kol\u00e1ch v s\u00favislosti so 17. novembrom a \u00fastavn\u00fd z\u00e1kon o zakotven\u00ed v E\u00da a NATO. Demokrati pripomenuli jeden z bodov, ktor\u00fd presadia, ak bud\u00fa v parlamente. Z\u00e1rove\u0148 vr\u00e1tia 17. november ako sviatok pracovn\u00e9ho pokoja. Demokrati po\u010fakovali v\u0161etk\u00fdm in\u0161tit\u00faci\u00e1m, \u0161kol\u00e1m a zamestn\u00e1vate\u013eom, ktor\u00ed svojim zamestnancom [&hellip;]","og_url":"https:\/\/www.smedemokrati.sk\/cs\/17-november-nebol-ziadny-komunisticky-puc\/","og_site_name":"Smedemokrati.sk","article_publisher":"https:\/\/www.facebook.com\/smedemokrati2023","article_published_time":"2025-11-17T19:35:00+00:00","article_modified_time":"2025-11-18T05:44:20+00:00","og_image":[{"width":1280,"height":720,"url":"https:\/\/www.smedemokrati.sk\/wp-content\/uploads\/2025\/11\/17november.jpg","type":"image\/jpeg"}],"author":"miro.sopko","twitter_card":"summary_large_image","twitter_misc":{"Napsal(a)":"miro.sopko","Odhadovan\u00e1 doba \u010dten\u00ed":"3 minuty"},"schema":{"@context":"https:\/\/schema.org","@graph":[{"@type":"Article","@id":"https:\/\/www.smedemokrati.sk\/17-november-nebol-ziadny-komunisticky-puc\/#article","isPartOf":{"@id":"https:\/\/www.smedemokrati.sk\/17-november-nebol-ziadny-komunisticky-puc\/"},"author":{"name":"miro.sopko","@id":"https:\/\/www.smedemokrati.sk\/#\/schema\/person\/21f147c88d605aa7ded900e1e7c344ba"},"headline":"17. november nebol \u017eiadny komunistick\u00fd pu\u010d!","datePublished":"2025-11-17T19:35:00+00:00","dateModified":"2025-11-18T05:44:20+00:00","mainEntityOfPage":{"@id":"https:\/\/www.smedemokrati.sk\/17-november-nebol-ziadny-komunisticky-puc\/"},"wordCount":616,"publisher":{"@id":"https:\/\/www.smedemokrati.sk\/#organization"},"image":{"@id":"https:\/\/www.smedemokrati.sk\/17-november-nebol-ziadny-komunisticky-puc\/#primaryimage"},"thumbnailUrl":"https:\/\/www.smedemokrati.sk\/wp-content\/uploads\/2025\/11\/17november.jpg","articleSection":["Tla\u010dov\u00e9 spr\u00e1vy"],"inLanguage":"cs-CZ"},{"@type":"WebPage","@id":"https:\/\/www.smedemokrati.sk\/17-november-nebol-ziadny-komunisticky-puc\/","url":"https:\/\/www.smedemokrati.sk\/17-november-nebol-ziadny-komunisticky-puc\/","name":"17. november nebol \u017eiadny komunistick\u00fd pu\u010d!","isPartOf":{"@id":"https:\/\/www.smedemokrati.sk\/#website"},"primaryImageOfPage":{"@id":"https:\/\/www.smedemokrati.sk\/17-november-nebol-ziadny-komunisticky-puc\/#primaryimage"},"image":{"@id":"https:\/\/www.smedemokrati.sk\/17-november-nebol-ziadny-komunisticky-puc\/#primaryimage"},"thumbnailUrl":"https:\/\/www.smedemokrati.sk\/wp-content\/uploads\/2025\/11\/17november.jpg","datePublished":"2025-11-17T19:35:00+00:00","dateModified":"2025-11-18T05:44:20+00:00","breadcrumb":{"@id":"https:\/\/www.smedemokrati.sk\/17-november-nebol-ziadny-komunisticky-puc\/#breadcrumb"},"inLanguage":"cs-CZ","potentialAction":[{"@type":"ReadAction","target":["https:\/\/www.smedemokrati.sk\/17-november-nebol-ziadny-komunisticky-puc\/"]}]},{"@type":"ImageObject","inLanguage":"cs-CZ","@id":"https:\/\/www.smedemokrati.sk\/17-november-nebol-ziadny-komunisticky-puc\/#primaryimage","url":"https:\/\/www.smedemokrati.sk\/wp-content\/uploads\/2025\/11\/17november.jpg","contentUrl":"https:\/\/www.smedemokrati.sk\/wp-content\/uploads\/2025\/11\/17november.jpg","width":1280,"height":720},{"@type":"BreadcrumbList","@id":"https:\/\/www.smedemokrati.sk\/17-november-nebol-ziadny-komunisticky-puc\/#breadcrumb","itemListElement":[{"@type":"ListItem","position":1,"name":"Domovsk\u00e1 str\u00e1nka","item":"https:\/\/www.smedemokrati.sk\/"},{"@type":"ListItem","position":2,"name":"17. november nebol \u017eiadny komunistick\u00fd pu\u010d!"}]},{"@type":"WebSite","@id":"https:\/\/www.smedemokrati.sk\/#website","url":"https:\/\/www.smedemokrati.sk\/","name":"Smedemokrati.sk","description":"Demokracia a slu\u0161nos\u0165 zv\u00ed\u0165az\u00ed","publisher":{"@id":"https:\/\/www.smedemokrati.sk\/#organization"},"potentialAction":[{"@type":"SearchAction","target":{"@type":"EntryPoint","urlTemplate":"https:\/\/www.smedemokrati.sk\/?s={search_term_string}"},"query-input":{"@type":"PropertyValueSpecification","valueRequired":true,"valueName":"search_term_string"}}],"inLanguage":"cs-CZ"},{"@type":"Organization","@id":"https:\/\/www.smedemokrati.sk\/#organization","name":"Smedemokrati.sk","url":"https:\/\/www.smedemokrati.sk\/","logo":{"@type":"ImageObject","inLanguage":"cs-CZ","@id":"https:\/\/www.smedemokrati.sk\/#\/schema\/logo\/image\/","url":"https:\/\/www.smedemokrati.sk\/wp-content\/uploads\/2023\/04\/ff.002.jpeg","contentUrl":"https:\/\/www.smedemokrati.sk\/wp-content\/uploads\/2023\/04\/ff.002.jpeg","width":640,"height":480,"caption":"Smedemokrati.sk"},"image":{"@id":"https:\/\/www.smedemokrati.sk\/#\/schema\/logo\/image\/"},"sameAs":["https:\/\/www.facebook.com\/smedemokrati2023"]},{"@type":"Person","@id":"https:\/\/www.smedemokrati.sk\/#\/schema\/person\/21f147c88d605aa7ded900e1e7c344ba","name":"miro.sopko","image":{"@type":"ImageObject","inLanguage":"cs-CZ","@id":"https:\/\/secure.gravatar.com\/avatar\/267e4a36f704376c109afe3a78740c1f5dd8675a2180a908699e7863c9247606?s=96&d=mm&r=g","url":"https:\/\/secure.gravatar.com\/avatar\/267e4a36f704376c109afe3a78740c1f5dd8675a2180a908699e7863c9247606?s=96&d=mm&r=g","contentUrl":"https:\/\/secure.gravatar.com\/avatar\/267e4a36f704376c109afe3a78740c1f5dd8675a2180a908699e7863c9247606?s=96&d=mm&r=g","caption":"miro.sopko"},"url":"https:\/\/www.smedemokrati.sk\/cs\/author\/miro-sopko\/"}]}},"_links":{"self":[{"href":"https:\/\/www.smedemokrati.sk\/cs\/wp-json\/wp\/v2\/posts\/8493","targetHints":{"allow":["GET"]}}],"collection":[{"href":"https:\/\/www.smedemokrati.sk\/cs\/wp-json\/wp\/v2\/posts"}],"about":[{"href":"https:\/\/www.smedemokrati.sk\/cs\/wp-json\/wp\/v2\/types\/post"}],"author":[{"embeddable":true,"href":"https:\/\/www.smedemokrati.sk\/cs\/wp-json\/wp\/v2\/users\/13"}],"replies":[{"embeddable":true,"href":"https:\/\/www.smedemokrati.sk\/cs\/wp-json\/wp\/v2\/comments?post=8493"}],"version-history":[{"count":1,"href":"https:\/\/www.smedemokrati.sk\/cs\/wp-json\/wp\/v2\/posts\/8493\/revisions"}],"predecessor-version":[{"id":8495,"href":"https:\/\/www.smedemokrati.sk\/cs\/wp-json\/wp\/v2\/posts\/8493\/revisions\/8495"}],"wp:featuredmedia":[{"embeddable":true,"href":"https:\/\/www.smedemokrati.sk\/cs\/wp-json\/wp\/v2\/media\/8494"}],"wp:attachment":[{"href":"https:\/\/www.smedemokrati.sk\/cs\/wp-json\/wp\/v2\/media?parent=8493"}],"wp:term":[{"taxonomy":"category","embeddable":true,"href":"https:\/\/www.smedemokrati.sk\/cs\/wp-json\/wp\/v2\/categories?post=8493"},{"taxonomy":"post_tag","embeddable":true,"href":"https:\/\/www.smedemokrati.sk\/cs\/wp-json\/wp\/v2\/tags?post=8493"}],"curies":[{"name":"wp","href":"https:\/\/api.w.org\/{rel}","templated":true}]}}