{"id":8439,"date":"2025-11-10T10:10:54","date_gmt":"2025-11-10T09:10:54","guid":{"rendered":"https:\/\/www.smedemokrati.sk\/?p=8439"},"modified":"2025-11-10T10:10:55","modified_gmt":"2025-11-10T09:10:55","slug":"zeleznice-sa-otriasaju-v-zakladoch-od-vlady-pozadujeme-akutne-riesenia","status":"publish","type":"post","link":"https:\/\/www.smedemokrati.sk\/cs\/zeleznice-sa-otriasaju-v-zakladoch-od-vlady-pozadujeme-akutne-riesenia\/","title":{"rendered":"\u017deleznice sa otriasaj\u00fa v z\u00e1kladoch, od vl\u00e1dy po\u017eadujeme ak\u00fatne rie\u0161enia"},"content":{"rendered":"<div id=\"fb-root\"><\/div>\n\n<p><strong>\u017delezni\u010dn\u00e1 doprava, ktor\u00fa na Slovensku vy\u017e\u00edvaj\u00fa denne st\u00e1tis\u00edce \u013eud\u00ed, sa otriasa v z\u00e1kladoch. Napriek tomu, \u017ee je e\u0161te priskoro hovori\u0165 o pr\u00ed\u010din\u00e1ch, Slovensko si tak\u00e9to dva mimoriadne v\u00e1\u017ene incidenty, ak\u00e9 sa stali v priebehu nieko\u013ek\u00fdch dni &#8211; nepam\u00e4t\u00e1. Ak chce vl\u00e1da obnovi\u0165 d\u00f4veru verejnosti v bezpe\u010dnos\u0165 \u017eelezni\u010dnej dopravy, nesmie na dne\u0161nom zasadnut\u00ed iba predstiera\u0165 rie\u0161enia, ale prija\u0165 konkr\u00e9tne ak\u00fatne opatrenia.<\/strong><\/p>\n\n\n\n<p>\u201c<em>Od ostatnej v\u00e1\u017enej nehody pri Ro\u017e\u0148ave 13. okt\u00f3bra (69 zranen\u00fdch) vl\u00e1da k zv\u00fd\u0161eniu bezpe\u010dnosti na \u017eeleznici neschv\u00e1lila \u017eiaden materi\u00e1l. Prednej\u0161ie boli zjavne kas\u00edna. Pritom v\u010deraj\u0161ia nehoda (zatia\u013e 79 hospitalizovan\u00fdch) je v mnohom podobn\u00e1. Odborn\u00edci, nie politici, bili na poplach a predstavili konkr\u00e9tne opatrenia, \u010do sa m\u00e1 bezodkladne robi\u0165,<\/em>\u201d hovor\u00ed \u010dlen predsedn\u00edctva Demokratov Michal Ki\u010da.<\/p>\n\n\n\n<p>Pova\u017eujeme za nevyhnutn\u00e9 d\u00f4sledne vy\u0161etri\u0165 pr\u00ed\u010diny nehody a vyz\u00fdvame vl\u00e1du a osobitne ministra dopravy Jozefa R\u00e1\u017ea na neodkladn\u00e9 predstavenie krokov a vyjadrenie sa k opatreniam na zv\u00fd\u0161enie bezpe\u010dnosti \u017eelezni\u010dnej dopravy.&nbsp;<\/p>\n\n\n\n<p>\u201c<em>Bohu\u017eia\u013e, op\u00e4\u0165 n\u00e1s dobehla dlhodob\u00e1 ignor\u00e1cia zmyslupln\u00e9ho a koncep\u010dn\u00e9ho \u017eelezni\u010dn\u00e9ho rozvoja a invest\u00edcie do infra\u0161trukt\u00fary, ktor\u00e9 sa riadia sk\u00f4r vplyvom z\u00e1ujmov\u00fdch skup\u00edn v \u017eelezni\u010dnej doprave,<\/em>\u201d pokra\u010duje Ki\u010da s t\u00fdm, \u017ee odborn\u00fd t\u00edm strany Demokrati pre dopravu pripravil nieko\u013eko n\u00e1vrhov, ktor\u00e9 treba na \u017eelezniciach bezodkladne zavies\u0165:<\/p>\n\n\n\n<p>1. celoplo\u0161n\u00e1 r\u00e1diofik\u00e1cia &#8211; (vysiela\u010dky do ka\u017ed\u00e9ho vlaku na komunik\u00e1ciu medzi dispe\u010dingom a ru\u0161\u0148ovodi\u010dom),<\/p>\n\n\n\n<p>2. \u2060dovybavenie vlakov syst\u00e9mom ETCS &#8211; ten str\u00e1\u017ei ru\u0161\u0148ovodi\u010da, aby neprekro\u010dil r\u00fdchlos\u0165, nepre\u0161iel n\u00e1vestidlo na \u010derven\u00fa a nevo\u0161iel na obsaden\u00fa ko\u013eaj,<\/p>\n\n\n\n<p>3. \u2060plnenie z\u00e1v\u00e4zkov \u017delezn\u00edc SR pri vybaven\u00ed trat\u00ed syst\u00e9mom ETCS,<\/p>\n\n\n\n<p>4. \u2060zv\u00fd\u0161enie kvalifik\u00e1cie a mzdov\u00e9ho ohodnotenia ru\u0161\u0148ovodi\u010dov (op\u00e4\u0165 na min. \u00farove\u0148 &#8211; maturita).<\/p>\n\n\n\n<p>Zvl\u00e1\u0161\u0165 dovybavenie vlakov syst\u00e9mom ETCS sa ukazuje ako najd\u00f4le\u017eitej\u0161ie, ke\u010f\u017ee pod\u013ea predbe\u017en\u00fdch inform\u00e1ci\u00ed region\u00e1lny vlak od Nitry, ktor\u00fd mal prejs\u0165 n\u00e1ves\u0165, tak\u00fdmto zariaden\u00edm vybaven\u00fd nebol, hoci samotn\u00e1 tra\u0165 \u00e1no. Celoplo\u0161n\u00e1 r\u00e1diofik\u00e1cia by zase dok\u00e1zala aspo\u0148 \u010diasto\u010dne preklen\u00fa\u0165 absenciu syst\u00e9mu ETCS na tratiach, kde je zatia\u013e vybudovan\u00fd len na \u00fasekoch 204 km z celkov\u00fdch 830 km.&nbsp;<\/p>\n\n\n\n<p>Ki\u010da na z\u00e1ver dodal, \u017ee \u201c<em>tieto n\u00e1vrhy by mal minister R\u00e1\u017e pova\u017eova\u0165 za d\u00f4le\u017eitej\u0161ie, ako utopistick\u00e9 predstavy o zbyto\u010dnom tuneli popod Karpaty za dve miliardy eur, zatia\u013e \u010do sa mu na rovnakom mieste st\u00e1vaj\u00fa vlakov\u00e9 nehody, ktor\u00e9 by si vy\u017eiadali v\u00fdrazne ni\u017e\u0161ie invest\u00edcie. Dnes sa u\u017e nerozpr\u00e1vame o \u00farovni slu\u017eieb, ale o element\u00e1rnej spo\u013eahlivosti, \u017ee vlaky dopravia mili\u00f3ny cestuj\u00facich aspo\u0148 do cie\u013ea aspo\u0148 bez zranen\u00ed. Apely premi\u00e9ra a ministra vn\u00fatra, aby sa \u201cnepolitizovala\u201d v\u00e1\u017ena \u017eelezni\u010dn\u00e1 nehoda v Pezinku, pova\u017eujeme za mimoriadne nevkusn\u00e9. Pr\u00e1ve oni toti\u017e prevent\u00edvne t\u00e9mu politizuj\u00fa a sna\u017eia sa neutralizova\u0165 ak\u00fako\u013evek debatu o stave \u017eelezni\u010dnej dopravy na Slovensku, ktor\u00fa dek\u00e1dy ovl\u00e1daj\u00fa a za dne\u0161n\u00fd stav zodpovedaj\u00fa. Be\u017en\u00ed \u013eudia nie s\u00fa absol\u00fatne zvedav\u00ed na ich prevent\u00edvne politick\u00e9 hry. Chc\u00fa cestova\u0165 v bezpe\u010dn\u00fdch a kvalitn\u00fdch vlakoch, tak, aby jazda v nich nebola hazardom. A \u0161t\u00e1t, ktor\u00fd mnoh\u00e9 roky ovl\u00e1daj\u00fa, im t\u00fato slu\u017ebu nedok\u00e1\u017ee poskytn\u00fa\u0165.<\/em>\u201d<\/p>\n","protected":false},"excerpt":{"rendered":"<p>\u017delezni\u010dn\u00e1 doprava, ktor\u00fa na Slovensku vy\u017e\u00edvaj\u00fa denne st\u00e1tis\u00edce \u013eud\u00ed, sa otriasa v z\u00e1kladoch. Napriek tomu, \u017ee je e\u0161te priskoro hovori\u0165 o pr\u00ed\u010din\u00e1ch, Slovensko si tak\u00e9to dva mimoriadne v\u00e1\u017ene incidenty, ak\u00e9 sa stali v priebehu nieko\u013ek\u00fdch dni &#8211; nepam\u00e4t\u00e1. Ak chce vl\u00e1da obnovi\u0165 d\u00f4veru verejnosti v bezpe\u010dnos\u0165 \u017eelezni\u010dnej dopravy, nesmie na dne\u0161nom zasadnut\u00ed iba predstiera\u0165 rie\u0161enia, [&hellip;]<\/p>\n","protected":false},"author":13,"featured_media":385,"comment_status":"closed","ping_status":"closed","sticky":false,"template":"","format":"standard","meta":{"_acf_changed":false,"ngg_post_thumbnail":0,"footnotes":""},"categories":[4],"tags":[],"class_list":["post-8439","post","type-post","status-publish","format-standard","has-post-thumbnail","hentry","category-tlacove-spravy"],"acf":[],"yoast_head":"<!-- This site is optimized with the Yoast SEO plugin v27.2 - https:\/\/yoast.com\/product\/yoast-seo-wordpress\/ -->\n<title>\u017deleznice sa otriasaj\u00fa v z\u00e1kladoch, od vl\u00e1dy po\u017eadujeme ak\u00fatne rie\u0161enia<\/title>\n<meta name=\"robots\" content=\"index, follow, max-snippet:-1, max-image-preview:large, max-video-preview:-1\" \/>\n<link rel=\"canonical\" href=\"https:\/\/www.smedemokrati.sk\/cs\/zeleznice-sa-otriasaju-v-zakladoch-od-vlady-pozadujeme-akutne-riesenia\/\" \/>\n<meta property=\"og:locale\" content=\"cs_CZ\" \/>\n<meta property=\"og:locale:alternate\" content=\"en_US\" \/>\n<meta property=\"og:locale:alternate\" content=\"hu_HU\" \/>\n<meta property=\"og:locale:alternate\" content=\"sk_SK\" \/>\n<meta property=\"og:locale:alternate\" content=\"sv_SE\" \/>\n<meta property=\"og:type\" content=\"article\" \/>\n<meta property=\"og:title\" content=\"\u017deleznice sa otriasaj\u00fa v z\u00e1kladoch, od vl\u00e1dy po\u017eadujeme ak\u00fatne rie\u0161enia\" \/>\n<meta property=\"og:description\" content=\"\u017delezni\u010dn\u00e1 doprava, ktor\u00fa na Slovensku vy\u017e\u00edvaj\u00fa denne st\u00e1tis\u00edce \u013eud\u00ed, sa otriasa v z\u00e1kladoch. Napriek tomu, \u017ee je e\u0161te priskoro hovori\u0165 o pr\u00ed\u010din\u00e1ch, Slovensko si tak\u00e9to dva mimoriadne v\u00e1\u017ene incidenty, ak\u00e9 sa stali v priebehu nieko\u013ek\u00fdch dni &#8211; nepam\u00e4t\u00e1. Ak chce vl\u00e1da obnovi\u0165 d\u00f4veru verejnosti v bezpe\u010dnos\u0165 \u017eelezni\u010dnej dopravy, nesmie na dne\u0161nom zasadnut\u00ed iba predstiera\u0165 rie\u0161enia, [&hellip;]\" \/>\n<meta property=\"og:url\" content=\"https:\/\/www.smedemokrati.sk\/cs\/zeleznice-sa-otriasaju-v-zakladoch-od-vlady-pozadujeme-akutne-riesenia\/\" \/>\n<meta property=\"og:site_name\" content=\"Smedemokrati.sk\" \/>\n<meta property=\"article:publisher\" content=\"https:\/\/www.facebook.com\/smedemokrati2023\" \/>\n<meta property=\"article:published_time\" content=\"2025-11-10T09:10:54+00:00\" \/>\n<meta property=\"article:modified_time\" content=\"2025-11-10T09:10:55+00:00\" \/>\n<meta property=\"og:image\" content=\"https:\/\/www.smedemokrati.sk\/wp-content\/uploads\/2023\/04\/MKica.jpg\" \/>\n\t<meta property=\"og:image:width\" content=\"1520\" \/>\n\t<meta property=\"og:image:height\" content=\"1080\" \/>\n\t<meta property=\"og:image:type\" content=\"image\/jpeg\" \/>\n<meta name=\"author\" content=\"miro.sopko\" \/>\n<meta name=\"twitter:card\" content=\"summary_large_image\" \/>\n<meta name=\"twitter:label1\" content=\"Napsal(a)\" \/>\n\t<meta name=\"twitter:data1\" content=\"miro.sopko\" \/>\n\t<meta name=\"twitter:label2\" content=\"Odhadovan\u00e1 doba \u010dten\u00ed\" \/>\n\t<meta name=\"twitter:data2\" content=\"3 minuty\" \/>\n<script type=\"application\/ld+json\" class=\"yoast-schema-graph\">{\"@context\":\"https:\/\/schema.org\",\"@graph\":[{\"@type\":\"Article\",\"@id\":\"https:\/\/www.smedemokrati.sk\/zeleznice-sa-otriasaju-v-zakladoch-od-vlady-pozadujeme-akutne-riesenia\/#article\",\"isPartOf\":{\"@id\":\"https:\/\/www.smedemokrati.sk\/zeleznice-sa-otriasaju-v-zakladoch-od-vlady-pozadujeme-akutne-riesenia\/\"},\"author\":{\"name\":\"miro.sopko\",\"@id\":\"https:\/\/www.smedemokrati.sk\/#\/schema\/person\/21f147c88d605aa7ded900e1e7c344ba\"},\"headline\":\"\u017deleznice sa otriasaj\u00fa v z\u00e1kladoch, od vl\u00e1dy po\u017eadujeme ak\u00fatne rie\u0161enia\",\"datePublished\":\"2025-11-10T09:10:54+00:00\",\"dateModified\":\"2025-11-10T09:10:55+00:00\",\"mainEntityOfPage\":{\"@id\":\"https:\/\/www.smedemokrati.sk\/zeleznice-sa-otriasaju-v-zakladoch-od-vlady-pozadujeme-akutne-riesenia\/\"},\"wordCount\":622,\"publisher\":{\"@id\":\"https:\/\/www.smedemokrati.sk\/#organization\"},\"image\":{\"@id\":\"https:\/\/www.smedemokrati.sk\/zeleznice-sa-otriasaju-v-zakladoch-od-vlady-pozadujeme-akutne-riesenia\/#primaryimage\"},\"thumbnailUrl\":\"https:\/\/www.smedemokrati.sk\/wp-content\/uploads\/2023\/04\/MKica.jpg\",\"articleSection\":[\"Tla\u010dov\u00e9 spr\u00e1vy\"],\"inLanguage\":\"cs-CZ\"},{\"@type\":\"WebPage\",\"@id\":\"https:\/\/www.smedemokrati.sk\/zeleznice-sa-otriasaju-v-zakladoch-od-vlady-pozadujeme-akutne-riesenia\/\",\"url\":\"https:\/\/www.smedemokrati.sk\/zeleznice-sa-otriasaju-v-zakladoch-od-vlady-pozadujeme-akutne-riesenia\/\",\"name\":\"\u017deleznice sa otriasaj\u00fa v z\u00e1kladoch, od vl\u00e1dy po\u017eadujeme ak\u00fatne rie\u0161enia\",\"isPartOf\":{\"@id\":\"https:\/\/www.smedemokrati.sk\/#website\"},\"primaryImageOfPage\":{\"@id\":\"https:\/\/www.smedemokrati.sk\/zeleznice-sa-otriasaju-v-zakladoch-od-vlady-pozadujeme-akutne-riesenia\/#primaryimage\"},\"image\":{\"@id\":\"https:\/\/www.smedemokrati.sk\/zeleznice-sa-otriasaju-v-zakladoch-od-vlady-pozadujeme-akutne-riesenia\/#primaryimage\"},\"thumbnailUrl\":\"https:\/\/www.smedemokrati.sk\/wp-content\/uploads\/2023\/04\/MKica.jpg\",\"datePublished\":\"2025-11-10T09:10:54+00:00\",\"dateModified\":\"2025-11-10T09:10:55+00:00\",\"breadcrumb\":{\"@id\":\"https:\/\/www.smedemokrati.sk\/zeleznice-sa-otriasaju-v-zakladoch-od-vlady-pozadujeme-akutne-riesenia\/#breadcrumb\"},\"inLanguage\":\"cs-CZ\",\"potentialAction\":[{\"@type\":\"ReadAction\",\"target\":[\"https:\/\/www.smedemokrati.sk\/zeleznice-sa-otriasaju-v-zakladoch-od-vlady-pozadujeme-akutne-riesenia\/\"]}]},{\"@type\":\"ImageObject\",\"inLanguage\":\"cs-CZ\",\"@id\":\"https:\/\/www.smedemokrati.sk\/zeleznice-sa-otriasaju-v-zakladoch-od-vlady-pozadujeme-akutne-riesenia\/#primaryimage\",\"url\":\"https:\/\/www.smedemokrati.sk\/wp-content\/uploads\/2023\/04\/MKica.jpg\",\"contentUrl\":\"https:\/\/www.smedemokrati.sk\/wp-content\/uploads\/2023\/04\/MKica.jpg\",\"width\":1520,\"height\":1080},{\"@type\":\"BreadcrumbList\",\"@id\":\"https:\/\/www.smedemokrati.sk\/zeleznice-sa-otriasaju-v-zakladoch-od-vlady-pozadujeme-akutne-riesenia\/#breadcrumb\",\"itemListElement\":[{\"@type\":\"ListItem\",\"position\":1,\"name\":\"Domovsk\u00e1 str\u00e1nka\",\"item\":\"https:\/\/www.smedemokrati.sk\/\"},{\"@type\":\"ListItem\",\"position\":2,\"name\":\"\u017deleznice sa otriasaj\u00fa v z\u00e1kladoch, od vl\u00e1dy po\u017eadujeme ak\u00fatne rie\u0161enia\"}]},{\"@type\":\"WebSite\",\"@id\":\"https:\/\/www.smedemokrati.sk\/#website\",\"url\":\"https:\/\/www.smedemokrati.sk\/\",\"name\":\"Smedemokrati.sk\",\"description\":\"Demokracia a slu\u0161nos\u0165 zv\u00ed\u0165az\u00ed\",\"publisher\":{\"@id\":\"https:\/\/www.smedemokrati.sk\/#organization\"},\"potentialAction\":[{\"@type\":\"SearchAction\",\"target\":{\"@type\":\"EntryPoint\",\"urlTemplate\":\"https:\/\/www.smedemokrati.sk\/?s={search_term_string}\"},\"query-input\":{\"@type\":\"PropertyValueSpecification\",\"valueRequired\":true,\"valueName\":\"search_term_string\"}}],\"inLanguage\":\"cs-CZ\"},{\"@type\":\"Organization\",\"@id\":\"https:\/\/www.smedemokrati.sk\/#organization\",\"name\":\"Smedemokrati.sk\",\"url\":\"https:\/\/www.smedemokrati.sk\/\",\"logo\":{\"@type\":\"ImageObject\",\"inLanguage\":\"cs-CZ\",\"@id\":\"https:\/\/www.smedemokrati.sk\/#\/schema\/logo\/image\/\",\"url\":\"https:\/\/www.smedemokrati.sk\/wp-content\/uploads\/2023\/04\/ff.002.jpeg\",\"contentUrl\":\"https:\/\/www.smedemokrati.sk\/wp-content\/uploads\/2023\/04\/ff.002.jpeg\",\"width\":640,\"height\":480,\"caption\":\"Smedemokrati.sk\"},\"image\":{\"@id\":\"https:\/\/www.smedemokrati.sk\/#\/schema\/logo\/image\/\"},\"sameAs\":[\"https:\/\/www.facebook.com\/smedemokrati2023\"]},{\"@type\":\"Person\",\"@id\":\"https:\/\/www.smedemokrati.sk\/#\/schema\/person\/21f147c88d605aa7ded900e1e7c344ba\",\"name\":\"miro.sopko\",\"image\":{\"@type\":\"ImageObject\",\"inLanguage\":\"cs-CZ\",\"@id\":\"https:\/\/secure.gravatar.com\/avatar\/267e4a36f704376c109afe3a78740c1f5dd8675a2180a908699e7863c9247606?s=96&d=mm&r=g\",\"url\":\"https:\/\/secure.gravatar.com\/avatar\/267e4a36f704376c109afe3a78740c1f5dd8675a2180a908699e7863c9247606?s=96&d=mm&r=g\",\"contentUrl\":\"https:\/\/secure.gravatar.com\/avatar\/267e4a36f704376c109afe3a78740c1f5dd8675a2180a908699e7863c9247606?s=96&d=mm&r=g\",\"caption\":\"miro.sopko\"},\"url\":\"https:\/\/www.smedemokrati.sk\/cs\/author\/miro-sopko\/\"}]}<\/script>\n<!-- \/ Yoast SEO plugin. -->","yoast_head_json":{"title":"\u017deleznice sa otriasaj\u00fa v z\u00e1kladoch, od vl\u00e1dy po\u017eadujeme ak\u00fatne rie\u0161enia","robots":{"index":"index","follow":"follow","max-snippet":"max-snippet:-1","max-image-preview":"max-image-preview:large","max-video-preview":"max-video-preview:-1"},"canonical":"https:\/\/www.smedemokrati.sk\/cs\/zeleznice-sa-otriasaju-v-zakladoch-od-vlady-pozadujeme-akutne-riesenia\/","og_locale":"cs_CZ","og_type":"article","og_title":"[:sk]\u017deleznice sa otriasaj\u00fa v z\u00e1kladoch, od vl\u00e1dy po\u017eadujeme ak\u00fatne rie\u0161enia[:] - Smedemokrati.sk","og_description":"\u017delezni\u010dn\u00e1 doprava, ktor\u00fa na Slovensku vy\u017e\u00edvaj\u00fa denne st\u00e1tis\u00edce \u013eud\u00ed, sa otriasa v z\u00e1kladoch. Napriek tomu, \u017ee je e\u0161te priskoro hovori\u0165 o pr\u00ed\u010din\u00e1ch, Slovensko si tak\u00e9to dva mimoriadne v\u00e1\u017ene incidenty, ak\u00e9 sa stali v priebehu nieko\u013ek\u00fdch dni &#8211; nepam\u00e4t\u00e1. Ak chce vl\u00e1da obnovi\u0165 d\u00f4veru verejnosti v bezpe\u010dnos\u0165 \u017eelezni\u010dnej dopravy, nesmie na dne\u0161nom zasadnut\u00ed iba predstiera\u0165 rie\u0161enia, [&hellip;]","og_url":"https:\/\/www.smedemokrati.sk\/cs\/zeleznice-sa-otriasaju-v-zakladoch-od-vlady-pozadujeme-akutne-riesenia\/","og_site_name":"Smedemokrati.sk","article_publisher":"https:\/\/www.facebook.com\/smedemokrati2023","article_published_time":"2025-11-10T09:10:54+00:00","article_modified_time":"2025-11-10T09:10:55+00:00","og_image":[{"width":1520,"height":1080,"url":"https:\/\/www.smedemokrati.sk\/wp-content\/uploads\/2023\/04\/MKica.jpg","type":"image\/jpeg"}],"author":"miro.sopko","twitter_card":"summary_large_image","twitter_misc":{"Napsal(a)":"miro.sopko","Odhadovan\u00e1 doba \u010dten\u00ed":"3 minuty"},"schema":{"@context":"https:\/\/schema.org","@graph":[{"@type":"Article","@id":"https:\/\/www.smedemokrati.sk\/zeleznice-sa-otriasaju-v-zakladoch-od-vlady-pozadujeme-akutne-riesenia\/#article","isPartOf":{"@id":"https:\/\/www.smedemokrati.sk\/zeleznice-sa-otriasaju-v-zakladoch-od-vlady-pozadujeme-akutne-riesenia\/"},"author":{"name":"miro.sopko","@id":"https:\/\/www.smedemokrati.sk\/#\/schema\/person\/21f147c88d605aa7ded900e1e7c344ba"},"headline":"\u017deleznice sa otriasaj\u00fa v z\u00e1kladoch, od vl\u00e1dy po\u017eadujeme ak\u00fatne rie\u0161enia","datePublished":"2025-11-10T09:10:54+00:00","dateModified":"2025-11-10T09:10:55+00:00","mainEntityOfPage":{"@id":"https:\/\/www.smedemokrati.sk\/zeleznice-sa-otriasaju-v-zakladoch-od-vlady-pozadujeme-akutne-riesenia\/"},"wordCount":622,"publisher":{"@id":"https:\/\/www.smedemokrati.sk\/#organization"},"image":{"@id":"https:\/\/www.smedemokrati.sk\/zeleznice-sa-otriasaju-v-zakladoch-od-vlady-pozadujeme-akutne-riesenia\/#primaryimage"},"thumbnailUrl":"https:\/\/www.smedemokrati.sk\/wp-content\/uploads\/2023\/04\/MKica.jpg","articleSection":["Tla\u010dov\u00e9 spr\u00e1vy"],"inLanguage":"cs-CZ"},{"@type":"WebPage","@id":"https:\/\/www.smedemokrati.sk\/zeleznice-sa-otriasaju-v-zakladoch-od-vlady-pozadujeme-akutne-riesenia\/","url":"https:\/\/www.smedemokrati.sk\/zeleznice-sa-otriasaju-v-zakladoch-od-vlady-pozadujeme-akutne-riesenia\/","name":"\u017deleznice sa otriasaj\u00fa v z\u00e1kladoch, od vl\u00e1dy po\u017eadujeme ak\u00fatne rie\u0161enia","isPartOf":{"@id":"https:\/\/www.smedemokrati.sk\/#website"},"primaryImageOfPage":{"@id":"https:\/\/www.smedemokrati.sk\/zeleznice-sa-otriasaju-v-zakladoch-od-vlady-pozadujeme-akutne-riesenia\/#primaryimage"},"image":{"@id":"https:\/\/www.smedemokrati.sk\/zeleznice-sa-otriasaju-v-zakladoch-od-vlady-pozadujeme-akutne-riesenia\/#primaryimage"},"thumbnailUrl":"https:\/\/www.smedemokrati.sk\/wp-content\/uploads\/2023\/04\/MKica.jpg","datePublished":"2025-11-10T09:10:54+00:00","dateModified":"2025-11-10T09:10:55+00:00","breadcrumb":{"@id":"https:\/\/www.smedemokrati.sk\/zeleznice-sa-otriasaju-v-zakladoch-od-vlady-pozadujeme-akutne-riesenia\/#breadcrumb"},"inLanguage":"cs-CZ","potentialAction":[{"@type":"ReadAction","target":["https:\/\/www.smedemokrati.sk\/zeleznice-sa-otriasaju-v-zakladoch-od-vlady-pozadujeme-akutne-riesenia\/"]}]},{"@type":"ImageObject","inLanguage":"cs-CZ","@id":"https:\/\/www.smedemokrati.sk\/zeleznice-sa-otriasaju-v-zakladoch-od-vlady-pozadujeme-akutne-riesenia\/#primaryimage","url":"https:\/\/www.smedemokrati.sk\/wp-content\/uploads\/2023\/04\/MKica.jpg","contentUrl":"https:\/\/www.smedemokrati.sk\/wp-content\/uploads\/2023\/04\/MKica.jpg","width":1520,"height":1080},{"@type":"BreadcrumbList","@id":"https:\/\/www.smedemokrati.sk\/zeleznice-sa-otriasaju-v-zakladoch-od-vlady-pozadujeme-akutne-riesenia\/#breadcrumb","itemListElement":[{"@type":"ListItem","position":1,"name":"Domovsk\u00e1 str\u00e1nka","item":"https:\/\/www.smedemokrati.sk\/"},{"@type":"ListItem","position":2,"name":"\u017deleznice sa otriasaj\u00fa v z\u00e1kladoch, od vl\u00e1dy po\u017eadujeme ak\u00fatne rie\u0161enia"}]},{"@type":"WebSite","@id":"https:\/\/www.smedemokrati.sk\/#website","url":"https:\/\/www.smedemokrati.sk\/","name":"Smedemokrati.sk","description":"Demokracia a slu\u0161nos\u0165 zv\u00ed\u0165az\u00ed","publisher":{"@id":"https:\/\/www.smedemokrati.sk\/#organization"},"potentialAction":[{"@type":"SearchAction","target":{"@type":"EntryPoint","urlTemplate":"https:\/\/www.smedemokrati.sk\/?s={search_term_string}"},"query-input":{"@type":"PropertyValueSpecification","valueRequired":true,"valueName":"search_term_string"}}],"inLanguage":"cs-CZ"},{"@type":"Organization","@id":"https:\/\/www.smedemokrati.sk\/#organization","name":"Smedemokrati.sk","url":"https:\/\/www.smedemokrati.sk\/","logo":{"@type":"ImageObject","inLanguage":"cs-CZ","@id":"https:\/\/www.smedemokrati.sk\/#\/schema\/logo\/image\/","url":"https:\/\/www.smedemokrati.sk\/wp-content\/uploads\/2023\/04\/ff.002.jpeg","contentUrl":"https:\/\/www.smedemokrati.sk\/wp-content\/uploads\/2023\/04\/ff.002.jpeg","width":640,"height":480,"caption":"Smedemokrati.sk"},"image":{"@id":"https:\/\/www.smedemokrati.sk\/#\/schema\/logo\/image\/"},"sameAs":["https:\/\/www.facebook.com\/smedemokrati2023"]},{"@type":"Person","@id":"https:\/\/www.smedemokrati.sk\/#\/schema\/person\/21f147c88d605aa7ded900e1e7c344ba","name":"miro.sopko","image":{"@type":"ImageObject","inLanguage":"cs-CZ","@id":"https:\/\/secure.gravatar.com\/avatar\/267e4a36f704376c109afe3a78740c1f5dd8675a2180a908699e7863c9247606?s=96&d=mm&r=g","url":"https:\/\/secure.gravatar.com\/avatar\/267e4a36f704376c109afe3a78740c1f5dd8675a2180a908699e7863c9247606?s=96&d=mm&r=g","contentUrl":"https:\/\/secure.gravatar.com\/avatar\/267e4a36f704376c109afe3a78740c1f5dd8675a2180a908699e7863c9247606?s=96&d=mm&r=g","caption":"miro.sopko"},"url":"https:\/\/www.smedemokrati.sk\/cs\/author\/miro-sopko\/"}]}},"_links":{"self":[{"href":"https:\/\/www.smedemokrati.sk\/cs\/wp-json\/wp\/v2\/posts\/8439","targetHints":{"allow":["GET"]}}],"collection":[{"href":"https:\/\/www.smedemokrati.sk\/cs\/wp-json\/wp\/v2\/posts"}],"about":[{"href":"https:\/\/www.smedemokrati.sk\/cs\/wp-json\/wp\/v2\/types\/post"}],"author":[{"embeddable":true,"href":"https:\/\/www.smedemokrati.sk\/cs\/wp-json\/wp\/v2\/users\/13"}],"replies":[{"embeddable":true,"href":"https:\/\/www.smedemokrati.sk\/cs\/wp-json\/wp\/v2\/comments?post=8439"}],"version-history":[{"count":1,"href":"https:\/\/www.smedemokrati.sk\/cs\/wp-json\/wp\/v2\/posts\/8439\/revisions"}],"predecessor-version":[{"id":8440,"href":"https:\/\/www.smedemokrati.sk\/cs\/wp-json\/wp\/v2\/posts\/8439\/revisions\/8440"}],"wp:featuredmedia":[{"embeddable":true,"href":"https:\/\/www.smedemokrati.sk\/cs\/wp-json\/wp\/v2\/media\/385"}],"wp:attachment":[{"href":"https:\/\/www.smedemokrati.sk\/cs\/wp-json\/wp\/v2\/media?parent=8439"}],"wp:term":[{"taxonomy":"category","embeddable":true,"href":"https:\/\/www.smedemokrati.sk\/cs\/wp-json\/wp\/v2\/categories?post=8439"},{"taxonomy":"post_tag","embeddable":true,"href":"https:\/\/www.smedemokrati.sk\/cs\/wp-json\/wp\/v2\/tags?post=8439"}],"curies":[{"name":"wp","href":"https:\/\/api.w.org\/{rel}","templated":true}]}}