{"id":8423,"date":"2025-11-06T13:14:00","date_gmt":"2025-11-06T12:14:00","guid":{"rendered":"https:\/\/www.smedemokrati.sk\/?p=8423"},"modified":"2025-11-06T13:14:49","modified_gmt":"2025-11-06T12:14:49","slug":"policia-potvrdila-ze-z-kollar-pouzil-sfalsovane-dokumenty-na-zaklade-ktorych-klamal-o-uplatku-napriek-tomu-ho-prestali-vysetrovat-vraj-je-novinar","status":"publish","type":"post","link":"https:\/\/www.smedemokrati.sk\/cs\/policia-potvrdila-ze-z-kollar-pouzil-sfalsovane-dokumenty-na-zaklade-ktorych-klamal-o-uplatku-napriek-tomu-ho-prestali-vysetrovat-vraj-je-novinar\/","title":{"rendered":"Pol\u00edcia potvrdila, \u017ee Z. Koll\u00e1r pou\u017eil sfal\u0161ovan\u00e9 dokumenty, na z\u00e1klade ktor\u00fdch klamal o \u00faplatku. Napriek tomu ho prestali vy\u0161etrova\u0165, vraj je novin\u00e1r"},"content":{"rendered":"<div id=\"fb-root\"><\/div>\n\n<p>Pol\u00edcia ofici\u00e1lne potvrdila, \u017ee Zoroslav Koll\u00e1r pou\u017eil sfal\u0161ovan\u00e9 dokumenty, na z\u00e1klade ktor\u00fdch spolu s Tiborom Ga\u0161parom (SMER) verejne obvi\u0148ovali Jaroslava Na\u010fa (Demokrati) z prijatia \u00faplatku. Napriek tomuto zisteniu bolo vy\u0161etrovanie vo\u010di Koll\u00e1rovi aj Ga\u0161parovi zastaven\u00e9. Paradoxne, konanie vo\u010di Jaroslavovi Na\u010fovi na\u010falej pokra\u010duje.<\/p>\n\n\n\n<p>\u201ePredv\u010derom som bol vypoveda\u0165. Pol\u00edcia potvrdila sfal\u0161ovanie \u2018d\u00f4kazov\u2019, ktor\u00fdmi sa Koll\u00e1r, Ga\u0161par a Gluck oh\u00e1\u0148ali, ke\u010f tvrdili, \u017ee som mal zobra\u0165 \u00faplatok. Napriek tomu vy\u0161etrovate\u013e zastavil konanie vo\u010di Koll\u00e1rovi aj Ga\u0161parovi. Od\u00f4vodnenie? Zoroslav Koll\u00e1r je vraj \u010dlenom Slovensk\u00e9ho syndik\u00e1tu novin\u00e1rov a zverej\u0148uje inform\u00e1cie, ktor\u00e9 pova\u017euje za spolo\u010densky d\u00f4le\u017eit\u00e9,\u201c uviedol Jaroslav Na\u010f.<\/p>\n\n\n\n<p>Na\u010f z\u00e1rove\u0148 vyzval predstavenstvo Slovensk\u00e9ho syndik\u00e1tu novin\u00e1rov, aby pr\u00e1voplatne ods\u00faden\u00e9mu korup\u010dn\u00edkovi Zoroslavovi Koll\u00e1rovi, ktor\u00fd navy\u0161e ofici\u00e1lne vst\u00fapil do politiky, okam\u017eite zru\u0161ili novin\u00e1rsku akredit\u00e1ciu.<\/p>\n\n\n\n<p>\u201eDruh\u00fdm d\u00f4vodom, pre\u010do bolo konanie vo\u010di Koll\u00e1rovi zastaven\u00e9, bolo, \u017ee vo svojom videu povedal, \u017ee \u2018mo\u017eno\u2019 som zobral \u00faplatok. To je absurdn\u00e9. Garantujem, \u017ee v bud\u00facnosti prijmeme syst\u00e9mov\u00e9 opatrenia, aby korup\u010dn\u00edci svojimi \u00fa\u010delov\u00fdmi vyhl\u00e1seniami nemohli ni\u010di\u0165 \u013eud\u00ed a ich reput\u00e1ciu,\u201c dodal Na\u010f.<\/p>\n\n\n\n<p>Na\u010f tie\u017e hovor\u00ed, \u017ee Tibor Ga\u0161par sa pred pol\u00edciou br\u00e1nil t\u00fdm, \u017ee dokumenty, ktor\u00e9 prezentoval na tla\u010dovej konferencii a na z\u00e1klade ktor\u00fdch sa p\u00fdtal, pre\u010do Na\u010fovi pol\u00edcia nevykopla dvere, videl u Koll\u00e1ra a nem\u00e1 s t\u00fdm ni\u010d spolo\u010dn\u00e9. \u201eTo kde sme? Takto sa m\u00e1 vyzera\u0165 spravodlivos\u0165 v \u0161t\u00e1te? P\u00fdtam sa gener\u00e1lneho prokur\u00e1tora, \u010di tak\u00e9to chab\u00e9 od\u00f4vodnenia naozaj sta\u010dia na zastavenie konania vo\u010di osob\u00e1m, ktor\u00e9 pod\u013ea pol\u00edcie vedome \u0161\u00edrili sfal\u0161ovan\u00e9 dokumenty,\u201c zd\u00f4raznil Na\u010f.<\/p>\n\n\n\n<p>E\u0161te v septembri minul\u00e9ho roka zverejnil pr\u00e1voplatne ods\u00faden\u00fd korup\u010dn\u00edk Zoroslav Koll\u00e1r video, v ktorom tvrdil, \u017ee predseda Demokratov Jaroslav Na\u010f prijal \u00faplatok 3,5 mili\u00f3na eur v s\u00favislosti s pois\u0165ovan\u00edm \u0161t\u00e1tneho majetku na Ministerstve obrany. Na tieto tvrdenia n\u00e1sledne nadviazali Tibor Ga\u0161par (SMER) a Richard Gluck (SMER), ktor\u00ed sfal\u0161ovan\u00e9 dokumenty \u0161\u00edrili \u010falej na tla\u010dov\u00fdch konferenci\u00e1ch. Jaroslav Na\u010f preto podal trestn\u00e9 ozn\u00e1menie za ohov\u00e1ranie, kriv\u00e9 obvinenie a sfal\u0161ovanie \u00faradnej listiny.<\/p>\n\n\n<div id=\"fb-root\"><\/div><script async defer crossorigin=\"anonymous\" src=\"https:\/\/connect.facebook.net\/sk_SK\/sdk.js#xfbml=1&version=v18.0\"><\/script><div class=\"fb-video\" data-href=\"https:\/\/www.facebook.com\/smedemokrati2023\/videos\/1164560688448649\/\" data-width=\"560\" data-show-text=\"false\"><blockquote cite=\"https:\/\/www.facebook.com\/smedemokrati2023\/videos\/1164560688448649\/\" class=\"fb-xfbml-parse-ignore\"><a href=\"https:\/\/www.facebook.com\/smedemokrati2023\/videos\/1164560688448649\/\">Video<\/a><\/blockquote><\/div>\n","protected":false},"excerpt":{"rendered":"<p>Pol\u00edcia ofici\u00e1lne potvrdila, \u017ee Zoroslav Koll\u00e1r pou\u017eil sfal\u0161ovan\u00e9 dokumenty, na z\u00e1klade ktor\u00fdch spolu s Tiborom Ga\u0161parom (SMER) verejne obvi\u0148ovali Jaroslava Na\u010fa (Demokrati) z prijatia \u00faplatku. Napriek tomuto zisteniu bolo vy\u0161etrovanie vo\u010di Koll\u00e1rovi aj Ga\u0161parovi zastaven\u00e9. Paradoxne, konanie vo\u010di Jaroslavovi Na\u010fovi na\u010falej pokra\u010duje. \u201ePredv\u010derom som bol vypoveda\u0165. Pol\u00edcia potvrdila sfal\u0161ovanie \u2018d\u00f4kazov\u2019, ktor\u00fdmi sa Koll\u00e1r, Ga\u0161par a [&hellip;]<\/p>\n","protected":false},"author":13,"featured_media":8424,"comment_status":"closed","ping_status":"closed","sticky":false,"template":"","format":"standard","meta":{"_acf_changed":false,"ngg_post_thumbnail":0,"footnotes":""},"categories":[4],"tags":[],"class_list":["post-8423","post","type-post","status-publish","format-standard","has-post-thumbnail","hentry","category-tlacove-spravy"],"acf":[],"yoast_head":"<!-- This site is optimized with the Yoast SEO plugin v27.2 - https:\/\/yoast.com\/product\/yoast-seo-wordpress\/ -->\n<title>Pol\u00edcia potvrdila, \u017ee Z. Koll\u00e1r pou\u017eil sfal\u0161ovan\u00e9 dokumenty, na z\u00e1klade ktor\u00fdch klamal o \u00faplatku. Napriek tomu ho prestali vy\u0161etrova\u0165, vraj je novin\u00e1r<\/title>\n<meta name=\"robots\" content=\"index, follow, max-snippet:-1, max-image-preview:large, max-video-preview:-1\" \/>\n<link rel=\"canonical\" href=\"https:\/\/www.smedemokrati.sk\/cs\/policia-potvrdila-ze-z-kollar-pouzil-sfalsovane-dokumenty-na-zaklade-ktorych-klamal-o-uplatku-napriek-tomu-ho-prestali-vysetrovat-vraj-je-novinar\/\" \/>\n<meta property=\"og:locale\" content=\"cs_CZ\" \/>\n<meta property=\"og:locale:alternate\" content=\"en_US\" \/>\n<meta property=\"og:locale:alternate\" content=\"hu_HU\" \/>\n<meta property=\"og:locale:alternate\" content=\"sk_SK\" \/>\n<meta property=\"og:locale:alternate\" content=\"sv_SE\" \/>\n<meta property=\"og:type\" content=\"article\" \/>\n<meta property=\"og:title\" content=\"Pol\u00edcia potvrdila, \u017ee Z. Koll\u00e1r pou\u017eil sfal\u0161ovan\u00e9 dokumenty, na z\u00e1klade ktor\u00fdch klamal o \u00faplatku. Napriek tomu ho prestali vy\u0161etrova\u0165, vraj je novin\u00e1r\" \/>\n<meta property=\"og:description\" content=\"Pol\u00edcia ofici\u00e1lne potvrdila, \u017ee Zoroslav Koll\u00e1r pou\u017eil sfal\u0161ovan\u00e9 dokumenty, na z\u00e1klade ktor\u00fdch spolu s Tiborom Ga\u0161parom (SMER) verejne obvi\u0148ovali Jaroslava Na\u010fa (Demokrati) z prijatia \u00faplatku. Napriek tomuto zisteniu bolo vy\u0161etrovanie vo\u010di Koll\u00e1rovi aj Ga\u0161parovi zastaven\u00e9. Paradoxne, konanie vo\u010di Jaroslavovi Na\u010fovi na\u010falej pokra\u010duje. \u201ePredv\u010derom som bol vypoveda\u0165. Pol\u00edcia potvrdila sfal\u0161ovanie \u2018d\u00f4kazov\u2019, ktor\u00fdmi sa Koll\u00e1r, Ga\u0161par a [&hellip;]\" \/>\n<meta property=\"og:url\" content=\"https:\/\/www.smedemokrati.sk\/cs\/policia-potvrdila-ze-z-kollar-pouzil-sfalsovane-dokumenty-na-zaklade-ktorych-klamal-o-uplatku-napriek-tomu-ho-prestali-vysetrovat-vraj-je-novinar\/\" \/>\n<meta property=\"og:site_name\" content=\"Smedemokrati.sk\" \/>\n<meta property=\"article:publisher\" content=\"https:\/\/www.facebook.com\/smedemokrati2023\" \/>\n<meta property=\"article:published_time\" content=\"2025-11-06T12:14:00+00:00\" \/>\n<meta property=\"article:modified_time\" content=\"2025-11-06T12:14:49+00:00\" \/>\n<meta property=\"og:image\" content=\"https:\/\/www.smedemokrati.sk\/wp-content\/uploads\/2025\/11\/577347352_2116124619180282_6038178323819823840_n.jpg\" \/>\n\t<meta property=\"og:image:width\" content=\"1920\" \/>\n\t<meta property=\"og:image:height\" content=\"1080\" \/>\n\t<meta property=\"og:image:type\" content=\"image\/jpeg\" \/>\n<meta name=\"author\" content=\"miro.sopko\" \/>\n<meta name=\"twitter:card\" content=\"summary_large_image\" \/>\n<meta name=\"twitter:label1\" content=\"Napsal(a)\" \/>\n\t<meta name=\"twitter:data1\" content=\"miro.sopko\" \/>\n\t<meta name=\"twitter:label2\" content=\"Odhadovan\u00e1 doba \u010dten\u00ed\" \/>\n\t<meta name=\"twitter:data2\" content=\"2 minuty\" \/>\n<script type=\"application\/ld+json\" class=\"yoast-schema-graph\">{\"@context\":\"https:\/\/schema.org\",\"@graph\":[{\"@type\":\"Article\",\"@id\":\"https:\/\/www.smedemokrati.sk\/policia-potvrdila-ze-z-kollar-pouzil-sfalsovane-dokumenty-na-zaklade-ktorych-klamal-o-uplatku-napriek-tomu-ho-prestali-vysetrovat-vraj-je-novinar\/#article\",\"isPartOf\":{\"@id\":\"https:\/\/www.smedemokrati.sk\/policia-potvrdila-ze-z-kollar-pouzil-sfalsovane-dokumenty-na-zaklade-ktorych-klamal-o-uplatku-napriek-tomu-ho-prestali-vysetrovat-vraj-je-novinar\/\"},\"author\":{\"name\":\"miro.sopko\",\"@id\":\"https:\/\/www.smedemokrati.sk\/#\/schema\/person\/21f147c88d605aa7ded900e1e7c344ba\"},\"headline\":\"Pol\u00edcia potvrdila, \u017ee Z. Koll\u00e1r pou\u017eil sfal\u0161ovan\u00e9 dokumenty, na z\u00e1klade ktor\u00fdch klamal o \u00faplatku. Napriek tomu ho prestali vy\u0161etrova\u0165, vraj je novin\u00e1r\",\"datePublished\":\"2025-11-06T12:14:00+00:00\",\"dateModified\":\"2025-11-06T12:14:49+00:00\",\"mainEntityOfPage\":{\"@id\":\"https:\/\/www.smedemokrati.sk\/policia-potvrdila-ze-z-kollar-pouzil-sfalsovane-dokumenty-na-zaklade-ktorych-klamal-o-uplatku-napriek-tomu-ho-prestali-vysetrovat-vraj-je-novinar\/\"},\"wordCount\":457,\"publisher\":{\"@id\":\"https:\/\/www.smedemokrati.sk\/#organization\"},\"image\":{\"@id\":\"https:\/\/www.smedemokrati.sk\/policia-potvrdila-ze-z-kollar-pouzil-sfalsovane-dokumenty-na-zaklade-ktorych-klamal-o-uplatku-napriek-tomu-ho-prestali-vysetrovat-vraj-je-novinar\/#primaryimage\"},\"thumbnailUrl\":\"https:\/\/www.smedemokrati.sk\/wp-content\/uploads\/2025\/11\/577347352_2116124619180282_6038178323819823840_n.jpg\",\"articleSection\":[\"Tla\u010dov\u00e9 spr\u00e1vy\"],\"inLanguage\":\"cs-CZ\"},{\"@type\":\"WebPage\",\"@id\":\"https:\/\/www.smedemokrati.sk\/policia-potvrdila-ze-z-kollar-pouzil-sfalsovane-dokumenty-na-zaklade-ktorych-klamal-o-uplatku-napriek-tomu-ho-prestali-vysetrovat-vraj-je-novinar\/\",\"url\":\"https:\/\/www.smedemokrati.sk\/policia-potvrdila-ze-z-kollar-pouzil-sfalsovane-dokumenty-na-zaklade-ktorych-klamal-o-uplatku-napriek-tomu-ho-prestali-vysetrovat-vraj-je-novinar\/\",\"name\":\"Pol\u00edcia potvrdila, \u017ee Z. Koll\u00e1r pou\u017eil sfal\u0161ovan\u00e9 dokumenty, na z\u00e1klade ktor\u00fdch klamal o \u00faplatku. Napriek tomu ho prestali vy\u0161etrova\u0165, vraj je novin\u00e1r\",\"isPartOf\":{\"@id\":\"https:\/\/www.smedemokrati.sk\/#website\"},\"primaryImageOfPage\":{\"@id\":\"https:\/\/www.smedemokrati.sk\/policia-potvrdila-ze-z-kollar-pouzil-sfalsovane-dokumenty-na-zaklade-ktorych-klamal-o-uplatku-napriek-tomu-ho-prestali-vysetrovat-vraj-je-novinar\/#primaryimage\"},\"image\":{\"@id\":\"https:\/\/www.smedemokrati.sk\/policia-potvrdila-ze-z-kollar-pouzil-sfalsovane-dokumenty-na-zaklade-ktorych-klamal-o-uplatku-napriek-tomu-ho-prestali-vysetrovat-vraj-je-novinar\/#primaryimage\"},\"thumbnailUrl\":\"https:\/\/www.smedemokrati.sk\/wp-content\/uploads\/2025\/11\/577347352_2116124619180282_6038178323819823840_n.jpg\",\"datePublished\":\"2025-11-06T12:14:00+00:00\",\"dateModified\":\"2025-11-06T12:14:49+00:00\",\"breadcrumb\":{\"@id\":\"https:\/\/www.smedemokrati.sk\/policia-potvrdila-ze-z-kollar-pouzil-sfalsovane-dokumenty-na-zaklade-ktorych-klamal-o-uplatku-napriek-tomu-ho-prestali-vysetrovat-vraj-je-novinar\/#breadcrumb\"},\"inLanguage\":\"cs-CZ\",\"potentialAction\":[{\"@type\":\"ReadAction\",\"target\":[\"https:\/\/www.smedemokrati.sk\/policia-potvrdila-ze-z-kollar-pouzil-sfalsovane-dokumenty-na-zaklade-ktorych-klamal-o-uplatku-napriek-tomu-ho-prestali-vysetrovat-vraj-je-novinar\/\"]}]},{\"@type\":\"ImageObject\",\"inLanguage\":\"cs-CZ\",\"@id\":\"https:\/\/www.smedemokrati.sk\/policia-potvrdila-ze-z-kollar-pouzil-sfalsovane-dokumenty-na-zaklade-ktorych-klamal-o-uplatku-napriek-tomu-ho-prestali-vysetrovat-vraj-je-novinar\/#primaryimage\",\"url\":\"https:\/\/www.smedemokrati.sk\/wp-content\/uploads\/2025\/11\/577347352_2116124619180282_6038178323819823840_n.jpg\",\"contentUrl\":\"https:\/\/www.smedemokrati.sk\/wp-content\/uploads\/2025\/11\/577347352_2116124619180282_6038178323819823840_n.jpg\",\"width\":1920,\"height\":1080},{\"@type\":\"BreadcrumbList\",\"@id\":\"https:\/\/www.smedemokrati.sk\/policia-potvrdila-ze-z-kollar-pouzil-sfalsovane-dokumenty-na-zaklade-ktorych-klamal-o-uplatku-napriek-tomu-ho-prestali-vysetrovat-vraj-je-novinar\/#breadcrumb\",\"itemListElement\":[{\"@type\":\"ListItem\",\"position\":1,\"name\":\"Domovsk\u00e1 str\u00e1nka\",\"item\":\"https:\/\/www.smedemokrati.sk\/\"},{\"@type\":\"ListItem\",\"position\":2,\"name\":\"Pol\u00edcia potvrdila, \u017ee Z. Koll\u00e1r pou\u017eil sfal\u0161ovan\u00e9 dokumenty, na z\u00e1klade ktor\u00fdch klamal o \u00faplatku. Napriek tomu ho prestali vy\u0161etrova\u0165, vraj je novin\u00e1r\"}]},{\"@type\":\"WebSite\",\"@id\":\"https:\/\/www.smedemokrati.sk\/#website\",\"url\":\"https:\/\/www.smedemokrati.sk\/\",\"name\":\"Smedemokrati.sk\",\"description\":\"Demokracia a slu\u0161nos\u0165 zv\u00ed\u0165az\u00ed\",\"publisher\":{\"@id\":\"https:\/\/www.smedemokrati.sk\/#organization\"},\"potentialAction\":[{\"@type\":\"SearchAction\",\"target\":{\"@type\":\"EntryPoint\",\"urlTemplate\":\"https:\/\/www.smedemokrati.sk\/?s={search_term_string}\"},\"query-input\":{\"@type\":\"PropertyValueSpecification\",\"valueRequired\":true,\"valueName\":\"search_term_string\"}}],\"inLanguage\":\"cs-CZ\"},{\"@type\":\"Organization\",\"@id\":\"https:\/\/www.smedemokrati.sk\/#organization\",\"name\":\"Smedemokrati.sk\",\"url\":\"https:\/\/www.smedemokrati.sk\/\",\"logo\":{\"@type\":\"ImageObject\",\"inLanguage\":\"cs-CZ\",\"@id\":\"https:\/\/www.smedemokrati.sk\/#\/schema\/logo\/image\/\",\"url\":\"https:\/\/www.smedemokrati.sk\/wp-content\/uploads\/2023\/04\/ff.002.jpeg\",\"contentUrl\":\"https:\/\/www.smedemokrati.sk\/wp-content\/uploads\/2023\/04\/ff.002.jpeg\",\"width\":640,\"height\":480,\"caption\":\"Smedemokrati.sk\"},\"image\":{\"@id\":\"https:\/\/www.smedemokrati.sk\/#\/schema\/logo\/image\/\"},\"sameAs\":[\"https:\/\/www.facebook.com\/smedemokrati2023\"]},{\"@type\":\"Person\",\"@id\":\"https:\/\/www.smedemokrati.sk\/#\/schema\/person\/21f147c88d605aa7ded900e1e7c344ba\",\"name\":\"miro.sopko\",\"image\":{\"@type\":\"ImageObject\",\"inLanguage\":\"cs-CZ\",\"@id\":\"https:\/\/secure.gravatar.com\/avatar\/267e4a36f704376c109afe3a78740c1f5dd8675a2180a908699e7863c9247606?s=96&d=mm&r=g\",\"url\":\"https:\/\/secure.gravatar.com\/avatar\/267e4a36f704376c109afe3a78740c1f5dd8675a2180a908699e7863c9247606?s=96&d=mm&r=g\",\"contentUrl\":\"https:\/\/secure.gravatar.com\/avatar\/267e4a36f704376c109afe3a78740c1f5dd8675a2180a908699e7863c9247606?s=96&d=mm&r=g\",\"caption\":\"miro.sopko\"},\"url\":\"https:\/\/www.smedemokrati.sk\/cs\/author\/miro-sopko\/\"}]}<\/script>\n<!-- \/ Yoast SEO plugin. -->","yoast_head_json":{"title":"Pol\u00edcia potvrdila, \u017ee Z. Koll\u00e1r pou\u017eil sfal\u0161ovan\u00e9 dokumenty, na z\u00e1klade ktor\u00fdch klamal o \u00faplatku. Napriek tomu ho prestali vy\u0161etrova\u0165, vraj je novin\u00e1r","robots":{"index":"index","follow":"follow","max-snippet":"max-snippet:-1","max-image-preview":"max-image-preview:large","max-video-preview":"max-video-preview:-1"},"canonical":"https:\/\/www.smedemokrati.sk\/cs\/policia-potvrdila-ze-z-kollar-pouzil-sfalsovane-dokumenty-na-zaklade-ktorych-klamal-o-uplatku-napriek-tomu-ho-prestali-vysetrovat-vraj-je-novinar\/","og_locale":"cs_CZ","og_type":"article","og_title":"[:sk]Pol\u00edcia potvrdila, \u017ee Z. Koll\u00e1r pou\u017eil sfal\u0161ovan\u00e9 dokumenty, na z\u00e1klade ktor\u00fdch klamal o \u00faplatku. Napriek tomu ho prestali vy\u0161etrova\u0165, vraj je novin\u00e1r[:] - Smedemokrati.sk","og_description":"Pol\u00edcia ofici\u00e1lne potvrdila, \u017ee Zoroslav Koll\u00e1r pou\u017eil sfal\u0161ovan\u00e9 dokumenty, na z\u00e1klade ktor\u00fdch spolu s Tiborom Ga\u0161parom (SMER) verejne obvi\u0148ovali Jaroslava Na\u010fa (Demokrati) z prijatia \u00faplatku. Napriek tomuto zisteniu bolo vy\u0161etrovanie vo\u010di Koll\u00e1rovi aj Ga\u0161parovi zastaven\u00e9. Paradoxne, konanie vo\u010di Jaroslavovi Na\u010fovi na\u010falej pokra\u010duje. \u201ePredv\u010derom som bol vypoveda\u0165. Pol\u00edcia potvrdila sfal\u0161ovanie \u2018d\u00f4kazov\u2019, ktor\u00fdmi sa Koll\u00e1r, Ga\u0161par a [&hellip;]","og_url":"https:\/\/www.smedemokrati.sk\/cs\/policia-potvrdila-ze-z-kollar-pouzil-sfalsovane-dokumenty-na-zaklade-ktorych-klamal-o-uplatku-napriek-tomu-ho-prestali-vysetrovat-vraj-je-novinar\/","og_site_name":"Smedemokrati.sk","article_publisher":"https:\/\/www.facebook.com\/smedemokrati2023","article_published_time":"2025-11-06T12:14:00+00:00","article_modified_time":"2025-11-06T12:14:49+00:00","og_image":[{"width":1920,"height":1080,"url":"https:\/\/www.smedemokrati.sk\/wp-content\/uploads\/2025\/11\/577347352_2116124619180282_6038178323819823840_n.jpg","type":"image\/jpeg"}],"author":"miro.sopko","twitter_card":"summary_large_image","twitter_misc":{"Napsal(a)":"miro.sopko","Odhadovan\u00e1 doba \u010dten\u00ed":"2 minuty"},"schema":{"@context":"https:\/\/schema.org","@graph":[{"@type":"Article","@id":"https:\/\/www.smedemokrati.sk\/policia-potvrdila-ze-z-kollar-pouzil-sfalsovane-dokumenty-na-zaklade-ktorych-klamal-o-uplatku-napriek-tomu-ho-prestali-vysetrovat-vraj-je-novinar\/#article","isPartOf":{"@id":"https:\/\/www.smedemokrati.sk\/policia-potvrdila-ze-z-kollar-pouzil-sfalsovane-dokumenty-na-zaklade-ktorych-klamal-o-uplatku-napriek-tomu-ho-prestali-vysetrovat-vraj-je-novinar\/"},"author":{"name":"miro.sopko","@id":"https:\/\/www.smedemokrati.sk\/#\/schema\/person\/21f147c88d605aa7ded900e1e7c344ba"},"headline":"Pol\u00edcia potvrdila, \u017ee Z. Koll\u00e1r pou\u017eil sfal\u0161ovan\u00e9 dokumenty, na z\u00e1klade ktor\u00fdch klamal o \u00faplatku. Napriek tomu ho prestali vy\u0161etrova\u0165, vraj je novin\u00e1r","datePublished":"2025-11-06T12:14:00+00:00","dateModified":"2025-11-06T12:14:49+00:00","mainEntityOfPage":{"@id":"https:\/\/www.smedemokrati.sk\/policia-potvrdila-ze-z-kollar-pouzil-sfalsovane-dokumenty-na-zaklade-ktorych-klamal-o-uplatku-napriek-tomu-ho-prestali-vysetrovat-vraj-je-novinar\/"},"wordCount":457,"publisher":{"@id":"https:\/\/www.smedemokrati.sk\/#organization"},"image":{"@id":"https:\/\/www.smedemokrati.sk\/policia-potvrdila-ze-z-kollar-pouzil-sfalsovane-dokumenty-na-zaklade-ktorych-klamal-o-uplatku-napriek-tomu-ho-prestali-vysetrovat-vraj-je-novinar\/#primaryimage"},"thumbnailUrl":"https:\/\/www.smedemokrati.sk\/wp-content\/uploads\/2025\/11\/577347352_2116124619180282_6038178323819823840_n.jpg","articleSection":["Tla\u010dov\u00e9 spr\u00e1vy"],"inLanguage":"cs-CZ"},{"@type":"WebPage","@id":"https:\/\/www.smedemokrati.sk\/policia-potvrdila-ze-z-kollar-pouzil-sfalsovane-dokumenty-na-zaklade-ktorych-klamal-o-uplatku-napriek-tomu-ho-prestali-vysetrovat-vraj-je-novinar\/","url":"https:\/\/www.smedemokrati.sk\/policia-potvrdila-ze-z-kollar-pouzil-sfalsovane-dokumenty-na-zaklade-ktorych-klamal-o-uplatku-napriek-tomu-ho-prestali-vysetrovat-vraj-je-novinar\/","name":"Pol\u00edcia potvrdila, \u017ee Z. Koll\u00e1r pou\u017eil sfal\u0161ovan\u00e9 dokumenty, na z\u00e1klade ktor\u00fdch klamal o \u00faplatku. Napriek tomu ho prestali vy\u0161etrova\u0165, vraj je novin\u00e1r","isPartOf":{"@id":"https:\/\/www.smedemokrati.sk\/#website"},"primaryImageOfPage":{"@id":"https:\/\/www.smedemokrati.sk\/policia-potvrdila-ze-z-kollar-pouzil-sfalsovane-dokumenty-na-zaklade-ktorych-klamal-o-uplatku-napriek-tomu-ho-prestali-vysetrovat-vraj-je-novinar\/#primaryimage"},"image":{"@id":"https:\/\/www.smedemokrati.sk\/policia-potvrdila-ze-z-kollar-pouzil-sfalsovane-dokumenty-na-zaklade-ktorych-klamal-o-uplatku-napriek-tomu-ho-prestali-vysetrovat-vraj-je-novinar\/#primaryimage"},"thumbnailUrl":"https:\/\/www.smedemokrati.sk\/wp-content\/uploads\/2025\/11\/577347352_2116124619180282_6038178323819823840_n.jpg","datePublished":"2025-11-06T12:14:00+00:00","dateModified":"2025-11-06T12:14:49+00:00","breadcrumb":{"@id":"https:\/\/www.smedemokrati.sk\/policia-potvrdila-ze-z-kollar-pouzil-sfalsovane-dokumenty-na-zaklade-ktorych-klamal-o-uplatku-napriek-tomu-ho-prestali-vysetrovat-vraj-je-novinar\/#breadcrumb"},"inLanguage":"cs-CZ","potentialAction":[{"@type":"ReadAction","target":["https:\/\/www.smedemokrati.sk\/policia-potvrdila-ze-z-kollar-pouzil-sfalsovane-dokumenty-na-zaklade-ktorych-klamal-o-uplatku-napriek-tomu-ho-prestali-vysetrovat-vraj-je-novinar\/"]}]},{"@type":"ImageObject","inLanguage":"cs-CZ","@id":"https:\/\/www.smedemokrati.sk\/policia-potvrdila-ze-z-kollar-pouzil-sfalsovane-dokumenty-na-zaklade-ktorych-klamal-o-uplatku-napriek-tomu-ho-prestali-vysetrovat-vraj-je-novinar\/#primaryimage","url":"https:\/\/www.smedemokrati.sk\/wp-content\/uploads\/2025\/11\/577347352_2116124619180282_6038178323819823840_n.jpg","contentUrl":"https:\/\/www.smedemokrati.sk\/wp-content\/uploads\/2025\/11\/577347352_2116124619180282_6038178323819823840_n.jpg","width":1920,"height":1080},{"@type":"BreadcrumbList","@id":"https:\/\/www.smedemokrati.sk\/policia-potvrdila-ze-z-kollar-pouzil-sfalsovane-dokumenty-na-zaklade-ktorych-klamal-o-uplatku-napriek-tomu-ho-prestali-vysetrovat-vraj-je-novinar\/#breadcrumb","itemListElement":[{"@type":"ListItem","position":1,"name":"Domovsk\u00e1 str\u00e1nka","item":"https:\/\/www.smedemokrati.sk\/"},{"@type":"ListItem","position":2,"name":"Pol\u00edcia potvrdila, \u017ee Z. Koll\u00e1r pou\u017eil sfal\u0161ovan\u00e9 dokumenty, na z\u00e1klade ktor\u00fdch klamal o \u00faplatku. Napriek tomu ho prestali vy\u0161etrova\u0165, vraj je novin\u00e1r"}]},{"@type":"WebSite","@id":"https:\/\/www.smedemokrati.sk\/#website","url":"https:\/\/www.smedemokrati.sk\/","name":"Smedemokrati.sk","description":"Demokracia a slu\u0161nos\u0165 zv\u00ed\u0165az\u00ed","publisher":{"@id":"https:\/\/www.smedemokrati.sk\/#organization"},"potentialAction":[{"@type":"SearchAction","target":{"@type":"EntryPoint","urlTemplate":"https:\/\/www.smedemokrati.sk\/?s={search_term_string}"},"query-input":{"@type":"PropertyValueSpecification","valueRequired":true,"valueName":"search_term_string"}}],"inLanguage":"cs-CZ"},{"@type":"Organization","@id":"https:\/\/www.smedemokrati.sk\/#organization","name":"Smedemokrati.sk","url":"https:\/\/www.smedemokrati.sk\/","logo":{"@type":"ImageObject","inLanguage":"cs-CZ","@id":"https:\/\/www.smedemokrati.sk\/#\/schema\/logo\/image\/","url":"https:\/\/www.smedemokrati.sk\/wp-content\/uploads\/2023\/04\/ff.002.jpeg","contentUrl":"https:\/\/www.smedemokrati.sk\/wp-content\/uploads\/2023\/04\/ff.002.jpeg","width":640,"height":480,"caption":"Smedemokrati.sk"},"image":{"@id":"https:\/\/www.smedemokrati.sk\/#\/schema\/logo\/image\/"},"sameAs":["https:\/\/www.facebook.com\/smedemokrati2023"]},{"@type":"Person","@id":"https:\/\/www.smedemokrati.sk\/#\/schema\/person\/21f147c88d605aa7ded900e1e7c344ba","name":"miro.sopko","image":{"@type":"ImageObject","inLanguage":"cs-CZ","@id":"https:\/\/secure.gravatar.com\/avatar\/267e4a36f704376c109afe3a78740c1f5dd8675a2180a908699e7863c9247606?s=96&d=mm&r=g","url":"https:\/\/secure.gravatar.com\/avatar\/267e4a36f704376c109afe3a78740c1f5dd8675a2180a908699e7863c9247606?s=96&d=mm&r=g","contentUrl":"https:\/\/secure.gravatar.com\/avatar\/267e4a36f704376c109afe3a78740c1f5dd8675a2180a908699e7863c9247606?s=96&d=mm&r=g","caption":"miro.sopko"},"url":"https:\/\/www.smedemokrati.sk\/cs\/author\/miro-sopko\/"}]}},"_links":{"self":[{"href":"https:\/\/www.smedemokrati.sk\/cs\/wp-json\/wp\/v2\/posts\/8423","targetHints":{"allow":["GET"]}}],"collection":[{"href":"https:\/\/www.smedemokrati.sk\/cs\/wp-json\/wp\/v2\/posts"}],"about":[{"href":"https:\/\/www.smedemokrati.sk\/cs\/wp-json\/wp\/v2\/types\/post"}],"author":[{"embeddable":true,"href":"https:\/\/www.smedemokrati.sk\/cs\/wp-json\/wp\/v2\/users\/13"}],"replies":[{"embeddable":true,"href":"https:\/\/www.smedemokrati.sk\/cs\/wp-json\/wp\/v2\/comments?post=8423"}],"version-history":[{"count":2,"href":"https:\/\/www.smedemokrati.sk\/cs\/wp-json\/wp\/v2\/posts\/8423\/revisions"}],"predecessor-version":[{"id":8426,"href":"https:\/\/www.smedemokrati.sk\/cs\/wp-json\/wp\/v2\/posts\/8423\/revisions\/8426"}],"wp:featuredmedia":[{"embeddable":true,"href":"https:\/\/www.smedemokrati.sk\/cs\/wp-json\/wp\/v2\/media\/8424"}],"wp:attachment":[{"href":"https:\/\/www.smedemokrati.sk\/cs\/wp-json\/wp\/v2\/media?parent=8423"}],"wp:term":[{"taxonomy":"category","embeddable":true,"href":"https:\/\/www.smedemokrati.sk\/cs\/wp-json\/wp\/v2\/categories?post=8423"},{"taxonomy":"post_tag","embeddable":true,"href":"https:\/\/www.smedemokrati.sk\/cs\/wp-json\/wp\/v2\/tags?post=8423"}],"curies":[{"name":"wp","href":"https:\/\/api.w.org\/{rel}","templated":true}]}}