{"id":8418,"date":"2025-11-05T17:52:08","date_gmt":"2025-11-05T16:52:08","guid":{"rendered":"https:\/\/www.smedemokrati.sk\/?p=8418"},"modified":"2025-11-05T19:03:31","modified_gmt":"2025-11-05T18:03:31","slug":"lesy-sr-prechadzaju-hlbokou-krizou-a-superenim-o-kontrolu-nad-statnym-drevom","status":"publish","type":"post","link":"https:\/\/www.smedemokrati.sk\/cs\/lesy-sr-prechadzaju-hlbokou-krizou-a-superenim-o-kontrolu-nad-statnym-drevom\/","title":{"rendered":"Lesy SR prech\u00e1dzaj\u00fa hlbokou kr\u00edzou a s\u00faperen\u00edm o kontrolu nad \u0161t\u00e1tnym drevom"},"content":{"rendered":"<div id=\"fb-root\"><\/div>\n\n<p><strong>Po t\u00fd\u017edni n\u00fatene kon\u010d\u00ed \u010fal\u0161\u00ed gener\u00e1lny riadite\u013e LESOV SR, \u0161. p. \u201csk\u00fasen\u00fd kr\u00edzov\u00fd mana\u017e\u00e9r\u201d Vojtech Ferencz. Obrovsk\u00e1 person\u00e1lna nestabilita je jednozna\u010dn\u00fdm zlyhan\u00edm ministra p\u00f4dohospod\u00e1rstva Tak\u00e1\u010da, za ktor\u00e9ho p\u00f4sobenia sa vo veden\u00ed podniku vystriedalo u\u017e p\u00e4\u0165 riadite\u013eov. Ministra Tak\u00e1\u010da vyz\u00fdvame na pozastavenie mas\u00edvneho prep\u00fa\u0161\u0165ania a vyp\u00edsanie transparentn\u00e9ho v\u00fdberov\u00e9ho konania, ktor\u00e9 nebude len divadlom zinscenovan\u00fdm z\u00e1ujmov\u00fdmi skupinami.\u00a0<\/strong><\/p>\n\n\n\n<p>Samotn\u00fd Tak\u00e1\u010dov nominant a \u010derstvo odvolan\u00fd gener\u00e1lny riadite\u013e Ferencz ozna\u010dil po p\u00e1r d\u0148och svojho p\u00f4sobenia situ\u00e1ciu za ve\u013emi v\u00e1\u017enu a mal iniciova\u0165 pr\u00edpravu nez\u00e1visl\u00fdch auditov v oblastiach predaja dreva, verejn\u00e9ho obstar\u00e1vania a nakladania s majetkom. \u201e<em>Pod\u013ea na\u0161ich inform\u00e1ci\u00ed mala by\u0165 v t\u00fdchto d\u0148och v hre aj ot\u00e1zka prehodnotenia mas\u00edvneho prep\u00fa\u0161\u0165ania v \u0161t\u00e1tnom podniku a zn\u00ed\u017eenia po\u010dtu odborn\u00fdch lesn\u00fdch hospod\u00e1rov, ktor\u00fdm sa po novom malo zv\u00e4\u010d\u0161i\u0165 spravovan\u00e9 \u00fazemie a\u017e na 1000 ha, \u010do by ohrozilo plnenie ich z\u00e1kladn\u00fdch \u00faloh, ako aj mo\u017enej v\u00fdmeny niektor\u00fdch riadite\u013eov k\u013e\u00fa\u010dov\u00fdch od\u0161tepn\u00fdch z\u00e1vodov. Nerob\u00edme si il\u00fazie o Ferenczov\u00fdch pl\u00e1noch, av\u0161ak je zrejm\u00e9, \u017ee sa dostal do v\u00e1\u017eneho sporu s ministrom Tak\u00e1\u010dom. Za ve\u013eavravn\u00fd sign\u00e1l pova\u017eujeme narastaj\u00face zast\u00fapenie zamestnancov prepojen\u00fdch s od\u0161tepn\u00fdm z\u00e1vodom Tribe\u010d na gener\u00e1lnom riadite\u013estve nasved\u010duj\u00faci siln\u00e9mu vplyvu nitrianskej skupiny na chod \u0161t\u00e1tnych lesov,<\/em>\u201d objas\u0148uje Michal Ki\u010da, environment\u00e1lny expert Demokratov.\u00a0<\/p>\n\n\n\n<p>P\u00f4sobenie tejto vl\u00e1dy v \u0161t\u00e1tnych lesoch je prejavom s\u00faperenia vplyvn\u00fdch z\u00e1ujmov\u00fdch skup\u00edn o kontrolu nad \u0161t\u00e1tnym drevom a lukrat\u00edvnymi z\u00e1kazkami za desiatky mili\u00f3nov eur. \u201e<em>Vyz\u00fdvame ministra Tak\u00e1\u010da na zastavenie pl\u00e1novan\u00e9ho prep\u00fa\u0161\u0165ania v \u0161t\u00e1tnych lesoch, vyhl\u00e1senie verejn\u00e9ho v\u00fdberov\u00e9ho konania na obsadenie poz\u00edcie gener\u00e1lneho riadite\u013ea so \u0161irok\u00fdm zast\u00fapen\u00edm zamestnancov podniku, odbornej verejnosti a z\u00e1stupcov samospr\u00e1v. Jeho doteraj\u0161ia person\u00e1lna politika sa uk\u00e1zala ako maxim\u00e1lne nekompetentn\u00e1 a sl\u00fa\u017eiaca priekupn\u00edkom s drevom bohatn\u00facim na \u00fakor n\u00e1\u0161ho pr\u00edrodn\u00e9ho bohatstva, z\u00e1ujmy slovensk\u00fdch dom\u00e1cnost\u00ed a n\u00e1\u0161ho drevospracuj\u00faceho priemyslu,<\/em>\u201d uzavrel Michal Ki\u010da.\u00a0<\/p>\n","protected":false},"excerpt":{"rendered":"<p>Po t\u00fd\u017edni n\u00fatene kon\u010d\u00ed \u010fal\u0161\u00ed gener\u00e1lny riadite\u013e LESOV SR, \u0161. p. \u201csk\u00fasen\u00fd kr\u00edzov\u00fd mana\u017e\u00e9r\u201d Vojtech Ferencz. Obrovsk\u00e1 person\u00e1lna nestabilita je jednozna\u010dn\u00fdm zlyhan\u00edm ministra p\u00f4dohospod\u00e1rstva Tak\u00e1\u010da, za ktor\u00e9ho p\u00f4sobenia sa vo veden\u00ed podniku vystriedalo u\u017e p\u00e4\u0165 riadite\u013eov. Ministra Tak\u00e1\u010da vyz\u00fdvame na pozastavenie mas\u00edvneho prep\u00fa\u0161\u0165ania a vyp\u00edsanie transparentn\u00e9ho v\u00fdberov\u00e9ho konania, ktor\u00e9 nebude len divadlom zinscenovan\u00fdm z\u00e1ujmov\u00fdmi skupinami.\u00a0 [&hellip;]<\/p>\n","protected":false},"author":13,"featured_media":385,"comment_status":"closed","ping_status":"closed","sticky":false,"template":"","format":"standard","meta":{"_acf_changed":false,"ngg_post_thumbnail":0,"footnotes":""},"categories":[4],"tags":[],"class_list":["post-8418","post","type-post","status-publish","format-standard","has-post-thumbnail","hentry","category-tlacove-spravy"],"acf":[],"yoast_head":"<!-- This site is optimized with the Yoast SEO plugin v27.2 - https:\/\/yoast.com\/product\/yoast-seo-wordpress\/ -->\n<title>Lesy SR prech\u00e1dzaj\u00fa hlbokou kr\u00edzou a s\u00faperen\u00edm o kontrolu nad \u0161t\u00e1tnym drevom<\/title>\n<meta name=\"robots\" content=\"index, follow, max-snippet:-1, max-image-preview:large, max-video-preview:-1\" \/>\n<link rel=\"canonical\" href=\"https:\/\/www.smedemokrati.sk\/cs\/lesy-sr-prechadzaju-hlbokou-krizou-a-superenim-o-kontrolu-nad-statnym-drevom\/\" \/>\n<meta property=\"og:locale\" content=\"cs_CZ\" \/>\n<meta property=\"og:locale:alternate\" content=\"en_US\" \/>\n<meta property=\"og:locale:alternate\" content=\"hu_HU\" \/>\n<meta property=\"og:locale:alternate\" content=\"sk_SK\" \/>\n<meta property=\"og:locale:alternate\" content=\"sv_SE\" \/>\n<meta property=\"og:type\" content=\"article\" \/>\n<meta property=\"og:title\" content=\"Lesy SR prech\u00e1dzaj\u00fa hlbokou kr\u00edzou a s\u00faperen\u00edm o kontrolu nad \u0161t\u00e1tnym drevom\" \/>\n<meta property=\"og:description\" content=\"Po t\u00fd\u017edni n\u00fatene kon\u010d\u00ed \u010fal\u0161\u00ed gener\u00e1lny riadite\u013e LESOV SR, \u0161. p. \u201csk\u00fasen\u00fd kr\u00edzov\u00fd mana\u017e\u00e9r\u201d Vojtech Ferencz. Obrovsk\u00e1 person\u00e1lna nestabilita je jednozna\u010dn\u00fdm zlyhan\u00edm ministra p\u00f4dohospod\u00e1rstva Tak\u00e1\u010da, za ktor\u00e9ho p\u00f4sobenia sa vo veden\u00ed podniku vystriedalo u\u017e p\u00e4\u0165 riadite\u013eov. Ministra Tak\u00e1\u010da vyz\u00fdvame na pozastavenie mas\u00edvneho prep\u00fa\u0161\u0165ania a vyp\u00edsanie transparentn\u00e9ho v\u00fdberov\u00e9ho konania, ktor\u00e9 nebude len divadlom zinscenovan\u00fdm z\u00e1ujmov\u00fdmi skupinami.\u00a0 [&hellip;]\" \/>\n<meta property=\"og:url\" content=\"https:\/\/www.smedemokrati.sk\/cs\/lesy-sr-prechadzaju-hlbokou-krizou-a-superenim-o-kontrolu-nad-statnym-drevom\/\" \/>\n<meta property=\"og:site_name\" content=\"Smedemokrati.sk\" \/>\n<meta property=\"article:publisher\" content=\"https:\/\/www.facebook.com\/smedemokrati2023\" \/>\n<meta property=\"article:published_time\" content=\"2025-11-05T16:52:08+00:00\" \/>\n<meta property=\"article:modified_time\" content=\"2025-11-05T18:03:31+00:00\" \/>\n<meta property=\"og:image\" content=\"https:\/\/www.smedemokrati.sk\/wp-content\/uploads\/2023\/04\/MKica.jpg\" \/>\n\t<meta property=\"og:image:width\" content=\"1520\" \/>\n\t<meta property=\"og:image:height\" content=\"1080\" \/>\n\t<meta property=\"og:image:type\" content=\"image\/jpeg\" \/>\n<meta name=\"author\" content=\"miro.sopko\" \/>\n<meta name=\"twitter:card\" content=\"summary_large_image\" \/>\n<meta name=\"twitter:label1\" content=\"Napsal(a)\" \/>\n\t<meta name=\"twitter:data1\" content=\"miro.sopko\" \/>\n\t<meta name=\"twitter:label2\" content=\"Odhadovan\u00e1 doba \u010dten\u00ed\" \/>\n\t<meta name=\"twitter:data2\" content=\"2 minuty\" \/>\n<script type=\"application\/ld+json\" class=\"yoast-schema-graph\">{\"@context\":\"https:\/\/schema.org\",\"@graph\":[{\"@type\":\"Article\",\"@id\":\"https:\/\/www.smedemokrati.sk\/lesy-sr-prechadzaju-hlbokou-krizou-a-superenim-o-kontrolu-nad-statnym-drevom\/#article\",\"isPartOf\":{\"@id\":\"https:\/\/www.smedemokrati.sk\/lesy-sr-prechadzaju-hlbokou-krizou-a-superenim-o-kontrolu-nad-statnym-drevom\/\"},\"author\":{\"name\":\"miro.sopko\",\"@id\":\"https:\/\/www.smedemokrati.sk\/#\/schema\/person\/21f147c88d605aa7ded900e1e7c344ba\"},\"headline\":\"Lesy SR prech\u00e1dzaj\u00fa hlbokou kr\u00edzou a s\u00faperen\u00edm o kontrolu nad \u0161t\u00e1tnym drevom\",\"datePublished\":\"2025-11-05T16:52:08+00:00\",\"dateModified\":\"2025-11-05T18:03:31+00:00\",\"mainEntityOfPage\":{\"@id\":\"https:\/\/www.smedemokrati.sk\/lesy-sr-prechadzaju-hlbokou-krizou-a-superenim-o-kontrolu-nad-statnym-drevom\/\"},\"wordCount\":429,\"publisher\":{\"@id\":\"https:\/\/www.smedemokrati.sk\/#organization\"},\"image\":{\"@id\":\"https:\/\/www.smedemokrati.sk\/lesy-sr-prechadzaju-hlbokou-krizou-a-superenim-o-kontrolu-nad-statnym-drevom\/#primaryimage\"},\"thumbnailUrl\":\"https:\/\/www.smedemokrati.sk\/wp-content\/uploads\/2023\/04\/MKica.jpg\",\"articleSection\":[\"Tla\u010dov\u00e9 spr\u00e1vy\"],\"inLanguage\":\"cs-CZ\"},{\"@type\":\"WebPage\",\"@id\":\"https:\/\/www.smedemokrati.sk\/lesy-sr-prechadzaju-hlbokou-krizou-a-superenim-o-kontrolu-nad-statnym-drevom\/\",\"url\":\"https:\/\/www.smedemokrati.sk\/lesy-sr-prechadzaju-hlbokou-krizou-a-superenim-o-kontrolu-nad-statnym-drevom\/\",\"name\":\"Lesy SR prech\u00e1dzaj\u00fa hlbokou kr\u00edzou a s\u00faperen\u00edm o kontrolu nad \u0161t\u00e1tnym drevom\",\"isPartOf\":{\"@id\":\"https:\/\/www.smedemokrati.sk\/#website\"},\"primaryImageOfPage\":{\"@id\":\"https:\/\/www.smedemokrati.sk\/lesy-sr-prechadzaju-hlbokou-krizou-a-superenim-o-kontrolu-nad-statnym-drevom\/#primaryimage\"},\"image\":{\"@id\":\"https:\/\/www.smedemokrati.sk\/lesy-sr-prechadzaju-hlbokou-krizou-a-superenim-o-kontrolu-nad-statnym-drevom\/#primaryimage\"},\"thumbnailUrl\":\"https:\/\/www.smedemokrati.sk\/wp-content\/uploads\/2023\/04\/MKica.jpg\",\"datePublished\":\"2025-11-05T16:52:08+00:00\",\"dateModified\":\"2025-11-05T18:03:31+00:00\",\"breadcrumb\":{\"@id\":\"https:\/\/www.smedemokrati.sk\/lesy-sr-prechadzaju-hlbokou-krizou-a-superenim-o-kontrolu-nad-statnym-drevom\/#breadcrumb\"},\"inLanguage\":\"cs-CZ\",\"potentialAction\":[{\"@type\":\"ReadAction\",\"target\":[\"https:\/\/www.smedemokrati.sk\/lesy-sr-prechadzaju-hlbokou-krizou-a-superenim-o-kontrolu-nad-statnym-drevom\/\"]}]},{\"@type\":\"ImageObject\",\"inLanguage\":\"cs-CZ\",\"@id\":\"https:\/\/www.smedemokrati.sk\/lesy-sr-prechadzaju-hlbokou-krizou-a-superenim-o-kontrolu-nad-statnym-drevom\/#primaryimage\",\"url\":\"https:\/\/www.smedemokrati.sk\/wp-content\/uploads\/2023\/04\/MKica.jpg\",\"contentUrl\":\"https:\/\/www.smedemokrati.sk\/wp-content\/uploads\/2023\/04\/MKica.jpg\",\"width\":1520,\"height\":1080},{\"@type\":\"BreadcrumbList\",\"@id\":\"https:\/\/www.smedemokrati.sk\/lesy-sr-prechadzaju-hlbokou-krizou-a-superenim-o-kontrolu-nad-statnym-drevom\/#breadcrumb\",\"itemListElement\":[{\"@type\":\"ListItem\",\"position\":1,\"name\":\"Domovsk\u00e1 str\u00e1nka\",\"item\":\"https:\/\/www.smedemokrati.sk\/\"},{\"@type\":\"ListItem\",\"position\":2,\"name\":\"Lesy SR prech\u00e1dzaj\u00fa hlbokou kr\u00edzou a s\u00faperen\u00edm o kontrolu nad \u0161t\u00e1tnym drevom\"}]},{\"@type\":\"WebSite\",\"@id\":\"https:\/\/www.smedemokrati.sk\/#website\",\"url\":\"https:\/\/www.smedemokrati.sk\/\",\"name\":\"Smedemokrati.sk\",\"description\":\"Demokracia a slu\u0161nos\u0165 zv\u00ed\u0165az\u00ed\",\"publisher\":{\"@id\":\"https:\/\/www.smedemokrati.sk\/#organization\"},\"potentialAction\":[{\"@type\":\"SearchAction\",\"target\":{\"@type\":\"EntryPoint\",\"urlTemplate\":\"https:\/\/www.smedemokrati.sk\/?s={search_term_string}\"},\"query-input\":{\"@type\":\"PropertyValueSpecification\",\"valueRequired\":true,\"valueName\":\"search_term_string\"}}],\"inLanguage\":\"cs-CZ\"},{\"@type\":\"Organization\",\"@id\":\"https:\/\/www.smedemokrati.sk\/#organization\",\"name\":\"Smedemokrati.sk\",\"url\":\"https:\/\/www.smedemokrati.sk\/\",\"logo\":{\"@type\":\"ImageObject\",\"inLanguage\":\"cs-CZ\",\"@id\":\"https:\/\/www.smedemokrati.sk\/#\/schema\/logo\/image\/\",\"url\":\"https:\/\/www.smedemokrati.sk\/wp-content\/uploads\/2023\/04\/ff.002.jpeg\",\"contentUrl\":\"https:\/\/www.smedemokrati.sk\/wp-content\/uploads\/2023\/04\/ff.002.jpeg\",\"width\":640,\"height\":480,\"caption\":\"Smedemokrati.sk\"},\"image\":{\"@id\":\"https:\/\/www.smedemokrati.sk\/#\/schema\/logo\/image\/\"},\"sameAs\":[\"https:\/\/www.facebook.com\/smedemokrati2023\"]},{\"@type\":\"Person\",\"@id\":\"https:\/\/www.smedemokrati.sk\/#\/schema\/person\/21f147c88d605aa7ded900e1e7c344ba\",\"name\":\"miro.sopko\",\"image\":{\"@type\":\"ImageObject\",\"inLanguage\":\"cs-CZ\",\"@id\":\"https:\/\/secure.gravatar.com\/avatar\/267e4a36f704376c109afe3a78740c1f5dd8675a2180a908699e7863c9247606?s=96&d=mm&r=g\",\"url\":\"https:\/\/secure.gravatar.com\/avatar\/267e4a36f704376c109afe3a78740c1f5dd8675a2180a908699e7863c9247606?s=96&d=mm&r=g\",\"contentUrl\":\"https:\/\/secure.gravatar.com\/avatar\/267e4a36f704376c109afe3a78740c1f5dd8675a2180a908699e7863c9247606?s=96&d=mm&r=g\",\"caption\":\"miro.sopko\"},\"url\":\"https:\/\/www.smedemokrati.sk\/cs\/author\/miro-sopko\/\"}]}<\/script>\n<!-- \/ Yoast SEO plugin. -->","yoast_head_json":{"title":"Lesy SR prech\u00e1dzaj\u00fa hlbokou kr\u00edzou a s\u00faperen\u00edm o kontrolu nad \u0161t\u00e1tnym drevom","robots":{"index":"index","follow":"follow","max-snippet":"max-snippet:-1","max-image-preview":"max-image-preview:large","max-video-preview":"max-video-preview:-1"},"canonical":"https:\/\/www.smedemokrati.sk\/cs\/lesy-sr-prechadzaju-hlbokou-krizou-a-superenim-o-kontrolu-nad-statnym-drevom\/","og_locale":"cs_CZ","og_type":"article","og_title":"[:sk]Lesy SR prech\u00e1dzaj\u00fa hlbokou kr\u00edzou a s\u00faperen\u00edm o kontrolu nad \u0161t\u00e1tnym drevom[:] - Smedemokrati.sk","og_description":"Po t\u00fd\u017edni n\u00fatene kon\u010d\u00ed \u010fal\u0161\u00ed gener\u00e1lny riadite\u013e LESOV SR, \u0161. p. \u201csk\u00fasen\u00fd kr\u00edzov\u00fd mana\u017e\u00e9r\u201d Vojtech Ferencz. Obrovsk\u00e1 person\u00e1lna nestabilita je jednozna\u010dn\u00fdm zlyhan\u00edm ministra p\u00f4dohospod\u00e1rstva Tak\u00e1\u010da, za ktor\u00e9ho p\u00f4sobenia sa vo veden\u00ed podniku vystriedalo u\u017e p\u00e4\u0165 riadite\u013eov. Ministra Tak\u00e1\u010da vyz\u00fdvame na pozastavenie mas\u00edvneho prep\u00fa\u0161\u0165ania a vyp\u00edsanie transparentn\u00e9ho v\u00fdberov\u00e9ho konania, ktor\u00e9 nebude len divadlom zinscenovan\u00fdm z\u00e1ujmov\u00fdmi skupinami.\u00a0 [&hellip;]","og_url":"https:\/\/www.smedemokrati.sk\/cs\/lesy-sr-prechadzaju-hlbokou-krizou-a-superenim-o-kontrolu-nad-statnym-drevom\/","og_site_name":"Smedemokrati.sk","article_publisher":"https:\/\/www.facebook.com\/smedemokrati2023","article_published_time":"2025-11-05T16:52:08+00:00","article_modified_time":"2025-11-05T18:03:31+00:00","og_image":[{"width":1520,"height":1080,"url":"https:\/\/www.smedemokrati.sk\/wp-content\/uploads\/2023\/04\/MKica.jpg","type":"image\/jpeg"}],"author":"miro.sopko","twitter_card":"summary_large_image","twitter_misc":{"Napsal(a)":"miro.sopko","Odhadovan\u00e1 doba \u010dten\u00ed":"2 minuty"},"schema":{"@context":"https:\/\/schema.org","@graph":[{"@type":"Article","@id":"https:\/\/www.smedemokrati.sk\/lesy-sr-prechadzaju-hlbokou-krizou-a-superenim-o-kontrolu-nad-statnym-drevom\/#article","isPartOf":{"@id":"https:\/\/www.smedemokrati.sk\/lesy-sr-prechadzaju-hlbokou-krizou-a-superenim-o-kontrolu-nad-statnym-drevom\/"},"author":{"name":"miro.sopko","@id":"https:\/\/www.smedemokrati.sk\/#\/schema\/person\/21f147c88d605aa7ded900e1e7c344ba"},"headline":"Lesy SR prech\u00e1dzaj\u00fa hlbokou kr\u00edzou a s\u00faperen\u00edm o kontrolu nad \u0161t\u00e1tnym drevom","datePublished":"2025-11-05T16:52:08+00:00","dateModified":"2025-11-05T18:03:31+00:00","mainEntityOfPage":{"@id":"https:\/\/www.smedemokrati.sk\/lesy-sr-prechadzaju-hlbokou-krizou-a-superenim-o-kontrolu-nad-statnym-drevom\/"},"wordCount":429,"publisher":{"@id":"https:\/\/www.smedemokrati.sk\/#organization"},"image":{"@id":"https:\/\/www.smedemokrati.sk\/lesy-sr-prechadzaju-hlbokou-krizou-a-superenim-o-kontrolu-nad-statnym-drevom\/#primaryimage"},"thumbnailUrl":"https:\/\/www.smedemokrati.sk\/wp-content\/uploads\/2023\/04\/MKica.jpg","articleSection":["Tla\u010dov\u00e9 spr\u00e1vy"],"inLanguage":"cs-CZ"},{"@type":"WebPage","@id":"https:\/\/www.smedemokrati.sk\/lesy-sr-prechadzaju-hlbokou-krizou-a-superenim-o-kontrolu-nad-statnym-drevom\/","url":"https:\/\/www.smedemokrati.sk\/lesy-sr-prechadzaju-hlbokou-krizou-a-superenim-o-kontrolu-nad-statnym-drevom\/","name":"Lesy SR prech\u00e1dzaj\u00fa hlbokou kr\u00edzou a s\u00faperen\u00edm o kontrolu nad \u0161t\u00e1tnym drevom","isPartOf":{"@id":"https:\/\/www.smedemokrati.sk\/#website"},"primaryImageOfPage":{"@id":"https:\/\/www.smedemokrati.sk\/lesy-sr-prechadzaju-hlbokou-krizou-a-superenim-o-kontrolu-nad-statnym-drevom\/#primaryimage"},"image":{"@id":"https:\/\/www.smedemokrati.sk\/lesy-sr-prechadzaju-hlbokou-krizou-a-superenim-o-kontrolu-nad-statnym-drevom\/#primaryimage"},"thumbnailUrl":"https:\/\/www.smedemokrati.sk\/wp-content\/uploads\/2023\/04\/MKica.jpg","datePublished":"2025-11-05T16:52:08+00:00","dateModified":"2025-11-05T18:03:31+00:00","breadcrumb":{"@id":"https:\/\/www.smedemokrati.sk\/lesy-sr-prechadzaju-hlbokou-krizou-a-superenim-o-kontrolu-nad-statnym-drevom\/#breadcrumb"},"inLanguage":"cs-CZ","potentialAction":[{"@type":"ReadAction","target":["https:\/\/www.smedemokrati.sk\/lesy-sr-prechadzaju-hlbokou-krizou-a-superenim-o-kontrolu-nad-statnym-drevom\/"]}]},{"@type":"ImageObject","inLanguage":"cs-CZ","@id":"https:\/\/www.smedemokrati.sk\/lesy-sr-prechadzaju-hlbokou-krizou-a-superenim-o-kontrolu-nad-statnym-drevom\/#primaryimage","url":"https:\/\/www.smedemokrati.sk\/wp-content\/uploads\/2023\/04\/MKica.jpg","contentUrl":"https:\/\/www.smedemokrati.sk\/wp-content\/uploads\/2023\/04\/MKica.jpg","width":1520,"height":1080},{"@type":"BreadcrumbList","@id":"https:\/\/www.smedemokrati.sk\/lesy-sr-prechadzaju-hlbokou-krizou-a-superenim-o-kontrolu-nad-statnym-drevom\/#breadcrumb","itemListElement":[{"@type":"ListItem","position":1,"name":"Domovsk\u00e1 str\u00e1nka","item":"https:\/\/www.smedemokrati.sk\/"},{"@type":"ListItem","position":2,"name":"Lesy SR prech\u00e1dzaj\u00fa hlbokou kr\u00edzou a s\u00faperen\u00edm o kontrolu nad \u0161t\u00e1tnym drevom"}]},{"@type":"WebSite","@id":"https:\/\/www.smedemokrati.sk\/#website","url":"https:\/\/www.smedemokrati.sk\/","name":"Smedemokrati.sk","description":"Demokracia a slu\u0161nos\u0165 zv\u00ed\u0165az\u00ed","publisher":{"@id":"https:\/\/www.smedemokrati.sk\/#organization"},"potentialAction":[{"@type":"SearchAction","target":{"@type":"EntryPoint","urlTemplate":"https:\/\/www.smedemokrati.sk\/?s={search_term_string}"},"query-input":{"@type":"PropertyValueSpecification","valueRequired":true,"valueName":"search_term_string"}}],"inLanguage":"cs-CZ"},{"@type":"Organization","@id":"https:\/\/www.smedemokrati.sk\/#organization","name":"Smedemokrati.sk","url":"https:\/\/www.smedemokrati.sk\/","logo":{"@type":"ImageObject","inLanguage":"cs-CZ","@id":"https:\/\/www.smedemokrati.sk\/#\/schema\/logo\/image\/","url":"https:\/\/www.smedemokrati.sk\/wp-content\/uploads\/2023\/04\/ff.002.jpeg","contentUrl":"https:\/\/www.smedemokrati.sk\/wp-content\/uploads\/2023\/04\/ff.002.jpeg","width":640,"height":480,"caption":"Smedemokrati.sk"},"image":{"@id":"https:\/\/www.smedemokrati.sk\/#\/schema\/logo\/image\/"},"sameAs":["https:\/\/www.facebook.com\/smedemokrati2023"]},{"@type":"Person","@id":"https:\/\/www.smedemokrati.sk\/#\/schema\/person\/21f147c88d605aa7ded900e1e7c344ba","name":"miro.sopko","image":{"@type":"ImageObject","inLanguage":"cs-CZ","@id":"https:\/\/secure.gravatar.com\/avatar\/267e4a36f704376c109afe3a78740c1f5dd8675a2180a908699e7863c9247606?s=96&d=mm&r=g","url":"https:\/\/secure.gravatar.com\/avatar\/267e4a36f704376c109afe3a78740c1f5dd8675a2180a908699e7863c9247606?s=96&d=mm&r=g","contentUrl":"https:\/\/secure.gravatar.com\/avatar\/267e4a36f704376c109afe3a78740c1f5dd8675a2180a908699e7863c9247606?s=96&d=mm&r=g","caption":"miro.sopko"},"url":"https:\/\/www.smedemokrati.sk\/cs\/author\/miro-sopko\/"}]}},"_links":{"self":[{"href":"https:\/\/www.smedemokrati.sk\/cs\/wp-json\/wp\/v2\/posts\/8418","targetHints":{"allow":["GET"]}}],"collection":[{"href":"https:\/\/www.smedemokrati.sk\/cs\/wp-json\/wp\/v2\/posts"}],"about":[{"href":"https:\/\/www.smedemokrati.sk\/cs\/wp-json\/wp\/v2\/types\/post"}],"author":[{"embeddable":true,"href":"https:\/\/www.smedemokrati.sk\/cs\/wp-json\/wp\/v2\/users\/13"}],"replies":[{"embeddable":true,"href":"https:\/\/www.smedemokrati.sk\/cs\/wp-json\/wp\/v2\/comments?post=8418"}],"version-history":[{"count":2,"href":"https:\/\/www.smedemokrati.sk\/cs\/wp-json\/wp\/v2\/posts\/8418\/revisions"}],"predecessor-version":[{"id":8420,"href":"https:\/\/www.smedemokrati.sk\/cs\/wp-json\/wp\/v2\/posts\/8418\/revisions\/8420"}],"wp:featuredmedia":[{"embeddable":true,"href":"https:\/\/www.smedemokrati.sk\/cs\/wp-json\/wp\/v2\/media\/385"}],"wp:attachment":[{"href":"https:\/\/www.smedemokrati.sk\/cs\/wp-json\/wp\/v2\/media?parent=8418"}],"wp:term":[{"taxonomy":"category","embeddable":true,"href":"https:\/\/www.smedemokrati.sk\/cs\/wp-json\/wp\/v2\/categories?post=8418"},{"taxonomy":"post_tag","embeddable":true,"href":"https:\/\/www.smedemokrati.sk\/cs\/wp-json\/wp\/v2\/tags?post=8418"}],"curies":[{"name":"wp","href":"https:\/\/api.w.org\/{rel}","templated":true}]}}