{"id":8371,"date":"2025-10-24T12:05:24","date_gmt":"2025-10-24T11:05:24","guid":{"rendered":"https:\/\/www.smedemokrati.sk\/?p=8371"},"modified":"2025-10-24T12:05:36","modified_gmt":"2025-10-24T11:05:36","slug":"socialny-masaker-ets-2-pripravoval-uz-pellegrini","status":"publish","type":"post","link":"https:\/\/www.smedemokrati.sk\/cs\/socialny-masaker-ets-2-pripravoval-uz-pellegrini\/","title":{"rendered":"SOCI\u00c1LNY MASAKER\u201d ETS 2 PRIPRAVOVAL U\u017d PELLEGRINI"},"content":{"rendered":"<div id=\"fb-root\"><\/div>\n\n<p><strong>Najnov\u0161\u00ed pl\u00e1n HLAS-u zvr\u00e1ti\u0165 ich raketovo klesaj\u00face preferencie predstieran\u00fdm bojom proti syst\u00e9mu emisn\u00fdch povoleniek ETS 2 je zalo\u017een\u00fd na obrovskom pokrytectve. Boli to toti\u017e vl\u00e1dy SMER-u, neskor\u0161ieho HLAS-u a SNS, ktor\u00e9 postavili pevn\u00e9 z\u00e1klady pre jeho prijatie. S\u00fa\u010dasn\u00e1 vl\u00e1da namiesto vecn\u00fdch krokov na obranu slovensk\u00fdch z\u00e1ujmov vykon\u00e1va iba populistick\u00fa aktivitu a stra\u0161\u00ed \u013eud\u00ed.\u00a0<\/strong><\/p>\n\n\n\n<p>Roz\u0161\u00edrenie syst\u00e9mu emisn\u00fdch povoleniek schv\u00e1lila vl\u00e1da Petra Pellegriniho ako opatrenie N\u00edzkouhl\u00edkovej strat\u00e9gie Slovenska u\u017e v roku 2020. Predlo\u017eenie a prijatie smernice E\u00da o ETS 2 by nebolo nikdy mo\u017en\u00e9 bez schv\u00e1lenia Par\u00ed\u017eskej klimatickej dohody, ktorou sa ako ve\u013ek\u00fdm \u00faspechom slovensk\u00e9ho predsedn\u00edctva v rade E\u00da chv\u00e1lil vtedaj\u0161\u00ed premi\u00e9r Fico. \u201c<em>Jeho n\u00e1stupca Pellegrini sa zase pochv\u00e1lil v roku 2019, \u017ee ako jedin\u00fd premi\u00e9r V4 schv\u00e1lil cie\u013e uhl\u00edkovej neutrality E\u00da do roku 2050, ktor\u00fd prijatie syst\u00e9mu ETS 2 u\u017e predpokladal. I\u0161lo o k\u013e\u00fa\u010dov\u00fd prvok tzv. Geen Dealu. Za za\u010datie legislat\u00edvneho procesu k smernici o ETS 2 hlasovala v roku 2022 aj europoslanky\u0148a za SMER-SD Monika Be\u0148ov\u00e1. Tieto fakty jednozna\u010dne usved\u010duj\u00fa s\u00fa\u010dasn\u00fa koal\u00edciu z primit\u00edvneho pokrytectva, kedy \u201chasia\u201d probl\u00e9m, ktor\u00fd sami sp\u00f4sobili a sna\u017eia sa zbavi\u0165 svojh\u00f4 dielu zodpovednosti,<\/em>\u201d vysvet\u013euje Michal Ki\u010da, environment\u00e1lny expert Demokratov.&nbsp;<\/p>\n\n\n\n<p>Naviac, zo strany koal\u00edcie a aj ministra Tarabu ide o populizmus, preto\u017ee so syst\u00e9mom ETS 2 bojuj\u00fa len na tla\u010dovk\u00e1ch a Facebooku. Slovensko k m\u00e1ju 2025 na rozdiel od in\u00fdch \u010dlensk\u00fdch \u0161t\u00e1tov ani len form\u00e1lne nepo\u017eiadalo E\u00da o odklad syst\u00e9mu ETS 2. \u201c<em>Vl\u00e1da nepotrebuje na re\u00e1lne kroky \u017eiadne \u010disto marketingov\u00e9 parlamentn\u00e9 uznesenie, ktor\u00e9 predlo\u017eil HLAS-SD a je adresovan\u00fd koali\u010dn\u00fdm ministrom! Jeho upozor\u0148ovanie na riziko energetickej chudoby je tot\u00e1lnym v\u00fdsmechom, preto\u017ee pr\u00e1ve jeho nominantka ministerka Sakov\u00e1 tot\u00e1lne zlyhala pri dota\u010dnom programe Zelen\u00e1 dom\u00e1cnostiam, ktor\u00fd zni\u017euje n\u00e1klady na energie pre slovensk\u00e9 dom\u00e1cnosti bez oh\u013eadu na syst\u00e9m ETS 2. \u010eal\u0161\u00ed nominant tejto strany podpredseda vl\u00e1dy Kmec nebol schopn\u00fd pripravi\u0165 Soci\u00e1lno-klimatick\u00fd pl\u00e1n s 1,4 mld. eur pre slovensk\u00e9 dom\u00e1cnosti,<\/em>\u201d dop\u013a\u0148a Michal Ki\u010da.&nbsp;<\/p>\n\n\n\n<p>HLAS-SD nev\u00e1ha primit\u00edvne klama\u0165 o dopadoch ETS 2 o 3000 eur na dom\u00e1cnos\u0165, ke\u010f\u017ee priamo z materi\u00e1lu \u00faradu podpredsedu vl\u00e1dy Kmeca vypl\u00fdva, \u017ee pre priemern\u00fa dom\u00e1cnos\u0165 na Slovensku sa vplyv ETS 2 pri cene povolenky 30\u201360 eur\/tCO2 sa odhaduje na 70-130 eur ro\u010dne&nbsp;pre dom\u00e1cnosti, ktor\u00e9 pou\u017e\u00edvaj\u00fa naftu alebo benz\u00edn&nbsp;na pohon svojho vozidla a pribli\u017ene 70\u2013140 eur ro\u010dne&nbsp;pre dom\u00e1cnosti, ktor\u00e9 pou\u017e\u00edvaj\u00fa fos\u00edlne paliv\u00e1 na vykurovanie. Eur\u00f3pska komisia naviac pred nieko\u013ek\u00fdmi d\u0148ami predstavila mechanizmus zastropovania cien kv\u00f3t na 45 eur\/tCO2.&nbsp;<\/p>\n\n\n\n<p>\u201c<em>Pod\u013ea na\u0161ich inform\u00e1ci\u00ed je vl\u00e1da pripraven\u00e1 syst\u00e9m ETS 2 zavies\u0165 v celom rozsahu. D\u00f4vodom teraj\u0161ej kampane HLAS-u je spor medzi Kmecom a Tarabom o miliard\u00e1ch zo soci\u00e1lno-klimatick\u00e9ho fondu a snaha HLAS-u vytvori\u0165 si politick\u00e9 alibi pre zavedenie syst\u00e9mu ETS 2. Vl\u00e1dnej koal\u00edcii s\u00fa z\u00e1ujmy \u013eud\u00ed ukradnut\u00e9 a jedin\u00e9, \u010do vie, je hra\u0165 cynick\u00e9 hry s ich bud\u00facnos\u0165ou,<\/em>\u201d uzavrel Michal Ki\u010da.<\/p>\n\n\n\n<figure class=\"wp-block-embed is-type-video is-provider-youtube wp-block-embed-youtube wp-embed-aspect-16-9 wp-has-aspect-ratio\"><div class=\"wp-block-embed__wrapper\">\n<iframe title=\"Live: Predstavujeme otcov emisn\u00fdch povoleniek a \u010fal\u0161ie d\u00f4kazy o zbyto\u010dnosti PVE M\u00e1linec\" width=\"500\" height=\"281\" src=\"https:\/\/www.youtube.com\/embed\/7URSU4fqTQg?feature=oembed\" frameborder=\"0\" allow=\"accelerometer; autoplay; clipboard-write; encrypted-media; gyroscope; picture-in-picture; web-share\" referrerpolicy=\"strict-origin-when-cross-origin\" allowfullscreen><\/iframe>\n<\/div><\/figure>\n","protected":false},"excerpt":{"rendered":"<p>Najnov\u0161\u00ed pl\u00e1n HLAS-u zvr\u00e1ti\u0165 ich raketovo klesaj\u00face preferencie predstieran\u00fdm bojom proti syst\u00e9mu emisn\u00fdch povoleniek ETS 2 je zalo\u017een\u00fd na obrovskom pokrytectve. Boli to toti\u017e vl\u00e1dy SMER-u, neskor\u0161ieho HLAS-u a SNS, ktor\u00e9 postavili pevn\u00e9 z\u00e1klady pre jeho prijatie. S\u00fa\u010dasn\u00e1 vl\u00e1da namiesto vecn\u00fdch krokov na obranu slovensk\u00fdch z\u00e1ujmov vykon\u00e1va iba populistick\u00fa aktivitu a stra\u0161\u00ed \u013eud\u00ed.\u00a0 Roz\u0161\u00edrenie syst\u00e9mu [&hellip;]<\/p>\n","protected":false},"author":13,"featured_media":8372,"comment_status":"closed","ping_status":"closed","sticky":false,"template":"","format":"standard","meta":{"_acf_changed":false,"ngg_post_thumbnail":0,"footnotes":""},"categories":[4],"tags":[],"class_list":["post-8371","post","type-post","status-publish","format-standard","has-post-thumbnail","hentry","category-tlacove-spravy"],"acf":[],"yoast_head":"<!-- This site is optimized with the Yoast SEO plugin v27.2 - https:\/\/yoast.com\/product\/yoast-seo-wordpress\/ -->\n<title>SOCI\u00c1LNY MASAKER\u201d ETS 2 PRIPRAVOVAL U\u017d PELLEGRINI<\/title>\n<meta name=\"robots\" content=\"index, follow, max-snippet:-1, max-image-preview:large, max-video-preview:-1\" \/>\n<link rel=\"canonical\" href=\"https:\/\/www.smedemokrati.sk\/cs\/socialny-masaker-ets-2-pripravoval-uz-pellegrini\/\" \/>\n<meta property=\"og:locale\" content=\"cs_CZ\" \/>\n<meta property=\"og:locale:alternate\" content=\"en_US\" \/>\n<meta property=\"og:locale:alternate\" content=\"hu_HU\" \/>\n<meta property=\"og:locale:alternate\" content=\"sk_SK\" \/>\n<meta property=\"og:locale:alternate\" content=\"sv_SE\" \/>\n<meta property=\"og:type\" content=\"article\" \/>\n<meta property=\"og:title\" content=\"SOCI\u00c1LNY MASAKER\u201d ETS 2 PRIPRAVOVAL U\u017d PELLEGRINI\" \/>\n<meta property=\"og:description\" content=\"Najnov\u0161\u00ed pl\u00e1n HLAS-u zvr\u00e1ti\u0165 ich raketovo klesaj\u00face preferencie predstieran\u00fdm bojom proti syst\u00e9mu emisn\u00fdch povoleniek ETS 2 je zalo\u017een\u00fd na obrovskom pokrytectve. Boli to toti\u017e vl\u00e1dy SMER-u, neskor\u0161ieho HLAS-u a SNS, ktor\u00e9 postavili pevn\u00e9 z\u00e1klady pre jeho prijatie. S\u00fa\u010dasn\u00e1 vl\u00e1da namiesto vecn\u00fdch krokov na obranu slovensk\u00fdch z\u00e1ujmov vykon\u00e1va iba populistick\u00fa aktivitu a stra\u0161\u00ed \u013eud\u00ed.\u00a0 Roz\u0161\u00edrenie syst\u00e9mu [&hellip;]\" \/>\n<meta property=\"og:url\" content=\"https:\/\/www.smedemokrati.sk\/cs\/socialny-masaker-ets-2-pripravoval-uz-pellegrini\/\" \/>\n<meta property=\"og:site_name\" content=\"Smedemokrati.sk\" \/>\n<meta property=\"article:publisher\" content=\"https:\/\/www.facebook.com\/smedemokrati2023\" \/>\n<meta property=\"article:published_time\" content=\"2025-10-24T11:05:24+00:00\" \/>\n<meta property=\"article:modified_time\" content=\"2025-10-24T11:05:36+00:00\" \/>\n<meta property=\"og:image\" content=\"https:\/\/www.smedemokrati.sk\/wp-content\/uploads\/2025\/10\/socialny-masaker.jpg\" \/>\n\t<meta property=\"og:image:width\" content=\"946\" \/>\n\t<meta property=\"og:image:height\" content=\"720\" \/>\n\t<meta property=\"og:image:type\" content=\"image\/jpeg\" \/>\n<meta name=\"author\" content=\"miro.sopko\" \/>\n<meta name=\"twitter:card\" content=\"summary_large_image\" \/>\n<meta name=\"twitter:label1\" content=\"Napsal(a)\" \/>\n\t<meta name=\"twitter:data1\" content=\"miro.sopko\" \/>\n\t<meta name=\"twitter:label2\" content=\"Odhadovan\u00e1 doba \u010dten\u00ed\" \/>\n\t<meta name=\"twitter:data2\" content=\"3 minuty\" \/>\n<script type=\"application\/ld+json\" class=\"yoast-schema-graph\">{\"@context\":\"https:\/\/schema.org\",\"@graph\":[{\"@type\":\"Article\",\"@id\":\"https:\/\/www.smedemokrati.sk\/socialny-masaker-ets-2-pripravoval-uz-pellegrini\/#article\",\"isPartOf\":{\"@id\":\"https:\/\/www.smedemokrati.sk\/socialny-masaker-ets-2-pripravoval-uz-pellegrini\/\"},\"author\":{\"name\":\"miro.sopko\",\"@id\":\"https:\/\/www.smedemokrati.sk\/#\/schema\/person\/21f147c88d605aa7ded900e1e7c344ba\"},\"headline\":\"SOCI\u00c1LNY MASAKER\u201d ETS 2 PRIPRAVOVAL U\u017d PELLEGRINI\",\"datePublished\":\"2025-10-24T11:05:24+00:00\",\"dateModified\":\"2025-10-24T11:05:36+00:00\",\"mainEntityOfPage\":{\"@id\":\"https:\/\/www.smedemokrati.sk\/socialny-masaker-ets-2-pripravoval-uz-pellegrini\/\"},\"wordCount\":582,\"publisher\":{\"@id\":\"https:\/\/www.smedemokrati.sk\/#organization\"},\"image\":{\"@id\":\"https:\/\/www.smedemokrati.sk\/socialny-masaker-ets-2-pripravoval-uz-pellegrini\/#primaryimage\"},\"thumbnailUrl\":\"https:\/\/www.smedemokrati.sk\/wp-content\/uploads\/2025\/10\/socialny-masaker.jpg\",\"articleSection\":[\"Tla\u010dov\u00e9 spr\u00e1vy\"],\"inLanguage\":\"cs-CZ\"},{\"@type\":\"WebPage\",\"@id\":\"https:\/\/www.smedemokrati.sk\/socialny-masaker-ets-2-pripravoval-uz-pellegrini\/\",\"url\":\"https:\/\/www.smedemokrati.sk\/socialny-masaker-ets-2-pripravoval-uz-pellegrini\/\",\"name\":\"SOCI\u00c1LNY MASAKER\u201d ETS 2 PRIPRAVOVAL U\u017d PELLEGRINI\",\"isPartOf\":{\"@id\":\"https:\/\/www.smedemokrati.sk\/#website\"},\"primaryImageOfPage\":{\"@id\":\"https:\/\/www.smedemokrati.sk\/socialny-masaker-ets-2-pripravoval-uz-pellegrini\/#primaryimage\"},\"image\":{\"@id\":\"https:\/\/www.smedemokrati.sk\/socialny-masaker-ets-2-pripravoval-uz-pellegrini\/#primaryimage\"},\"thumbnailUrl\":\"https:\/\/www.smedemokrati.sk\/wp-content\/uploads\/2025\/10\/socialny-masaker.jpg\",\"datePublished\":\"2025-10-24T11:05:24+00:00\",\"dateModified\":\"2025-10-24T11:05:36+00:00\",\"breadcrumb\":{\"@id\":\"https:\/\/www.smedemokrati.sk\/socialny-masaker-ets-2-pripravoval-uz-pellegrini\/#breadcrumb\"},\"inLanguage\":\"cs-CZ\",\"potentialAction\":[{\"@type\":\"ReadAction\",\"target\":[\"https:\/\/www.smedemokrati.sk\/socialny-masaker-ets-2-pripravoval-uz-pellegrini\/\"]}]},{\"@type\":\"ImageObject\",\"inLanguage\":\"cs-CZ\",\"@id\":\"https:\/\/www.smedemokrati.sk\/socialny-masaker-ets-2-pripravoval-uz-pellegrini\/#primaryimage\",\"url\":\"https:\/\/www.smedemokrati.sk\/wp-content\/uploads\/2025\/10\/socialny-masaker.jpg\",\"contentUrl\":\"https:\/\/www.smedemokrati.sk\/wp-content\/uploads\/2025\/10\/socialny-masaker.jpg\",\"width\":946,\"height\":720},{\"@type\":\"BreadcrumbList\",\"@id\":\"https:\/\/www.smedemokrati.sk\/socialny-masaker-ets-2-pripravoval-uz-pellegrini\/#breadcrumb\",\"itemListElement\":[{\"@type\":\"ListItem\",\"position\":1,\"name\":\"Domovsk\u00e1 str\u00e1nka\",\"item\":\"https:\/\/www.smedemokrati.sk\/\"},{\"@type\":\"ListItem\",\"position\":2,\"name\":\"SOCI\u00c1LNY MASAKER\u201d ETS 2 PRIPRAVOVAL U\u017d PELLEGRINI\"}]},{\"@type\":\"WebSite\",\"@id\":\"https:\/\/www.smedemokrati.sk\/#website\",\"url\":\"https:\/\/www.smedemokrati.sk\/\",\"name\":\"Smedemokrati.sk\",\"description\":\"Demokracia a slu\u0161nos\u0165 zv\u00ed\u0165az\u00ed\",\"publisher\":{\"@id\":\"https:\/\/www.smedemokrati.sk\/#organization\"},\"potentialAction\":[{\"@type\":\"SearchAction\",\"target\":{\"@type\":\"EntryPoint\",\"urlTemplate\":\"https:\/\/www.smedemokrati.sk\/?s={search_term_string}\"},\"query-input\":{\"@type\":\"PropertyValueSpecification\",\"valueRequired\":true,\"valueName\":\"search_term_string\"}}],\"inLanguage\":\"cs-CZ\"},{\"@type\":\"Organization\",\"@id\":\"https:\/\/www.smedemokrati.sk\/#organization\",\"name\":\"Smedemokrati.sk\",\"url\":\"https:\/\/www.smedemokrati.sk\/\",\"logo\":{\"@type\":\"ImageObject\",\"inLanguage\":\"cs-CZ\",\"@id\":\"https:\/\/www.smedemokrati.sk\/#\/schema\/logo\/image\/\",\"url\":\"https:\/\/www.smedemokrati.sk\/wp-content\/uploads\/2023\/04\/ff.002.jpeg\",\"contentUrl\":\"https:\/\/www.smedemokrati.sk\/wp-content\/uploads\/2023\/04\/ff.002.jpeg\",\"width\":640,\"height\":480,\"caption\":\"Smedemokrati.sk\"},\"image\":{\"@id\":\"https:\/\/www.smedemokrati.sk\/#\/schema\/logo\/image\/\"},\"sameAs\":[\"https:\/\/www.facebook.com\/smedemokrati2023\"]},{\"@type\":\"Person\",\"@id\":\"https:\/\/www.smedemokrati.sk\/#\/schema\/person\/21f147c88d605aa7ded900e1e7c344ba\",\"name\":\"miro.sopko\",\"image\":{\"@type\":\"ImageObject\",\"inLanguage\":\"cs-CZ\",\"@id\":\"https:\/\/secure.gravatar.com\/avatar\/267e4a36f704376c109afe3a78740c1f5dd8675a2180a908699e7863c9247606?s=96&d=mm&r=g\",\"url\":\"https:\/\/secure.gravatar.com\/avatar\/267e4a36f704376c109afe3a78740c1f5dd8675a2180a908699e7863c9247606?s=96&d=mm&r=g\",\"contentUrl\":\"https:\/\/secure.gravatar.com\/avatar\/267e4a36f704376c109afe3a78740c1f5dd8675a2180a908699e7863c9247606?s=96&d=mm&r=g\",\"caption\":\"miro.sopko\"},\"url\":\"https:\/\/www.smedemokrati.sk\/cs\/author\/miro-sopko\/\"}]}<\/script>\n<!-- \/ Yoast SEO plugin. -->","yoast_head_json":{"title":"SOCI\u00c1LNY MASAKER\u201d ETS 2 PRIPRAVOVAL U\u017d PELLEGRINI","robots":{"index":"index","follow":"follow","max-snippet":"max-snippet:-1","max-image-preview":"max-image-preview:large","max-video-preview":"max-video-preview:-1"},"canonical":"https:\/\/www.smedemokrati.sk\/cs\/socialny-masaker-ets-2-pripravoval-uz-pellegrini\/","og_locale":"cs_CZ","og_type":"article","og_title":"[:sk]SOCI\u00c1LNY MASAKER\u201d ETS 2 PRIPRAVOVAL U\u017d PELLEGRINI[:] - Smedemokrati.sk","og_description":"Najnov\u0161\u00ed pl\u00e1n HLAS-u zvr\u00e1ti\u0165 ich raketovo klesaj\u00face preferencie predstieran\u00fdm bojom proti syst\u00e9mu emisn\u00fdch povoleniek ETS 2 je zalo\u017een\u00fd na obrovskom pokrytectve. Boli to toti\u017e vl\u00e1dy SMER-u, neskor\u0161ieho HLAS-u a SNS, ktor\u00e9 postavili pevn\u00e9 z\u00e1klady pre jeho prijatie. S\u00fa\u010dasn\u00e1 vl\u00e1da namiesto vecn\u00fdch krokov na obranu slovensk\u00fdch z\u00e1ujmov vykon\u00e1va iba populistick\u00fa aktivitu a stra\u0161\u00ed \u013eud\u00ed.\u00a0 Roz\u0161\u00edrenie syst\u00e9mu [&hellip;]","og_url":"https:\/\/www.smedemokrati.sk\/cs\/socialny-masaker-ets-2-pripravoval-uz-pellegrini\/","og_site_name":"Smedemokrati.sk","article_publisher":"https:\/\/www.facebook.com\/smedemokrati2023","article_published_time":"2025-10-24T11:05:24+00:00","article_modified_time":"2025-10-24T11:05:36+00:00","og_image":[{"width":946,"height":720,"url":"https:\/\/www.smedemokrati.sk\/wp-content\/uploads\/2025\/10\/socialny-masaker.jpg","type":"image\/jpeg"}],"author":"miro.sopko","twitter_card":"summary_large_image","twitter_misc":{"Napsal(a)":"miro.sopko","Odhadovan\u00e1 doba \u010dten\u00ed":"3 minuty"},"schema":{"@context":"https:\/\/schema.org","@graph":[{"@type":"Article","@id":"https:\/\/www.smedemokrati.sk\/socialny-masaker-ets-2-pripravoval-uz-pellegrini\/#article","isPartOf":{"@id":"https:\/\/www.smedemokrati.sk\/socialny-masaker-ets-2-pripravoval-uz-pellegrini\/"},"author":{"name":"miro.sopko","@id":"https:\/\/www.smedemokrati.sk\/#\/schema\/person\/21f147c88d605aa7ded900e1e7c344ba"},"headline":"SOCI\u00c1LNY MASAKER\u201d ETS 2 PRIPRAVOVAL U\u017d PELLEGRINI","datePublished":"2025-10-24T11:05:24+00:00","dateModified":"2025-10-24T11:05:36+00:00","mainEntityOfPage":{"@id":"https:\/\/www.smedemokrati.sk\/socialny-masaker-ets-2-pripravoval-uz-pellegrini\/"},"wordCount":582,"publisher":{"@id":"https:\/\/www.smedemokrati.sk\/#organization"},"image":{"@id":"https:\/\/www.smedemokrati.sk\/socialny-masaker-ets-2-pripravoval-uz-pellegrini\/#primaryimage"},"thumbnailUrl":"https:\/\/www.smedemokrati.sk\/wp-content\/uploads\/2025\/10\/socialny-masaker.jpg","articleSection":["Tla\u010dov\u00e9 spr\u00e1vy"],"inLanguage":"cs-CZ"},{"@type":"WebPage","@id":"https:\/\/www.smedemokrati.sk\/socialny-masaker-ets-2-pripravoval-uz-pellegrini\/","url":"https:\/\/www.smedemokrati.sk\/socialny-masaker-ets-2-pripravoval-uz-pellegrini\/","name":"SOCI\u00c1LNY MASAKER\u201d ETS 2 PRIPRAVOVAL U\u017d PELLEGRINI","isPartOf":{"@id":"https:\/\/www.smedemokrati.sk\/#website"},"primaryImageOfPage":{"@id":"https:\/\/www.smedemokrati.sk\/socialny-masaker-ets-2-pripravoval-uz-pellegrini\/#primaryimage"},"image":{"@id":"https:\/\/www.smedemokrati.sk\/socialny-masaker-ets-2-pripravoval-uz-pellegrini\/#primaryimage"},"thumbnailUrl":"https:\/\/www.smedemokrati.sk\/wp-content\/uploads\/2025\/10\/socialny-masaker.jpg","datePublished":"2025-10-24T11:05:24+00:00","dateModified":"2025-10-24T11:05:36+00:00","breadcrumb":{"@id":"https:\/\/www.smedemokrati.sk\/socialny-masaker-ets-2-pripravoval-uz-pellegrini\/#breadcrumb"},"inLanguage":"cs-CZ","potentialAction":[{"@type":"ReadAction","target":["https:\/\/www.smedemokrati.sk\/socialny-masaker-ets-2-pripravoval-uz-pellegrini\/"]}]},{"@type":"ImageObject","inLanguage":"cs-CZ","@id":"https:\/\/www.smedemokrati.sk\/socialny-masaker-ets-2-pripravoval-uz-pellegrini\/#primaryimage","url":"https:\/\/www.smedemokrati.sk\/wp-content\/uploads\/2025\/10\/socialny-masaker.jpg","contentUrl":"https:\/\/www.smedemokrati.sk\/wp-content\/uploads\/2025\/10\/socialny-masaker.jpg","width":946,"height":720},{"@type":"BreadcrumbList","@id":"https:\/\/www.smedemokrati.sk\/socialny-masaker-ets-2-pripravoval-uz-pellegrini\/#breadcrumb","itemListElement":[{"@type":"ListItem","position":1,"name":"Domovsk\u00e1 str\u00e1nka","item":"https:\/\/www.smedemokrati.sk\/"},{"@type":"ListItem","position":2,"name":"SOCI\u00c1LNY MASAKER\u201d ETS 2 PRIPRAVOVAL U\u017d PELLEGRINI"}]},{"@type":"WebSite","@id":"https:\/\/www.smedemokrati.sk\/#website","url":"https:\/\/www.smedemokrati.sk\/","name":"Smedemokrati.sk","description":"Demokracia a slu\u0161nos\u0165 zv\u00ed\u0165az\u00ed","publisher":{"@id":"https:\/\/www.smedemokrati.sk\/#organization"},"potentialAction":[{"@type":"SearchAction","target":{"@type":"EntryPoint","urlTemplate":"https:\/\/www.smedemokrati.sk\/?s={search_term_string}"},"query-input":{"@type":"PropertyValueSpecification","valueRequired":true,"valueName":"search_term_string"}}],"inLanguage":"cs-CZ"},{"@type":"Organization","@id":"https:\/\/www.smedemokrati.sk\/#organization","name":"Smedemokrati.sk","url":"https:\/\/www.smedemokrati.sk\/","logo":{"@type":"ImageObject","inLanguage":"cs-CZ","@id":"https:\/\/www.smedemokrati.sk\/#\/schema\/logo\/image\/","url":"https:\/\/www.smedemokrati.sk\/wp-content\/uploads\/2023\/04\/ff.002.jpeg","contentUrl":"https:\/\/www.smedemokrati.sk\/wp-content\/uploads\/2023\/04\/ff.002.jpeg","width":640,"height":480,"caption":"Smedemokrati.sk"},"image":{"@id":"https:\/\/www.smedemokrati.sk\/#\/schema\/logo\/image\/"},"sameAs":["https:\/\/www.facebook.com\/smedemokrati2023"]},{"@type":"Person","@id":"https:\/\/www.smedemokrati.sk\/#\/schema\/person\/21f147c88d605aa7ded900e1e7c344ba","name":"miro.sopko","image":{"@type":"ImageObject","inLanguage":"cs-CZ","@id":"https:\/\/secure.gravatar.com\/avatar\/267e4a36f704376c109afe3a78740c1f5dd8675a2180a908699e7863c9247606?s=96&d=mm&r=g","url":"https:\/\/secure.gravatar.com\/avatar\/267e4a36f704376c109afe3a78740c1f5dd8675a2180a908699e7863c9247606?s=96&d=mm&r=g","contentUrl":"https:\/\/secure.gravatar.com\/avatar\/267e4a36f704376c109afe3a78740c1f5dd8675a2180a908699e7863c9247606?s=96&d=mm&r=g","caption":"miro.sopko"},"url":"https:\/\/www.smedemokrati.sk\/cs\/author\/miro-sopko\/"}]}},"_links":{"self":[{"href":"https:\/\/www.smedemokrati.sk\/cs\/wp-json\/wp\/v2\/posts\/8371","targetHints":{"allow":["GET"]}}],"collection":[{"href":"https:\/\/www.smedemokrati.sk\/cs\/wp-json\/wp\/v2\/posts"}],"about":[{"href":"https:\/\/www.smedemokrati.sk\/cs\/wp-json\/wp\/v2\/types\/post"}],"author":[{"embeddable":true,"href":"https:\/\/www.smedemokrati.sk\/cs\/wp-json\/wp\/v2\/users\/13"}],"replies":[{"embeddable":true,"href":"https:\/\/www.smedemokrati.sk\/cs\/wp-json\/wp\/v2\/comments?post=8371"}],"version-history":[{"count":1,"href":"https:\/\/www.smedemokrati.sk\/cs\/wp-json\/wp\/v2\/posts\/8371\/revisions"}],"predecessor-version":[{"id":8373,"href":"https:\/\/www.smedemokrati.sk\/cs\/wp-json\/wp\/v2\/posts\/8371\/revisions\/8373"}],"wp:featuredmedia":[{"embeddable":true,"href":"https:\/\/www.smedemokrati.sk\/cs\/wp-json\/wp\/v2\/media\/8372"}],"wp:attachment":[{"href":"https:\/\/www.smedemokrati.sk\/cs\/wp-json\/wp\/v2\/media?parent=8371"}],"wp:term":[{"taxonomy":"category","embeddable":true,"href":"https:\/\/www.smedemokrati.sk\/cs\/wp-json\/wp\/v2\/categories?post=8371"},{"taxonomy":"post_tag","embeddable":true,"href":"https:\/\/www.smedemokrati.sk\/cs\/wp-json\/wp\/v2\/tags?post=8371"}],"curies":[{"name":"wp","href":"https:\/\/api.w.org\/{rel}","templated":true}]}}