{"id":8358,"date":"2025-10-21T12:11:14","date_gmt":"2025-10-21T11:11:14","guid":{"rendered":"https:\/\/www.smedemokrati.sk\/?p=8358"},"modified":"2025-10-21T12:11:15","modified_gmt":"2025-10-21T11:11:15","slug":"najhorsi-rozpocet-v-historii-slovenska-rozpocet-ozobracovania-krizy-a-klamstiev","status":"publish","type":"post","link":"https:\/\/www.smedemokrati.sk\/cs\/najhorsi-rozpocet-v-historii-slovenska-rozpocet-ozobracovania-krizy-a-klamstiev\/","title":{"rendered":"Najhor\u0161\u00ed rozpo\u010det v hist\u00f3rii Slovenska: rozpo\u010det o\u017eobra\u010dovania, kr\u00edzy a klamstiev"},"content":{"rendered":"<div id=\"fb-root\"><\/div>\n\n<p><strong>Vl\u00e1dna koal\u00edcia dnes v parlamente schv\u00e1lila najhor\u0161\u00ed rozpo\u010det v hist\u00f3rii Slovenska \u2013 rozpo\u010det o\u017eobra\u010dovania, kr\u00edzy a klamstiev. Ide o dokument, ktor\u00fd namiesto ozdravenia krajiny prin\u00e1\u0161a \u010fal\u0161\u00ed prepad, chaos a neporiadok. Schva\u013euje sa bez diskusie so soci\u00e1lnymi partnermi.<\/strong><\/p>\n\n\n\n<p>\u201eMinister financi\u00ed s\u00e1m priznal, \u017ee Slovensku bude u\u017e tento piatok zn\u00ed\u017een\u00fd rating. Namiesto sebareflexie v\u0161ak \u00fato\u010d\u00ed na predsedu Rady pre rozpo\u010dtov\u00fa zodpovednos\u0165 len preto, \u017ee ten pomenoval pravdu \u2013 konsolid\u00e1cia verejn\u00fdch financi\u00ed nebude dostato\u010dn\u00e1. Samotn\u00fd rozpo\u010det je navy\u0161e naf\u00faknut\u00fd na strane pr\u00edjmov. Z avizovanej konsolid\u00e1cie vo v\u00fd\u0161ke 1,3 miliardy eur je re\u00e1lnych len pribli\u017ene 535 mili\u00f3nov a aj tie s\u00fa ot\u00e1zne.\u201c vrav\u00ed Eduard Heger.<\/p>\n\n\n\n<p>\u0160t\u00e1t sa na \u00fasporn\u00fdch opatreniach podie\u013ea len 25 percentami a politici vl\u00e1dnej koal\u00edcie v\u00f4bec. Napriek tomu, \u017ee minuloro\u010dn\u00fd deficit mal by\u0165 5,27 percenta, vl\u00e1da skon\u010dila s re\u00e1lnym deficitom 5,5 percenta. A tak to bude aj s deficitom na bud\u00faci rok. Bude vy\u0161\u0161\u00ed ako si vl\u00e1da napl\u00e1novala a dlh op\u00e4\u0165 v\u00fdrazne nerastie.&nbsp;<\/p>\n\n\n\n<p>Samotn\u00fd n\u00e1vrh rozpo\u010dtu prizn\u00e1va, \u017ee slovensk\u00e1 ekonomika sa r\u00fati nadol. V roku 2025 m\u00e1 ekonomika r\u00e1s\u0165 len o 0,8 percenta, infl\u00e1cia sa v roku 2026 zr\u00fdchli na 4,4 percenta \u2013 pritom v roku 2024 bola len 2,8 percenta \u2013 a nezamestnanos\u0165 st\u00fapne na 5,6 percenta. Aj samotn\u00e1 progn\u00f3za ministerstva financi\u00ed je pesimistickej\u0161ia ne\u017e odhad Eur\u00f3pskej komisie.\u201c pokra\u010duje Eduard Heger.<\/p>\n\n\n\n<p>Z n\u00e1vrhu rozpo\u010dtu tie\u017e jasne vypl\u00fdva, \u017ee vl\u00e1da nie je schopn\u00e1 peniaze pou\u017ei\u0165 v prospech zdravotnej starostlivosti. V r\u00e1mci verejn\u00e9ho zdravotn\u00e9ho poistenia sa tento rok o\u010dak\u00e1va ni\u017e\u0161ie \u010derpanie v\u00fddavkov na zdravotn\u00fa starostlivos\u0165 o 43,3 mili\u00f3na eur, z toho 19,3 mili\u00f3na eur v nemocniciach a 15,5 mili\u00f3na eur na lieky a dietetick\u00e9 potraviny. Tieto \u201e\u00faspory\u201c sa pritom kompenzuj\u00fa v\u00fddavkami na v\u00fdplatu dividend s\u00fakromn\u00fdm akcion\u00e1rom, najm\u00e4 zdravotnej pois\u0165ovni D\u00f4vera.<\/p>\n\n\n\n<p>\u201eSlovensko v\u0161ak potrebuje re\u00e1lny pl\u00e1n ozdravenia, nie rozpo\u010det o\u017eobra\u010dovania. Rie\u0161en\u00edm je zodpovednos\u0165, poriadok a reformy. Krajina potrebuje rev\u00edziu v\u00fddavkov vo v\u0161etk\u00fdch kapitol\u00e1ch, nie len symbolick\u00e9 \u0161krty. Je nevyhnutn\u00e9 zastavi\u0165 rast mzdov\u00fdch v\u00fddavkov vo verejnom sektore, s v\u00fdnimkou \u0161kolstva a zdravotn\u00edctva. Slovensko potrebuje reformu da\u0148ov\u00e9ho mixu, ktor\u00e1 podpor\u00ed pr\u00e1cu, podnikanie a invest\u00edcie, a z\u00e1rove\u0148 digitaliz\u00e1ciu a vy\u0161\u0161iu efekt\u00edvnos\u0165 \u0161t\u00e1tu, aby ka\u017ed\u00fd eurocent mal svoj \u00fa\u010del. Trval\u00fd rast m\u00f4\u017ee prinies\u0165 len investovanie do vzdelania, vedy a inov\u00e1ci\u00ed.\u201c uzatv\u00e1ra Eduard Heger.<\/p>\n\n\n\n<p>Slovensko sa d\u00e1 z tejto kr\u00edzy dosta\u0165, ale nie s t\u00fdmto rozpo\u010dtom. Tento dokument nie je pl\u00e1nom ozdravenia, je pl\u00e1nom o\u017eobra\u010dovania.<\/p>\n\n\n\n<figure class=\"wp-block-embed is-type-video is-provider-youtube wp-block-embed-youtube wp-embed-aspect-16-9 wp-has-aspect-ratio\"><div class=\"wp-block-embed__wrapper\">\n<iframe title=\"NRSR: Rozpo\u010det o\u017eobra\u010dovania!\" width=\"500\" height=\"281\" src=\"https:\/\/www.youtube.com\/embed\/x6HmF6Sgr3g?feature=oembed\" frameborder=\"0\" allow=\"accelerometer; autoplay; clipboard-write; encrypted-media; gyroscope; picture-in-picture; web-share\" referrerpolicy=\"strict-origin-when-cross-origin\" allowfullscreen><\/iframe>\n<\/div><\/figure>\n","protected":false},"excerpt":{"rendered":"<p>Vl\u00e1dna koal\u00edcia dnes v parlamente schv\u00e1lila najhor\u0161\u00ed rozpo\u010det v hist\u00f3rii Slovenska \u2013 rozpo\u010det o\u017eobra\u010dovania, kr\u00edzy a klamstiev. Ide o dokument, ktor\u00fd namiesto ozdravenia krajiny prin\u00e1\u0161a \u010fal\u0161\u00ed prepad, chaos a neporiadok. Schva\u013euje sa bez diskusie so soci\u00e1lnymi partnermi. \u201eMinister financi\u00ed s\u00e1m priznal, \u017ee Slovensku bude u\u017e tento piatok zn\u00ed\u017een\u00fd rating. Namiesto sebareflexie v\u0161ak \u00fato\u010d\u00ed na predsedu [&hellip;]<\/p>\n","protected":false},"author":13,"featured_media":8359,"comment_status":"closed","ping_status":"closed","sticky":false,"template":"","format":"standard","meta":{"_acf_changed":false,"ngg_post_thumbnail":0,"footnotes":""},"categories":[4],"tags":[],"class_list":["post-8358","post","type-post","status-publish","format-standard","has-post-thumbnail","hentry","category-tlacove-spravy"],"acf":[],"yoast_head":"<!-- This site is optimized with the Yoast SEO plugin v27.2 - https:\/\/yoast.com\/product\/yoast-seo-wordpress\/ -->\n<title>Najhor\u0161\u00ed rozpo\u010det v hist\u00f3rii Slovenska: rozpo\u010det o\u017eobra\u010dovania, kr\u00edzy a klamstiev<\/title>\n<meta name=\"robots\" content=\"index, follow, max-snippet:-1, max-image-preview:large, max-video-preview:-1\" \/>\n<link rel=\"canonical\" href=\"https:\/\/www.smedemokrati.sk\/cs\/najhorsi-rozpocet-v-historii-slovenska-rozpocet-ozobracovania-krizy-a-klamstiev\/\" \/>\n<meta property=\"og:locale\" content=\"cs_CZ\" \/>\n<meta property=\"og:locale:alternate\" content=\"en_US\" \/>\n<meta property=\"og:locale:alternate\" content=\"hu_HU\" \/>\n<meta property=\"og:locale:alternate\" content=\"sk_SK\" \/>\n<meta property=\"og:locale:alternate\" content=\"sv_SE\" \/>\n<meta property=\"og:type\" content=\"article\" \/>\n<meta property=\"og:title\" content=\"Najhor\u0161\u00ed rozpo\u010det v hist\u00f3rii Slovenska: rozpo\u010det o\u017eobra\u010dovania, kr\u00edzy a klamstiev\" \/>\n<meta property=\"og:description\" content=\"Vl\u00e1dna koal\u00edcia dnes v parlamente schv\u00e1lila najhor\u0161\u00ed rozpo\u010det v hist\u00f3rii Slovenska \u2013 rozpo\u010det o\u017eobra\u010dovania, kr\u00edzy a klamstiev. Ide o dokument, ktor\u00fd namiesto ozdravenia krajiny prin\u00e1\u0161a \u010fal\u0161\u00ed prepad, chaos a neporiadok. Schva\u013euje sa bez diskusie so soci\u00e1lnymi partnermi. \u201eMinister financi\u00ed s\u00e1m priznal, \u017ee Slovensku bude u\u017e tento piatok zn\u00ed\u017een\u00fd rating. Namiesto sebareflexie v\u0161ak \u00fato\u010d\u00ed na predsedu [&hellip;]\" \/>\n<meta property=\"og:url\" content=\"https:\/\/www.smedemokrati.sk\/cs\/najhorsi-rozpocet-v-historii-slovenska-rozpocet-ozobracovania-krizy-a-klamstiev\/\" \/>\n<meta property=\"og:site_name\" content=\"Smedemokrati.sk\" \/>\n<meta property=\"article:publisher\" content=\"https:\/\/www.facebook.com\/smedemokrati2023\" \/>\n<meta property=\"article:published_time\" content=\"2025-10-21T11:11:14+00:00\" \/>\n<meta property=\"article:modified_time\" content=\"2025-10-21T11:11:15+00:00\" \/>\n<meta property=\"og:image\" content=\"https:\/\/www.smedemokrati.sk\/wp-content\/uploads\/2025\/10\/rozpocet25.jpg\" \/>\n\t<meta property=\"og:image:width\" content=\"1280\" \/>\n\t<meta property=\"og:image:height\" content=\"720\" \/>\n\t<meta property=\"og:image:type\" content=\"image\/jpeg\" \/>\n<meta name=\"author\" content=\"miro.sopko\" \/>\n<meta name=\"twitter:card\" content=\"summary_large_image\" \/>\n<meta name=\"twitter:label1\" content=\"Napsal(a)\" \/>\n\t<meta name=\"twitter:data1\" content=\"miro.sopko\" \/>\n\t<meta name=\"twitter:label2\" content=\"Odhadovan\u00e1 doba \u010dten\u00ed\" \/>\n\t<meta name=\"twitter:data2\" content=\"3 minuty\" \/>\n<script type=\"application\/ld+json\" class=\"yoast-schema-graph\">{\"@context\":\"https:\/\/schema.org\",\"@graph\":[{\"@type\":\"Article\",\"@id\":\"https:\/\/www.smedemokrati.sk\/najhorsi-rozpocet-v-historii-slovenska-rozpocet-ozobracovania-krizy-a-klamstiev\/#article\",\"isPartOf\":{\"@id\":\"https:\/\/www.smedemokrati.sk\/najhorsi-rozpocet-v-historii-slovenska-rozpocet-ozobracovania-krizy-a-klamstiev\/\"},\"author\":{\"name\":\"miro.sopko\",\"@id\":\"https:\/\/www.smedemokrati.sk\/#\/schema\/person\/21f147c88d605aa7ded900e1e7c344ba\"},\"headline\":\"Najhor\u0161\u00ed rozpo\u010det v hist\u00f3rii Slovenska: rozpo\u010det o\u017eobra\u010dovania, kr\u00edzy a klamstiev\",\"datePublished\":\"2025-10-21T11:11:14+00:00\",\"dateModified\":\"2025-10-21T11:11:15+00:00\",\"mainEntityOfPage\":{\"@id\":\"https:\/\/www.smedemokrati.sk\/najhorsi-rozpocet-v-historii-slovenska-rozpocet-ozobracovania-krizy-a-klamstiev\/\"},\"wordCount\":501,\"publisher\":{\"@id\":\"https:\/\/www.smedemokrati.sk\/#organization\"},\"image\":{\"@id\":\"https:\/\/www.smedemokrati.sk\/najhorsi-rozpocet-v-historii-slovenska-rozpocet-ozobracovania-krizy-a-klamstiev\/#primaryimage\"},\"thumbnailUrl\":\"https:\/\/www.smedemokrati.sk\/wp-content\/uploads\/2025\/10\/rozpocet25.jpg\",\"articleSection\":[\"Tla\u010dov\u00e9 spr\u00e1vy\"],\"inLanguage\":\"cs-CZ\"},{\"@type\":\"WebPage\",\"@id\":\"https:\/\/www.smedemokrati.sk\/najhorsi-rozpocet-v-historii-slovenska-rozpocet-ozobracovania-krizy-a-klamstiev\/\",\"url\":\"https:\/\/www.smedemokrati.sk\/najhorsi-rozpocet-v-historii-slovenska-rozpocet-ozobracovania-krizy-a-klamstiev\/\",\"name\":\"Najhor\u0161\u00ed rozpo\u010det v hist\u00f3rii Slovenska: rozpo\u010det o\u017eobra\u010dovania, kr\u00edzy a klamstiev\",\"isPartOf\":{\"@id\":\"https:\/\/www.smedemokrati.sk\/#website\"},\"primaryImageOfPage\":{\"@id\":\"https:\/\/www.smedemokrati.sk\/najhorsi-rozpocet-v-historii-slovenska-rozpocet-ozobracovania-krizy-a-klamstiev\/#primaryimage\"},\"image\":{\"@id\":\"https:\/\/www.smedemokrati.sk\/najhorsi-rozpocet-v-historii-slovenska-rozpocet-ozobracovania-krizy-a-klamstiev\/#primaryimage\"},\"thumbnailUrl\":\"https:\/\/www.smedemokrati.sk\/wp-content\/uploads\/2025\/10\/rozpocet25.jpg\",\"datePublished\":\"2025-10-21T11:11:14+00:00\",\"dateModified\":\"2025-10-21T11:11:15+00:00\",\"breadcrumb\":{\"@id\":\"https:\/\/www.smedemokrati.sk\/najhorsi-rozpocet-v-historii-slovenska-rozpocet-ozobracovania-krizy-a-klamstiev\/#breadcrumb\"},\"inLanguage\":\"cs-CZ\",\"potentialAction\":[{\"@type\":\"ReadAction\",\"target\":[\"https:\/\/www.smedemokrati.sk\/najhorsi-rozpocet-v-historii-slovenska-rozpocet-ozobracovania-krizy-a-klamstiev\/\"]}]},{\"@type\":\"ImageObject\",\"inLanguage\":\"cs-CZ\",\"@id\":\"https:\/\/www.smedemokrati.sk\/najhorsi-rozpocet-v-historii-slovenska-rozpocet-ozobracovania-krizy-a-klamstiev\/#primaryimage\",\"url\":\"https:\/\/www.smedemokrati.sk\/wp-content\/uploads\/2025\/10\/rozpocet25.jpg\",\"contentUrl\":\"https:\/\/www.smedemokrati.sk\/wp-content\/uploads\/2025\/10\/rozpocet25.jpg\",\"width\":1280,\"height\":720},{\"@type\":\"BreadcrumbList\",\"@id\":\"https:\/\/www.smedemokrati.sk\/najhorsi-rozpocet-v-historii-slovenska-rozpocet-ozobracovania-krizy-a-klamstiev\/#breadcrumb\",\"itemListElement\":[{\"@type\":\"ListItem\",\"position\":1,\"name\":\"Domovsk\u00e1 str\u00e1nka\",\"item\":\"https:\/\/www.smedemokrati.sk\/\"},{\"@type\":\"ListItem\",\"position\":2,\"name\":\"Najhor\u0161\u00ed rozpo\u010det v hist\u00f3rii Slovenska: rozpo\u010det o\u017eobra\u010dovania, kr\u00edzy a klamstiev\"}]},{\"@type\":\"WebSite\",\"@id\":\"https:\/\/www.smedemokrati.sk\/#website\",\"url\":\"https:\/\/www.smedemokrati.sk\/\",\"name\":\"Smedemokrati.sk\",\"description\":\"Demokracia a slu\u0161nos\u0165 zv\u00ed\u0165az\u00ed\",\"publisher\":{\"@id\":\"https:\/\/www.smedemokrati.sk\/#organization\"},\"potentialAction\":[{\"@type\":\"SearchAction\",\"target\":{\"@type\":\"EntryPoint\",\"urlTemplate\":\"https:\/\/www.smedemokrati.sk\/?s={search_term_string}\"},\"query-input\":{\"@type\":\"PropertyValueSpecification\",\"valueRequired\":true,\"valueName\":\"search_term_string\"}}],\"inLanguage\":\"cs-CZ\"},{\"@type\":\"Organization\",\"@id\":\"https:\/\/www.smedemokrati.sk\/#organization\",\"name\":\"Smedemokrati.sk\",\"url\":\"https:\/\/www.smedemokrati.sk\/\",\"logo\":{\"@type\":\"ImageObject\",\"inLanguage\":\"cs-CZ\",\"@id\":\"https:\/\/www.smedemokrati.sk\/#\/schema\/logo\/image\/\",\"url\":\"https:\/\/www.smedemokrati.sk\/wp-content\/uploads\/2023\/04\/ff.002.jpeg\",\"contentUrl\":\"https:\/\/www.smedemokrati.sk\/wp-content\/uploads\/2023\/04\/ff.002.jpeg\",\"width\":640,\"height\":480,\"caption\":\"Smedemokrati.sk\"},\"image\":{\"@id\":\"https:\/\/www.smedemokrati.sk\/#\/schema\/logo\/image\/\"},\"sameAs\":[\"https:\/\/www.facebook.com\/smedemokrati2023\"]},{\"@type\":\"Person\",\"@id\":\"https:\/\/www.smedemokrati.sk\/#\/schema\/person\/21f147c88d605aa7ded900e1e7c344ba\",\"name\":\"miro.sopko\",\"image\":{\"@type\":\"ImageObject\",\"inLanguage\":\"cs-CZ\",\"@id\":\"https:\/\/secure.gravatar.com\/avatar\/267e4a36f704376c109afe3a78740c1f5dd8675a2180a908699e7863c9247606?s=96&d=mm&r=g\",\"url\":\"https:\/\/secure.gravatar.com\/avatar\/267e4a36f704376c109afe3a78740c1f5dd8675a2180a908699e7863c9247606?s=96&d=mm&r=g\",\"contentUrl\":\"https:\/\/secure.gravatar.com\/avatar\/267e4a36f704376c109afe3a78740c1f5dd8675a2180a908699e7863c9247606?s=96&d=mm&r=g\",\"caption\":\"miro.sopko\"},\"url\":\"https:\/\/www.smedemokrati.sk\/cs\/author\/miro-sopko\/\"}]}<\/script>\n<!-- \/ Yoast SEO plugin. -->","yoast_head_json":{"title":"Najhor\u0161\u00ed rozpo\u010det v hist\u00f3rii Slovenska: rozpo\u010det o\u017eobra\u010dovania, kr\u00edzy a klamstiev","robots":{"index":"index","follow":"follow","max-snippet":"max-snippet:-1","max-image-preview":"max-image-preview:large","max-video-preview":"max-video-preview:-1"},"canonical":"https:\/\/www.smedemokrati.sk\/cs\/najhorsi-rozpocet-v-historii-slovenska-rozpocet-ozobracovania-krizy-a-klamstiev\/","og_locale":"cs_CZ","og_type":"article","og_title":"[:sk]Najhor\u0161\u00ed rozpo\u010det v hist\u00f3rii Slovenska: rozpo\u010det o\u017eobra\u010dovania, kr\u00edzy a klamstiev[:] - Smedemokrati.sk","og_description":"Vl\u00e1dna koal\u00edcia dnes v parlamente schv\u00e1lila najhor\u0161\u00ed rozpo\u010det v hist\u00f3rii Slovenska \u2013 rozpo\u010det o\u017eobra\u010dovania, kr\u00edzy a klamstiev. Ide o dokument, ktor\u00fd namiesto ozdravenia krajiny prin\u00e1\u0161a \u010fal\u0161\u00ed prepad, chaos a neporiadok. Schva\u013euje sa bez diskusie so soci\u00e1lnymi partnermi. \u201eMinister financi\u00ed s\u00e1m priznal, \u017ee Slovensku bude u\u017e tento piatok zn\u00ed\u017een\u00fd rating. Namiesto sebareflexie v\u0161ak \u00fato\u010d\u00ed na predsedu [&hellip;]","og_url":"https:\/\/www.smedemokrati.sk\/cs\/najhorsi-rozpocet-v-historii-slovenska-rozpocet-ozobracovania-krizy-a-klamstiev\/","og_site_name":"Smedemokrati.sk","article_publisher":"https:\/\/www.facebook.com\/smedemokrati2023","article_published_time":"2025-10-21T11:11:14+00:00","article_modified_time":"2025-10-21T11:11:15+00:00","og_image":[{"width":1280,"height":720,"url":"https:\/\/www.smedemokrati.sk\/wp-content\/uploads\/2025\/10\/rozpocet25.jpg","type":"image\/jpeg"}],"author":"miro.sopko","twitter_card":"summary_large_image","twitter_misc":{"Napsal(a)":"miro.sopko","Odhadovan\u00e1 doba \u010dten\u00ed":"3 minuty"},"schema":{"@context":"https:\/\/schema.org","@graph":[{"@type":"Article","@id":"https:\/\/www.smedemokrati.sk\/najhorsi-rozpocet-v-historii-slovenska-rozpocet-ozobracovania-krizy-a-klamstiev\/#article","isPartOf":{"@id":"https:\/\/www.smedemokrati.sk\/najhorsi-rozpocet-v-historii-slovenska-rozpocet-ozobracovania-krizy-a-klamstiev\/"},"author":{"name":"miro.sopko","@id":"https:\/\/www.smedemokrati.sk\/#\/schema\/person\/21f147c88d605aa7ded900e1e7c344ba"},"headline":"Najhor\u0161\u00ed rozpo\u010det v hist\u00f3rii Slovenska: rozpo\u010det o\u017eobra\u010dovania, kr\u00edzy a klamstiev","datePublished":"2025-10-21T11:11:14+00:00","dateModified":"2025-10-21T11:11:15+00:00","mainEntityOfPage":{"@id":"https:\/\/www.smedemokrati.sk\/najhorsi-rozpocet-v-historii-slovenska-rozpocet-ozobracovania-krizy-a-klamstiev\/"},"wordCount":501,"publisher":{"@id":"https:\/\/www.smedemokrati.sk\/#organization"},"image":{"@id":"https:\/\/www.smedemokrati.sk\/najhorsi-rozpocet-v-historii-slovenska-rozpocet-ozobracovania-krizy-a-klamstiev\/#primaryimage"},"thumbnailUrl":"https:\/\/www.smedemokrati.sk\/wp-content\/uploads\/2025\/10\/rozpocet25.jpg","articleSection":["Tla\u010dov\u00e9 spr\u00e1vy"],"inLanguage":"cs-CZ"},{"@type":"WebPage","@id":"https:\/\/www.smedemokrati.sk\/najhorsi-rozpocet-v-historii-slovenska-rozpocet-ozobracovania-krizy-a-klamstiev\/","url":"https:\/\/www.smedemokrati.sk\/najhorsi-rozpocet-v-historii-slovenska-rozpocet-ozobracovania-krizy-a-klamstiev\/","name":"Najhor\u0161\u00ed rozpo\u010det v hist\u00f3rii Slovenska: rozpo\u010det o\u017eobra\u010dovania, kr\u00edzy a klamstiev","isPartOf":{"@id":"https:\/\/www.smedemokrati.sk\/#website"},"primaryImageOfPage":{"@id":"https:\/\/www.smedemokrati.sk\/najhorsi-rozpocet-v-historii-slovenska-rozpocet-ozobracovania-krizy-a-klamstiev\/#primaryimage"},"image":{"@id":"https:\/\/www.smedemokrati.sk\/najhorsi-rozpocet-v-historii-slovenska-rozpocet-ozobracovania-krizy-a-klamstiev\/#primaryimage"},"thumbnailUrl":"https:\/\/www.smedemokrati.sk\/wp-content\/uploads\/2025\/10\/rozpocet25.jpg","datePublished":"2025-10-21T11:11:14+00:00","dateModified":"2025-10-21T11:11:15+00:00","breadcrumb":{"@id":"https:\/\/www.smedemokrati.sk\/najhorsi-rozpocet-v-historii-slovenska-rozpocet-ozobracovania-krizy-a-klamstiev\/#breadcrumb"},"inLanguage":"cs-CZ","potentialAction":[{"@type":"ReadAction","target":["https:\/\/www.smedemokrati.sk\/najhorsi-rozpocet-v-historii-slovenska-rozpocet-ozobracovania-krizy-a-klamstiev\/"]}]},{"@type":"ImageObject","inLanguage":"cs-CZ","@id":"https:\/\/www.smedemokrati.sk\/najhorsi-rozpocet-v-historii-slovenska-rozpocet-ozobracovania-krizy-a-klamstiev\/#primaryimage","url":"https:\/\/www.smedemokrati.sk\/wp-content\/uploads\/2025\/10\/rozpocet25.jpg","contentUrl":"https:\/\/www.smedemokrati.sk\/wp-content\/uploads\/2025\/10\/rozpocet25.jpg","width":1280,"height":720},{"@type":"BreadcrumbList","@id":"https:\/\/www.smedemokrati.sk\/najhorsi-rozpocet-v-historii-slovenska-rozpocet-ozobracovania-krizy-a-klamstiev\/#breadcrumb","itemListElement":[{"@type":"ListItem","position":1,"name":"Domovsk\u00e1 str\u00e1nka","item":"https:\/\/www.smedemokrati.sk\/"},{"@type":"ListItem","position":2,"name":"Najhor\u0161\u00ed rozpo\u010det v hist\u00f3rii Slovenska: rozpo\u010det o\u017eobra\u010dovania, kr\u00edzy a klamstiev"}]},{"@type":"WebSite","@id":"https:\/\/www.smedemokrati.sk\/#website","url":"https:\/\/www.smedemokrati.sk\/","name":"Smedemokrati.sk","description":"Demokracia a slu\u0161nos\u0165 zv\u00ed\u0165az\u00ed","publisher":{"@id":"https:\/\/www.smedemokrati.sk\/#organization"},"potentialAction":[{"@type":"SearchAction","target":{"@type":"EntryPoint","urlTemplate":"https:\/\/www.smedemokrati.sk\/?s={search_term_string}"},"query-input":{"@type":"PropertyValueSpecification","valueRequired":true,"valueName":"search_term_string"}}],"inLanguage":"cs-CZ"},{"@type":"Organization","@id":"https:\/\/www.smedemokrati.sk\/#organization","name":"Smedemokrati.sk","url":"https:\/\/www.smedemokrati.sk\/","logo":{"@type":"ImageObject","inLanguage":"cs-CZ","@id":"https:\/\/www.smedemokrati.sk\/#\/schema\/logo\/image\/","url":"https:\/\/www.smedemokrati.sk\/wp-content\/uploads\/2023\/04\/ff.002.jpeg","contentUrl":"https:\/\/www.smedemokrati.sk\/wp-content\/uploads\/2023\/04\/ff.002.jpeg","width":640,"height":480,"caption":"Smedemokrati.sk"},"image":{"@id":"https:\/\/www.smedemokrati.sk\/#\/schema\/logo\/image\/"},"sameAs":["https:\/\/www.facebook.com\/smedemokrati2023"]},{"@type":"Person","@id":"https:\/\/www.smedemokrati.sk\/#\/schema\/person\/21f147c88d605aa7ded900e1e7c344ba","name":"miro.sopko","image":{"@type":"ImageObject","inLanguage":"cs-CZ","@id":"https:\/\/secure.gravatar.com\/avatar\/267e4a36f704376c109afe3a78740c1f5dd8675a2180a908699e7863c9247606?s=96&d=mm&r=g","url":"https:\/\/secure.gravatar.com\/avatar\/267e4a36f704376c109afe3a78740c1f5dd8675a2180a908699e7863c9247606?s=96&d=mm&r=g","contentUrl":"https:\/\/secure.gravatar.com\/avatar\/267e4a36f704376c109afe3a78740c1f5dd8675a2180a908699e7863c9247606?s=96&d=mm&r=g","caption":"miro.sopko"},"url":"https:\/\/www.smedemokrati.sk\/cs\/author\/miro-sopko\/"}]}},"_links":{"self":[{"href":"https:\/\/www.smedemokrati.sk\/cs\/wp-json\/wp\/v2\/posts\/8358","targetHints":{"allow":["GET"]}}],"collection":[{"href":"https:\/\/www.smedemokrati.sk\/cs\/wp-json\/wp\/v2\/posts"}],"about":[{"href":"https:\/\/www.smedemokrati.sk\/cs\/wp-json\/wp\/v2\/types\/post"}],"author":[{"embeddable":true,"href":"https:\/\/www.smedemokrati.sk\/cs\/wp-json\/wp\/v2\/users\/13"}],"replies":[{"embeddable":true,"href":"https:\/\/www.smedemokrati.sk\/cs\/wp-json\/wp\/v2\/comments?post=8358"}],"version-history":[{"count":1,"href":"https:\/\/www.smedemokrati.sk\/cs\/wp-json\/wp\/v2\/posts\/8358\/revisions"}],"predecessor-version":[{"id":8360,"href":"https:\/\/www.smedemokrati.sk\/cs\/wp-json\/wp\/v2\/posts\/8358\/revisions\/8360"}],"wp:featuredmedia":[{"embeddable":true,"href":"https:\/\/www.smedemokrati.sk\/cs\/wp-json\/wp\/v2\/media\/8359"}],"wp:attachment":[{"href":"https:\/\/www.smedemokrati.sk\/cs\/wp-json\/wp\/v2\/media?parent=8358"}],"wp:term":[{"taxonomy":"category","embeddable":true,"href":"https:\/\/www.smedemokrati.sk\/cs\/wp-json\/wp\/v2\/categories?post=8358"},{"taxonomy":"post_tag","embeddable":true,"href":"https:\/\/www.smedemokrati.sk\/cs\/wp-json\/wp\/v2\/tags?post=8358"}],"curies":[{"name":"wp","href":"https:\/\/api.w.org\/{rel}","templated":true}]}}