{"id":8303,"date":"2025-10-10T13:45:59","date_gmt":"2025-10-10T12:45:59","guid":{"rendered":"https:\/\/www.smedemokrati.sk\/?p=8303"},"modified":"2025-10-10T13:46:05","modified_gmt":"2025-10-10T12:46:05","slug":"po-fiasku-na-tripartite-vyzyvame-tarabu-na-spatvzatie-zakona-o-envirofonde","status":"publish","type":"post","link":"https:\/\/www.smedemokrati.sk\/cs\/po-fiasku-na-tripartite-vyzyvame-tarabu-na-spatvzatie-zakona-o-envirofonde\/","title":{"rendered":"Po fiasku na Tripartite vyz\u00fdvame Tarabu na sp\u00e4\u0165vzatie z\u00e1kona o envirofonde"},"content":{"rendered":"<div id=\"fb-root\"><\/div>\n\n<p><strong>Inak ako chrap\u00fa\u0148stvo sa ned\u00e1 nazva\u0165 dne\u0161n\u00e9 spr\u00e1vania ministra Tarabu na rokovan\u00ed Hospod\u00e1rskej a soci\u00e1lnej rady (HSR), vo\u010di ktor\u00e9mu sa ohradili aj z\u00e1stupcovia podnikate\u013esk\u00fdch zv\u00e4zov. Sp\u00f4sob, ak\u00fdm sa Taraba sna\u017e\u00ed zmocni\u0165 mili\u00e1rd v envirofonde a realizova\u0165 svoj pl\u00e1n na zo\u0161t\u00e1tnenie odpadov\u00e9ho hospod\u00e1rstva je vyslovene poburuj\u00faci. Po tom, \u010do ned\u00f4vodnos\u0165 skr\u00e1ten\u00e9ho legislat\u00edvneho konania kon\u0161tatoval aj \u00farad vl\u00e1dy, je jedin\u00fdm mo\u017en\u00fdm rie\u0161en\u00edm sp\u00e4\u0165vzatie n\u00e1vrhu z\u00e1kona, na \u010do ho vyz\u00fdvame.<\/strong><\/p>\n\n\n\n<p>Vo\u010di praktik\u00e1m tejto vl\u00e1dy s\u00fa b\u00faria u\u017e aj soci\u00e1lni partneri. Programom rokovania HSR dnes bol aj n\u00e1vrh z\u00e1kona o environment\u00e1lnom fonde, ktor\u00fd vl\u00e1da schv\u00e1lila 1. okt\u00f3bra. Ten nebol predmetom pripomienkov\u00e9ho konania, nebol konzultovan\u00fd so samospr\u00e1vami a ani soci\u00e1lnymi partnermi. \u201c<em>To, \u017ee neexistuje jedin\u00fd d\u00f4vod, aby i\u0161iel skr\u00e1ten\u00fdm legislat\u00edvnym konan\u00edm, potvrdil napokon aj samotn\u00fd \u00farad vl\u00e1dy. Z jeho stanoviska vypl\u00fdva, \u017ee Taraba mal n\u00e1vrh z\u00e1kona pripraven\u00fd omnoho sk\u00f4r a \u00fa\u010delovo ho zatajil,<\/em>\u201d vysvet\u013euje Michal Ki\u010da, enviroexpert Demokratov.&nbsp;<\/p>\n\n\n\n<p>Z\u00e1kon nijako nezjednodu\u0161uje \u010dinnos\u0165 envirofondu, nerob\u00ed ho \u00fastretovej\u0161\u00edm pre samospr\u00e1vy. \u201c<em>Ministrovi d\u00e1va oproti s\u00fa\u010dasn\u00e9mu stavu v\u00fdlu\u010dn\u00fa kontrolu nad miliardami eur, ktor\u00e9 fond prerozde\u013euje. Vytv\u00e1ra sa t\u00fdm obrovsk\u00fd priestor pre politick\u00fa korupciu. \u010eal\u0161\u00edm skuto\u010dn\u00fdm d\u00f4vodom pre tak\u00fdto \u0161kandal\u00f3zny postup je Tarabova snaha o zo\u0161t\u00e1tnenie odpadov\u00e9ho hospod\u00e1rstva, v\u010faka \u010domu by kontroloval \u010fal\u0161ie stovky mili\u00f3nov eur. Taraba sa bez akejko\u013evek diskusie rozhodol smerova\u0165 odpadov\u00e9 hospod\u00e1rstvo k \u0161t\u00e1tnemu monopolu podobne ako v Ma\u010farsku. Dnes ho nedok\u00e1zal obh\u00e1ji\u0165 ani pred soci\u00e1lnymi partnermi, pri\u010dom sa zmohol len na ur\u00e1\u017eky a invekt\u00edvy,<\/em>\u201d kritizuje Michal Ki\u010da.&nbsp;<\/p>\n\n\n\n<p>\u201c<em>Pod\u013ea na\u0161ich inform\u00e1ci\u00ed maj\u00fa s Tarabov\u00fdm n\u00e1vrhom probl\u00e9my u\u017e aj jeho koali\u010dn\u00ed partneri. Jedin\u00e9, \u010do po takomto fiasku m\u00f4\u017ee spravi\u0165, je predlo\u017ei\u0165 vl\u00e1de n\u00e1vrh na sp\u00e4\u0165vzatie tohto dikt\u00e1torsk\u00e9ho z\u00e1kona. Envirofond nesmie by\u0165 Tarabova hra\u010dka.<\/em>\u201d uzavrel Michal Ki\u010da.&nbsp;<\/p>\n\n\n\n<figure class=\"wp-block-video\"><video height=\"1920\" style=\"aspect-ratio: 1080 \/ 1920;\" width=\"1080\" controls src=\"https:\/\/www.smedemokrati.sk\/wp-content\/uploads\/2025\/10\/VideoCompressorResizeCompressVideo2025_10_10_02_43_40.mp4\"><\/video><\/figure>\n","protected":false},"excerpt":{"rendered":"<p>Inak ako chrap\u00fa\u0148stvo sa ned\u00e1 nazva\u0165 dne\u0161n\u00e9 spr\u00e1vania ministra Tarabu na rokovan\u00ed Hospod\u00e1rskej a soci\u00e1lnej rady (HSR), vo\u010di ktor\u00e9mu sa ohradili aj z\u00e1stupcovia podnikate\u013esk\u00fdch zv\u00e4zov. Sp\u00f4sob, ak\u00fdm sa Taraba sna\u017e\u00ed zmocni\u0165 mili\u00e1rd v envirofonde a realizova\u0165 svoj pl\u00e1n na zo\u0161t\u00e1tnenie odpadov\u00e9ho hospod\u00e1rstva je vyslovene poburuj\u00faci. Po tom, \u010do ned\u00f4vodnos\u0165 skr\u00e1ten\u00e9ho legislat\u00edvneho konania kon\u0161tatoval aj \u00farad [&hellip;]<\/p>\n","protected":false},"author":13,"featured_media":4207,"comment_status":"closed","ping_status":"closed","sticky":false,"template":"","format":"standard","meta":{"_acf_changed":false,"ngg_post_thumbnail":0,"footnotes":""},"categories":[4],"tags":[],"class_list":["post-8303","post","type-post","status-publish","format-standard","has-post-thumbnail","hentry","category-tlacove-spravy"],"acf":[],"yoast_head":"<!-- This site is optimized with the Yoast SEO plugin v27.2 - https:\/\/yoast.com\/product\/yoast-seo-wordpress\/ -->\n<title>Po fiasku na Tripartite vyz\u00fdvame Tarabu na sp\u00e4\u0165vzatie z\u00e1kona o envirofonde<\/title>\n<meta name=\"description\" content=\"Inak ako chrap\u00fa\u0148stvo sa ned\u00e1 nazva\u0165 dne\u0161n\u00e9 spr\u00e1vania ministra Tarabu na rokovan\u00ed Hospod\u00e1rskej a soci\u00e1lnej rady (HSR), vo\u010di ktor\u00e9mu sa ohradili aj z\u00e1stupcovia podnikate\u013esk\u00fdch zv\u00e4zov. Sp\u00f4sob, ak\u00fdm sa Taraba sna\u017e\u00ed zmocni\u0165 mili\u00e1rd v envirofonde a realizova\u0165 svoj pl\u00e1n na zo\u0161t\u00e1tnenie odpadov\u00e9ho hospod\u00e1rstva je vyslovene poburuj\u00faci. Po tom, \u010do ned\u00f4vodnos\u0165 skr\u00e1ten\u00e9ho legislat\u00edvneho konania kon\u0161tatoval aj \u00farad vl\u00e1dy, je jedin\u00fdm mo\u017en\u00fdm rie\u0161en\u00edm sp\u00e4\u0165vzatie n\u00e1vrhu z\u00e1kona, na \u010do ho vyz\u00fdvame.\" \/>\n<meta name=\"robots\" content=\"index, follow, max-snippet:-1, max-image-preview:large, max-video-preview:-1\" \/>\n<link rel=\"canonical\" href=\"https:\/\/www.smedemokrati.sk\/cs\/po-fiasku-na-tripartite-vyzyvame-tarabu-na-spatvzatie-zakona-o-envirofonde\/\" \/>\n<meta property=\"og:locale\" content=\"cs_CZ\" \/>\n<meta property=\"og:locale:alternate\" content=\"en_US\" \/>\n<meta property=\"og:locale:alternate\" content=\"hu_HU\" \/>\n<meta property=\"og:locale:alternate\" content=\"sk_SK\" \/>\n<meta property=\"og:locale:alternate\" content=\"sv_SE\" \/>\n<meta property=\"og:type\" content=\"article\" \/>\n<meta property=\"og:title\" content=\"Po fiasku na Tripartite vyz\u00fdvame Tarabu na sp\u00e4\u0165vzatie z\u00e1kona o envirofonde\" \/>\n<meta property=\"og:description\" content=\"Inak ako chrap\u00fa\u0148stvo sa ned\u00e1 nazva\u0165 dne\u0161n\u00e9 spr\u00e1vania ministra Tarabu na rokovan\u00ed Hospod\u00e1rskej a soci\u00e1lnej rady (HSR), vo\u010di ktor\u00e9mu sa ohradili aj z\u00e1stupcovia podnikate\u013esk\u00fdch zv\u00e4zov. Sp\u00f4sob, ak\u00fdm sa Taraba sna\u017e\u00ed zmocni\u0165 mili\u00e1rd v envirofonde a realizova\u0165 svoj pl\u00e1n na zo\u0161t\u00e1tnenie odpadov\u00e9ho hospod\u00e1rstva je vyslovene poburuj\u00faci. Po tom, \u010do ned\u00f4vodnos\u0165 skr\u00e1ten\u00e9ho legislat\u00edvneho konania kon\u0161tatoval aj \u00farad vl\u00e1dy, je jedin\u00fdm mo\u017en\u00fdm rie\u0161en\u00edm sp\u00e4\u0165vzatie n\u00e1vrhu z\u00e1kona, na \u010do ho vyz\u00fdvame.\" \/>\n<meta property=\"og:url\" content=\"https:\/\/www.smedemokrati.sk\/cs\/po-fiasku-na-tripartite-vyzyvame-tarabu-na-spatvzatie-zakona-o-envirofonde\/\" \/>\n<meta property=\"og:site_name\" content=\"Smedemokrati.sk\" \/>\n<meta property=\"article:publisher\" content=\"https:\/\/www.facebook.com\/smedemokrati2023\" \/>\n<meta property=\"article:published_time\" content=\"2025-10-10T12:45:59+00:00\" \/>\n<meta property=\"article:modified_time\" content=\"2025-10-10T12:46:05+00:00\" \/>\n<meta property=\"og:image\" content=\"https:\/\/www.smedemokrati.sk\/wp-content\/uploads\/2024\/05\/taraba-amnestia-vyrub.jpg\" \/>\n\t<meta property=\"og:image:width\" content=\"1920\" \/>\n\t<meta property=\"og:image:height\" content=\"1271\" \/>\n\t<meta property=\"og:image:type\" content=\"image\/jpeg\" \/>\n<meta name=\"author\" content=\"miro.sopko\" \/>\n<meta name=\"twitter:card\" content=\"summary_large_image\" \/>\n<meta name=\"twitter:label1\" content=\"Napsal(a)\" \/>\n\t<meta name=\"twitter:data1\" content=\"miro.sopko\" \/>\n\t<meta name=\"twitter:label2\" content=\"Odhadovan\u00e1 doba \u010dten\u00ed\" \/>\n\t<meta name=\"twitter:data2\" content=\"2 minuty\" \/>\n<script type=\"application\/ld+json\" class=\"yoast-schema-graph\">{\"@context\":\"https:\/\/schema.org\",\"@graph\":[{\"@type\":\"Article\",\"@id\":\"https:\/\/www.smedemokrati.sk\/po-fiasku-na-tripartite-vyzyvame-tarabu-na-spatvzatie-zakona-o-envirofonde\/#article\",\"isPartOf\":{\"@id\":\"https:\/\/www.smedemokrati.sk\/po-fiasku-na-tripartite-vyzyvame-tarabu-na-spatvzatie-zakona-o-envirofonde\/\"},\"author\":{\"name\":\"miro.sopko\",\"@id\":\"https:\/\/www.smedemokrati.sk\/#\/schema\/person\/21f147c88d605aa7ded900e1e7c344ba\"},\"headline\":\"Po fiasku na Tripartite vyz\u00fdvame Tarabu na sp\u00e4\u0165vzatie z\u00e1kona o envirofonde\",\"datePublished\":\"2025-10-10T12:45:59+00:00\",\"dateModified\":\"2025-10-10T12:46:05+00:00\",\"mainEntityOfPage\":{\"@id\":\"https:\/\/www.smedemokrati.sk\/po-fiasku-na-tripartite-vyzyvame-tarabu-na-spatvzatie-zakona-o-envirofonde\/\"},\"wordCount\":401,\"publisher\":{\"@id\":\"https:\/\/www.smedemokrati.sk\/#organization\"},\"image\":{\"@id\":\"https:\/\/www.smedemokrati.sk\/po-fiasku-na-tripartite-vyzyvame-tarabu-na-spatvzatie-zakona-o-envirofonde\/#primaryimage\"},\"thumbnailUrl\":\"https:\/\/www.smedemokrati.sk\/wp-content\/uploads\/2024\/05\/taraba-amnestia-vyrub.jpg\",\"articleSection\":[\"Tla\u010dov\u00e9 spr\u00e1vy\"],\"inLanguage\":\"cs-CZ\"},{\"@type\":\"WebPage\",\"@id\":\"https:\/\/www.smedemokrati.sk\/po-fiasku-na-tripartite-vyzyvame-tarabu-na-spatvzatie-zakona-o-envirofonde\/\",\"url\":\"https:\/\/www.smedemokrati.sk\/po-fiasku-na-tripartite-vyzyvame-tarabu-na-spatvzatie-zakona-o-envirofonde\/\",\"name\":\"Po fiasku na Tripartite vyz\u00fdvame Tarabu na sp\u00e4\u0165vzatie z\u00e1kona o envirofonde\",\"isPartOf\":{\"@id\":\"https:\/\/www.smedemokrati.sk\/#website\"},\"primaryImageOfPage\":{\"@id\":\"https:\/\/www.smedemokrati.sk\/po-fiasku-na-tripartite-vyzyvame-tarabu-na-spatvzatie-zakona-o-envirofonde\/#primaryimage\"},\"image\":{\"@id\":\"https:\/\/www.smedemokrati.sk\/po-fiasku-na-tripartite-vyzyvame-tarabu-na-spatvzatie-zakona-o-envirofonde\/#primaryimage\"},\"thumbnailUrl\":\"https:\/\/www.smedemokrati.sk\/wp-content\/uploads\/2024\/05\/taraba-amnestia-vyrub.jpg\",\"datePublished\":\"2025-10-10T12:45:59+00:00\",\"dateModified\":\"2025-10-10T12:46:05+00:00\",\"description\":\"Inak ako chrap\u00fa\u0148stvo sa ned\u00e1 nazva\u0165 dne\u0161n\u00e9 spr\u00e1vania ministra Tarabu na rokovan\u00ed Hospod\u00e1rskej a soci\u00e1lnej rady (HSR), vo\u010di ktor\u00e9mu sa ohradili aj z\u00e1stupcovia podnikate\u013esk\u00fdch zv\u00e4zov. Sp\u00f4sob, ak\u00fdm sa Taraba sna\u017e\u00ed zmocni\u0165 mili\u00e1rd v envirofonde a realizova\u0165 svoj pl\u00e1n na zo\u0161t\u00e1tnenie odpadov\u00e9ho hospod\u00e1rstva je vyslovene poburuj\u00faci. Po tom, \u010do ned\u00f4vodnos\u0165 skr\u00e1ten\u00e9ho legislat\u00edvneho konania kon\u0161tatoval aj \u00farad vl\u00e1dy, je jedin\u00fdm mo\u017en\u00fdm rie\u0161en\u00edm sp\u00e4\u0165vzatie n\u00e1vrhu z\u00e1kona, na \u010do ho vyz\u00fdvame.\",\"breadcrumb\":{\"@id\":\"https:\/\/www.smedemokrati.sk\/po-fiasku-na-tripartite-vyzyvame-tarabu-na-spatvzatie-zakona-o-envirofonde\/#breadcrumb\"},\"inLanguage\":\"cs-CZ\",\"potentialAction\":[{\"@type\":\"ReadAction\",\"target\":[\"https:\/\/www.smedemokrati.sk\/po-fiasku-na-tripartite-vyzyvame-tarabu-na-spatvzatie-zakona-o-envirofonde\/\"]}]},{\"@type\":\"ImageObject\",\"inLanguage\":\"cs-CZ\",\"@id\":\"https:\/\/www.smedemokrati.sk\/po-fiasku-na-tripartite-vyzyvame-tarabu-na-spatvzatie-zakona-o-envirofonde\/#primaryimage\",\"url\":\"https:\/\/www.smedemokrati.sk\/wp-content\/uploads\/2024\/05\/taraba-amnestia-vyrub.jpg\",\"contentUrl\":\"https:\/\/www.smedemokrati.sk\/wp-content\/uploads\/2024\/05\/taraba-amnestia-vyrub.jpg\",\"width\":1920,\"height\":1271},{\"@type\":\"BreadcrumbList\",\"@id\":\"https:\/\/www.smedemokrati.sk\/po-fiasku-na-tripartite-vyzyvame-tarabu-na-spatvzatie-zakona-o-envirofonde\/#breadcrumb\",\"itemListElement\":[{\"@type\":\"ListItem\",\"position\":1,\"name\":\"Domovsk\u00e1 str\u00e1nka\",\"item\":\"https:\/\/www.smedemokrati.sk\/\"},{\"@type\":\"ListItem\",\"position\":2,\"name\":\"Po fiasku na Tripartite vyz\u00fdvame Tarabu na sp\u00e4\u0165vzatie z\u00e1kona o envirofonde\"}]},{\"@type\":\"WebSite\",\"@id\":\"https:\/\/www.smedemokrati.sk\/#website\",\"url\":\"https:\/\/www.smedemokrati.sk\/\",\"name\":\"Smedemokrati.sk\",\"description\":\"Demokracia a slu\u0161nos\u0165 zv\u00ed\u0165az\u00ed\",\"publisher\":{\"@id\":\"https:\/\/www.smedemokrati.sk\/#organization\"},\"potentialAction\":[{\"@type\":\"SearchAction\",\"target\":{\"@type\":\"EntryPoint\",\"urlTemplate\":\"https:\/\/www.smedemokrati.sk\/?s={search_term_string}\"},\"query-input\":{\"@type\":\"PropertyValueSpecification\",\"valueRequired\":true,\"valueName\":\"search_term_string\"}}],\"inLanguage\":\"cs-CZ\"},{\"@type\":\"Organization\",\"@id\":\"https:\/\/www.smedemokrati.sk\/#organization\",\"name\":\"Smedemokrati.sk\",\"url\":\"https:\/\/www.smedemokrati.sk\/\",\"logo\":{\"@type\":\"ImageObject\",\"inLanguage\":\"cs-CZ\",\"@id\":\"https:\/\/www.smedemokrati.sk\/#\/schema\/logo\/image\/\",\"url\":\"https:\/\/www.smedemokrati.sk\/wp-content\/uploads\/2023\/04\/ff.002.jpeg\",\"contentUrl\":\"https:\/\/www.smedemokrati.sk\/wp-content\/uploads\/2023\/04\/ff.002.jpeg\",\"width\":640,\"height\":480,\"caption\":\"Smedemokrati.sk\"},\"image\":{\"@id\":\"https:\/\/www.smedemokrati.sk\/#\/schema\/logo\/image\/\"},\"sameAs\":[\"https:\/\/www.facebook.com\/smedemokrati2023\"]},{\"@type\":\"Person\",\"@id\":\"https:\/\/www.smedemokrati.sk\/#\/schema\/person\/21f147c88d605aa7ded900e1e7c344ba\",\"name\":\"miro.sopko\",\"image\":{\"@type\":\"ImageObject\",\"inLanguage\":\"cs-CZ\",\"@id\":\"https:\/\/secure.gravatar.com\/avatar\/267e4a36f704376c109afe3a78740c1f5dd8675a2180a908699e7863c9247606?s=96&d=mm&r=g\",\"url\":\"https:\/\/secure.gravatar.com\/avatar\/267e4a36f704376c109afe3a78740c1f5dd8675a2180a908699e7863c9247606?s=96&d=mm&r=g\",\"contentUrl\":\"https:\/\/secure.gravatar.com\/avatar\/267e4a36f704376c109afe3a78740c1f5dd8675a2180a908699e7863c9247606?s=96&d=mm&r=g\",\"caption\":\"miro.sopko\"},\"url\":\"https:\/\/www.smedemokrati.sk\/cs\/author\/miro-sopko\/\"}]}<\/script>\n<!-- \/ Yoast SEO plugin. -->","yoast_head_json":{"title":"Po fiasku na Tripartite vyz\u00fdvame Tarabu na sp\u00e4\u0165vzatie z\u00e1kona o envirofonde","description":"Inak ako chrap\u00fa\u0148stvo sa ned\u00e1 nazva\u0165 dne\u0161n\u00e9 spr\u00e1vania ministra Tarabu na rokovan\u00ed Hospod\u00e1rskej a soci\u00e1lnej rady (HSR), vo\u010di ktor\u00e9mu sa ohradili aj z\u00e1stupcovia podnikate\u013esk\u00fdch zv\u00e4zov. Sp\u00f4sob, ak\u00fdm sa Taraba sna\u017e\u00ed zmocni\u0165 mili\u00e1rd v envirofonde a realizova\u0165 svoj pl\u00e1n na zo\u0161t\u00e1tnenie odpadov\u00e9ho hospod\u00e1rstva je vyslovene poburuj\u00faci. Po tom, \u010do ned\u00f4vodnos\u0165 skr\u00e1ten\u00e9ho legislat\u00edvneho konania kon\u0161tatoval aj \u00farad vl\u00e1dy, je jedin\u00fdm mo\u017en\u00fdm rie\u0161en\u00edm sp\u00e4\u0165vzatie n\u00e1vrhu z\u00e1kona, na \u010do ho vyz\u00fdvame.","robots":{"index":"index","follow":"follow","max-snippet":"max-snippet:-1","max-image-preview":"max-image-preview:large","max-video-preview":"max-video-preview:-1"},"canonical":"https:\/\/www.smedemokrati.sk\/cs\/po-fiasku-na-tripartite-vyzyvame-tarabu-na-spatvzatie-zakona-o-envirofonde\/","og_locale":"cs_CZ","og_type":"article","og_title":"[:sk]Po fiasku na Tripartite vyz\u00fdvame Tarabu na sp\u00e4\u0165vzatie z\u00e1kona o envirofonde[:] - Smedemokrati.sk","og_description":"[:sk]Inak ako chrap\u00fa\u0148stvo sa ned\u00e1 nazva\u0165 dne\u0161n\u00e9 spr\u00e1vania ministra Tarabu na rokovan\u00ed Hospod\u00e1rskej a soci\u00e1lnej rady (HSR), vo\u010di ktor\u00e9mu sa ohradili aj z\u00e1stupcovia podnikate\u013esk\u00fdch zv\u00e4zov. Sp\u00f4sob, ak\u00fdm sa Taraba sna\u017e\u00ed zmocni\u0165 mili\u00e1rd v envirofonde a realizova\u0165 svoj pl\u00e1n na zo\u0161t\u00e1tnenie odpadov\u00e9ho hospod\u00e1rstva je vyslovene poburuj\u00faci. Po tom, \u010do ned\u00f4vodnos\u0165 skr\u00e1ten\u00e9ho legislat\u00edvneho konania kon\u0161tatoval aj \u00farad vl\u00e1dy, je jedin\u00fdm mo\u017en\u00fdm rie\u0161en\u00edm sp\u00e4\u0165vzatie n\u00e1vrhu z\u00e1kona, na \u010do ho vyz\u00fdvame.[:]","og_url":"https:\/\/www.smedemokrati.sk\/cs\/po-fiasku-na-tripartite-vyzyvame-tarabu-na-spatvzatie-zakona-o-envirofonde\/","og_site_name":"Smedemokrati.sk","article_publisher":"https:\/\/www.facebook.com\/smedemokrati2023","article_published_time":"2025-10-10T12:45:59+00:00","article_modified_time":"2025-10-10T12:46:05+00:00","og_image":[{"width":1920,"height":1271,"url":"https:\/\/www.smedemokrati.sk\/wp-content\/uploads\/2024\/05\/taraba-amnestia-vyrub.jpg","type":"image\/jpeg"}],"author":"miro.sopko","twitter_card":"summary_large_image","twitter_misc":{"Napsal(a)":"miro.sopko","Odhadovan\u00e1 doba \u010dten\u00ed":"2 minuty"},"schema":{"@context":"https:\/\/schema.org","@graph":[{"@type":"Article","@id":"https:\/\/www.smedemokrati.sk\/po-fiasku-na-tripartite-vyzyvame-tarabu-na-spatvzatie-zakona-o-envirofonde\/#article","isPartOf":{"@id":"https:\/\/www.smedemokrati.sk\/po-fiasku-na-tripartite-vyzyvame-tarabu-na-spatvzatie-zakona-o-envirofonde\/"},"author":{"name":"miro.sopko","@id":"https:\/\/www.smedemokrati.sk\/#\/schema\/person\/21f147c88d605aa7ded900e1e7c344ba"},"headline":"Po fiasku na Tripartite vyz\u00fdvame Tarabu na sp\u00e4\u0165vzatie z\u00e1kona o envirofonde","datePublished":"2025-10-10T12:45:59+00:00","dateModified":"2025-10-10T12:46:05+00:00","mainEntityOfPage":{"@id":"https:\/\/www.smedemokrati.sk\/po-fiasku-na-tripartite-vyzyvame-tarabu-na-spatvzatie-zakona-o-envirofonde\/"},"wordCount":401,"publisher":{"@id":"https:\/\/www.smedemokrati.sk\/#organization"},"image":{"@id":"https:\/\/www.smedemokrati.sk\/po-fiasku-na-tripartite-vyzyvame-tarabu-na-spatvzatie-zakona-o-envirofonde\/#primaryimage"},"thumbnailUrl":"https:\/\/www.smedemokrati.sk\/wp-content\/uploads\/2024\/05\/taraba-amnestia-vyrub.jpg","articleSection":["Tla\u010dov\u00e9 spr\u00e1vy"],"inLanguage":"cs-CZ"},{"@type":"WebPage","@id":"https:\/\/www.smedemokrati.sk\/po-fiasku-na-tripartite-vyzyvame-tarabu-na-spatvzatie-zakona-o-envirofonde\/","url":"https:\/\/www.smedemokrati.sk\/po-fiasku-na-tripartite-vyzyvame-tarabu-na-spatvzatie-zakona-o-envirofonde\/","name":"Po fiasku na Tripartite vyz\u00fdvame Tarabu na sp\u00e4\u0165vzatie z\u00e1kona o envirofonde","isPartOf":{"@id":"https:\/\/www.smedemokrati.sk\/#website"},"primaryImageOfPage":{"@id":"https:\/\/www.smedemokrati.sk\/po-fiasku-na-tripartite-vyzyvame-tarabu-na-spatvzatie-zakona-o-envirofonde\/#primaryimage"},"image":{"@id":"https:\/\/www.smedemokrati.sk\/po-fiasku-na-tripartite-vyzyvame-tarabu-na-spatvzatie-zakona-o-envirofonde\/#primaryimage"},"thumbnailUrl":"https:\/\/www.smedemokrati.sk\/wp-content\/uploads\/2024\/05\/taraba-amnestia-vyrub.jpg","datePublished":"2025-10-10T12:45:59+00:00","dateModified":"2025-10-10T12:46:05+00:00","description":"Inak ako chrap\u00fa\u0148stvo sa ned\u00e1 nazva\u0165 dne\u0161n\u00e9 spr\u00e1vania ministra Tarabu na rokovan\u00ed Hospod\u00e1rskej a soci\u00e1lnej rady (HSR), vo\u010di ktor\u00e9mu sa ohradili aj z\u00e1stupcovia podnikate\u013esk\u00fdch zv\u00e4zov. Sp\u00f4sob, ak\u00fdm sa Taraba sna\u017e\u00ed zmocni\u0165 mili\u00e1rd v envirofonde a realizova\u0165 svoj pl\u00e1n na zo\u0161t\u00e1tnenie odpadov\u00e9ho hospod\u00e1rstva je vyslovene poburuj\u00faci. Po tom, \u010do ned\u00f4vodnos\u0165 skr\u00e1ten\u00e9ho legislat\u00edvneho konania kon\u0161tatoval aj \u00farad vl\u00e1dy, je jedin\u00fdm mo\u017en\u00fdm rie\u0161en\u00edm sp\u00e4\u0165vzatie n\u00e1vrhu z\u00e1kona, na \u010do ho vyz\u00fdvame.","breadcrumb":{"@id":"https:\/\/www.smedemokrati.sk\/po-fiasku-na-tripartite-vyzyvame-tarabu-na-spatvzatie-zakona-o-envirofonde\/#breadcrumb"},"inLanguage":"cs-CZ","potentialAction":[{"@type":"ReadAction","target":["https:\/\/www.smedemokrati.sk\/po-fiasku-na-tripartite-vyzyvame-tarabu-na-spatvzatie-zakona-o-envirofonde\/"]}]},{"@type":"ImageObject","inLanguage":"cs-CZ","@id":"https:\/\/www.smedemokrati.sk\/po-fiasku-na-tripartite-vyzyvame-tarabu-na-spatvzatie-zakona-o-envirofonde\/#primaryimage","url":"https:\/\/www.smedemokrati.sk\/wp-content\/uploads\/2024\/05\/taraba-amnestia-vyrub.jpg","contentUrl":"https:\/\/www.smedemokrati.sk\/wp-content\/uploads\/2024\/05\/taraba-amnestia-vyrub.jpg","width":1920,"height":1271},{"@type":"BreadcrumbList","@id":"https:\/\/www.smedemokrati.sk\/po-fiasku-na-tripartite-vyzyvame-tarabu-na-spatvzatie-zakona-o-envirofonde\/#breadcrumb","itemListElement":[{"@type":"ListItem","position":1,"name":"Domovsk\u00e1 str\u00e1nka","item":"https:\/\/www.smedemokrati.sk\/"},{"@type":"ListItem","position":2,"name":"Po fiasku na Tripartite vyz\u00fdvame Tarabu na sp\u00e4\u0165vzatie z\u00e1kona o envirofonde"}]},{"@type":"WebSite","@id":"https:\/\/www.smedemokrati.sk\/#website","url":"https:\/\/www.smedemokrati.sk\/","name":"Smedemokrati.sk","description":"Demokracia a slu\u0161nos\u0165 zv\u00ed\u0165az\u00ed","publisher":{"@id":"https:\/\/www.smedemokrati.sk\/#organization"},"potentialAction":[{"@type":"SearchAction","target":{"@type":"EntryPoint","urlTemplate":"https:\/\/www.smedemokrati.sk\/?s={search_term_string}"},"query-input":{"@type":"PropertyValueSpecification","valueRequired":true,"valueName":"search_term_string"}}],"inLanguage":"cs-CZ"},{"@type":"Organization","@id":"https:\/\/www.smedemokrati.sk\/#organization","name":"Smedemokrati.sk","url":"https:\/\/www.smedemokrati.sk\/","logo":{"@type":"ImageObject","inLanguage":"cs-CZ","@id":"https:\/\/www.smedemokrati.sk\/#\/schema\/logo\/image\/","url":"https:\/\/www.smedemokrati.sk\/wp-content\/uploads\/2023\/04\/ff.002.jpeg","contentUrl":"https:\/\/www.smedemokrati.sk\/wp-content\/uploads\/2023\/04\/ff.002.jpeg","width":640,"height":480,"caption":"Smedemokrati.sk"},"image":{"@id":"https:\/\/www.smedemokrati.sk\/#\/schema\/logo\/image\/"},"sameAs":["https:\/\/www.facebook.com\/smedemokrati2023"]},{"@type":"Person","@id":"https:\/\/www.smedemokrati.sk\/#\/schema\/person\/21f147c88d605aa7ded900e1e7c344ba","name":"miro.sopko","image":{"@type":"ImageObject","inLanguage":"cs-CZ","@id":"https:\/\/secure.gravatar.com\/avatar\/267e4a36f704376c109afe3a78740c1f5dd8675a2180a908699e7863c9247606?s=96&d=mm&r=g","url":"https:\/\/secure.gravatar.com\/avatar\/267e4a36f704376c109afe3a78740c1f5dd8675a2180a908699e7863c9247606?s=96&d=mm&r=g","contentUrl":"https:\/\/secure.gravatar.com\/avatar\/267e4a36f704376c109afe3a78740c1f5dd8675a2180a908699e7863c9247606?s=96&d=mm&r=g","caption":"miro.sopko"},"url":"https:\/\/www.smedemokrati.sk\/cs\/author\/miro-sopko\/"}]}},"_links":{"self":[{"href":"https:\/\/www.smedemokrati.sk\/cs\/wp-json\/wp\/v2\/posts\/8303","targetHints":{"allow":["GET"]}}],"collection":[{"href":"https:\/\/www.smedemokrati.sk\/cs\/wp-json\/wp\/v2\/posts"}],"about":[{"href":"https:\/\/www.smedemokrati.sk\/cs\/wp-json\/wp\/v2\/types\/post"}],"author":[{"embeddable":true,"href":"https:\/\/www.smedemokrati.sk\/cs\/wp-json\/wp\/v2\/users\/13"}],"replies":[{"embeddable":true,"href":"https:\/\/www.smedemokrati.sk\/cs\/wp-json\/wp\/v2\/comments?post=8303"}],"version-history":[{"count":1,"href":"https:\/\/www.smedemokrati.sk\/cs\/wp-json\/wp\/v2\/posts\/8303\/revisions"}],"predecessor-version":[{"id":8305,"href":"https:\/\/www.smedemokrati.sk\/cs\/wp-json\/wp\/v2\/posts\/8303\/revisions\/8305"}],"wp:featuredmedia":[{"embeddable":true,"href":"https:\/\/www.smedemokrati.sk\/cs\/wp-json\/wp\/v2\/media\/4207"}],"wp:attachment":[{"href":"https:\/\/www.smedemokrati.sk\/cs\/wp-json\/wp\/v2\/media?parent=8303"}],"wp:term":[{"taxonomy":"category","embeddable":true,"href":"https:\/\/www.smedemokrati.sk\/cs\/wp-json\/wp\/v2\/categories?post=8303"},{"taxonomy":"post_tag","embeddable":true,"href":"https:\/\/www.smedemokrati.sk\/cs\/wp-json\/wp\/v2\/tags?post=8303"}],"curies":[{"name":"wp","href":"https:\/\/api.w.org\/{rel}","templated":true}]}}