{"id":8301,"date":"2025-10-10T13:38:30","date_gmt":"2025-10-10T12:38:30","guid":{"rendered":"https:\/\/www.smedemokrati.sk\/?p=8301"},"modified":"2025-10-10T13:38:31","modified_gmt":"2025-10-10T12:38:31","slug":"agel-a-milionove-zakazky-ked-sa-uspech-lepi-na-prsty","status":"publish","type":"post","link":"https:\/\/www.smedemokrati.sk\/cs\/agel-a-milionove-zakazky-ked-sa-uspech-lepi-na-prsty\/","title":{"rendered":"Agel a mili\u00f3nov\u00e9 z\u00e1kazky: Ke\u010f sa \u00faspech lep\u00ed na prsty"},"content":{"rendered":"<div id=\"fb-root\"><\/div>\n\n<p><strong>Skupine AGEL a \u013eu\u010fom z okruhu Tom\u00e1\u0161a Chreneka sa mimoriadne dar\u00ed. K\u00fdm takmer z\u00edskali lukrat\u00edvny z\u00e1chran\u00e1rsky tender, v rezorte hospod\u00e1rstva u\u017e ich meno &#8222;\u017eiari naplno&#8220;. Od okt\u00f3bra 2024 z\u00edskala advok\u00e1tska kancel\u00e1ria Chrenek, Toman, Kotrba \u0161t\u00e1tne z\u00e1kazky za viac ako 1 mili\u00f3n eur, a to bez akejko\u013evek predch\u00e1dzaj\u00facej hist\u00f3rie vo verejnom sektore.<\/strong><\/p>\n\n\n\n<p>Najv\u00e4\u010d\u0161ie z\u00e1kazky prich\u00e1dzaj\u00fa od JAVYS-u, MH Invest, Tepl\u00e1rensk\u00e9ho holdingu \u010di Valaliky Industrial Park. V z\u00e1kulis\u00ed sa hovor\u00ed o \u201epokyne zhora\u201c, ktor\u00fd mala ministerka Sakov\u00e1 \u00fadajne dosta\u0165 od Mat\u00fa\u0161a \u0160utaja E\u0161toka a Petra Pellegriniho, pr\u00e1vne z\u00e1kazky mali smerova\u0165 pr\u00e1ve k tejto jednej kancel\u00e1rii. \u010co rob\u00ed t\u00fato kancel\u00e1riu tak v\u00fdnimo\u010dnou?<\/p>\n\n\n\n<p><em>\u201eKe\u010f niekto z ni\u010doho ni\u010d z\u00edska mili\u00f3nov\u00e9 \u0161t\u00e1tne z\u00e1kazky, verejnos\u0165 m\u00e1 pr\u00e1vo vedie\u0165 pre\u010do,\u201c<\/em>&nbsp;hovor\u00ed podpredseda Demokratov Juraj \u0160eliga.&nbsp;<em>\u201eBu\u010f ide o geni\u00e1lny pr\u00e1vny talent alebo o \u010dist\u00fd politick\u00fd biznis. A to je klientelizmus, nie \u00faspech.\u201c<\/em><\/p>\n\n\n\n<p>Verejn\u00e9 peniaze nesm\u00fa by\u0165 s\u00fakromn\u00fdm bankomatom pre vyvolen\u00fdch.&nbsp;<em>\u201eAk ide o \u0161ikovnos\u0165, nech sa s \u0148ou podelia. Ak o politick\u00e9 k\u0161efty, musia sa zodpoveda\u0165. Preto sme podali info\u017eiados\u0165 na ministerstvo hospod\u00e1rstva, kde sa p\u00fdtame, v \u010dom je \u00faspech tejto advok\u00e1tskej kancel\u00e1rie, \u017ee od okt\u00f3bra 2024 do dne\u0161n\u00e9ho d\u0148a z\u00edskala kontrakty za viac ako 1 000 000 eur?&#8220;&nbsp;<\/em>Uzavrel \u0160eliga.<\/p>\n\n\n\n<p>Podrobnej\u0161ie v statuse Juraja \u0160eligu:&nbsp;<a href=\"https:\/\/www.facebook.com\/photo\/?fbid=1310300617559301&#038;set=a.271266988129341\" target=\"_blank\" rel=\"noreferrer noopener\">https:\/\/www.facebook.com\/photo\/?fbid=1310300617559301&#038;set=a.271266988129341<\/a><\/p>\n","protected":false},"excerpt":{"rendered":"<p>Skupine AGEL a \u013eu\u010fom z okruhu Tom\u00e1\u0161a Chreneka sa mimoriadne dar\u00ed. K\u00fdm takmer z\u00edskali lukrat\u00edvny z\u00e1chran\u00e1rsky tender, v rezorte hospod\u00e1rstva u\u017e ich meno &#8222;\u017eiari naplno&#8220;. Od okt\u00f3bra 2024 z\u00edskala advok\u00e1tska kancel\u00e1ria Chrenek, Toman, Kotrba \u0161t\u00e1tne z\u00e1kazky za viac ako 1 mili\u00f3n eur, a to bez akejko\u013evek predch\u00e1dzaj\u00facej hist\u00f3rie vo verejnom sektore. Najv\u00e4\u010d\u0161ie z\u00e1kazky prich\u00e1dzaj\u00fa od [&hellip;]<\/p>\n","protected":false},"author":13,"featured_media":930,"comment_status":"closed","ping_status":"closed","sticky":false,"template":"","format":"standard","meta":{"_acf_changed":false,"ngg_post_thumbnail":0,"footnotes":""},"categories":[4],"tags":[],"class_list":["post-8301","post","type-post","status-publish","format-standard","has-post-thumbnail","hentry","category-tlacove-spravy"],"acf":[],"yoast_head":"<!-- This site is optimized with the Yoast SEO plugin v27.2 - https:\/\/yoast.com\/product\/yoast-seo-wordpress\/ -->\n<title>Agel a mili\u00f3nov\u00e9 z\u00e1kazky: Ke\u010f sa \u00faspech lep\u00ed na prsty<\/title>\n<meta name=\"robots\" content=\"index, follow, max-snippet:-1, max-image-preview:large, max-video-preview:-1\" \/>\n<link rel=\"canonical\" href=\"https:\/\/www.smedemokrati.sk\/cs\/agel-a-milionove-zakazky-ked-sa-uspech-lepi-na-prsty\/\" \/>\n<meta property=\"og:locale\" content=\"cs_CZ\" \/>\n<meta property=\"og:locale:alternate\" content=\"en_US\" \/>\n<meta property=\"og:locale:alternate\" content=\"hu_HU\" \/>\n<meta property=\"og:locale:alternate\" content=\"sk_SK\" \/>\n<meta property=\"og:locale:alternate\" content=\"sv_SE\" \/>\n<meta property=\"og:type\" content=\"article\" \/>\n<meta property=\"og:title\" content=\"Agel a mili\u00f3nov\u00e9 z\u00e1kazky: Ke\u010f sa \u00faspech lep\u00ed na prsty\" \/>\n<meta property=\"og:description\" content=\"Skupine AGEL a \u013eu\u010fom z okruhu Tom\u00e1\u0161a Chreneka sa mimoriadne dar\u00ed. K\u00fdm takmer z\u00edskali lukrat\u00edvny z\u00e1chran\u00e1rsky tender, v rezorte hospod\u00e1rstva u\u017e ich meno &#8222;\u017eiari naplno&#8220;. Od okt\u00f3bra 2024 z\u00edskala advok\u00e1tska kancel\u00e1ria Chrenek, Toman, Kotrba \u0161t\u00e1tne z\u00e1kazky za viac ako 1 mili\u00f3n eur, a to bez akejko\u013evek predch\u00e1dzaj\u00facej hist\u00f3rie vo verejnom sektore. Najv\u00e4\u010d\u0161ie z\u00e1kazky prich\u00e1dzaj\u00fa od [&hellip;]\" \/>\n<meta property=\"og:url\" content=\"https:\/\/www.smedemokrati.sk\/cs\/agel-a-milionove-zakazky-ked-sa-uspech-lepi-na-prsty\/\" \/>\n<meta property=\"og:site_name\" content=\"Smedemokrati.sk\" \/>\n<meta property=\"article:publisher\" content=\"https:\/\/www.facebook.com\/smedemokrati2023\" \/>\n<meta property=\"article:published_time\" content=\"2025-10-10T12:38:30+00:00\" \/>\n<meta property=\"article:modified_time\" content=\"2025-10-10T12:38:31+00:00\" \/>\n<meta property=\"og:image\" content=\"https:\/\/www.smedemokrati.sk\/wp-content\/uploads\/2023\/04\/Images_web_portety_JS.jpg\" \/>\n\t<meta property=\"og:image:width\" content=\"1520\" \/>\n\t<meta property=\"og:image:height\" content=\"1080\" \/>\n\t<meta property=\"og:image:type\" content=\"image\/jpeg\" \/>\n<meta name=\"author\" content=\"miro.sopko\" \/>\n<meta name=\"twitter:card\" content=\"summary_large_image\" \/>\n<meta name=\"twitter:label1\" content=\"Napsal(a)\" \/>\n\t<meta name=\"twitter:data1\" content=\"miro.sopko\" \/>\n\t<meta name=\"twitter:label2\" content=\"Odhadovan\u00e1 doba \u010dten\u00ed\" \/>\n\t<meta name=\"twitter:data2\" content=\"2 minuty\" \/>\n<script type=\"application\/ld+json\" class=\"yoast-schema-graph\">{\"@context\":\"https:\/\/schema.org\",\"@graph\":[{\"@type\":\"Article\",\"@id\":\"https:\/\/www.smedemokrati.sk\/agel-a-milionove-zakazky-ked-sa-uspech-lepi-na-prsty\/#article\",\"isPartOf\":{\"@id\":\"https:\/\/www.smedemokrati.sk\/agel-a-milionove-zakazky-ked-sa-uspech-lepi-na-prsty\/\"},\"author\":{\"name\":\"miro.sopko\",\"@id\":\"https:\/\/www.smedemokrati.sk\/#\/schema\/person\/21f147c88d605aa7ded900e1e7c344ba\"},\"headline\":\"Agel a mili\u00f3nov\u00e9 z\u00e1kazky: Ke\u010f sa \u00faspech lep\u00ed na prsty\",\"datePublished\":\"2025-10-10T12:38:30+00:00\",\"dateModified\":\"2025-10-10T12:38:31+00:00\",\"mainEntityOfPage\":{\"@id\":\"https:\/\/www.smedemokrati.sk\/agel-a-milionove-zakazky-ked-sa-uspech-lepi-na-prsty\/\"},\"wordCount\":280,\"publisher\":{\"@id\":\"https:\/\/www.smedemokrati.sk\/#organization\"},\"image\":{\"@id\":\"https:\/\/www.smedemokrati.sk\/agel-a-milionove-zakazky-ked-sa-uspech-lepi-na-prsty\/#primaryimage\"},\"thumbnailUrl\":\"https:\/\/www.smedemokrati.sk\/wp-content\/uploads\/2023\/04\/Images_web_portety_JS.jpg\",\"articleSection\":[\"Tla\u010dov\u00e9 spr\u00e1vy\"],\"inLanguage\":\"cs-CZ\"},{\"@type\":\"WebPage\",\"@id\":\"https:\/\/www.smedemokrati.sk\/agel-a-milionove-zakazky-ked-sa-uspech-lepi-na-prsty\/\",\"url\":\"https:\/\/www.smedemokrati.sk\/agel-a-milionove-zakazky-ked-sa-uspech-lepi-na-prsty\/\",\"name\":\"Agel a mili\u00f3nov\u00e9 z\u00e1kazky: Ke\u010f sa \u00faspech lep\u00ed na prsty\",\"isPartOf\":{\"@id\":\"https:\/\/www.smedemokrati.sk\/#website\"},\"primaryImageOfPage\":{\"@id\":\"https:\/\/www.smedemokrati.sk\/agel-a-milionove-zakazky-ked-sa-uspech-lepi-na-prsty\/#primaryimage\"},\"image\":{\"@id\":\"https:\/\/www.smedemokrati.sk\/agel-a-milionove-zakazky-ked-sa-uspech-lepi-na-prsty\/#primaryimage\"},\"thumbnailUrl\":\"https:\/\/www.smedemokrati.sk\/wp-content\/uploads\/2023\/04\/Images_web_portety_JS.jpg\",\"datePublished\":\"2025-10-10T12:38:30+00:00\",\"dateModified\":\"2025-10-10T12:38:31+00:00\",\"breadcrumb\":{\"@id\":\"https:\/\/www.smedemokrati.sk\/agel-a-milionove-zakazky-ked-sa-uspech-lepi-na-prsty\/#breadcrumb\"},\"inLanguage\":\"cs-CZ\",\"potentialAction\":[{\"@type\":\"ReadAction\",\"target\":[\"https:\/\/www.smedemokrati.sk\/agel-a-milionove-zakazky-ked-sa-uspech-lepi-na-prsty\/\"]}]},{\"@type\":\"ImageObject\",\"inLanguage\":\"cs-CZ\",\"@id\":\"https:\/\/www.smedemokrati.sk\/agel-a-milionove-zakazky-ked-sa-uspech-lepi-na-prsty\/#primaryimage\",\"url\":\"https:\/\/www.smedemokrati.sk\/wp-content\/uploads\/2023\/04\/Images_web_portety_JS.jpg\",\"contentUrl\":\"https:\/\/www.smedemokrati.sk\/wp-content\/uploads\/2023\/04\/Images_web_portety_JS.jpg\",\"width\":1520,\"height\":1080},{\"@type\":\"BreadcrumbList\",\"@id\":\"https:\/\/www.smedemokrati.sk\/agel-a-milionove-zakazky-ked-sa-uspech-lepi-na-prsty\/#breadcrumb\",\"itemListElement\":[{\"@type\":\"ListItem\",\"position\":1,\"name\":\"Domovsk\u00e1 str\u00e1nka\",\"item\":\"https:\/\/www.smedemokrati.sk\/\"},{\"@type\":\"ListItem\",\"position\":2,\"name\":\"Agel a mili\u00f3nov\u00e9 z\u00e1kazky: Ke\u010f sa \u00faspech lep\u00ed na prsty\"}]},{\"@type\":\"WebSite\",\"@id\":\"https:\/\/www.smedemokrati.sk\/#website\",\"url\":\"https:\/\/www.smedemokrati.sk\/\",\"name\":\"Smedemokrati.sk\",\"description\":\"Demokracia a slu\u0161nos\u0165 zv\u00ed\u0165az\u00ed\",\"publisher\":{\"@id\":\"https:\/\/www.smedemokrati.sk\/#organization\"},\"potentialAction\":[{\"@type\":\"SearchAction\",\"target\":{\"@type\":\"EntryPoint\",\"urlTemplate\":\"https:\/\/www.smedemokrati.sk\/?s={search_term_string}\"},\"query-input\":{\"@type\":\"PropertyValueSpecification\",\"valueRequired\":true,\"valueName\":\"search_term_string\"}}],\"inLanguage\":\"cs-CZ\"},{\"@type\":\"Organization\",\"@id\":\"https:\/\/www.smedemokrati.sk\/#organization\",\"name\":\"Smedemokrati.sk\",\"url\":\"https:\/\/www.smedemokrati.sk\/\",\"logo\":{\"@type\":\"ImageObject\",\"inLanguage\":\"cs-CZ\",\"@id\":\"https:\/\/www.smedemokrati.sk\/#\/schema\/logo\/image\/\",\"url\":\"https:\/\/www.smedemokrati.sk\/wp-content\/uploads\/2023\/04\/ff.002.jpeg\",\"contentUrl\":\"https:\/\/www.smedemokrati.sk\/wp-content\/uploads\/2023\/04\/ff.002.jpeg\",\"width\":640,\"height\":480,\"caption\":\"Smedemokrati.sk\"},\"image\":{\"@id\":\"https:\/\/www.smedemokrati.sk\/#\/schema\/logo\/image\/\"},\"sameAs\":[\"https:\/\/www.facebook.com\/smedemokrati2023\"]},{\"@type\":\"Person\",\"@id\":\"https:\/\/www.smedemokrati.sk\/#\/schema\/person\/21f147c88d605aa7ded900e1e7c344ba\",\"name\":\"miro.sopko\",\"image\":{\"@type\":\"ImageObject\",\"inLanguage\":\"cs-CZ\",\"@id\":\"https:\/\/secure.gravatar.com\/avatar\/267e4a36f704376c109afe3a78740c1f5dd8675a2180a908699e7863c9247606?s=96&d=mm&r=g\",\"url\":\"https:\/\/secure.gravatar.com\/avatar\/267e4a36f704376c109afe3a78740c1f5dd8675a2180a908699e7863c9247606?s=96&d=mm&r=g\",\"contentUrl\":\"https:\/\/secure.gravatar.com\/avatar\/267e4a36f704376c109afe3a78740c1f5dd8675a2180a908699e7863c9247606?s=96&d=mm&r=g\",\"caption\":\"miro.sopko\"},\"url\":\"https:\/\/www.smedemokrati.sk\/cs\/author\/miro-sopko\/\"}]}<\/script>\n<!-- \/ Yoast SEO plugin. -->","yoast_head_json":{"title":"Agel a mili\u00f3nov\u00e9 z\u00e1kazky: Ke\u010f sa \u00faspech lep\u00ed na prsty","robots":{"index":"index","follow":"follow","max-snippet":"max-snippet:-1","max-image-preview":"max-image-preview:large","max-video-preview":"max-video-preview:-1"},"canonical":"https:\/\/www.smedemokrati.sk\/cs\/agel-a-milionove-zakazky-ked-sa-uspech-lepi-na-prsty\/","og_locale":"cs_CZ","og_type":"article","og_title":"[:sk]Agel a mili\u00f3nov\u00e9 z\u00e1kazky: Ke\u010f sa \u00faspech lep\u00ed na prsty[:] - Smedemokrati.sk","og_description":"Skupine AGEL a \u013eu\u010fom z okruhu Tom\u00e1\u0161a Chreneka sa mimoriadne dar\u00ed. K\u00fdm takmer z\u00edskali lukrat\u00edvny z\u00e1chran\u00e1rsky tender, v rezorte hospod\u00e1rstva u\u017e ich meno &#8222;\u017eiari naplno&#8220;. Od okt\u00f3bra 2024 z\u00edskala advok\u00e1tska kancel\u00e1ria Chrenek, Toman, Kotrba \u0161t\u00e1tne z\u00e1kazky za viac ako 1 mili\u00f3n eur, a to bez akejko\u013evek predch\u00e1dzaj\u00facej hist\u00f3rie vo verejnom sektore. Najv\u00e4\u010d\u0161ie z\u00e1kazky prich\u00e1dzaj\u00fa od [&hellip;]","og_url":"https:\/\/www.smedemokrati.sk\/cs\/agel-a-milionove-zakazky-ked-sa-uspech-lepi-na-prsty\/","og_site_name":"Smedemokrati.sk","article_publisher":"https:\/\/www.facebook.com\/smedemokrati2023","article_published_time":"2025-10-10T12:38:30+00:00","article_modified_time":"2025-10-10T12:38:31+00:00","og_image":[{"width":1520,"height":1080,"url":"https:\/\/www.smedemokrati.sk\/wp-content\/uploads\/2023\/04\/Images_web_portety_JS.jpg","type":"image\/jpeg"}],"author":"miro.sopko","twitter_card":"summary_large_image","twitter_misc":{"Napsal(a)":"miro.sopko","Odhadovan\u00e1 doba \u010dten\u00ed":"2 minuty"},"schema":{"@context":"https:\/\/schema.org","@graph":[{"@type":"Article","@id":"https:\/\/www.smedemokrati.sk\/agel-a-milionove-zakazky-ked-sa-uspech-lepi-na-prsty\/#article","isPartOf":{"@id":"https:\/\/www.smedemokrati.sk\/agel-a-milionove-zakazky-ked-sa-uspech-lepi-na-prsty\/"},"author":{"name":"miro.sopko","@id":"https:\/\/www.smedemokrati.sk\/#\/schema\/person\/21f147c88d605aa7ded900e1e7c344ba"},"headline":"Agel a mili\u00f3nov\u00e9 z\u00e1kazky: Ke\u010f sa \u00faspech lep\u00ed na prsty","datePublished":"2025-10-10T12:38:30+00:00","dateModified":"2025-10-10T12:38:31+00:00","mainEntityOfPage":{"@id":"https:\/\/www.smedemokrati.sk\/agel-a-milionove-zakazky-ked-sa-uspech-lepi-na-prsty\/"},"wordCount":280,"publisher":{"@id":"https:\/\/www.smedemokrati.sk\/#organization"},"image":{"@id":"https:\/\/www.smedemokrati.sk\/agel-a-milionove-zakazky-ked-sa-uspech-lepi-na-prsty\/#primaryimage"},"thumbnailUrl":"https:\/\/www.smedemokrati.sk\/wp-content\/uploads\/2023\/04\/Images_web_portety_JS.jpg","articleSection":["Tla\u010dov\u00e9 spr\u00e1vy"],"inLanguage":"cs-CZ"},{"@type":"WebPage","@id":"https:\/\/www.smedemokrati.sk\/agel-a-milionove-zakazky-ked-sa-uspech-lepi-na-prsty\/","url":"https:\/\/www.smedemokrati.sk\/agel-a-milionove-zakazky-ked-sa-uspech-lepi-na-prsty\/","name":"Agel a mili\u00f3nov\u00e9 z\u00e1kazky: Ke\u010f sa \u00faspech lep\u00ed na prsty","isPartOf":{"@id":"https:\/\/www.smedemokrati.sk\/#website"},"primaryImageOfPage":{"@id":"https:\/\/www.smedemokrati.sk\/agel-a-milionove-zakazky-ked-sa-uspech-lepi-na-prsty\/#primaryimage"},"image":{"@id":"https:\/\/www.smedemokrati.sk\/agel-a-milionove-zakazky-ked-sa-uspech-lepi-na-prsty\/#primaryimage"},"thumbnailUrl":"https:\/\/www.smedemokrati.sk\/wp-content\/uploads\/2023\/04\/Images_web_portety_JS.jpg","datePublished":"2025-10-10T12:38:30+00:00","dateModified":"2025-10-10T12:38:31+00:00","breadcrumb":{"@id":"https:\/\/www.smedemokrati.sk\/agel-a-milionove-zakazky-ked-sa-uspech-lepi-na-prsty\/#breadcrumb"},"inLanguage":"cs-CZ","potentialAction":[{"@type":"ReadAction","target":["https:\/\/www.smedemokrati.sk\/agel-a-milionove-zakazky-ked-sa-uspech-lepi-na-prsty\/"]}]},{"@type":"ImageObject","inLanguage":"cs-CZ","@id":"https:\/\/www.smedemokrati.sk\/agel-a-milionove-zakazky-ked-sa-uspech-lepi-na-prsty\/#primaryimage","url":"https:\/\/www.smedemokrati.sk\/wp-content\/uploads\/2023\/04\/Images_web_portety_JS.jpg","contentUrl":"https:\/\/www.smedemokrati.sk\/wp-content\/uploads\/2023\/04\/Images_web_portety_JS.jpg","width":1520,"height":1080},{"@type":"BreadcrumbList","@id":"https:\/\/www.smedemokrati.sk\/agel-a-milionove-zakazky-ked-sa-uspech-lepi-na-prsty\/#breadcrumb","itemListElement":[{"@type":"ListItem","position":1,"name":"Domovsk\u00e1 str\u00e1nka","item":"https:\/\/www.smedemokrati.sk\/"},{"@type":"ListItem","position":2,"name":"Agel a mili\u00f3nov\u00e9 z\u00e1kazky: Ke\u010f sa \u00faspech lep\u00ed na prsty"}]},{"@type":"WebSite","@id":"https:\/\/www.smedemokrati.sk\/#website","url":"https:\/\/www.smedemokrati.sk\/","name":"Smedemokrati.sk","description":"Demokracia a slu\u0161nos\u0165 zv\u00ed\u0165az\u00ed","publisher":{"@id":"https:\/\/www.smedemokrati.sk\/#organization"},"potentialAction":[{"@type":"SearchAction","target":{"@type":"EntryPoint","urlTemplate":"https:\/\/www.smedemokrati.sk\/?s={search_term_string}"},"query-input":{"@type":"PropertyValueSpecification","valueRequired":true,"valueName":"search_term_string"}}],"inLanguage":"cs-CZ"},{"@type":"Organization","@id":"https:\/\/www.smedemokrati.sk\/#organization","name":"Smedemokrati.sk","url":"https:\/\/www.smedemokrati.sk\/","logo":{"@type":"ImageObject","inLanguage":"cs-CZ","@id":"https:\/\/www.smedemokrati.sk\/#\/schema\/logo\/image\/","url":"https:\/\/www.smedemokrati.sk\/wp-content\/uploads\/2023\/04\/ff.002.jpeg","contentUrl":"https:\/\/www.smedemokrati.sk\/wp-content\/uploads\/2023\/04\/ff.002.jpeg","width":640,"height":480,"caption":"Smedemokrati.sk"},"image":{"@id":"https:\/\/www.smedemokrati.sk\/#\/schema\/logo\/image\/"},"sameAs":["https:\/\/www.facebook.com\/smedemokrati2023"]},{"@type":"Person","@id":"https:\/\/www.smedemokrati.sk\/#\/schema\/person\/21f147c88d605aa7ded900e1e7c344ba","name":"miro.sopko","image":{"@type":"ImageObject","inLanguage":"cs-CZ","@id":"https:\/\/secure.gravatar.com\/avatar\/267e4a36f704376c109afe3a78740c1f5dd8675a2180a908699e7863c9247606?s=96&d=mm&r=g","url":"https:\/\/secure.gravatar.com\/avatar\/267e4a36f704376c109afe3a78740c1f5dd8675a2180a908699e7863c9247606?s=96&d=mm&r=g","contentUrl":"https:\/\/secure.gravatar.com\/avatar\/267e4a36f704376c109afe3a78740c1f5dd8675a2180a908699e7863c9247606?s=96&d=mm&r=g","caption":"miro.sopko"},"url":"https:\/\/www.smedemokrati.sk\/cs\/author\/miro-sopko\/"}]}},"_links":{"self":[{"href":"https:\/\/www.smedemokrati.sk\/cs\/wp-json\/wp\/v2\/posts\/8301","targetHints":{"allow":["GET"]}}],"collection":[{"href":"https:\/\/www.smedemokrati.sk\/cs\/wp-json\/wp\/v2\/posts"}],"about":[{"href":"https:\/\/www.smedemokrati.sk\/cs\/wp-json\/wp\/v2\/types\/post"}],"author":[{"embeddable":true,"href":"https:\/\/www.smedemokrati.sk\/cs\/wp-json\/wp\/v2\/users\/13"}],"replies":[{"embeddable":true,"href":"https:\/\/www.smedemokrati.sk\/cs\/wp-json\/wp\/v2\/comments?post=8301"}],"version-history":[{"count":1,"href":"https:\/\/www.smedemokrati.sk\/cs\/wp-json\/wp\/v2\/posts\/8301\/revisions"}],"predecessor-version":[{"id":8302,"href":"https:\/\/www.smedemokrati.sk\/cs\/wp-json\/wp\/v2\/posts\/8301\/revisions\/8302"}],"wp:featuredmedia":[{"embeddable":true,"href":"https:\/\/www.smedemokrati.sk\/cs\/wp-json\/wp\/v2\/media\/930"}],"wp:attachment":[{"href":"https:\/\/www.smedemokrati.sk\/cs\/wp-json\/wp\/v2\/media?parent=8301"}],"wp:term":[{"taxonomy":"category","embeddable":true,"href":"https:\/\/www.smedemokrati.sk\/cs\/wp-json\/wp\/v2\/categories?post=8301"},{"taxonomy":"post_tag","embeddable":true,"href":"https:\/\/www.smedemokrati.sk\/cs\/wp-json\/wp\/v2\/tags?post=8301"}],"curies":[{"name":"wp","href":"https:\/\/api.w.org\/{rel}","templated":true}]}}