{"id":8291,"date":"2025-10-06T21:33:48","date_gmt":"2025-10-06T20:33:48","guid":{"rendered":"https:\/\/www.smedemokrati.sk\/?p=8291"},"modified":"2025-10-06T21:33:49","modified_gmt":"2025-10-06T20:33:49","slug":"postup-vlady-ktora-potichu-predlozila-dalsiu-reviziu-planu-obnovy-porusuje-zakon","status":"publish","type":"post","link":"https:\/\/www.smedemokrati.sk\/cs\/postup-vlady-ktora-potichu-predlozila-dalsiu-reviziu-planu-obnovy-porusuje-zakon\/","title":{"rendered":"Postup vl\u00e1dy, ktor\u00e1 potichu predlo\u017eila \u010fal\u0161iu rev\u00edziu pl\u00e1nu obnovy, poru\u0161uje z\u00e1kon"},"content":{"rendered":"<div id=\"fb-root\"><\/div>\n\n<p><strong>Pod\u013ea ofici\u00e1lnych inform\u00e1ci\u00ed, na ktor\u00e9 pouk\u00e1zal aj port\u00e1l Euractiv, Slovensko v tichosti predlo\u017eilo Eur\u00f3pskej komisii (EK) minul\u00fd t\u00fd\u017ede\u0148 (2. okt\u00f3bra) u\u017e druh\u00fa rev\u00edziu Pl\u00e1nu obnovy a odolnosti. Udialo sa tak v rozpore so z\u00e1konom \u2013 bez jej schv\u00e1lenia vl\u00e1dou a bez pripomienkov\u00e9ho konania. Podpredseda vl\u00e1dy Kmec navy\u0161e odmietol zverejni\u0165, ak\u00e9 zmeny vl\u00e1da do pl\u00e1nu zapracovala. Vyz\u00fdvame ho preto na ich okam\u017eit\u00e9 zverejnenie.<\/strong><\/p>\n\n\n\n<p><em>\u201eSp\u00f4sob, ak\u00fdm vl\u00e1da postupuje pri \u010fal\u0161ej rev\u00edzii pl\u00e1nu obnovy, pova\u017eujeme za neakceptovate\u013en\u00fd. Deje sa za zatvoren\u00fdmi dverami, potichu a bez akejko\u013evek particip\u00e1cie. Nikto z relevantn\u00fdch subjektov netu\u0161\u00ed, \u010do v nej je. Za \u00fadajn\u00fdmi technick\u00fdmi zmenami sa m\u00f4\u017eu skr\u00fdva\u0165 \u010fal\u0161ie \u0161krty v invest\u00edci\u00e1ch \u010di oslabovanie reforiem,\u201c<\/em>&nbsp;uviedol Michal Ki\u010da, \u010dlen predsedn\u00edctva Demokratov a environment\u00e1lny expert, ktor\u00fd sa podie\u013eal na tvorbe Pl\u00e1nu obnovy.<\/p>\n\n\n\n<p><em>\u201eRev\u00edzia nebola predmetom pripomienkov\u00e9ho konania a jej n\u00e1vrh neschv\u00e1lila ani vl\u00e1da, \u010do pova\u017eujem za hrub\u00e9 poru\u0161enie z\u00e1kona o mechanizme na podporu obnovy a odolnosti. Vl\u00e1da o\u010dividne nest\u00edha, z premiantov Pl\u00e1nu obnovy sme sa prepadli na jeho chvost. Aby svoje zlyhania zakryla, cel\u00fd proces utajuje. Vyz\u00fdvame podpredsedu vl\u00e1dy Kmeca, aby bezodkladne zverejnil obsah druhej rev\u00edzie,\u201c<\/em>&nbsp;dodal Ki\u010da.<\/p>\n\n\n\n<p>Vl\u00e1dna koal\u00edcia z\u00e1rove\u0148 obi\u0161la aj svoju vlastn\u00fa prax. Pri predch\u00e1dzaj\u00facej rev\u00edzii toti\u017e vl\u00e1da najsk\u00f4r schv\u00e1lila r\u00e1mec pre rev\u00edziu (15. janu\u00e1ra 2025), ktor\u00fd aj zverejnila a a\u017e n\u00e1sledne podala ofici\u00e1lny n\u00e1vrh Eur\u00f3pskej komisii (21. marca 2025). Teraz v\u0161ak neschv\u00e1lila ani r\u00e1mec a priamo podala \u017eiados\u0165 o rev\u00edziu EK.<\/p>\n\n\n\n<p><em>\u201e\u010co sa sna\u017e\u00ed podpredseda vl\u00e1dy Kmec a cel\u00e1 vl\u00e1dna koal\u00edcia utaji\u0165 pred verejnos\u0165ou? Neschopnos\u0165 alebo \u010fal\u0161ie k\u0161eft\u00e1rske sch\u00e9my?\u201c<\/em>&nbsp;p\u00fdtaj\u00fa sa Demokrati.<\/p>\n\n\n\n<p><em>\u201ePova\u017eujeme za nepr\u00edpustn\u00e9, aby sa o miliard\u00e1ch ur\u010den\u00fdch na moderniz\u00e1ciu Slovenska rozhodovalo bez verejnosti, bez zapojenia soci\u00e1lnych partnerov a v\u00fdlu\u010dne pod\u013ea v\u00f4le vl\u00e1dnej koal\u00edcie. Pripom\u00edname, \u017ee po\u010das n\u00e1\u0161ho p\u00f4sobenia bola pr\u00edprava nielen samotn\u00e9ho Pl\u00e1nu obnovy, ale aj jeho prvej rev\u00edzie predmetom \u0161irok\u00fdch diskusi\u00ed, pripomienkov\u00e9ho konania a re\u0161pektovala z\u00e1kon,\u201c<\/em>&nbsp;uzatv\u00e1raj\u00fa Demokrati.<\/p>\n","protected":false},"excerpt":{"rendered":"<p>Pod\u013ea ofici\u00e1lnych inform\u00e1ci\u00ed, na ktor\u00e9 pouk\u00e1zal aj port\u00e1l Euractiv, Slovensko v tichosti predlo\u017eilo Eur\u00f3pskej komisii (EK) minul\u00fd t\u00fd\u017ede\u0148 (2. okt\u00f3bra) u\u017e druh\u00fa rev\u00edziu Pl\u00e1nu obnovy a odolnosti. Udialo sa tak v rozpore so z\u00e1konom \u2013 bez jej schv\u00e1lenia vl\u00e1dou a bez pripomienkov\u00e9ho konania. Podpredseda vl\u00e1dy Kmec navy\u0161e odmietol zverejni\u0165, ak\u00e9 zmeny vl\u00e1da do pl\u00e1nu zapracovala. [&hellip;]<\/p>\n","protected":false},"author":13,"featured_media":385,"comment_status":"closed","ping_status":"closed","sticky":false,"template":"","format":"standard","meta":{"_acf_changed":false,"ngg_post_thumbnail":0,"footnotes":""},"categories":[4],"tags":[],"class_list":["post-8291","post","type-post","status-publish","format-standard","has-post-thumbnail","hentry","category-tlacove-spravy"],"acf":[],"yoast_head":"<!-- This site is optimized with the Yoast SEO plugin v27.2 - https:\/\/yoast.com\/product\/yoast-seo-wordpress\/ -->\n<title>Postup vl\u00e1dy, ktor\u00e1 potichu predlo\u017eila \u010fal\u0161iu rev\u00edziu pl\u00e1nu obnovy, poru\u0161uje z\u00e1kon<\/title>\n<meta name=\"robots\" content=\"index, follow, max-snippet:-1, max-image-preview:large, max-video-preview:-1\" \/>\n<link rel=\"canonical\" href=\"https:\/\/www.smedemokrati.sk\/cs\/postup-vlady-ktora-potichu-predlozila-dalsiu-reviziu-planu-obnovy-porusuje-zakon\/\" \/>\n<meta property=\"og:locale\" content=\"cs_CZ\" \/>\n<meta property=\"og:locale:alternate\" content=\"en_US\" \/>\n<meta property=\"og:locale:alternate\" content=\"hu_HU\" \/>\n<meta property=\"og:locale:alternate\" content=\"sk_SK\" \/>\n<meta property=\"og:locale:alternate\" content=\"sv_SE\" \/>\n<meta property=\"og:type\" content=\"article\" \/>\n<meta property=\"og:title\" content=\"Postup vl\u00e1dy, ktor\u00e1 potichu predlo\u017eila \u010fal\u0161iu rev\u00edziu pl\u00e1nu obnovy, poru\u0161uje z\u00e1kon\" \/>\n<meta property=\"og:description\" content=\"Pod\u013ea ofici\u00e1lnych inform\u00e1ci\u00ed, na ktor\u00e9 pouk\u00e1zal aj port\u00e1l Euractiv, Slovensko v tichosti predlo\u017eilo Eur\u00f3pskej komisii (EK) minul\u00fd t\u00fd\u017ede\u0148 (2. okt\u00f3bra) u\u017e druh\u00fa rev\u00edziu Pl\u00e1nu obnovy a odolnosti. Udialo sa tak v rozpore so z\u00e1konom \u2013 bez jej schv\u00e1lenia vl\u00e1dou a bez pripomienkov\u00e9ho konania. Podpredseda vl\u00e1dy Kmec navy\u0161e odmietol zverejni\u0165, ak\u00e9 zmeny vl\u00e1da do pl\u00e1nu zapracovala. [&hellip;]\" \/>\n<meta property=\"og:url\" content=\"https:\/\/www.smedemokrati.sk\/cs\/postup-vlady-ktora-potichu-predlozila-dalsiu-reviziu-planu-obnovy-porusuje-zakon\/\" \/>\n<meta property=\"og:site_name\" content=\"Smedemokrati.sk\" \/>\n<meta property=\"article:publisher\" content=\"https:\/\/www.facebook.com\/smedemokrati2023\" \/>\n<meta property=\"article:published_time\" content=\"2025-10-06T20:33:48+00:00\" \/>\n<meta property=\"article:modified_time\" content=\"2025-10-06T20:33:49+00:00\" \/>\n<meta property=\"og:image\" content=\"https:\/\/www.smedemokrati.sk\/wp-content\/uploads\/2023\/04\/MKica.jpg\" \/>\n\t<meta property=\"og:image:width\" content=\"1520\" \/>\n\t<meta property=\"og:image:height\" content=\"1080\" \/>\n\t<meta property=\"og:image:type\" content=\"image\/jpeg\" \/>\n<meta name=\"author\" content=\"miro.sopko\" \/>\n<meta name=\"twitter:card\" content=\"summary_large_image\" \/>\n<meta name=\"twitter:label1\" content=\"Napsal(a)\" \/>\n\t<meta name=\"twitter:data1\" content=\"miro.sopko\" \/>\n\t<meta name=\"twitter:label2\" content=\"Odhadovan\u00e1 doba \u010dten\u00ed\" \/>\n\t<meta name=\"twitter:data2\" content=\"2 minuty\" \/>\n<script type=\"application\/ld+json\" class=\"yoast-schema-graph\">{\"@context\":\"https:\/\/schema.org\",\"@graph\":[{\"@type\":\"Article\",\"@id\":\"https:\/\/www.smedemokrati.sk\/postup-vlady-ktora-potichu-predlozila-dalsiu-reviziu-planu-obnovy-porusuje-zakon\/#article\",\"isPartOf\":{\"@id\":\"https:\/\/www.smedemokrati.sk\/postup-vlady-ktora-potichu-predlozila-dalsiu-reviziu-planu-obnovy-porusuje-zakon\/\"},\"author\":{\"name\":\"miro.sopko\",\"@id\":\"https:\/\/www.smedemokrati.sk\/#\/schema\/person\/21f147c88d605aa7ded900e1e7c344ba\"},\"headline\":\"Postup vl\u00e1dy, ktor\u00e1 potichu predlo\u017eila \u010fal\u0161iu rev\u00edziu pl\u00e1nu obnovy, poru\u0161uje z\u00e1kon\",\"datePublished\":\"2025-10-06T20:33:48+00:00\",\"dateModified\":\"2025-10-06T20:33:49+00:00\",\"mainEntityOfPage\":{\"@id\":\"https:\/\/www.smedemokrati.sk\/postup-vlady-ktora-potichu-predlozila-dalsiu-reviziu-planu-obnovy-porusuje-zakon\/\"},\"wordCount\":432,\"publisher\":{\"@id\":\"https:\/\/www.smedemokrati.sk\/#organization\"},\"image\":{\"@id\":\"https:\/\/www.smedemokrati.sk\/postup-vlady-ktora-potichu-predlozila-dalsiu-reviziu-planu-obnovy-porusuje-zakon\/#primaryimage\"},\"thumbnailUrl\":\"https:\/\/www.smedemokrati.sk\/wp-content\/uploads\/2023\/04\/MKica.jpg\",\"articleSection\":[\"Tla\u010dov\u00e9 spr\u00e1vy\"],\"inLanguage\":\"cs-CZ\"},{\"@type\":\"WebPage\",\"@id\":\"https:\/\/www.smedemokrati.sk\/postup-vlady-ktora-potichu-predlozila-dalsiu-reviziu-planu-obnovy-porusuje-zakon\/\",\"url\":\"https:\/\/www.smedemokrati.sk\/postup-vlady-ktora-potichu-predlozila-dalsiu-reviziu-planu-obnovy-porusuje-zakon\/\",\"name\":\"Postup vl\u00e1dy, ktor\u00e1 potichu predlo\u017eila \u010fal\u0161iu rev\u00edziu pl\u00e1nu obnovy, poru\u0161uje z\u00e1kon\",\"isPartOf\":{\"@id\":\"https:\/\/www.smedemokrati.sk\/#website\"},\"primaryImageOfPage\":{\"@id\":\"https:\/\/www.smedemokrati.sk\/postup-vlady-ktora-potichu-predlozila-dalsiu-reviziu-planu-obnovy-porusuje-zakon\/#primaryimage\"},\"image\":{\"@id\":\"https:\/\/www.smedemokrati.sk\/postup-vlady-ktora-potichu-predlozila-dalsiu-reviziu-planu-obnovy-porusuje-zakon\/#primaryimage\"},\"thumbnailUrl\":\"https:\/\/www.smedemokrati.sk\/wp-content\/uploads\/2023\/04\/MKica.jpg\",\"datePublished\":\"2025-10-06T20:33:48+00:00\",\"dateModified\":\"2025-10-06T20:33:49+00:00\",\"breadcrumb\":{\"@id\":\"https:\/\/www.smedemokrati.sk\/postup-vlady-ktora-potichu-predlozila-dalsiu-reviziu-planu-obnovy-porusuje-zakon\/#breadcrumb\"},\"inLanguage\":\"cs-CZ\",\"potentialAction\":[{\"@type\":\"ReadAction\",\"target\":[\"https:\/\/www.smedemokrati.sk\/postup-vlady-ktora-potichu-predlozila-dalsiu-reviziu-planu-obnovy-porusuje-zakon\/\"]}]},{\"@type\":\"ImageObject\",\"inLanguage\":\"cs-CZ\",\"@id\":\"https:\/\/www.smedemokrati.sk\/postup-vlady-ktora-potichu-predlozila-dalsiu-reviziu-planu-obnovy-porusuje-zakon\/#primaryimage\",\"url\":\"https:\/\/www.smedemokrati.sk\/wp-content\/uploads\/2023\/04\/MKica.jpg\",\"contentUrl\":\"https:\/\/www.smedemokrati.sk\/wp-content\/uploads\/2023\/04\/MKica.jpg\",\"width\":1520,\"height\":1080},{\"@type\":\"BreadcrumbList\",\"@id\":\"https:\/\/www.smedemokrati.sk\/postup-vlady-ktora-potichu-predlozila-dalsiu-reviziu-planu-obnovy-porusuje-zakon\/#breadcrumb\",\"itemListElement\":[{\"@type\":\"ListItem\",\"position\":1,\"name\":\"Domovsk\u00e1 str\u00e1nka\",\"item\":\"https:\/\/www.smedemokrati.sk\/\"},{\"@type\":\"ListItem\",\"position\":2,\"name\":\"Postup vl\u00e1dy, ktor\u00e1 potichu predlo\u017eila \u010fal\u0161iu rev\u00edziu pl\u00e1nu obnovy, poru\u0161uje z\u00e1kon\"}]},{\"@type\":\"WebSite\",\"@id\":\"https:\/\/www.smedemokrati.sk\/#website\",\"url\":\"https:\/\/www.smedemokrati.sk\/\",\"name\":\"Smedemokrati.sk\",\"description\":\"Demokracia a slu\u0161nos\u0165 zv\u00ed\u0165az\u00ed\",\"publisher\":{\"@id\":\"https:\/\/www.smedemokrati.sk\/#organization\"},\"potentialAction\":[{\"@type\":\"SearchAction\",\"target\":{\"@type\":\"EntryPoint\",\"urlTemplate\":\"https:\/\/www.smedemokrati.sk\/?s={search_term_string}\"},\"query-input\":{\"@type\":\"PropertyValueSpecification\",\"valueRequired\":true,\"valueName\":\"search_term_string\"}}],\"inLanguage\":\"cs-CZ\"},{\"@type\":\"Organization\",\"@id\":\"https:\/\/www.smedemokrati.sk\/#organization\",\"name\":\"Smedemokrati.sk\",\"url\":\"https:\/\/www.smedemokrati.sk\/\",\"logo\":{\"@type\":\"ImageObject\",\"inLanguage\":\"cs-CZ\",\"@id\":\"https:\/\/www.smedemokrati.sk\/#\/schema\/logo\/image\/\",\"url\":\"https:\/\/www.smedemokrati.sk\/wp-content\/uploads\/2023\/04\/ff.002.jpeg\",\"contentUrl\":\"https:\/\/www.smedemokrati.sk\/wp-content\/uploads\/2023\/04\/ff.002.jpeg\",\"width\":640,\"height\":480,\"caption\":\"Smedemokrati.sk\"},\"image\":{\"@id\":\"https:\/\/www.smedemokrati.sk\/#\/schema\/logo\/image\/\"},\"sameAs\":[\"https:\/\/www.facebook.com\/smedemokrati2023\"]},{\"@type\":\"Person\",\"@id\":\"https:\/\/www.smedemokrati.sk\/#\/schema\/person\/21f147c88d605aa7ded900e1e7c344ba\",\"name\":\"miro.sopko\",\"image\":{\"@type\":\"ImageObject\",\"inLanguage\":\"cs-CZ\",\"@id\":\"https:\/\/secure.gravatar.com\/avatar\/267e4a36f704376c109afe3a78740c1f5dd8675a2180a908699e7863c9247606?s=96&d=mm&r=g\",\"url\":\"https:\/\/secure.gravatar.com\/avatar\/267e4a36f704376c109afe3a78740c1f5dd8675a2180a908699e7863c9247606?s=96&d=mm&r=g\",\"contentUrl\":\"https:\/\/secure.gravatar.com\/avatar\/267e4a36f704376c109afe3a78740c1f5dd8675a2180a908699e7863c9247606?s=96&d=mm&r=g\",\"caption\":\"miro.sopko\"},\"url\":\"https:\/\/www.smedemokrati.sk\/cs\/author\/miro-sopko\/\"}]}<\/script>\n<!-- \/ Yoast SEO plugin. -->","yoast_head_json":{"title":"Postup vl\u00e1dy, ktor\u00e1 potichu predlo\u017eila \u010fal\u0161iu rev\u00edziu pl\u00e1nu obnovy, poru\u0161uje z\u00e1kon","robots":{"index":"index","follow":"follow","max-snippet":"max-snippet:-1","max-image-preview":"max-image-preview:large","max-video-preview":"max-video-preview:-1"},"canonical":"https:\/\/www.smedemokrati.sk\/cs\/postup-vlady-ktora-potichu-predlozila-dalsiu-reviziu-planu-obnovy-porusuje-zakon\/","og_locale":"cs_CZ","og_type":"article","og_title":"[:sk]Postup vl\u00e1dy, ktor\u00e1 potichu predlo\u017eila \u010fal\u0161iu rev\u00edziu pl\u00e1nu obnovy, poru\u0161uje z\u00e1kon[:] - Smedemokrati.sk","og_description":"Pod\u013ea ofici\u00e1lnych inform\u00e1ci\u00ed, na ktor\u00e9 pouk\u00e1zal aj port\u00e1l Euractiv, Slovensko v tichosti predlo\u017eilo Eur\u00f3pskej komisii (EK) minul\u00fd t\u00fd\u017ede\u0148 (2. okt\u00f3bra) u\u017e druh\u00fa rev\u00edziu Pl\u00e1nu obnovy a odolnosti. Udialo sa tak v rozpore so z\u00e1konom \u2013 bez jej schv\u00e1lenia vl\u00e1dou a bez pripomienkov\u00e9ho konania. Podpredseda vl\u00e1dy Kmec navy\u0161e odmietol zverejni\u0165, ak\u00e9 zmeny vl\u00e1da do pl\u00e1nu zapracovala. [&hellip;]","og_url":"https:\/\/www.smedemokrati.sk\/cs\/postup-vlady-ktora-potichu-predlozila-dalsiu-reviziu-planu-obnovy-porusuje-zakon\/","og_site_name":"Smedemokrati.sk","article_publisher":"https:\/\/www.facebook.com\/smedemokrati2023","article_published_time":"2025-10-06T20:33:48+00:00","article_modified_time":"2025-10-06T20:33:49+00:00","og_image":[{"width":1520,"height":1080,"url":"https:\/\/www.smedemokrati.sk\/wp-content\/uploads\/2023\/04\/MKica.jpg","type":"image\/jpeg"}],"author":"miro.sopko","twitter_card":"summary_large_image","twitter_misc":{"Napsal(a)":"miro.sopko","Odhadovan\u00e1 doba \u010dten\u00ed":"2 minuty"},"schema":{"@context":"https:\/\/schema.org","@graph":[{"@type":"Article","@id":"https:\/\/www.smedemokrati.sk\/postup-vlady-ktora-potichu-predlozila-dalsiu-reviziu-planu-obnovy-porusuje-zakon\/#article","isPartOf":{"@id":"https:\/\/www.smedemokrati.sk\/postup-vlady-ktora-potichu-predlozila-dalsiu-reviziu-planu-obnovy-porusuje-zakon\/"},"author":{"name":"miro.sopko","@id":"https:\/\/www.smedemokrati.sk\/#\/schema\/person\/21f147c88d605aa7ded900e1e7c344ba"},"headline":"Postup vl\u00e1dy, ktor\u00e1 potichu predlo\u017eila \u010fal\u0161iu rev\u00edziu pl\u00e1nu obnovy, poru\u0161uje z\u00e1kon","datePublished":"2025-10-06T20:33:48+00:00","dateModified":"2025-10-06T20:33:49+00:00","mainEntityOfPage":{"@id":"https:\/\/www.smedemokrati.sk\/postup-vlady-ktora-potichu-predlozila-dalsiu-reviziu-planu-obnovy-porusuje-zakon\/"},"wordCount":432,"publisher":{"@id":"https:\/\/www.smedemokrati.sk\/#organization"},"image":{"@id":"https:\/\/www.smedemokrati.sk\/postup-vlady-ktora-potichu-predlozila-dalsiu-reviziu-planu-obnovy-porusuje-zakon\/#primaryimage"},"thumbnailUrl":"https:\/\/www.smedemokrati.sk\/wp-content\/uploads\/2023\/04\/MKica.jpg","articleSection":["Tla\u010dov\u00e9 spr\u00e1vy"],"inLanguage":"cs-CZ"},{"@type":"WebPage","@id":"https:\/\/www.smedemokrati.sk\/postup-vlady-ktora-potichu-predlozila-dalsiu-reviziu-planu-obnovy-porusuje-zakon\/","url":"https:\/\/www.smedemokrati.sk\/postup-vlady-ktora-potichu-predlozila-dalsiu-reviziu-planu-obnovy-porusuje-zakon\/","name":"Postup vl\u00e1dy, ktor\u00e1 potichu predlo\u017eila \u010fal\u0161iu rev\u00edziu pl\u00e1nu obnovy, poru\u0161uje z\u00e1kon","isPartOf":{"@id":"https:\/\/www.smedemokrati.sk\/#website"},"primaryImageOfPage":{"@id":"https:\/\/www.smedemokrati.sk\/postup-vlady-ktora-potichu-predlozila-dalsiu-reviziu-planu-obnovy-porusuje-zakon\/#primaryimage"},"image":{"@id":"https:\/\/www.smedemokrati.sk\/postup-vlady-ktora-potichu-predlozila-dalsiu-reviziu-planu-obnovy-porusuje-zakon\/#primaryimage"},"thumbnailUrl":"https:\/\/www.smedemokrati.sk\/wp-content\/uploads\/2023\/04\/MKica.jpg","datePublished":"2025-10-06T20:33:48+00:00","dateModified":"2025-10-06T20:33:49+00:00","breadcrumb":{"@id":"https:\/\/www.smedemokrati.sk\/postup-vlady-ktora-potichu-predlozila-dalsiu-reviziu-planu-obnovy-porusuje-zakon\/#breadcrumb"},"inLanguage":"cs-CZ","potentialAction":[{"@type":"ReadAction","target":["https:\/\/www.smedemokrati.sk\/postup-vlady-ktora-potichu-predlozila-dalsiu-reviziu-planu-obnovy-porusuje-zakon\/"]}]},{"@type":"ImageObject","inLanguage":"cs-CZ","@id":"https:\/\/www.smedemokrati.sk\/postup-vlady-ktora-potichu-predlozila-dalsiu-reviziu-planu-obnovy-porusuje-zakon\/#primaryimage","url":"https:\/\/www.smedemokrati.sk\/wp-content\/uploads\/2023\/04\/MKica.jpg","contentUrl":"https:\/\/www.smedemokrati.sk\/wp-content\/uploads\/2023\/04\/MKica.jpg","width":1520,"height":1080},{"@type":"BreadcrumbList","@id":"https:\/\/www.smedemokrati.sk\/postup-vlady-ktora-potichu-predlozila-dalsiu-reviziu-planu-obnovy-porusuje-zakon\/#breadcrumb","itemListElement":[{"@type":"ListItem","position":1,"name":"Domovsk\u00e1 str\u00e1nka","item":"https:\/\/www.smedemokrati.sk\/"},{"@type":"ListItem","position":2,"name":"Postup vl\u00e1dy, ktor\u00e1 potichu predlo\u017eila \u010fal\u0161iu rev\u00edziu pl\u00e1nu obnovy, poru\u0161uje z\u00e1kon"}]},{"@type":"WebSite","@id":"https:\/\/www.smedemokrati.sk\/#website","url":"https:\/\/www.smedemokrati.sk\/","name":"Smedemokrati.sk","description":"Demokracia a slu\u0161nos\u0165 zv\u00ed\u0165az\u00ed","publisher":{"@id":"https:\/\/www.smedemokrati.sk\/#organization"},"potentialAction":[{"@type":"SearchAction","target":{"@type":"EntryPoint","urlTemplate":"https:\/\/www.smedemokrati.sk\/?s={search_term_string}"},"query-input":{"@type":"PropertyValueSpecification","valueRequired":true,"valueName":"search_term_string"}}],"inLanguage":"cs-CZ"},{"@type":"Organization","@id":"https:\/\/www.smedemokrati.sk\/#organization","name":"Smedemokrati.sk","url":"https:\/\/www.smedemokrati.sk\/","logo":{"@type":"ImageObject","inLanguage":"cs-CZ","@id":"https:\/\/www.smedemokrati.sk\/#\/schema\/logo\/image\/","url":"https:\/\/www.smedemokrati.sk\/wp-content\/uploads\/2023\/04\/ff.002.jpeg","contentUrl":"https:\/\/www.smedemokrati.sk\/wp-content\/uploads\/2023\/04\/ff.002.jpeg","width":640,"height":480,"caption":"Smedemokrati.sk"},"image":{"@id":"https:\/\/www.smedemokrati.sk\/#\/schema\/logo\/image\/"},"sameAs":["https:\/\/www.facebook.com\/smedemokrati2023"]},{"@type":"Person","@id":"https:\/\/www.smedemokrati.sk\/#\/schema\/person\/21f147c88d605aa7ded900e1e7c344ba","name":"miro.sopko","image":{"@type":"ImageObject","inLanguage":"cs-CZ","@id":"https:\/\/secure.gravatar.com\/avatar\/267e4a36f704376c109afe3a78740c1f5dd8675a2180a908699e7863c9247606?s=96&d=mm&r=g","url":"https:\/\/secure.gravatar.com\/avatar\/267e4a36f704376c109afe3a78740c1f5dd8675a2180a908699e7863c9247606?s=96&d=mm&r=g","contentUrl":"https:\/\/secure.gravatar.com\/avatar\/267e4a36f704376c109afe3a78740c1f5dd8675a2180a908699e7863c9247606?s=96&d=mm&r=g","caption":"miro.sopko"},"url":"https:\/\/www.smedemokrati.sk\/cs\/author\/miro-sopko\/"}]}},"_links":{"self":[{"href":"https:\/\/www.smedemokrati.sk\/cs\/wp-json\/wp\/v2\/posts\/8291","targetHints":{"allow":["GET"]}}],"collection":[{"href":"https:\/\/www.smedemokrati.sk\/cs\/wp-json\/wp\/v2\/posts"}],"about":[{"href":"https:\/\/www.smedemokrati.sk\/cs\/wp-json\/wp\/v2\/types\/post"}],"author":[{"embeddable":true,"href":"https:\/\/www.smedemokrati.sk\/cs\/wp-json\/wp\/v2\/users\/13"}],"replies":[{"embeddable":true,"href":"https:\/\/www.smedemokrati.sk\/cs\/wp-json\/wp\/v2\/comments?post=8291"}],"version-history":[{"count":1,"href":"https:\/\/www.smedemokrati.sk\/cs\/wp-json\/wp\/v2\/posts\/8291\/revisions"}],"predecessor-version":[{"id":8292,"href":"https:\/\/www.smedemokrati.sk\/cs\/wp-json\/wp\/v2\/posts\/8291\/revisions\/8292"}],"wp:featuredmedia":[{"embeddable":true,"href":"https:\/\/www.smedemokrati.sk\/cs\/wp-json\/wp\/v2\/media\/385"}],"wp:attachment":[{"href":"https:\/\/www.smedemokrati.sk\/cs\/wp-json\/wp\/v2\/media?parent=8291"}],"wp:term":[{"taxonomy":"category","embeddable":true,"href":"https:\/\/www.smedemokrati.sk\/cs\/wp-json\/wp\/v2\/categories?post=8291"},{"taxonomy":"post_tag","embeddable":true,"href":"https:\/\/www.smedemokrati.sk\/cs\/wp-json\/wp\/v2\/tags?post=8291"}],"curies":[{"name":"wp","href":"https:\/\/api.w.org\/{rel}","templated":true}]}}