{"id":8268,"date":"2025-10-02T10:54:05","date_gmt":"2025-10-02T09:54:05","guid":{"rendered":"https:\/\/www.smedemokrati.sk\/?p=8268"},"modified":"2025-10-02T16:09:32","modified_gmt":"2025-10-02T15:09:32","slug":"fica-mal-na-rokovani-k-dronom-zastupovat-pellegrini-slovenska-diplomacia-fatalne-zlyhala-vyzyvame-vladu-na-posilnenie-ochrany-vychodnej-hranice","status":"publish","type":"post","link":"https:\/\/www.smedemokrati.sk\/cs\/fica-mal-na-rokovani-k-dronom-zastupovat-pellegrini-slovenska-diplomacia-fatalne-zlyhala-vyzyvame-vladu-na-posilnenie-ochrany-vychodnej-hranice\/","title":{"rendered":"Fica mal na rokovan\u00ed k dronom zastupova\u0165 Pellegrini, slovensk\u00e1 diplomacia fat\u00e1lne zlyhala. Vyz\u00fdvame vl\u00e1du na posilnenie ochrany v\u00fdchodnej hranice"},"content":{"rendered":"<div id=\"fb-root\"><\/div>\n\n<p><strong>Na rokovan\u00ed o dronoch mal Fica plnohodnotne zastupova\u0165 Pellegrini alebo premi\u00e9r \u010ceska, pr\u00edpadne Po\u013eska. Slovensk\u00e1 diplomacia fat\u00e1lne zlyhala preto\u017ee na jedno z najk\u013e\u00fa\u010dovej\u0161\u00edch rokovan\u00ed o na\u0161ej bezpe\u010dnosti a obrane nezabezpe\u010dili adekv\u00e1tnu n\u00e1hradu. Exminister obrany Jaroslav Na\u010f tie\u017e hovor\u00ed, \u017ee ministerstvo obrany zav\u00e1dza o rokovan\u00ed v Est\u00f3nsku, preto\u017ee eur\u00f3pske krajiny rokovali najprv bez Kali\u0148\u00e1k a ma\u010farsk\u00e9ho ministra obrany a\u017e potom boli prizvan\u00ed na kr\u00e1tku \u010das\u0165 stretnutia.&nbsp;<\/strong><\/p>\n\n\n\n<p><em>\u201ePod\u013ea viacer\u00fdch premi\u00e9rov i\u0161lo o jedno z najz\u00e1sadnej\u0161\u00edch rokovan\u00ed v oblasti obrany a bezpe\u010dnosti. A napriek tomu Slovensko nebolo adekv\u00e1tne zast\u00fapen\u00e9. Rozumiem, \u017ee premi\u00e9r m\u00f4\u017ee ochorie\u0165, ale ako je mo\u017en\u00e9, \u017ee vl\u00e1da nepoverila prezidenta, aby ho zast\u00fapil? Ide o z\u00e1sadn\u00e9 zlyhanie slovenskej diplomacie,\u201c<\/em>&nbsp;vyhl\u00e1sil b\u00fdval\u00fd minister obrany Jaroslav Na\u010f.&nbsp;<em>\u201eAko to naozaj s Ficovou cestou bolo? Nebolo to n\u00e1hodou tak,&nbsp;\u017ee kancel\u00e1r Merz rokovanie s premi\u00e9rom Ficom jednoducho zru\u0161il, a preto nevycestoval? Verejnos\u0165 m\u00e1 pr\u00e1vo vedie\u0165, \u010do sa naozaj stalo. Alebo tam ne\u0161iel Fico preto, \u017ee nem\u00e1 chu\u0165 br\u00e1ni\u0165 Slovensko pred Putinom?\u201c<\/em><\/p>\n\n\n\n<p>Pod\u013ea Na\u010fa ministerstvo obrany zav\u00e1dza, ke\u010f tvrd\u00ed, \u017ee Slovensko bolo pri rokovaniach od za\u010diatku.<em>&nbsp;\u201eRealita je tak\u00e1, \u017ee k\u013e\u00fa\u010dov\u00e1 \u010das\u0165 prebehla bez \u00fa\u010dasti Slovenska a Ma\u010farska. Na\u0161i partneri rokovali o citliv\u00fdch ot\u00e1zkach obrany a a\u017e potom, ke\u010f mali v\u0161etko dohodnut\u00e9, prizvali na kr\u00e1tku \u010das\u0165 aj Roberta Kali\u0148\u00e1ka,\u201c<\/em>&nbsp;doplnil Na\u010f.<\/p>\n\n\n\n<p>Na rokovan\u00ed sa hovorilo o spolo\u010dnom postupe E\u00da pri obrane \u00fazemia, o koordinovanom vyu\u017e\u00edvan\u00ed modern\u00fdch technol\u00f3gi\u00ed vr\u00e1tane dronov, ale aj o z\u00e1v\u00e4zkoch jednotliv\u00fdch kraj\u00edn.<\/p>\n\n\n\n<p><em>\u201eFico je hrdina za kl\u00e1vesnicou, no ke\u010f m\u00e1 mo\u017enos\u0165 napriamo odkomunikova\u0165 postoje Slovenska ostane bokom. Klam\u00fa verejnos\u0165, \u017ee Slovensko je hol\u00e9 a bos\u00e9 ak je to naozaj tak, vyz\u00fdvam premi\u00e9ra a ministra Kali\u0148\u00e1ka, aby po\u017eiadali spojencov o nasadenie s\u00edl a prostriedkov tak, ako to bolo po\u010das vl\u00e1dy Eduarda Hegera. Osobitne a opakovane pr\u00edzvukujem ministrovi Kali\u0148\u00e1kovi, \u017ee je \u010das da\u0165 pokyn na vytiahnutie v\u0161etk\u00fdch dostupn\u00fdch syst\u00e9mov protivzdu\u0161nej obrany, ktor\u00e9 s\u00fa pre m\u0148a nepochopite\u013ene zaparkovan\u00e9 v gar\u00e1\u017ei.\u201c<\/em>&nbsp;zd\u00f4raznil Na\u010f.<\/p>\n\n\n\n<p><em>&#8222;Vyz\u00fdvam vl\u00e1du Slovenskej republiky, aby ofici\u00e1lne po\u017eiadala na\u0161ich spojencov v NATO o posilnenie na\u0161ej v\u00fdchodnej hranice. Je to legit\u00edmny n\u00e1stroj obrany \u0161t\u00e1tu, po\u017eiada\u0165 o pomoc na\u0161ich spojencov &#8211; technikou a obslu\u017en\u00fdmi kapacitami. My, po\u010das vl\u00e1dy Eduarda Hegera sme takto konali a na Slovensko pri\u0161li napr\u00edklad Patrioty,&#8220;<\/em>&nbsp;uzatv\u00e1ra Jaroslav Na\u010f.<\/p>\n\n\n<div id=\"fb-root\"><\/div><script async defer crossorigin=\"anonymous\" src=\"https:\/\/connect.facebook.net\/sk_SK\/sdk.js#xfbml=1&version=v18.0\"><\/script><div class=\"fb-video\" data-href=\"https:\/\/fb.watch\/Ct_Y-R2bn_\/\" data-width=\"560\" data-show-text=\"false\"><blockquote cite=\"https:\/\/fb.watch\/Ct_Y-R2bn_\/\" class=\"fb-xfbml-parse-ignore\"><a href=\"https:\/\/fb.watch\/Ct_Y-R2bn_\/\">Video<\/a><\/blockquote><\/div>\n","protected":false},"excerpt":{"rendered":"<p>Na rokovan\u00ed o dronoch mal Fica plnohodnotne zastupova\u0165 Pellegrini alebo premi\u00e9r \u010ceska, pr\u00edpadne Po\u013eska. Slovensk\u00e1 diplomacia fat\u00e1lne zlyhala preto\u017ee na jedno z najk\u013e\u00fa\u010dovej\u0161\u00edch rokovan\u00ed o na\u0161ej bezpe\u010dnosti a obrane nezabezpe\u010dili adekv\u00e1tnu n\u00e1hradu. Exminister obrany Jaroslav Na\u010f tie\u017e hovor\u00ed, \u017ee ministerstvo obrany zav\u00e1dza o rokovan\u00ed v Est\u00f3nsku, preto\u017ee eur\u00f3pske krajiny rokovali najprv bez Kali\u0148\u00e1k a ma\u010farsk\u00e9ho [&hellip;]<\/p>\n","protected":false},"author":13,"featured_media":8272,"comment_status":"closed","ping_status":"closed","sticky":false,"template":"","format":"standard","meta":{"_acf_changed":false,"ngg_post_thumbnail":0,"footnotes":""},"categories":[4],"tags":[],"class_list":["post-8268","post","type-post","status-publish","format-standard","has-post-thumbnail","hentry","category-tlacove-spravy"],"acf":[],"yoast_head":"<!-- This site is optimized with the Yoast SEO plugin v27.2 - https:\/\/yoast.com\/product\/yoast-seo-wordpress\/ -->\n<title>Fica mal na rokovan\u00ed k dronom zastupova\u0165 Pellegrini, slovensk\u00e1 diplomacia fat\u00e1lne zlyhala. Vyz\u00fdvame vl\u00e1du na posilnenie ochrany v\u00fdchodnej hranice<\/title>\n<meta name=\"robots\" content=\"index, follow, max-snippet:-1, max-image-preview:large, max-video-preview:-1\" \/>\n<link rel=\"canonical\" href=\"https:\/\/www.smedemokrati.sk\/cs\/fica-mal-na-rokovani-k-dronom-zastupovat-pellegrini-slovenska-diplomacia-fatalne-zlyhala-vyzyvame-vladu-na-posilnenie-ochrany-vychodnej-hranice\/\" \/>\n<meta property=\"og:locale\" content=\"cs_CZ\" \/>\n<meta property=\"og:locale:alternate\" content=\"en_US\" \/>\n<meta property=\"og:locale:alternate\" content=\"hu_HU\" \/>\n<meta property=\"og:locale:alternate\" content=\"sk_SK\" \/>\n<meta property=\"og:locale:alternate\" content=\"sv_SE\" \/>\n<meta property=\"og:type\" content=\"article\" \/>\n<meta property=\"og:title\" content=\"Fica mal na rokovan\u00ed k dronom zastupova\u0165 Pellegrini, slovensk\u00e1 diplomacia fat\u00e1lne zlyhala. Vyz\u00fdvame vl\u00e1du na posilnenie ochrany v\u00fdchodnej hranice\" \/>\n<meta property=\"og:description\" content=\"Na rokovan\u00ed o dronoch mal Fica plnohodnotne zastupova\u0165 Pellegrini alebo premi\u00e9r \u010ceska, pr\u00edpadne Po\u013eska. Slovensk\u00e1 diplomacia fat\u00e1lne zlyhala preto\u017ee na jedno z najk\u013e\u00fa\u010dovej\u0161\u00edch rokovan\u00ed o na\u0161ej bezpe\u010dnosti a obrane nezabezpe\u010dili adekv\u00e1tnu n\u00e1hradu. Exminister obrany Jaroslav Na\u010f tie\u017e hovor\u00ed, \u017ee ministerstvo obrany zav\u00e1dza o rokovan\u00ed v Est\u00f3nsku, preto\u017ee eur\u00f3pske krajiny rokovali najprv bez Kali\u0148\u00e1k a ma\u010farsk\u00e9ho [&hellip;]\" \/>\n<meta property=\"og:url\" content=\"https:\/\/www.smedemokrati.sk\/cs\/fica-mal-na-rokovani-k-dronom-zastupovat-pellegrini-slovenska-diplomacia-fatalne-zlyhala-vyzyvame-vladu-na-posilnenie-ochrany-vychodnej-hranice\/\" \/>\n<meta property=\"og:site_name\" content=\"Smedemokrati.sk\" \/>\n<meta property=\"article:publisher\" content=\"https:\/\/www.facebook.com\/smedemokrati2023\" \/>\n<meta property=\"article:published_time\" content=\"2025-10-02T09:54:05+00:00\" \/>\n<meta property=\"article:modified_time\" content=\"2025-10-02T15:09:32+00:00\" \/>\n<meta property=\"og:image\" content=\"https:\/\/www.smedemokrati.sk\/wp-content\/uploads\/2025\/10\/FB_IMG_1759417695618.jpg\" \/>\n\t<meta property=\"og:image:width\" content=\"1600\" \/>\n\t<meta property=\"og:image:height\" content=\"1201\" \/>\n\t<meta property=\"og:image:type\" content=\"image\/jpeg\" \/>\n<meta name=\"author\" content=\"miro.sopko\" \/>\n<meta name=\"twitter:card\" content=\"summary_large_image\" \/>\n<meta name=\"twitter:label1\" content=\"Napsal(a)\" \/>\n\t<meta name=\"twitter:data1\" content=\"miro.sopko\" \/>\n\t<meta name=\"twitter:label2\" content=\"Odhadovan\u00e1 doba \u010dten\u00ed\" \/>\n\t<meta name=\"twitter:data2\" content=\"3 minuty\" \/>\n<script type=\"application\/ld+json\" class=\"yoast-schema-graph\">{\"@context\":\"https:\/\/schema.org\",\"@graph\":[{\"@type\":\"Article\",\"@id\":\"https:\/\/www.smedemokrati.sk\/fica-mal-na-rokovani-k-dronom-zastupovat-pellegrini-slovenska-diplomacia-fatalne-zlyhala-vyzyvame-vladu-na-posilnenie-ochrany-vychodnej-hranice\/#article\",\"isPartOf\":{\"@id\":\"https:\/\/www.smedemokrati.sk\/fica-mal-na-rokovani-k-dronom-zastupovat-pellegrini-slovenska-diplomacia-fatalne-zlyhala-vyzyvame-vladu-na-posilnenie-ochrany-vychodnej-hranice\/\"},\"author\":{\"name\":\"miro.sopko\",\"@id\":\"https:\/\/www.smedemokrati.sk\/#\/schema\/person\/21f147c88d605aa7ded900e1e7c344ba\"},\"headline\":\"Fica mal na rokovan\u00ed k dronom zastupova\u0165 Pellegrini, slovensk\u00e1 diplomacia fat\u00e1lne zlyhala. Vyz\u00fdvame vl\u00e1du na posilnenie ochrany v\u00fdchodnej hranice\",\"datePublished\":\"2025-10-02T09:54:05+00:00\",\"dateModified\":\"2025-10-02T15:09:32+00:00\",\"mainEntityOfPage\":{\"@id\":\"https:\/\/www.smedemokrati.sk\/fica-mal-na-rokovani-k-dronom-zastupovat-pellegrini-slovenska-diplomacia-fatalne-zlyhala-vyzyvame-vladu-na-posilnenie-ochrany-vychodnej-hranice\/\"},\"wordCount\":501,\"publisher\":{\"@id\":\"https:\/\/www.smedemokrati.sk\/#organization\"},\"image\":{\"@id\":\"https:\/\/www.smedemokrati.sk\/fica-mal-na-rokovani-k-dronom-zastupovat-pellegrini-slovenska-diplomacia-fatalne-zlyhala-vyzyvame-vladu-na-posilnenie-ochrany-vychodnej-hranice\/#primaryimage\"},\"thumbnailUrl\":\"https:\/\/www.smedemokrati.sk\/wp-content\/uploads\/2025\/10\/FB_IMG_1759417695618.jpg\",\"articleSection\":[\"Tla\u010dov\u00e9 spr\u00e1vy\"],\"inLanguage\":\"cs-CZ\"},{\"@type\":\"WebPage\",\"@id\":\"https:\/\/www.smedemokrati.sk\/fica-mal-na-rokovani-k-dronom-zastupovat-pellegrini-slovenska-diplomacia-fatalne-zlyhala-vyzyvame-vladu-na-posilnenie-ochrany-vychodnej-hranice\/\",\"url\":\"https:\/\/www.smedemokrati.sk\/fica-mal-na-rokovani-k-dronom-zastupovat-pellegrini-slovenska-diplomacia-fatalne-zlyhala-vyzyvame-vladu-na-posilnenie-ochrany-vychodnej-hranice\/\",\"name\":\"Fica mal na rokovan\u00ed k dronom zastupova\u0165 Pellegrini, slovensk\u00e1 diplomacia fat\u00e1lne zlyhala. Vyz\u00fdvame vl\u00e1du na posilnenie ochrany v\u00fdchodnej hranice\",\"isPartOf\":{\"@id\":\"https:\/\/www.smedemokrati.sk\/#website\"},\"primaryImageOfPage\":{\"@id\":\"https:\/\/www.smedemokrati.sk\/fica-mal-na-rokovani-k-dronom-zastupovat-pellegrini-slovenska-diplomacia-fatalne-zlyhala-vyzyvame-vladu-na-posilnenie-ochrany-vychodnej-hranice\/#primaryimage\"},\"image\":{\"@id\":\"https:\/\/www.smedemokrati.sk\/fica-mal-na-rokovani-k-dronom-zastupovat-pellegrini-slovenska-diplomacia-fatalne-zlyhala-vyzyvame-vladu-na-posilnenie-ochrany-vychodnej-hranice\/#primaryimage\"},\"thumbnailUrl\":\"https:\/\/www.smedemokrati.sk\/wp-content\/uploads\/2025\/10\/FB_IMG_1759417695618.jpg\",\"datePublished\":\"2025-10-02T09:54:05+00:00\",\"dateModified\":\"2025-10-02T15:09:32+00:00\",\"breadcrumb\":{\"@id\":\"https:\/\/www.smedemokrati.sk\/fica-mal-na-rokovani-k-dronom-zastupovat-pellegrini-slovenska-diplomacia-fatalne-zlyhala-vyzyvame-vladu-na-posilnenie-ochrany-vychodnej-hranice\/#breadcrumb\"},\"inLanguage\":\"cs-CZ\",\"potentialAction\":[{\"@type\":\"ReadAction\",\"target\":[\"https:\/\/www.smedemokrati.sk\/fica-mal-na-rokovani-k-dronom-zastupovat-pellegrini-slovenska-diplomacia-fatalne-zlyhala-vyzyvame-vladu-na-posilnenie-ochrany-vychodnej-hranice\/\"]}]},{\"@type\":\"ImageObject\",\"inLanguage\":\"cs-CZ\",\"@id\":\"https:\/\/www.smedemokrati.sk\/fica-mal-na-rokovani-k-dronom-zastupovat-pellegrini-slovenska-diplomacia-fatalne-zlyhala-vyzyvame-vladu-na-posilnenie-ochrany-vychodnej-hranice\/#primaryimage\",\"url\":\"https:\/\/www.smedemokrati.sk\/wp-content\/uploads\/2025\/10\/FB_IMG_1759417695618.jpg\",\"contentUrl\":\"https:\/\/www.smedemokrati.sk\/wp-content\/uploads\/2025\/10\/FB_IMG_1759417695618.jpg\",\"width\":1600,\"height\":1201},{\"@type\":\"BreadcrumbList\",\"@id\":\"https:\/\/www.smedemokrati.sk\/fica-mal-na-rokovani-k-dronom-zastupovat-pellegrini-slovenska-diplomacia-fatalne-zlyhala-vyzyvame-vladu-na-posilnenie-ochrany-vychodnej-hranice\/#breadcrumb\",\"itemListElement\":[{\"@type\":\"ListItem\",\"position\":1,\"name\":\"Domovsk\u00e1 str\u00e1nka\",\"item\":\"https:\/\/www.smedemokrati.sk\/\"},{\"@type\":\"ListItem\",\"position\":2,\"name\":\"Fica mal na rokovan\u00ed k dronom zastupova\u0165 Pellegrini, slovensk\u00e1 diplomacia fat\u00e1lne zlyhala. Vyz\u00fdvame vl\u00e1du na posilnenie ochrany v\u00fdchodnej hranice\"}]},{\"@type\":\"WebSite\",\"@id\":\"https:\/\/www.smedemokrati.sk\/#website\",\"url\":\"https:\/\/www.smedemokrati.sk\/\",\"name\":\"Smedemokrati.sk\",\"description\":\"Demokracia a slu\u0161nos\u0165 zv\u00ed\u0165az\u00ed\",\"publisher\":{\"@id\":\"https:\/\/www.smedemokrati.sk\/#organization\"},\"potentialAction\":[{\"@type\":\"SearchAction\",\"target\":{\"@type\":\"EntryPoint\",\"urlTemplate\":\"https:\/\/www.smedemokrati.sk\/?s={search_term_string}\"},\"query-input\":{\"@type\":\"PropertyValueSpecification\",\"valueRequired\":true,\"valueName\":\"search_term_string\"}}],\"inLanguage\":\"cs-CZ\"},{\"@type\":\"Organization\",\"@id\":\"https:\/\/www.smedemokrati.sk\/#organization\",\"name\":\"Smedemokrati.sk\",\"url\":\"https:\/\/www.smedemokrati.sk\/\",\"logo\":{\"@type\":\"ImageObject\",\"inLanguage\":\"cs-CZ\",\"@id\":\"https:\/\/www.smedemokrati.sk\/#\/schema\/logo\/image\/\",\"url\":\"https:\/\/www.smedemokrati.sk\/wp-content\/uploads\/2023\/04\/ff.002.jpeg\",\"contentUrl\":\"https:\/\/www.smedemokrati.sk\/wp-content\/uploads\/2023\/04\/ff.002.jpeg\",\"width\":640,\"height\":480,\"caption\":\"Smedemokrati.sk\"},\"image\":{\"@id\":\"https:\/\/www.smedemokrati.sk\/#\/schema\/logo\/image\/\"},\"sameAs\":[\"https:\/\/www.facebook.com\/smedemokrati2023\"]},{\"@type\":\"Person\",\"@id\":\"https:\/\/www.smedemokrati.sk\/#\/schema\/person\/21f147c88d605aa7ded900e1e7c344ba\",\"name\":\"miro.sopko\",\"image\":{\"@type\":\"ImageObject\",\"inLanguage\":\"cs-CZ\",\"@id\":\"https:\/\/secure.gravatar.com\/avatar\/267e4a36f704376c109afe3a78740c1f5dd8675a2180a908699e7863c9247606?s=96&d=mm&r=g\",\"url\":\"https:\/\/secure.gravatar.com\/avatar\/267e4a36f704376c109afe3a78740c1f5dd8675a2180a908699e7863c9247606?s=96&d=mm&r=g\",\"contentUrl\":\"https:\/\/secure.gravatar.com\/avatar\/267e4a36f704376c109afe3a78740c1f5dd8675a2180a908699e7863c9247606?s=96&d=mm&r=g\",\"caption\":\"miro.sopko\"},\"url\":\"https:\/\/www.smedemokrati.sk\/cs\/author\/miro-sopko\/\"}]}<\/script>\n<!-- \/ Yoast SEO plugin. -->","yoast_head_json":{"title":"Fica mal na rokovan\u00ed k dronom zastupova\u0165 Pellegrini, slovensk\u00e1 diplomacia fat\u00e1lne zlyhala. Vyz\u00fdvame vl\u00e1du na posilnenie ochrany v\u00fdchodnej hranice","robots":{"index":"index","follow":"follow","max-snippet":"max-snippet:-1","max-image-preview":"max-image-preview:large","max-video-preview":"max-video-preview:-1"},"canonical":"https:\/\/www.smedemokrati.sk\/cs\/fica-mal-na-rokovani-k-dronom-zastupovat-pellegrini-slovenska-diplomacia-fatalne-zlyhala-vyzyvame-vladu-na-posilnenie-ochrany-vychodnej-hranice\/","og_locale":"cs_CZ","og_type":"article","og_title":"[:sk]Fica mal na rokovan\u00ed k dronom zastupova\u0165 Pellegrini, slovensk\u00e1 diplomacia fat\u00e1lne zlyhala. Vyz\u00fdvame vl\u00e1du na posilnenie ochrany v\u00fdchodnej hranice[:] - Smedemokrati.sk","og_description":"Na rokovan\u00ed o dronoch mal Fica plnohodnotne zastupova\u0165 Pellegrini alebo premi\u00e9r \u010ceska, pr\u00edpadne Po\u013eska. Slovensk\u00e1 diplomacia fat\u00e1lne zlyhala preto\u017ee na jedno z najk\u013e\u00fa\u010dovej\u0161\u00edch rokovan\u00ed o na\u0161ej bezpe\u010dnosti a obrane nezabezpe\u010dili adekv\u00e1tnu n\u00e1hradu. Exminister obrany Jaroslav Na\u010f tie\u017e hovor\u00ed, \u017ee ministerstvo obrany zav\u00e1dza o rokovan\u00ed v Est\u00f3nsku, preto\u017ee eur\u00f3pske krajiny rokovali najprv bez Kali\u0148\u00e1k a ma\u010farsk\u00e9ho [&hellip;]","og_url":"https:\/\/www.smedemokrati.sk\/cs\/fica-mal-na-rokovani-k-dronom-zastupovat-pellegrini-slovenska-diplomacia-fatalne-zlyhala-vyzyvame-vladu-na-posilnenie-ochrany-vychodnej-hranice\/","og_site_name":"Smedemokrati.sk","article_publisher":"https:\/\/www.facebook.com\/smedemokrati2023","article_published_time":"2025-10-02T09:54:05+00:00","article_modified_time":"2025-10-02T15:09:32+00:00","og_image":[{"width":1600,"height":1201,"url":"https:\/\/www.smedemokrati.sk\/wp-content\/uploads\/2025\/10\/FB_IMG_1759417695618.jpg","type":"image\/jpeg"}],"author":"miro.sopko","twitter_card":"summary_large_image","twitter_misc":{"Napsal(a)":"miro.sopko","Odhadovan\u00e1 doba \u010dten\u00ed":"3 minuty"},"schema":{"@context":"https:\/\/schema.org","@graph":[{"@type":"Article","@id":"https:\/\/www.smedemokrati.sk\/fica-mal-na-rokovani-k-dronom-zastupovat-pellegrini-slovenska-diplomacia-fatalne-zlyhala-vyzyvame-vladu-na-posilnenie-ochrany-vychodnej-hranice\/#article","isPartOf":{"@id":"https:\/\/www.smedemokrati.sk\/fica-mal-na-rokovani-k-dronom-zastupovat-pellegrini-slovenska-diplomacia-fatalne-zlyhala-vyzyvame-vladu-na-posilnenie-ochrany-vychodnej-hranice\/"},"author":{"name":"miro.sopko","@id":"https:\/\/www.smedemokrati.sk\/#\/schema\/person\/21f147c88d605aa7ded900e1e7c344ba"},"headline":"Fica mal na rokovan\u00ed k dronom zastupova\u0165 Pellegrini, slovensk\u00e1 diplomacia fat\u00e1lne zlyhala. Vyz\u00fdvame vl\u00e1du na posilnenie ochrany v\u00fdchodnej hranice","datePublished":"2025-10-02T09:54:05+00:00","dateModified":"2025-10-02T15:09:32+00:00","mainEntityOfPage":{"@id":"https:\/\/www.smedemokrati.sk\/fica-mal-na-rokovani-k-dronom-zastupovat-pellegrini-slovenska-diplomacia-fatalne-zlyhala-vyzyvame-vladu-na-posilnenie-ochrany-vychodnej-hranice\/"},"wordCount":501,"publisher":{"@id":"https:\/\/www.smedemokrati.sk\/#organization"},"image":{"@id":"https:\/\/www.smedemokrati.sk\/fica-mal-na-rokovani-k-dronom-zastupovat-pellegrini-slovenska-diplomacia-fatalne-zlyhala-vyzyvame-vladu-na-posilnenie-ochrany-vychodnej-hranice\/#primaryimage"},"thumbnailUrl":"https:\/\/www.smedemokrati.sk\/wp-content\/uploads\/2025\/10\/FB_IMG_1759417695618.jpg","articleSection":["Tla\u010dov\u00e9 spr\u00e1vy"],"inLanguage":"cs-CZ"},{"@type":"WebPage","@id":"https:\/\/www.smedemokrati.sk\/fica-mal-na-rokovani-k-dronom-zastupovat-pellegrini-slovenska-diplomacia-fatalne-zlyhala-vyzyvame-vladu-na-posilnenie-ochrany-vychodnej-hranice\/","url":"https:\/\/www.smedemokrati.sk\/fica-mal-na-rokovani-k-dronom-zastupovat-pellegrini-slovenska-diplomacia-fatalne-zlyhala-vyzyvame-vladu-na-posilnenie-ochrany-vychodnej-hranice\/","name":"Fica mal na rokovan\u00ed k dronom zastupova\u0165 Pellegrini, slovensk\u00e1 diplomacia fat\u00e1lne zlyhala. Vyz\u00fdvame vl\u00e1du na posilnenie ochrany v\u00fdchodnej hranice","isPartOf":{"@id":"https:\/\/www.smedemokrati.sk\/#website"},"primaryImageOfPage":{"@id":"https:\/\/www.smedemokrati.sk\/fica-mal-na-rokovani-k-dronom-zastupovat-pellegrini-slovenska-diplomacia-fatalne-zlyhala-vyzyvame-vladu-na-posilnenie-ochrany-vychodnej-hranice\/#primaryimage"},"image":{"@id":"https:\/\/www.smedemokrati.sk\/fica-mal-na-rokovani-k-dronom-zastupovat-pellegrini-slovenska-diplomacia-fatalne-zlyhala-vyzyvame-vladu-na-posilnenie-ochrany-vychodnej-hranice\/#primaryimage"},"thumbnailUrl":"https:\/\/www.smedemokrati.sk\/wp-content\/uploads\/2025\/10\/FB_IMG_1759417695618.jpg","datePublished":"2025-10-02T09:54:05+00:00","dateModified":"2025-10-02T15:09:32+00:00","breadcrumb":{"@id":"https:\/\/www.smedemokrati.sk\/fica-mal-na-rokovani-k-dronom-zastupovat-pellegrini-slovenska-diplomacia-fatalne-zlyhala-vyzyvame-vladu-na-posilnenie-ochrany-vychodnej-hranice\/#breadcrumb"},"inLanguage":"cs-CZ","potentialAction":[{"@type":"ReadAction","target":["https:\/\/www.smedemokrati.sk\/fica-mal-na-rokovani-k-dronom-zastupovat-pellegrini-slovenska-diplomacia-fatalne-zlyhala-vyzyvame-vladu-na-posilnenie-ochrany-vychodnej-hranice\/"]}]},{"@type":"ImageObject","inLanguage":"cs-CZ","@id":"https:\/\/www.smedemokrati.sk\/fica-mal-na-rokovani-k-dronom-zastupovat-pellegrini-slovenska-diplomacia-fatalne-zlyhala-vyzyvame-vladu-na-posilnenie-ochrany-vychodnej-hranice\/#primaryimage","url":"https:\/\/www.smedemokrati.sk\/wp-content\/uploads\/2025\/10\/FB_IMG_1759417695618.jpg","contentUrl":"https:\/\/www.smedemokrati.sk\/wp-content\/uploads\/2025\/10\/FB_IMG_1759417695618.jpg","width":1600,"height":1201},{"@type":"BreadcrumbList","@id":"https:\/\/www.smedemokrati.sk\/fica-mal-na-rokovani-k-dronom-zastupovat-pellegrini-slovenska-diplomacia-fatalne-zlyhala-vyzyvame-vladu-na-posilnenie-ochrany-vychodnej-hranice\/#breadcrumb","itemListElement":[{"@type":"ListItem","position":1,"name":"Domovsk\u00e1 str\u00e1nka","item":"https:\/\/www.smedemokrati.sk\/"},{"@type":"ListItem","position":2,"name":"Fica mal na rokovan\u00ed k dronom zastupova\u0165 Pellegrini, slovensk\u00e1 diplomacia fat\u00e1lne zlyhala. Vyz\u00fdvame vl\u00e1du na posilnenie ochrany v\u00fdchodnej hranice"}]},{"@type":"WebSite","@id":"https:\/\/www.smedemokrati.sk\/#website","url":"https:\/\/www.smedemokrati.sk\/","name":"Smedemokrati.sk","description":"Demokracia a slu\u0161nos\u0165 zv\u00ed\u0165az\u00ed","publisher":{"@id":"https:\/\/www.smedemokrati.sk\/#organization"},"potentialAction":[{"@type":"SearchAction","target":{"@type":"EntryPoint","urlTemplate":"https:\/\/www.smedemokrati.sk\/?s={search_term_string}"},"query-input":{"@type":"PropertyValueSpecification","valueRequired":true,"valueName":"search_term_string"}}],"inLanguage":"cs-CZ"},{"@type":"Organization","@id":"https:\/\/www.smedemokrati.sk\/#organization","name":"Smedemokrati.sk","url":"https:\/\/www.smedemokrati.sk\/","logo":{"@type":"ImageObject","inLanguage":"cs-CZ","@id":"https:\/\/www.smedemokrati.sk\/#\/schema\/logo\/image\/","url":"https:\/\/www.smedemokrati.sk\/wp-content\/uploads\/2023\/04\/ff.002.jpeg","contentUrl":"https:\/\/www.smedemokrati.sk\/wp-content\/uploads\/2023\/04\/ff.002.jpeg","width":640,"height":480,"caption":"Smedemokrati.sk"},"image":{"@id":"https:\/\/www.smedemokrati.sk\/#\/schema\/logo\/image\/"},"sameAs":["https:\/\/www.facebook.com\/smedemokrati2023"]},{"@type":"Person","@id":"https:\/\/www.smedemokrati.sk\/#\/schema\/person\/21f147c88d605aa7ded900e1e7c344ba","name":"miro.sopko","image":{"@type":"ImageObject","inLanguage":"cs-CZ","@id":"https:\/\/secure.gravatar.com\/avatar\/267e4a36f704376c109afe3a78740c1f5dd8675a2180a908699e7863c9247606?s=96&d=mm&r=g","url":"https:\/\/secure.gravatar.com\/avatar\/267e4a36f704376c109afe3a78740c1f5dd8675a2180a908699e7863c9247606?s=96&d=mm&r=g","contentUrl":"https:\/\/secure.gravatar.com\/avatar\/267e4a36f704376c109afe3a78740c1f5dd8675a2180a908699e7863c9247606?s=96&d=mm&r=g","caption":"miro.sopko"},"url":"https:\/\/www.smedemokrati.sk\/cs\/author\/miro-sopko\/"}]}},"_links":{"self":[{"href":"https:\/\/www.smedemokrati.sk\/cs\/wp-json\/wp\/v2\/posts\/8268","targetHints":{"allow":["GET"]}}],"collection":[{"href":"https:\/\/www.smedemokrati.sk\/cs\/wp-json\/wp\/v2\/posts"}],"about":[{"href":"https:\/\/www.smedemokrati.sk\/cs\/wp-json\/wp\/v2\/types\/post"}],"author":[{"embeddable":true,"href":"https:\/\/www.smedemokrati.sk\/cs\/wp-json\/wp\/v2\/users\/13"}],"replies":[{"embeddable":true,"href":"https:\/\/www.smedemokrati.sk\/cs\/wp-json\/wp\/v2\/comments?post=8268"}],"version-history":[{"count":1,"href":"https:\/\/www.smedemokrati.sk\/cs\/wp-json\/wp\/v2\/posts\/8268\/revisions"}],"predecessor-version":[{"id":8270,"href":"https:\/\/www.smedemokrati.sk\/cs\/wp-json\/wp\/v2\/posts\/8268\/revisions\/8270"}],"wp:featuredmedia":[{"embeddable":true,"href":"https:\/\/www.smedemokrati.sk\/cs\/wp-json\/wp\/v2\/media\/8272"}],"wp:attachment":[{"href":"https:\/\/www.smedemokrati.sk\/cs\/wp-json\/wp\/v2\/media?parent=8268"}],"wp:term":[{"taxonomy":"category","embeddable":true,"href":"https:\/\/www.smedemokrati.sk\/cs\/wp-json\/wp\/v2\/categories?post=8268"},{"taxonomy":"post_tag","embeddable":true,"href":"https:\/\/www.smedemokrati.sk\/cs\/wp-json\/wp\/v2\/tags?post=8268"}],"curies":[{"name":"wp","href":"https:\/\/api.w.org\/{rel}","templated":true}]}}