{"id":8262,"date":"2025-10-01T09:50:36","date_gmt":"2025-10-01T08:50:36","guid":{"rendered":"https:\/\/www.smedemokrati.sk\/?p=8262"},"modified":"2025-10-01T09:50:37","modified_gmt":"2025-10-01T08:50:37","slug":"taraba-sa-zmocnil-envirofondu-a-bez-diskusie-smeruje-k-orbanovskemu-modelu-v-odpadovom-hospodarstve","status":"publish","type":"post","link":"https:\/\/www.smedemokrati.sk\/cs\/taraba-sa-zmocnil-envirofondu-a-bez-diskusie-smeruje-k-orbanovskemu-modelu-v-odpadovom-hospodarstve\/","title":{"rendered":"Taraba sa zmocnil Envirofondu a bez diskusie smeruje k orb\u00e1novsk\u00e9mu modelu v odpadovom hospod\u00e1rstve"},"content":{"rendered":"<div id=\"fb-root\"><\/div>\n\n<p><strong>Vl\u00e1da e\u0161te hlb\u0161ie prerazila legislat\u00edvne dno. Dnes schv\u00e1len\u00fd \u00faplne nov\u00fd z\u00e1kon o Environment\u00e1lnom fonde nebol predmetom pripomienkov\u00e9ho konania, nebol konzultovan\u00fd so samospr\u00e1vami, soci\u00e1lnymi partnermi a obsahuje paradigmatick\u00fa zmenu v odpadovom hospod\u00e1rstve. Neexistuje jedin\u00fd d\u00f4vod, aby i\u0161iel skr\u00e1ten\u00fdm legislat\u00edvnym konan\u00edm, ako to pretla\u010dil Taraba.\u00a0<\/strong><\/p>\n\n\n\n<p>Z\u00e1kon nijako nezjednodu\u0161uje \u010dinnos\u0165 envirofondu, nerob\u00ed ho \u00fastretovej\u0161\u00edm pre samospr\u00e1vy. \u201c<em>Ministrovi d\u00e1va oproti s\u00fa\u010dasn\u00e9mu stavu v\u00fdlu\u010dn\u00fa kontrolu nad stovkami mili\u00f3nov eur, ktor\u00e9 fond prerozde\u013euje. Vytv\u00e1ra sa t\u00fdm obrovsk\u00fd priestor pre politick\u00fa korupciu. Taraba si naviac vytv\u00e1ra predpoklady, aby sa z fondu platili pokuty za poru\u0161enie pr\u00e1va E\u00da, v ktorom je chronick\u00fdm poru\u0161ovate\u013eom najm\u00e4 jeho rezort, pri\u010dom situ\u00e1cia sa za Tarabu v\u00fdrazne zhor\u0161ila. Namiesto odstra\u0148ovania d\u00f4vodov \u017eal\u00f4b E\u00da ide plati\u0165 pokuty z prostriedkov, ktor\u00e9 by mali kon\u010di\u0165 u samospr\u00e1v a ob\u010danov,<\/em>\u201d kritizuje Michal Ki\u010da, enviroexpert Demokratov.&nbsp;<\/p>\n\n\n\n<p>Jedin\u00fdm d\u00f4vodom pre tak\u00fdto \u0161kandal\u00f3zny sp\u00f4sob schv\u00e1lenia z\u00e1kona s\u00fa potichu vykonan\u00e9 kroky smeruj\u00face k zo\u0161t\u00e1tneniu odpadov\u00e9ho hospod\u00e1rstva. Envirofond z\u00edskava pod\u013ea schv\u00e1len\u00e9ho n\u00e1vrhu z\u00e1kona postavenie tzv. organiz\u00e1cie zodpovednosti v\u00fdrobcov, ktor\u00e9 zabezpe\u010duj\u00fa za prostriedky podnikate\u013eov realiz\u00e1ciu trieden\u00e9ho zberu na celom Slovensku. \u201c<em>Taraba sa bez akejko\u013evek diskusie rozhodol smerova\u0165 odpadov\u00e9 hospod\u00e1rstvo k \u0161t\u00e1tnemu monopolu podobne ako v Ma\u010farsku. Ob\u00e1vame sa, \u017ee jeho snahy vo v\u00fdsledku sp\u00f4sobia predra\u017eovanie n\u00e1kladov na odpadov\u00e9 hospod\u00e1rstvo pre obyvate\u013estvo a zhor\u0161ia \u00farove\u0148 efektivity trieden\u00e9ho zberu. Sp\u00f4sob pretl\u00e1\u010dania t\u00fdchto zmien je \u0161okuj\u00faci a nev\u00eddan\u00fd aj na pomery tejto vl\u00e1dy,<\/em>\u201d uzavrel Michal Ki\u010da.&nbsp;<\/p>\n","protected":false},"excerpt":{"rendered":"<p>Vl\u00e1da e\u0161te hlb\u0161ie prerazila legislat\u00edvne dno. Dnes schv\u00e1len\u00fd \u00faplne nov\u00fd z\u00e1kon o Environment\u00e1lnom fonde nebol predmetom pripomienkov\u00e9ho konania, nebol konzultovan\u00fd so samospr\u00e1vami, soci\u00e1lnymi partnermi a obsahuje paradigmatick\u00fa zmenu v odpadovom hospod\u00e1rstve. Neexistuje jedin\u00fd d\u00f4vod, aby i\u0161iel skr\u00e1ten\u00fdm legislat\u00edvnym konan\u00edm, ako to pretla\u010dil Taraba.\u00a0 Z\u00e1kon nijako nezjednodu\u0161uje \u010dinnos\u0165 envirofondu, nerob\u00ed ho \u00fastretovej\u0161\u00edm pre samospr\u00e1vy. \u201cMinistrovi d\u00e1va [&hellip;]<\/p>\n","protected":false},"author":13,"featured_media":385,"comment_status":"closed","ping_status":"closed","sticky":false,"template":"","format":"standard","meta":{"_acf_changed":false,"ngg_post_thumbnail":0,"footnotes":""},"categories":[4],"tags":[],"class_list":["post-8262","post","type-post","status-publish","format-standard","has-post-thumbnail","hentry","category-tlacove-spravy"],"acf":[],"yoast_head":"<!-- This site is optimized with the Yoast SEO plugin v27.2 - https:\/\/yoast.com\/product\/yoast-seo-wordpress\/ -->\n<title>Taraba sa zmocnil Envirofondu a bez diskusie smeruje k orb\u00e1novsk\u00e9mu modelu v odpadovom hospod\u00e1rstve<\/title>\n<meta name=\"robots\" content=\"index, follow, max-snippet:-1, max-image-preview:large, max-video-preview:-1\" \/>\n<link rel=\"canonical\" href=\"https:\/\/www.smedemokrati.sk\/cs\/taraba-sa-zmocnil-envirofondu-a-bez-diskusie-smeruje-k-orbanovskemu-modelu-v-odpadovom-hospodarstve\/\" \/>\n<meta property=\"og:locale\" content=\"cs_CZ\" \/>\n<meta property=\"og:locale:alternate\" content=\"en_US\" \/>\n<meta property=\"og:locale:alternate\" content=\"hu_HU\" \/>\n<meta property=\"og:locale:alternate\" content=\"sk_SK\" \/>\n<meta property=\"og:locale:alternate\" content=\"sv_SE\" \/>\n<meta property=\"og:type\" content=\"article\" \/>\n<meta property=\"og:title\" content=\"Taraba sa zmocnil Envirofondu a bez diskusie smeruje k orb\u00e1novsk\u00e9mu modelu v odpadovom hospod\u00e1rstve\" \/>\n<meta property=\"og:description\" content=\"Vl\u00e1da e\u0161te hlb\u0161ie prerazila legislat\u00edvne dno. Dnes schv\u00e1len\u00fd \u00faplne nov\u00fd z\u00e1kon o Environment\u00e1lnom fonde nebol predmetom pripomienkov\u00e9ho konania, nebol konzultovan\u00fd so samospr\u00e1vami, soci\u00e1lnymi partnermi a obsahuje paradigmatick\u00fa zmenu v odpadovom hospod\u00e1rstve. Neexistuje jedin\u00fd d\u00f4vod, aby i\u0161iel skr\u00e1ten\u00fdm legislat\u00edvnym konan\u00edm, ako to pretla\u010dil Taraba.\u00a0 Z\u00e1kon nijako nezjednodu\u0161uje \u010dinnos\u0165 envirofondu, nerob\u00ed ho \u00fastretovej\u0161\u00edm pre samospr\u00e1vy. \u201cMinistrovi d\u00e1va [&hellip;]\" \/>\n<meta property=\"og:url\" content=\"https:\/\/www.smedemokrati.sk\/cs\/taraba-sa-zmocnil-envirofondu-a-bez-diskusie-smeruje-k-orbanovskemu-modelu-v-odpadovom-hospodarstve\/\" \/>\n<meta property=\"og:site_name\" content=\"Smedemokrati.sk\" \/>\n<meta property=\"article:publisher\" content=\"https:\/\/www.facebook.com\/smedemokrati2023\" \/>\n<meta property=\"article:published_time\" content=\"2025-10-01T08:50:36+00:00\" \/>\n<meta property=\"article:modified_time\" content=\"2025-10-01T08:50:37+00:00\" \/>\n<meta property=\"og:image\" content=\"https:\/\/www.smedemokrati.sk\/wp-content\/uploads\/2023\/04\/MKica.jpg\" \/>\n\t<meta property=\"og:image:width\" content=\"1520\" \/>\n\t<meta property=\"og:image:height\" content=\"1080\" \/>\n\t<meta property=\"og:image:type\" content=\"image\/jpeg\" \/>\n<meta name=\"author\" content=\"miro.sopko\" \/>\n<meta name=\"twitter:card\" content=\"summary_large_image\" \/>\n<meta name=\"twitter:label1\" content=\"Napsal(a)\" \/>\n\t<meta name=\"twitter:data1\" content=\"miro.sopko\" \/>\n\t<meta name=\"twitter:label2\" content=\"Odhadovan\u00e1 doba \u010dten\u00ed\" \/>\n\t<meta name=\"twitter:data2\" content=\"2 minuty\" \/>\n<script type=\"application\/ld+json\" class=\"yoast-schema-graph\">{\"@context\":\"https:\/\/schema.org\",\"@graph\":[{\"@type\":\"Article\",\"@id\":\"https:\/\/www.smedemokrati.sk\/taraba-sa-zmocnil-envirofondu-a-bez-diskusie-smeruje-k-orbanovskemu-modelu-v-odpadovom-hospodarstve\/#article\",\"isPartOf\":{\"@id\":\"https:\/\/www.smedemokrati.sk\/taraba-sa-zmocnil-envirofondu-a-bez-diskusie-smeruje-k-orbanovskemu-modelu-v-odpadovom-hospodarstve\/\"},\"author\":{\"name\":\"miro.sopko\",\"@id\":\"https:\/\/www.smedemokrati.sk\/#\/schema\/person\/21f147c88d605aa7ded900e1e7c344ba\"},\"headline\":\"Taraba sa zmocnil Envirofondu a bez diskusie smeruje k orb\u00e1novsk\u00e9mu modelu v odpadovom hospod\u00e1rstve\",\"datePublished\":\"2025-10-01T08:50:36+00:00\",\"dateModified\":\"2025-10-01T08:50:37+00:00\",\"mainEntityOfPage\":{\"@id\":\"https:\/\/www.smedemokrati.sk\/taraba-sa-zmocnil-envirofondu-a-bez-diskusie-smeruje-k-orbanovskemu-modelu-v-odpadovom-hospodarstve\/\"},\"wordCount\":333,\"publisher\":{\"@id\":\"https:\/\/www.smedemokrati.sk\/#organization\"},\"image\":{\"@id\":\"https:\/\/www.smedemokrati.sk\/taraba-sa-zmocnil-envirofondu-a-bez-diskusie-smeruje-k-orbanovskemu-modelu-v-odpadovom-hospodarstve\/#primaryimage\"},\"thumbnailUrl\":\"https:\/\/www.smedemokrati.sk\/wp-content\/uploads\/2023\/04\/MKica.jpg\",\"articleSection\":[\"Tla\u010dov\u00e9 spr\u00e1vy\"],\"inLanguage\":\"cs-CZ\"},{\"@type\":\"WebPage\",\"@id\":\"https:\/\/www.smedemokrati.sk\/taraba-sa-zmocnil-envirofondu-a-bez-diskusie-smeruje-k-orbanovskemu-modelu-v-odpadovom-hospodarstve\/\",\"url\":\"https:\/\/www.smedemokrati.sk\/taraba-sa-zmocnil-envirofondu-a-bez-diskusie-smeruje-k-orbanovskemu-modelu-v-odpadovom-hospodarstve\/\",\"name\":\"Taraba sa zmocnil Envirofondu a bez diskusie smeruje k orb\u00e1novsk\u00e9mu modelu v odpadovom hospod\u00e1rstve\",\"isPartOf\":{\"@id\":\"https:\/\/www.smedemokrati.sk\/#website\"},\"primaryImageOfPage\":{\"@id\":\"https:\/\/www.smedemokrati.sk\/taraba-sa-zmocnil-envirofondu-a-bez-diskusie-smeruje-k-orbanovskemu-modelu-v-odpadovom-hospodarstve\/#primaryimage\"},\"image\":{\"@id\":\"https:\/\/www.smedemokrati.sk\/taraba-sa-zmocnil-envirofondu-a-bez-diskusie-smeruje-k-orbanovskemu-modelu-v-odpadovom-hospodarstve\/#primaryimage\"},\"thumbnailUrl\":\"https:\/\/www.smedemokrati.sk\/wp-content\/uploads\/2023\/04\/MKica.jpg\",\"datePublished\":\"2025-10-01T08:50:36+00:00\",\"dateModified\":\"2025-10-01T08:50:37+00:00\",\"breadcrumb\":{\"@id\":\"https:\/\/www.smedemokrati.sk\/taraba-sa-zmocnil-envirofondu-a-bez-diskusie-smeruje-k-orbanovskemu-modelu-v-odpadovom-hospodarstve\/#breadcrumb\"},\"inLanguage\":\"cs-CZ\",\"potentialAction\":[{\"@type\":\"ReadAction\",\"target\":[\"https:\/\/www.smedemokrati.sk\/taraba-sa-zmocnil-envirofondu-a-bez-diskusie-smeruje-k-orbanovskemu-modelu-v-odpadovom-hospodarstve\/\"]}]},{\"@type\":\"ImageObject\",\"inLanguage\":\"cs-CZ\",\"@id\":\"https:\/\/www.smedemokrati.sk\/taraba-sa-zmocnil-envirofondu-a-bez-diskusie-smeruje-k-orbanovskemu-modelu-v-odpadovom-hospodarstve\/#primaryimage\",\"url\":\"https:\/\/www.smedemokrati.sk\/wp-content\/uploads\/2023\/04\/MKica.jpg\",\"contentUrl\":\"https:\/\/www.smedemokrati.sk\/wp-content\/uploads\/2023\/04\/MKica.jpg\",\"width\":1520,\"height\":1080},{\"@type\":\"BreadcrumbList\",\"@id\":\"https:\/\/www.smedemokrati.sk\/taraba-sa-zmocnil-envirofondu-a-bez-diskusie-smeruje-k-orbanovskemu-modelu-v-odpadovom-hospodarstve\/#breadcrumb\",\"itemListElement\":[{\"@type\":\"ListItem\",\"position\":1,\"name\":\"Domovsk\u00e1 str\u00e1nka\",\"item\":\"https:\/\/www.smedemokrati.sk\/\"},{\"@type\":\"ListItem\",\"position\":2,\"name\":\"Taraba sa zmocnil Envirofondu a bez diskusie smeruje k orb\u00e1novsk\u00e9mu modelu v odpadovom hospod\u00e1rstve\"}]},{\"@type\":\"WebSite\",\"@id\":\"https:\/\/www.smedemokrati.sk\/#website\",\"url\":\"https:\/\/www.smedemokrati.sk\/\",\"name\":\"Smedemokrati.sk\",\"description\":\"Demokracia a slu\u0161nos\u0165 zv\u00ed\u0165az\u00ed\",\"publisher\":{\"@id\":\"https:\/\/www.smedemokrati.sk\/#organization\"},\"potentialAction\":[{\"@type\":\"SearchAction\",\"target\":{\"@type\":\"EntryPoint\",\"urlTemplate\":\"https:\/\/www.smedemokrati.sk\/?s={search_term_string}\"},\"query-input\":{\"@type\":\"PropertyValueSpecification\",\"valueRequired\":true,\"valueName\":\"search_term_string\"}}],\"inLanguage\":\"cs-CZ\"},{\"@type\":\"Organization\",\"@id\":\"https:\/\/www.smedemokrati.sk\/#organization\",\"name\":\"Smedemokrati.sk\",\"url\":\"https:\/\/www.smedemokrati.sk\/\",\"logo\":{\"@type\":\"ImageObject\",\"inLanguage\":\"cs-CZ\",\"@id\":\"https:\/\/www.smedemokrati.sk\/#\/schema\/logo\/image\/\",\"url\":\"https:\/\/www.smedemokrati.sk\/wp-content\/uploads\/2023\/04\/ff.002.jpeg\",\"contentUrl\":\"https:\/\/www.smedemokrati.sk\/wp-content\/uploads\/2023\/04\/ff.002.jpeg\",\"width\":640,\"height\":480,\"caption\":\"Smedemokrati.sk\"},\"image\":{\"@id\":\"https:\/\/www.smedemokrati.sk\/#\/schema\/logo\/image\/\"},\"sameAs\":[\"https:\/\/www.facebook.com\/smedemokrati2023\"]},{\"@type\":\"Person\",\"@id\":\"https:\/\/www.smedemokrati.sk\/#\/schema\/person\/21f147c88d605aa7ded900e1e7c344ba\",\"name\":\"miro.sopko\",\"image\":{\"@type\":\"ImageObject\",\"inLanguage\":\"cs-CZ\",\"@id\":\"https:\/\/secure.gravatar.com\/avatar\/267e4a36f704376c109afe3a78740c1f5dd8675a2180a908699e7863c9247606?s=96&d=mm&r=g\",\"url\":\"https:\/\/secure.gravatar.com\/avatar\/267e4a36f704376c109afe3a78740c1f5dd8675a2180a908699e7863c9247606?s=96&d=mm&r=g\",\"contentUrl\":\"https:\/\/secure.gravatar.com\/avatar\/267e4a36f704376c109afe3a78740c1f5dd8675a2180a908699e7863c9247606?s=96&d=mm&r=g\",\"caption\":\"miro.sopko\"},\"url\":\"https:\/\/www.smedemokrati.sk\/cs\/author\/miro-sopko\/\"}]}<\/script>\n<!-- \/ Yoast SEO plugin. -->","yoast_head_json":{"title":"Taraba sa zmocnil Envirofondu a bez diskusie smeruje k orb\u00e1novsk\u00e9mu modelu v odpadovom hospod\u00e1rstve","robots":{"index":"index","follow":"follow","max-snippet":"max-snippet:-1","max-image-preview":"max-image-preview:large","max-video-preview":"max-video-preview:-1"},"canonical":"https:\/\/www.smedemokrati.sk\/cs\/taraba-sa-zmocnil-envirofondu-a-bez-diskusie-smeruje-k-orbanovskemu-modelu-v-odpadovom-hospodarstve\/","og_locale":"cs_CZ","og_type":"article","og_title":"[:sk]Taraba sa zmocnil Envirofondu a bez diskusie smeruje k orb\u00e1novsk\u00e9mu modelu v odpadovom hospod\u00e1rstve[:] - Smedemokrati.sk","og_description":"Vl\u00e1da e\u0161te hlb\u0161ie prerazila legislat\u00edvne dno. Dnes schv\u00e1len\u00fd \u00faplne nov\u00fd z\u00e1kon o Environment\u00e1lnom fonde nebol predmetom pripomienkov\u00e9ho konania, nebol konzultovan\u00fd so samospr\u00e1vami, soci\u00e1lnymi partnermi a obsahuje paradigmatick\u00fa zmenu v odpadovom hospod\u00e1rstve. Neexistuje jedin\u00fd d\u00f4vod, aby i\u0161iel skr\u00e1ten\u00fdm legislat\u00edvnym konan\u00edm, ako to pretla\u010dil Taraba.\u00a0 Z\u00e1kon nijako nezjednodu\u0161uje \u010dinnos\u0165 envirofondu, nerob\u00ed ho \u00fastretovej\u0161\u00edm pre samospr\u00e1vy. \u201cMinistrovi d\u00e1va [&hellip;]","og_url":"https:\/\/www.smedemokrati.sk\/cs\/taraba-sa-zmocnil-envirofondu-a-bez-diskusie-smeruje-k-orbanovskemu-modelu-v-odpadovom-hospodarstve\/","og_site_name":"Smedemokrati.sk","article_publisher":"https:\/\/www.facebook.com\/smedemokrati2023","article_published_time":"2025-10-01T08:50:36+00:00","article_modified_time":"2025-10-01T08:50:37+00:00","og_image":[{"width":1520,"height":1080,"url":"https:\/\/www.smedemokrati.sk\/wp-content\/uploads\/2023\/04\/MKica.jpg","type":"image\/jpeg"}],"author":"miro.sopko","twitter_card":"summary_large_image","twitter_misc":{"Napsal(a)":"miro.sopko","Odhadovan\u00e1 doba \u010dten\u00ed":"2 minuty"},"schema":{"@context":"https:\/\/schema.org","@graph":[{"@type":"Article","@id":"https:\/\/www.smedemokrati.sk\/taraba-sa-zmocnil-envirofondu-a-bez-diskusie-smeruje-k-orbanovskemu-modelu-v-odpadovom-hospodarstve\/#article","isPartOf":{"@id":"https:\/\/www.smedemokrati.sk\/taraba-sa-zmocnil-envirofondu-a-bez-diskusie-smeruje-k-orbanovskemu-modelu-v-odpadovom-hospodarstve\/"},"author":{"name":"miro.sopko","@id":"https:\/\/www.smedemokrati.sk\/#\/schema\/person\/21f147c88d605aa7ded900e1e7c344ba"},"headline":"Taraba sa zmocnil Envirofondu a bez diskusie smeruje k orb\u00e1novsk\u00e9mu modelu v odpadovom hospod\u00e1rstve","datePublished":"2025-10-01T08:50:36+00:00","dateModified":"2025-10-01T08:50:37+00:00","mainEntityOfPage":{"@id":"https:\/\/www.smedemokrati.sk\/taraba-sa-zmocnil-envirofondu-a-bez-diskusie-smeruje-k-orbanovskemu-modelu-v-odpadovom-hospodarstve\/"},"wordCount":333,"publisher":{"@id":"https:\/\/www.smedemokrati.sk\/#organization"},"image":{"@id":"https:\/\/www.smedemokrati.sk\/taraba-sa-zmocnil-envirofondu-a-bez-diskusie-smeruje-k-orbanovskemu-modelu-v-odpadovom-hospodarstve\/#primaryimage"},"thumbnailUrl":"https:\/\/www.smedemokrati.sk\/wp-content\/uploads\/2023\/04\/MKica.jpg","articleSection":["Tla\u010dov\u00e9 spr\u00e1vy"],"inLanguage":"cs-CZ"},{"@type":"WebPage","@id":"https:\/\/www.smedemokrati.sk\/taraba-sa-zmocnil-envirofondu-a-bez-diskusie-smeruje-k-orbanovskemu-modelu-v-odpadovom-hospodarstve\/","url":"https:\/\/www.smedemokrati.sk\/taraba-sa-zmocnil-envirofondu-a-bez-diskusie-smeruje-k-orbanovskemu-modelu-v-odpadovom-hospodarstve\/","name":"Taraba sa zmocnil Envirofondu a bez diskusie smeruje k orb\u00e1novsk\u00e9mu modelu v odpadovom hospod\u00e1rstve","isPartOf":{"@id":"https:\/\/www.smedemokrati.sk\/#website"},"primaryImageOfPage":{"@id":"https:\/\/www.smedemokrati.sk\/taraba-sa-zmocnil-envirofondu-a-bez-diskusie-smeruje-k-orbanovskemu-modelu-v-odpadovom-hospodarstve\/#primaryimage"},"image":{"@id":"https:\/\/www.smedemokrati.sk\/taraba-sa-zmocnil-envirofondu-a-bez-diskusie-smeruje-k-orbanovskemu-modelu-v-odpadovom-hospodarstve\/#primaryimage"},"thumbnailUrl":"https:\/\/www.smedemokrati.sk\/wp-content\/uploads\/2023\/04\/MKica.jpg","datePublished":"2025-10-01T08:50:36+00:00","dateModified":"2025-10-01T08:50:37+00:00","breadcrumb":{"@id":"https:\/\/www.smedemokrati.sk\/taraba-sa-zmocnil-envirofondu-a-bez-diskusie-smeruje-k-orbanovskemu-modelu-v-odpadovom-hospodarstve\/#breadcrumb"},"inLanguage":"cs-CZ","potentialAction":[{"@type":"ReadAction","target":["https:\/\/www.smedemokrati.sk\/taraba-sa-zmocnil-envirofondu-a-bez-diskusie-smeruje-k-orbanovskemu-modelu-v-odpadovom-hospodarstve\/"]}]},{"@type":"ImageObject","inLanguage":"cs-CZ","@id":"https:\/\/www.smedemokrati.sk\/taraba-sa-zmocnil-envirofondu-a-bez-diskusie-smeruje-k-orbanovskemu-modelu-v-odpadovom-hospodarstve\/#primaryimage","url":"https:\/\/www.smedemokrati.sk\/wp-content\/uploads\/2023\/04\/MKica.jpg","contentUrl":"https:\/\/www.smedemokrati.sk\/wp-content\/uploads\/2023\/04\/MKica.jpg","width":1520,"height":1080},{"@type":"BreadcrumbList","@id":"https:\/\/www.smedemokrati.sk\/taraba-sa-zmocnil-envirofondu-a-bez-diskusie-smeruje-k-orbanovskemu-modelu-v-odpadovom-hospodarstve\/#breadcrumb","itemListElement":[{"@type":"ListItem","position":1,"name":"Domovsk\u00e1 str\u00e1nka","item":"https:\/\/www.smedemokrati.sk\/"},{"@type":"ListItem","position":2,"name":"Taraba sa zmocnil Envirofondu a bez diskusie smeruje k orb\u00e1novsk\u00e9mu modelu v odpadovom hospod\u00e1rstve"}]},{"@type":"WebSite","@id":"https:\/\/www.smedemokrati.sk\/#website","url":"https:\/\/www.smedemokrati.sk\/","name":"Smedemokrati.sk","description":"Demokracia a slu\u0161nos\u0165 zv\u00ed\u0165az\u00ed","publisher":{"@id":"https:\/\/www.smedemokrati.sk\/#organization"},"potentialAction":[{"@type":"SearchAction","target":{"@type":"EntryPoint","urlTemplate":"https:\/\/www.smedemokrati.sk\/?s={search_term_string}"},"query-input":{"@type":"PropertyValueSpecification","valueRequired":true,"valueName":"search_term_string"}}],"inLanguage":"cs-CZ"},{"@type":"Organization","@id":"https:\/\/www.smedemokrati.sk\/#organization","name":"Smedemokrati.sk","url":"https:\/\/www.smedemokrati.sk\/","logo":{"@type":"ImageObject","inLanguage":"cs-CZ","@id":"https:\/\/www.smedemokrati.sk\/#\/schema\/logo\/image\/","url":"https:\/\/www.smedemokrati.sk\/wp-content\/uploads\/2023\/04\/ff.002.jpeg","contentUrl":"https:\/\/www.smedemokrati.sk\/wp-content\/uploads\/2023\/04\/ff.002.jpeg","width":640,"height":480,"caption":"Smedemokrati.sk"},"image":{"@id":"https:\/\/www.smedemokrati.sk\/#\/schema\/logo\/image\/"},"sameAs":["https:\/\/www.facebook.com\/smedemokrati2023"]},{"@type":"Person","@id":"https:\/\/www.smedemokrati.sk\/#\/schema\/person\/21f147c88d605aa7ded900e1e7c344ba","name":"miro.sopko","image":{"@type":"ImageObject","inLanguage":"cs-CZ","@id":"https:\/\/secure.gravatar.com\/avatar\/267e4a36f704376c109afe3a78740c1f5dd8675a2180a908699e7863c9247606?s=96&d=mm&r=g","url":"https:\/\/secure.gravatar.com\/avatar\/267e4a36f704376c109afe3a78740c1f5dd8675a2180a908699e7863c9247606?s=96&d=mm&r=g","contentUrl":"https:\/\/secure.gravatar.com\/avatar\/267e4a36f704376c109afe3a78740c1f5dd8675a2180a908699e7863c9247606?s=96&d=mm&r=g","caption":"miro.sopko"},"url":"https:\/\/www.smedemokrati.sk\/cs\/author\/miro-sopko\/"}]}},"_links":{"self":[{"href":"https:\/\/www.smedemokrati.sk\/cs\/wp-json\/wp\/v2\/posts\/8262","targetHints":{"allow":["GET"]}}],"collection":[{"href":"https:\/\/www.smedemokrati.sk\/cs\/wp-json\/wp\/v2\/posts"}],"about":[{"href":"https:\/\/www.smedemokrati.sk\/cs\/wp-json\/wp\/v2\/types\/post"}],"author":[{"embeddable":true,"href":"https:\/\/www.smedemokrati.sk\/cs\/wp-json\/wp\/v2\/users\/13"}],"replies":[{"embeddable":true,"href":"https:\/\/www.smedemokrati.sk\/cs\/wp-json\/wp\/v2\/comments?post=8262"}],"version-history":[{"count":1,"href":"https:\/\/www.smedemokrati.sk\/cs\/wp-json\/wp\/v2\/posts\/8262\/revisions"}],"predecessor-version":[{"id":8263,"href":"https:\/\/www.smedemokrati.sk\/cs\/wp-json\/wp\/v2\/posts\/8262\/revisions\/8263"}],"wp:featuredmedia":[{"embeddable":true,"href":"https:\/\/www.smedemokrati.sk\/cs\/wp-json\/wp\/v2\/media\/385"}],"wp:attachment":[{"href":"https:\/\/www.smedemokrati.sk\/cs\/wp-json\/wp\/v2\/media?parent=8262"}],"wp:term":[{"taxonomy":"category","embeddable":true,"href":"https:\/\/www.smedemokrati.sk\/cs\/wp-json\/wp\/v2\/categories?post=8262"},{"taxonomy":"post_tag","embeddable":true,"href":"https:\/\/www.smedemokrati.sk\/cs\/wp-json\/wp\/v2\/tags?post=8262"}],"curies":[{"name":"wp","href":"https:\/\/api.w.org\/{rel}","templated":true}]}}