{"id":8243,"date":"2025-09-26T12:31:02","date_gmt":"2025-09-26T11:31:02","guid":{"rendered":"https:\/\/www.smedemokrati.sk\/?p=8243"},"modified":"2025-09-26T12:31:03","modified_gmt":"2025-09-26T11:31:03","slug":"stanovisko-k-novele-ustavy","status":"publish","type":"post","link":"https:\/\/www.smedemokrati.sk\/cs\/stanovisko-k-novele-ustavy\/","title":{"rendered":"Stanovisko k novele \u00fastavy"},"content":{"rendered":"<div id=\"fb-root\"><\/div>\n\n<p>Sme \u0161okovan\u00ed z toho ako poslanci hnutia Slovensko podporili Ficov n\u00e1vrh novely \u00fastavy. E\u0161te v\u010dera sme po\u010d\u00favali re\u010di o tom, ako sa s Robertom Ficom nespolupracuje, preto\u017ee s mafiou sa nespolupracuje. Dnes je v\u0161etko inak. Hist\u00f3ria sa \u017eia\u013e opakuje, rovnako ako pri vyd\u00e1van\u00ed Roberta Fica na v\u00e4zobn\u00e9 st\u00edhanie, aj dnes najviac pomohol Robertovi Ficovi Igor Matovi\u010d so svojim hnut\u00edm.<\/p>\n\n\n\n<p>Hnutie Slovensko a Igor Matovi\u010d r\u00e1d vyhlasuje, ako \u201cs mafiou nespolupracuje\u201d ako je on a jeho hnutie jedin\u00e1 re\u00e1lna opoz\u00edcia, dnes sme v\u0161ak videli, \u017ee s\u00fa to len re\u010di. Konflikt, krik hnev a \u00fatoky proti v\u0161etk\u00fdm a potom pomoc Ficovi, Smeru a Hlasu.<\/p>\n\n\n\n<p>Ob\u00e1vame sa, \u017ee t\u00e1to novela \u00fastavy, najm\u00e4 \u010dl. 7 m\u00f4\u017ee re\u00e1lne oslabi\u0165 na\u0161e \u010dlenstvo v E\u00da a NATO, \u010do je re\u00e1lne cie\u013e Roberta Fica a jeho vl\u00e1dy. Chceme ve\u013emi jasne poveda\u0165, \u017ee budeme robi\u0165 v\u0161etko preto, aby Slovensko zostalo riadny \u010dlenom E\u00da a NATO a na Slovensku boli re\u0161pektovan\u00e9 \u013eudsk\u00e9 pr\u00e1va v\u0161etk\u00fdch ob\u010danov bez rozdielu.<\/p>\n","protected":false},"excerpt":{"rendered":"<p>Sme \u0161okovan\u00ed z toho ako poslanci hnutia Slovensko podporili Ficov n\u00e1vrh novely \u00fastavy. E\u0161te v\u010dera sme po\u010d\u00favali re\u010di o tom, ako sa s Robertom Ficom nespolupracuje, preto\u017ee s mafiou sa nespolupracuje. Dnes je v\u0161etko inak. Hist\u00f3ria sa \u017eia\u013e opakuje, rovnako ako pri vyd\u00e1van\u00ed Roberta Fica na v\u00e4zobn\u00e9 st\u00edhanie, aj dnes najviac pomohol Robertovi Ficovi Igor [&hellip;]<\/p>\n","protected":false},"author":13,"featured_media":2653,"comment_status":"closed","ping_status":"closed","sticky":false,"template":"","format":"standard","meta":{"_acf_changed":false,"ngg_post_thumbnail":0,"footnotes":""},"categories":[11],"tags":[],"class_list":["post-8243","post","type-post","status-publish","format-standard","has-post-thumbnail","hentry","category-vyhlasenia"],"acf":[],"yoast_head":"<!-- This site is optimized with the Yoast SEO plugin v27.2 - https:\/\/yoast.com\/product\/yoast-seo-wordpress\/ -->\n<title>Stanovisko k novele \u00fastavy<\/title>\n<meta name=\"robots\" content=\"index, follow, max-snippet:-1, max-image-preview:large, max-video-preview:-1\" \/>\n<link rel=\"canonical\" href=\"https:\/\/www.smedemokrati.sk\/cs\/stanovisko-k-novele-ustavy\/\" \/>\n<meta property=\"og:locale\" content=\"cs_CZ\" \/>\n<meta property=\"og:locale:alternate\" content=\"en_US\" \/>\n<meta property=\"og:locale:alternate\" content=\"hu_HU\" \/>\n<meta property=\"og:locale:alternate\" content=\"sk_SK\" \/>\n<meta property=\"og:locale:alternate\" content=\"sv_SE\" \/>\n<meta property=\"og:type\" content=\"article\" \/>\n<meta property=\"og:title\" content=\"Stanovisko k novele \u00fastavy\" \/>\n<meta property=\"og:description\" content=\"Sme \u0161okovan\u00ed z toho ako poslanci hnutia Slovensko podporili Ficov n\u00e1vrh novely \u00fastavy. E\u0161te v\u010dera sme po\u010d\u00favali re\u010di o tom, ako sa s Robertom Ficom nespolupracuje, preto\u017ee s mafiou sa nespolupracuje. Dnes je v\u0161etko inak. Hist\u00f3ria sa \u017eia\u013e opakuje, rovnako ako pri vyd\u00e1van\u00ed Roberta Fica na v\u00e4zobn\u00e9 st\u00edhanie, aj dnes najviac pomohol Robertovi Ficovi Igor [&hellip;]\" \/>\n<meta property=\"og:url\" content=\"https:\/\/www.smedemokrati.sk\/cs\/stanovisko-k-novele-ustavy\/\" \/>\n<meta property=\"og:site_name\" content=\"Smedemokrati.sk\" \/>\n<meta property=\"article:publisher\" content=\"https:\/\/www.facebook.com\/smedemokrati2023\" \/>\n<meta property=\"article:published_time\" content=\"2025-09-26T11:31:02+00:00\" \/>\n<meta property=\"article:modified_time\" content=\"2025-09-26T11:31:03+00:00\" \/>\n<meta property=\"og:image\" content=\"https:\/\/www.smedemokrati.sk\/wp-content\/uploads\/2024\/02\/ddd.jpg\" \/>\n\t<meta property=\"og:image:width\" content=\"1024\" \/>\n\t<meta property=\"og:image:height\" content=\"683\" \/>\n\t<meta property=\"og:image:type\" content=\"image\/jpeg\" \/>\n<meta name=\"author\" content=\"miro.sopko\" \/>\n<meta name=\"twitter:card\" content=\"summary_large_image\" \/>\n<meta name=\"twitter:label1\" content=\"Napsal(a)\" \/>\n\t<meta name=\"twitter:data1\" content=\"miro.sopko\" \/>\n\t<meta name=\"twitter:label2\" content=\"Odhadovan\u00e1 doba \u010dten\u00ed\" \/>\n\t<meta name=\"twitter:data2\" content=\"2 minuty\" \/>\n<script type=\"application\/ld+json\" class=\"yoast-schema-graph\">{\"@context\":\"https:\/\/schema.org\",\"@graph\":[{\"@type\":\"Article\",\"@id\":\"https:\/\/www.smedemokrati.sk\/stanovisko-k-novele-ustavy\/#article\",\"isPartOf\":{\"@id\":\"https:\/\/www.smedemokrati.sk\/stanovisko-k-novele-ustavy\/\"},\"author\":{\"name\":\"miro.sopko\",\"@id\":\"https:\/\/www.smedemokrati.sk\/#\/schema\/person\/21f147c88d605aa7ded900e1e7c344ba\"},\"headline\":\"Stanovisko k novele \u00fastavy\",\"datePublished\":\"2025-09-26T11:31:02+00:00\",\"dateModified\":\"2025-09-26T11:31:03+00:00\",\"mainEntityOfPage\":{\"@id\":\"https:\/\/www.smedemokrati.sk\/stanovisko-k-novele-ustavy\/\"},\"wordCount\":195,\"publisher\":{\"@id\":\"https:\/\/www.smedemokrati.sk\/#organization\"},\"image\":{\"@id\":\"https:\/\/www.smedemokrati.sk\/stanovisko-k-novele-ustavy\/#primaryimage\"},\"thumbnailUrl\":\"https:\/\/www.smedemokrati.sk\/wp-content\/uploads\/2024\/02\/ddd.jpg\",\"articleSection\":[\"Vyhl\u00e1senia\"],\"inLanguage\":\"cs-CZ\"},{\"@type\":\"WebPage\",\"@id\":\"https:\/\/www.smedemokrati.sk\/stanovisko-k-novele-ustavy\/\",\"url\":\"https:\/\/www.smedemokrati.sk\/stanovisko-k-novele-ustavy\/\",\"name\":\"Stanovisko k novele \u00fastavy\",\"isPartOf\":{\"@id\":\"https:\/\/www.smedemokrati.sk\/#website\"},\"primaryImageOfPage\":{\"@id\":\"https:\/\/www.smedemokrati.sk\/stanovisko-k-novele-ustavy\/#primaryimage\"},\"image\":{\"@id\":\"https:\/\/www.smedemokrati.sk\/stanovisko-k-novele-ustavy\/#primaryimage\"},\"thumbnailUrl\":\"https:\/\/www.smedemokrati.sk\/wp-content\/uploads\/2024\/02\/ddd.jpg\",\"datePublished\":\"2025-09-26T11:31:02+00:00\",\"dateModified\":\"2025-09-26T11:31:03+00:00\",\"breadcrumb\":{\"@id\":\"https:\/\/www.smedemokrati.sk\/stanovisko-k-novele-ustavy\/#breadcrumb\"},\"inLanguage\":\"cs-CZ\",\"potentialAction\":[{\"@type\":\"ReadAction\",\"target\":[\"https:\/\/www.smedemokrati.sk\/stanovisko-k-novele-ustavy\/\"]}]},{\"@type\":\"ImageObject\",\"inLanguage\":\"cs-CZ\",\"@id\":\"https:\/\/www.smedemokrati.sk\/stanovisko-k-novele-ustavy\/#primaryimage\",\"url\":\"https:\/\/www.smedemokrati.sk\/wp-content\/uploads\/2024\/02\/ddd.jpg\",\"contentUrl\":\"https:\/\/www.smedemokrati.sk\/wp-content\/uploads\/2024\/02\/ddd.jpg\",\"width\":1024,\"height\":683},{\"@type\":\"BreadcrumbList\",\"@id\":\"https:\/\/www.smedemokrati.sk\/stanovisko-k-novele-ustavy\/#breadcrumb\",\"itemListElement\":[{\"@type\":\"ListItem\",\"position\":1,\"name\":\"Domovsk\u00e1 str\u00e1nka\",\"item\":\"https:\/\/www.smedemokrati.sk\/\"},{\"@type\":\"ListItem\",\"position\":2,\"name\":\"Stanovisko k novele \u00fastavy\"}]},{\"@type\":\"WebSite\",\"@id\":\"https:\/\/www.smedemokrati.sk\/#website\",\"url\":\"https:\/\/www.smedemokrati.sk\/\",\"name\":\"Smedemokrati.sk\",\"description\":\"Demokracia a slu\u0161nos\u0165 zv\u00ed\u0165az\u00ed\",\"publisher\":{\"@id\":\"https:\/\/www.smedemokrati.sk\/#organization\"},\"potentialAction\":[{\"@type\":\"SearchAction\",\"target\":{\"@type\":\"EntryPoint\",\"urlTemplate\":\"https:\/\/www.smedemokrati.sk\/?s={search_term_string}\"},\"query-input\":{\"@type\":\"PropertyValueSpecification\",\"valueRequired\":true,\"valueName\":\"search_term_string\"}}],\"inLanguage\":\"cs-CZ\"},{\"@type\":\"Organization\",\"@id\":\"https:\/\/www.smedemokrati.sk\/#organization\",\"name\":\"Smedemokrati.sk\",\"url\":\"https:\/\/www.smedemokrati.sk\/\",\"logo\":{\"@type\":\"ImageObject\",\"inLanguage\":\"cs-CZ\",\"@id\":\"https:\/\/www.smedemokrati.sk\/#\/schema\/logo\/image\/\",\"url\":\"https:\/\/www.smedemokrati.sk\/wp-content\/uploads\/2023\/04\/ff.002.jpeg\",\"contentUrl\":\"https:\/\/www.smedemokrati.sk\/wp-content\/uploads\/2023\/04\/ff.002.jpeg\",\"width\":640,\"height\":480,\"caption\":\"Smedemokrati.sk\"},\"image\":{\"@id\":\"https:\/\/www.smedemokrati.sk\/#\/schema\/logo\/image\/\"},\"sameAs\":[\"https:\/\/www.facebook.com\/smedemokrati2023\"]},{\"@type\":\"Person\",\"@id\":\"https:\/\/www.smedemokrati.sk\/#\/schema\/person\/21f147c88d605aa7ded900e1e7c344ba\",\"name\":\"miro.sopko\",\"image\":{\"@type\":\"ImageObject\",\"inLanguage\":\"cs-CZ\",\"@id\":\"https:\/\/secure.gravatar.com\/avatar\/267e4a36f704376c109afe3a78740c1f5dd8675a2180a908699e7863c9247606?s=96&d=mm&r=g\",\"url\":\"https:\/\/secure.gravatar.com\/avatar\/267e4a36f704376c109afe3a78740c1f5dd8675a2180a908699e7863c9247606?s=96&d=mm&r=g\",\"contentUrl\":\"https:\/\/secure.gravatar.com\/avatar\/267e4a36f704376c109afe3a78740c1f5dd8675a2180a908699e7863c9247606?s=96&d=mm&r=g\",\"caption\":\"miro.sopko\"},\"url\":\"https:\/\/www.smedemokrati.sk\/cs\/author\/miro-sopko\/\"}]}<\/script>\n<!-- \/ Yoast SEO plugin. -->","yoast_head_json":{"title":"Stanovisko k novele \u00fastavy","robots":{"index":"index","follow":"follow","max-snippet":"max-snippet:-1","max-image-preview":"max-image-preview:large","max-video-preview":"max-video-preview:-1"},"canonical":"https:\/\/www.smedemokrati.sk\/cs\/stanovisko-k-novele-ustavy\/","og_locale":"cs_CZ","og_type":"article","og_title":"[:sk]Stanovisko k novele \u00fastavy[:] - Smedemokrati.sk","og_description":"Sme \u0161okovan\u00ed z toho ako poslanci hnutia Slovensko podporili Ficov n\u00e1vrh novely \u00fastavy. E\u0161te v\u010dera sme po\u010d\u00favali re\u010di o tom, ako sa s Robertom Ficom nespolupracuje, preto\u017ee s mafiou sa nespolupracuje. Dnes je v\u0161etko inak. Hist\u00f3ria sa \u017eia\u013e opakuje, rovnako ako pri vyd\u00e1van\u00ed Roberta Fica na v\u00e4zobn\u00e9 st\u00edhanie, aj dnes najviac pomohol Robertovi Ficovi Igor [&hellip;]","og_url":"https:\/\/www.smedemokrati.sk\/cs\/stanovisko-k-novele-ustavy\/","og_site_name":"Smedemokrati.sk","article_publisher":"https:\/\/www.facebook.com\/smedemokrati2023","article_published_time":"2025-09-26T11:31:02+00:00","article_modified_time":"2025-09-26T11:31:03+00:00","og_image":[{"width":1024,"height":683,"url":"https:\/\/www.smedemokrati.sk\/wp-content\/uploads\/2024\/02\/ddd.jpg","type":"image\/jpeg"}],"author":"miro.sopko","twitter_card":"summary_large_image","twitter_misc":{"Napsal(a)":"miro.sopko","Odhadovan\u00e1 doba \u010dten\u00ed":"2 minuty"},"schema":{"@context":"https:\/\/schema.org","@graph":[{"@type":"Article","@id":"https:\/\/www.smedemokrati.sk\/stanovisko-k-novele-ustavy\/#article","isPartOf":{"@id":"https:\/\/www.smedemokrati.sk\/stanovisko-k-novele-ustavy\/"},"author":{"name":"miro.sopko","@id":"https:\/\/www.smedemokrati.sk\/#\/schema\/person\/21f147c88d605aa7ded900e1e7c344ba"},"headline":"Stanovisko k novele \u00fastavy","datePublished":"2025-09-26T11:31:02+00:00","dateModified":"2025-09-26T11:31:03+00:00","mainEntityOfPage":{"@id":"https:\/\/www.smedemokrati.sk\/stanovisko-k-novele-ustavy\/"},"wordCount":195,"publisher":{"@id":"https:\/\/www.smedemokrati.sk\/#organization"},"image":{"@id":"https:\/\/www.smedemokrati.sk\/stanovisko-k-novele-ustavy\/#primaryimage"},"thumbnailUrl":"https:\/\/www.smedemokrati.sk\/wp-content\/uploads\/2024\/02\/ddd.jpg","articleSection":["Vyhl\u00e1senia"],"inLanguage":"cs-CZ"},{"@type":"WebPage","@id":"https:\/\/www.smedemokrati.sk\/stanovisko-k-novele-ustavy\/","url":"https:\/\/www.smedemokrati.sk\/stanovisko-k-novele-ustavy\/","name":"Stanovisko k novele \u00fastavy","isPartOf":{"@id":"https:\/\/www.smedemokrati.sk\/#website"},"primaryImageOfPage":{"@id":"https:\/\/www.smedemokrati.sk\/stanovisko-k-novele-ustavy\/#primaryimage"},"image":{"@id":"https:\/\/www.smedemokrati.sk\/stanovisko-k-novele-ustavy\/#primaryimage"},"thumbnailUrl":"https:\/\/www.smedemokrati.sk\/wp-content\/uploads\/2024\/02\/ddd.jpg","datePublished":"2025-09-26T11:31:02+00:00","dateModified":"2025-09-26T11:31:03+00:00","breadcrumb":{"@id":"https:\/\/www.smedemokrati.sk\/stanovisko-k-novele-ustavy\/#breadcrumb"},"inLanguage":"cs-CZ","potentialAction":[{"@type":"ReadAction","target":["https:\/\/www.smedemokrati.sk\/stanovisko-k-novele-ustavy\/"]}]},{"@type":"ImageObject","inLanguage":"cs-CZ","@id":"https:\/\/www.smedemokrati.sk\/stanovisko-k-novele-ustavy\/#primaryimage","url":"https:\/\/www.smedemokrati.sk\/wp-content\/uploads\/2024\/02\/ddd.jpg","contentUrl":"https:\/\/www.smedemokrati.sk\/wp-content\/uploads\/2024\/02\/ddd.jpg","width":1024,"height":683},{"@type":"BreadcrumbList","@id":"https:\/\/www.smedemokrati.sk\/stanovisko-k-novele-ustavy\/#breadcrumb","itemListElement":[{"@type":"ListItem","position":1,"name":"Domovsk\u00e1 str\u00e1nka","item":"https:\/\/www.smedemokrati.sk\/"},{"@type":"ListItem","position":2,"name":"Stanovisko k novele \u00fastavy"}]},{"@type":"WebSite","@id":"https:\/\/www.smedemokrati.sk\/#website","url":"https:\/\/www.smedemokrati.sk\/","name":"Smedemokrati.sk","description":"Demokracia a slu\u0161nos\u0165 zv\u00ed\u0165az\u00ed","publisher":{"@id":"https:\/\/www.smedemokrati.sk\/#organization"},"potentialAction":[{"@type":"SearchAction","target":{"@type":"EntryPoint","urlTemplate":"https:\/\/www.smedemokrati.sk\/?s={search_term_string}"},"query-input":{"@type":"PropertyValueSpecification","valueRequired":true,"valueName":"search_term_string"}}],"inLanguage":"cs-CZ"},{"@type":"Organization","@id":"https:\/\/www.smedemokrati.sk\/#organization","name":"Smedemokrati.sk","url":"https:\/\/www.smedemokrati.sk\/","logo":{"@type":"ImageObject","inLanguage":"cs-CZ","@id":"https:\/\/www.smedemokrati.sk\/#\/schema\/logo\/image\/","url":"https:\/\/www.smedemokrati.sk\/wp-content\/uploads\/2023\/04\/ff.002.jpeg","contentUrl":"https:\/\/www.smedemokrati.sk\/wp-content\/uploads\/2023\/04\/ff.002.jpeg","width":640,"height":480,"caption":"Smedemokrati.sk"},"image":{"@id":"https:\/\/www.smedemokrati.sk\/#\/schema\/logo\/image\/"},"sameAs":["https:\/\/www.facebook.com\/smedemokrati2023"]},{"@type":"Person","@id":"https:\/\/www.smedemokrati.sk\/#\/schema\/person\/21f147c88d605aa7ded900e1e7c344ba","name":"miro.sopko","image":{"@type":"ImageObject","inLanguage":"cs-CZ","@id":"https:\/\/secure.gravatar.com\/avatar\/267e4a36f704376c109afe3a78740c1f5dd8675a2180a908699e7863c9247606?s=96&d=mm&r=g","url":"https:\/\/secure.gravatar.com\/avatar\/267e4a36f704376c109afe3a78740c1f5dd8675a2180a908699e7863c9247606?s=96&d=mm&r=g","contentUrl":"https:\/\/secure.gravatar.com\/avatar\/267e4a36f704376c109afe3a78740c1f5dd8675a2180a908699e7863c9247606?s=96&d=mm&r=g","caption":"miro.sopko"},"url":"https:\/\/www.smedemokrati.sk\/cs\/author\/miro-sopko\/"}]}},"_links":{"self":[{"href":"https:\/\/www.smedemokrati.sk\/cs\/wp-json\/wp\/v2\/posts\/8243","targetHints":{"allow":["GET"]}}],"collection":[{"href":"https:\/\/www.smedemokrati.sk\/cs\/wp-json\/wp\/v2\/posts"}],"about":[{"href":"https:\/\/www.smedemokrati.sk\/cs\/wp-json\/wp\/v2\/types\/post"}],"author":[{"embeddable":true,"href":"https:\/\/www.smedemokrati.sk\/cs\/wp-json\/wp\/v2\/users\/13"}],"replies":[{"embeddable":true,"href":"https:\/\/www.smedemokrati.sk\/cs\/wp-json\/wp\/v2\/comments?post=8243"}],"version-history":[{"count":1,"href":"https:\/\/www.smedemokrati.sk\/cs\/wp-json\/wp\/v2\/posts\/8243\/revisions"}],"predecessor-version":[{"id":8244,"href":"https:\/\/www.smedemokrati.sk\/cs\/wp-json\/wp\/v2\/posts\/8243\/revisions\/8244"}],"wp:featuredmedia":[{"embeddable":true,"href":"https:\/\/www.smedemokrati.sk\/cs\/wp-json\/wp\/v2\/media\/2653"}],"wp:attachment":[{"href":"https:\/\/www.smedemokrati.sk\/cs\/wp-json\/wp\/v2\/media?parent=8243"}],"wp:term":[{"taxonomy":"category","embeddable":true,"href":"https:\/\/www.smedemokrati.sk\/cs\/wp-json\/wp\/v2\/categories?post=8243"},{"taxonomy":"post_tag","embeddable":true,"href":"https:\/\/www.smedemokrati.sk\/cs\/wp-json\/wp\/v2\/tags?post=8243"}],"curies":[{"name":"wp","href":"https:\/\/api.w.org\/{rel}","templated":true}]}}