{"id":8238,"date":"2025-09-25T16:08:07","date_gmt":"2025-09-25T15:08:07","guid":{"rendered":"https:\/\/www.smedemokrati.sk\/?p=8238"},"modified":"2025-09-25T16:08:08","modified_gmt":"2025-09-25T15:08:08","slug":"taraba-ide-vyhodit-13-mil-eur-na-dokumentaciu-k-pve-malinec-obratili-sme-sa-na-nku-sr","status":"publish","type":"post","link":"https:\/\/www.smedemokrati.sk\/cs\/taraba-ide-vyhodit-13-mil-eur-na-dokumentaciu-k-pve-malinec-obratili-sme-sa-na-nku-sr\/","title":{"rendered":"Taraba ide vyhodi\u0165 1,3 mil. eur na dokument\u00e1ciu k PVE M\u00e1linec, obr\u00e1tili sme sa na NK\u00da SR"},"content":{"rendered":"<div id=\"fb-root\"><\/div>\n\n<p><strong>\u0160t\u00e1tny podnik Vodohospod\u00e1rska v\u00fdstavba vyhl\u00e1sil verejn\u00e9 obstar\u00e1vanie za 1,3 mil. eur na dokument\u00e1ciu k stavebn\u00e9mu z\u00e1meru PVE M\u00e1linec, hoci nie je zn\u00e1me, \u017ee by v\u00f4bec bola spracovan\u00e1 \u0161t\u00fadia realizovate\u013enosti. Obr\u00e1tili sme sa na Najvy\u0161\u0161\u00ed kontroln\u00fd \u00farad SR, aby preveril efekt\u00edvnos\u0165 takto vynakladan\u00fdch prostriedkov a celkovo sp\u00f4sob pr\u00edpravy tohto z\u00e1meru. V \u010dase konsolid\u00e1cie to pova\u017eujeme za mrhanie verejn\u00fdmi prostriedkami.<\/strong><\/p>\n\n\n\n<p>Vl\u00e1da 18. decembra 2024 ulo\u017eila ministrovi Tarabovi spracova\u0165 \u0161t\u00fadiu realizovate\u013enosti k PVE M\u00e1linec a iba v pr\u00edpade, ak z tejto \u0161t\u00fadie vyjde n\u00e1vratnos\u0165 a technick\u00e1 realizovate\u013enos\u0165 invest\u00edcie, zabezpe\u010di\u0165 n\u00e1sledn\u00e9 kroky. O \u0161t\u00fadii nevieme zatia\u013e ni\u010d, napriek tomu ide Taraba za mili\u00f3ny obstar\u00e1va\u0165 dokument\u00e1ciu k stavebn\u00e9mu z\u00e1meru, ktor\u00e1 sa sprac\u00fava na samom z\u00e1vere cel\u00e9ho procesu.&nbsp;<\/p>\n\n\n\n<p>\u201c<em>Tak\u00fdto postup je v rozpore s vl\u00e1dnym uznesen\u00edm z decembra minul\u00e9ho roka. Z d\u00f4vodu obavy o poru\u0161enie z\u00e1kona a nehospod\u00e1rnosti nakladania s verejn\u00fdmi prostriedkami sme sa dnes obr\u00e1tili na Najvy\u0161\u0161\u00ed kontroln\u00fd \u00farad SR s podnetom na vykonanie mimoriadnej kontroly,<\/em>\u201d vysvet\u013euje Michal Ki\u010da, enviroexpert Demokratov.&nbsp;<\/p>\n\n\n\n<p>\u0160t\u00e1tnych kontrol\u00f3rov \u010falej upozor\u0148ujeme na mo\u017en\u00e9 poru\u0161enie z\u00e1kona aj pre rozpor Tarabovho z\u00e1meru so z\u00e1konom pre jeho nes\u00falad s \u00fazemn\u00fdm pl\u00e1nom banskobystrick\u00e9ho kraja, ob\u00eddenie pravidiel v oblasti posudzovania invest\u00edci\u00ed, rozpor z\u00e1meru so strategick\u00fdmi dokumentmi \u0161t\u00e1tu, nejasn\u00e9 inform\u00e1cie o sp\u00f4sobe financovania stavby za 2,4 mld. eur a celkov\u00fd neakceptovate\u013en\u00fd sp\u00f4sob pr\u00edpravy pre\u010derp\u00e1va\u010dky.&nbsp;<\/p>\n\n\n\n<p>\u201c<em>Len v pr\u00edpade vodn\u00e9ho diela Slatinka sa vynalo\u017eilo na r\u00f4zne dokument\u00e1cie a \u0161t\u00fadie odhadom a\u017e 10 mil. eur. V\u00fdstavba priehrady sa napokon uk\u00e1zala ako tot\u00e1lne zbyto\u010dn\u00e1. Obdobn\u00e9ho scen\u00e1ra sa ob\u00e1vame aj pri M\u00e1linci. Nie je vynakladanie mili\u00f3nov eur na \u0161t\u00fadie, ktor\u00e9 skon\u010dia v \u0161ufl\u00edku, napokon skuto\u010dn\u00fd Tarabov cie\u013e? Ak\u00e1 firma to bude robi\u0165? Skoro jeden a pol mili\u00f3na eur pritom mohlo by\u0165 odveden\u00fdch do \u0161t\u00e1tneho rozpo\u010dtu na zni\u017eovanie enormn\u00e9ho da\u0148ov\u00e9ho za\u0165a\u017eenia ob\u010danov. Tarabu v\u0161ak \u0161etrenie nezauj\u00edma, toto je jeho ako\u017ee konsolid\u00e1cia,<\/em>\u201d uzavrel Michal Ki\u010da.&nbsp;<\/p>\n\n\n\n<figure class=\"wp-block-embed is-type-video is-provider-youtube wp-block-embed-youtube wp-embed-aspect-16-9 wp-has-aspect-ratio\"><div class=\"wp-block-embed__wrapper\">\n<iframe title=\"Live:Konsolid\u00e1cia v podan\u00ed Tarabu: vyhadzuje mili\u00f3ny eur, pod\u00e1vame podnet na NK\u00da\" width=\"500\" height=\"281\" src=\"https:\/\/www.youtube.com\/embed\/Pa7ycLcsbZM?feature=oembed\" frameborder=\"0\" allow=\"accelerometer; autoplay; clipboard-write; encrypted-media; gyroscope; picture-in-picture; web-share\" referrerpolicy=\"strict-origin-when-cross-origin\" allowfullscreen><\/iframe>\n<\/div><\/figure>\n","protected":false},"excerpt":{"rendered":"<p>\u0160t\u00e1tny podnik Vodohospod\u00e1rska v\u00fdstavba vyhl\u00e1sil verejn\u00e9 obstar\u00e1vanie za 1,3 mil. eur na dokument\u00e1ciu k stavebn\u00e9mu z\u00e1meru PVE M\u00e1linec, hoci nie je zn\u00e1me, \u017ee by v\u00f4bec bola spracovan\u00e1 \u0161t\u00fadia realizovate\u013enosti. Obr\u00e1tili sme sa na Najvy\u0161\u0161\u00ed kontroln\u00fd \u00farad SR, aby preveril efekt\u00edvnos\u0165 takto vynakladan\u00fdch prostriedkov a celkovo sp\u00f4sob pr\u00edpravy tohto z\u00e1meru. V \u010dase konsolid\u00e1cie to pova\u017eujeme za [&hellip;]<\/p>\n","protected":false},"author":13,"featured_media":8239,"comment_status":"closed","ping_status":"closed","sticky":false,"template":"","format":"standard","meta":{"_acf_changed":false,"ngg_post_thumbnail":0,"footnotes":""},"categories":[4],"tags":[],"class_list":["post-8238","post","type-post","status-publish","format-standard","has-post-thumbnail","hentry","category-tlacove-spravy"],"acf":[],"yoast_head":"<!-- This site is optimized with the Yoast SEO plugin v27.2 - https:\/\/yoast.com\/product\/yoast-seo-wordpress\/ -->\n<title>Taraba ide vyhodi\u0165 1,3 mil. eur na dokument\u00e1ciu k PVE M\u00e1linec, obr\u00e1tili sme sa na NK\u00da SR<\/title>\n<meta name=\"robots\" content=\"index, follow, max-snippet:-1, max-image-preview:large, max-video-preview:-1\" \/>\n<link rel=\"canonical\" href=\"https:\/\/www.smedemokrati.sk\/cs\/taraba-ide-vyhodit-13-mil-eur-na-dokumentaciu-k-pve-malinec-obratili-sme-sa-na-nku-sr\/\" \/>\n<meta property=\"og:locale\" content=\"cs_CZ\" \/>\n<meta property=\"og:locale:alternate\" content=\"en_US\" \/>\n<meta property=\"og:locale:alternate\" content=\"hu_HU\" \/>\n<meta property=\"og:locale:alternate\" content=\"sk_SK\" \/>\n<meta property=\"og:locale:alternate\" content=\"sv_SE\" \/>\n<meta property=\"og:type\" content=\"article\" \/>\n<meta property=\"og:title\" content=\"Taraba ide vyhodi\u0165 1,3 mil. eur na dokument\u00e1ciu k PVE M\u00e1linec, obr\u00e1tili sme sa na NK\u00da SR\" \/>\n<meta property=\"og:description\" content=\"\u0160t\u00e1tny podnik Vodohospod\u00e1rska v\u00fdstavba vyhl\u00e1sil verejn\u00e9 obstar\u00e1vanie za 1,3 mil. eur na dokument\u00e1ciu k stavebn\u00e9mu z\u00e1meru PVE M\u00e1linec, hoci nie je zn\u00e1me, \u017ee by v\u00f4bec bola spracovan\u00e1 \u0161t\u00fadia realizovate\u013enosti. Obr\u00e1tili sme sa na Najvy\u0161\u0161\u00ed kontroln\u00fd \u00farad SR, aby preveril efekt\u00edvnos\u0165 takto vynakladan\u00fdch prostriedkov a celkovo sp\u00f4sob pr\u00edpravy tohto z\u00e1meru. V \u010dase konsolid\u00e1cie to pova\u017eujeme za [&hellip;]\" \/>\n<meta property=\"og:url\" content=\"https:\/\/www.smedemokrati.sk\/cs\/taraba-ide-vyhodit-13-mil-eur-na-dokumentaciu-k-pve-malinec-obratili-sme-sa-na-nku-sr\/\" \/>\n<meta property=\"og:site_name\" content=\"Smedemokrati.sk\" \/>\n<meta property=\"article:publisher\" content=\"https:\/\/www.facebook.com\/smedemokrati2023\" \/>\n<meta property=\"article:published_time\" content=\"2025-09-25T15:08:07+00:00\" \/>\n<meta property=\"article:modified_time\" content=\"2025-09-25T15:08:08+00:00\" \/>\n<meta property=\"og:image\" content=\"https:\/\/www.smedemokrati.sk\/wp-content\/uploads\/2025\/09\/taraba-malinec.jpg\" \/>\n\t<meta property=\"og:image:width\" content=\"1280\" \/>\n\t<meta property=\"og:image:height\" content=\"720\" \/>\n\t<meta property=\"og:image:type\" content=\"image\/jpeg\" \/>\n<meta name=\"author\" content=\"miro.sopko\" \/>\n<meta name=\"twitter:card\" content=\"summary_large_image\" \/>\n<meta name=\"twitter:label1\" content=\"Napsal(a)\" \/>\n\t<meta name=\"twitter:data1\" content=\"miro.sopko\" \/>\n\t<meta name=\"twitter:label2\" content=\"Odhadovan\u00e1 doba \u010dten\u00ed\" \/>\n\t<meta name=\"twitter:data2\" content=\"2 minuty\" \/>\n<script type=\"application\/ld+json\" class=\"yoast-schema-graph\">{\"@context\":\"https:\/\/schema.org\",\"@graph\":[{\"@type\":\"Article\",\"@id\":\"https:\/\/www.smedemokrati.sk\/taraba-ide-vyhodit-13-mil-eur-na-dokumentaciu-k-pve-malinec-obratili-sme-sa-na-nku-sr\/#article\",\"isPartOf\":{\"@id\":\"https:\/\/www.smedemokrati.sk\/taraba-ide-vyhodit-13-mil-eur-na-dokumentaciu-k-pve-malinec-obratili-sme-sa-na-nku-sr\/\"},\"author\":{\"name\":\"miro.sopko\",\"@id\":\"https:\/\/www.smedemokrati.sk\/#\/schema\/person\/21f147c88d605aa7ded900e1e7c344ba\"},\"headline\":\"Taraba ide vyhodi\u0165 1,3 mil. eur na dokument\u00e1ciu k PVE M\u00e1linec, obr\u00e1tili sme sa na NK\u00da SR\",\"datePublished\":\"2025-09-25T15:08:07+00:00\",\"dateModified\":\"2025-09-25T15:08:08+00:00\",\"mainEntityOfPage\":{\"@id\":\"https:\/\/www.smedemokrati.sk\/taraba-ide-vyhodit-13-mil-eur-na-dokumentaciu-k-pve-malinec-obratili-sme-sa-na-nku-sr\/\"},\"wordCount\":434,\"publisher\":{\"@id\":\"https:\/\/www.smedemokrati.sk\/#organization\"},\"image\":{\"@id\":\"https:\/\/www.smedemokrati.sk\/taraba-ide-vyhodit-13-mil-eur-na-dokumentaciu-k-pve-malinec-obratili-sme-sa-na-nku-sr\/#primaryimage\"},\"thumbnailUrl\":\"https:\/\/www.smedemokrati.sk\/wp-content\/uploads\/2025\/09\/taraba-malinec.jpg\",\"articleSection\":[\"Tla\u010dov\u00e9 spr\u00e1vy\"],\"inLanguage\":\"cs-CZ\"},{\"@type\":\"WebPage\",\"@id\":\"https:\/\/www.smedemokrati.sk\/taraba-ide-vyhodit-13-mil-eur-na-dokumentaciu-k-pve-malinec-obratili-sme-sa-na-nku-sr\/\",\"url\":\"https:\/\/www.smedemokrati.sk\/taraba-ide-vyhodit-13-mil-eur-na-dokumentaciu-k-pve-malinec-obratili-sme-sa-na-nku-sr\/\",\"name\":\"Taraba ide vyhodi\u0165 1,3 mil. eur na dokument\u00e1ciu k PVE M\u00e1linec, obr\u00e1tili sme sa na NK\u00da SR\",\"isPartOf\":{\"@id\":\"https:\/\/www.smedemokrati.sk\/#website\"},\"primaryImageOfPage\":{\"@id\":\"https:\/\/www.smedemokrati.sk\/taraba-ide-vyhodit-13-mil-eur-na-dokumentaciu-k-pve-malinec-obratili-sme-sa-na-nku-sr\/#primaryimage\"},\"image\":{\"@id\":\"https:\/\/www.smedemokrati.sk\/taraba-ide-vyhodit-13-mil-eur-na-dokumentaciu-k-pve-malinec-obratili-sme-sa-na-nku-sr\/#primaryimage\"},\"thumbnailUrl\":\"https:\/\/www.smedemokrati.sk\/wp-content\/uploads\/2025\/09\/taraba-malinec.jpg\",\"datePublished\":\"2025-09-25T15:08:07+00:00\",\"dateModified\":\"2025-09-25T15:08:08+00:00\",\"breadcrumb\":{\"@id\":\"https:\/\/www.smedemokrati.sk\/taraba-ide-vyhodit-13-mil-eur-na-dokumentaciu-k-pve-malinec-obratili-sme-sa-na-nku-sr\/#breadcrumb\"},\"inLanguage\":\"cs-CZ\",\"potentialAction\":[{\"@type\":\"ReadAction\",\"target\":[\"https:\/\/www.smedemokrati.sk\/taraba-ide-vyhodit-13-mil-eur-na-dokumentaciu-k-pve-malinec-obratili-sme-sa-na-nku-sr\/\"]}]},{\"@type\":\"ImageObject\",\"inLanguage\":\"cs-CZ\",\"@id\":\"https:\/\/www.smedemokrati.sk\/taraba-ide-vyhodit-13-mil-eur-na-dokumentaciu-k-pve-malinec-obratili-sme-sa-na-nku-sr\/#primaryimage\",\"url\":\"https:\/\/www.smedemokrati.sk\/wp-content\/uploads\/2025\/09\/taraba-malinec.jpg\",\"contentUrl\":\"https:\/\/www.smedemokrati.sk\/wp-content\/uploads\/2025\/09\/taraba-malinec.jpg\",\"width\":1280,\"height\":720},{\"@type\":\"BreadcrumbList\",\"@id\":\"https:\/\/www.smedemokrati.sk\/taraba-ide-vyhodit-13-mil-eur-na-dokumentaciu-k-pve-malinec-obratili-sme-sa-na-nku-sr\/#breadcrumb\",\"itemListElement\":[{\"@type\":\"ListItem\",\"position\":1,\"name\":\"Domovsk\u00e1 str\u00e1nka\",\"item\":\"https:\/\/www.smedemokrati.sk\/\"},{\"@type\":\"ListItem\",\"position\":2,\"name\":\"Taraba ide vyhodi\u0165 1,3 mil. eur na dokument\u00e1ciu k PVE M\u00e1linec, obr\u00e1tili sme sa na NK\u00da SR\"}]},{\"@type\":\"WebSite\",\"@id\":\"https:\/\/www.smedemokrati.sk\/#website\",\"url\":\"https:\/\/www.smedemokrati.sk\/\",\"name\":\"Smedemokrati.sk\",\"description\":\"Demokracia a slu\u0161nos\u0165 zv\u00ed\u0165az\u00ed\",\"publisher\":{\"@id\":\"https:\/\/www.smedemokrati.sk\/#organization\"},\"potentialAction\":[{\"@type\":\"SearchAction\",\"target\":{\"@type\":\"EntryPoint\",\"urlTemplate\":\"https:\/\/www.smedemokrati.sk\/?s={search_term_string}\"},\"query-input\":{\"@type\":\"PropertyValueSpecification\",\"valueRequired\":true,\"valueName\":\"search_term_string\"}}],\"inLanguage\":\"cs-CZ\"},{\"@type\":\"Organization\",\"@id\":\"https:\/\/www.smedemokrati.sk\/#organization\",\"name\":\"Smedemokrati.sk\",\"url\":\"https:\/\/www.smedemokrati.sk\/\",\"logo\":{\"@type\":\"ImageObject\",\"inLanguage\":\"cs-CZ\",\"@id\":\"https:\/\/www.smedemokrati.sk\/#\/schema\/logo\/image\/\",\"url\":\"https:\/\/www.smedemokrati.sk\/wp-content\/uploads\/2023\/04\/ff.002.jpeg\",\"contentUrl\":\"https:\/\/www.smedemokrati.sk\/wp-content\/uploads\/2023\/04\/ff.002.jpeg\",\"width\":640,\"height\":480,\"caption\":\"Smedemokrati.sk\"},\"image\":{\"@id\":\"https:\/\/www.smedemokrati.sk\/#\/schema\/logo\/image\/\"},\"sameAs\":[\"https:\/\/www.facebook.com\/smedemokrati2023\"]},{\"@type\":\"Person\",\"@id\":\"https:\/\/www.smedemokrati.sk\/#\/schema\/person\/21f147c88d605aa7ded900e1e7c344ba\",\"name\":\"miro.sopko\",\"image\":{\"@type\":\"ImageObject\",\"inLanguage\":\"cs-CZ\",\"@id\":\"https:\/\/secure.gravatar.com\/avatar\/267e4a36f704376c109afe3a78740c1f5dd8675a2180a908699e7863c9247606?s=96&d=mm&r=g\",\"url\":\"https:\/\/secure.gravatar.com\/avatar\/267e4a36f704376c109afe3a78740c1f5dd8675a2180a908699e7863c9247606?s=96&d=mm&r=g\",\"contentUrl\":\"https:\/\/secure.gravatar.com\/avatar\/267e4a36f704376c109afe3a78740c1f5dd8675a2180a908699e7863c9247606?s=96&d=mm&r=g\",\"caption\":\"miro.sopko\"},\"url\":\"https:\/\/www.smedemokrati.sk\/cs\/author\/miro-sopko\/\"}]}<\/script>\n<!-- \/ Yoast SEO plugin. -->","yoast_head_json":{"title":"Taraba ide vyhodi\u0165 1,3 mil. eur na dokument\u00e1ciu k PVE M\u00e1linec, obr\u00e1tili sme sa na NK\u00da SR","robots":{"index":"index","follow":"follow","max-snippet":"max-snippet:-1","max-image-preview":"max-image-preview:large","max-video-preview":"max-video-preview:-1"},"canonical":"https:\/\/www.smedemokrati.sk\/cs\/taraba-ide-vyhodit-13-mil-eur-na-dokumentaciu-k-pve-malinec-obratili-sme-sa-na-nku-sr\/","og_locale":"cs_CZ","og_type":"article","og_title":"[:sk]Taraba ide vyhodi\u0165 1,3 mil. eur na dokument\u00e1ciu k PVE M\u00e1linec, obr\u00e1tili sme sa na NK\u00da SR[:] - Smedemokrati.sk","og_description":"\u0160t\u00e1tny podnik Vodohospod\u00e1rska v\u00fdstavba vyhl\u00e1sil verejn\u00e9 obstar\u00e1vanie za 1,3 mil. eur na dokument\u00e1ciu k stavebn\u00e9mu z\u00e1meru PVE M\u00e1linec, hoci nie je zn\u00e1me, \u017ee by v\u00f4bec bola spracovan\u00e1 \u0161t\u00fadia realizovate\u013enosti. Obr\u00e1tili sme sa na Najvy\u0161\u0161\u00ed kontroln\u00fd \u00farad SR, aby preveril efekt\u00edvnos\u0165 takto vynakladan\u00fdch prostriedkov a celkovo sp\u00f4sob pr\u00edpravy tohto z\u00e1meru. V \u010dase konsolid\u00e1cie to pova\u017eujeme za [&hellip;]","og_url":"https:\/\/www.smedemokrati.sk\/cs\/taraba-ide-vyhodit-13-mil-eur-na-dokumentaciu-k-pve-malinec-obratili-sme-sa-na-nku-sr\/","og_site_name":"Smedemokrati.sk","article_publisher":"https:\/\/www.facebook.com\/smedemokrati2023","article_published_time":"2025-09-25T15:08:07+00:00","article_modified_time":"2025-09-25T15:08:08+00:00","og_image":[{"width":1280,"height":720,"url":"https:\/\/www.smedemokrati.sk\/wp-content\/uploads\/2025\/09\/taraba-malinec.jpg","type":"image\/jpeg"}],"author":"miro.sopko","twitter_card":"summary_large_image","twitter_misc":{"Napsal(a)":"miro.sopko","Odhadovan\u00e1 doba \u010dten\u00ed":"2 minuty"},"schema":{"@context":"https:\/\/schema.org","@graph":[{"@type":"Article","@id":"https:\/\/www.smedemokrati.sk\/taraba-ide-vyhodit-13-mil-eur-na-dokumentaciu-k-pve-malinec-obratili-sme-sa-na-nku-sr\/#article","isPartOf":{"@id":"https:\/\/www.smedemokrati.sk\/taraba-ide-vyhodit-13-mil-eur-na-dokumentaciu-k-pve-malinec-obratili-sme-sa-na-nku-sr\/"},"author":{"name":"miro.sopko","@id":"https:\/\/www.smedemokrati.sk\/#\/schema\/person\/21f147c88d605aa7ded900e1e7c344ba"},"headline":"Taraba ide vyhodi\u0165 1,3 mil. eur na dokument\u00e1ciu k PVE M\u00e1linec, obr\u00e1tili sme sa na NK\u00da SR","datePublished":"2025-09-25T15:08:07+00:00","dateModified":"2025-09-25T15:08:08+00:00","mainEntityOfPage":{"@id":"https:\/\/www.smedemokrati.sk\/taraba-ide-vyhodit-13-mil-eur-na-dokumentaciu-k-pve-malinec-obratili-sme-sa-na-nku-sr\/"},"wordCount":434,"publisher":{"@id":"https:\/\/www.smedemokrati.sk\/#organization"},"image":{"@id":"https:\/\/www.smedemokrati.sk\/taraba-ide-vyhodit-13-mil-eur-na-dokumentaciu-k-pve-malinec-obratili-sme-sa-na-nku-sr\/#primaryimage"},"thumbnailUrl":"https:\/\/www.smedemokrati.sk\/wp-content\/uploads\/2025\/09\/taraba-malinec.jpg","articleSection":["Tla\u010dov\u00e9 spr\u00e1vy"],"inLanguage":"cs-CZ"},{"@type":"WebPage","@id":"https:\/\/www.smedemokrati.sk\/taraba-ide-vyhodit-13-mil-eur-na-dokumentaciu-k-pve-malinec-obratili-sme-sa-na-nku-sr\/","url":"https:\/\/www.smedemokrati.sk\/taraba-ide-vyhodit-13-mil-eur-na-dokumentaciu-k-pve-malinec-obratili-sme-sa-na-nku-sr\/","name":"Taraba ide vyhodi\u0165 1,3 mil. eur na dokument\u00e1ciu k PVE M\u00e1linec, obr\u00e1tili sme sa na NK\u00da SR","isPartOf":{"@id":"https:\/\/www.smedemokrati.sk\/#website"},"primaryImageOfPage":{"@id":"https:\/\/www.smedemokrati.sk\/taraba-ide-vyhodit-13-mil-eur-na-dokumentaciu-k-pve-malinec-obratili-sme-sa-na-nku-sr\/#primaryimage"},"image":{"@id":"https:\/\/www.smedemokrati.sk\/taraba-ide-vyhodit-13-mil-eur-na-dokumentaciu-k-pve-malinec-obratili-sme-sa-na-nku-sr\/#primaryimage"},"thumbnailUrl":"https:\/\/www.smedemokrati.sk\/wp-content\/uploads\/2025\/09\/taraba-malinec.jpg","datePublished":"2025-09-25T15:08:07+00:00","dateModified":"2025-09-25T15:08:08+00:00","breadcrumb":{"@id":"https:\/\/www.smedemokrati.sk\/taraba-ide-vyhodit-13-mil-eur-na-dokumentaciu-k-pve-malinec-obratili-sme-sa-na-nku-sr\/#breadcrumb"},"inLanguage":"cs-CZ","potentialAction":[{"@type":"ReadAction","target":["https:\/\/www.smedemokrati.sk\/taraba-ide-vyhodit-13-mil-eur-na-dokumentaciu-k-pve-malinec-obratili-sme-sa-na-nku-sr\/"]}]},{"@type":"ImageObject","inLanguage":"cs-CZ","@id":"https:\/\/www.smedemokrati.sk\/taraba-ide-vyhodit-13-mil-eur-na-dokumentaciu-k-pve-malinec-obratili-sme-sa-na-nku-sr\/#primaryimage","url":"https:\/\/www.smedemokrati.sk\/wp-content\/uploads\/2025\/09\/taraba-malinec.jpg","contentUrl":"https:\/\/www.smedemokrati.sk\/wp-content\/uploads\/2025\/09\/taraba-malinec.jpg","width":1280,"height":720},{"@type":"BreadcrumbList","@id":"https:\/\/www.smedemokrati.sk\/taraba-ide-vyhodit-13-mil-eur-na-dokumentaciu-k-pve-malinec-obratili-sme-sa-na-nku-sr\/#breadcrumb","itemListElement":[{"@type":"ListItem","position":1,"name":"Domovsk\u00e1 str\u00e1nka","item":"https:\/\/www.smedemokrati.sk\/"},{"@type":"ListItem","position":2,"name":"Taraba ide vyhodi\u0165 1,3 mil. eur na dokument\u00e1ciu k PVE M\u00e1linec, obr\u00e1tili sme sa na NK\u00da SR"}]},{"@type":"WebSite","@id":"https:\/\/www.smedemokrati.sk\/#website","url":"https:\/\/www.smedemokrati.sk\/","name":"Smedemokrati.sk","description":"Demokracia a slu\u0161nos\u0165 zv\u00ed\u0165az\u00ed","publisher":{"@id":"https:\/\/www.smedemokrati.sk\/#organization"},"potentialAction":[{"@type":"SearchAction","target":{"@type":"EntryPoint","urlTemplate":"https:\/\/www.smedemokrati.sk\/?s={search_term_string}"},"query-input":{"@type":"PropertyValueSpecification","valueRequired":true,"valueName":"search_term_string"}}],"inLanguage":"cs-CZ"},{"@type":"Organization","@id":"https:\/\/www.smedemokrati.sk\/#organization","name":"Smedemokrati.sk","url":"https:\/\/www.smedemokrati.sk\/","logo":{"@type":"ImageObject","inLanguage":"cs-CZ","@id":"https:\/\/www.smedemokrati.sk\/#\/schema\/logo\/image\/","url":"https:\/\/www.smedemokrati.sk\/wp-content\/uploads\/2023\/04\/ff.002.jpeg","contentUrl":"https:\/\/www.smedemokrati.sk\/wp-content\/uploads\/2023\/04\/ff.002.jpeg","width":640,"height":480,"caption":"Smedemokrati.sk"},"image":{"@id":"https:\/\/www.smedemokrati.sk\/#\/schema\/logo\/image\/"},"sameAs":["https:\/\/www.facebook.com\/smedemokrati2023"]},{"@type":"Person","@id":"https:\/\/www.smedemokrati.sk\/#\/schema\/person\/21f147c88d605aa7ded900e1e7c344ba","name":"miro.sopko","image":{"@type":"ImageObject","inLanguage":"cs-CZ","@id":"https:\/\/secure.gravatar.com\/avatar\/267e4a36f704376c109afe3a78740c1f5dd8675a2180a908699e7863c9247606?s=96&d=mm&r=g","url":"https:\/\/secure.gravatar.com\/avatar\/267e4a36f704376c109afe3a78740c1f5dd8675a2180a908699e7863c9247606?s=96&d=mm&r=g","contentUrl":"https:\/\/secure.gravatar.com\/avatar\/267e4a36f704376c109afe3a78740c1f5dd8675a2180a908699e7863c9247606?s=96&d=mm&r=g","caption":"miro.sopko"},"url":"https:\/\/www.smedemokrati.sk\/cs\/author\/miro-sopko\/"}]}},"_links":{"self":[{"href":"https:\/\/www.smedemokrati.sk\/cs\/wp-json\/wp\/v2\/posts\/8238","targetHints":{"allow":["GET"]}}],"collection":[{"href":"https:\/\/www.smedemokrati.sk\/cs\/wp-json\/wp\/v2\/posts"}],"about":[{"href":"https:\/\/www.smedemokrati.sk\/cs\/wp-json\/wp\/v2\/types\/post"}],"author":[{"embeddable":true,"href":"https:\/\/www.smedemokrati.sk\/cs\/wp-json\/wp\/v2\/users\/13"}],"replies":[{"embeddable":true,"href":"https:\/\/www.smedemokrati.sk\/cs\/wp-json\/wp\/v2\/comments?post=8238"}],"version-history":[{"count":1,"href":"https:\/\/www.smedemokrati.sk\/cs\/wp-json\/wp\/v2\/posts\/8238\/revisions"}],"predecessor-version":[{"id":8240,"href":"https:\/\/www.smedemokrati.sk\/cs\/wp-json\/wp\/v2\/posts\/8238\/revisions\/8240"}],"wp:featuredmedia":[{"embeddable":true,"href":"https:\/\/www.smedemokrati.sk\/cs\/wp-json\/wp\/v2\/media\/8239"}],"wp:attachment":[{"href":"https:\/\/www.smedemokrati.sk\/cs\/wp-json\/wp\/v2\/media?parent=8238"}],"wp:term":[{"taxonomy":"category","embeddable":true,"href":"https:\/\/www.smedemokrati.sk\/cs\/wp-json\/wp\/v2\/categories?post=8238"},{"taxonomy":"post_tag","embeddable":true,"href":"https:\/\/www.smedemokrati.sk\/cs\/wp-json\/wp\/v2\/tags?post=8238"}],"curies":[{"name":"wp","href":"https:\/\/api.w.org\/{rel}","templated":true}]}}