{"id":8175,"date":"2025-09-16T16:50:49","date_gmt":"2025-09-16T15:50:49","guid":{"rendered":"https:\/\/www.smedemokrati.sk\/?p=8175"},"modified":"2025-09-16T16:50:50","modified_gmt":"2025-09-16T15:50:50","slug":"sutaj-estok-porusuje-kolektivnu-zmluvu-ktoru-sam-podpisal-policajtom-hrozi-ze-dostanu-o-70-eur-menej-vo-vyplate","status":"publish","type":"post","link":"https:\/\/www.smedemokrati.sk\/cs\/sutaj-estok-porusuje-kolektivnu-zmluvu-ktoru-sam-podpisal-policajtom-hrozi-ze-dostanu-o-70-eur-menej-vo-vyplate\/","title":{"rendered":"\u0160utaj E\u0161tok poru\u0161uje kolekt\u00edvnu zmluvu, ktor\u00fa s\u00e1m podp\u00edsal, policajtom hroz\u00ed, \u017ee dostan\u00fa o 70 eur menej vo v\u00fdplate"},"content":{"rendered":"<div id=\"fb-root\"><\/div>\n\n<p><strong>\u0160utaj E\u0161tok neprerokoval dopady konsolid\u00e1cie ani valoriz\u00e1ciu d\u00f4chodkov na bud\u00faci rok tak, ako mu to k\u00e1\u017ee kolekt\u00edvna zmluva. Demokrati vyz\u00fdvaj\u00fa ministra vn\u00fatra a tie\u017e policajn\u00fa prezidentku Ma\u0161karov\u00fa, aby za\u010dali rokova\u0165 so z\u00e1stupcami pol\u00edcie. Pre ich ne\u010dinnos\u0165 toti\u017e hroz\u00ed nielen zajtraj\u0161\u00ed protest policajn\u00e9ho zboru, ale aj to, \u017ee si od bud\u00faceho roka n\u00e1jdu policajti vo v\u00fdplatnej p\u00e1ske o 70 eur menej.<\/strong><\/p>\n\n\n\n<p><em>\u201eValoriz\u00e1cia d\u00f4chodkov tak, ako s\u013euboval Mat\u00fa\u0161 \u0160utaj E\u0161tok, sa nekonala. Navy\u0161e, policajti sa od ministra financi\u00ed z tla\u010dovej konferencie dozvedeli, \u017ee im platy bud\u00fa zmrazen\u00e9. Bez akejko\u013evek diskusie. To je absol\u00fatna rana pod p\u00e1s pre policajtov a \u010fal\u0161ie poru\u0161enie predpisov zo strany ministra vn\u00fatra. V kolekt\u00edvnej zmluve, ktor\u00fa s\u00e1m \u0160utaj E\u0161tok podp\u00edsal, je toti\u017e explicitne nap\u00edsan\u00e9, \u017ee tak d\u00f4sledky konsolid\u00e1cie, ako aj valoriz\u00e1ciu na bud\u00faci rok mus\u00ed prerokova\u0165 s odbormi, \u010do sa nestalo,\u201c<\/em>&nbsp;hovor\u00ed podpredseda Demokratov Juraj \u0160eliga. Pokra\u010duje, \u017ee t\u00e1to ne\u010dinnos\u0165 sa m\u00f4\u017ee odrazi\u0165 v platov\u00fdch ohodnoteniach policajtov na bud\u00faci rok. Kolekt\u00edvna zmluva, ktor\u00fa podp\u00edsali z\u00e1stupcovia policajn\u00fdch odborov s ministrom, sa tak st\u00e1va zdrapom papiera.<\/p>\n\n\n\n<p><em>\u201eMat\u00fa\u0161 \u0160utaj E\u0161tok oklamal policajtov a teraz im pre jeho ne\u010dinnos\u0165 navy\u0161e hroz\u00ed, \u017ee kv\u00f4li konsolid\u00e1cii dostan\u00fa policajti bud\u00faci rok re\u00e1lne o 70 eur menej vo v\u00fdplate. Policajtov je m\u00e1lo, n\u00e1borov\u00e1 kampa\u0148 sa E\u0161tokovi nepodarila, nie s\u00fa dobre materi\u00e1lne vybaven\u00ed a teraz e\u0161te pr\u00eddu o desiatky eur. Vyz\u00fdvam ministra vn\u00fatra a tie\u017e policajn\u00fa prezidentku Ma\u0161karov\u00fa, aby za\u010dali rokova\u0165 s policajtmi a zabr\u00e1nili tak jednak zajtraj\u0161iemu, mimochodom opr\u00e1vnen\u00e9mu, protestu policajtov, ale aj tot\u00e1lnemu rozpadu cel\u00e9ho zboru,\u201c<\/em>&nbsp;povedal Juraj \u0160eliga a dodal, \u017ee v kulo\u00e1roch sa hovor\u00ed o nap\u00e4t\u00ed medzi veden\u00edm pol\u00edcie a ministrom vn\u00fatra a povr\u00e1va sa aj o v\u00fdmene na poste policajnej prezidentky.&nbsp;<em>\u201eJe pravda, \u017ee prezidentka Ma\u0161karov\u00e1 m\u00e1 dos\u0165 amaterizmu \u0160utaja E\u0161toka a m\u00e1 ju nahradi\u0165 Branislav Zurian, ktor\u00fd je moment\u00e1lne \u0161\u00e9fom policajnej in\u0161pekcie? Tak \u010di onak, policajn\u00fd zbor vystriedal u\u017e dvoch prezidentov a policajti z toho nemaj\u00fa ni\u010d pozit\u00edvne. Naopak, dost\u00e1vaj\u00fa sa do zlej finan\u010dnej, person\u00e1lnej a materi\u00e1lnej situ\u00e1cie.\u201c<\/em><\/p>\n\n\n<div id=\"fb-root\"><\/div><script async defer crossorigin=\"anonymous\" src=\"https:\/\/connect.facebook.net\/sk_SK\/sdk.js#xfbml=1&version=v18.0\"><\/script><div class=\"fb-video\" data-href=\"https:\/\/fb.watch\/C94kO7V-8P\/\" data-width=\"560\" data-show-text=\"false\"><blockquote cite=\"https:\/\/fb.watch\/C94kO7V-8P\/\" class=\"fb-xfbml-parse-ignore\"><a href=\"https:\/\/fb.watch\/C94kO7V-8P\/\">Video<\/a><\/blockquote><\/div>\n","protected":false},"excerpt":{"rendered":"<p>\u0160utaj E\u0161tok neprerokoval dopady konsolid\u00e1cie ani valoriz\u00e1ciu d\u00f4chodkov na bud\u00faci rok tak, ako mu to k\u00e1\u017ee kolekt\u00edvna zmluva. Demokrati vyz\u00fdvaj\u00fa ministra vn\u00fatra a tie\u017e policajn\u00fa prezidentku Ma\u0161karov\u00fa, aby za\u010dali rokova\u0165 so z\u00e1stupcami pol\u00edcie. Pre ich ne\u010dinnos\u0165 toti\u017e hroz\u00ed nielen zajtraj\u0161\u00ed protest policajn\u00e9ho zboru, ale aj to, \u017ee si od bud\u00faceho roka n\u00e1jdu policajti vo v\u00fdplatnej [&hellip;]<\/p>\n","protected":false},"author":13,"featured_media":8176,"comment_status":"closed","ping_status":"closed","sticky":false,"template":"","format":"standard","meta":{"_acf_changed":false,"ngg_post_thumbnail":0,"footnotes":""},"categories":[4],"tags":[],"class_list":["post-8175","post","type-post","status-publish","format-standard","has-post-thumbnail","hentry","category-tlacove-spravy"],"acf":[],"yoast_head":"<!-- This site is optimized with the Yoast SEO plugin v27.2 - https:\/\/yoast.com\/product\/yoast-seo-wordpress\/ -->\n<title>\u0160utaj E\u0161tok poru\u0161uje kolekt\u00edvnu zmluvu, ktor\u00fa s\u00e1m podp\u00edsal, policajtom hroz\u00ed, \u017ee dostan\u00fa o 70 eur menej vo v\u00fdplate<\/title>\n<meta name=\"robots\" content=\"index, follow, max-snippet:-1, max-image-preview:large, max-video-preview:-1\" \/>\n<link rel=\"canonical\" href=\"https:\/\/www.smedemokrati.sk\/cs\/sutaj-estok-porusuje-kolektivnu-zmluvu-ktoru-sam-podpisal-policajtom-hrozi-ze-dostanu-o-70-eur-menej-vo-vyplate\/\" \/>\n<meta property=\"og:locale\" content=\"cs_CZ\" \/>\n<meta property=\"og:locale:alternate\" content=\"en_US\" \/>\n<meta property=\"og:locale:alternate\" content=\"hu_HU\" \/>\n<meta property=\"og:locale:alternate\" content=\"sk_SK\" \/>\n<meta property=\"og:locale:alternate\" content=\"sv_SE\" \/>\n<meta property=\"og:type\" content=\"article\" \/>\n<meta property=\"og:title\" content=\"\u0160utaj E\u0161tok poru\u0161uje kolekt\u00edvnu zmluvu, ktor\u00fa s\u00e1m podp\u00edsal, policajtom hroz\u00ed, \u017ee dostan\u00fa o 70 eur menej vo v\u00fdplate\" \/>\n<meta property=\"og:description\" content=\"\u0160utaj E\u0161tok neprerokoval dopady konsolid\u00e1cie ani valoriz\u00e1ciu d\u00f4chodkov na bud\u00faci rok tak, ako mu to k\u00e1\u017ee kolekt\u00edvna zmluva. Demokrati vyz\u00fdvaj\u00fa ministra vn\u00fatra a tie\u017e policajn\u00fa prezidentku Ma\u0161karov\u00fa, aby za\u010dali rokova\u0165 so z\u00e1stupcami pol\u00edcie. Pre ich ne\u010dinnos\u0165 toti\u017e hroz\u00ed nielen zajtraj\u0161\u00ed protest policajn\u00e9ho zboru, ale aj to, \u017ee si od bud\u00faceho roka n\u00e1jdu policajti vo v\u00fdplatnej [&hellip;]\" \/>\n<meta property=\"og:url\" content=\"https:\/\/www.smedemokrati.sk\/cs\/sutaj-estok-porusuje-kolektivnu-zmluvu-ktoru-sam-podpisal-policajtom-hrozi-ze-dostanu-o-70-eur-menej-vo-vyplate\/\" \/>\n<meta property=\"og:site_name\" content=\"Smedemokrati.sk\" \/>\n<meta property=\"article:publisher\" content=\"https:\/\/www.facebook.com\/smedemokrati2023\" \/>\n<meta property=\"article:published_time\" content=\"2025-09-16T15:50:49+00:00\" \/>\n<meta property=\"article:modified_time\" content=\"2025-09-16T15:50:50+00:00\" \/>\n<meta property=\"og:image\" content=\"https:\/\/www.smedemokrati.sk\/wp-content\/uploads\/2025\/09\/vyzva-ministrovi-a-policajnej-prezidentke.jpg\" \/>\n\t<meta property=\"og:image:width\" content=\"1757\" \/>\n\t<meta property=\"og:image:height\" content=\"1033\" \/>\n\t<meta property=\"og:image:type\" content=\"image\/jpeg\" \/>\n<meta name=\"author\" content=\"miro.sopko\" \/>\n<meta name=\"twitter:card\" content=\"summary_large_image\" \/>\n<meta name=\"twitter:label1\" content=\"Napsal(a)\" \/>\n\t<meta name=\"twitter:data1\" content=\"miro.sopko\" \/>\n\t<meta name=\"twitter:label2\" content=\"Odhadovan\u00e1 doba \u010dten\u00ed\" \/>\n\t<meta name=\"twitter:data2\" content=\"2 minuty\" \/>\n<script type=\"application\/ld+json\" class=\"yoast-schema-graph\">{\"@context\":\"https:\/\/schema.org\",\"@graph\":[{\"@type\":\"Article\",\"@id\":\"https:\/\/www.smedemokrati.sk\/sutaj-estok-porusuje-kolektivnu-zmluvu-ktoru-sam-podpisal-policajtom-hrozi-ze-dostanu-o-70-eur-menej-vo-vyplate\/#article\",\"isPartOf\":{\"@id\":\"https:\/\/www.smedemokrati.sk\/sutaj-estok-porusuje-kolektivnu-zmluvu-ktoru-sam-podpisal-policajtom-hrozi-ze-dostanu-o-70-eur-menej-vo-vyplate\/\"},\"author\":{\"name\":\"miro.sopko\",\"@id\":\"https:\/\/www.smedemokrati.sk\/#\/schema\/person\/21f147c88d605aa7ded900e1e7c344ba\"},\"headline\":\"\u0160utaj E\u0161tok poru\u0161uje kolekt\u00edvnu zmluvu, ktor\u00fa s\u00e1m podp\u00edsal, policajtom hroz\u00ed, \u017ee dostan\u00fa o 70 eur menej vo v\u00fdplate\",\"datePublished\":\"2025-09-16T15:50:49+00:00\",\"dateModified\":\"2025-09-16T15:50:50+00:00\",\"mainEntityOfPage\":{\"@id\":\"https:\/\/www.smedemokrati.sk\/sutaj-estok-porusuje-kolektivnu-zmluvu-ktoru-sam-podpisal-policajtom-hrozi-ze-dostanu-o-70-eur-menej-vo-vyplate\/\"},\"wordCount\":444,\"publisher\":{\"@id\":\"https:\/\/www.smedemokrati.sk\/#organization\"},\"image\":{\"@id\":\"https:\/\/www.smedemokrati.sk\/sutaj-estok-porusuje-kolektivnu-zmluvu-ktoru-sam-podpisal-policajtom-hrozi-ze-dostanu-o-70-eur-menej-vo-vyplate\/#primaryimage\"},\"thumbnailUrl\":\"https:\/\/www.smedemokrati.sk\/wp-content\/uploads\/2025\/09\/vyzva-ministrovi-a-policajnej-prezidentke.jpg\",\"articleSection\":[\"Tla\u010dov\u00e9 spr\u00e1vy\"],\"inLanguage\":\"cs-CZ\"},{\"@type\":\"WebPage\",\"@id\":\"https:\/\/www.smedemokrati.sk\/sutaj-estok-porusuje-kolektivnu-zmluvu-ktoru-sam-podpisal-policajtom-hrozi-ze-dostanu-o-70-eur-menej-vo-vyplate\/\",\"url\":\"https:\/\/www.smedemokrati.sk\/sutaj-estok-porusuje-kolektivnu-zmluvu-ktoru-sam-podpisal-policajtom-hrozi-ze-dostanu-o-70-eur-menej-vo-vyplate\/\",\"name\":\"\u0160utaj E\u0161tok poru\u0161uje kolekt\u00edvnu zmluvu, ktor\u00fa s\u00e1m podp\u00edsal, policajtom hroz\u00ed, \u017ee dostan\u00fa o 70 eur menej vo v\u00fdplate\",\"isPartOf\":{\"@id\":\"https:\/\/www.smedemokrati.sk\/#website\"},\"primaryImageOfPage\":{\"@id\":\"https:\/\/www.smedemokrati.sk\/sutaj-estok-porusuje-kolektivnu-zmluvu-ktoru-sam-podpisal-policajtom-hrozi-ze-dostanu-o-70-eur-menej-vo-vyplate\/#primaryimage\"},\"image\":{\"@id\":\"https:\/\/www.smedemokrati.sk\/sutaj-estok-porusuje-kolektivnu-zmluvu-ktoru-sam-podpisal-policajtom-hrozi-ze-dostanu-o-70-eur-menej-vo-vyplate\/#primaryimage\"},\"thumbnailUrl\":\"https:\/\/www.smedemokrati.sk\/wp-content\/uploads\/2025\/09\/vyzva-ministrovi-a-policajnej-prezidentke.jpg\",\"datePublished\":\"2025-09-16T15:50:49+00:00\",\"dateModified\":\"2025-09-16T15:50:50+00:00\",\"breadcrumb\":{\"@id\":\"https:\/\/www.smedemokrati.sk\/sutaj-estok-porusuje-kolektivnu-zmluvu-ktoru-sam-podpisal-policajtom-hrozi-ze-dostanu-o-70-eur-menej-vo-vyplate\/#breadcrumb\"},\"inLanguage\":\"cs-CZ\",\"potentialAction\":[{\"@type\":\"ReadAction\",\"target\":[\"https:\/\/www.smedemokrati.sk\/sutaj-estok-porusuje-kolektivnu-zmluvu-ktoru-sam-podpisal-policajtom-hrozi-ze-dostanu-o-70-eur-menej-vo-vyplate\/\"]}]},{\"@type\":\"ImageObject\",\"inLanguage\":\"cs-CZ\",\"@id\":\"https:\/\/www.smedemokrati.sk\/sutaj-estok-porusuje-kolektivnu-zmluvu-ktoru-sam-podpisal-policajtom-hrozi-ze-dostanu-o-70-eur-menej-vo-vyplate\/#primaryimage\",\"url\":\"https:\/\/www.smedemokrati.sk\/wp-content\/uploads\/2025\/09\/vyzva-ministrovi-a-policajnej-prezidentke.jpg\",\"contentUrl\":\"https:\/\/www.smedemokrati.sk\/wp-content\/uploads\/2025\/09\/vyzva-ministrovi-a-policajnej-prezidentke.jpg\",\"width\":1757,\"height\":1033},{\"@type\":\"BreadcrumbList\",\"@id\":\"https:\/\/www.smedemokrati.sk\/sutaj-estok-porusuje-kolektivnu-zmluvu-ktoru-sam-podpisal-policajtom-hrozi-ze-dostanu-o-70-eur-menej-vo-vyplate\/#breadcrumb\",\"itemListElement\":[{\"@type\":\"ListItem\",\"position\":1,\"name\":\"Domovsk\u00e1 str\u00e1nka\",\"item\":\"https:\/\/www.smedemokrati.sk\/\"},{\"@type\":\"ListItem\",\"position\":2,\"name\":\"\u0160utaj E\u0161tok poru\u0161uje kolekt\u00edvnu zmluvu, ktor\u00fa s\u00e1m podp\u00edsal, policajtom hroz\u00ed, \u017ee dostan\u00fa o 70 eur menej vo v\u00fdplate\"}]},{\"@type\":\"WebSite\",\"@id\":\"https:\/\/www.smedemokrati.sk\/#website\",\"url\":\"https:\/\/www.smedemokrati.sk\/\",\"name\":\"Smedemokrati.sk\",\"description\":\"Demokracia a slu\u0161nos\u0165 zv\u00ed\u0165az\u00ed\",\"publisher\":{\"@id\":\"https:\/\/www.smedemokrati.sk\/#organization\"},\"potentialAction\":[{\"@type\":\"SearchAction\",\"target\":{\"@type\":\"EntryPoint\",\"urlTemplate\":\"https:\/\/www.smedemokrati.sk\/?s={search_term_string}\"},\"query-input\":{\"@type\":\"PropertyValueSpecification\",\"valueRequired\":true,\"valueName\":\"search_term_string\"}}],\"inLanguage\":\"cs-CZ\"},{\"@type\":\"Organization\",\"@id\":\"https:\/\/www.smedemokrati.sk\/#organization\",\"name\":\"Smedemokrati.sk\",\"url\":\"https:\/\/www.smedemokrati.sk\/\",\"logo\":{\"@type\":\"ImageObject\",\"inLanguage\":\"cs-CZ\",\"@id\":\"https:\/\/www.smedemokrati.sk\/#\/schema\/logo\/image\/\",\"url\":\"https:\/\/www.smedemokrati.sk\/wp-content\/uploads\/2023\/04\/ff.002.jpeg\",\"contentUrl\":\"https:\/\/www.smedemokrati.sk\/wp-content\/uploads\/2023\/04\/ff.002.jpeg\",\"width\":640,\"height\":480,\"caption\":\"Smedemokrati.sk\"},\"image\":{\"@id\":\"https:\/\/www.smedemokrati.sk\/#\/schema\/logo\/image\/\"},\"sameAs\":[\"https:\/\/www.facebook.com\/smedemokrati2023\"]},{\"@type\":\"Person\",\"@id\":\"https:\/\/www.smedemokrati.sk\/#\/schema\/person\/21f147c88d605aa7ded900e1e7c344ba\",\"name\":\"miro.sopko\",\"image\":{\"@type\":\"ImageObject\",\"inLanguage\":\"cs-CZ\",\"@id\":\"https:\/\/secure.gravatar.com\/avatar\/267e4a36f704376c109afe3a78740c1f5dd8675a2180a908699e7863c9247606?s=96&d=mm&r=g\",\"url\":\"https:\/\/secure.gravatar.com\/avatar\/267e4a36f704376c109afe3a78740c1f5dd8675a2180a908699e7863c9247606?s=96&d=mm&r=g\",\"contentUrl\":\"https:\/\/secure.gravatar.com\/avatar\/267e4a36f704376c109afe3a78740c1f5dd8675a2180a908699e7863c9247606?s=96&d=mm&r=g\",\"caption\":\"miro.sopko\"},\"url\":\"https:\/\/www.smedemokrati.sk\/cs\/author\/miro-sopko\/\"}]}<\/script>\n<!-- \/ Yoast SEO plugin. -->","yoast_head_json":{"title":"\u0160utaj E\u0161tok poru\u0161uje kolekt\u00edvnu zmluvu, ktor\u00fa s\u00e1m podp\u00edsal, policajtom hroz\u00ed, \u017ee dostan\u00fa o 70 eur menej vo v\u00fdplate","robots":{"index":"index","follow":"follow","max-snippet":"max-snippet:-1","max-image-preview":"max-image-preview:large","max-video-preview":"max-video-preview:-1"},"canonical":"https:\/\/www.smedemokrati.sk\/cs\/sutaj-estok-porusuje-kolektivnu-zmluvu-ktoru-sam-podpisal-policajtom-hrozi-ze-dostanu-o-70-eur-menej-vo-vyplate\/","og_locale":"cs_CZ","og_type":"article","og_title":"[:sk]\u0160utaj E\u0161tok poru\u0161uje kolekt\u00edvnu zmluvu, ktor\u00fa s\u00e1m podp\u00edsal, policajtom hroz\u00ed, \u017ee dostan\u00fa o 70 eur menej vo v\u00fdplate[:] - Smedemokrati.sk","og_description":"\u0160utaj E\u0161tok neprerokoval dopady konsolid\u00e1cie ani valoriz\u00e1ciu d\u00f4chodkov na bud\u00faci rok tak, ako mu to k\u00e1\u017ee kolekt\u00edvna zmluva. Demokrati vyz\u00fdvaj\u00fa ministra vn\u00fatra a tie\u017e policajn\u00fa prezidentku Ma\u0161karov\u00fa, aby za\u010dali rokova\u0165 so z\u00e1stupcami pol\u00edcie. Pre ich ne\u010dinnos\u0165 toti\u017e hroz\u00ed nielen zajtraj\u0161\u00ed protest policajn\u00e9ho zboru, ale aj to, \u017ee si od bud\u00faceho roka n\u00e1jdu policajti vo v\u00fdplatnej [&hellip;]","og_url":"https:\/\/www.smedemokrati.sk\/cs\/sutaj-estok-porusuje-kolektivnu-zmluvu-ktoru-sam-podpisal-policajtom-hrozi-ze-dostanu-o-70-eur-menej-vo-vyplate\/","og_site_name":"Smedemokrati.sk","article_publisher":"https:\/\/www.facebook.com\/smedemokrati2023","article_published_time":"2025-09-16T15:50:49+00:00","article_modified_time":"2025-09-16T15:50:50+00:00","og_image":[{"width":1757,"height":1033,"url":"https:\/\/www.smedemokrati.sk\/wp-content\/uploads\/2025\/09\/vyzva-ministrovi-a-policajnej-prezidentke.jpg","type":"image\/jpeg"}],"author":"miro.sopko","twitter_card":"summary_large_image","twitter_misc":{"Napsal(a)":"miro.sopko","Odhadovan\u00e1 doba \u010dten\u00ed":"2 minuty"},"schema":{"@context":"https:\/\/schema.org","@graph":[{"@type":"Article","@id":"https:\/\/www.smedemokrati.sk\/sutaj-estok-porusuje-kolektivnu-zmluvu-ktoru-sam-podpisal-policajtom-hrozi-ze-dostanu-o-70-eur-menej-vo-vyplate\/#article","isPartOf":{"@id":"https:\/\/www.smedemokrati.sk\/sutaj-estok-porusuje-kolektivnu-zmluvu-ktoru-sam-podpisal-policajtom-hrozi-ze-dostanu-o-70-eur-menej-vo-vyplate\/"},"author":{"name":"miro.sopko","@id":"https:\/\/www.smedemokrati.sk\/#\/schema\/person\/21f147c88d605aa7ded900e1e7c344ba"},"headline":"\u0160utaj E\u0161tok poru\u0161uje kolekt\u00edvnu zmluvu, ktor\u00fa s\u00e1m podp\u00edsal, policajtom hroz\u00ed, \u017ee dostan\u00fa o 70 eur menej vo v\u00fdplate","datePublished":"2025-09-16T15:50:49+00:00","dateModified":"2025-09-16T15:50:50+00:00","mainEntityOfPage":{"@id":"https:\/\/www.smedemokrati.sk\/sutaj-estok-porusuje-kolektivnu-zmluvu-ktoru-sam-podpisal-policajtom-hrozi-ze-dostanu-o-70-eur-menej-vo-vyplate\/"},"wordCount":444,"publisher":{"@id":"https:\/\/www.smedemokrati.sk\/#organization"},"image":{"@id":"https:\/\/www.smedemokrati.sk\/sutaj-estok-porusuje-kolektivnu-zmluvu-ktoru-sam-podpisal-policajtom-hrozi-ze-dostanu-o-70-eur-menej-vo-vyplate\/#primaryimage"},"thumbnailUrl":"https:\/\/www.smedemokrati.sk\/wp-content\/uploads\/2025\/09\/vyzva-ministrovi-a-policajnej-prezidentke.jpg","articleSection":["Tla\u010dov\u00e9 spr\u00e1vy"],"inLanguage":"cs-CZ"},{"@type":"WebPage","@id":"https:\/\/www.smedemokrati.sk\/sutaj-estok-porusuje-kolektivnu-zmluvu-ktoru-sam-podpisal-policajtom-hrozi-ze-dostanu-o-70-eur-menej-vo-vyplate\/","url":"https:\/\/www.smedemokrati.sk\/sutaj-estok-porusuje-kolektivnu-zmluvu-ktoru-sam-podpisal-policajtom-hrozi-ze-dostanu-o-70-eur-menej-vo-vyplate\/","name":"\u0160utaj E\u0161tok poru\u0161uje kolekt\u00edvnu zmluvu, ktor\u00fa s\u00e1m podp\u00edsal, policajtom hroz\u00ed, \u017ee dostan\u00fa o 70 eur menej vo v\u00fdplate","isPartOf":{"@id":"https:\/\/www.smedemokrati.sk\/#website"},"primaryImageOfPage":{"@id":"https:\/\/www.smedemokrati.sk\/sutaj-estok-porusuje-kolektivnu-zmluvu-ktoru-sam-podpisal-policajtom-hrozi-ze-dostanu-o-70-eur-menej-vo-vyplate\/#primaryimage"},"image":{"@id":"https:\/\/www.smedemokrati.sk\/sutaj-estok-porusuje-kolektivnu-zmluvu-ktoru-sam-podpisal-policajtom-hrozi-ze-dostanu-o-70-eur-menej-vo-vyplate\/#primaryimage"},"thumbnailUrl":"https:\/\/www.smedemokrati.sk\/wp-content\/uploads\/2025\/09\/vyzva-ministrovi-a-policajnej-prezidentke.jpg","datePublished":"2025-09-16T15:50:49+00:00","dateModified":"2025-09-16T15:50:50+00:00","breadcrumb":{"@id":"https:\/\/www.smedemokrati.sk\/sutaj-estok-porusuje-kolektivnu-zmluvu-ktoru-sam-podpisal-policajtom-hrozi-ze-dostanu-o-70-eur-menej-vo-vyplate\/#breadcrumb"},"inLanguage":"cs-CZ","potentialAction":[{"@type":"ReadAction","target":["https:\/\/www.smedemokrati.sk\/sutaj-estok-porusuje-kolektivnu-zmluvu-ktoru-sam-podpisal-policajtom-hrozi-ze-dostanu-o-70-eur-menej-vo-vyplate\/"]}]},{"@type":"ImageObject","inLanguage":"cs-CZ","@id":"https:\/\/www.smedemokrati.sk\/sutaj-estok-porusuje-kolektivnu-zmluvu-ktoru-sam-podpisal-policajtom-hrozi-ze-dostanu-o-70-eur-menej-vo-vyplate\/#primaryimage","url":"https:\/\/www.smedemokrati.sk\/wp-content\/uploads\/2025\/09\/vyzva-ministrovi-a-policajnej-prezidentke.jpg","contentUrl":"https:\/\/www.smedemokrati.sk\/wp-content\/uploads\/2025\/09\/vyzva-ministrovi-a-policajnej-prezidentke.jpg","width":1757,"height":1033},{"@type":"BreadcrumbList","@id":"https:\/\/www.smedemokrati.sk\/sutaj-estok-porusuje-kolektivnu-zmluvu-ktoru-sam-podpisal-policajtom-hrozi-ze-dostanu-o-70-eur-menej-vo-vyplate\/#breadcrumb","itemListElement":[{"@type":"ListItem","position":1,"name":"Domovsk\u00e1 str\u00e1nka","item":"https:\/\/www.smedemokrati.sk\/"},{"@type":"ListItem","position":2,"name":"\u0160utaj E\u0161tok poru\u0161uje kolekt\u00edvnu zmluvu, ktor\u00fa s\u00e1m podp\u00edsal, policajtom hroz\u00ed, \u017ee dostan\u00fa o 70 eur menej vo v\u00fdplate"}]},{"@type":"WebSite","@id":"https:\/\/www.smedemokrati.sk\/#website","url":"https:\/\/www.smedemokrati.sk\/","name":"Smedemokrati.sk","description":"Demokracia a slu\u0161nos\u0165 zv\u00ed\u0165az\u00ed","publisher":{"@id":"https:\/\/www.smedemokrati.sk\/#organization"},"potentialAction":[{"@type":"SearchAction","target":{"@type":"EntryPoint","urlTemplate":"https:\/\/www.smedemokrati.sk\/?s={search_term_string}"},"query-input":{"@type":"PropertyValueSpecification","valueRequired":true,"valueName":"search_term_string"}}],"inLanguage":"cs-CZ"},{"@type":"Organization","@id":"https:\/\/www.smedemokrati.sk\/#organization","name":"Smedemokrati.sk","url":"https:\/\/www.smedemokrati.sk\/","logo":{"@type":"ImageObject","inLanguage":"cs-CZ","@id":"https:\/\/www.smedemokrati.sk\/#\/schema\/logo\/image\/","url":"https:\/\/www.smedemokrati.sk\/wp-content\/uploads\/2023\/04\/ff.002.jpeg","contentUrl":"https:\/\/www.smedemokrati.sk\/wp-content\/uploads\/2023\/04\/ff.002.jpeg","width":640,"height":480,"caption":"Smedemokrati.sk"},"image":{"@id":"https:\/\/www.smedemokrati.sk\/#\/schema\/logo\/image\/"},"sameAs":["https:\/\/www.facebook.com\/smedemokrati2023"]},{"@type":"Person","@id":"https:\/\/www.smedemokrati.sk\/#\/schema\/person\/21f147c88d605aa7ded900e1e7c344ba","name":"miro.sopko","image":{"@type":"ImageObject","inLanguage":"cs-CZ","@id":"https:\/\/secure.gravatar.com\/avatar\/267e4a36f704376c109afe3a78740c1f5dd8675a2180a908699e7863c9247606?s=96&d=mm&r=g","url":"https:\/\/secure.gravatar.com\/avatar\/267e4a36f704376c109afe3a78740c1f5dd8675a2180a908699e7863c9247606?s=96&d=mm&r=g","contentUrl":"https:\/\/secure.gravatar.com\/avatar\/267e4a36f704376c109afe3a78740c1f5dd8675a2180a908699e7863c9247606?s=96&d=mm&r=g","caption":"miro.sopko"},"url":"https:\/\/www.smedemokrati.sk\/cs\/author\/miro-sopko\/"}]}},"_links":{"self":[{"href":"https:\/\/www.smedemokrati.sk\/cs\/wp-json\/wp\/v2\/posts\/8175","targetHints":{"allow":["GET"]}}],"collection":[{"href":"https:\/\/www.smedemokrati.sk\/cs\/wp-json\/wp\/v2\/posts"}],"about":[{"href":"https:\/\/www.smedemokrati.sk\/cs\/wp-json\/wp\/v2\/types\/post"}],"author":[{"embeddable":true,"href":"https:\/\/www.smedemokrati.sk\/cs\/wp-json\/wp\/v2\/users\/13"}],"replies":[{"embeddable":true,"href":"https:\/\/www.smedemokrati.sk\/cs\/wp-json\/wp\/v2\/comments?post=8175"}],"version-history":[{"count":1,"href":"https:\/\/www.smedemokrati.sk\/cs\/wp-json\/wp\/v2\/posts\/8175\/revisions"}],"predecessor-version":[{"id":8177,"href":"https:\/\/www.smedemokrati.sk\/cs\/wp-json\/wp\/v2\/posts\/8175\/revisions\/8177"}],"wp:featuredmedia":[{"embeddable":true,"href":"https:\/\/www.smedemokrati.sk\/cs\/wp-json\/wp\/v2\/media\/8176"}],"wp:attachment":[{"href":"https:\/\/www.smedemokrati.sk\/cs\/wp-json\/wp\/v2\/media?parent=8175"}],"wp:term":[{"taxonomy":"category","embeddable":true,"href":"https:\/\/www.smedemokrati.sk\/cs\/wp-json\/wp\/v2\/categories?post=8175"},{"taxonomy":"post_tag","embeddable":true,"href":"https:\/\/www.smedemokrati.sk\/cs\/wp-json\/wp\/v2\/tags?post=8175"}],"curies":[{"name":"wp","href":"https:\/\/api.w.org\/{rel}","templated":true}]}}