{"id":8138,"date":"2025-09-11T14:17:12","date_gmt":"2025-09-11T13:17:12","guid":{"rendered":"https:\/\/www.smedemokrati.sk\/?p=8138"},"modified":"2025-09-11T14:17:13","modified_gmt":"2025-09-11T13:17:13","slug":"konsolidacia-nesmie-ist-na-ukor-samosprav-a-ludi-ale-na-ukor-vlady","status":"publish","type":"post","link":"https:\/\/www.smedemokrati.sk\/cs\/konsolidacia-nesmie-ist-na-ukor-samosprav-a-ludi-ale-na-ukor-vlady\/","title":{"rendered":"Konsolid\u00e1cia nesmie \u00eds\u0165 na \u00fakor samospr\u00e1v a \u013eud\u00ed, ale na \u00fakor vl\u00e1dy"},"content":{"rendered":"<div id=\"fb-root\"><\/div>\n\n<p><strong>Samospr\u00e1vy ani obyvatelia sa nepodie\u013eali na tvorbe deficitu verejn\u00fdch financi\u00ed. Preto konsolid\u00e1cia nem\u00e1 \u00eds\u0165 na ich \u00fakor, ale na \u00fakor vl\u00e1dy. Demokratom prek\u00e1\u017ea, \u017ee vl\u00e1da Roberta Fica pl\u00e1nuje v\u00fdrazne zn\u00ed\u017ei\u0165 pr\u00edjmy miest, obc\u00ed a vy\u0161\u0161\u00edch \u00fazemn\u00fdch celkov, \u010do v praxi zasiahne slu\u017eby pre obyvate\u013eov.<\/strong><\/p>\n\n\n\n<p><em>\u201eVl\u00e1da berie peniaze samospr\u00e1vam, ktor\u00e9 ich pou\u017e\u00edvaj\u00fa na \u0161koly, \u0161k\u00f4lky, verejn\u00fa dopravu \u010di soci\u00e1lne slu\u017eby. U\u017e dnes sa kraje, mest\u00e1 a obce boria so zv\u00fd\u0161en\u00fdmi cenami energi\u00ed a tovarov, a teraz im vl\u00e1da e\u0161te zoberie \u010fal\u0161ie desiatky mili\u00f3nov eur z da\u0148ov\u00fdch pr\u00edjmov,\u201c<\/em>&nbsp;uviedol Peter Markovi\u010d, odborn\u00edk Demokratov na region\u00e1lny rozvoj, s t\u00fdm, \u017ee to ohroz\u00ed kvalitu a rozsah verejn\u00fdch slu\u017eieb pre obyvate\u013eov.<\/p>\n\n\n\n<p>Pod\u013ea pl\u00e1nov vl\u00e1dy d\u00f4jde k zn\u00ed\u017eeniu podielu na dani z pr\u00edjmov fyzick\u00fdch os\u00f4b \u2013 obciam a mest\u00e1m z 55,1 % na 53 % a vy\u0161\u0161\u00edm \u00fazemn\u00fdm celkom z 29,5 % na 28,6 %. U\u017e v roku 2026 to bude znamena\u0165 pokles da\u0148ov\u00fdch pr\u00edjmov samospr\u00e1v minim\u00e1lne o 137,3 mili\u00f3na eur. Obce a mest\u00e1 pr\u00eddu o 96,5 mili\u00f3na eur a V\u00daC o 40,8 mili\u00f3na eur.<\/p>\n\n\n\n<p><em>\u201eFicova vl\u00e1da \u0161etr\u00ed na obyvate\u013eoch, ale ne\u0161etr\u00ed na sebe. Namiesto toho, aby zru\u0161ila luxusn\u00e9 v\u00fddavky na drah\u00e9 lietadl\u00e1, nov\u00e9 ministerstv\u00e1, rekordn\u00fd po\u010det \u0161t\u00e1tnych tajomn\u00edkov \u010di zbyto\u010dn\u00e9 poradensk\u00e9 z\u00e1kazky, berie peniaze mest\u00e1m a obciam. To je nespravodliv\u00e9 a kr\u00e1tkozrak\u00e9. Konsolid\u00e1cia sa m\u00e1 robi\u0165 rozumne a f\u00e9rovo. Najprv m\u00e1 \u00eds\u0165 vl\u00e1da pr\u00edkladom, \u0161etri\u0165 na sebe, nie na \u013eu\u010foch,\u201c&nbsp;<\/em>doplnil Juraj \u0160eliga, podpredseda Demokratov.<\/p>\n\n\n\n<p>Demokrati zd\u00f4raz\u0148uj\u00fa, \u017ee vl\u00e1da by mala najsk\u00f4r \u0161etri\u0165 na sebe: zbyto\u010dn\u00e9 ministerstvo cestovn\u00e9ho ruchu s rozpo\u010dtom vy\u0161e 400 mili\u00f3nov eur, lietadlo Leteck\u00fdch prev\u00e1dzkov\u00fdch slu\u017eieb za 16 mili\u00f3nov eur, poradenstvo pre JAVYS za 15 mili\u00f3nov eur, n\u00e1kup tri\u010diek z k\u00e1vov\u00fdch z\u0155n \u010di rekordn\u00fd po\u010det \u0161t\u00e1tnych tajomn\u00edkov a splnomocnencov vl\u00e1dy.<\/p>\n\n\n\n<p>Pod\u013ea Demokratov je potrebn\u00e9 urobi\u0165 hlbok\u00fa orbu aj v oblasti samospr\u00e1vy.&nbsp;<em>\u201eNa\u0161ou amb\u00edciou je zreformova\u0165 verejn\u00fa spr\u00e1vu a dokon\u010di\u0165 decentraliz\u00e1ciu \u0161t\u00e1tu. Zv\u00fd\u0161ime finan\u010dn\u00fa auton\u00f3miu samospr\u00e1v a \u00fastavne garantujeme ich postavenie. Je na\u010dase zavies\u0165 povinn\u00fd konzulta\u010dn\u00fd mechanizmus vl\u00e1dy so zdru\u017eeniami samospr\u00e1v,\u201c<\/em>&nbsp;uzavrel Markovi\u010d.<\/p>\n\n\n<div id=\"fb-root\"><\/div><script async defer crossorigin=\"anonymous\" src=\"https:\/\/connect.facebook.net\/sk_SK\/sdk.js#xfbml=1&version=v18.0\"><\/script><div class=\"fb-video\" data-href=\"https:\/\/fb.watch\/C2uqJY-UxS\/\" data-width=\"560\" data-show-text=\"false\"><blockquote cite=\"https:\/\/fb.watch\/C2uqJY-UxS\/\" class=\"fb-xfbml-parse-ignore\"><a href=\"https:\/\/fb.watch\/C2uqJY-UxS\/\">Video<\/a><\/blockquote><\/div>\n","protected":false},"excerpt":{"rendered":"<p>Samospr\u00e1vy ani obyvatelia sa nepodie\u013eali na tvorbe deficitu verejn\u00fdch financi\u00ed. Preto konsolid\u00e1cia nem\u00e1 \u00eds\u0165 na ich \u00fakor, ale na \u00fakor vl\u00e1dy. Demokratom prek\u00e1\u017ea, \u017ee vl\u00e1da Roberta Fica pl\u00e1nuje v\u00fdrazne zn\u00ed\u017ei\u0165 pr\u00edjmy miest, obc\u00ed a vy\u0161\u0161\u00edch \u00fazemn\u00fdch celkov, \u010do v praxi zasiahne slu\u017eby pre obyvate\u013eov. \u201eVl\u00e1da berie peniaze samospr\u00e1vam, ktor\u00e9 ich pou\u017e\u00edvaj\u00fa na \u0161koly, \u0161k\u00f4lky, verejn\u00fa [&hellip;]<\/p>\n","protected":false},"author":13,"featured_media":8139,"comment_status":"closed","ping_status":"closed","sticky":false,"template":"","format":"standard","meta":{"_acf_changed":false,"ngg_post_thumbnail":0,"footnotes":""},"categories":[4],"tags":[],"class_list":["post-8138","post","type-post","status-publish","format-standard","has-post-thumbnail","hentry","category-tlacove-spravy"],"acf":[],"yoast_head":"<!-- This site is optimized with the Yoast SEO plugin v27.2 - https:\/\/yoast.com\/product\/yoast-seo-wordpress\/ -->\n<title>Konsolid\u00e1cia nesmie \u00eds\u0165 na \u00fakor samospr\u00e1v a \u013eud\u00ed, ale na \u00fakor vl\u00e1dy<\/title>\n<meta name=\"robots\" content=\"index, follow, max-snippet:-1, max-image-preview:large, max-video-preview:-1\" \/>\n<link rel=\"canonical\" href=\"https:\/\/www.smedemokrati.sk\/cs\/konsolidacia-nesmie-ist-na-ukor-samosprav-a-ludi-ale-na-ukor-vlady\/\" \/>\n<meta property=\"og:locale\" content=\"cs_CZ\" \/>\n<meta property=\"og:locale:alternate\" content=\"en_US\" \/>\n<meta property=\"og:locale:alternate\" content=\"hu_HU\" \/>\n<meta property=\"og:locale:alternate\" content=\"sk_SK\" \/>\n<meta property=\"og:locale:alternate\" content=\"sv_SE\" \/>\n<meta property=\"og:type\" content=\"article\" \/>\n<meta property=\"og:title\" content=\"Konsolid\u00e1cia nesmie \u00eds\u0165 na \u00fakor samospr\u00e1v a \u013eud\u00ed, ale na \u00fakor vl\u00e1dy\" \/>\n<meta property=\"og:description\" content=\"Samospr\u00e1vy ani obyvatelia sa nepodie\u013eali na tvorbe deficitu verejn\u00fdch financi\u00ed. Preto konsolid\u00e1cia nem\u00e1 \u00eds\u0165 na ich \u00fakor, ale na \u00fakor vl\u00e1dy. Demokratom prek\u00e1\u017ea, \u017ee vl\u00e1da Roberta Fica pl\u00e1nuje v\u00fdrazne zn\u00ed\u017ei\u0165 pr\u00edjmy miest, obc\u00ed a vy\u0161\u0161\u00edch \u00fazemn\u00fdch celkov, \u010do v praxi zasiahne slu\u017eby pre obyvate\u013eov. \u201eVl\u00e1da berie peniaze samospr\u00e1vam, ktor\u00e9 ich pou\u017e\u00edvaj\u00fa na \u0161koly, \u0161k\u00f4lky, verejn\u00fa [&hellip;]\" \/>\n<meta property=\"og:url\" content=\"https:\/\/www.smedemokrati.sk\/cs\/konsolidacia-nesmie-ist-na-ukor-samosprav-a-ludi-ale-na-ukor-vlady\/\" \/>\n<meta property=\"og:site_name\" content=\"Smedemokrati.sk\" \/>\n<meta property=\"article:publisher\" content=\"https:\/\/www.facebook.com\/smedemokrati2023\" \/>\n<meta property=\"article:published_time\" content=\"2025-09-11T13:17:12+00:00\" \/>\n<meta property=\"article:modified_time\" content=\"2025-09-11T13:17:13+00:00\" \/>\n<meta property=\"og:image\" content=\"https:\/\/www.smedemokrati.sk\/wp-content\/uploads\/2025\/09\/konsolidacia-samospravy.jpg\" \/>\n\t<meta property=\"og:image:width\" content=\"1439\" \/>\n\t<meta property=\"og:image:height\" content=\"1080\" \/>\n\t<meta property=\"og:image:type\" content=\"image\/jpeg\" \/>\n<meta name=\"author\" content=\"miro.sopko\" \/>\n<meta name=\"twitter:card\" content=\"summary_large_image\" \/>\n<meta name=\"twitter:label1\" content=\"Napsal(a)\" \/>\n\t<meta name=\"twitter:data1\" content=\"miro.sopko\" \/>\n\t<meta name=\"twitter:label2\" content=\"Odhadovan\u00e1 doba \u010dten\u00ed\" \/>\n\t<meta name=\"twitter:data2\" content=\"2 minuty\" \/>\n<script type=\"application\/ld+json\" class=\"yoast-schema-graph\">{\"@context\":\"https:\/\/schema.org\",\"@graph\":[{\"@type\":\"Article\",\"@id\":\"https:\/\/www.smedemokrati.sk\/konsolidacia-nesmie-ist-na-ukor-samosprav-a-ludi-ale-na-ukor-vlady\/#article\",\"isPartOf\":{\"@id\":\"https:\/\/www.smedemokrati.sk\/konsolidacia-nesmie-ist-na-ukor-samosprav-a-ludi-ale-na-ukor-vlady\/\"},\"author\":{\"name\":\"miro.sopko\",\"@id\":\"https:\/\/www.smedemokrati.sk\/#\/schema\/person\/21f147c88d605aa7ded900e1e7c344ba\"},\"headline\":\"Konsolid\u00e1cia nesmie \u00eds\u0165 na \u00fakor samospr\u00e1v a \u013eud\u00ed, ale na \u00fakor vl\u00e1dy\",\"datePublished\":\"2025-09-11T13:17:12+00:00\",\"dateModified\":\"2025-09-11T13:17:13+00:00\",\"mainEntityOfPage\":{\"@id\":\"https:\/\/www.smedemokrati.sk\/konsolidacia-nesmie-ist-na-ukor-samosprav-a-ludi-ale-na-ukor-vlady\/\"},\"wordCount\":447,\"publisher\":{\"@id\":\"https:\/\/www.smedemokrati.sk\/#organization\"},\"image\":{\"@id\":\"https:\/\/www.smedemokrati.sk\/konsolidacia-nesmie-ist-na-ukor-samosprav-a-ludi-ale-na-ukor-vlady\/#primaryimage\"},\"thumbnailUrl\":\"https:\/\/www.smedemokrati.sk\/wp-content\/uploads\/2025\/09\/konsolidacia-samospravy.jpg\",\"articleSection\":[\"Tla\u010dov\u00e9 spr\u00e1vy\"],\"inLanguage\":\"cs-CZ\"},{\"@type\":\"WebPage\",\"@id\":\"https:\/\/www.smedemokrati.sk\/konsolidacia-nesmie-ist-na-ukor-samosprav-a-ludi-ale-na-ukor-vlady\/\",\"url\":\"https:\/\/www.smedemokrati.sk\/konsolidacia-nesmie-ist-na-ukor-samosprav-a-ludi-ale-na-ukor-vlady\/\",\"name\":\"Konsolid\u00e1cia nesmie \u00eds\u0165 na \u00fakor samospr\u00e1v a \u013eud\u00ed, ale na \u00fakor vl\u00e1dy\",\"isPartOf\":{\"@id\":\"https:\/\/www.smedemokrati.sk\/#website\"},\"primaryImageOfPage\":{\"@id\":\"https:\/\/www.smedemokrati.sk\/konsolidacia-nesmie-ist-na-ukor-samosprav-a-ludi-ale-na-ukor-vlady\/#primaryimage\"},\"image\":{\"@id\":\"https:\/\/www.smedemokrati.sk\/konsolidacia-nesmie-ist-na-ukor-samosprav-a-ludi-ale-na-ukor-vlady\/#primaryimage\"},\"thumbnailUrl\":\"https:\/\/www.smedemokrati.sk\/wp-content\/uploads\/2025\/09\/konsolidacia-samospravy.jpg\",\"datePublished\":\"2025-09-11T13:17:12+00:00\",\"dateModified\":\"2025-09-11T13:17:13+00:00\",\"breadcrumb\":{\"@id\":\"https:\/\/www.smedemokrati.sk\/konsolidacia-nesmie-ist-na-ukor-samosprav-a-ludi-ale-na-ukor-vlady\/#breadcrumb\"},\"inLanguage\":\"cs-CZ\",\"potentialAction\":[{\"@type\":\"ReadAction\",\"target\":[\"https:\/\/www.smedemokrati.sk\/konsolidacia-nesmie-ist-na-ukor-samosprav-a-ludi-ale-na-ukor-vlady\/\"]}]},{\"@type\":\"ImageObject\",\"inLanguage\":\"cs-CZ\",\"@id\":\"https:\/\/www.smedemokrati.sk\/konsolidacia-nesmie-ist-na-ukor-samosprav-a-ludi-ale-na-ukor-vlady\/#primaryimage\",\"url\":\"https:\/\/www.smedemokrati.sk\/wp-content\/uploads\/2025\/09\/konsolidacia-samospravy.jpg\",\"contentUrl\":\"https:\/\/www.smedemokrati.sk\/wp-content\/uploads\/2025\/09\/konsolidacia-samospravy.jpg\",\"width\":1439,\"height\":1080},{\"@type\":\"BreadcrumbList\",\"@id\":\"https:\/\/www.smedemokrati.sk\/konsolidacia-nesmie-ist-na-ukor-samosprav-a-ludi-ale-na-ukor-vlady\/#breadcrumb\",\"itemListElement\":[{\"@type\":\"ListItem\",\"position\":1,\"name\":\"Domovsk\u00e1 str\u00e1nka\",\"item\":\"https:\/\/www.smedemokrati.sk\/\"},{\"@type\":\"ListItem\",\"position\":2,\"name\":\"Konsolid\u00e1cia nesmie \u00eds\u0165 na \u00fakor samospr\u00e1v a \u013eud\u00ed, ale na \u00fakor vl\u00e1dy\"}]},{\"@type\":\"WebSite\",\"@id\":\"https:\/\/www.smedemokrati.sk\/#website\",\"url\":\"https:\/\/www.smedemokrati.sk\/\",\"name\":\"Smedemokrati.sk\",\"description\":\"Demokracia a slu\u0161nos\u0165 zv\u00ed\u0165az\u00ed\",\"publisher\":{\"@id\":\"https:\/\/www.smedemokrati.sk\/#organization\"},\"potentialAction\":[{\"@type\":\"SearchAction\",\"target\":{\"@type\":\"EntryPoint\",\"urlTemplate\":\"https:\/\/www.smedemokrati.sk\/?s={search_term_string}\"},\"query-input\":{\"@type\":\"PropertyValueSpecification\",\"valueRequired\":true,\"valueName\":\"search_term_string\"}}],\"inLanguage\":\"cs-CZ\"},{\"@type\":\"Organization\",\"@id\":\"https:\/\/www.smedemokrati.sk\/#organization\",\"name\":\"Smedemokrati.sk\",\"url\":\"https:\/\/www.smedemokrati.sk\/\",\"logo\":{\"@type\":\"ImageObject\",\"inLanguage\":\"cs-CZ\",\"@id\":\"https:\/\/www.smedemokrati.sk\/#\/schema\/logo\/image\/\",\"url\":\"https:\/\/www.smedemokrati.sk\/wp-content\/uploads\/2023\/04\/ff.002.jpeg\",\"contentUrl\":\"https:\/\/www.smedemokrati.sk\/wp-content\/uploads\/2023\/04\/ff.002.jpeg\",\"width\":640,\"height\":480,\"caption\":\"Smedemokrati.sk\"},\"image\":{\"@id\":\"https:\/\/www.smedemokrati.sk\/#\/schema\/logo\/image\/\"},\"sameAs\":[\"https:\/\/www.facebook.com\/smedemokrati2023\"]},{\"@type\":\"Person\",\"@id\":\"https:\/\/www.smedemokrati.sk\/#\/schema\/person\/21f147c88d605aa7ded900e1e7c344ba\",\"name\":\"miro.sopko\",\"image\":{\"@type\":\"ImageObject\",\"inLanguage\":\"cs-CZ\",\"@id\":\"https:\/\/secure.gravatar.com\/avatar\/267e4a36f704376c109afe3a78740c1f5dd8675a2180a908699e7863c9247606?s=96&d=mm&r=g\",\"url\":\"https:\/\/secure.gravatar.com\/avatar\/267e4a36f704376c109afe3a78740c1f5dd8675a2180a908699e7863c9247606?s=96&d=mm&r=g\",\"contentUrl\":\"https:\/\/secure.gravatar.com\/avatar\/267e4a36f704376c109afe3a78740c1f5dd8675a2180a908699e7863c9247606?s=96&d=mm&r=g\",\"caption\":\"miro.sopko\"},\"url\":\"https:\/\/www.smedemokrati.sk\/cs\/author\/miro-sopko\/\"}]}<\/script>\n<!-- \/ Yoast SEO plugin. -->","yoast_head_json":{"title":"Konsolid\u00e1cia nesmie \u00eds\u0165 na \u00fakor samospr\u00e1v a \u013eud\u00ed, ale na \u00fakor vl\u00e1dy","robots":{"index":"index","follow":"follow","max-snippet":"max-snippet:-1","max-image-preview":"max-image-preview:large","max-video-preview":"max-video-preview:-1"},"canonical":"https:\/\/www.smedemokrati.sk\/cs\/konsolidacia-nesmie-ist-na-ukor-samosprav-a-ludi-ale-na-ukor-vlady\/","og_locale":"cs_CZ","og_type":"article","og_title":"[:sk]Konsolid\u00e1cia nesmie \u00eds\u0165 na \u00fakor samospr\u00e1v a \u013eud\u00ed, ale na \u00fakor vl\u00e1dy[:] - Smedemokrati.sk","og_description":"Samospr\u00e1vy ani obyvatelia sa nepodie\u013eali na tvorbe deficitu verejn\u00fdch financi\u00ed. Preto konsolid\u00e1cia nem\u00e1 \u00eds\u0165 na ich \u00fakor, ale na \u00fakor vl\u00e1dy. Demokratom prek\u00e1\u017ea, \u017ee vl\u00e1da Roberta Fica pl\u00e1nuje v\u00fdrazne zn\u00ed\u017ei\u0165 pr\u00edjmy miest, obc\u00ed a vy\u0161\u0161\u00edch \u00fazemn\u00fdch celkov, \u010do v praxi zasiahne slu\u017eby pre obyvate\u013eov. \u201eVl\u00e1da berie peniaze samospr\u00e1vam, ktor\u00e9 ich pou\u017e\u00edvaj\u00fa na \u0161koly, \u0161k\u00f4lky, verejn\u00fa [&hellip;]","og_url":"https:\/\/www.smedemokrati.sk\/cs\/konsolidacia-nesmie-ist-na-ukor-samosprav-a-ludi-ale-na-ukor-vlady\/","og_site_name":"Smedemokrati.sk","article_publisher":"https:\/\/www.facebook.com\/smedemokrati2023","article_published_time":"2025-09-11T13:17:12+00:00","article_modified_time":"2025-09-11T13:17:13+00:00","og_image":[{"width":1439,"height":1080,"url":"https:\/\/www.smedemokrati.sk\/wp-content\/uploads\/2025\/09\/konsolidacia-samospravy.jpg","type":"image\/jpeg"}],"author":"miro.sopko","twitter_card":"summary_large_image","twitter_misc":{"Napsal(a)":"miro.sopko","Odhadovan\u00e1 doba \u010dten\u00ed":"2 minuty"},"schema":{"@context":"https:\/\/schema.org","@graph":[{"@type":"Article","@id":"https:\/\/www.smedemokrati.sk\/konsolidacia-nesmie-ist-na-ukor-samosprav-a-ludi-ale-na-ukor-vlady\/#article","isPartOf":{"@id":"https:\/\/www.smedemokrati.sk\/konsolidacia-nesmie-ist-na-ukor-samosprav-a-ludi-ale-na-ukor-vlady\/"},"author":{"name":"miro.sopko","@id":"https:\/\/www.smedemokrati.sk\/#\/schema\/person\/21f147c88d605aa7ded900e1e7c344ba"},"headline":"Konsolid\u00e1cia nesmie \u00eds\u0165 na \u00fakor samospr\u00e1v a \u013eud\u00ed, ale na \u00fakor vl\u00e1dy","datePublished":"2025-09-11T13:17:12+00:00","dateModified":"2025-09-11T13:17:13+00:00","mainEntityOfPage":{"@id":"https:\/\/www.smedemokrati.sk\/konsolidacia-nesmie-ist-na-ukor-samosprav-a-ludi-ale-na-ukor-vlady\/"},"wordCount":447,"publisher":{"@id":"https:\/\/www.smedemokrati.sk\/#organization"},"image":{"@id":"https:\/\/www.smedemokrati.sk\/konsolidacia-nesmie-ist-na-ukor-samosprav-a-ludi-ale-na-ukor-vlady\/#primaryimage"},"thumbnailUrl":"https:\/\/www.smedemokrati.sk\/wp-content\/uploads\/2025\/09\/konsolidacia-samospravy.jpg","articleSection":["Tla\u010dov\u00e9 spr\u00e1vy"],"inLanguage":"cs-CZ"},{"@type":"WebPage","@id":"https:\/\/www.smedemokrati.sk\/konsolidacia-nesmie-ist-na-ukor-samosprav-a-ludi-ale-na-ukor-vlady\/","url":"https:\/\/www.smedemokrati.sk\/konsolidacia-nesmie-ist-na-ukor-samosprav-a-ludi-ale-na-ukor-vlady\/","name":"Konsolid\u00e1cia nesmie \u00eds\u0165 na \u00fakor samospr\u00e1v a \u013eud\u00ed, ale na \u00fakor vl\u00e1dy","isPartOf":{"@id":"https:\/\/www.smedemokrati.sk\/#website"},"primaryImageOfPage":{"@id":"https:\/\/www.smedemokrati.sk\/konsolidacia-nesmie-ist-na-ukor-samosprav-a-ludi-ale-na-ukor-vlady\/#primaryimage"},"image":{"@id":"https:\/\/www.smedemokrati.sk\/konsolidacia-nesmie-ist-na-ukor-samosprav-a-ludi-ale-na-ukor-vlady\/#primaryimage"},"thumbnailUrl":"https:\/\/www.smedemokrati.sk\/wp-content\/uploads\/2025\/09\/konsolidacia-samospravy.jpg","datePublished":"2025-09-11T13:17:12+00:00","dateModified":"2025-09-11T13:17:13+00:00","breadcrumb":{"@id":"https:\/\/www.smedemokrati.sk\/konsolidacia-nesmie-ist-na-ukor-samosprav-a-ludi-ale-na-ukor-vlady\/#breadcrumb"},"inLanguage":"cs-CZ","potentialAction":[{"@type":"ReadAction","target":["https:\/\/www.smedemokrati.sk\/konsolidacia-nesmie-ist-na-ukor-samosprav-a-ludi-ale-na-ukor-vlady\/"]}]},{"@type":"ImageObject","inLanguage":"cs-CZ","@id":"https:\/\/www.smedemokrati.sk\/konsolidacia-nesmie-ist-na-ukor-samosprav-a-ludi-ale-na-ukor-vlady\/#primaryimage","url":"https:\/\/www.smedemokrati.sk\/wp-content\/uploads\/2025\/09\/konsolidacia-samospravy.jpg","contentUrl":"https:\/\/www.smedemokrati.sk\/wp-content\/uploads\/2025\/09\/konsolidacia-samospravy.jpg","width":1439,"height":1080},{"@type":"BreadcrumbList","@id":"https:\/\/www.smedemokrati.sk\/konsolidacia-nesmie-ist-na-ukor-samosprav-a-ludi-ale-na-ukor-vlady\/#breadcrumb","itemListElement":[{"@type":"ListItem","position":1,"name":"Domovsk\u00e1 str\u00e1nka","item":"https:\/\/www.smedemokrati.sk\/"},{"@type":"ListItem","position":2,"name":"Konsolid\u00e1cia nesmie \u00eds\u0165 na \u00fakor samospr\u00e1v a \u013eud\u00ed, ale na \u00fakor vl\u00e1dy"}]},{"@type":"WebSite","@id":"https:\/\/www.smedemokrati.sk\/#website","url":"https:\/\/www.smedemokrati.sk\/","name":"Smedemokrati.sk","description":"Demokracia a slu\u0161nos\u0165 zv\u00ed\u0165az\u00ed","publisher":{"@id":"https:\/\/www.smedemokrati.sk\/#organization"},"potentialAction":[{"@type":"SearchAction","target":{"@type":"EntryPoint","urlTemplate":"https:\/\/www.smedemokrati.sk\/?s={search_term_string}"},"query-input":{"@type":"PropertyValueSpecification","valueRequired":true,"valueName":"search_term_string"}}],"inLanguage":"cs-CZ"},{"@type":"Organization","@id":"https:\/\/www.smedemokrati.sk\/#organization","name":"Smedemokrati.sk","url":"https:\/\/www.smedemokrati.sk\/","logo":{"@type":"ImageObject","inLanguage":"cs-CZ","@id":"https:\/\/www.smedemokrati.sk\/#\/schema\/logo\/image\/","url":"https:\/\/www.smedemokrati.sk\/wp-content\/uploads\/2023\/04\/ff.002.jpeg","contentUrl":"https:\/\/www.smedemokrati.sk\/wp-content\/uploads\/2023\/04\/ff.002.jpeg","width":640,"height":480,"caption":"Smedemokrati.sk"},"image":{"@id":"https:\/\/www.smedemokrati.sk\/#\/schema\/logo\/image\/"},"sameAs":["https:\/\/www.facebook.com\/smedemokrati2023"]},{"@type":"Person","@id":"https:\/\/www.smedemokrati.sk\/#\/schema\/person\/21f147c88d605aa7ded900e1e7c344ba","name":"miro.sopko","image":{"@type":"ImageObject","inLanguage":"cs-CZ","@id":"https:\/\/secure.gravatar.com\/avatar\/267e4a36f704376c109afe3a78740c1f5dd8675a2180a908699e7863c9247606?s=96&d=mm&r=g","url":"https:\/\/secure.gravatar.com\/avatar\/267e4a36f704376c109afe3a78740c1f5dd8675a2180a908699e7863c9247606?s=96&d=mm&r=g","contentUrl":"https:\/\/secure.gravatar.com\/avatar\/267e4a36f704376c109afe3a78740c1f5dd8675a2180a908699e7863c9247606?s=96&d=mm&r=g","caption":"miro.sopko"},"url":"https:\/\/www.smedemokrati.sk\/cs\/author\/miro-sopko\/"}]}},"_links":{"self":[{"href":"https:\/\/www.smedemokrati.sk\/cs\/wp-json\/wp\/v2\/posts\/8138","targetHints":{"allow":["GET"]}}],"collection":[{"href":"https:\/\/www.smedemokrati.sk\/cs\/wp-json\/wp\/v2\/posts"}],"about":[{"href":"https:\/\/www.smedemokrati.sk\/cs\/wp-json\/wp\/v2\/types\/post"}],"author":[{"embeddable":true,"href":"https:\/\/www.smedemokrati.sk\/cs\/wp-json\/wp\/v2\/users\/13"}],"replies":[{"embeddable":true,"href":"https:\/\/www.smedemokrati.sk\/cs\/wp-json\/wp\/v2\/comments?post=8138"}],"version-history":[{"count":1,"href":"https:\/\/www.smedemokrati.sk\/cs\/wp-json\/wp\/v2\/posts\/8138\/revisions"}],"predecessor-version":[{"id":8140,"href":"https:\/\/www.smedemokrati.sk\/cs\/wp-json\/wp\/v2\/posts\/8138\/revisions\/8140"}],"wp:featuredmedia":[{"embeddable":true,"href":"https:\/\/www.smedemokrati.sk\/cs\/wp-json\/wp\/v2\/media\/8139"}],"wp:attachment":[{"href":"https:\/\/www.smedemokrati.sk\/cs\/wp-json\/wp\/v2\/media?parent=8138"}],"wp:term":[{"taxonomy":"category","embeddable":true,"href":"https:\/\/www.smedemokrati.sk\/cs\/wp-json\/wp\/v2\/categories?post=8138"},{"taxonomy":"post_tag","embeddable":true,"href":"https:\/\/www.smedemokrati.sk\/cs\/wp-json\/wp\/v2\/tags?post=8138"}],"curies":[{"name":"wp","href":"https:\/\/api.w.org\/{rel}","templated":true}]}}