{"id":8062,"date":"2025-09-03T14:02:00","date_gmt":"2025-09-03T13:02:00","guid":{"rendered":"https:\/\/www.smedemokrati.sk\/?p=8062"},"modified":"2025-09-03T16:50:51","modified_gmt":"2025-09-03T15:50:51","slug":"slovensko-musi-skoncovat-s-proruskymi-kolaborantmi-fico-sa-dnes-stavia-na-stranu-diktatorov","status":"publish","type":"post","link":"https:\/\/www.smedemokrati.sk\/cs\/slovensko-musi-skoncovat-s-proruskymi-kolaborantmi-fico-sa-dnes-stavia-na-stranu-diktatorov\/","title":{"rendered":"Slovensko mus\u00ed skoncova\u0165 s prorusk\u00fdmi kolaborantmi, Fico sa dnes stavia na stranu dikt\u00e1torov"},"content":{"rendered":"<div id=\"fb-root\"><\/div>\n\n<p><strong>Stretnutie Roberta Fica s Vladim\u00edrom Putinom a \u010fal\u0161\u00edmi predstavite\u013emi autorit\u00e1rskych re\u017eimov je pod\u013ea Demokratov \u010fal\u0161\u00edm smutn\u00fdm d\u00f4kazom, \u017ee predseda vl\u00e1dy nepracuje pre ob\u010danov Slovenska, ale pre z\u00e1ujmy Krem\u013ea. Demokrati preto predstavili bal\u00edk opatren\u00ed, ktor\u00fdmi chc\u00fa ochr\u00e1ni\u0165 Slovensko pred prorusk\u00fdm vplyvom a kolaborantmi cudzej moci.<\/strong><\/p>\n\n\n\n<p><em>\u201eFico sa opakovane stavia na stranu dikt\u00e1torov a stretnut\u00edm v \u010c\u00edne definit\u00edvne zradil hodnoty, na ktor\u00fdch stoj\u00ed modern\u00e1 Eur\u00f3pa. Slovensko nesmie by\u0165 ruskou kol\u00f3niou. Preto v novej vl\u00e1de presad\u00edme z\u00e1sadn\u00e9 opatrenia,&#8220;<\/em>&nbsp;otv\u00e1ra t\u00e9mu Jaroslav Na\u010f, predseda Demokratov a bli\u017e\u0161ie konkretizuje.&nbsp;<\/p>\n\n\n\n<p><em>\u201eZavedieme&nbsp;<\/em><strong><em>pr\u00edsne bezpe\u010dnostn\u00e9 previerky<\/em><\/strong><em>&nbsp;vo v\u0161etk\u00fdch obrann\u00fdch a bezpe\u010dnostn\u00fdch \u0161trukt\u00farach, aj v celej \u0161t\u00e1tnej spr\u00e1ve. D\u00e1me si&nbsp;<\/em><strong><em>pod lupu prorusk\u00e9 extr\u00e9mistick\u00e9 zdru\u017eenia<\/em><\/strong><em>&nbsp;a spolky, ktor\u00e9 v pr\u00edpade potreby rozpust\u00edme a ich l\u00eddrov postav\u00edme pred spravodlivos\u0165. Vzdel\u00e1vac\u00ed syst\u00e9m uprav\u00edme tak, aby deti a&nbsp;<\/em><strong><em>mlad\u00ed \u013eudia jasne ch\u00e1pali historick\u00e9 fakty,<\/em><\/strong><em>&nbsp;a to<\/em><em>od zrady v roku 1939, cez okup\u00e1ciu v roku 1968, november 1989, a\u017e po rusk\u00fa agresiu na Ukrajine v rokoch 2014 a 2022.&#8220;&nbsp;<\/em><\/p>\n\n\n\n<p>Exminister obrany \u010falej hovor\u00ed, \u017ee nevyhnutnou s\u00fa\u010das\u0165ou bude aj&nbsp;<strong>vypnutie dezinforma\u010dn\u00fdch a prorusk\u00fdch webov&nbsp;<\/strong>a str\u00e1nok na soci\u00e1lnych sie\u0165ach a \u00fapln\u00e9 ukon\u010denie na\u0161ej z\u00e1vislosti od rusk\u00fdch energetick\u00fdch zdrojov.&nbsp;<\/p>\n\n\n\n<p><em>\u201ePrever\u00edme aj v\u0161etky&nbsp;<\/em><strong><em>v\u00e4zby rusk\u00fdch \u0161t\u00e1tnych organiz\u00e1ci\u00ed<\/em><\/strong><em>&nbsp;na slovensk\u00e9 politick\u00e9 strany a vyvod\u00edme konkr\u00e9tnu zodpovednos\u0165. A \u00e1no,&nbsp;<\/em><strong><em>vyhost\u00edme rusk\u00e9ho ve\u013evyslanca a zatvor\u00edme rusk\u00fa ambas\u00e1du.<\/em><\/strong><em>&nbsp;Slovensko mus\u00ed by\u0165 suver\u00e9nne a bezpe\u010dn\u00e9,\u201c&nbsp;<\/em>vyhl\u00e1sil predseda Demokratov Jaroslav Na\u010f.<\/p>\n\n\n\n<p>Podpredseda Demokratov Eduard Heger dodal:&nbsp;<em>\u201eSlovensko si mus\u00ed vybra\u0165, bu\u010f bude st\u00e1\u0165 na strane demokracie, alebo na strane diktat\u00far. Demokrati pon\u00fakaj\u00fa jasn\u00fa v\u00edziu, ktor\u00e1 chr\u00e1ni na\u0161ich ob\u010danov pred ruskou propagandou a pred kolaborantmi v politike. Robert Fico si vybral Putina, my si vyber\u00e1me Slovensko, jeho ob\u010danov a bezpe\u010dn\u00fa bud\u00facnos\u0165 v Eur\u00f3pskej \u00fanii a NATO.\u201c<\/em><\/p>\n\n\n<div id=\"fb-root\"><\/div><script async defer crossorigin=\"anonymous\" src=\"https:\/\/connect.facebook.net\/sk_SK\/sdk.js#xfbml=1&version=v18.0\"><\/script><div class=\"fb-video\" data-href=\"https:\/\/fb.watch\/BTNNWMNCew\/\" data-width=\"560\" data-show-text=\"false\"><blockquote cite=\"https:\/\/fb.watch\/BTNNWMNCew\/\" class=\"fb-xfbml-parse-ignore\"><a href=\"https:\/\/fb.watch\/BTNNWMNCew\/\">Video<\/a><\/blockquote><\/div>\n","protected":false},"excerpt":{"rendered":"<p>Stretnutie Roberta Fica s Vladim\u00edrom Putinom a \u010fal\u0161\u00edmi predstavite\u013emi autorit\u00e1rskych re\u017eimov je pod\u013ea Demokratov \u010fal\u0161\u00edm smutn\u00fdm d\u00f4kazom, \u017ee predseda vl\u00e1dy nepracuje pre ob\u010danov Slovenska, ale pre z\u00e1ujmy Krem\u013ea. Demokrati preto predstavili bal\u00edk opatren\u00ed, ktor\u00fdmi chc\u00fa ochr\u00e1ni\u0165 Slovensko pred prorusk\u00fdm vplyvom a kolaborantmi cudzej moci. \u201eFico sa opakovane stavia na stranu dikt\u00e1torov a stretnut\u00edm v \u010c\u00edne [&hellip;]<\/p>\n","protected":false},"author":13,"featured_media":8063,"comment_status":"closed","ping_status":"closed","sticky":false,"template":"","format":"standard","meta":{"_acf_changed":false,"ngg_post_thumbnail":0,"footnotes":""},"categories":[4],"tags":[],"class_list":["post-8062","post","type-post","status-publish","format-standard","has-post-thumbnail","hentry","category-tlacove-spravy"],"acf":[],"yoast_head":"<!-- This site is optimized with the Yoast SEO plugin v27.2 - https:\/\/yoast.com\/product\/yoast-seo-wordpress\/ -->\n<title>Slovensko mus\u00ed skoncova\u0165 s prorusk\u00fdmi kolaborantmi, Fico sa dnes stavia na stranu dikt\u00e1torov<\/title>\n<meta name=\"robots\" content=\"index, follow, max-snippet:-1, max-image-preview:large, max-video-preview:-1\" \/>\n<link rel=\"canonical\" href=\"https:\/\/www.smedemokrati.sk\/cs\/slovensko-musi-skoncovat-s-proruskymi-kolaborantmi-fico-sa-dnes-stavia-na-stranu-diktatorov\/\" \/>\n<meta property=\"og:locale\" content=\"cs_CZ\" \/>\n<meta property=\"og:locale:alternate\" content=\"en_US\" \/>\n<meta property=\"og:locale:alternate\" content=\"hu_HU\" \/>\n<meta property=\"og:locale:alternate\" content=\"sk_SK\" \/>\n<meta property=\"og:locale:alternate\" content=\"sv_SE\" \/>\n<meta property=\"og:type\" content=\"article\" \/>\n<meta property=\"og:title\" content=\"Slovensko mus\u00ed skoncova\u0165 s prorusk\u00fdmi kolaborantmi, Fico sa dnes stavia na stranu dikt\u00e1torov\" \/>\n<meta property=\"og:description\" content=\"Stretnutie Roberta Fica s Vladim\u00edrom Putinom a \u010fal\u0161\u00edmi predstavite\u013emi autorit\u00e1rskych re\u017eimov je pod\u013ea Demokratov \u010fal\u0161\u00edm smutn\u00fdm d\u00f4kazom, \u017ee predseda vl\u00e1dy nepracuje pre ob\u010danov Slovenska, ale pre z\u00e1ujmy Krem\u013ea. Demokrati preto predstavili bal\u00edk opatren\u00ed, ktor\u00fdmi chc\u00fa ochr\u00e1ni\u0165 Slovensko pred prorusk\u00fdm vplyvom a kolaborantmi cudzej moci. \u201eFico sa opakovane stavia na stranu dikt\u00e1torov a stretnut\u00edm v \u010c\u00edne [&hellip;]\" \/>\n<meta property=\"og:url\" content=\"https:\/\/www.smedemokrati.sk\/cs\/slovensko-musi-skoncovat-s-proruskymi-kolaborantmi-fico-sa-dnes-stavia-na-stranu-diktatorov\/\" \/>\n<meta property=\"og:site_name\" content=\"Smedemokrati.sk\" \/>\n<meta property=\"article:publisher\" content=\"https:\/\/www.facebook.com\/smedemokrati2023\" \/>\n<meta property=\"article:published_time\" content=\"2025-09-03T13:02:00+00:00\" \/>\n<meta property=\"article:modified_time\" content=\"2025-09-03T15:50:51+00:00\" \/>\n<meta property=\"og:image\" content=\"https:\/\/www.smedemokrati.sk\/wp-content\/uploads\/2025\/09\/fico-podporuje-diktatorov.jpg\" \/>\n\t<meta property=\"og:image:width\" content=\"1280\" \/>\n\t<meta property=\"og:image:height\" content=\"720\" \/>\n\t<meta property=\"og:image:type\" content=\"image\/jpeg\" \/>\n<meta name=\"author\" content=\"miro.sopko\" \/>\n<meta name=\"twitter:card\" content=\"summary_large_image\" \/>\n<meta name=\"twitter:label1\" content=\"Napsal(a)\" \/>\n\t<meta name=\"twitter:data1\" content=\"miro.sopko\" \/>\n\t<meta name=\"twitter:label2\" content=\"Odhadovan\u00e1 doba \u010dten\u00ed\" \/>\n\t<meta name=\"twitter:data2\" content=\"2 minuty\" \/>\n<script type=\"application\/ld+json\" class=\"yoast-schema-graph\">{\"@context\":\"https:\/\/schema.org\",\"@graph\":[{\"@type\":\"Article\",\"@id\":\"https:\/\/www.smedemokrati.sk\/slovensko-musi-skoncovat-s-proruskymi-kolaborantmi-fico-sa-dnes-stavia-na-stranu-diktatorov\/#article\",\"isPartOf\":{\"@id\":\"https:\/\/www.smedemokrati.sk\/slovensko-musi-skoncovat-s-proruskymi-kolaborantmi-fico-sa-dnes-stavia-na-stranu-diktatorov\/\"},\"author\":{\"name\":\"miro.sopko\",\"@id\":\"https:\/\/www.smedemokrati.sk\/#\/schema\/person\/21f147c88d605aa7ded900e1e7c344ba\"},\"headline\":\"Slovensko mus\u00ed skoncova\u0165 s prorusk\u00fdmi kolaborantmi, Fico sa dnes stavia na stranu dikt\u00e1torov\",\"datePublished\":\"2025-09-03T13:02:00+00:00\",\"dateModified\":\"2025-09-03T15:50:51+00:00\",\"mainEntityOfPage\":{\"@id\":\"https:\/\/www.smedemokrati.sk\/slovensko-musi-skoncovat-s-proruskymi-kolaborantmi-fico-sa-dnes-stavia-na-stranu-diktatorov\/\"},\"wordCount\":401,\"publisher\":{\"@id\":\"https:\/\/www.smedemokrati.sk\/#organization\"},\"image\":{\"@id\":\"https:\/\/www.smedemokrati.sk\/slovensko-musi-skoncovat-s-proruskymi-kolaborantmi-fico-sa-dnes-stavia-na-stranu-diktatorov\/#primaryimage\"},\"thumbnailUrl\":\"https:\/\/www.smedemokrati.sk\/wp-content\/uploads\/2025\/09\/fico-podporuje-diktatorov.jpg\",\"articleSection\":[\"Tla\u010dov\u00e9 spr\u00e1vy\"],\"inLanguage\":\"cs-CZ\"},{\"@type\":\"WebPage\",\"@id\":\"https:\/\/www.smedemokrati.sk\/slovensko-musi-skoncovat-s-proruskymi-kolaborantmi-fico-sa-dnes-stavia-na-stranu-diktatorov\/\",\"url\":\"https:\/\/www.smedemokrati.sk\/slovensko-musi-skoncovat-s-proruskymi-kolaborantmi-fico-sa-dnes-stavia-na-stranu-diktatorov\/\",\"name\":\"Slovensko mus\u00ed skoncova\u0165 s prorusk\u00fdmi kolaborantmi, Fico sa dnes stavia na stranu dikt\u00e1torov\",\"isPartOf\":{\"@id\":\"https:\/\/www.smedemokrati.sk\/#website\"},\"primaryImageOfPage\":{\"@id\":\"https:\/\/www.smedemokrati.sk\/slovensko-musi-skoncovat-s-proruskymi-kolaborantmi-fico-sa-dnes-stavia-na-stranu-diktatorov\/#primaryimage\"},\"image\":{\"@id\":\"https:\/\/www.smedemokrati.sk\/slovensko-musi-skoncovat-s-proruskymi-kolaborantmi-fico-sa-dnes-stavia-na-stranu-diktatorov\/#primaryimage\"},\"thumbnailUrl\":\"https:\/\/www.smedemokrati.sk\/wp-content\/uploads\/2025\/09\/fico-podporuje-diktatorov.jpg\",\"datePublished\":\"2025-09-03T13:02:00+00:00\",\"dateModified\":\"2025-09-03T15:50:51+00:00\",\"breadcrumb\":{\"@id\":\"https:\/\/www.smedemokrati.sk\/slovensko-musi-skoncovat-s-proruskymi-kolaborantmi-fico-sa-dnes-stavia-na-stranu-diktatorov\/#breadcrumb\"},\"inLanguage\":\"cs-CZ\",\"potentialAction\":[{\"@type\":\"ReadAction\",\"target\":[\"https:\/\/www.smedemokrati.sk\/slovensko-musi-skoncovat-s-proruskymi-kolaborantmi-fico-sa-dnes-stavia-na-stranu-diktatorov\/\"]}]},{\"@type\":\"ImageObject\",\"inLanguage\":\"cs-CZ\",\"@id\":\"https:\/\/www.smedemokrati.sk\/slovensko-musi-skoncovat-s-proruskymi-kolaborantmi-fico-sa-dnes-stavia-na-stranu-diktatorov\/#primaryimage\",\"url\":\"https:\/\/www.smedemokrati.sk\/wp-content\/uploads\/2025\/09\/fico-podporuje-diktatorov.jpg\",\"contentUrl\":\"https:\/\/www.smedemokrati.sk\/wp-content\/uploads\/2025\/09\/fico-podporuje-diktatorov.jpg\",\"width\":1280,\"height\":720},{\"@type\":\"BreadcrumbList\",\"@id\":\"https:\/\/www.smedemokrati.sk\/slovensko-musi-skoncovat-s-proruskymi-kolaborantmi-fico-sa-dnes-stavia-na-stranu-diktatorov\/#breadcrumb\",\"itemListElement\":[{\"@type\":\"ListItem\",\"position\":1,\"name\":\"Domovsk\u00e1 str\u00e1nka\",\"item\":\"https:\/\/www.smedemokrati.sk\/\"},{\"@type\":\"ListItem\",\"position\":2,\"name\":\"Slovensko mus\u00ed skoncova\u0165 s prorusk\u00fdmi kolaborantmi, Fico sa dnes stavia na stranu dikt\u00e1torov\"}]},{\"@type\":\"WebSite\",\"@id\":\"https:\/\/www.smedemokrati.sk\/#website\",\"url\":\"https:\/\/www.smedemokrati.sk\/\",\"name\":\"Smedemokrati.sk\",\"description\":\"Demokracia a slu\u0161nos\u0165 zv\u00ed\u0165az\u00ed\",\"publisher\":{\"@id\":\"https:\/\/www.smedemokrati.sk\/#organization\"},\"potentialAction\":[{\"@type\":\"SearchAction\",\"target\":{\"@type\":\"EntryPoint\",\"urlTemplate\":\"https:\/\/www.smedemokrati.sk\/?s={search_term_string}\"},\"query-input\":{\"@type\":\"PropertyValueSpecification\",\"valueRequired\":true,\"valueName\":\"search_term_string\"}}],\"inLanguage\":\"cs-CZ\"},{\"@type\":\"Organization\",\"@id\":\"https:\/\/www.smedemokrati.sk\/#organization\",\"name\":\"Smedemokrati.sk\",\"url\":\"https:\/\/www.smedemokrati.sk\/\",\"logo\":{\"@type\":\"ImageObject\",\"inLanguage\":\"cs-CZ\",\"@id\":\"https:\/\/www.smedemokrati.sk\/#\/schema\/logo\/image\/\",\"url\":\"https:\/\/www.smedemokrati.sk\/wp-content\/uploads\/2023\/04\/ff.002.jpeg\",\"contentUrl\":\"https:\/\/www.smedemokrati.sk\/wp-content\/uploads\/2023\/04\/ff.002.jpeg\",\"width\":640,\"height\":480,\"caption\":\"Smedemokrati.sk\"},\"image\":{\"@id\":\"https:\/\/www.smedemokrati.sk\/#\/schema\/logo\/image\/\"},\"sameAs\":[\"https:\/\/www.facebook.com\/smedemokrati2023\"]},{\"@type\":\"Person\",\"@id\":\"https:\/\/www.smedemokrati.sk\/#\/schema\/person\/21f147c88d605aa7ded900e1e7c344ba\",\"name\":\"miro.sopko\",\"image\":{\"@type\":\"ImageObject\",\"inLanguage\":\"cs-CZ\",\"@id\":\"https:\/\/secure.gravatar.com\/avatar\/267e4a36f704376c109afe3a78740c1f5dd8675a2180a908699e7863c9247606?s=96&d=mm&r=g\",\"url\":\"https:\/\/secure.gravatar.com\/avatar\/267e4a36f704376c109afe3a78740c1f5dd8675a2180a908699e7863c9247606?s=96&d=mm&r=g\",\"contentUrl\":\"https:\/\/secure.gravatar.com\/avatar\/267e4a36f704376c109afe3a78740c1f5dd8675a2180a908699e7863c9247606?s=96&d=mm&r=g\",\"caption\":\"miro.sopko\"},\"url\":\"https:\/\/www.smedemokrati.sk\/cs\/author\/miro-sopko\/\"}]}<\/script>\n<!-- \/ Yoast SEO plugin. -->","yoast_head_json":{"title":"Slovensko mus\u00ed skoncova\u0165 s prorusk\u00fdmi kolaborantmi, Fico sa dnes stavia na stranu dikt\u00e1torov","robots":{"index":"index","follow":"follow","max-snippet":"max-snippet:-1","max-image-preview":"max-image-preview:large","max-video-preview":"max-video-preview:-1"},"canonical":"https:\/\/www.smedemokrati.sk\/cs\/slovensko-musi-skoncovat-s-proruskymi-kolaborantmi-fico-sa-dnes-stavia-na-stranu-diktatorov\/","og_locale":"cs_CZ","og_type":"article","og_title":"[:sk]Slovensko mus\u00ed skoncova\u0165 s prorusk\u00fdmi kolaborantmi, Fico sa dnes stavia na stranu dikt\u00e1torov[:] - Smedemokrati.sk","og_description":"Stretnutie Roberta Fica s Vladim\u00edrom Putinom a \u010fal\u0161\u00edmi predstavite\u013emi autorit\u00e1rskych re\u017eimov je pod\u013ea Demokratov \u010fal\u0161\u00edm smutn\u00fdm d\u00f4kazom, \u017ee predseda vl\u00e1dy nepracuje pre ob\u010danov Slovenska, ale pre z\u00e1ujmy Krem\u013ea. Demokrati preto predstavili bal\u00edk opatren\u00ed, ktor\u00fdmi chc\u00fa ochr\u00e1ni\u0165 Slovensko pred prorusk\u00fdm vplyvom a kolaborantmi cudzej moci. \u201eFico sa opakovane stavia na stranu dikt\u00e1torov a stretnut\u00edm v \u010c\u00edne [&hellip;]","og_url":"https:\/\/www.smedemokrati.sk\/cs\/slovensko-musi-skoncovat-s-proruskymi-kolaborantmi-fico-sa-dnes-stavia-na-stranu-diktatorov\/","og_site_name":"Smedemokrati.sk","article_publisher":"https:\/\/www.facebook.com\/smedemokrati2023","article_published_time":"2025-09-03T13:02:00+00:00","article_modified_time":"2025-09-03T15:50:51+00:00","og_image":[{"width":1280,"height":720,"url":"https:\/\/www.smedemokrati.sk\/wp-content\/uploads\/2025\/09\/fico-podporuje-diktatorov.jpg","type":"image\/jpeg"}],"author":"miro.sopko","twitter_card":"summary_large_image","twitter_misc":{"Napsal(a)":"miro.sopko","Odhadovan\u00e1 doba \u010dten\u00ed":"2 minuty"},"schema":{"@context":"https:\/\/schema.org","@graph":[{"@type":"Article","@id":"https:\/\/www.smedemokrati.sk\/slovensko-musi-skoncovat-s-proruskymi-kolaborantmi-fico-sa-dnes-stavia-na-stranu-diktatorov\/#article","isPartOf":{"@id":"https:\/\/www.smedemokrati.sk\/slovensko-musi-skoncovat-s-proruskymi-kolaborantmi-fico-sa-dnes-stavia-na-stranu-diktatorov\/"},"author":{"name":"miro.sopko","@id":"https:\/\/www.smedemokrati.sk\/#\/schema\/person\/21f147c88d605aa7ded900e1e7c344ba"},"headline":"Slovensko mus\u00ed skoncova\u0165 s prorusk\u00fdmi kolaborantmi, Fico sa dnes stavia na stranu dikt\u00e1torov","datePublished":"2025-09-03T13:02:00+00:00","dateModified":"2025-09-03T15:50:51+00:00","mainEntityOfPage":{"@id":"https:\/\/www.smedemokrati.sk\/slovensko-musi-skoncovat-s-proruskymi-kolaborantmi-fico-sa-dnes-stavia-na-stranu-diktatorov\/"},"wordCount":401,"publisher":{"@id":"https:\/\/www.smedemokrati.sk\/#organization"},"image":{"@id":"https:\/\/www.smedemokrati.sk\/slovensko-musi-skoncovat-s-proruskymi-kolaborantmi-fico-sa-dnes-stavia-na-stranu-diktatorov\/#primaryimage"},"thumbnailUrl":"https:\/\/www.smedemokrati.sk\/wp-content\/uploads\/2025\/09\/fico-podporuje-diktatorov.jpg","articleSection":["Tla\u010dov\u00e9 spr\u00e1vy"],"inLanguage":"cs-CZ"},{"@type":"WebPage","@id":"https:\/\/www.smedemokrati.sk\/slovensko-musi-skoncovat-s-proruskymi-kolaborantmi-fico-sa-dnes-stavia-na-stranu-diktatorov\/","url":"https:\/\/www.smedemokrati.sk\/slovensko-musi-skoncovat-s-proruskymi-kolaborantmi-fico-sa-dnes-stavia-na-stranu-diktatorov\/","name":"Slovensko mus\u00ed skoncova\u0165 s prorusk\u00fdmi kolaborantmi, Fico sa dnes stavia na stranu dikt\u00e1torov","isPartOf":{"@id":"https:\/\/www.smedemokrati.sk\/#website"},"primaryImageOfPage":{"@id":"https:\/\/www.smedemokrati.sk\/slovensko-musi-skoncovat-s-proruskymi-kolaborantmi-fico-sa-dnes-stavia-na-stranu-diktatorov\/#primaryimage"},"image":{"@id":"https:\/\/www.smedemokrati.sk\/slovensko-musi-skoncovat-s-proruskymi-kolaborantmi-fico-sa-dnes-stavia-na-stranu-diktatorov\/#primaryimage"},"thumbnailUrl":"https:\/\/www.smedemokrati.sk\/wp-content\/uploads\/2025\/09\/fico-podporuje-diktatorov.jpg","datePublished":"2025-09-03T13:02:00+00:00","dateModified":"2025-09-03T15:50:51+00:00","breadcrumb":{"@id":"https:\/\/www.smedemokrati.sk\/slovensko-musi-skoncovat-s-proruskymi-kolaborantmi-fico-sa-dnes-stavia-na-stranu-diktatorov\/#breadcrumb"},"inLanguage":"cs-CZ","potentialAction":[{"@type":"ReadAction","target":["https:\/\/www.smedemokrati.sk\/slovensko-musi-skoncovat-s-proruskymi-kolaborantmi-fico-sa-dnes-stavia-na-stranu-diktatorov\/"]}]},{"@type":"ImageObject","inLanguage":"cs-CZ","@id":"https:\/\/www.smedemokrati.sk\/slovensko-musi-skoncovat-s-proruskymi-kolaborantmi-fico-sa-dnes-stavia-na-stranu-diktatorov\/#primaryimage","url":"https:\/\/www.smedemokrati.sk\/wp-content\/uploads\/2025\/09\/fico-podporuje-diktatorov.jpg","contentUrl":"https:\/\/www.smedemokrati.sk\/wp-content\/uploads\/2025\/09\/fico-podporuje-diktatorov.jpg","width":1280,"height":720},{"@type":"BreadcrumbList","@id":"https:\/\/www.smedemokrati.sk\/slovensko-musi-skoncovat-s-proruskymi-kolaborantmi-fico-sa-dnes-stavia-na-stranu-diktatorov\/#breadcrumb","itemListElement":[{"@type":"ListItem","position":1,"name":"Domovsk\u00e1 str\u00e1nka","item":"https:\/\/www.smedemokrati.sk\/"},{"@type":"ListItem","position":2,"name":"Slovensko mus\u00ed skoncova\u0165 s prorusk\u00fdmi kolaborantmi, Fico sa dnes stavia na stranu dikt\u00e1torov"}]},{"@type":"WebSite","@id":"https:\/\/www.smedemokrati.sk\/#website","url":"https:\/\/www.smedemokrati.sk\/","name":"Smedemokrati.sk","description":"Demokracia a slu\u0161nos\u0165 zv\u00ed\u0165az\u00ed","publisher":{"@id":"https:\/\/www.smedemokrati.sk\/#organization"},"potentialAction":[{"@type":"SearchAction","target":{"@type":"EntryPoint","urlTemplate":"https:\/\/www.smedemokrati.sk\/?s={search_term_string}"},"query-input":{"@type":"PropertyValueSpecification","valueRequired":true,"valueName":"search_term_string"}}],"inLanguage":"cs-CZ"},{"@type":"Organization","@id":"https:\/\/www.smedemokrati.sk\/#organization","name":"Smedemokrati.sk","url":"https:\/\/www.smedemokrati.sk\/","logo":{"@type":"ImageObject","inLanguage":"cs-CZ","@id":"https:\/\/www.smedemokrati.sk\/#\/schema\/logo\/image\/","url":"https:\/\/www.smedemokrati.sk\/wp-content\/uploads\/2023\/04\/ff.002.jpeg","contentUrl":"https:\/\/www.smedemokrati.sk\/wp-content\/uploads\/2023\/04\/ff.002.jpeg","width":640,"height":480,"caption":"Smedemokrati.sk"},"image":{"@id":"https:\/\/www.smedemokrati.sk\/#\/schema\/logo\/image\/"},"sameAs":["https:\/\/www.facebook.com\/smedemokrati2023"]},{"@type":"Person","@id":"https:\/\/www.smedemokrati.sk\/#\/schema\/person\/21f147c88d605aa7ded900e1e7c344ba","name":"miro.sopko","image":{"@type":"ImageObject","inLanguage":"cs-CZ","@id":"https:\/\/secure.gravatar.com\/avatar\/267e4a36f704376c109afe3a78740c1f5dd8675a2180a908699e7863c9247606?s=96&d=mm&r=g","url":"https:\/\/secure.gravatar.com\/avatar\/267e4a36f704376c109afe3a78740c1f5dd8675a2180a908699e7863c9247606?s=96&d=mm&r=g","contentUrl":"https:\/\/secure.gravatar.com\/avatar\/267e4a36f704376c109afe3a78740c1f5dd8675a2180a908699e7863c9247606?s=96&d=mm&r=g","caption":"miro.sopko"},"url":"https:\/\/www.smedemokrati.sk\/cs\/author\/miro-sopko\/"}]}},"_links":{"self":[{"href":"https:\/\/www.smedemokrati.sk\/cs\/wp-json\/wp\/v2\/posts\/8062","targetHints":{"allow":["GET"]}}],"collection":[{"href":"https:\/\/www.smedemokrati.sk\/cs\/wp-json\/wp\/v2\/posts"}],"about":[{"href":"https:\/\/www.smedemokrati.sk\/cs\/wp-json\/wp\/v2\/types\/post"}],"author":[{"embeddable":true,"href":"https:\/\/www.smedemokrati.sk\/cs\/wp-json\/wp\/v2\/users\/13"}],"replies":[{"embeddable":true,"href":"https:\/\/www.smedemokrati.sk\/cs\/wp-json\/wp\/v2\/comments?post=8062"}],"version-history":[{"count":21,"href":"https:\/\/www.smedemokrati.sk\/cs\/wp-json\/wp\/v2\/posts\/8062\/revisions"}],"predecessor-version":[{"id":8087,"href":"https:\/\/www.smedemokrati.sk\/cs\/wp-json\/wp\/v2\/posts\/8062\/revisions\/8087"}],"wp:featuredmedia":[{"embeddable":true,"href":"https:\/\/www.smedemokrati.sk\/cs\/wp-json\/wp\/v2\/media\/8063"}],"wp:attachment":[{"href":"https:\/\/www.smedemokrati.sk\/cs\/wp-json\/wp\/v2\/media?parent=8062"}],"wp:term":[{"taxonomy":"category","embeddable":true,"href":"https:\/\/www.smedemokrati.sk\/cs\/wp-json\/wp\/v2\/categories?post=8062"},{"taxonomy":"post_tag","embeddable":true,"href":"https:\/\/www.smedemokrati.sk\/cs\/wp-json\/wp\/v2\/tags?post=8062"}],"curies":[{"name":"wp","href":"https:\/\/api.w.org\/{rel}","templated":true}]}}