{"id":8044,"date":"2025-09-01T10:38:17","date_gmt":"2025-09-01T09:38:17","guid":{"rendered":"https:\/\/www.smedemokrati.sk\/?p=8044"},"modified":"2025-09-01T10:38:19","modified_gmt":"2025-09-01T09:38:19","slug":"do-ustavy-zakotvime-clenstvo-v-nato-a-eu","status":"publish","type":"post","link":"https:\/\/www.smedemokrati.sk\/cs\/do-ustavy-zakotvime-clenstvo-v-nato-a-eu\/","title":{"rendered":"Do \u00fastavy zakotv\u00edme \u010dlenstvo v NATO a E\u00da"},"content":{"rendered":"<div id=\"fb-root\"><\/div>\n\n<p><strong>Demokrati kritizuj\u00fa, \u017ee Robert Fico pou\u017e\u00edva \u00dastavu SR ako dymov\u00fa clonu a vyz\u00fdvaj\u00fa opozi\u010dn\u00fdch partnerov aby nekoketovali&nbsp;s my\u0161lienkou participova\u0165 na nebezpe\u010dn\u00fdch hr\u00e1ch premi\u00e9ra. Strana deklaruje, \u017ee do \u00fastavy bude presadzova\u0165 \u010dlenstvo SR v NATO a E\u00da, preto\u017ee to s\u00fa existen\u010dn\u00e9 t\u00e9my, ktor\u00e9 maj\u00fa by\u0165 ukotven\u00e9 v z\u00e1kladnom z\u00e1kone \u0161t\u00e1tu aby boli nespochybnite\u013en\u00e9.<\/strong><\/p>\n\n\n\n<p>Pod\u013ea Demokratov Robert Fico vy\u0165ahuje t\u00e9mu noveliz\u00e1cie \u00fastavy vtedy, ke\u010f chce prekry\u0165 vlastn\u00e9 probl\u00e9my:&nbsp;<em>&#8222;Vyz\u00fdvam v\u0161etk\u00fdch racion\u00e1lne uva\u017euj\u00facich poslancov, aby neschva\u013eovali dymov\u00e9 clony Roberta Fica. \u00dastava nie je trhac\u00ed kalend\u00e1r a maj\u00fa v nej by\u0165 &#8222;\u017eivotne&#8220; d\u00f4le\u017eit\u00e9 ustanovenia, nie Ficove v\u00fdmysly, ktor\u00fdmi odp\u00fatava pozornos\u0165 od vlastn\u00fdch zlyhan\u00ed a neschopnosti. Tou element\u00e1rnou vecou je na\u0161e \u010dlenstvo v E\u00da a v NATO, preto deklarujem, \u017ee ak sa dostaneme do vl\u00e1dy, v r\u00e1mci Hlbokej orby budeme presadzova\u0165 zakotvi\u0165 toto \u010dlenstvo do \u00fastavy.&#8220;<\/em>&nbsp;Povedal Jaroslav Na\u010f predseda Demokratov. Z\u00e1rove\u0148 skritizoval, \u017ee na oslav\u00e1ch SNP v are\u00e1li ministerstva obrany bolo umo\u017enen\u00e9 proruskej organiz\u00e1ci\u00ed zbiera\u0165 podpisy za vyst\u00fapenie z eur\u00f3pskych a alian\u010dn\u00fdch \u0161trukt\u00far.&nbsp;<\/p>\n\n\n\n<p>Exminister obrany Jaroslav Na\u010f vyz\u00fdva prezidenta, aby zakro\u010dil a tak, ako mu z\u00e1kon k\u00e1\u017ee, zabezpe\u010dil riadny chod \u0161t\u00e1tnych apar\u00e1tov:&nbsp;<em>&#8222;Tu si vl\u00e1da rob\u00ed doslova \u0161al\u00e1t z \u00fastavy a prezident je ako v\u017edy, zalezen\u00fd v pal\u00e1ci. Vyz\u00fdvam ho aby zakro\u010dil, preto\u017ee ide o viac ako \u0161kodliv\u00e9 z\u00e1sahy do demokracie \u010di rovnej politickej s\u00fa\u0165a\u017ee. Mimochodom, len pripom\u00ednam, \u017ee prezident m\u00e1 disciplin\u00e1rnu pr\u00e1vomoc aj nad riadite\u013eom SIS. Ak je m\u00e1lo nepriznanie majetku a najm\u00e4, zranenie mlad\u00e9ho diev\u010da\u0165a pri zbesilej jazde, tak u\u017e naozaj neviem, kedy by mal prezident podvodu za\u010da\u0165 \u00faradova\u0165. Vyz\u00fdvame prezidenta, aby konal.&#8220;&nbsp;<\/em>Povedal t\u00e9mu Jaroslav Na\u010f.<\/p>\n\n\n\n<p>Strana Demokrati pripom\u00edna v\u00edkendov\u00e9 vyjadrenia ministra Huliaka, ktor\u00fd povedal, \u017ee na\u0161li sp\u00f4sob ako presun\u00fa\u0165 komun\u00e1lne vo\u013eby o rok bez zmeny \u00fastavy.&nbsp;<em>&#8222;Opakujeme, neexistuje \u017eiadny relevantn\u00fd d\u00f4vod, aby boli presunut\u00e9 komun\u00e1lne vo\u013eby o rok. Strach Roberta Fica z por\u00e1\u017eky tak\u00fdto d\u00f4vod nie je. Apelujeme&nbsp;na na\u0161ich partnerov v opoz\u00edcii, najm\u00e4 KDH, ktor\u00e9 sa k tejto t\u00e9me vyjadrilo s podporou, aby nehazardovali a nespolupracovali s Ficom. Jeho snaha meni\u0165 \u00fastavu alebo pres\u00fava\u0165 komun\u00e1lne vo\u013eby nie je v z\u00e1ujme ob\u010danov, ale len a len v jeho z\u00e1ujme destabilizova\u0165&nbsp;krajinu a upevni\u0165 svoju moc.&#8220;<\/em>&nbsp;Hovor\u00ed Na\u010f.&nbsp;<\/p>\n\n\n<div class=\"fb-video\" data-href=\"https:\/\/fb.watch\/BR6EemulPR\" data-allowfullscreen=\"true\" data-autoplay=\"false\" data-width=\"\" data-show-text=\"false\" data-show-captions=\"true\"><\/div>\n","protected":false},"excerpt":{"rendered":"<p>Demokrati kritizuj\u00fa, \u017ee Robert Fico pou\u017e\u00edva \u00dastavu SR ako dymov\u00fa clonu a vyz\u00fdvaj\u00fa opozi\u010dn\u00fdch partnerov aby nekoketovali&nbsp;s my\u0161lienkou participova\u0165 na nebezpe\u010dn\u00fdch hr\u00e1ch premi\u00e9ra. Strana deklaruje, \u017ee do \u00fastavy bude presadzova\u0165 \u010dlenstvo SR v NATO a E\u00da, preto\u017ee to s\u00fa existen\u010dn\u00e9 t\u00e9my, ktor\u00e9 maj\u00fa by\u0165 ukotven\u00e9 v z\u00e1kladnom z\u00e1kone \u0161t\u00e1tu aby boli nespochybnite\u013en\u00e9. Pod\u013ea Demokratov Robert [&hellip;]<\/p>\n","protected":false},"author":13,"featured_media":8045,"comment_status":"closed","ping_status":"closed","sticky":false,"template":"","format":"standard","meta":{"_acf_changed":false,"ngg_post_thumbnail":0,"footnotes":""},"categories":[4],"tags":[],"class_list":["post-8044","post","type-post","status-publish","format-standard","has-post-thumbnail","hentry","category-tlacove-spravy"],"acf":[],"yoast_head":"<!-- This site is optimized with the Yoast SEO plugin v27.2 - https:\/\/yoast.com\/product\/yoast-seo-wordpress\/ -->\n<title>Do \u00fastavy zakotv\u00edme \u010dlenstvo v NATO a E\u00da<\/title>\n<meta name=\"robots\" content=\"index, follow, max-snippet:-1, max-image-preview:large, max-video-preview:-1\" \/>\n<link rel=\"canonical\" href=\"https:\/\/www.smedemokrati.sk\/cs\/do-ustavy-zakotvime-clenstvo-v-nato-a-eu\/\" \/>\n<meta property=\"og:locale\" content=\"cs_CZ\" \/>\n<meta property=\"og:locale:alternate\" content=\"en_US\" \/>\n<meta property=\"og:locale:alternate\" content=\"hu_HU\" \/>\n<meta property=\"og:locale:alternate\" content=\"sk_SK\" \/>\n<meta property=\"og:locale:alternate\" content=\"sv_SE\" \/>\n<meta property=\"og:type\" content=\"article\" \/>\n<meta property=\"og:title\" content=\"Do \u00fastavy zakotv\u00edme \u010dlenstvo v NATO a E\u00da\" \/>\n<meta property=\"og:description\" content=\"Demokrati kritizuj\u00fa, \u017ee Robert Fico pou\u017e\u00edva \u00dastavu SR ako dymov\u00fa clonu a vyz\u00fdvaj\u00fa opozi\u010dn\u00fdch partnerov aby nekoketovali&nbsp;s my\u0161lienkou participova\u0165 na nebezpe\u010dn\u00fdch hr\u00e1ch premi\u00e9ra. Strana deklaruje, \u017ee do \u00fastavy bude presadzova\u0165 \u010dlenstvo SR v NATO a E\u00da, preto\u017ee to s\u00fa existen\u010dn\u00e9 t\u00e9my, ktor\u00e9 maj\u00fa by\u0165 ukotven\u00e9 v z\u00e1kladnom z\u00e1kone \u0161t\u00e1tu aby boli nespochybnite\u013en\u00e9. Pod\u013ea Demokratov Robert [&hellip;]\" \/>\n<meta property=\"og:url\" content=\"https:\/\/www.smedemokrati.sk\/cs\/do-ustavy-zakotvime-clenstvo-v-nato-a-eu\/\" \/>\n<meta property=\"og:site_name\" content=\"Smedemokrati.sk\" \/>\n<meta property=\"article:publisher\" content=\"https:\/\/www.facebook.com\/smedemokrati2023\" \/>\n<meta property=\"article:published_time\" content=\"2025-09-01T09:38:17+00:00\" \/>\n<meta property=\"article:modified_time\" content=\"2025-09-01T09:38:19+00:00\" \/>\n<meta property=\"og:image\" content=\"https:\/\/www.smedemokrati.sk\/wp-content\/uploads\/2025\/09\/ustava-eu-nato.jpg\" \/>\n\t<meta property=\"og:image:width\" content=\"1920\" \/>\n\t<meta property=\"og:image:height\" content=\"1080\" \/>\n\t<meta property=\"og:image:type\" content=\"image\/jpeg\" \/>\n<meta name=\"author\" content=\"miro.sopko\" \/>\n<meta name=\"twitter:card\" content=\"summary_large_image\" \/>\n<meta name=\"twitter:label1\" content=\"Napsal(a)\" \/>\n\t<meta name=\"twitter:data1\" content=\"miro.sopko\" \/>\n\t<meta name=\"twitter:label2\" content=\"Odhadovan\u00e1 doba \u010dten\u00ed\" \/>\n\t<meta name=\"twitter:data2\" content=\"3 minuty\" \/>\n<script type=\"application\/ld+json\" class=\"yoast-schema-graph\">{\"@context\":\"https:\/\/schema.org\",\"@graph\":[{\"@type\":\"Article\",\"@id\":\"https:\/\/www.smedemokrati.sk\/do-ustavy-zakotvime-clenstvo-v-nato-a-eu\/#article\",\"isPartOf\":{\"@id\":\"https:\/\/www.smedemokrati.sk\/do-ustavy-zakotvime-clenstvo-v-nato-a-eu\/\"},\"author\":{\"name\":\"miro.sopko\",\"@id\":\"https:\/\/www.smedemokrati.sk\/#\/schema\/person\/21f147c88d605aa7ded900e1e7c344ba\"},\"headline\":\"Do \u00fastavy zakotv\u00edme \u010dlenstvo v NATO a E\u00da\",\"datePublished\":\"2025-09-01T09:38:17+00:00\",\"dateModified\":\"2025-09-01T09:38:19+00:00\",\"mainEntityOfPage\":{\"@id\":\"https:\/\/www.smedemokrati.sk\/do-ustavy-zakotvime-clenstvo-v-nato-a-eu\/\"},\"wordCount\":477,\"publisher\":{\"@id\":\"https:\/\/www.smedemokrati.sk\/#organization\"},\"image\":{\"@id\":\"https:\/\/www.smedemokrati.sk\/do-ustavy-zakotvime-clenstvo-v-nato-a-eu\/#primaryimage\"},\"thumbnailUrl\":\"https:\/\/www.smedemokrati.sk\/wp-content\/uploads\/2025\/09\/ustava-eu-nato.jpg\",\"articleSection\":[\"Tla\u010dov\u00e9 spr\u00e1vy\"],\"inLanguage\":\"cs-CZ\"},{\"@type\":\"WebPage\",\"@id\":\"https:\/\/www.smedemokrati.sk\/do-ustavy-zakotvime-clenstvo-v-nato-a-eu\/\",\"url\":\"https:\/\/www.smedemokrati.sk\/do-ustavy-zakotvime-clenstvo-v-nato-a-eu\/\",\"name\":\"Do \u00fastavy zakotv\u00edme \u010dlenstvo v NATO a E\u00da\",\"isPartOf\":{\"@id\":\"https:\/\/www.smedemokrati.sk\/#website\"},\"primaryImageOfPage\":{\"@id\":\"https:\/\/www.smedemokrati.sk\/do-ustavy-zakotvime-clenstvo-v-nato-a-eu\/#primaryimage\"},\"image\":{\"@id\":\"https:\/\/www.smedemokrati.sk\/do-ustavy-zakotvime-clenstvo-v-nato-a-eu\/#primaryimage\"},\"thumbnailUrl\":\"https:\/\/www.smedemokrati.sk\/wp-content\/uploads\/2025\/09\/ustava-eu-nato.jpg\",\"datePublished\":\"2025-09-01T09:38:17+00:00\",\"dateModified\":\"2025-09-01T09:38:19+00:00\",\"breadcrumb\":{\"@id\":\"https:\/\/www.smedemokrati.sk\/do-ustavy-zakotvime-clenstvo-v-nato-a-eu\/#breadcrumb\"},\"inLanguage\":\"cs-CZ\",\"potentialAction\":[{\"@type\":\"ReadAction\",\"target\":[\"https:\/\/www.smedemokrati.sk\/do-ustavy-zakotvime-clenstvo-v-nato-a-eu\/\"]}]},{\"@type\":\"ImageObject\",\"inLanguage\":\"cs-CZ\",\"@id\":\"https:\/\/www.smedemokrati.sk\/do-ustavy-zakotvime-clenstvo-v-nato-a-eu\/#primaryimage\",\"url\":\"https:\/\/www.smedemokrati.sk\/wp-content\/uploads\/2025\/09\/ustava-eu-nato.jpg\",\"contentUrl\":\"https:\/\/www.smedemokrati.sk\/wp-content\/uploads\/2025\/09\/ustava-eu-nato.jpg\",\"width\":1920,\"height\":1080},{\"@type\":\"BreadcrumbList\",\"@id\":\"https:\/\/www.smedemokrati.sk\/do-ustavy-zakotvime-clenstvo-v-nato-a-eu\/#breadcrumb\",\"itemListElement\":[{\"@type\":\"ListItem\",\"position\":1,\"name\":\"Domovsk\u00e1 str\u00e1nka\",\"item\":\"https:\/\/www.smedemokrati.sk\/\"},{\"@type\":\"ListItem\",\"position\":2,\"name\":\"Do \u00fastavy zakotv\u00edme \u010dlenstvo v NATO a E\u00da\"}]},{\"@type\":\"WebSite\",\"@id\":\"https:\/\/www.smedemokrati.sk\/#website\",\"url\":\"https:\/\/www.smedemokrati.sk\/\",\"name\":\"Smedemokrati.sk\",\"description\":\"Demokracia a slu\u0161nos\u0165 zv\u00ed\u0165az\u00ed\",\"publisher\":{\"@id\":\"https:\/\/www.smedemokrati.sk\/#organization\"},\"potentialAction\":[{\"@type\":\"SearchAction\",\"target\":{\"@type\":\"EntryPoint\",\"urlTemplate\":\"https:\/\/www.smedemokrati.sk\/?s={search_term_string}\"},\"query-input\":{\"@type\":\"PropertyValueSpecification\",\"valueRequired\":true,\"valueName\":\"search_term_string\"}}],\"inLanguage\":\"cs-CZ\"},{\"@type\":\"Organization\",\"@id\":\"https:\/\/www.smedemokrati.sk\/#organization\",\"name\":\"Smedemokrati.sk\",\"url\":\"https:\/\/www.smedemokrati.sk\/\",\"logo\":{\"@type\":\"ImageObject\",\"inLanguage\":\"cs-CZ\",\"@id\":\"https:\/\/www.smedemokrati.sk\/#\/schema\/logo\/image\/\",\"url\":\"https:\/\/www.smedemokrati.sk\/wp-content\/uploads\/2023\/04\/ff.002.jpeg\",\"contentUrl\":\"https:\/\/www.smedemokrati.sk\/wp-content\/uploads\/2023\/04\/ff.002.jpeg\",\"width\":640,\"height\":480,\"caption\":\"Smedemokrati.sk\"},\"image\":{\"@id\":\"https:\/\/www.smedemokrati.sk\/#\/schema\/logo\/image\/\"},\"sameAs\":[\"https:\/\/www.facebook.com\/smedemokrati2023\"]},{\"@type\":\"Person\",\"@id\":\"https:\/\/www.smedemokrati.sk\/#\/schema\/person\/21f147c88d605aa7ded900e1e7c344ba\",\"name\":\"miro.sopko\",\"image\":{\"@type\":\"ImageObject\",\"inLanguage\":\"cs-CZ\",\"@id\":\"https:\/\/secure.gravatar.com\/avatar\/267e4a36f704376c109afe3a78740c1f5dd8675a2180a908699e7863c9247606?s=96&d=mm&r=g\",\"url\":\"https:\/\/secure.gravatar.com\/avatar\/267e4a36f704376c109afe3a78740c1f5dd8675a2180a908699e7863c9247606?s=96&d=mm&r=g\",\"contentUrl\":\"https:\/\/secure.gravatar.com\/avatar\/267e4a36f704376c109afe3a78740c1f5dd8675a2180a908699e7863c9247606?s=96&d=mm&r=g\",\"caption\":\"miro.sopko\"},\"url\":\"https:\/\/www.smedemokrati.sk\/cs\/author\/miro-sopko\/\"}]}<\/script>\n<!-- \/ Yoast SEO plugin. -->","yoast_head_json":{"title":"Do \u00fastavy zakotv\u00edme \u010dlenstvo v NATO a E\u00da","robots":{"index":"index","follow":"follow","max-snippet":"max-snippet:-1","max-image-preview":"max-image-preview:large","max-video-preview":"max-video-preview:-1"},"canonical":"https:\/\/www.smedemokrati.sk\/cs\/do-ustavy-zakotvime-clenstvo-v-nato-a-eu\/","og_locale":"cs_CZ","og_type":"article","og_title":"[:sk]Do \u00fastavy zakotv\u00edme \u010dlenstvo v NATO a E\u00da[:] - Smedemokrati.sk","og_description":"Demokrati kritizuj\u00fa, \u017ee Robert Fico pou\u017e\u00edva \u00dastavu SR ako dymov\u00fa clonu a vyz\u00fdvaj\u00fa opozi\u010dn\u00fdch partnerov aby nekoketovali&nbsp;s my\u0161lienkou participova\u0165 na nebezpe\u010dn\u00fdch hr\u00e1ch premi\u00e9ra. Strana deklaruje, \u017ee do \u00fastavy bude presadzova\u0165 \u010dlenstvo SR v NATO a E\u00da, preto\u017ee to s\u00fa existen\u010dn\u00e9 t\u00e9my, ktor\u00e9 maj\u00fa by\u0165 ukotven\u00e9 v z\u00e1kladnom z\u00e1kone \u0161t\u00e1tu aby boli nespochybnite\u013en\u00e9. Pod\u013ea Demokratov Robert [&hellip;]","og_url":"https:\/\/www.smedemokrati.sk\/cs\/do-ustavy-zakotvime-clenstvo-v-nato-a-eu\/","og_site_name":"Smedemokrati.sk","article_publisher":"https:\/\/www.facebook.com\/smedemokrati2023","article_published_time":"2025-09-01T09:38:17+00:00","article_modified_time":"2025-09-01T09:38:19+00:00","og_image":[{"width":1920,"height":1080,"url":"https:\/\/www.smedemokrati.sk\/wp-content\/uploads\/2025\/09\/ustava-eu-nato.jpg","type":"image\/jpeg"}],"author":"miro.sopko","twitter_card":"summary_large_image","twitter_misc":{"Napsal(a)":"miro.sopko","Odhadovan\u00e1 doba \u010dten\u00ed":"3 minuty"},"schema":{"@context":"https:\/\/schema.org","@graph":[{"@type":"Article","@id":"https:\/\/www.smedemokrati.sk\/do-ustavy-zakotvime-clenstvo-v-nato-a-eu\/#article","isPartOf":{"@id":"https:\/\/www.smedemokrati.sk\/do-ustavy-zakotvime-clenstvo-v-nato-a-eu\/"},"author":{"name":"miro.sopko","@id":"https:\/\/www.smedemokrati.sk\/#\/schema\/person\/21f147c88d605aa7ded900e1e7c344ba"},"headline":"Do \u00fastavy zakotv\u00edme \u010dlenstvo v NATO a E\u00da","datePublished":"2025-09-01T09:38:17+00:00","dateModified":"2025-09-01T09:38:19+00:00","mainEntityOfPage":{"@id":"https:\/\/www.smedemokrati.sk\/do-ustavy-zakotvime-clenstvo-v-nato-a-eu\/"},"wordCount":477,"publisher":{"@id":"https:\/\/www.smedemokrati.sk\/#organization"},"image":{"@id":"https:\/\/www.smedemokrati.sk\/do-ustavy-zakotvime-clenstvo-v-nato-a-eu\/#primaryimage"},"thumbnailUrl":"https:\/\/www.smedemokrati.sk\/wp-content\/uploads\/2025\/09\/ustava-eu-nato.jpg","articleSection":["Tla\u010dov\u00e9 spr\u00e1vy"],"inLanguage":"cs-CZ"},{"@type":"WebPage","@id":"https:\/\/www.smedemokrati.sk\/do-ustavy-zakotvime-clenstvo-v-nato-a-eu\/","url":"https:\/\/www.smedemokrati.sk\/do-ustavy-zakotvime-clenstvo-v-nato-a-eu\/","name":"Do \u00fastavy zakotv\u00edme \u010dlenstvo v NATO a E\u00da","isPartOf":{"@id":"https:\/\/www.smedemokrati.sk\/#website"},"primaryImageOfPage":{"@id":"https:\/\/www.smedemokrati.sk\/do-ustavy-zakotvime-clenstvo-v-nato-a-eu\/#primaryimage"},"image":{"@id":"https:\/\/www.smedemokrati.sk\/do-ustavy-zakotvime-clenstvo-v-nato-a-eu\/#primaryimage"},"thumbnailUrl":"https:\/\/www.smedemokrati.sk\/wp-content\/uploads\/2025\/09\/ustava-eu-nato.jpg","datePublished":"2025-09-01T09:38:17+00:00","dateModified":"2025-09-01T09:38:19+00:00","breadcrumb":{"@id":"https:\/\/www.smedemokrati.sk\/do-ustavy-zakotvime-clenstvo-v-nato-a-eu\/#breadcrumb"},"inLanguage":"cs-CZ","potentialAction":[{"@type":"ReadAction","target":["https:\/\/www.smedemokrati.sk\/do-ustavy-zakotvime-clenstvo-v-nato-a-eu\/"]}]},{"@type":"ImageObject","inLanguage":"cs-CZ","@id":"https:\/\/www.smedemokrati.sk\/do-ustavy-zakotvime-clenstvo-v-nato-a-eu\/#primaryimage","url":"https:\/\/www.smedemokrati.sk\/wp-content\/uploads\/2025\/09\/ustava-eu-nato.jpg","contentUrl":"https:\/\/www.smedemokrati.sk\/wp-content\/uploads\/2025\/09\/ustava-eu-nato.jpg","width":1920,"height":1080},{"@type":"BreadcrumbList","@id":"https:\/\/www.smedemokrati.sk\/do-ustavy-zakotvime-clenstvo-v-nato-a-eu\/#breadcrumb","itemListElement":[{"@type":"ListItem","position":1,"name":"Domovsk\u00e1 str\u00e1nka","item":"https:\/\/www.smedemokrati.sk\/"},{"@type":"ListItem","position":2,"name":"Do \u00fastavy zakotv\u00edme \u010dlenstvo v NATO a E\u00da"}]},{"@type":"WebSite","@id":"https:\/\/www.smedemokrati.sk\/#website","url":"https:\/\/www.smedemokrati.sk\/","name":"Smedemokrati.sk","description":"Demokracia a slu\u0161nos\u0165 zv\u00ed\u0165az\u00ed","publisher":{"@id":"https:\/\/www.smedemokrati.sk\/#organization"},"potentialAction":[{"@type":"SearchAction","target":{"@type":"EntryPoint","urlTemplate":"https:\/\/www.smedemokrati.sk\/?s={search_term_string}"},"query-input":{"@type":"PropertyValueSpecification","valueRequired":true,"valueName":"search_term_string"}}],"inLanguage":"cs-CZ"},{"@type":"Organization","@id":"https:\/\/www.smedemokrati.sk\/#organization","name":"Smedemokrati.sk","url":"https:\/\/www.smedemokrati.sk\/","logo":{"@type":"ImageObject","inLanguage":"cs-CZ","@id":"https:\/\/www.smedemokrati.sk\/#\/schema\/logo\/image\/","url":"https:\/\/www.smedemokrati.sk\/wp-content\/uploads\/2023\/04\/ff.002.jpeg","contentUrl":"https:\/\/www.smedemokrati.sk\/wp-content\/uploads\/2023\/04\/ff.002.jpeg","width":640,"height":480,"caption":"Smedemokrati.sk"},"image":{"@id":"https:\/\/www.smedemokrati.sk\/#\/schema\/logo\/image\/"},"sameAs":["https:\/\/www.facebook.com\/smedemokrati2023"]},{"@type":"Person","@id":"https:\/\/www.smedemokrati.sk\/#\/schema\/person\/21f147c88d605aa7ded900e1e7c344ba","name":"miro.sopko","image":{"@type":"ImageObject","inLanguage":"cs-CZ","@id":"https:\/\/secure.gravatar.com\/avatar\/267e4a36f704376c109afe3a78740c1f5dd8675a2180a908699e7863c9247606?s=96&d=mm&r=g","url":"https:\/\/secure.gravatar.com\/avatar\/267e4a36f704376c109afe3a78740c1f5dd8675a2180a908699e7863c9247606?s=96&d=mm&r=g","contentUrl":"https:\/\/secure.gravatar.com\/avatar\/267e4a36f704376c109afe3a78740c1f5dd8675a2180a908699e7863c9247606?s=96&d=mm&r=g","caption":"miro.sopko"},"url":"https:\/\/www.smedemokrati.sk\/cs\/author\/miro-sopko\/"}]}},"_links":{"self":[{"href":"https:\/\/www.smedemokrati.sk\/cs\/wp-json\/wp\/v2\/posts\/8044","targetHints":{"allow":["GET"]}}],"collection":[{"href":"https:\/\/www.smedemokrati.sk\/cs\/wp-json\/wp\/v2\/posts"}],"about":[{"href":"https:\/\/www.smedemokrati.sk\/cs\/wp-json\/wp\/v2\/types\/post"}],"author":[{"embeddable":true,"href":"https:\/\/www.smedemokrati.sk\/cs\/wp-json\/wp\/v2\/users\/13"}],"replies":[{"embeddable":true,"href":"https:\/\/www.smedemokrati.sk\/cs\/wp-json\/wp\/v2\/comments?post=8044"}],"version-history":[{"count":1,"href":"https:\/\/www.smedemokrati.sk\/cs\/wp-json\/wp\/v2\/posts\/8044\/revisions"}],"predecessor-version":[{"id":8046,"href":"https:\/\/www.smedemokrati.sk\/cs\/wp-json\/wp\/v2\/posts\/8044\/revisions\/8046"}],"wp:featuredmedia":[{"embeddable":true,"href":"https:\/\/www.smedemokrati.sk\/cs\/wp-json\/wp\/v2\/media\/8045"}],"wp:attachment":[{"href":"https:\/\/www.smedemokrati.sk\/cs\/wp-json\/wp\/v2\/media?parent=8044"}],"wp:term":[{"taxonomy":"category","embeddable":true,"href":"https:\/\/www.smedemokrati.sk\/cs\/wp-json\/wp\/v2\/categories?post=8044"},{"taxonomy":"post_tag","embeddable":true,"href":"https:\/\/www.smedemokrati.sk\/cs\/wp-json\/wp\/v2\/tags?post=8044"}],"curies":[{"name":"wp","href":"https:\/\/api.w.org\/{rel}","templated":true}]}}