{"id":8030,"date":"2025-08-29T09:31:42","date_gmt":"2025-08-29T08:31:42","guid":{"rendered":"https:\/\/www.smedemokrati.sk\/?p=8030"},"modified":"2025-08-29T09:32:32","modified_gmt":"2025-08-29T08:32:32","slug":"po-81-rokoch-sme-opat-na-zaciatku-boja-s-extremizmom-a-nenavistnymi-prejavmi","status":"publish","type":"post","link":"https:\/\/www.smedemokrati.sk\/cs\/po-81-rokoch-sme-opat-na-zaciatku-boja-s-extremizmom-a-nenavistnymi-prejavmi\/","title":{"rendered":"Po 81 rokoch sme op\u00e4\u0165 na za\u010diatku boja s extr\u00e9mizmom a nen\u00e1vistn\u00fdmi prejavmi"},"content":{"rendered":"<div id=\"fb-root\"><\/div>\n\n<p><strong>Demokrati si dnes pri Pam\u00e4tn\u00edku SNP v Bratislave uctili pamiatku obet\u00ed a hrdinov Slovensk\u00e9ho n\u00e1rodn\u00e9ho povstania. Strana pripom\u00edna, \u017ee Slovensko aj dnes \u010del\u00ed obrovsk\u00e9mu tlaku extr\u00e9mizmu, dezinform\u00e1ci\u00ed a nen\u00e1vistn\u00fdch prejavov, ktor\u00e9 s\u00fa v\u017edy na za\u010diatku v\u0161etk\u00fdch ve\u013ek\u00fdch \u013eudsk\u00fdch ne\u0161\u0165ast\u00ed.<\/strong><\/p>\n\n\n\n<p><em>\u201eV \u010dase, ke\u010f vl\u00e1da ml\u010dky toleruje a v niektor\u00fdch pr\u00edpadoch dokonca nepriamo podporuje extr\u00e9mistick\u00e9 a nacistick\u00e9 prejavy, je potrebn\u00e9, aby sa demokratick\u00e1 spolo\u010dnos\u0165 znovu spojila. Tak, ako sa odv\u00e1\u017ene a zodpovedne spojila v roku 1944, ke\u010f na\u0161i hrdinovia povstali na obranu hodn\u00f4t slobody a demokracie,\u201c<\/em>&nbsp;povedal predseda strany Jaroslav Na\u010f.<\/p>\n\n\n\n<p>Strana pripom\u00edna, \u017ee aj pred druhou svetovou vojnou p\u00f4sobili na na\u0161om \u00fazem\u00ed r\u00f4zne skupiny, ktor\u00e9 \u0161\u00edrili propagandu cudzej moci a usilovali sa destabilizova\u0165 spolo\u010dnos\u0165.&nbsp;<em>\u201ePo 81 rokoch sa \u017eia\u013e ocit\u00e1me op\u00e4\u0165 na za\u010diatku tohto boja. Preto jasne hovor\u00edme: ak sa Demokrati dostan\u00fa do vl\u00e1dy, budeme d\u00f4sledne a systematicky venova\u0165 pozornos\u0165 kon\u0161pir\u00e1torom, dezinforma\u010dn\u00fdm m\u00e9di\u00e1m a v\u0161etk\u00fdm, ktor\u00ed \u0161\u00edria rusk\u00e9, komunistick\u00e9 \u010di in\u00e9 manipulat\u00edvne a nen\u00e1vistn\u00e9 odkazy. Predstavuj\u00fa v\u00e1\u017enu hrozbu pre Slovensko a v\u017edy stoja na za\u010diatku ve\u013ek\u00fdch trag\u00e9di\u00ed,\u201c<\/em>&nbsp;dodali Demokrati.<\/p>\n\n\n\n<p>Z\u00e1rove\u0148 strana zd\u00f4raz\u0148uje, \u017ee hrdinovia SNP s\u00fa dodnes in\u0161pir\u00e1ciou a d\u00f4kazom, \u017ee aj v naj\u0165a\u017e\u0161\u00edch \u010dasoch sa oplat\u00ed postavi\u0165 na spr\u00e1vnu stranu dej\u00edn.&nbsp;<em>\u201eIch odvaha, vernos\u0165 slobode a ochota obetova\u0165 sa za bud\u00facnos\u0165 n\u00e1roda n\u00e1m pripom\u00ednaj\u00fa, \u017ee demokracia nie je samozrejmos\u0165, ale hodnota, ktor\u00fa treba chr\u00e1ni\u0165 ka\u017ed\u00fd de\u0148. S \u00factou sa skl\u00e1\u0148ame pred ich pamiatkou a odkazom,\u201c<\/em>&nbsp;uviedli Demokrati.<\/p>\n\n\n\n<div class=\"wp-block-columns is-layout-flex wp-container-core-columns-is-layout-9d6595d7 wp-block-columns-is-layout-flex\">\n<div class=\"wp-block-column is-layout-flow wp-block-column-is-layout-flow\"><\/div>\n\n\n\n<div class=\"wp-block-column is-layout-flow wp-block-column-is-layout-flow\"><\/div>\n\n\n\n<div class=\"wp-block-column is-layout-flow wp-block-column-is-layout-flow\"><\/div>\n<\/div>\n\n\n\nngg_shortcode_0_placeholder\n","protected":false},"excerpt":{"rendered":"<p>Demokrati si dnes pri Pam\u00e4tn\u00edku SNP v Bratislave uctili pamiatku obet\u00ed a hrdinov Slovensk\u00e9ho n\u00e1rodn\u00e9ho povstania. Strana pripom\u00edna, \u017ee Slovensko aj dnes \u010del\u00ed obrovsk\u00e9mu tlaku extr\u00e9mizmu, dezinform\u00e1ci\u00ed a nen\u00e1vistn\u00fdch prejavov, ktor\u00e9 s\u00fa v\u017edy na za\u010diatku v\u0161etk\u00fdch ve\u013ek\u00fdch \u013eudsk\u00fdch ne\u0161\u0165ast\u00ed. \u201eV \u010dase, ke\u010f vl\u00e1da ml\u010dky toleruje a v niektor\u00fdch pr\u00edpadoch dokonca nepriamo podporuje extr\u00e9mistick\u00e9 a nacistick\u00e9 [&hellip;]<\/p>\n","protected":false},"author":13,"featured_media":8031,"comment_status":"closed","ping_status":"closed","sticky":false,"template":"","format":"standard","meta":{"_acf_changed":false,"ngg_post_thumbnail":0,"footnotes":""},"categories":[4],"tags":[],"class_list":["post-8030","post","type-post","status-publish","format-standard","has-post-thumbnail","hentry","category-tlacove-spravy"],"acf":[],"yoast_head":"<!-- This site is optimized with the Yoast SEO plugin v27.2 - https:\/\/yoast.com\/product\/yoast-seo-wordpress\/ -->\n<title>Po 81 rokoch sme op\u00e4\u0165 na za\u010diatku boja s extr\u00e9mizmom a nen\u00e1vistn\u00fdmi prejavmi<\/title>\n<meta name=\"robots\" content=\"index, follow, max-snippet:-1, max-image-preview:large, max-video-preview:-1\" \/>\n<link rel=\"canonical\" href=\"https:\/\/www.smedemokrati.sk\/cs\/po-81-rokoch-sme-opat-na-zaciatku-boja-s-extremizmom-a-nenavistnymi-prejavmi\/\" \/>\n<meta property=\"og:locale\" content=\"cs_CZ\" \/>\n<meta property=\"og:locale:alternate\" content=\"en_US\" \/>\n<meta property=\"og:locale:alternate\" content=\"hu_HU\" \/>\n<meta property=\"og:locale:alternate\" content=\"sk_SK\" \/>\n<meta property=\"og:locale:alternate\" content=\"sv_SE\" \/>\n<meta property=\"og:type\" content=\"article\" \/>\n<meta property=\"og:title\" content=\"Po 81 rokoch sme op\u00e4\u0165 na za\u010diatku boja s extr\u00e9mizmom a nen\u00e1vistn\u00fdmi prejavmi\" \/>\n<meta property=\"og:description\" content=\"Demokrati si dnes pri Pam\u00e4tn\u00edku SNP v Bratislave uctili pamiatku obet\u00ed a hrdinov Slovensk\u00e9ho n\u00e1rodn\u00e9ho povstania. Strana pripom\u00edna, \u017ee Slovensko aj dnes \u010del\u00ed obrovsk\u00e9mu tlaku extr\u00e9mizmu, dezinform\u00e1ci\u00ed a nen\u00e1vistn\u00fdch prejavov, ktor\u00e9 s\u00fa v\u017edy na za\u010diatku v\u0161etk\u00fdch ve\u013ek\u00fdch \u013eudsk\u00fdch ne\u0161\u0165ast\u00ed. \u201eV \u010dase, ke\u010f vl\u00e1da ml\u010dky toleruje a v niektor\u00fdch pr\u00edpadoch dokonca nepriamo podporuje extr\u00e9mistick\u00e9 a nacistick\u00e9 [&hellip;]\" \/>\n<meta property=\"og:url\" content=\"https:\/\/www.smedemokrati.sk\/cs\/po-81-rokoch-sme-opat-na-zaciatku-boja-s-extremizmom-a-nenavistnymi-prejavmi\/\" \/>\n<meta property=\"og:site_name\" content=\"Smedemokrati.sk\" \/>\n<meta property=\"article:publisher\" content=\"https:\/\/www.facebook.com\/smedemokrati2023\" \/>\n<meta property=\"article:published_time\" content=\"2025-08-29T08:31:42+00:00\" \/>\n<meta property=\"article:modified_time\" content=\"2025-08-29T08:32:32+00:00\" \/>\n<meta property=\"og:image\" content=\"https:\/\/www.smedemokrati.sk\/wp-content\/uploads\/2025\/08\/DSC03908.jpg\" \/>\n\t<meta property=\"og:image:width\" content=\"900\" \/>\n\t<meta property=\"og:image:height\" content=\"848\" \/>\n\t<meta property=\"og:image:type\" content=\"image\/jpeg\" \/>\n<meta name=\"author\" content=\"miro.sopko\" \/>\n<meta name=\"twitter:card\" content=\"summary_large_image\" \/>\n<meta name=\"twitter:label1\" content=\"Napsal(a)\" \/>\n\t<meta name=\"twitter:data1\" content=\"miro.sopko\" \/>\n\t<meta name=\"twitter:label2\" content=\"Odhadovan\u00e1 doba \u010dten\u00ed\" \/>\n\t<meta name=\"twitter:data2\" content=\"2 minuty\" \/>\n<script type=\"application\/ld+json\" class=\"yoast-schema-graph\">{\"@context\":\"https:\/\/schema.org\",\"@graph\":[{\"@type\":\"Article\",\"@id\":\"https:\/\/www.smedemokrati.sk\/po-81-rokoch-sme-opat-na-zaciatku-boja-s-extremizmom-a-nenavistnymi-prejavmi\/#article\",\"isPartOf\":{\"@id\":\"https:\/\/www.smedemokrati.sk\/po-81-rokoch-sme-opat-na-zaciatku-boja-s-extremizmom-a-nenavistnymi-prejavmi\/\"},\"author\":{\"name\":\"miro.sopko\",\"@id\":\"https:\/\/www.smedemokrati.sk\/#\/schema\/person\/21f147c88d605aa7ded900e1e7c344ba\"},\"headline\":\"Po 81 rokoch sme op\u00e4\u0165 na za\u010diatku boja s extr\u00e9mizmom a nen\u00e1vistn\u00fdmi prejavmi\",\"datePublished\":\"2025-08-29T08:31:42+00:00\",\"dateModified\":\"2025-08-29T08:32:32+00:00\",\"mainEntityOfPage\":{\"@id\":\"https:\/\/www.smedemokrati.sk\/po-81-rokoch-sme-opat-na-zaciatku-boja-s-extremizmom-a-nenavistnymi-prejavmi\/\"},\"wordCount\":329,\"publisher\":{\"@id\":\"https:\/\/www.smedemokrati.sk\/#organization\"},\"image\":{\"@id\":\"https:\/\/www.smedemokrati.sk\/po-81-rokoch-sme-opat-na-zaciatku-boja-s-extremizmom-a-nenavistnymi-prejavmi\/#primaryimage\"},\"thumbnailUrl\":\"https:\/\/www.smedemokrati.sk\/wp-content\/uploads\/2025\/08\/DSC03908.jpg\",\"articleSection\":[\"Tla\u010dov\u00e9 spr\u00e1vy\"],\"inLanguage\":\"cs-CZ\"},{\"@type\":\"WebPage\",\"@id\":\"https:\/\/www.smedemokrati.sk\/po-81-rokoch-sme-opat-na-zaciatku-boja-s-extremizmom-a-nenavistnymi-prejavmi\/\",\"url\":\"https:\/\/www.smedemokrati.sk\/po-81-rokoch-sme-opat-na-zaciatku-boja-s-extremizmom-a-nenavistnymi-prejavmi\/\",\"name\":\"Po 81 rokoch sme op\u00e4\u0165 na za\u010diatku boja s extr\u00e9mizmom a nen\u00e1vistn\u00fdmi prejavmi\",\"isPartOf\":{\"@id\":\"https:\/\/www.smedemokrati.sk\/#website\"},\"primaryImageOfPage\":{\"@id\":\"https:\/\/www.smedemokrati.sk\/po-81-rokoch-sme-opat-na-zaciatku-boja-s-extremizmom-a-nenavistnymi-prejavmi\/#primaryimage\"},\"image\":{\"@id\":\"https:\/\/www.smedemokrati.sk\/po-81-rokoch-sme-opat-na-zaciatku-boja-s-extremizmom-a-nenavistnymi-prejavmi\/#primaryimage\"},\"thumbnailUrl\":\"https:\/\/www.smedemokrati.sk\/wp-content\/uploads\/2025\/08\/DSC03908.jpg\",\"datePublished\":\"2025-08-29T08:31:42+00:00\",\"dateModified\":\"2025-08-29T08:32:32+00:00\",\"breadcrumb\":{\"@id\":\"https:\/\/www.smedemokrati.sk\/po-81-rokoch-sme-opat-na-zaciatku-boja-s-extremizmom-a-nenavistnymi-prejavmi\/#breadcrumb\"},\"inLanguage\":\"cs-CZ\",\"potentialAction\":[{\"@type\":\"ReadAction\",\"target\":[\"https:\/\/www.smedemokrati.sk\/po-81-rokoch-sme-opat-na-zaciatku-boja-s-extremizmom-a-nenavistnymi-prejavmi\/\"]}]},{\"@type\":\"ImageObject\",\"inLanguage\":\"cs-CZ\",\"@id\":\"https:\/\/www.smedemokrati.sk\/po-81-rokoch-sme-opat-na-zaciatku-boja-s-extremizmom-a-nenavistnymi-prejavmi\/#primaryimage\",\"url\":\"https:\/\/www.smedemokrati.sk\/wp-content\/uploads\/2025\/08\/DSC03908.jpg\",\"contentUrl\":\"https:\/\/www.smedemokrati.sk\/wp-content\/uploads\/2025\/08\/DSC03908.jpg\",\"width\":900,\"height\":848},{\"@type\":\"BreadcrumbList\",\"@id\":\"https:\/\/www.smedemokrati.sk\/po-81-rokoch-sme-opat-na-zaciatku-boja-s-extremizmom-a-nenavistnymi-prejavmi\/#breadcrumb\",\"itemListElement\":[{\"@type\":\"ListItem\",\"position\":1,\"name\":\"Domovsk\u00e1 str\u00e1nka\",\"item\":\"https:\/\/www.smedemokrati.sk\/\"},{\"@type\":\"ListItem\",\"position\":2,\"name\":\"Po 81 rokoch sme op\u00e4\u0165 na za\u010diatku boja s extr\u00e9mizmom a nen\u00e1vistn\u00fdmi prejavmi\"}]},{\"@type\":\"WebSite\",\"@id\":\"https:\/\/www.smedemokrati.sk\/#website\",\"url\":\"https:\/\/www.smedemokrati.sk\/\",\"name\":\"Smedemokrati.sk\",\"description\":\"Demokracia a slu\u0161nos\u0165 zv\u00ed\u0165az\u00ed\",\"publisher\":{\"@id\":\"https:\/\/www.smedemokrati.sk\/#organization\"},\"potentialAction\":[{\"@type\":\"SearchAction\",\"target\":{\"@type\":\"EntryPoint\",\"urlTemplate\":\"https:\/\/www.smedemokrati.sk\/?s={search_term_string}\"},\"query-input\":{\"@type\":\"PropertyValueSpecification\",\"valueRequired\":true,\"valueName\":\"search_term_string\"}}],\"inLanguage\":\"cs-CZ\"},{\"@type\":\"Organization\",\"@id\":\"https:\/\/www.smedemokrati.sk\/#organization\",\"name\":\"Smedemokrati.sk\",\"url\":\"https:\/\/www.smedemokrati.sk\/\",\"logo\":{\"@type\":\"ImageObject\",\"inLanguage\":\"cs-CZ\",\"@id\":\"https:\/\/www.smedemokrati.sk\/#\/schema\/logo\/image\/\",\"url\":\"https:\/\/www.smedemokrati.sk\/wp-content\/uploads\/2023\/04\/ff.002.jpeg\",\"contentUrl\":\"https:\/\/www.smedemokrati.sk\/wp-content\/uploads\/2023\/04\/ff.002.jpeg\",\"width\":640,\"height\":480,\"caption\":\"Smedemokrati.sk\"},\"image\":{\"@id\":\"https:\/\/www.smedemokrati.sk\/#\/schema\/logo\/image\/\"},\"sameAs\":[\"https:\/\/www.facebook.com\/smedemokrati2023\"]},{\"@type\":\"Person\",\"@id\":\"https:\/\/www.smedemokrati.sk\/#\/schema\/person\/21f147c88d605aa7ded900e1e7c344ba\",\"name\":\"miro.sopko\",\"image\":{\"@type\":\"ImageObject\",\"inLanguage\":\"cs-CZ\",\"@id\":\"https:\/\/secure.gravatar.com\/avatar\/267e4a36f704376c109afe3a78740c1f5dd8675a2180a908699e7863c9247606?s=96&d=mm&r=g\",\"url\":\"https:\/\/secure.gravatar.com\/avatar\/267e4a36f704376c109afe3a78740c1f5dd8675a2180a908699e7863c9247606?s=96&d=mm&r=g\",\"contentUrl\":\"https:\/\/secure.gravatar.com\/avatar\/267e4a36f704376c109afe3a78740c1f5dd8675a2180a908699e7863c9247606?s=96&d=mm&r=g\",\"caption\":\"miro.sopko\"},\"url\":\"https:\/\/www.smedemokrati.sk\/cs\/author\/miro-sopko\/\"}]}<\/script>\n<!-- \/ Yoast SEO plugin. -->","yoast_head_json":{"title":"Po 81 rokoch sme op\u00e4\u0165 na za\u010diatku boja s extr\u00e9mizmom a nen\u00e1vistn\u00fdmi prejavmi","robots":{"index":"index","follow":"follow","max-snippet":"max-snippet:-1","max-image-preview":"max-image-preview:large","max-video-preview":"max-video-preview:-1"},"canonical":"https:\/\/www.smedemokrati.sk\/cs\/po-81-rokoch-sme-opat-na-zaciatku-boja-s-extremizmom-a-nenavistnymi-prejavmi\/","og_locale":"cs_CZ","og_type":"article","og_title":"[:sk]Po 81 rokoch sme op\u00e4\u0165 na za\u010diatku boja s extr\u00e9mizmom a nen\u00e1vistn\u00fdmi prejavmi[:] - Smedemokrati.sk","og_description":"Demokrati si dnes pri Pam\u00e4tn\u00edku SNP v Bratislave uctili pamiatku obet\u00ed a hrdinov Slovensk\u00e9ho n\u00e1rodn\u00e9ho povstania. Strana pripom\u00edna, \u017ee Slovensko aj dnes \u010del\u00ed obrovsk\u00e9mu tlaku extr\u00e9mizmu, dezinform\u00e1ci\u00ed a nen\u00e1vistn\u00fdch prejavov, ktor\u00e9 s\u00fa v\u017edy na za\u010diatku v\u0161etk\u00fdch ve\u013ek\u00fdch \u013eudsk\u00fdch ne\u0161\u0165ast\u00ed. \u201eV \u010dase, ke\u010f vl\u00e1da ml\u010dky toleruje a v niektor\u00fdch pr\u00edpadoch dokonca nepriamo podporuje extr\u00e9mistick\u00e9 a nacistick\u00e9 [&hellip;]","og_url":"https:\/\/www.smedemokrati.sk\/cs\/po-81-rokoch-sme-opat-na-zaciatku-boja-s-extremizmom-a-nenavistnymi-prejavmi\/","og_site_name":"Smedemokrati.sk","article_publisher":"https:\/\/www.facebook.com\/smedemokrati2023","article_published_time":"2025-08-29T08:31:42+00:00","article_modified_time":"2025-08-29T08:32:32+00:00","og_image":[{"width":900,"height":848,"url":"https:\/\/www.smedemokrati.sk\/wp-content\/uploads\/2025\/08\/DSC03908.jpg","type":"image\/jpeg"}],"author":"miro.sopko","twitter_card":"summary_large_image","twitter_misc":{"Napsal(a)":"miro.sopko","Odhadovan\u00e1 doba \u010dten\u00ed":"2 minuty"},"schema":{"@context":"https:\/\/schema.org","@graph":[{"@type":"Article","@id":"https:\/\/www.smedemokrati.sk\/po-81-rokoch-sme-opat-na-zaciatku-boja-s-extremizmom-a-nenavistnymi-prejavmi\/#article","isPartOf":{"@id":"https:\/\/www.smedemokrati.sk\/po-81-rokoch-sme-opat-na-zaciatku-boja-s-extremizmom-a-nenavistnymi-prejavmi\/"},"author":{"name":"miro.sopko","@id":"https:\/\/www.smedemokrati.sk\/#\/schema\/person\/21f147c88d605aa7ded900e1e7c344ba"},"headline":"Po 81 rokoch sme op\u00e4\u0165 na za\u010diatku boja s extr\u00e9mizmom a nen\u00e1vistn\u00fdmi prejavmi","datePublished":"2025-08-29T08:31:42+00:00","dateModified":"2025-08-29T08:32:32+00:00","mainEntityOfPage":{"@id":"https:\/\/www.smedemokrati.sk\/po-81-rokoch-sme-opat-na-zaciatku-boja-s-extremizmom-a-nenavistnymi-prejavmi\/"},"wordCount":329,"publisher":{"@id":"https:\/\/www.smedemokrati.sk\/#organization"},"image":{"@id":"https:\/\/www.smedemokrati.sk\/po-81-rokoch-sme-opat-na-zaciatku-boja-s-extremizmom-a-nenavistnymi-prejavmi\/#primaryimage"},"thumbnailUrl":"https:\/\/www.smedemokrati.sk\/wp-content\/uploads\/2025\/08\/DSC03908.jpg","articleSection":["Tla\u010dov\u00e9 spr\u00e1vy"],"inLanguage":"cs-CZ"},{"@type":"WebPage","@id":"https:\/\/www.smedemokrati.sk\/po-81-rokoch-sme-opat-na-zaciatku-boja-s-extremizmom-a-nenavistnymi-prejavmi\/","url":"https:\/\/www.smedemokrati.sk\/po-81-rokoch-sme-opat-na-zaciatku-boja-s-extremizmom-a-nenavistnymi-prejavmi\/","name":"Po 81 rokoch sme op\u00e4\u0165 na za\u010diatku boja s extr\u00e9mizmom a nen\u00e1vistn\u00fdmi prejavmi","isPartOf":{"@id":"https:\/\/www.smedemokrati.sk\/#website"},"primaryImageOfPage":{"@id":"https:\/\/www.smedemokrati.sk\/po-81-rokoch-sme-opat-na-zaciatku-boja-s-extremizmom-a-nenavistnymi-prejavmi\/#primaryimage"},"image":{"@id":"https:\/\/www.smedemokrati.sk\/po-81-rokoch-sme-opat-na-zaciatku-boja-s-extremizmom-a-nenavistnymi-prejavmi\/#primaryimage"},"thumbnailUrl":"https:\/\/www.smedemokrati.sk\/wp-content\/uploads\/2025\/08\/DSC03908.jpg","datePublished":"2025-08-29T08:31:42+00:00","dateModified":"2025-08-29T08:32:32+00:00","breadcrumb":{"@id":"https:\/\/www.smedemokrati.sk\/po-81-rokoch-sme-opat-na-zaciatku-boja-s-extremizmom-a-nenavistnymi-prejavmi\/#breadcrumb"},"inLanguage":"cs-CZ","potentialAction":[{"@type":"ReadAction","target":["https:\/\/www.smedemokrati.sk\/po-81-rokoch-sme-opat-na-zaciatku-boja-s-extremizmom-a-nenavistnymi-prejavmi\/"]}]},{"@type":"ImageObject","inLanguage":"cs-CZ","@id":"https:\/\/www.smedemokrati.sk\/po-81-rokoch-sme-opat-na-zaciatku-boja-s-extremizmom-a-nenavistnymi-prejavmi\/#primaryimage","url":"https:\/\/www.smedemokrati.sk\/wp-content\/uploads\/2025\/08\/DSC03908.jpg","contentUrl":"https:\/\/www.smedemokrati.sk\/wp-content\/uploads\/2025\/08\/DSC03908.jpg","width":900,"height":848},{"@type":"BreadcrumbList","@id":"https:\/\/www.smedemokrati.sk\/po-81-rokoch-sme-opat-na-zaciatku-boja-s-extremizmom-a-nenavistnymi-prejavmi\/#breadcrumb","itemListElement":[{"@type":"ListItem","position":1,"name":"Domovsk\u00e1 str\u00e1nka","item":"https:\/\/www.smedemokrati.sk\/"},{"@type":"ListItem","position":2,"name":"Po 81 rokoch sme op\u00e4\u0165 na za\u010diatku boja s extr\u00e9mizmom a nen\u00e1vistn\u00fdmi prejavmi"}]},{"@type":"WebSite","@id":"https:\/\/www.smedemokrati.sk\/#website","url":"https:\/\/www.smedemokrati.sk\/","name":"Smedemokrati.sk","description":"Demokracia a slu\u0161nos\u0165 zv\u00ed\u0165az\u00ed","publisher":{"@id":"https:\/\/www.smedemokrati.sk\/#organization"},"potentialAction":[{"@type":"SearchAction","target":{"@type":"EntryPoint","urlTemplate":"https:\/\/www.smedemokrati.sk\/?s={search_term_string}"},"query-input":{"@type":"PropertyValueSpecification","valueRequired":true,"valueName":"search_term_string"}}],"inLanguage":"cs-CZ"},{"@type":"Organization","@id":"https:\/\/www.smedemokrati.sk\/#organization","name":"Smedemokrati.sk","url":"https:\/\/www.smedemokrati.sk\/","logo":{"@type":"ImageObject","inLanguage":"cs-CZ","@id":"https:\/\/www.smedemokrati.sk\/#\/schema\/logo\/image\/","url":"https:\/\/www.smedemokrati.sk\/wp-content\/uploads\/2023\/04\/ff.002.jpeg","contentUrl":"https:\/\/www.smedemokrati.sk\/wp-content\/uploads\/2023\/04\/ff.002.jpeg","width":640,"height":480,"caption":"Smedemokrati.sk"},"image":{"@id":"https:\/\/www.smedemokrati.sk\/#\/schema\/logo\/image\/"},"sameAs":["https:\/\/www.facebook.com\/smedemokrati2023"]},{"@type":"Person","@id":"https:\/\/www.smedemokrati.sk\/#\/schema\/person\/21f147c88d605aa7ded900e1e7c344ba","name":"miro.sopko","image":{"@type":"ImageObject","inLanguage":"cs-CZ","@id":"https:\/\/secure.gravatar.com\/avatar\/267e4a36f704376c109afe3a78740c1f5dd8675a2180a908699e7863c9247606?s=96&d=mm&r=g","url":"https:\/\/secure.gravatar.com\/avatar\/267e4a36f704376c109afe3a78740c1f5dd8675a2180a908699e7863c9247606?s=96&d=mm&r=g","contentUrl":"https:\/\/secure.gravatar.com\/avatar\/267e4a36f704376c109afe3a78740c1f5dd8675a2180a908699e7863c9247606?s=96&d=mm&r=g","caption":"miro.sopko"},"url":"https:\/\/www.smedemokrati.sk\/cs\/author\/miro-sopko\/"}]}},"_links":{"self":[{"href":"https:\/\/www.smedemokrati.sk\/cs\/wp-json\/wp\/v2\/posts\/8030","targetHints":{"allow":["GET"]}}],"collection":[{"href":"https:\/\/www.smedemokrati.sk\/cs\/wp-json\/wp\/v2\/posts"}],"about":[{"href":"https:\/\/www.smedemokrati.sk\/cs\/wp-json\/wp\/v2\/types\/post"}],"author":[{"embeddable":true,"href":"https:\/\/www.smedemokrati.sk\/cs\/wp-json\/wp\/v2\/users\/13"}],"replies":[{"embeddable":true,"href":"https:\/\/www.smedemokrati.sk\/cs\/wp-json\/wp\/v2\/comments?post=8030"}],"version-history":[{"count":2,"href":"https:\/\/www.smedemokrati.sk\/cs\/wp-json\/wp\/v2\/posts\/8030\/revisions"}],"predecessor-version":[{"id":8038,"href":"https:\/\/www.smedemokrati.sk\/cs\/wp-json\/wp\/v2\/posts\/8030\/revisions\/8038"}],"wp:featuredmedia":[{"embeddable":true,"href":"https:\/\/www.smedemokrati.sk\/cs\/wp-json\/wp\/v2\/media\/8031"}],"wp:attachment":[{"href":"https:\/\/www.smedemokrati.sk\/cs\/wp-json\/wp\/v2\/media?parent=8030"}],"wp:term":[{"taxonomy":"category","embeddable":true,"href":"https:\/\/www.smedemokrati.sk\/cs\/wp-json\/wp\/v2\/categories?post=8030"},{"taxonomy":"post_tag","embeddable":true,"href":"https:\/\/www.smedemokrati.sk\/cs\/wp-json\/wp\/v2\/tags?post=8030"}],"curies":[{"name":"wp","href":"https:\/\/api.w.org\/{rel}","templated":true}]}}