{"id":8011,"date":"2025-08-27T15:51:51","date_gmt":"2025-08-27T14:51:51","guid":{"rendered":"https:\/\/www.smedemokrati.sk\/?p=8011"},"modified":"2025-08-27T15:51:51","modified_gmt":"2025-08-27T14:51:51","slug":"fico-zvazuje-presun-komunalnych-volieb-na-rok-2027","status":"publish","type":"post","link":"https:\/\/www.smedemokrati.sk\/cs\/fico-zvazuje-presun-komunalnych-volieb-na-rok-2027\/","title":{"rendered":"Fico zva\u017euje presun komun\u00e1lnych volieb na rok 2027"},"content":{"rendered":"<div id=\"fb-root\"><\/div>\n\n<p><strong>Pod\u013ea inform\u00e1ci\u00ed Demokratov chce predseda vl\u00e1dy Robert Fico presun\u00fa\u0165 komun\u00e1lne vo\u013eby a\u017e na rok 2027 a zjednoti\u0165 ich s term\u00ednom volieb do n\u00e1rodnej rady.&nbsp;<\/strong><\/p>\n\n\n\n<p>Opiera\u0165 sa m\u00e1 o \u00fadajn\u00e9 stanovisko \u00fastavn\u00e9ho s\u00fadu. Pripom\u00edname, \u017ee tak\u00fato zmenu je mo\u017en\u00e9 vykona\u0165 <em>\u201e<\/em>oby\u010dajn\u00fdm&#8220; z\u00e1konom, preto realiz\u00e1cia tohto z\u00e1meru m\u00f4\u017ee by\u0165 pomerne jednoduch\u00e1.<\/p>\n\n\n\n<p><em><em>\u201e<\/em>Neexistuje \u017eiaden d\u00f4vod na tak\u00fato zmenu okrem strachu Roberta Fica z v\u00fdsledku komun\u00e1lnych volieb, v ktor\u00fdch m\u00f4\u017ee s\u00fa\u010dasn\u00e1 koal\u00edcia ut\u0155\u017ei\u0165 debakel. Tento krok absol\u00fatne odmietame a pova\u017eujeme ho za popieranie demokratick\u00fdch princ\u00edpov a slobodnej demokratickej s\u00fa\u0165a\u017ee.&#8220;<\/em>\u00a0Povedal Jaroslav Na\u010f predseda strany Demokrati.\u00a0<\/p>\n\n\n\n<p>Tak\u00fdto n\u00e1vrh predkladala v tomto volebnom obdob\u00ed u\u017e aj SNS, ktor\u00e1 chcela dokonca pred\u013a\u017ei\u0165 volebn\u00e9 obdobie samospr\u00e1vam a\u017e na 6 rokov.<\/p>\n","protected":false},"excerpt":{"rendered":"<p>Pod\u013ea inform\u00e1ci\u00ed Demokratov chce predseda vl\u00e1dy Robert Fico presun\u00fa\u0165 komun\u00e1lne vo\u013eby a\u017e na rok 2027 a zjednoti\u0165 ich s term\u00ednom volieb do n\u00e1rodnej rady.&nbsp; Opiera\u0165 sa m\u00e1 o \u00fadajn\u00e9 stanovisko \u00fastavn\u00e9ho s\u00fadu. Pripom\u00edname, \u017ee tak\u00fato zmenu je mo\u017en\u00e9 vykona\u0165 \u201eoby\u010dajn\u00fdm&#8220; z\u00e1konom, preto realiz\u00e1cia tohto z\u00e1meru m\u00f4\u017ee by\u0165 pomerne jednoduch\u00e1. \u201eNeexistuje \u017eiaden d\u00f4vod na tak\u00fato zmenu [&hellip;]<\/p>\n","protected":false},"author":13,"featured_media":1355,"comment_status":"closed","ping_status":"closed","sticky":false,"template":"","format":"standard","meta":{"_acf_changed":false,"ngg_post_thumbnail":0,"footnotes":""},"categories":[4],"tags":[],"class_list":["post-8011","post","type-post","status-publish","format-standard","has-post-thumbnail","hentry","category-tlacove-spravy"],"acf":[],"yoast_head":"<!-- This site is optimized with the Yoast SEO plugin v27.2 - https:\/\/yoast.com\/product\/yoast-seo-wordpress\/ -->\n<title>Fico zva\u017euje presun komun\u00e1lnych volieb na rok 2027<\/title>\n<meta name=\"robots\" content=\"index, follow, max-snippet:-1, max-image-preview:large, max-video-preview:-1\" \/>\n<link rel=\"canonical\" href=\"https:\/\/www.smedemokrati.sk\/cs\/fico-zvazuje-presun-komunalnych-volieb-na-rok-2027\/\" \/>\n<meta property=\"og:locale\" content=\"cs_CZ\" \/>\n<meta property=\"og:locale:alternate\" content=\"en_US\" \/>\n<meta property=\"og:locale:alternate\" content=\"hu_HU\" \/>\n<meta property=\"og:locale:alternate\" content=\"sk_SK\" \/>\n<meta property=\"og:locale:alternate\" content=\"sv_SE\" \/>\n<meta property=\"og:type\" content=\"article\" \/>\n<meta property=\"og:title\" content=\"Fico zva\u017euje presun komun\u00e1lnych volieb na rok 2027\" \/>\n<meta property=\"og:description\" content=\"Pod\u013ea inform\u00e1ci\u00ed Demokratov chce predseda vl\u00e1dy Robert Fico presun\u00fa\u0165 komun\u00e1lne vo\u013eby a\u017e na rok 2027 a zjednoti\u0165 ich s term\u00ednom volieb do n\u00e1rodnej rady.&nbsp; Opiera\u0165 sa m\u00e1 o \u00fadajn\u00e9 stanovisko \u00fastavn\u00e9ho s\u00fadu. Pripom\u00edname, \u017ee tak\u00fato zmenu je mo\u017en\u00e9 vykona\u0165 \u201eoby\u010dajn\u00fdm&#8220; z\u00e1konom, preto realiz\u00e1cia tohto z\u00e1meru m\u00f4\u017ee by\u0165 pomerne jednoduch\u00e1. \u201eNeexistuje \u017eiaden d\u00f4vod na tak\u00fato zmenu [&hellip;]\" \/>\n<meta property=\"og:url\" content=\"https:\/\/www.smedemokrati.sk\/cs\/fico-zvazuje-presun-komunalnych-volieb-na-rok-2027\/\" \/>\n<meta property=\"og:site_name\" content=\"Smedemokrati.sk\" \/>\n<meta property=\"article:publisher\" content=\"https:\/\/www.facebook.com\/smedemokrati2023\" \/>\n<meta property=\"article:published_time\" content=\"2025-08-27T14:51:51+00:00\" \/>\n<meta property=\"og:image\" content=\"https:\/\/www.smedemokrati.sk\/wp-content\/uploads\/2023\/06\/fico.jpg\" \/>\n\t<meta property=\"og:image:width\" content=\"1920\" \/>\n\t<meta property=\"og:image:height\" content=\"1080\" \/>\n\t<meta property=\"og:image:type\" content=\"image\/jpeg\" \/>\n<meta name=\"author\" content=\"miro.sopko\" \/>\n<meta name=\"twitter:card\" content=\"summary_large_image\" \/>\n<meta name=\"twitter:label1\" content=\"Napsal(a)\" \/>\n\t<meta name=\"twitter:data1\" content=\"miro.sopko\" \/>\n\t<meta name=\"twitter:label2\" content=\"Odhadovan\u00e1 doba \u010dten\u00ed\" \/>\n\t<meta name=\"twitter:data2\" content=\"1 minuta\" \/>\n<script type=\"application\/ld+json\" class=\"yoast-schema-graph\">{\"@context\":\"https:\/\/schema.org\",\"@graph\":[{\"@type\":\"Article\",\"@id\":\"https:\/\/www.smedemokrati.sk\/fico-zvazuje-presun-komunalnych-volieb-na-rok-2027\/#article\",\"isPartOf\":{\"@id\":\"https:\/\/www.smedemokrati.sk\/fico-zvazuje-presun-komunalnych-volieb-na-rok-2027\/\"},\"author\":{\"name\":\"miro.sopko\",\"@id\":\"https:\/\/www.smedemokrati.sk\/#\/schema\/person\/21f147c88d605aa7ded900e1e7c344ba\"},\"headline\":\"Fico zva\u017euje presun komun\u00e1lnych volieb na rok 2027\",\"datePublished\":\"2025-08-27T14:51:51+00:00\",\"mainEntityOfPage\":{\"@id\":\"https:\/\/www.smedemokrati.sk\/fico-zvazuje-presun-komunalnych-volieb-na-rok-2027\/\"},\"wordCount\":159,\"publisher\":{\"@id\":\"https:\/\/www.smedemokrati.sk\/#organization\"},\"image\":{\"@id\":\"https:\/\/www.smedemokrati.sk\/fico-zvazuje-presun-komunalnych-volieb-na-rok-2027\/#primaryimage\"},\"thumbnailUrl\":\"https:\/\/www.smedemokrati.sk\/wp-content\/uploads\/2023\/06\/fico.jpg\",\"articleSection\":[\"Tla\u010dov\u00e9 spr\u00e1vy\"],\"inLanguage\":\"cs-CZ\"},{\"@type\":\"WebPage\",\"@id\":\"https:\/\/www.smedemokrati.sk\/fico-zvazuje-presun-komunalnych-volieb-na-rok-2027\/\",\"url\":\"https:\/\/www.smedemokrati.sk\/fico-zvazuje-presun-komunalnych-volieb-na-rok-2027\/\",\"name\":\"Fico zva\u017euje presun komun\u00e1lnych volieb na rok 2027\",\"isPartOf\":{\"@id\":\"https:\/\/www.smedemokrati.sk\/#website\"},\"primaryImageOfPage\":{\"@id\":\"https:\/\/www.smedemokrati.sk\/fico-zvazuje-presun-komunalnych-volieb-na-rok-2027\/#primaryimage\"},\"image\":{\"@id\":\"https:\/\/www.smedemokrati.sk\/fico-zvazuje-presun-komunalnych-volieb-na-rok-2027\/#primaryimage\"},\"thumbnailUrl\":\"https:\/\/www.smedemokrati.sk\/wp-content\/uploads\/2023\/06\/fico.jpg\",\"datePublished\":\"2025-08-27T14:51:51+00:00\",\"breadcrumb\":{\"@id\":\"https:\/\/www.smedemokrati.sk\/fico-zvazuje-presun-komunalnych-volieb-na-rok-2027\/#breadcrumb\"},\"inLanguage\":\"cs-CZ\",\"potentialAction\":[{\"@type\":\"ReadAction\",\"target\":[\"https:\/\/www.smedemokrati.sk\/fico-zvazuje-presun-komunalnych-volieb-na-rok-2027\/\"]}]},{\"@type\":\"ImageObject\",\"inLanguage\":\"cs-CZ\",\"@id\":\"https:\/\/www.smedemokrati.sk\/fico-zvazuje-presun-komunalnych-volieb-na-rok-2027\/#primaryimage\",\"url\":\"https:\/\/www.smedemokrati.sk\/wp-content\/uploads\/2023\/06\/fico.jpg\",\"contentUrl\":\"https:\/\/www.smedemokrati.sk\/wp-content\/uploads\/2023\/06\/fico.jpg\",\"width\":1920,\"height\":1080},{\"@type\":\"BreadcrumbList\",\"@id\":\"https:\/\/www.smedemokrati.sk\/fico-zvazuje-presun-komunalnych-volieb-na-rok-2027\/#breadcrumb\",\"itemListElement\":[{\"@type\":\"ListItem\",\"position\":1,\"name\":\"Domovsk\u00e1 str\u00e1nka\",\"item\":\"https:\/\/www.smedemokrati.sk\/\"},{\"@type\":\"ListItem\",\"position\":2,\"name\":\"Fico zva\u017euje presun komun\u00e1lnych volieb na rok 2027\"}]},{\"@type\":\"WebSite\",\"@id\":\"https:\/\/www.smedemokrati.sk\/#website\",\"url\":\"https:\/\/www.smedemokrati.sk\/\",\"name\":\"Smedemokrati.sk\",\"description\":\"Demokracia a slu\u0161nos\u0165 zv\u00ed\u0165az\u00ed\",\"publisher\":{\"@id\":\"https:\/\/www.smedemokrati.sk\/#organization\"},\"potentialAction\":[{\"@type\":\"SearchAction\",\"target\":{\"@type\":\"EntryPoint\",\"urlTemplate\":\"https:\/\/www.smedemokrati.sk\/?s={search_term_string}\"},\"query-input\":{\"@type\":\"PropertyValueSpecification\",\"valueRequired\":true,\"valueName\":\"search_term_string\"}}],\"inLanguage\":\"cs-CZ\"},{\"@type\":\"Organization\",\"@id\":\"https:\/\/www.smedemokrati.sk\/#organization\",\"name\":\"Smedemokrati.sk\",\"url\":\"https:\/\/www.smedemokrati.sk\/\",\"logo\":{\"@type\":\"ImageObject\",\"inLanguage\":\"cs-CZ\",\"@id\":\"https:\/\/www.smedemokrati.sk\/#\/schema\/logo\/image\/\",\"url\":\"https:\/\/www.smedemokrati.sk\/wp-content\/uploads\/2023\/04\/ff.002.jpeg\",\"contentUrl\":\"https:\/\/www.smedemokrati.sk\/wp-content\/uploads\/2023\/04\/ff.002.jpeg\",\"width\":640,\"height\":480,\"caption\":\"Smedemokrati.sk\"},\"image\":{\"@id\":\"https:\/\/www.smedemokrati.sk\/#\/schema\/logo\/image\/\"},\"sameAs\":[\"https:\/\/www.facebook.com\/smedemokrati2023\"]},{\"@type\":\"Person\",\"@id\":\"https:\/\/www.smedemokrati.sk\/#\/schema\/person\/21f147c88d605aa7ded900e1e7c344ba\",\"name\":\"miro.sopko\",\"image\":{\"@type\":\"ImageObject\",\"inLanguage\":\"cs-CZ\",\"@id\":\"https:\/\/secure.gravatar.com\/avatar\/267e4a36f704376c109afe3a78740c1f5dd8675a2180a908699e7863c9247606?s=96&d=mm&r=g\",\"url\":\"https:\/\/secure.gravatar.com\/avatar\/267e4a36f704376c109afe3a78740c1f5dd8675a2180a908699e7863c9247606?s=96&d=mm&r=g\",\"contentUrl\":\"https:\/\/secure.gravatar.com\/avatar\/267e4a36f704376c109afe3a78740c1f5dd8675a2180a908699e7863c9247606?s=96&d=mm&r=g\",\"caption\":\"miro.sopko\"},\"url\":\"https:\/\/www.smedemokrati.sk\/cs\/author\/miro-sopko\/\"}]}<\/script>\n<!-- \/ Yoast SEO plugin. -->","yoast_head_json":{"title":"Fico zva\u017euje presun komun\u00e1lnych volieb na rok 2027","robots":{"index":"index","follow":"follow","max-snippet":"max-snippet:-1","max-image-preview":"max-image-preview:large","max-video-preview":"max-video-preview:-1"},"canonical":"https:\/\/www.smedemokrati.sk\/cs\/fico-zvazuje-presun-komunalnych-volieb-na-rok-2027\/","og_locale":"cs_CZ","og_type":"article","og_title":"[:sk]Fico zva\u017euje presun komun\u00e1lnych volieb na rok 2027[:] - Smedemokrati.sk","og_description":"Pod\u013ea inform\u00e1ci\u00ed Demokratov chce predseda vl\u00e1dy Robert Fico presun\u00fa\u0165 komun\u00e1lne vo\u013eby a\u017e na rok 2027 a zjednoti\u0165 ich s term\u00ednom volieb do n\u00e1rodnej rady.&nbsp; Opiera\u0165 sa m\u00e1 o \u00fadajn\u00e9 stanovisko \u00fastavn\u00e9ho s\u00fadu. Pripom\u00edname, \u017ee tak\u00fato zmenu je mo\u017en\u00e9 vykona\u0165 \u201eoby\u010dajn\u00fdm&#8220; z\u00e1konom, preto realiz\u00e1cia tohto z\u00e1meru m\u00f4\u017ee by\u0165 pomerne jednoduch\u00e1. \u201eNeexistuje \u017eiaden d\u00f4vod na tak\u00fato zmenu [&hellip;]","og_url":"https:\/\/www.smedemokrati.sk\/cs\/fico-zvazuje-presun-komunalnych-volieb-na-rok-2027\/","og_site_name":"Smedemokrati.sk","article_publisher":"https:\/\/www.facebook.com\/smedemokrati2023","article_published_time":"2025-08-27T14:51:51+00:00","og_image":[{"width":1920,"height":1080,"url":"https:\/\/www.smedemokrati.sk\/wp-content\/uploads\/2023\/06\/fico.jpg","type":"image\/jpeg"}],"author":"miro.sopko","twitter_card":"summary_large_image","twitter_misc":{"Napsal(a)":"miro.sopko","Odhadovan\u00e1 doba \u010dten\u00ed":"1 minuta"},"schema":{"@context":"https:\/\/schema.org","@graph":[{"@type":"Article","@id":"https:\/\/www.smedemokrati.sk\/fico-zvazuje-presun-komunalnych-volieb-na-rok-2027\/#article","isPartOf":{"@id":"https:\/\/www.smedemokrati.sk\/fico-zvazuje-presun-komunalnych-volieb-na-rok-2027\/"},"author":{"name":"miro.sopko","@id":"https:\/\/www.smedemokrati.sk\/#\/schema\/person\/21f147c88d605aa7ded900e1e7c344ba"},"headline":"Fico zva\u017euje presun komun\u00e1lnych volieb na rok 2027","datePublished":"2025-08-27T14:51:51+00:00","mainEntityOfPage":{"@id":"https:\/\/www.smedemokrati.sk\/fico-zvazuje-presun-komunalnych-volieb-na-rok-2027\/"},"wordCount":159,"publisher":{"@id":"https:\/\/www.smedemokrati.sk\/#organization"},"image":{"@id":"https:\/\/www.smedemokrati.sk\/fico-zvazuje-presun-komunalnych-volieb-na-rok-2027\/#primaryimage"},"thumbnailUrl":"https:\/\/www.smedemokrati.sk\/wp-content\/uploads\/2023\/06\/fico.jpg","articleSection":["Tla\u010dov\u00e9 spr\u00e1vy"],"inLanguage":"cs-CZ"},{"@type":"WebPage","@id":"https:\/\/www.smedemokrati.sk\/fico-zvazuje-presun-komunalnych-volieb-na-rok-2027\/","url":"https:\/\/www.smedemokrati.sk\/fico-zvazuje-presun-komunalnych-volieb-na-rok-2027\/","name":"Fico zva\u017euje presun komun\u00e1lnych volieb na rok 2027","isPartOf":{"@id":"https:\/\/www.smedemokrati.sk\/#website"},"primaryImageOfPage":{"@id":"https:\/\/www.smedemokrati.sk\/fico-zvazuje-presun-komunalnych-volieb-na-rok-2027\/#primaryimage"},"image":{"@id":"https:\/\/www.smedemokrati.sk\/fico-zvazuje-presun-komunalnych-volieb-na-rok-2027\/#primaryimage"},"thumbnailUrl":"https:\/\/www.smedemokrati.sk\/wp-content\/uploads\/2023\/06\/fico.jpg","datePublished":"2025-08-27T14:51:51+00:00","breadcrumb":{"@id":"https:\/\/www.smedemokrati.sk\/fico-zvazuje-presun-komunalnych-volieb-na-rok-2027\/#breadcrumb"},"inLanguage":"cs-CZ","potentialAction":[{"@type":"ReadAction","target":["https:\/\/www.smedemokrati.sk\/fico-zvazuje-presun-komunalnych-volieb-na-rok-2027\/"]}]},{"@type":"ImageObject","inLanguage":"cs-CZ","@id":"https:\/\/www.smedemokrati.sk\/fico-zvazuje-presun-komunalnych-volieb-na-rok-2027\/#primaryimage","url":"https:\/\/www.smedemokrati.sk\/wp-content\/uploads\/2023\/06\/fico.jpg","contentUrl":"https:\/\/www.smedemokrati.sk\/wp-content\/uploads\/2023\/06\/fico.jpg","width":1920,"height":1080},{"@type":"BreadcrumbList","@id":"https:\/\/www.smedemokrati.sk\/fico-zvazuje-presun-komunalnych-volieb-na-rok-2027\/#breadcrumb","itemListElement":[{"@type":"ListItem","position":1,"name":"Domovsk\u00e1 str\u00e1nka","item":"https:\/\/www.smedemokrati.sk\/"},{"@type":"ListItem","position":2,"name":"Fico zva\u017euje presun komun\u00e1lnych volieb na rok 2027"}]},{"@type":"WebSite","@id":"https:\/\/www.smedemokrati.sk\/#website","url":"https:\/\/www.smedemokrati.sk\/","name":"Smedemokrati.sk","description":"Demokracia a slu\u0161nos\u0165 zv\u00ed\u0165az\u00ed","publisher":{"@id":"https:\/\/www.smedemokrati.sk\/#organization"},"potentialAction":[{"@type":"SearchAction","target":{"@type":"EntryPoint","urlTemplate":"https:\/\/www.smedemokrati.sk\/?s={search_term_string}"},"query-input":{"@type":"PropertyValueSpecification","valueRequired":true,"valueName":"search_term_string"}}],"inLanguage":"cs-CZ"},{"@type":"Organization","@id":"https:\/\/www.smedemokrati.sk\/#organization","name":"Smedemokrati.sk","url":"https:\/\/www.smedemokrati.sk\/","logo":{"@type":"ImageObject","inLanguage":"cs-CZ","@id":"https:\/\/www.smedemokrati.sk\/#\/schema\/logo\/image\/","url":"https:\/\/www.smedemokrati.sk\/wp-content\/uploads\/2023\/04\/ff.002.jpeg","contentUrl":"https:\/\/www.smedemokrati.sk\/wp-content\/uploads\/2023\/04\/ff.002.jpeg","width":640,"height":480,"caption":"Smedemokrati.sk"},"image":{"@id":"https:\/\/www.smedemokrati.sk\/#\/schema\/logo\/image\/"},"sameAs":["https:\/\/www.facebook.com\/smedemokrati2023"]},{"@type":"Person","@id":"https:\/\/www.smedemokrati.sk\/#\/schema\/person\/21f147c88d605aa7ded900e1e7c344ba","name":"miro.sopko","image":{"@type":"ImageObject","inLanguage":"cs-CZ","@id":"https:\/\/secure.gravatar.com\/avatar\/267e4a36f704376c109afe3a78740c1f5dd8675a2180a908699e7863c9247606?s=96&d=mm&r=g","url":"https:\/\/secure.gravatar.com\/avatar\/267e4a36f704376c109afe3a78740c1f5dd8675a2180a908699e7863c9247606?s=96&d=mm&r=g","contentUrl":"https:\/\/secure.gravatar.com\/avatar\/267e4a36f704376c109afe3a78740c1f5dd8675a2180a908699e7863c9247606?s=96&d=mm&r=g","caption":"miro.sopko"},"url":"https:\/\/www.smedemokrati.sk\/cs\/author\/miro-sopko\/"}]}},"_links":{"self":[{"href":"https:\/\/www.smedemokrati.sk\/cs\/wp-json\/wp\/v2\/posts\/8011","targetHints":{"allow":["GET"]}}],"collection":[{"href":"https:\/\/www.smedemokrati.sk\/cs\/wp-json\/wp\/v2\/posts"}],"about":[{"href":"https:\/\/www.smedemokrati.sk\/cs\/wp-json\/wp\/v2\/types\/post"}],"author":[{"embeddable":true,"href":"https:\/\/www.smedemokrati.sk\/cs\/wp-json\/wp\/v2\/users\/13"}],"replies":[{"embeddable":true,"href":"https:\/\/www.smedemokrati.sk\/cs\/wp-json\/wp\/v2\/comments?post=8011"}],"version-history":[{"count":1,"href":"https:\/\/www.smedemokrati.sk\/cs\/wp-json\/wp\/v2\/posts\/8011\/revisions"}],"predecessor-version":[{"id":8012,"href":"https:\/\/www.smedemokrati.sk\/cs\/wp-json\/wp\/v2\/posts\/8011\/revisions\/8012"}],"wp:featuredmedia":[{"embeddable":true,"href":"https:\/\/www.smedemokrati.sk\/cs\/wp-json\/wp\/v2\/media\/1355"}],"wp:attachment":[{"href":"https:\/\/www.smedemokrati.sk\/cs\/wp-json\/wp\/v2\/media?parent=8011"}],"wp:term":[{"taxonomy":"category","embeddable":true,"href":"https:\/\/www.smedemokrati.sk\/cs\/wp-json\/wp\/v2\/categories?post=8011"},{"taxonomy":"post_tag","embeddable":true,"href":"https:\/\/www.smedemokrati.sk\/cs\/wp-json\/wp\/v2\/tags?post=8011"}],"curies":[{"name":"wp","href":"https:\/\/api.w.org\/{rel}","templated":true}]}}