{"id":7920,"date":"2025-08-11T14:28:54","date_gmt":"2025-08-11T13:28:54","guid":{"rendered":"https:\/\/www.smedemokrati.sk\/?p=7920"},"modified":"2025-08-11T14:28:54","modified_gmt":"2025-08-11T13:28:54","slug":"pellegriniho-kampan-a-pozicku-od-sestry-uz-preveruje-krajska-prokuratura-v-bratislave","status":"publish","type":"post","link":"https:\/\/www.smedemokrati.sk\/cs\/pellegriniho-kampan-a-pozicku-od-sestry-uz-preveruje-krajska-prokuratura-v-bratislave\/","title":{"rendered":"Pellegriniho kampa\u0148 a p\u00f4\u017ei\u010dku od sestry u\u017e preveruje Krajsk\u00e1 prokurat\u00fara v Bratislave"},"content":{"rendered":"<div id=\"fb-root\"><\/div>\n\n<p><strong>Strana Demokrati podala podnet na Gener\u00e1lnu prokurat\u00faru v s\u00favislosti s financovan\u00edm kampane Petra Pellegriniho, p\u00f4\u017ei\u010dkou od jeho sestry a najm\u00e4 rozporupln\u00fdmi vysvetleniami, ktor\u00e9 zneli z \u00fasta Mat\u00fa\u0161a \u0160utaja E\u0161toka. Od gener\u00e1lnej prokurat\u00fary strana dostala vyrozumenie, \u017ee vecou sa bude zaobera\u0165 Krajsk\u00e1 prokurat\u00fara v Bratislave, ktor\u00e1 je pr\u00edslu\u0161n\u00e1 na toto konanie.\u00a0<\/strong><\/p>\n\n\n\n<p><em><em>\u201e<\/em>Mat\u00fa\u0161 \u0160utaj E\u0161tok opakovane \u00fato\u010d\u00ed na opoz\u00edciu, m\u00e9di\u00e1 a ob\u010diansku spolo\u010dnos\u0165 s obvineniami, \u017ee sme netransparentn\u00ed alebo sme strojcami \u0161t\u00e1tnych prevratov. Je v\u0161ak zar\u00e1\u017eaj\u00face, \u017ee ke\u010f ide o jeho osobu, osobu prezidenta Pellegrinihou alebo Pellegriniho pani sestru, tak vtedy \u0160utaj ml\u010d\u00ed alebo argumentuje rodinou. Je to \u010fal\u0161ia uk\u00e1\u017eka dvojak\u00e9ho metra tejto vl\u00e1dnej koal\u00edcie.<\/em><strong><em>\u00a0\u010cim \u010falej t\u00fdm viac pribudaj\u00fa nezrovnalosti okolo prezidentskej kampane Petra Pellegriniho. Prezident sa zamot\u00e1va v pr\u00edbehu okolo p\u00f4\u017ei\u010diek, darov a netransparentnosti. P\u00e1n Pellegrini s kolegami to\u013eko hovorili, \u017ee v\u0161etko je kry\u0161\u00e1\u013eovo \u010dist\u00e9, a\u017e sa ten kry\u0161t\u00e1\u013e rozbil. Od Krajskej prokurat\u00fary o\u010dak\u00e1vame seri\u00f3zne vy\u0161etrenie, nie zametenie pod koberec. Z\u00e1kon plat\u00ed aj pre prezidenta a jeho sestru, kolegov a priate\u013eov.<\/em><\/strong>\u201d hovor\u00ed Juraj \u0160eliga podpredseda strany Demokrati.\u00a0<\/p>\n\n\n<div class=\"fb-video\" data-href=\"https:\/\/www.facebook.com\/reel\/1200693928528566\" data-allowfullscreen=\"true\" data-autoplay=\"false\" data-width=\"\" data-show-text=\"false\" data-show-captions=\"true\"><\/div>\n","protected":false},"excerpt":{"rendered":"<p>Strana Demokrati podala podnet na Gener\u00e1lnu prokurat\u00faru v s\u00favislosti s financovan\u00edm kampane Petra Pellegriniho, p\u00f4\u017ei\u010dkou od jeho sestry a najm\u00e4 rozporupln\u00fdmi vysvetleniami, ktor\u00e9 zneli z \u00fasta Mat\u00fa\u0161a \u0160utaja E\u0161toka. Od gener\u00e1lnej prokurat\u00fary strana dostala vyrozumenie, \u017ee vecou sa bude zaobera\u0165 Krajsk\u00e1 prokurat\u00fara v Bratislave, ktor\u00e1 je pr\u00edslu\u0161n\u00e1 na toto konanie.\u00a0 \u201eMat\u00fa\u0161 \u0160utaj E\u0161tok opakovane \u00fato\u010d\u00ed [&hellip;]<\/p>\n","protected":false},"author":13,"featured_media":930,"comment_status":"closed","ping_status":"closed","sticky":false,"template":"","format":"standard","meta":{"_acf_changed":false,"ngg_post_thumbnail":0,"footnotes":""},"categories":[4],"tags":[],"class_list":["post-7920","post","type-post","status-publish","format-standard","has-post-thumbnail","hentry","category-tlacove-spravy"],"acf":[],"yoast_head":"<!-- This site is optimized with the Yoast SEO plugin v27.2 - https:\/\/yoast.com\/product\/yoast-seo-wordpress\/ -->\n<title>Pellegriniho kampa\u0148 a p\u00f4\u017ei\u010dku od sestry u\u017e preveruje Krajsk\u00e1 prokurat\u00fara v Bratislave<\/title>\n<meta name=\"robots\" content=\"index, follow, max-snippet:-1, max-image-preview:large, max-video-preview:-1\" \/>\n<link rel=\"canonical\" href=\"https:\/\/www.smedemokrati.sk\/cs\/pellegriniho-kampan-a-pozicku-od-sestry-uz-preveruje-krajska-prokuratura-v-bratislave\/\" \/>\n<meta property=\"og:locale\" content=\"cs_CZ\" \/>\n<meta property=\"og:locale:alternate\" content=\"en_US\" \/>\n<meta property=\"og:locale:alternate\" content=\"hu_HU\" \/>\n<meta property=\"og:locale:alternate\" content=\"sk_SK\" \/>\n<meta property=\"og:locale:alternate\" content=\"sv_SE\" \/>\n<meta property=\"og:type\" content=\"article\" \/>\n<meta property=\"og:title\" content=\"Pellegriniho kampa\u0148 a p\u00f4\u017ei\u010dku od sestry u\u017e preveruje Krajsk\u00e1 prokurat\u00fara v Bratislave\" \/>\n<meta property=\"og:description\" content=\"Strana Demokrati podala podnet na Gener\u00e1lnu prokurat\u00faru v s\u00favislosti s financovan\u00edm kampane Petra Pellegriniho, p\u00f4\u017ei\u010dkou od jeho sestry a najm\u00e4 rozporupln\u00fdmi vysvetleniami, ktor\u00e9 zneli z \u00fasta Mat\u00fa\u0161a \u0160utaja E\u0161toka. Od gener\u00e1lnej prokurat\u00fary strana dostala vyrozumenie, \u017ee vecou sa bude zaobera\u0165 Krajsk\u00e1 prokurat\u00fara v Bratislave, ktor\u00e1 je pr\u00edslu\u0161n\u00e1 na toto konanie.\u00a0 \u201eMat\u00fa\u0161 \u0160utaj E\u0161tok opakovane \u00fato\u010d\u00ed [&hellip;]\" \/>\n<meta property=\"og:url\" content=\"https:\/\/www.smedemokrati.sk\/cs\/pellegriniho-kampan-a-pozicku-od-sestry-uz-preveruje-krajska-prokuratura-v-bratislave\/\" \/>\n<meta property=\"og:site_name\" content=\"Smedemokrati.sk\" \/>\n<meta property=\"article:publisher\" content=\"https:\/\/www.facebook.com\/smedemokrati2023\" \/>\n<meta property=\"article:published_time\" content=\"2025-08-11T13:28:54+00:00\" \/>\n<meta property=\"og:image\" content=\"https:\/\/www.smedemokrati.sk\/wp-content\/uploads\/2023\/04\/Images_web_portety_JS.jpg\" \/>\n\t<meta property=\"og:image:width\" content=\"1520\" \/>\n\t<meta property=\"og:image:height\" content=\"1080\" \/>\n\t<meta property=\"og:image:type\" content=\"image\/jpeg\" \/>\n<meta name=\"author\" content=\"miro.sopko\" \/>\n<meta name=\"twitter:card\" content=\"summary_large_image\" \/>\n<meta name=\"twitter:label1\" content=\"Napsal(a)\" \/>\n\t<meta name=\"twitter:data1\" content=\"miro.sopko\" \/>\n\t<meta name=\"twitter:label2\" content=\"Odhadovan\u00e1 doba \u010dten\u00ed\" \/>\n\t<meta name=\"twitter:data2\" content=\"2 minuty\" \/>\n<script type=\"application\/ld+json\" class=\"yoast-schema-graph\">{\"@context\":\"https:\/\/schema.org\",\"@graph\":[{\"@type\":\"Article\",\"@id\":\"https:\/\/www.smedemokrati.sk\/pellegriniho-kampan-a-pozicku-od-sestry-uz-preveruje-krajska-prokuratura-v-bratislave\/#article\",\"isPartOf\":{\"@id\":\"https:\/\/www.smedemokrati.sk\/pellegriniho-kampan-a-pozicku-od-sestry-uz-preveruje-krajska-prokuratura-v-bratislave\/\"},\"author\":{\"name\":\"miro.sopko\",\"@id\":\"https:\/\/www.smedemokrati.sk\/#\/schema\/person\/21f147c88d605aa7ded900e1e7c344ba\"},\"headline\":\"Pellegriniho kampa\u0148 a p\u00f4\u017ei\u010dku od sestry u\u017e preveruje Krajsk\u00e1 prokurat\u00fara v Bratislave\",\"datePublished\":\"2025-08-11T13:28:54+00:00\",\"mainEntityOfPage\":{\"@id\":\"https:\/\/www.smedemokrati.sk\/pellegriniho-kampan-a-pozicku-od-sestry-uz-preveruje-krajska-prokuratura-v-bratislave\/\"},\"wordCount\":238,\"publisher\":{\"@id\":\"https:\/\/www.smedemokrati.sk\/#organization\"},\"image\":{\"@id\":\"https:\/\/www.smedemokrati.sk\/pellegriniho-kampan-a-pozicku-od-sestry-uz-preveruje-krajska-prokuratura-v-bratislave\/#primaryimage\"},\"thumbnailUrl\":\"https:\/\/www.smedemokrati.sk\/wp-content\/uploads\/2023\/04\/Images_web_portety_JS.jpg\",\"articleSection\":[\"Tla\u010dov\u00e9 spr\u00e1vy\"],\"inLanguage\":\"cs-CZ\"},{\"@type\":\"WebPage\",\"@id\":\"https:\/\/www.smedemokrati.sk\/pellegriniho-kampan-a-pozicku-od-sestry-uz-preveruje-krajska-prokuratura-v-bratislave\/\",\"url\":\"https:\/\/www.smedemokrati.sk\/pellegriniho-kampan-a-pozicku-od-sestry-uz-preveruje-krajska-prokuratura-v-bratislave\/\",\"name\":\"Pellegriniho kampa\u0148 a p\u00f4\u017ei\u010dku od sestry u\u017e preveruje Krajsk\u00e1 prokurat\u00fara v Bratislave\",\"isPartOf\":{\"@id\":\"https:\/\/www.smedemokrati.sk\/#website\"},\"primaryImageOfPage\":{\"@id\":\"https:\/\/www.smedemokrati.sk\/pellegriniho-kampan-a-pozicku-od-sestry-uz-preveruje-krajska-prokuratura-v-bratislave\/#primaryimage\"},\"image\":{\"@id\":\"https:\/\/www.smedemokrati.sk\/pellegriniho-kampan-a-pozicku-od-sestry-uz-preveruje-krajska-prokuratura-v-bratislave\/#primaryimage\"},\"thumbnailUrl\":\"https:\/\/www.smedemokrati.sk\/wp-content\/uploads\/2023\/04\/Images_web_portety_JS.jpg\",\"datePublished\":\"2025-08-11T13:28:54+00:00\",\"breadcrumb\":{\"@id\":\"https:\/\/www.smedemokrati.sk\/pellegriniho-kampan-a-pozicku-od-sestry-uz-preveruje-krajska-prokuratura-v-bratislave\/#breadcrumb\"},\"inLanguage\":\"cs-CZ\",\"potentialAction\":[{\"@type\":\"ReadAction\",\"target\":[\"https:\/\/www.smedemokrati.sk\/pellegriniho-kampan-a-pozicku-od-sestry-uz-preveruje-krajska-prokuratura-v-bratislave\/\"]}]},{\"@type\":\"ImageObject\",\"inLanguage\":\"cs-CZ\",\"@id\":\"https:\/\/www.smedemokrati.sk\/pellegriniho-kampan-a-pozicku-od-sestry-uz-preveruje-krajska-prokuratura-v-bratislave\/#primaryimage\",\"url\":\"https:\/\/www.smedemokrati.sk\/wp-content\/uploads\/2023\/04\/Images_web_portety_JS.jpg\",\"contentUrl\":\"https:\/\/www.smedemokrati.sk\/wp-content\/uploads\/2023\/04\/Images_web_portety_JS.jpg\",\"width\":1520,\"height\":1080},{\"@type\":\"BreadcrumbList\",\"@id\":\"https:\/\/www.smedemokrati.sk\/pellegriniho-kampan-a-pozicku-od-sestry-uz-preveruje-krajska-prokuratura-v-bratislave\/#breadcrumb\",\"itemListElement\":[{\"@type\":\"ListItem\",\"position\":1,\"name\":\"Domovsk\u00e1 str\u00e1nka\",\"item\":\"https:\/\/www.smedemokrati.sk\/\"},{\"@type\":\"ListItem\",\"position\":2,\"name\":\"Pellegriniho kampa\u0148 a p\u00f4\u017ei\u010dku od sestry u\u017e preveruje Krajsk\u00e1 prokurat\u00fara v Bratislave\"}]},{\"@type\":\"WebSite\",\"@id\":\"https:\/\/www.smedemokrati.sk\/#website\",\"url\":\"https:\/\/www.smedemokrati.sk\/\",\"name\":\"Smedemokrati.sk\",\"description\":\"Demokracia a slu\u0161nos\u0165 zv\u00ed\u0165az\u00ed\",\"publisher\":{\"@id\":\"https:\/\/www.smedemokrati.sk\/#organization\"},\"potentialAction\":[{\"@type\":\"SearchAction\",\"target\":{\"@type\":\"EntryPoint\",\"urlTemplate\":\"https:\/\/www.smedemokrati.sk\/?s={search_term_string}\"},\"query-input\":{\"@type\":\"PropertyValueSpecification\",\"valueRequired\":true,\"valueName\":\"search_term_string\"}}],\"inLanguage\":\"cs-CZ\"},{\"@type\":\"Organization\",\"@id\":\"https:\/\/www.smedemokrati.sk\/#organization\",\"name\":\"Smedemokrati.sk\",\"url\":\"https:\/\/www.smedemokrati.sk\/\",\"logo\":{\"@type\":\"ImageObject\",\"inLanguage\":\"cs-CZ\",\"@id\":\"https:\/\/www.smedemokrati.sk\/#\/schema\/logo\/image\/\",\"url\":\"https:\/\/www.smedemokrati.sk\/wp-content\/uploads\/2023\/04\/ff.002.jpeg\",\"contentUrl\":\"https:\/\/www.smedemokrati.sk\/wp-content\/uploads\/2023\/04\/ff.002.jpeg\",\"width\":640,\"height\":480,\"caption\":\"Smedemokrati.sk\"},\"image\":{\"@id\":\"https:\/\/www.smedemokrati.sk\/#\/schema\/logo\/image\/\"},\"sameAs\":[\"https:\/\/www.facebook.com\/smedemokrati2023\"]},{\"@type\":\"Person\",\"@id\":\"https:\/\/www.smedemokrati.sk\/#\/schema\/person\/21f147c88d605aa7ded900e1e7c344ba\",\"name\":\"miro.sopko\",\"image\":{\"@type\":\"ImageObject\",\"inLanguage\":\"cs-CZ\",\"@id\":\"https:\/\/secure.gravatar.com\/avatar\/267e4a36f704376c109afe3a78740c1f5dd8675a2180a908699e7863c9247606?s=96&d=mm&r=g\",\"url\":\"https:\/\/secure.gravatar.com\/avatar\/267e4a36f704376c109afe3a78740c1f5dd8675a2180a908699e7863c9247606?s=96&d=mm&r=g\",\"contentUrl\":\"https:\/\/secure.gravatar.com\/avatar\/267e4a36f704376c109afe3a78740c1f5dd8675a2180a908699e7863c9247606?s=96&d=mm&r=g\",\"caption\":\"miro.sopko\"},\"url\":\"https:\/\/www.smedemokrati.sk\/cs\/author\/miro-sopko\/\"}]}<\/script>\n<!-- \/ Yoast SEO plugin. -->","yoast_head_json":{"title":"Pellegriniho kampa\u0148 a p\u00f4\u017ei\u010dku od sestry u\u017e preveruje Krajsk\u00e1 prokurat\u00fara v Bratislave","robots":{"index":"index","follow":"follow","max-snippet":"max-snippet:-1","max-image-preview":"max-image-preview:large","max-video-preview":"max-video-preview:-1"},"canonical":"https:\/\/www.smedemokrati.sk\/cs\/pellegriniho-kampan-a-pozicku-od-sestry-uz-preveruje-krajska-prokuratura-v-bratislave\/","og_locale":"cs_CZ","og_type":"article","og_title":"[:sk]Pellegriniho kampa\u0148 a p\u00f4\u017ei\u010dku od sestry u\u017e preveruje Krajsk\u00e1 prokurat\u00fara v Bratislave[:] - Smedemokrati.sk","og_description":"Strana Demokrati podala podnet na Gener\u00e1lnu prokurat\u00faru v s\u00favislosti s financovan\u00edm kampane Petra Pellegriniho, p\u00f4\u017ei\u010dkou od jeho sestry a najm\u00e4 rozporupln\u00fdmi vysvetleniami, ktor\u00e9 zneli z \u00fasta Mat\u00fa\u0161a \u0160utaja E\u0161toka. Od gener\u00e1lnej prokurat\u00fary strana dostala vyrozumenie, \u017ee vecou sa bude zaobera\u0165 Krajsk\u00e1 prokurat\u00fara v Bratislave, ktor\u00e1 je pr\u00edslu\u0161n\u00e1 na toto konanie.\u00a0 \u201eMat\u00fa\u0161 \u0160utaj E\u0161tok opakovane \u00fato\u010d\u00ed [&hellip;]","og_url":"https:\/\/www.smedemokrati.sk\/cs\/pellegriniho-kampan-a-pozicku-od-sestry-uz-preveruje-krajska-prokuratura-v-bratislave\/","og_site_name":"Smedemokrati.sk","article_publisher":"https:\/\/www.facebook.com\/smedemokrati2023","article_published_time":"2025-08-11T13:28:54+00:00","og_image":[{"width":1520,"height":1080,"url":"https:\/\/www.smedemokrati.sk\/wp-content\/uploads\/2023\/04\/Images_web_portety_JS.jpg","type":"image\/jpeg"}],"author":"miro.sopko","twitter_card":"summary_large_image","twitter_misc":{"Napsal(a)":"miro.sopko","Odhadovan\u00e1 doba \u010dten\u00ed":"2 minuty"},"schema":{"@context":"https:\/\/schema.org","@graph":[{"@type":"Article","@id":"https:\/\/www.smedemokrati.sk\/pellegriniho-kampan-a-pozicku-od-sestry-uz-preveruje-krajska-prokuratura-v-bratislave\/#article","isPartOf":{"@id":"https:\/\/www.smedemokrati.sk\/pellegriniho-kampan-a-pozicku-od-sestry-uz-preveruje-krajska-prokuratura-v-bratislave\/"},"author":{"name":"miro.sopko","@id":"https:\/\/www.smedemokrati.sk\/#\/schema\/person\/21f147c88d605aa7ded900e1e7c344ba"},"headline":"Pellegriniho kampa\u0148 a p\u00f4\u017ei\u010dku od sestry u\u017e preveruje Krajsk\u00e1 prokurat\u00fara v Bratislave","datePublished":"2025-08-11T13:28:54+00:00","mainEntityOfPage":{"@id":"https:\/\/www.smedemokrati.sk\/pellegriniho-kampan-a-pozicku-od-sestry-uz-preveruje-krajska-prokuratura-v-bratislave\/"},"wordCount":238,"publisher":{"@id":"https:\/\/www.smedemokrati.sk\/#organization"},"image":{"@id":"https:\/\/www.smedemokrati.sk\/pellegriniho-kampan-a-pozicku-od-sestry-uz-preveruje-krajska-prokuratura-v-bratislave\/#primaryimage"},"thumbnailUrl":"https:\/\/www.smedemokrati.sk\/wp-content\/uploads\/2023\/04\/Images_web_portety_JS.jpg","articleSection":["Tla\u010dov\u00e9 spr\u00e1vy"],"inLanguage":"cs-CZ"},{"@type":"WebPage","@id":"https:\/\/www.smedemokrati.sk\/pellegriniho-kampan-a-pozicku-od-sestry-uz-preveruje-krajska-prokuratura-v-bratislave\/","url":"https:\/\/www.smedemokrati.sk\/pellegriniho-kampan-a-pozicku-od-sestry-uz-preveruje-krajska-prokuratura-v-bratislave\/","name":"Pellegriniho kampa\u0148 a p\u00f4\u017ei\u010dku od sestry u\u017e preveruje Krajsk\u00e1 prokurat\u00fara v Bratislave","isPartOf":{"@id":"https:\/\/www.smedemokrati.sk\/#website"},"primaryImageOfPage":{"@id":"https:\/\/www.smedemokrati.sk\/pellegriniho-kampan-a-pozicku-od-sestry-uz-preveruje-krajska-prokuratura-v-bratislave\/#primaryimage"},"image":{"@id":"https:\/\/www.smedemokrati.sk\/pellegriniho-kampan-a-pozicku-od-sestry-uz-preveruje-krajska-prokuratura-v-bratislave\/#primaryimage"},"thumbnailUrl":"https:\/\/www.smedemokrati.sk\/wp-content\/uploads\/2023\/04\/Images_web_portety_JS.jpg","datePublished":"2025-08-11T13:28:54+00:00","breadcrumb":{"@id":"https:\/\/www.smedemokrati.sk\/pellegriniho-kampan-a-pozicku-od-sestry-uz-preveruje-krajska-prokuratura-v-bratislave\/#breadcrumb"},"inLanguage":"cs-CZ","potentialAction":[{"@type":"ReadAction","target":["https:\/\/www.smedemokrati.sk\/pellegriniho-kampan-a-pozicku-od-sestry-uz-preveruje-krajska-prokuratura-v-bratislave\/"]}]},{"@type":"ImageObject","inLanguage":"cs-CZ","@id":"https:\/\/www.smedemokrati.sk\/pellegriniho-kampan-a-pozicku-od-sestry-uz-preveruje-krajska-prokuratura-v-bratislave\/#primaryimage","url":"https:\/\/www.smedemokrati.sk\/wp-content\/uploads\/2023\/04\/Images_web_portety_JS.jpg","contentUrl":"https:\/\/www.smedemokrati.sk\/wp-content\/uploads\/2023\/04\/Images_web_portety_JS.jpg","width":1520,"height":1080},{"@type":"BreadcrumbList","@id":"https:\/\/www.smedemokrati.sk\/pellegriniho-kampan-a-pozicku-od-sestry-uz-preveruje-krajska-prokuratura-v-bratislave\/#breadcrumb","itemListElement":[{"@type":"ListItem","position":1,"name":"Domovsk\u00e1 str\u00e1nka","item":"https:\/\/www.smedemokrati.sk\/"},{"@type":"ListItem","position":2,"name":"Pellegriniho kampa\u0148 a p\u00f4\u017ei\u010dku od sestry u\u017e preveruje Krajsk\u00e1 prokurat\u00fara v Bratislave"}]},{"@type":"WebSite","@id":"https:\/\/www.smedemokrati.sk\/#website","url":"https:\/\/www.smedemokrati.sk\/","name":"Smedemokrati.sk","description":"Demokracia a slu\u0161nos\u0165 zv\u00ed\u0165az\u00ed","publisher":{"@id":"https:\/\/www.smedemokrati.sk\/#organization"},"potentialAction":[{"@type":"SearchAction","target":{"@type":"EntryPoint","urlTemplate":"https:\/\/www.smedemokrati.sk\/?s={search_term_string}"},"query-input":{"@type":"PropertyValueSpecification","valueRequired":true,"valueName":"search_term_string"}}],"inLanguage":"cs-CZ"},{"@type":"Organization","@id":"https:\/\/www.smedemokrati.sk\/#organization","name":"Smedemokrati.sk","url":"https:\/\/www.smedemokrati.sk\/","logo":{"@type":"ImageObject","inLanguage":"cs-CZ","@id":"https:\/\/www.smedemokrati.sk\/#\/schema\/logo\/image\/","url":"https:\/\/www.smedemokrati.sk\/wp-content\/uploads\/2023\/04\/ff.002.jpeg","contentUrl":"https:\/\/www.smedemokrati.sk\/wp-content\/uploads\/2023\/04\/ff.002.jpeg","width":640,"height":480,"caption":"Smedemokrati.sk"},"image":{"@id":"https:\/\/www.smedemokrati.sk\/#\/schema\/logo\/image\/"},"sameAs":["https:\/\/www.facebook.com\/smedemokrati2023"]},{"@type":"Person","@id":"https:\/\/www.smedemokrati.sk\/#\/schema\/person\/21f147c88d605aa7ded900e1e7c344ba","name":"miro.sopko","image":{"@type":"ImageObject","inLanguage":"cs-CZ","@id":"https:\/\/secure.gravatar.com\/avatar\/267e4a36f704376c109afe3a78740c1f5dd8675a2180a908699e7863c9247606?s=96&d=mm&r=g","url":"https:\/\/secure.gravatar.com\/avatar\/267e4a36f704376c109afe3a78740c1f5dd8675a2180a908699e7863c9247606?s=96&d=mm&r=g","contentUrl":"https:\/\/secure.gravatar.com\/avatar\/267e4a36f704376c109afe3a78740c1f5dd8675a2180a908699e7863c9247606?s=96&d=mm&r=g","caption":"miro.sopko"},"url":"https:\/\/www.smedemokrati.sk\/cs\/author\/miro-sopko\/"}]}},"_links":{"self":[{"href":"https:\/\/www.smedemokrati.sk\/cs\/wp-json\/wp\/v2\/posts\/7920","targetHints":{"allow":["GET"]}}],"collection":[{"href":"https:\/\/www.smedemokrati.sk\/cs\/wp-json\/wp\/v2\/posts"}],"about":[{"href":"https:\/\/www.smedemokrati.sk\/cs\/wp-json\/wp\/v2\/types\/post"}],"author":[{"embeddable":true,"href":"https:\/\/www.smedemokrati.sk\/cs\/wp-json\/wp\/v2\/users\/13"}],"replies":[{"embeddable":true,"href":"https:\/\/www.smedemokrati.sk\/cs\/wp-json\/wp\/v2\/comments?post=7920"}],"version-history":[{"count":1,"href":"https:\/\/www.smedemokrati.sk\/cs\/wp-json\/wp\/v2\/posts\/7920\/revisions"}],"predecessor-version":[{"id":7921,"href":"https:\/\/www.smedemokrati.sk\/cs\/wp-json\/wp\/v2\/posts\/7920\/revisions\/7921"}],"wp:featuredmedia":[{"embeddable":true,"href":"https:\/\/www.smedemokrati.sk\/cs\/wp-json\/wp\/v2\/media\/930"}],"wp:attachment":[{"href":"https:\/\/www.smedemokrati.sk\/cs\/wp-json\/wp\/v2\/media?parent=7920"}],"wp:term":[{"taxonomy":"category","embeddable":true,"href":"https:\/\/www.smedemokrati.sk\/cs\/wp-json\/wp\/v2\/categories?post=7920"},{"taxonomy":"post_tag","embeddable":true,"href":"https:\/\/www.smedemokrati.sk\/cs\/wp-json\/wp\/v2\/tags?post=7920"}],"curies":[{"name":"wp","href":"https:\/\/api.w.org\/{rel}","templated":true}]}}