{"id":7899,"date":"2025-08-07T15:42:30","date_gmt":"2025-08-07T14:42:30","guid":{"rendered":"https:\/\/www.smedemokrati.sk\/?p=7899"},"modified":"2025-08-07T15:42:31","modified_gmt":"2025-08-07T14:42:31","slug":"predkladame-zakon-na-podporu-slovenskych-spracovatelov-dreva","status":"publish","type":"post","link":"https:\/\/www.smedemokrati.sk\/cs\/predkladame-zakon-na-podporu-slovenskych-spracovatelov-dreva\/","title":{"rendered":"Predklad\u00e1me z\u00e1kon na podporu slovensk\u00fdch spracovate\u013eov dreva"},"content":{"rendered":"<div id=\"fb-root\"><\/div>\n\n<p><strong>Demokrati predkladaj\u00fa v spolupr\u00e1ci s poslancom NR SR \u013dubom\u00edrom Galkom n\u00e1vrh z\u00e1kona, ktor\u00fd by ukladal povinnos\u0165 \u0161t\u00e1tnych obhospodarovate\u013eov lesov zv\u00fdhod\u0148ova\u0165 lok\u00e1lnych spracovate\u013eov dreva pri predaji dreva. Reagujeme tak na absurdn\u00fa situ\u00e1ciu, \u017ee k\u00fdm \u0165a\u017eba v slovensk\u00fdch lesoch st\u00fapa, dom\u00e1ci spracovatelia poci\u0165uj\u00fa nedostatok dreva.\u00a0<\/strong><\/p>\n\n\n\n<p>Neakceptovate\u013en\u00fa situ\u00e1ciu odhalila kauza v\u00fdvoru dreva z Tatransk\u00e9ho n\u00e1rodn\u00e9ho parku do Rumunska, hoci drevo malo kon\u010di\u0165 u lok\u00e1lneho spracovate\u013ea. Tarabova obhajoba bola nato\u013eko absurdn\u00e1, \u017ee ju vyvr\u00e1til Zv\u00e4z spracovate\u013eov dreva SR. Minister Tak\u00e1\u010d s Lesmi SR a minister Taraba s n\u00e1rodn\u00fdmi parkami naplno ignoruj\u00fa z\u00e1v\u00e4zok z programov\u00e9ho vyhl\u00e1senia vl\u00e1dy podporova\u0165 slovensk\u00fd drevospracuj\u00faci sektor a konaj\u00fa prospech priekupn\u00edkov dreva. <em><em>\u201e<\/em>Ako je mo\u017en\u00e9, \u017ee Lesy SR vykazuj\u00fa rekordn\u00e9 \u0165a\u017eby a tr\u017eby z dreva, ale dom\u00e1ci spracovatelia sa s\u0165a\u017euj\u00fa na jeho nedostatok? Ako je mo\u017en\u00e9, \u017ee lok\u00e1lny spracovate\u013e v \u010ciernom Balogu, kde sa vy\u0165a\u017eilo za minul\u00fd rok viac ako mili\u00f3n kub\u00edkov dreva, musel zh\u00e1\u0148a\u0165 drevo a\u017e niekde pri nemeck\u00fdch hraniciach. Pre\u010do avizuj\u00fa spracovatelia dreva na Gemeri prep\u00fa\u0161\u0165anie, hoci sa \u0165a\u017e\u00ed rekordne? Odpove\u010f m\u00f4\u017ee by\u0165 jedin\u00e1, a to, \u017ee Tak\u00e1\u010d toleruje v \u0161t\u00e1tnych lesoch priekupn\u00edkov s drevom. A Tarabu sa p\u00fdtame, ako je mo\u017en\u00e9, \u017ee za jeho p\u00f4sobenia uzavrel N\u00e1rodn\u00fd park Mur\u00e1nska planina minul\u00fd rok zmluvu na predaj dreva za 3,2 mil. eur pre nezn\u00e1meho \u017eivnostn\u00edka z Pre\u0161ova bez spracovate\u013esk\u00fdch kapac\u00edt? Ak m\u00e1 podobn\u00fdch zml\u00fav uzavret\u00fdch 24, tak to mu gratulujeme\u2026,<\/em>\u201d otv\u00e1ra t\u00e9mu Michal Ki\u010da, enviroexpert Demokratov.\u00a0<\/p>\n\n\n\n<p><em><em>\u201e<\/em>Na\u0161e rie\u0161enie je jasn\u00e9. Novelou z\u00e1kona o uv\u00e1dzan\u00ed dreva na vn\u00fatorn\u00fd trh chceme ulo\u017ei\u0165 \u0161t\u00e1tnym obhospodarovate\u013eom lesov povinnos\u0165 zoh\u013ead\u0148ova\u0165 po\u017eiadavky lok\u00e1lnych spracovate\u013eov v tzv. ratingovom syst\u00e9me. Ten by mal upravova\u0165 predaj spracovate\u013eom s \u010do najvy\u0161\u0161ou pridanou hodnotou, najmen\u0161ou klimatickou stopou prevozu \u010di po\u010det vytvoren\u00fdch pracovn\u00fdch miest. Stabilitu ratingov\u00e9ho syst\u00e9mu zabezpe\u010d\u00ed, \u017ee bude schva\u013eovan\u00fd vl\u00e1dou po pripomienkovom konan\u00ed. \u00da\u010das\u0165 priekupn\u00edkov by bola vyl\u00fa\u010den\u00e1 z\u00e1kazom \u010fal\u0161ieho predaja dreva in\u00fdm subjektom bez s\u00fahlasu \u0161t\u00e1tnych lesov alebo spr\u00e1v n\u00e1rodn\u00fdch parkov,<\/em>\u201d vysvet\u013euje n\u00e1vrh z\u00e1kona Michal Ki\u010da.\u00a0<\/p>\n\n\n\n<p><em><em>\u201e<\/em><\/em><strong>S n\u00e1vrhom z\u00e1kona sa obraciame aj na z\u00e1stupcov spracovate\u013eov dreva a opozi\u010dn\u00fdch partnerov. Ak Taraba s Tak\u00e1\u010dom svoje \u201cvlastenectvo\u201d len nepredstieraj\u00fa a syst\u00e9m priekupn\u00edkov s drevom im nevyhovuje, nebud\u00fa ma\u0165 probl\u00e9m z\u00e1kon podpori\u0165,<\/strong>\u201d uzavrel poslanec NR SR \u013dubom\u00edr Galko, ktor\u00fd je predkladate\u013eom n\u00e1vrhu z\u00e1kona. \u00a0<\/p>\n\n\n<div class=\"fb-video\" data-href=\"https:\/\/fb.watch\/BkrS8Vn80a\" data-allowfullscreen=\"true\" data-autoplay=\"false\" data-width=\"\" data-show-text=\"false\" data-show-captions=\"true\"><\/div>\n","protected":false},"excerpt":{"rendered":"<p>Demokrati predkladaj\u00fa v spolupr\u00e1ci s poslancom NR SR \u013dubom\u00edrom Galkom n\u00e1vrh z\u00e1kona, ktor\u00fd by ukladal povinnos\u0165 \u0161t\u00e1tnych obhospodarovate\u013eov lesov zv\u00fdhod\u0148ova\u0165 lok\u00e1lnych spracovate\u013eov dreva pri predaji dreva. Reagujeme tak na absurdn\u00fa situ\u00e1ciu, \u017ee k\u00fdm \u0165a\u017eba v slovensk\u00fdch lesoch st\u00fapa, dom\u00e1ci spracovatelia poci\u0165uj\u00fa nedostatok dreva.\u00a0 Neakceptovate\u013en\u00fa situ\u00e1ciu odhalila kauza v\u00fdvoru dreva z Tatransk\u00e9ho n\u00e1rodn\u00e9ho parku do Rumunska, [&hellip;]<\/p>\n","protected":false},"author":13,"featured_media":7900,"comment_status":"closed","ping_status":"closed","sticky":false,"template":"","format":"standard","meta":{"_acf_changed":false,"ngg_post_thumbnail":0,"footnotes":""},"categories":[4],"tags":[],"class_list":["post-7899","post","type-post","status-publish","format-standard","has-post-thumbnail","hentry","category-tlacove-spravy"],"acf":[],"yoast_head":"<!-- This site is optimized with the Yoast SEO plugin v27.2 - https:\/\/yoast.com\/product\/yoast-seo-wordpress\/ -->\n<title>Predklad\u00e1me z\u00e1kon na podporu slovensk\u00fdch spracovate\u013eov dreva<\/title>\n<meta name=\"robots\" content=\"index, follow, max-snippet:-1, max-image-preview:large, max-video-preview:-1\" \/>\n<link rel=\"canonical\" href=\"https:\/\/www.smedemokrati.sk\/cs\/predkladame-zakon-na-podporu-slovenskych-spracovatelov-dreva\/\" \/>\n<meta property=\"og:locale\" content=\"cs_CZ\" \/>\n<meta property=\"og:locale:alternate\" content=\"en_US\" \/>\n<meta property=\"og:locale:alternate\" content=\"hu_HU\" \/>\n<meta property=\"og:locale:alternate\" content=\"sk_SK\" \/>\n<meta property=\"og:locale:alternate\" content=\"sv_SE\" \/>\n<meta property=\"og:type\" content=\"article\" \/>\n<meta property=\"og:title\" content=\"Predklad\u00e1me z\u00e1kon na podporu slovensk\u00fdch spracovate\u013eov dreva\" \/>\n<meta property=\"og:description\" content=\"Demokrati predkladaj\u00fa v spolupr\u00e1ci s poslancom NR SR \u013dubom\u00edrom Galkom n\u00e1vrh z\u00e1kona, ktor\u00fd by ukladal povinnos\u0165 \u0161t\u00e1tnych obhospodarovate\u013eov lesov zv\u00fdhod\u0148ova\u0165 lok\u00e1lnych spracovate\u013eov dreva pri predaji dreva. Reagujeme tak na absurdn\u00fa situ\u00e1ciu, \u017ee k\u00fdm \u0165a\u017eba v slovensk\u00fdch lesoch st\u00fapa, dom\u00e1ci spracovatelia poci\u0165uj\u00fa nedostatok dreva.\u00a0 Neakceptovate\u013en\u00fa situ\u00e1ciu odhalila kauza v\u00fdvoru dreva z Tatransk\u00e9ho n\u00e1rodn\u00e9ho parku do Rumunska, [&hellip;]\" \/>\n<meta property=\"og:url\" content=\"https:\/\/www.smedemokrati.sk\/cs\/predkladame-zakon-na-podporu-slovenskych-spracovatelov-dreva\/\" \/>\n<meta property=\"og:site_name\" content=\"Smedemokrati.sk\" \/>\n<meta property=\"article:publisher\" content=\"https:\/\/www.facebook.com\/smedemokrati2023\" \/>\n<meta property=\"article:published_time\" content=\"2025-08-07T14:42:30+00:00\" \/>\n<meta property=\"article:modified_time\" content=\"2025-08-07T14:42:31+00:00\" \/>\n<meta property=\"og:image\" content=\"https:\/\/www.smedemokrati.sk\/wp-content\/uploads\/2025\/08\/zakon-podpora-sk-spracovatelov-dreva.jpg\" \/>\n\t<meta property=\"og:image:width\" content=\"1551\" \/>\n\t<meta property=\"og:image:height\" content=\"937\" \/>\n\t<meta property=\"og:image:type\" content=\"image\/jpeg\" \/>\n<meta name=\"author\" content=\"miro.sopko\" \/>\n<meta name=\"twitter:card\" content=\"summary_large_image\" \/>\n<meta name=\"twitter:label1\" content=\"Napsal(a)\" \/>\n\t<meta name=\"twitter:data1\" content=\"miro.sopko\" \/>\n\t<meta name=\"twitter:label2\" content=\"Odhadovan\u00e1 doba \u010dten\u00ed\" \/>\n\t<meta name=\"twitter:data2\" content=\"3 minuty\" \/>\n<script type=\"application\/ld+json\" class=\"yoast-schema-graph\">{\"@context\":\"https:\/\/schema.org\",\"@graph\":[{\"@type\":\"Article\",\"@id\":\"https:\/\/www.smedemokrati.sk\/predkladame-zakon-na-podporu-slovenskych-spracovatelov-dreva\/#article\",\"isPartOf\":{\"@id\":\"https:\/\/www.smedemokrati.sk\/predkladame-zakon-na-podporu-slovenskych-spracovatelov-dreva\/\"},\"author\":{\"name\":\"miro.sopko\",\"@id\":\"https:\/\/www.smedemokrati.sk\/#\/schema\/person\/21f147c88d605aa7ded900e1e7c344ba\"},\"headline\":\"Predklad\u00e1me z\u00e1kon na podporu slovensk\u00fdch spracovate\u013eov dreva\",\"datePublished\":\"2025-08-07T14:42:30+00:00\",\"dateModified\":\"2025-08-07T14:42:31+00:00\",\"mainEntityOfPage\":{\"@id\":\"https:\/\/www.smedemokrati.sk\/predkladame-zakon-na-podporu-slovenskych-spracovatelov-dreva\/\"},\"wordCount\":500,\"publisher\":{\"@id\":\"https:\/\/www.smedemokrati.sk\/#organization\"},\"image\":{\"@id\":\"https:\/\/www.smedemokrati.sk\/predkladame-zakon-na-podporu-slovenskych-spracovatelov-dreva\/#primaryimage\"},\"thumbnailUrl\":\"https:\/\/www.smedemokrati.sk\/wp-content\/uploads\/2025\/08\/zakon-podpora-sk-spracovatelov-dreva.jpg\",\"articleSection\":[\"Tla\u010dov\u00e9 spr\u00e1vy\"],\"inLanguage\":\"cs-CZ\"},{\"@type\":\"WebPage\",\"@id\":\"https:\/\/www.smedemokrati.sk\/predkladame-zakon-na-podporu-slovenskych-spracovatelov-dreva\/\",\"url\":\"https:\/\/www.smedemokrati.sk\/predkladame-zakon-na-podporu-slovenskych-spracovatelov-dreva\/\",\"name\":\"Predklad\u00e1me z\u00e1kon na podporu slovensk\u00fdch spracovate\u013eov dreva\",\"isPartOf\":{\"@id\":\"https:\/\/www.smedemokrati.sk\/#website\"},\"primaryImageOfPage\":{\"@id\":\"https:\/\/www.smedemokrati.sk\/predkladame-zakon-na-podporu-slovenskych-spracovatelov-dreva\/#primaryimage\"},\"image\":{\"@id\":\"https:\/\/www.smedemokrati.sk\/predkladame-zakon-na-podporu-slovenskych-spracovatelov-dreva\/#primaryimage\"},\"thumbnailUrl\":\"https:\/\/www.smedemokrati.sk\/wp-content\/uploads\/2025\/08\/zakon-podpora-sk-spracovatelov-dreva.jpg\",\"datePublished\":\"2025-08-07T14:42:30+00:00\",\"dateModified\":\"2025-08-07T14:42:31+00:00\",\"breadcrumb\":{\"@id\":\"https:\/\/www.smedemokrati.sk\/predkladame-zakon-na-podporu-slovenskych-spracovatelov-dreva\/#breadcrumb\"},\"inLanguage\":\"cs-CZ\",\"potentialAction\":[{\"@type\":\"ReadAction\",\"target\":[\"https:\/\/www.smedemokrati.sk\/predkladame-zakon-na-podporu-slovenskych-spracovatelov-dreva\/\"]}]},{\"@type\":\"ImageObject\",\"inLanguage\":\"cs-CZ\",\"@id\":\"https:\/\/www.smedemokrati.sk\/predkladame-zakon-na-podporu-slovenskych-spracovatelov-dreva\/#primaryimage\",\"url\":\"https:\/\/www.smedemokrati.sk\/wp-content\/uploads\/2025\/08\/zakon-podpora-sk-spracovatelov-dreva.jpg\",\"contentUrl\":\"https:\/\/www.smedemokrati.sk\/wp-content\/uploads\/2025\/08\/zakon-podpora-sk-spracovatelov-dreva.jpg\",\"width\":1551,\"height\":937},{\"@type\":\"BreadcrumbList\",\"@id\":\"https:\/\/www.smedemokrati.sk\/predkladame-zakon-na-podporu-slovenskych-spracovatelov-dreva\/#breadcrumb\",\"itemListElement\":[{\"@type\":\"ListItem\",\"position\":1,\"name\":\"Domovsk\u00e1 str\u00e1nka\",\"item\":\"https:\/\/www.smedemokrati.sk\/\"},{\"@type\":\"ListItem\",\"position\":2,\"name\":\"Predklad\u00e1me z\u00e1kon na podporu slovensk\u00fdch spracovate\u013eov dreva\"}]},{\"@type\":\"WebSite\",\"@id\":\"https:\/\/www.smedemokrati.sk\/#website\",\"url\":\"https:\/\/www.smedemokrati.sk\/\",\"name\":\"Smedemokrati.sk\",\"description\":\"Demokracia a slu\u0161nos\u0165 zv\u00ed\u0165az\u00ed\",\"publisher\":{\"@id\":\"https:\/\/www.smedemokrati.sk\/#organization\"},\"potentialAction\":[{\"@type\":\"SearchAction\",\"target\":{\"@type\":\"EntryPoint\",\"urlTemplate\":\"https:\/\/www.smedemokrati.sk\/?s={search_term_string}\"},\"query-input\":{\"@type\":\"PropertyValueSpecification\",\"valueRequired\":true,\"valueName\":\"search_term_string\"}}],\"inLanguage\":\"cs-CZ\"},{\"@type\":\"Organization\",\"@id\":\"https:\/\/www.smedemokrati.sk\/#organization\",\"name\":\"Smedemokrati.sk\",\"url\":\"https:\/\/www.smedemokrati.sk\/\",\"logo\":{\"@type\":\"ImageObject\",\"inLanguage\":\"cs-CZ\",\"@id\":\"https:\/\/www.smedemokrati.sk\/#\/schema\/logo\/image\/\",\"url\":\"https:\/\/www.smedemokrati.sk\/wp-content\/uploads\/2023\/04\/ff.002.jpeg\",\"contentUrl\":\"https:\/\/www.smedemokrati.sk\/wp-content\/uploads\/2023\/04\/ff.002.jpeg\",\"width\":640,\"height\":480,\"caption\":\"Smedemokrati.sk\"},\"image\":{\"@id\":\"https:\/\/www.smedemokrati.sk\/#\/schema\/logo\/image\/\"},\"sameAs\":[\"https:\/\/www.facebook.com\/smedemokrati2023\"]},{\"@type\":\"Person\",\"@id\":\"https:\/\/www.smedemokrati.sk\/#\/schema\/person\/21f147c88d605aa7ded900e1e7c344ba\",\"name\":\"miro.sopko\",\"image\":{\"@type\":\"ImageObject\",\"inLanguage\":\"cs-CZ\",\"@id\":\"https:\/\/secure.gravatar.com\/avatar\/267e4a36f704376c109afe3a78740c1f5dd8675a2180a908699e7863c9247606?s=96&d=mm&r=g\",\"url\":\"https:\/\/secure.gravatar.com\/avatar\/267e4a36f704376c109afe3a78740c1f5dd8675a2180a908699e7863c9247606?s=96&d=mm&r=g\",\"contentUrl\":\"https:\/\/secure.gravatar.com\/avatar\/267e4a36f704376c109afe3a78740c1f5dd8675a2180a908699e7863c9247606?s=96&d=mm&r=g\",\"caption\":\"miro.sopko\"},\"url\":\"https:\/\/www.smedemokrati.sk\/cs\/author\/miro-sopko\/\"}]}<\/script>\n<!-- \/ Yoast SEO plugin. -->","yoast_head_json":{"title":"Predklad\u00e1me z\u00e1kon na podporu slovensk\u00fdch spracovate\u013eov dreva","robots":{"index":"index","follow":"follow","max-snippet":"max-snippet:-1","max-image-preview":"max-image-preview:large","max-video-preview":"max-video-preview:-1"},"canonical":"https:\/\/www.smedemokrati.sk\/cs\/predkladame-zakon-na-podporu-slovenskych-spracovatelov-dreva\/","og_locale":"cs_CZ","og_type":"article","og_title":"[:sk]Predklad\u00e1me z\u00e1kon na podporu slovensk\u00fdch spracovate\u013eov dreva[:] - Smedemokrati.sk","og_description":"Demokrati predkladaj\u00fa v spolupr\u00e1ci s poslancom NR SR \u013dubom\u00edrom Galkom n\u00e1vrh z\u00e1kona, ktor\u00fd by ukladal povinnos\u0165 \u0161t\u00e1tnych obhospodarovate\u013eov lesov zv\u00fdhod\u0148ova\u0165 lok\u00e1lnych spracovate\u013eov dreva pri predaji dreva. Reagujeme tak na absurdn\u00fa situ\u00e1ciu, \u017ee k\u00fdm \u0165a\u017eba v slovensk\u00fdch lesoch st\u00fapa, dom\u00e1ci spracovatelia poci\u0165uj\u00fa nedostatok dreva.\u00a0 Neakceptovate\u013en\u00fa situ\u00e1ciu odhalila kauza v\u00fdvoru dreva z Tatransk\u00e9ho n\u00e1rodn\u00e9ho parku do Rumunska, [&hellip;]","og_url":"https:\/\/www.smedemokrati.sk\/cs\/predkladame-zakon-na-podporu-slovenskych-spracovatelov-dreva\/","og_site_name":"Smedemokrati.sk","article_publisher":"https:\/\/www.facebook.com\/smedemokrati2023","article_published_time":"2025-08-07T14:42:30+00:00","article_modified_time":"2025-08-07T14:42:31+00:00","og_image":[{"width":1551,"height":937,"url":"https:\/\/www.smedemokrati.sk\/wp-content\/uploads\/2025\/08\/zakon-podpora-sk-spracovatelov-dreva.jpg","type":"image\/jpeg"}],"author":"miro.sopko","twitter_card":"summary_large_image","twitter_misc":{"Napsal(a)":"miro.sopko","Odhadovan\u00e1 doba \u010dten\u00ed":"3 minuty"},"schema":{"@context":"https:\/\/schema.org","@graph":[{"@type":"Article","@id":"https:\/\/www.smedemokrati.sk\/predkladame-zakon-na-podporu-slovenskych-spracovatelov-dreva\/#article","isPartOf":{"@id":"https:\/\/www.smedemokrati.sk\/predkladame-zakon-na-podporu-slovenskych-spracovatelov-dreva\/"},"author":{"name":"miro.sopko","@id":"https:\/\/www.smedemokrati.sk\/#\/schema\/person\/21f147c88d605aa7ded900e1e7c344ba"},"headline":"Predklad\u00e1me z\u00e1kon na podporu slovensk\u00fdch spracovate\u013eov dreva","datePublished":"2025-08-07T14:42:30+00:00","dateModified":"2025-08-07T14:42:31+00:00","mainEntityOfPage":{"@id":"https:\/\/www.smedemokrati.sk\/predkladame-zakon-na-podporu-slovenskych-spracovatelov-dreva\/"},"wordCount":500,"publisher":{"@id":"https:\/\/www.smedemokrati.sk\/#organization"},"image":{"@id":"https:\/\/www.smedemokrati.sk\/predkladame-zakon-na-podporu-slovenskych-spracovatelov-dreva\/#primaryimage"},"thumbnailUrl":"https:\/\/www.smedemokrati.sk\/wp-content\/uploads\/2025\/08\/zakon-podpora-sk-spracovatelov-dreva.jpg","articleSection":["Tla\u010dov\u00e9 spr\u00e1vy"],"inLanguage":"cs-CZ"},{"@type":"WebPage","@id":"https:\/\/www.smedemokrati.sk\/predkladame-zakon-na-podporu-slovenskych-spracovatelov-dreva\/","url":"https:\/\/www.smedemokrati.sk\/predkladame-zakon-na-podporu-slovenskych-spracovatelov-dreva\/","name":"Predklad\u00e1me z\u00e1kon na podporu slovensk\u00fdch spracovate\u013eov dreva","isPartOf":{"@id":"https:\/\/www.smedemokrati.sk\/#website"},"primaryImageOfPage":{"@id":"https:\/\/www.smedemokrati.sk\/predkladame-zakon-na-podporu-slovenskych-spracovatelov-dreva\/#primaryimage"},"image":{"@id":"https:\/\/www.smedemokrati.sk\/predkladame-zakon-na-podporu-slovenskych-spracovatelov-dreva\/#primaryimage"},"thumbnailUrl":"https:\/\/www.smedemokrati.sk\/wp-content\/uploads\/2025\/08\/zakon-podpora-sk-spracovatelov-dreva.jpg","datePublished":"2025-08-07T14:42:30+00:00","dateModified":"2025-08-07T14:42:31+00:00","breadcrumb":{"@id":"https:\/\/www.smedemokrati.sk\/predkladame-zakon-na-podporu-slovenskych-spracovatelov-dreva\/#breadcrumb"},"inLanguage":"cs-CZ","potentialAction":[{"@type":"ReadAction","target":["https:\/\/www.smedemokrati.sk\/predkladame-zakon-na-podporu-slovenskych-spracovatelov-dreva\/"]}]},{"@type":"ImageObject","inLanguage":"cs-CZ","@id":"https:\/\/www.smedemokrati.sk\/predkladame-zakon-na-podporu-slovenskych-spracovatelov-dreva\/#primaryimage","url":"https:\/\/www.smedemokrati.sk\/wp-content\/uploads\/2025\/08\/zakon-podpora-sk-spracovatelov-dreva.jpg","contentUrl":"https:\/\/www.smedemokrati.sk\/wp-content\/uploads\/2025\/08\/zakon-podpora-sk-spracovatelov-dreva.jpg","width":1551,"height":937},{"@type":"BreadcrumbList","@id":"https:\/\/www.smedemokrati.sk\/predkladame-zakon-na-podporu-slovenskych-spracovatelov-dreva\/#breadcrumb","itemListElement":[{"@type":"ListItem","position":1,"name":"Domovsk\u00e1 str\u00e1nka","item":"https:\/\/www.smedemokrati.sk\/"},{"@type":"ListItem","position":2,"name":"Predklad\u00e1me z\u00e1kon na podporu slovensk\u00fdch spracovate\u013eov dreva"}]},{"@type":"WebSite","@id":"https:\/\/www.smedemokrati.sk\/#website","url":"https:\/\/www.smedemokrati.sk\/","name":"Smedemokrati.sk","description":"Demokracia a slu\u0161nos\u0165 zv\u00ed\u0165az\u00ed","publisher":{"@id":"https:\/\/www.smedemokrati.sk\/#organization"},"potentialAction":[{"@type":"SearchAction","target":{"@type":"EntryPoint","urlTemplate":"https:\/\/www.smedemokrati.sk\/?s={search_term_string}"},"query-input":{"@type":"PropertyValueSpecification","valueRequired":true,"valueName":"search_term_string"}}],"inLanguage":"cs-CZ"},{"@type":"Organization","@id":"https:\/\/www.smedemokrati.sk\/#organization","name":"Smedemokrati.sk","url":"https:\/\/www.smedemokrati.sk\/","logo":{"@type":"ImageObject","inLanguage":"cs-CZ","@id":"https:\/\/www.smedemokrati.sk\/#\/schema\/logo\/image\/","url":"https:\/\/www.smedemokrati.sk\/wp-content\/uploads\/2023\/04\/ff.002.jpeg","contentUrl":"https:\/\/www.smedemokrati.sk\/wp-content\/uploads\/2023\/04\/ff.002.jpeg","width":640,"height":480,"caption":"Smedemokrati.sk"},"image":{"@id":"https:\/\/www.smedemokrati.sk\/#\/schema\/logo\/image\/"},"sameAs":["https:\/\/www.facebook.com\/smedemokrati2023"]},{"@type":"Person","@id":"https:\/\/www.smedemokrati.sk\/#\/schema\/person\/21f147c88d605aa7ded900e1e7c344ba","name":"miro.sopko","image":{"@type":"ImageObject","inLanguage":"cs-CZ","@id":"https:\/\/secure.gravatar.com\/avatar\/267e4a36f704376c109afe3a78740c1f5dd8675a2180a908699e7863c9247606?s=96&d=mm&r=g","url":"https:\/\/secure.gravatar.com\/avatar\/267e4a36f704376c109afe3a78740c1f5dd8675a2180a908699e7863c9247606?s=96&d=mm&r=g","contentUrl":"https:\/\/secure.gravatar.com\/avatar\/267e4a36f704376c109afe3a78740c1f5dd8675a2180a908699e7863c9247606?s=96&d=mm&r=g","caption":"miro.sopko"},"url":"https:\/\/www.smedemokrati.sk\/cs\/author\/miro-sopko\/"}]}},"_links":{"self":[{"href":"https:\/\/www.smedemokrati.sk\/cs\/wp-json\/wp\/v2\/posts\/7899","targetHints":{"allow":["GET"]}}],"collection":[{"href":"https:\/\/www.smedemokrati.sk\/cs\/wp-json\/wp\/v2\/posts"}],"about":[{"href":"https:\/\/www.smedemokrati.sk\/cs\/wp-json\/wp\/v2\/types\/post"}],"author":[{"embeddable":true,"href":"https:\/\/www.smedemokrati.sk\/cs\/wp-json\/wp\/v2\/users\/13"}],"replies":[{"embeddable":true,"href":"https:\/\/www.smedemokrati.sk\/cs\/wp-json\/wp\/v2\/comments?post=7899"}],"version-history":[{"count":1,"href":"https:\/\/www.smedemokrati.sk\/cs\/wp-json\/wp\/v2\/posts\/7899\/revisions"}],"predecessor-version":[{"id":7901,"href":"https:\/\/www.smedemokrati.sk\/cs\/wp-json\/wp\/v2\/posts\/7899\/revisions\/7901"}],"wp:featuredmedia":[{"embeddable":true,"href":"https:\/\/www.smedemokrati.sk\/cs\/wp-json\/wp\/v2\/media\/7900"}],"wp:attachment":[{"href":"https:\/\/www.smedemokrati.sk\/cs\/wp-json\/wp\/v2\/media?parent=7899"}],"wp:term":[{"taxonomy":"category","embeddable":true,"href":"https:\/\/www.smedemokrati.sk\/cs\/wp-json\/wp\/v2\/categories?post=7899"},{"taxonomy":"post_tag","embeddable":true,"href":"https:\/\/www.smedemokrati.sk\/cs\/wp-json\/wp\/v2\/tags?post=7899"}],"curies":[{"name":"wp","href":"https:\/\/api.w.org\/{rel}","templated":true}]}}