{"id":7858,"date":"2025-08-04T14:24:48","date_gmt":"2025-08-04T13:24:48","guid":{"rendered":"https:\/\/www.smedemokrati.sk\/?p=7858"},"modified":"2025-08-04T14:24:49","modified_gmt":"2025-08-04T13:24:49","slug":"vyzyvame-vladu-na-opatrenia-aby-drevo-z-narodnych-parkov-nekoncilo-v-zahranici","status":"publish","type":"post","link":"https:\/\/www.smedemokrati.sk\/cs\/vyzyvame-vladu-na-opatrenia-aby-drevo-z-narodnych-parkov-nekoncilo-v-zahranici\/","title":{"rendered":"Vyz\u00fdvame vl\u00e1du na opatrenia, aby drevo z n\u00e1rodn\u00fdch parkov nekon\u010dilo v zahrani\u010d\u00ed"},"content":{"rendered":"<div id=\"fb-root\"><\/div>\n\n<p><strong>Dne\u0161n\u00e9 zistenie Denn\u00edka N v spolupr\u00e1ci s iniciat\u00edvou My sme les preuk\u00e1zalo, \u017ee pre Tarabu a Kuffu s\u00fa na\u0161e n\u00e1rodn\u00e9 parky len zdrojom biznisu \u2013 dokonca pre rumunsk\u00fd trh, ako ukazuje aktu\u00e1lny pr\u00edpad z Tatransk\u00e9ho n\u00e1rodn\u00e9ho parku.<\/strong><\/p>\n\n\n\n<p>Vyz\u00fdvame vl\u00e1du na d\u00f4sledn\u00fa realiz\u00e1ciu jedn\u00e9ho zo z\u00e1kladn\u00fdch pilierov reformy n\u00e1rodn\u00fdch parkov \u2013 prednostn\u00e9ho umiest\u0148ovania vy\u0165a\u017een\u00e9ho dreva pre miestne spracovate\u013esk\u00e9 kapacity. Tento princ\u00edp je mo\u017en\u00e9 nap\u013a\u0148a\u0165 prostredn\u00edctvom tzv. ratingov\u00e9ho syst\u00e9mu, ktor\u00fd sme zaviedli e\u0161te v janu\u00e1ri 2023. Mnoh\u00ed nominanti s\u00fa\u010dasnej vl\u00e1dy ho v\u0161ak ignoruj\u00fa. V\u010faka reforme n\u00e1rodn\u00fdch parkov do\u0161lo k v\u00fdrazn\u00e9mu zn\u00ed\u017eeniu \u0165a\u017eby dreva v najcennej\u0161\u00edch chr\u00e1nen\u00fdch \u00fazemiach. V pr\u00edpade ostatnej \u0165a\u017eby sme zaviedli usmernenie, ktor\u00e9 umo\u017e\u0148uje, aby a\u017e 100 % dreva smerovalo k lok\u00e1lnym spracovate\u013eom. Ratingov\u00fd syst\u00e9m sleduje vzdialenos\u0165 odvozu dreva (s d\u00f4razom na n\u00edzku emisn\u00fa stopu), to, \u010di ide o koncov\u00e9ho spracovate\u013ea, ak\u00fa pridan\u00fa hodnotu s drevom vytv\u00e1ra a ko\u013eko \u013eud\u00ed zamestn\u00e1va.<\/p>\n\n\n\n<p>\u201eDodr\u017eiavan\u00edm t\u00fdchto z\u00e1sad a predajom dreva v men\u0161\u00edch objemoch je mo\u017en\u00e9 prakticky vyl\u00fa\u010di\u0165 priekupn\u00edkov z re\u0165azca \u2013 pr\u00e1ve t\u00ed toti\u017e drevo z n\u00e1rodn\u00fdch parkov \u010dasto so ziskom vyv\u00e1\u017eaj\u00fa do zahrani\u010dia. Usmernenie zav\u00e4zuje spr\u00e1vy n\u00e1rodn\u00fdch parkov uprednostni\u0165 tak\u00e9 formy predaja, ktor\u00e9 najprv uspokoja potreby miestneho obyvate\u013estva \u2013 najm\u00e4 v oblasti palivov\u00e9ho dreva \u2013 a z\u00e1rove\u0148 aj region\u00e1lnych spracovate\u013eov. Mnoh\u00ed nominanti tejto vl\u00e1dy v\u0161ak usmernenie ignoruj\u00fa a k n\u00e1rodn\u00fdm parkom sa spr\u00e1vaj\u00fa ako k oby\u010dajn\u00fdm lesn\u00fdm z\u00e1vodom,\u201c vysvet\u013euje Michal Ki\u010da, enviroexpert strany Demokrati a b\u00fdval\u00fd \u0161t\u00e1tny tajomn\u00edk ministerstva \u017eivotn\u00e9ho prostredia.&#8220; Vyz\u00fdvame ministra Tarabu a \u0161t\u00e1tneho tajomn\u00edka Kuffu, aby uk\u00e1zali svoje \u2018n\u00e1rodniarstvo\u2019 a \u2018vlastenectvo\u2019 v praxi a zabezpe\u010dili d\u00f4sledn\u00e9 dodr\u017eiavanie tohto usmernenia \u2013 obzvl\u00e1\u0161\u0165 v \u010dase, ke\u010f \u0165a\u017eba v niektor\u00fdch n\u00e1rodn\u00fdch parkoch op\u00e4\u0165 st\u00fapa. Ich doteraj\u0161ie kroky v\u0161ak sved\u010dia o opaku.\u201c<\/p>\n\n\n\n<p>Demokrati podali e\u0161te koncom minul\u00e9ho roka trestn\u00e9 ozn\u00e1menie pre podozriv\u00e9 z\u00e1kazky na \u0165a\u017ebu dreva v n\u00e1rodn\u00fdch parkoch Mur\u00e1nska planina, Ve\u013ek\u00e1 Fatra a Tatransk\u00fd n\u00e1rodn\u00fd park. Taraba a Kuffa pod\u013ea Demokratov uprednost\u0148uj\u00fa lesn\u00edcke kliky, ktor\u00fdm je ukradnut\u00e1 nielen ochrana pr\u00edrody, ale ani len to, \u010di slovensk\u00e9 drevo kon\u010d\u00ed u dom\u00e1cich spracovate\u013eov alebo u ve\u013ek\u00fdch priekupn\u00edkov a n\u00e1sledne v zahrani\u010d\u00ed.<\/p>\n\n\n\n<p>D\u00f4sledkom je, \u017ee slovensk\u00e1 pr\u00edroda je op\u00e4\u0165 drancovan\u00e1 a miestni spracovatelia v susedstve n\u00e1rodn\u00fdch parkov sa \u010dasto k slovensk\u00e9mu drevu v\u00f4bec nedostan\u00fa. Pr\u00e1ve na tento probl\u00e9m reagovalo usmernenie z janu\u00e1ra 2023, ktor\u00e9 je v\u0161ak dnes v mnoh\u00fdch n\u00e1rodn\u00fdch parkoch pod\u013ea n\u00e1\u0161ho n\u00e1zoru z\u00e1merne ignorovan\u00e9. Op\u00e4\u0165 sa ukazuje, \u017ee Tarabovi a Kuffovi nejde o ochranu pr\u00edrody, ale len o pofid\u00e9rne k\u0161efty s drevom. Od nov\u00e9ho vedenia Tatransk\u00e9ho n\u00e1rodn\u00e9ho parku ne\u010dak\u00e1me \u017eiadnu pozit\u00edvnu zmenu. Pre p\u00e1r eur navy\u0161e zrejme nebude probl\u00e9m ohrozi\u0165 ani 500 mili\u00f3nov eur z Pl\u00e1nu obnovy, ke\u010f\u017ee dodr\u017eiavanie podmienok zon\u00e1ci\u00ed je podmienkou pre \u010fal\u0161ie tran\u017ee. \u201ePova\u017eujeme za \u0161kandal\u00f3zne, \u017ee envirorezort nem\u00e1 z\u00e1ujem zis\u0165ova\u0165, kde slovensk\u00e9 drevo kon\u010d\u00ed, a tento z\u00e1ujem mus\u00ed suplova\u0165 investigat\u00edvna pr\u00e1ca novin\u00e1rov a mimovl\u00e1dnych organiz\u00e1ci\u00ed \u2013 pr\u00e1ve t\u00fdch, na ktor\u00fdch Taraba s Kuffom tak radi a \u010dasto \u00fato\u010dia. Neprekvapilo by ma, keby namiesto re\u00e1lnych krokov na odstr\u00e1nenie pr\u00ed\u010din probl\u00e9mu sk\u00f4r spustili z\u00fafal\u00e9 p\u00e1tranie, ako k odhaleniu do\u0161lo a \u010di nehrozia \u010fal\u0161ie zistenia,\u201c uzavrel Michal Ki\u010da.<\/p>\n","protected":false},"excerpt":{"rendered":"<p>Dne\u0161n\u00e9 zistenie Denn\u00edka N v spolupr\u00e1ci s iniciat\u00edvou My sme les preuk\u00e1zalo, \u017ee pre Tarabu a Kuffu s\u00fa na\u0161e n\u00e1rodn\u00e9 parky len zdrojom biznisu \u2013 dokonca pre rumunsk\u00fd trh, ako ukazuje aktu\u00e1lny pr\u00edpad z Tatransk\u00e9ho n\u00e1rodn\u00e9ho parku. Vyz\u00fdvame vl\u00e1du na d\u00f4sledn\u00fa realiz\u00e1ciu jedn\u00e9ho zo z\u00e1kladn\u00fdch pilierov reformy n\u00e1rodn\u00fdch parkov \u2013 prednostn\u00e9ho umiest\u0148ovania vy\u0165a\u017een\u00e9ho dreva pre [&hellip;]<\/p>\n","protected":false},"author":13,"featured_media":7859,"comment_status":"closed","ping_status":"closed","sticky":false,"template":"","format":"standard","meta":{"_acf_changed":false,"ngg_post_thumbnail":0,"footnotes":""},"categories":[4],"tags":[],"class_list":["post-7858","post","type-post","status-publish","format-standard","has-post-thumbnail","hentry","category-tlacove-spravy"],"acf":[],"yoast_head":"<!-- This site is optimized with the Yoast SEO plugin v27.2 - https:\/\/yoast.com\/product\/yoast-seo-wordpress\/ -->\n<title>Vyz\u00fdvame vl\u00e1du na opatrenia, aby drevo z n\u00e1rodn\u00fdch parkov nekon\u010dilo v zahrani\u010d\u00ed<\/title>\n<meta name=\"robots\" content=\"index, follow, max-snippet:-1, max-image-preview:large, max-video-preview:-1\" \/>\n<link rel=\"canonical\" href=\"https:\/\/www.smedemokrati.sk\/cs\/vyzyvame-vladu-na-opatrenia-aby-drevo-z-narodnych-parkov-nekoncilo-v-zahranici\/\" \/>\n<meta property=\"og:locale\" content=\"cs_CZ\" \/>\n<meta property=\"og:locale:alternate\" content=\"en_US\" \/>\n<meta property=\"og:locale:alternate\" content=\"hu_HU\" \/>\n<meta property=\"og:locale:alternate\" content=\"sk_SK\" \/>\n<meta property=\"og:locale:alternate\" content=\"sv_SE\" \/>\n<meta property=\"og:type\" content=\"article\" \/>\n<meta property=\"og:title\" content=\"Vyz\u00fdvame vl\u00e1du na opatrenia, aby drevo z n\u00e1rodn\u00fdch parkov nekon\u010dilo v zahrani\u010d\u00ed\" \/>\n<meta property=\"og:description\" content=\"Dne\u0161n\u00e9 zistenie Denn\u00edka N v spolupr\u00e1ci s iniciat\u00edvou My sme les preuk\u00e1zalo, \u017ee pre Tarabu a Kuffu s\u00fa na\u0161e n\u00e1rodn\u00e9 parky len zdrojom biznisu \u2013 dokonca pre rumunsk\u00fd trh, ako ukazuje aktu\u00e1lny pr\u00edpad z Tatransk\u00e9ho n\u00e1rodn\u00e9ho parku. Vyz\u00fdvame vl\u00e1du na d\u00f4sledn\u00fa realiz\u00e1ciu jedn\u00e9ho zo z\u00e1kladn\u00fdch pilierov reformy n\u00e1rodn\u00fdch parkov \u2013 prednostn\u00e9ho umiest\u0148ovania vy\u0165a\u017een\u00e9ho dreva pre [&hellip;]\" \/>\n<meta property=\"og:url\" content=\"https:\/\/www.smedemokrati.sk\/cs\/vyzyvame-vladu-na-opatrenia-aby-drevo-z-narodnych-parkov-nekoncilo-v-zahranici\/\" \/>\n<meta property=\"og:site_name\" content=\"Smedemokrati.sk\" \/>\n<meta property=\"article:publisher\" content=\"https:\/\/www.facebook.com\/smedemokrati2023\" \/>\n<meta property=\"article:published_time\" content=\"2025-08-04T13:24:48+00:00\" \/>\n<meta property=\"article:modified_time\" content=\"2025-08-04T13:24:49+00:00\" \/>\n<meta property=\"og:image\" content=\"https:\/\/www.smedemokrati.sk\/wp-content\/uploads\/2025\/08\/12288.jpg\" \/>\n\t<meta property=\"og:image:width\" content=\"1000\" \/>\n\t<meta property=\"og:image:height\" content=\"667\" \/>\n\t<meta property=\"og:image:type\" content=\"image\/jpeg\" \/>\n<meta name=\"author\" content=\"miro.sopko\" \/>\n<meta name=\"twitter:card\" content=\"summary_large_image\" \/>\n<meta name=\"twitter:label1\" content=\"Napsal(a)\" \/>\n\t<meta name=\"twitter:data1\" content=\"miro.sopko\" \/>\n\t<meta name=\"twitter:label2\" content=\"Odhadovan\u00e1 doba \u010dten\u00ed\" \/>\n\t<meta name=\"twitter:data2\" content=\"3 minuty\" \/>\n<script type=\"application\/ld+json\" class=\"yoast-schema-graph\">{\"@context\":\"https:\/\/schema.org\",\"@graph\":[{\"@type\":\"Article\",\"@id\":\"https:\/\/www.smedemokrati.sk\/vyzyvame-vladu-na-opatrenia-aby-drevo-z-narodnych-parkov-nekoncilo-v-zahranici\/#article\",\"isPartOf\":{\"@id\":\"https:\/\/www.smedemokrati.sk\/vyzyvame-vladu-na-opatrenia-aby-drevo-z-narodnych-parkov-nekoncilo-v-zahranici\/\"},\"author\":{\"name\":\"miro.sopko\",\"@id\":\"https:\/\/www.smedemokrati.sk\/#\/schema\/person\/21f147c88d605aa7ded900e1e7c344ba\"},\"headline\":\"Vyz\u00fdvame vl\u00e1du na opatrenia, aby drevo z n\u00e1rodn\u00fdch parkov nekon\u010dilo v zahrani\u010d\u00ed\",\"datePublished\":\"2025-08-04T13:24:48+00:00\",\"dateModified\":\"2025-08-04T13:24:49+00:00\",\"mainEntityOfPage\":{\"@id\":\"https:\/\/www.smedemokrati.sk\/vyzyvame-vladu-na-opatrenia-aby-drevo-z-narodnych-parkov-nekoncilo-v-zahranici\/\"},\"wordCount\":691,\"publisher\":{\"@id\":\"https:\/\/www.smedemokrati.sk\/#organization\"},\"image\":{\"@id\":\"https:\/\/www.smedemokrati.sk\/vyzyvame-vladu-na-opatrenia-aby-drevo-z-narodnych-parkov-nekoncilo-v-zahranici\/#primaryimage\"},\"thumbnailUrl\":\"https:\/\/www.smedemokrati.sk\/wp-content\/uploads\/2025\/08\/12288.jpg\",\"articleSection\":[\"Tla\u010dov\u00e9 spr\u00e1vy\"],\"inLanguage\":\"cs-CZ\"},{\"@type\":\"WebPage\",\"@id\":\"https:\/\/www.smedemokrati.sk\/vyzyvame-vladu-na-opatrenia-aby-drevo-z-narodnych-parkov-nekoncilo-v-zahranici\/\",\"url\":\"https:\/\/www.smedemokrati.sk\/vyzyvame-vladu-na-opatrenia-aby-drevo-z-narodnych-parkov-nekoncilo-v-zahranici\/\",\"name\":\"Vyz\u00fdvame vl\u00e1du na opatrenia, aby drevo z n\u00e1rodn\u00fdch parkov nekon\u010dilo v zahrani\u010d\u00ed\",\"isPartOf\":{\"@id\":\"https:\/\/www.smedemokrati.sk\/#website\"},\"primaryImageOfPage\":{\"@id\":\"https:\/\/www.smedemokrati.sk\/vyzyvame-vladu-na-opatrenia-aby-drevo-z-narodnych-parkov-nekoncilo-v-zahranici\/#primaryimage\"},\"image\":{\"@id\":\"https:\/\/www.smedemokrati.sk\/vyzyvame-vladu-na-opatrenia-aby-drevo-z-narodnych-parkov-nekoncilo-v-zahranici\/#primaryimage\"},\"thumbnailUrl\":\"https:\/\/www.smedemokrati.sk\/wp-content\/uploads\/2025\/08\/12288.jpg\",\"datePublished\":\"2025-08-04T13:24:48+00:00\",\"dateModified\":\"2025-08-04T13:24:49+00:00\",\"breadcrumb\":{\"@id\":\"https:\/\/www.smedemokrati.sk\/vyzyvame-vladu-na-opatrenia-aby-drevo-z-narodnych-parkov-nekoncilo-v-zahranici\/#breadcrumb\"},\"inLanguage\":\"cs-CZ\",\"potentialAction\":[{\"@type\":\"ReadAction\",\"target\":[\"https:\/\/www.smedemokrati.sk\/vyzyvame-vladu-na-opatrenia-aby-drevo-z-narodnych-parkov-nekoncilo-v-zahranici\/\"]}]},{\"@type\":\"ImageObject\",\"inLanguage\":\"cs-CZ\",\"@id\":\"https:\/\/www.smedemokrati.sk\/vyzyvame-vladu-na-opatrenia-aby-drevo-z-narodnych-parkov-nekoncilo-v-zahranici\/#primaryimage\",\"url\":\"https:\/\/www.smedemokrati.sk\/wp-content\/uploads\/2025\/08\/12288.jpg\",\"contentUrl\":\"https:\/\/www.smedemokrati.sk\/wp-content\/uploads\/2025\/08\/12288.jpg\",\"width\":1000,\"height\":667},{\"@type\":\"BreadcrumbList\",\"@id\":\"https:\/\/www.smedemokrati.sk\/vyzyvame-vladu-na-opatrenia-aby-drevo-z-narodnych-parkov-nekoncilo-v-zahranici\/#breadcrumb\",\"itemListElement\":[{\"@type\":\"ListItem\",\"position\":1,\"name\":\"Domovsk\u00e1 str\u00e1nka\",\"item\":\"https:\/\/www.smedemokrati.sk\/\"},{\"@type\":\"ListItem\",\"position\":2,\"name\":\"Vyz\u00fdvame vl\u00e1du na opatrenia, aby drevo z n\u00e1rodn\u00fdch parkov nekon\u010dilo v zahrani\u010d\u00ed\"}]},{\"@type\":\"WebSite\",\"@id\":\"https:\/\/www.smedemokrati.sk\/#website\",\"url\":\"https:\/\/www.smedemokrati.sk\/\",\"name\":\"Smedemokrati.sk\",\"description\":\"Demokracia a slu\u0161nos\u0165 zv\u00ed\u0165az\u00ed\",\"publisher\":{\"@id\":\"https:\/\/www.smedemokrati.sk\/#organization\"},\"potentialAction\":[{\"@type\":\"SearchAction\",\"target\":{\"@type\":\"EntryPoint\",\"urlTemplate\":\"https:\/\/www.smedemokrati.sk\/?s={search_term_string}\"},\"query-input\":{\"@type\":\"PropertyValueSpecification\",\"valueRequired\":true,\"valueName\":\"search_term_string\"}}],\"inLanguage\":\"cs-CZ\"},{\"@type\":\"Organization\",\"@id\":\"https:\/\/www.smedemokrati.sk\/#organization\",\"name\":\"Smedemokrati.sk\",\"url\":\"https:\/\/www.smedemokrati.sk\/\",\"logo\":{\"@type\":\"ImageObject\",\"inLanguage\":\"cs-CZ\",\"@id\":\"https:\/\/www.smedemokrati.sk\/#\/schema\/logo\/image\/\",\"url\":\"https:\/\/www.smedemokrati.sk\/wp-content\/uploads\/2023\/04\/ff.002.jpeg\",\"contentUrl\":\"https:\/\/www.smedemokrati.sk\/wp-content\/uploads\/2023\/04\/ff.002.jpeg\",\"width\":640,\"height\":480,\"caption\":\"Smedemokrati.sk\"},\"image\":{\"@id\":\"https:\/\/www.smedemokrati.sk\/#\/schema\/logo\/image\/\"},\"sameAs\":[\"https:\/\/www.facebook.com\/smedemokrati2023\"]},{\"@type\":\"Person\",\"@id\":\"https:\/\/www.smedemokrati.sk\/#\/schema\/person\/21f147c88d605aa7ded900e1e7c344ba\",\"name\":\"miro.sopko\",\"image\":{\"@type\":\"ImageObject\",\"inLanguage\":\"cs-CZ\",\"@id\":\"https:\/\/secure.gravatar.com\/avatar\/267e4a36f704376c109afe3a78740c1f5dd8675a2180a908699e7863c9247606?s=96&d=mm&r=g\",\"url\":\"https:\/\/secure.gravatar.com\/avatar\/267e4a36f704376c109afe3a78740c1f5dd8675a2180a908699e7863c9247606?s=96&d=mm&r=g\",\"contentUrl\":\"https:\/\/secure.gravatar.com\/avatar\/267e4a36f704376c109afe3a78740c1f5dd8675a2180a908699e7863c9247606?s=96&d=mm&r=g\",\"caption\":\"miro.sopko\"},\"url\":\"https:\/\/www.smedemokrati.sk\/cs\/author\/miro-sopko\/\"}]}<\/script>\n<!-- \/ Yoast SEO plugin. -->","yoast_head_json":{"title":"Vyz\u00fdvame vl\u00e1du na opatrenia, aby drevo z n\u00e1rodn\u00fdch parkov nekon\u010dilo v zahrani\u010d\u00ed","robots":{"index":"index","follow":"follow","max-snippet":"max-snippet:-1","max-image-preview":"max-image-preview:large","max-video-preview":"max-video-preview:-1"},"canonical":"https:\/\/www.smedemokrati.sk\/cs\/vyzyvame-vladu-na-opatrenia-aby-drevo-z-narodnych-parkov-nekoncilo-v-zahranici\/","og_locale":"cs_CZ","og_type":"article","og_title":"[:sk]Vyz\u00fdvame vl\u00e1du na opatrenia, aby drevo z n\u00e1rodn\u00fdch parkov nekon\u010dilo v zahrani\u010d\u00ed[:] - Smedemokrati.sk","og_description":"Dne\u0161n\u00e9 zistenie Denn\u00edka N v spolupr\u00e1ci s iniciat\u00edvou My sme les preuk\u00e1zalo, \u017ee pre Tarabu a Kuffu s\u00fa na\u0161e n\u00e1rodn\u00e9 parky len zdrojom biznisu \u2013 dokonca pre rumunsk\u00fd trh, ako ukazuje aktu\u00e1lny pr\u00edpad z Tatransk\u00e9ho n\u00e1rodn\u00e9ho parku. Vyz\u00fdvame vl\u00e1du na d\u00f4sledn\u00fa realiz\u00e1ciu jedn\u00e9ho zo z\u00e1kladn\u00fdch pilierov reformy n\u00e1rodn\u00fdch parkov \u2013 prednostn\u00e9ho umiest\u0148ovania vy\u0165a\u017een\u00e9ho dreva pre [&hellip;]","og_url":"https:\/\/www.smedemokrati.sk\/cs\/vyzyvame-vladu-na-opatrenia-aby-drevo-z-narodnych-parkov-nekoncilo-v-zahranici\/","og_site_name":"Smedemokrati.sk","article_publisher":"https:\/\/www.facebook.com\/smedemokrati2023","article_published_time":"2025-08-04T13:24:48+00:00","article_modified_time":"2025-08-04T13:24:49+00:00","og_image":[{"width":1000,"height":667,"url":"https:\/\/www.smedemokrati.sk\/wp-content\/uploads\/2025\/08\/12288.jpg","type":"image\/jpeg"}],"author":"miro.sopko","twitter_card":"summary_large_image","twitter_misc":{"Napsal(a)":"miro.sopko","Odhadovan\u00e1 doba \u010dten\u00ed":"3 minuty"},"schema":{"@context":"https:\/\/schema.org","@graph":[{"@type":"Article","@id":"https:\/\/www.smedemokrati.sk\/vyzyvame-vladu-na-opatrenia-aby-drevo-z-narodnych-parkov-nekoncilo-v-zahranici\/#article","isPartOf":{"@id":"https:\/\/www.smedemokrati.sk\/vyzyvame-vladu-na-opatrenia-aby-drevo-z-narodnych-parkov-nekoncilo-v-zahranici\/"},"author":{"name":"miro.sopko","@id":"https:\/\/www.smedemokrati.sk\/#\/schema\/person\/21f147c88d605aa7ded900e1e7c344ba"},"headline":"Vyz\u00fdvame vl\u00e1du na opatrenia, aby drevo z n\u00e1rodn\u00fdch parkov nekon\u010dilo v zahrani\u010d\u00ed","datePublished":"2025-08-04T13:24:48+00:00","dateModified":"2025-08-04T13:24:49+00:00","mainEntityOfPage":{"@id":"https:\/\/www.smedemokrati.sk\/vyzyvame-vladu-na-opatrenia-aby-drevo-z-narodnych-parkov-nekoncilo-v-zahranici\/"},"wordCount":691,"publisher":{"@id":"https:\/\/www.smedemokrati.sk\/#organization"},"image":{"@id":"https:\/\/www.smedemokrati.sk\/vyzyvame-vladu-na-opatrenia-aby-drevo-z-narodnych-parkov-nekoncilo-v-zahranici\/#primaryimage"},"thumbnailUrl":"https:\/\/www.smedemokrati.sk\/wp-content\/uploads\/2025\/08\/12288.jpg","articleSection":["Tla\u010dov\u00e9 spr\u00e1vy"],"inLanguage":"cs-CZ"},{"@type":"WebPage","@id":"https:\/\/www.smedemokrati.sk\/vyzyvame-vladu-na-opatrenia-aby-drevo-z-narodnych-parkov-nekoncilo-v-zahranici\/","url":"https:\/\/www.smedemokrati.sk\/vyzyvame-vladu-na-opatrenia-aby-drevo-z-narodnych-parkov-nekoncilo-v-zahranici\/","name":"Vyz\u00fdvame vl\u00e1du na opatrenia, aby drevo z n\u00e1rodn\u00fdch parkov nekon\u010dilo v zahrani\u010d\u00ed","isPartOf":{"@id":"https:\/\/www.smedemokrati.sk\/#website"},"primaryImageOfPage":{"@id":"https:\/\/www.smedemokrati.sk\/vyzyvame-vladu-na-opatrenia-aby-drevo-z-narodnych-parkov-nekoncilo-v-zahranici\/#primaryimage"},"image":{"@id":"https:\/\/www.smedemokrati.sk\/vyzyvame-vladu-na-opatrenia-aby-drevo-z-narodnych-parkov-nekoncilo-v-zahranici\/#primaryimage"},"thumbnailUrl":"https:\/\/www.smedemokrati.sk\/wp-content\/uploads\/2025\/08\/12288.jpg","datePublished":"2025-08-04T13:24:48+00:00","dateModified":"2025-08-04T13:24:49+00:00","breadcrumb":{"@id":"https:\/\/www.smedemokrati.sk\/vyzyvame-vladu-na-opatrenia-aby-drevo-z-narodnych-parkov-nekoncilo-v-zahranici\/#breadcrumb"},"inLanguage":"cs-CZ","potentialAction":[{"@type":"ReadAction","target":["https:\/\/www.smedemokrati.sk\/vyzyvame-vladu-na-opatrenia-aby-drevo-z-narodnych-parkov-nekoncilo-v-zahranici\/"]}]},{"@type":"ImageObject","inLanguage":"cs-CZ","@id":"https:\/\/www.smedemokrati.sk\/vyzyvame-vladu-na-opatrenia-aby-drevo-z-narodnych-parkov-nekoncilo-v-zahranici\/#primaryimage","url":"https:\/\/www.smedemokrati.sk\/wp-content\/uploads\/2025\/08\/12288.jpg","contentUrl":"https:\/\/www.smedemokrati.sk\/wp-content\/uploads\/2025\/08\/12288.jpg","width":1000,"height":667},{"@type":"BreadcrumbList","@id":"https:\/\/www.smedemokrati.sk\/vyzyvame-vladu-na-opatrenia-aby-drevo-z-narodnych-parkov-nekoncilo-v-zahranici\/#breadcrumb","itemListElement":[{"@type":"ListItem","position":1,"name":"Domovsk\u00e1 str\u00e1nka","item":"https:\/\/www.smedemokrati.sk\/"},{"@type":"ListItem","position":2,"name":"Vyz\u00fdvame vl\u00e1du na opatrenia, aby drevo z n\u00e1rodn\u00fdch parkov nekon\u010dilo v zahrani\u010d\u00ed"}]},{"@type":"WebSite","@id":"https:\/\/www.smedemokrati.sk\/#website","url":"https:\/\/www.smedemokrati.sk\/","name":"Smedemokrati.sk","description":"Demokracia a slu\u0161nos\u0165 zv\u00ed\u0165az\u00ed","publisher":{"@id":"https:\/\/www.smedemokrati.sk\/#organization"},"potentialAction":[{"@type":"SearchAction","target":{"@type":"EntryPoint","urlTemplate":"https:\/\/www.smedemokrati.sk\/?s={search_term_string}"},"query-input":{"@type":"PropertyValueSpecification","valueRequired":true,"valueName":"search_term_string"}}],"inLanguage":"cs-CZ"},{"@type":"Organization","@id":"https:\/\/www.smedemokrati.sk\/#organization","name":"Smedemokrati.sk","url":"https:\/\/www.smedemokrati.sk\/","logo":{"@type":"ImageObject","inLanguage":"cs-CZ","@id":"https:\/\/www.smedemokrati.sk\/#\/schema\/logo\/image\/","url":"https:\/\/www.smedemokrati.sk\/wp-content\/uploads\/2023\/04\/ff.002.jpeg","contentUrl":"https:\/\/www.smedemokrati.sk\/wp-content\/uploads\/2023\/04\/ff.002.jpeg","width":640,"height":480,"caption":"Smedemokrati.sk"},"image":{"@id":"https:\/\/www.smedemokrati.sk\/#\/schema\/logo\/image\/"},"sameAs":["https:\/\/www.facebook.com\/smedemokrati2023"]},{"@type":"Person","@id":"https:\/\/www.smedemokrati.sk\/#\/schema\/person\/21f147c88d605aa7ded900e1e7c344ba","name":"miro.sopko","image":{"@type":"ImageObject","inLanguage":"cs-CZ","@id":"https:\/\/secure.gravatar.com\/avatar\/267e4a36f704376c109afe3a78740c1f5dd8675a2180a908699e7863c9247606?s=96&d=mm&r=g","url":"https:\/\/secure.gravatar.com\/avatar\/267e4a36f704376c109afe3a78740c1f5dd8675a2180a908699e7863c9247606?s=96&d=mm&r=g","contentUrl":"https:\/\/secure.gravatar.com\/avatar\/267e4a36f704376c109afe3a78740c1f5dd8675a2180a908699e7863c9247606?s=96&d=mm&r=g","caption":"miro.sopko"},"url":"https:\/\/www.smedemokrati.sk\/cs\/author\/miro-sopko\/"}]}},"_links":{"self":[{"href":"https:\/\/www.smedemokrati.sk\/cs\/wp-json\/wp\/v2\/posts\/7858","targetHints":{"allow":["GET"]}}],"collection":[{"href":"https:\/\/www.smedemokrati.sk\/cs\/wp-json\/wp\/v2\/posts"}],"about":[{"href":"https:\/\/www.smedemokrati.sk\/cs\/wp-json\/wp\/v2\/types\/post"}],"author":[{"embeddable":true,"href":"https:\/\/www.smedemokrati.sk\/cs\/wp-json\/wp\/v2\/users\/13"}],"replies":[{"embeddable":true,"href":"https:\/\/www.smedemokrati.sk\/cs\/wp-json\/wp\/v2\/comments?post=7858"}],"version-history":[{"count":1,"href":"https:\/\/www.smedemokrati.sk\/cs\/wp-json\/wp\/v2\/posts\/7858\/revisions"}],"predecessor-version":[{"id":7860,"href":"https:\/\/www.smedemokrati.sk\/cs\/wp-json\/wp\/v2\/posts\/7858\/revisions\/7860"}],"wp:featuredmedia":[{"embeddable":true,"href":"https:\/\/www.smedemokrati.sk\/cs\/wp-json\/wp\/v2\/media\/7859"}],"wp:attachment":[{"href":"https:\/\/www.smedemokrati.sk\/cs\/wp-json\/wp\/v2\/media?parent=7858"}],"wp:term":[{"taxonomy":"category","embeddable":true,"href":"https:\/\/www.smedemokrati.sk\/cs\/wp-json\/wp\/v2\/categories?post=7858"},{"taxonomy":"post_tag","embeddable":true,"href":"https:\/\/www.smedemokrati.sk\/cs\/wp-json\/wp\/v2\/tags?post=7858"}],"curies":[{"name":"wp","href":"https:\/\/api.w.org\/{rel}","templated":true}]}}