{"id":7787,"date":"2025-07-31T14:23:50","date_gmt":"2025-07-31T13:23:50","guid":{"rendered":"https:\/\/www.smedemokrati.sk\/?p=7787"},"modified":"2025-07-31T14:24:32","modified_gmt":"2025-07-31T13:24:32","slug":"stanovisko-k-odchodu-p-olexu-z-pozicie-riaditela-tatranskeho-narodneho-parku","status":"publish","type":"post","link":"https:\/\/www.smedemokrati.sk\/cs\/stanovisko-k-odchodu-p-olexu-z-pozicie-riaditela-tatranskeho-narodneho-parku\/","title":{"rendered":"Stanovisko k odchodu P. Olexu z poz\u00edcie riadite\u013ea Tatransk\u00e9ho n\u00e1rodn\u00e9ho parku"},"content":{"rendered":"<div id=\"fb-root\"><\/div>\n\n<p>Michal Ki\u010da, Demokrati: <em>\u201eOdchod Petra Olexu z funkcie riadite\u013ea Spr\u00e1vy Tatransk\u00e9ho n\u00e1rodn\u00e9ho parku prich\u00e1dza v \u010dase vrcholiacich sporov o zon\u00e1ciu n\u00e1rodn\u00e9ho parku. Ob\u00e1vam sa, \u017ee situ\u00e1cia sa m\u00f4\u017ee e\u0161te zhor\u0161i\u0165, budeme svedkami e\u0161te v\u00e4\u010d\u0161\u00edch tlakov na po\u0161kodzovanie tatranskej pr\u00edrody zo strany developerov a \u0165a\u017eiarov a \u017ee \u010fal\u0161ia verzia zon\u00e1cie bude e\u0161te hor\u0161ia oproti tej predlo\u017eenej, \u010do ohroz\u00ed m\u00ed\u013eniky pl\u00e1nu obnovy. Rovnako sa m\u00f4\u017ee stup\u0148ova\u0165 tlak na mo\u017en\u00e9 prep\u00fa\u0161\u0165anie \u010fal\u0161\u00edch odborn\u00fdch zamestnancov ochrany pr\u00edrody, \u010do by preh\u013abilo person\u00e1lny rozvrat organiz\u00e1cie. Pri tejto garnit\u00fare je ka\u017ed\u00e1 \u010fal\u0161ia nomin\u00e1cia iba cesta k hor\u0161iemu a nepochybujem, \u017ee klan Kuffovcov bude k n\u00e1\u0161mu najstar\u0161iemu a najv\u00e4\u010d\u0161iemu n\u00e1rodn\u00e9mu parku pristupova\u0165 ako k svojmu osobn\u00e9mu l\u00e9nu. Peter Olexa nemal s oh\u013eadom na svoju u\u017e verejne zn\u00e1mu person\u00e1lnu minulos\u0165 nikdy prija\u0165 t\u00fato funkciu, na viacer\u00e9 zl\u00e9 rozhodnutia som napokon aj vecne pouk\u00e1zal a domohol sa ich zmeny. Na druhej strane, ako jedin\u00fd z nominantov tejto vl\u00e1dy mal aspo\u0148 snahu o probl\u00e9moch aj otvorene diskutova\u0165. O\u010dak\u00e1va\u0165, \u017ee v \u010dele n\u00e1rodn\u00e9ho parku bude po tejto person\u00e1lnej zmene p\u00f4sobi\u0165 odborn\u00edk, ktor\u00fd vz\u00edde z verejn\u00e9ho v\u00fdberov\u00e9ho konania, je pri tejto vl\u00e1de naivn\u00e9.\u201d<\/em><\/p>\n","protected":false},"excerpt":{"rendered":"<p>Michal Ki\u010da, Demokrati: \u201eOdchod Petra Olexu z funkcie riadite\u013ea Spr\u00e1vy Tatransk\u00e9ho n\u00e1rodn\u00e9ho parku prich\u00e1dza v \u010dase vrcholiacich sporov o zon\u00e1ciu n\u00e1rodn\u00e9ho parku. Ob\u00e1vam sa, \u017ee situ\u00e1cia sa m\u00f4\u017ee e\u0161te zhor\u0161i\u0165, budeme svedkami e\u0161te v\u00e4\u010d\u0161\u00edch tlakov na po\u0161kodzovanie tatranskej pr\u00edrody zo strany developerov a \u0165a\u017eiarov a \u017ee \u010fal\u0161ia verzia zon\u00e1cie bude e\u0161te hor\u0161ia oproti tej predlo\u017eenej, [&hellip;]<\/p>\n","protected":false},"author":13,"featured_media":385,"comment_status":"closed","ping_status":"closed","sticky":false,"template":"","format":"standard","meta":{"_acf_changed":false,"ngg_post_thumbnail":0,"footnotes":""},"categories":[11],"tags":[],"class_list":["post-7787","post","type-post","status-publish","format-standard","has-post-thumbnail","hentry","category-vyhlasenia"],"acf":[],"yoast_head":"<!-- This site is optimized with the Yoast SEO plugin v27.2 - https:\/\/yoast.com\/product\/yoast-seo-wordpress\/ -->\n<title>Stanovisko k odchodu P. Olexu z poz\u00edcie riadite\u013ea Tatransk\u00e9ho n\u00e1rodn\u00e9ho parku<\/title>\n<meta name=\"robots\" content=\"index, follow, max-snippet:-1, max-image-preview:large, max-video-preview:-1\" \/>\n<link rel=\"canonical\" href=\"https:\/\/www.smedemokrati.sk\/cs\/stanovisko-k-odchodu-p-olexu-z-pozicie-riaditela-tatranskeho-narodneho-parku\/\" \/>\n<meta property=\"og:locale\" content=\"cs_CZ\" \/>\n<meta property=\"og:locale:alternate\" content=\"en_US\" \/>\n<meta property=\"og:locale:alternate\" content=\"hu_HU\" \/>\n<meta property=\"og:locale:alternate\" content=\"sk_SK\" \/>\n<meta property=\"og:locale:alternate\" content=\"sv_SE\" \/>\n<meta property=\"og:type\" content=\"article\" \/>\n<meta property=\"og:title\" content=\"Stanovisko k odchodu P. Olexu z poz\u00edcie riadite\u013ea Tatransk\u00e9ho n\u00e1rodn\u00e9ho parku\" \/>\n<meta property=\"og:description\" content=\"Michal Ki\u010da, Demokrati: \u201eOdchod Petra Olexu z funkcie riadite\u013ea Spr\u00e1vy Tatransk\u00e9ho n\u00e1rodn\u00e9ho parku prich\u00e1dza v \u010dase vrcholiacich sporov o zon\u00e1ciu n\u00e1rodn\u00e9ho parku. Ob\u00e1vam sa, \u017ee situ\u00e1cia sa m\u00f4\u017ee e\u0161te zhor\u0161i\u0165, budeme svedkami e\u0161te v\u00e4\u010d\u0161\u00edch tlakov na po\u0161kodzovanie tatranskej pr\u00edrody zo strany developerov a \u0165a\u017eiarov a \u017ee \u010fal\u0161ia verzia zon\u00e1cie bude e\u0161te hor\u0161ia oproti tej predlo\u017eenej, [&hellip;]\" \/>\n<meta property=\"og:url\" content=\"https:\/\/www.smedemokrati.sk\/cs\/stanovisko-k-odchodu-p-olexu-z-pozicie-riaditela-tatranskeho-narodneho-parku\/\" \/>\n<meta property=\"og:site_name\" content=\"Smedemokrati.sk\" \/>\n<meta property=\"article:publisher\" content=\"https:\/\/www.facebook.com\/smedemokrati2023\" \/>\n<meta property=\"article:published_time\" content=\"2025-07-31T13:23:50+00:00\" \/>\n<meta property=\"article:modified_time\" content=\"2025-07-31T13:24:32+00:00\" \/>\n<meta property=\"og:image\" content=\"https:\/\/www.smedemokrati.sk\/wp-content\/uploads\/2023\/04\/MKica.jpg\" \/>\n\t<meta property=\"og:image:width\" content=\"1520\" \/>\n\t<meta property=\"og:image:height\" content=\"1080\" \/>\n\t<meta property=\"og:image:type\" content=\"image\/jpeg\" \/>\n<meta name=\"author\" content=\"miro.sopko\" \/>\n<meta name=\"twitter:card\" content=\"summary_large_image\" \/>\n<meta name=\"twitter:label1\" content=\"Napsal(a)\" \/>\n\t<meta name=\"twitter:data1\" content=\"miro.sopko\" \/>\n\t<meta name=\"twitter:label2\" content=\"Odhadovan\u00e1 doba \u010dten\u00ed\" \/>\n\t<meta name=\"twitter:data2\" content=\"2 minuty\" \/>\n<script type=\"application\/ld+json\" class=\"yoast-schema-graph\">{\"@context\":\"https:\/\/schema.org\",\"@graph\":[{\"@type\":\"Article\",\"@id\":\"https:\/\/www.smedemokrati.sk\/stanovisko-k-odchodu-p-olexu-z-pozicie-riaditela-tatranskeho-narodneho-parku\/#article\",\"isPartOf\":{\"@id\":\"https:\/\/www.smedemokrati.sk\/stanovisko-k-odchodu-p-olexu-z-pozicie-riaditela-tatranskeho-narodneho-parku\/\"},\"author\":{\"name\":\"miro.sopko\",\"@id\":\"https:\/\/www.smedemokrati.sk\/#\/schema\/person\/21f147c88d605aa7ded900e1e7c344ba\"},\"headline\":\"Stanovisko k odchodu P. Olexu z poz\u00edcie riadite\u013ea Tatransk\u00e9ho n\u00e1rodn\u00e9ho parku\",\"datePublished\":\"2025-07-31T13:23:50+00:00\",\"dateModified\":\"2025-07-31T13:24:32+00:00\",\"mainEntityOfPage\":{\"@id\":\"https:\/\/www.smedemokrati.sk\/stanovisko-k-odchodu-p-olexu-z-pozicie-riaditela-tatranskeho-narodneho-parku\/\"},\"wordCount\":266,\"publisher\":{\"@id\":\"https:\/\/www.smedemokrati.sk\/#organization\"},\"image\":{\"@id\":\"https:\/\/www.smedemokrati.sk\/stanovisko-k-odchodu-p-olexu-z-pozicie-riaditela-tatranskeho-narodneho-parku\/#primaryimage\"},\"thumbnailUrl\":\"https:\/\/www.smedemokrati.sk\/wp-content\/uploads\/2023\/04\/MKica.jpg\",\"articleSection\":[\"Vyhl\u00e1senia\"],\"inLanguage\":\"cs-CZ\"},{\"@type\":\"WebPage\",\"@id\":\"https:\/\/www.smedemokrati.sk\/stanovisko-k-odchodu-p-olexu-z-pozicie-riaditela-tatranskeho-narodneho-parku\/\",\"url\":\"https:\/\/www.smedemokrati.sk\/stanovisko-k-odchodu-p-olexu-z-pozicie-riaditela-tatranskeho-narodneho-parku\/\",\"name\":\"Stanovisko k odchodu P. Olexu z poz\u00edcie riadite\u013ea Tatransk\u00e9ho n\u00e1rodn\u00e9ho parku\",\"isPartOf\":{\"@id\":\"https:\/\/www.smedemokrati.sk\/#website\"},\"primaryImageOfPage\":{\"@id\":\"https:\/\/www.smedemokrati.sk\/stanovisko-k-odchodu-p-olexu-z-pozicie-riaditela-tatranskeho-narodneho-parku\/#primaryimage\"},\"image\":{\"@id\":\"https:\/\/www.smedemokrati.sk\/stanovisko-k-odchodu-p-olexu-z-pozicie-riaditela-tatranskeho-narodneho-parku\/#primaryimage\"},\"thumbnailUrl\":\"https:\/\/www.smedemokrati.sk\/wp-content\/uploads\/2023\/04\/MKica.jpg\",\"datePublished\":\"2025-07-31T13:23:50+00:00\",\"dateModified\":\"2025-07-31T13:24:32+00:00\",\"breadcrumb\":{\"@id\":\"https:\/\/www.smedemokrati.sk\/stanovisko-k-odchodu-p-olexu-z-pozicie-riaditela-tatranskeho-narodneho-parku\/#breadcrumb\"},\"inLanguage\":\"cs-CZ\",\"potentialAction\":[{\"@type\":\"ReadAction\",\"target\":[\"https:\/\/www.smedemokrati.sk\/stanovisko-k-odchodu-p-olexu-z-pozicie-riaditela-tatranskeho-narodneho-parku\/\"]}]},{\"@type\":\"ImageObject\",\"inLanguage\":\"cs-CZ\",\"@id\":\"https:\/\/www.smedemokrati.sk\/stanovisko-k-odchodu-p-olexu-z-pozicie-riaditela-tatranskeho-narodneho-parku\/#primaryimage\",\"url\":\"https:\/\/www.smedemokrati.sk\/wp-content\/uploads\/2023\/04\/MKica.jpg\",\"contentUrl\":\"https:\/\/www.smedemokrati.sk\/wp-content\/uploads\/2023\/04\/MKica.jpg\",\"width\":1520,\"height\":1080},{\"@type\":\"BreadcrumbList\",\"@id\":\"https:\/\/www.smedemokrati.sk\/stanovisko-k-odchodu-p-olexu-z-pozicie-riaditela-tatranskeho-narodneho-parku\/#breadcrumb\",\"itemListElement\":[{\"@type\":\"ListItem\",\"position\":1,\"name\":\"Domovsk\u00e1 str\u00e1nka\",\"item\":\"https:\/\/www.smedemokrati.sk\/\"},{\"@type\":\"ListItem\",\"position\":2,\"name\":\"Stanovisko k odchodu P. Olexu z poz\u00edcie riadite\u013ea Tatransk\u00e9ho n\u00e1rodn\u00e9ho parku\"}]},{\"@type\":\"WebSite\",\"@id\":\"https:\/\/www.smedemokrati.sk\/#website\",\"url\":\"https:\/\/www.smedemokrati.sk\/\",\"name\":\"Smedemokrati.sk\",\"description\":\"Demokracia a slu\u0161nos\u0165 zv\u00ed\u0165az\u00ed\",\"publisher\":{\"@id\":\"https:\/\/www.smedemokrati.sk\/#organization\"},\"potentialAction\":[{\"@type\":\"SearchAction\",\"target\":{\"@type\":\"EntryPoint\",\"urlTemplate\":\"https:\/\/www.smedemokrati.sk\/?s={search_term_string}\"},\"query-input\":{\"@type\":\"PropertyValueSpecification\",\"valueRequired\":true,\"valueName\":\"search_term_string\"}}],\"inLanguage\":\"cs-CZ\"},{\"@type\":\"Organization\",\"@id\":\"https:\/\/www.smedemokrati.sk\/#organization\",\"name\":\"Smedemokrati.sk\",\"url\":\"https:\/\/www.smedemokrati.sk\/\",\"logo\":{\"@type\":\"ImageObject\",\"inLanguage\":\"cs-CZ\",\"@id\":\"https:\/\/www.smedemokrati.sk\/#\/schema\/logo\/image\/\",\"url\":\"https:\/\/www.smedemokrati.sk\/wp-content\/uploads\/2023\/04\/ff.002.jpeg\",\"contentUrl\":\"https:\/\/www.smedemokrati.sk\/wp-content\/uploads\/2023\/04\/ff.002.jpeg\",\"width\":640,\"height\":480,\"caption\":\"Smedemokrati.sk\"},\"image\":{\"@id\":\"https:\/\/www.smedemokrati.sk\/#\/schema\/logo\/image\/\"},\"sameAs\":[\"https:\/\/www.facebook.com\/smedemokrati2023\"]},{\"@type\":\"Person\",\"@id\":\"https:\/\/www.smedemokrati.sk\/#\/schema\/person\/21f147c88d605aa7ded900e1e7c344ba\",\"name\":\"miro.sopko\",\"image\":{\"@type\":\"ImageObject\",\"inLanguage\":\"cs-CZ\",\"@id\":\"https:\/\/secure.gravatar.com\/avatar\/267e4a36f704376c109afe3a78740c1f5dd8675a2180a908699e7863c9247606?s=96&d=mm&r=g\",\"url\":\"https:\/\/secure.gravatar.com\/avatar\/267e4a36f704376c109afe3a78740c1f5dd8675a2180a908699e7863c9247606?s=96&d=mm&r=g\",\"contentUrl\":\"https:\/\/secure.gravatar.com\/avatar\/267e4a36f704376c109afe3a78740c1f5dd8675a2180a908699e7863c9247606?s=96&d=mm&r=g\",\"caption\":\"miro.sopko\"},\"url\":\"https:\/\/www.smedemokrati.sk\/cs\/author\/miro-sopko\/\"}]}<\/script>\n<!-- \/ Yoast SEO plugin. -->","yoast_head_json":{"title":"Stanovisko k odchodu P. Olexu z poz\u00edcie riadite\u013ea Tatransk\u00e9ho n\u00e1rodn\u00e9ho parku","robots":{"index":"index","follow":"follow","max-snippet":"max-snippet:-1","max-image-preview":"max-image-preview:large","max-video-preview":"max-video-preview:-1"},"canonical":"https:\/\/www.smedemokrati.sk\/cs\/stanovisko-k-odchodu-p-olexu-z-pozicie-riaditela-tatranskeho-narodneho-parku\/","og_locale":"cs_CZ","og_type":"article","og_title":"[:sk]Stanovisko k odchodu P. Olexu z poz\u00edcie riadite\u013ea Tatransk\u00e9ho n\u00e1rodn\u00e9ho parku[:] - Smedemokrati.sk","og_description":"Michal Ki\u010da, Demokrati: \u201eOdchod Petra Olexu z funkcie riadite\u013ea Spr\u00e1vy Tatransk\u00e9ho n\u00e1rodn\u00e9ho parku prich\u00e1dza v \u010dase vrcholiacich sporov o zon\u00e1ciu n\u00e1rodn\u00e9ho parku. Ob\u00e1vam sa, \u017ee situ\u00e1cia sa m\u00f4\u017ee e\u0161te zhor\u0161i\u0165, budeme svedkami e\u0161te v\u00e4\u010d\u0161\u00edch tlakov na po\u0161kodzovanie tatranskej pr\u00edrody zo strany developerov a \u0165a\u017eiarov a \u017ee \u010fal\u0161ia verzia zon\u00e1cie bude e\u0161te hor\u0161ia oproti tej predlo\u017eenej, [&hellip;]","og_url":"https:\/\/www.smedemokrati.sk\/cs\/stanovisko-k-odchodu-p-olexu-z-pozicie-riaditela-tatranskeho-narodneho-parku\/","og_site_name":"Smedemokrati.sk","article_publisher":"https:\/\/www.facebook.com\/smedemokrati2023","article_published_time":"2025-07-31T13:23:50+00:00","article_modified_time":"2025-07-31T13:24:32+00:00","og_image":[{"width":1520,"height":1080,"url":"https:\/\/www.smedemokrati.sk\/wp-content\/uploads\/2023\/04\/MKica.jpg","type":"image\/jpeg"}],"author":"miro.sopko","twitter_card":"summary_large_image","twitter_misc":{"Napsal(a)":"miro.sopko","Odhadovan\u00e1 doba \u010dten\u00ed":"2 minuty"},"schema":{"@context":"https:\/\/schema.org","@graph":[{"@type":"Article","@id":"https:\/\/www.smedemokrati.sk\/stanovisko-k-odchodu-p-olexu-z-pozicie-riaditela-tatranskeho-narodneho-parku\/#article","isPartOf":{"@id":"https:\/\/www.smedemokrati.sk\/stanovisko-k-odchodu-p-olexu-z-pozicie-riaditela-tatranskeho-narodneho-parku\/"},"author":{"name":"miro.sopko","@id":"https:\/\/www.smedemokrati.sk\/#\/schema\/person\/21f147c88d605aa7ded900e1e7c344ba"},"headline":"Stanovisko k odchodu P. Olexu z poz\u00edcie riadite\u013ea Tatransk\u00e9ho n\u00e1rodn\u00e9ho parku","datePublished":"2025-07-31T13:23:50+00:00","dateModified":"2025-07-31T13:24:32+00:00","mainEntityOfPage":{"@id":"https:\/\/www.smedemokrati.sk\/stanovisko-k-odchodu-p-olexu-z-pozicie-riaditela-tatranskeho-narodneho-parku\/"},"wordCount":266,"publisher":{"@id":"https:\/\/www.smedemokrati.sk\/#organization"},"image":{"@id":"https:\/\/www.smedemokrati.sk\/stanovisko-k-odchodu-p-olexu-z-pozicie-riaditela-tatranskeho-narodneho-parku\/#primaryimage"},"thumbnailUrl":"https:\/\/www.smedemokrati.sk\/wp-content\/uploads\/2023\/04\/MKica.jpg","articleSection":["Vyhl\u00e1senia"],"inLanguage":"cs-CZ"},{"@type":"WebPage","@id":"https:\/\/www.smedemokrati.sk\/stanovisko-k-odchodu-p-olexu-z-pozicie-riaditela-tatranskeho-narodneho-parku\/","url":"https:\/\/www.smedemokrati.sk\/stanovisko-k-odchodu-p-olexu-z-pozicie-riaditela-tatranskeho-narodneho-parku\/","name":"Stanovisko k odchodu P. Olexu z poz\u00edcie riadite\u013ea Tatransk\u00e9ho n\u00e1rodn\u00e9ho parku","isPartOf":{"@id":"https:\/\/www.smedemokrati.sk\/#website"},"primaryImageOfPage":{"@id":"https:\/\/www.smedemokrati.sk\/stanovisko-k-odchodu-p-olexu-z-pozicie-riaditela-tatranskeho-narodneho-parku\/#primaryimage"},"image":{"@id":"https:\/\/www.smedemokrati.sk\/stanovisko-k-odchodu-p-olexu-z-pozicie-riaditela-tatranskeho-narodneho-parku\/#primaryimage"},"thumbnailUrl":"https:\/\/www.smedemokrati.sk\/wp-content\/uploads\/2023\/04\/MKica.jpg","datePublished":"2025-07-31T13:23:50+00:00","dateModified":"2025-07-31T13:24:32+00:00","breadcrumb":{"@id":"https:\/\/www.smedemokrati.sk\/stanovisko-k-odchodu-p-olexu-z-pozicie-riaditela-tatranskeho-narodneho-parku\/#breadcrumb"},"inLanguage":"cs-CZ","potentialAction":[{"@type":"ReadAction","target":["https:\/\/www.smedemokrati.sk\/stanovisko-k-odchodu-p-olexu-z-pozicie-riaditela-tatranskeho-narodneho-parku\/"]}]},{"@type":"ImageObject","inLanguage":"cs-CZ","@id":"https:\/\/www.smedemokrati.sk\/stanovisko-k-odchodu-p-olexu-z-pozicie-riaditela-tatranskeho-narodneho-parku\/#primaryimage","url":"https:\/\/www.smedemokrati.sk\/wp-content\/uploads\/2023\/04\/MKica.jpg","contentUrl":"https:\/\/www.smedemokrati.sk\/wp-content\/uploads\/2023\/04\/MKica.jpg","width":1520,"height":1080},{"@type":"BreadcrumbList","@id":"https:\/\/www.smedemokrati.sk\/stanovisko-k-odchodu-p-olexu-z-pozicie-riaditela-tatranskeho-narodneho-parku\/#breadcrumb","itemListElement":[{"@type":"ListItem","position":1,"name":"Domovsk\u00e1 str\u00e1nka","item":"https:\/\/www.smedemokrati.sk\/"},{"@type":"ListItem","position":2,"name":"Stanovisko k odchodu P. Olexu z poz\u00edcie riadite\u013ea Tatransk\u00e9ho n\u00e1rodn\u00e9ho parku"}]},{"@type":"WebSite","@id":"https:\/\/www.smedemokrati.sk\/#website","url":"https:\/\/www.smedemokrati.sk\/","name":"Smedemokrati.sk","description":"Demokracia a slu\u0161nos\u0165 zv\u00ed\u0165az\u00ed","publisher":{"@id":"https:\/\/www.smedemokrati.sk\/#organization"},"potentialAction":[{"@type":"SearchAction","target":{"@type":"EntryPoint","urlTemplate":"https:\/\/www.smedemokrati.sk\/?s={search_term_string}"},"query-input":{"@type":"PropertyValueSpecification","valueRequired":true,"valueName":"search_term_string"}}],"inLanguage":"cs-CZ"},{"@type":"Organization","@id":"https:\/\/www.smedemokrati.sk\/#organization","name":"Smedemokrati.sk","url":"https:\/\/www.smedemokrati.sk\/","logo":{"@type":"ImageObject","inLanguage":"cs-CZ","@id":"https:\/\/www.smedemokrati.sk\/#\/schema\/logo\/image\/","url":"https:\/\/www.smedemokrati.sk\/wp-content\/uploads\/2023\/04\/ff.002.jpeg","contentUrl":"https:\/\/www.smedemokrati.sk\/wp-content\/uploads\/2023\/04\/ff.002.jpeg","width":640,"height":480,"caption":"Smedemokrati.sk"},"image":{"@id":"https:\/\/www.smedemokrati.sk\/#\/schema\/logo\/image\/"},"sameAs":["https:\/\/www.facebook.com\/smedemokrati2023"]},{"@type":"Person","@id":"https:\/\/www.smedemokrati.sk\/#\/schema\/person\/21f147c88d605aa7ded900e1e7c344ba","name":"miro.sopko","image":{"@type":"ImageObject","inLanguage":"cs-CZ","@id":"https:\/\/secure.gravatar.com\/avatar\/267e4a36f704376c109afe3a78740c1f5dd8675a2180a908699e7863c9247606?s=96&d=mm&r=g","url":"https:\/\/secure.gravatar.com\/avatar\/267e4a36f704376c109afe3a78740c1f5dd8675a2180a908699e7863c9247606?s=96&d=mm&r=g","contentUrl":"https:\/\/secure.gravatar.com\/avatar\/267e4a36f704376c109afe3a78740c1f5dd8675a2180a908699e7863c9247606?s=96&d=mm&r=g","caption":"miro.sopko"},"url":"https:\/\/www.smedemokrati.sk\/cs\/author\/miro-sopko\/"}]}},"_links":{"self":[{"href":"https:\/\/www.smedemokrati.sk\/cs\/wp-json\/wp\/v2\/posts\/7787","targetHints":{"allow":["GET"]}}],"collection":[{"href":"https:\/\/www.smedemokrati.sk\/cs\/wp-json\/wp\/v2\/posts"}],"about":[{"href":"https:\/\/www.smedemokrati.sk\/cs\/wp-json\/wp\/v2\/types\/post"}],"author":[{"embeddable":true,"href":"https:\/\/www.smedemokrati.sk\/cs\/wp-json\/wp\/v2\/users\/13"}],"replies":[{"embeddable":true,"href":"https:\/\/www.smedemokrati.sk\/cs\/wp-json\/wp\/v2\/comments?post=7787"}],"version-history":[{"count":1,"href":"https:\/\/www.smedemokrati.sk\/cs\/wp-json\/wp\/v2\/posts\/7787\/revisions"}],"predecessor-version":[{"id":7788,"href":"https:\/\/www.smedemokrati.sk\/cs\/wp-json\/wp\/v2\/posts\/7787\/revisions\/7788"}],"wp:featuredmedia":[{"embeddable":true,"href":"https:\/\/www.smedemokrati.sk\/cs\/wp-json\/wp\/v2\/media\/385"}],"wp:attachment":[{"href":"https:\/\/www.smedemokrati.sk\/cs\/wp-json\/wp\/v2\/media?parent=7787"}],"wp:term":[{"taxonomy":"category","embeddable":true,"href":"https:\/\/www.smedemokrati.sk\/cs\/wp-json\/wp\/v2\/categories?post=7787"},{"taxonomy":"post_tag","embeddable":true,"href":"https:\/\/www.smedemokrati.sk\/cs\/wp-json\/wp\/v2\/tags?post=7787"}],"curies":[{"name":"wp","href":"https:\/\/api.w.org\/{rel}","templated":true}]}}