{"id":7766,"date":"2025-07-29T10:33:01","date_gmt":"2025-07-29T09:33:01","guid":{"rendered":"https:\/\/www.smedemokrati.sk\/?p=7766"},"modified":"2025-07-29T10:33:01","modified_gmt":"2025-07-29T09:33:01","slug":"fico-mlci-kym-slovensko-chudobnie-investori-odchadzaju-pracovne-miesta-zanikaju-podnikatelov-dusi-transakcna-dan","status":"publish","type":"post","link":"https:\/\/www.smedemokrati.sk\/cs\/fico-mlci-kym-slovensko-chudobnie-investori-odchadzaju-pracovne-miesta-zanikaju-podnikatelov-dusi-transakcna-dan\/","title":{"rendered":"Fico ml\u010d\u00ed, k\u00fdm Slovensko chudobnie. Investori odch\u00e1dzaj\u00fa, pracovn\u00e9 miesta zanikaj\u00fa, podnikate\u013eov dus\u00ed transak\u010dn\u00e1 da\u0148"},"content":{"rendered":"<div id=\"fb-root\"><\/div>\n\n<p><strong>Slovensko sa prepad\u00e1 do chudoby, zatia\u013e \u010do vl\u00e1da ml\u010d\u00ed a nekon\u00e1. Najnov\u0161ie \u00fadaje Eurostatu potvrdzuj\u00fa krut\u00fa realitu: chudobn\u00fdch na Slovensku prib\u00fada a na\u0161a krajina sa \u010doraz viac vz\u010fa\u013euje priemeru E\u00da.<\/strong><\/p>\n\n\n\n<p>Pod\u013ea Eurostatu bolo v roku 2024 ohrozen\u00fdch chudobou alebo soci\u00e1lnym vyl\u00fa\u010den\u00edm u\u017e 18,2 % obyvate\u013eov Slovenska. To je takmer mili\u00f3n \u013eud\u00ed a z\u00e1rove\u0148 v\u00fdrazn\u00fd n\u00e1rast oproti roku 2022, ke\u010f tento podiel predstavoval 13,8 %. K\u00fdm v E\u00da tento ukazovate\u013e po odznen\u00ed covid kr\u00edzy v priemere kles\u00e1, na Slovensku rastie.<\/p>\n\n\n\n<p><em>\u201eTakmer 20 % Slov\u00e1kov je dnes ohrozen\u00fdch chudobou, ale vl\u00e1da Roberta Fica sa iba prizer\u00e1. Neexistuje \u017eiadna \u00fa\u010dinn\u00e1 pomoc, \u017eiadne opatrenia na podporu zamestnanosti, len populistick\u00e9 re\u010di a nov\u00e9 dane,\u201c<\/em>&nbsp;upozor\u0148uje Jaroslav Na\u010f predseda strany Demokrati.<\/p>\n\n\n\n<p>Demokrati z\u00e1rove\u0148 varuj\u00fa, \u017ee Slovensko prich\u00e1dza o d\u00f4veru zahrani\u010dn\u00fdch investorov.&nbsp;<em>\u201eVl\u00e1da podkop\u00e1va d\u00f4veru investorov, investori odch\u00e1dzaj\u00fa alebo pozastavuj\u00fa svoje rozhodnutia, preto\u017ee vl\u00e1da Roberta Fica je pre nich nepredv\u00eddate\u013en\u00e1 a ned\u00f4veryhodn\u00e1. To priamo ohrozuje nov\u00e9 pracovn\u00e9 miesta,\u201c<\/em>&nbsp;dod\u00e1va Jaroslav Na\u010f.<\/p>\n\n\n\n<p>Pod\u013ea Demokratov vl\u00e1da neprin\u00e1\u0161a \u017eiadne rie\u0161enia pre podnikate\u013esk\u00e9 prostredie. Naopak, podnikate\u013eov odr\u00e1dza nov\u00fdmi da\u0148ami.&nbsp;<em>\u201eZavedenie transak\u010dnej dane je \u010fal\u0161\u00edm klincom do rakvy slovensk\u00e9ho hospod\u00e1rstva. Podnikatelia namiesto vytv\u00e1rania pracovn\u00fdch miest musia rie\u0161i\u0165 byrokraciu, neistotu a zvy\u0161uj\u00face sa n\u00e1klady,\u201c<\/em>&nbsp;hovor\u00ed Eduard Heger, podpredseda strany Demokrati.<\/p>\n\n\n\n<p>Zatia\u013e \u010do be\u017en\u00ed \u013eudia po\u010d\u00edtaj\u00fa ka\u017ed\u00e9 euro, vl\u00e1da rozhadzuje st\u00e1tis\u00edce na predra\u017een\u00e9 oslavy, PR kampane a pochybn\u00e9 tendre.&nbsp;<em>\u201eV \u010dase, ke\u010f prib\u00fadaj\u00fa chudobn\u00ed a zanikaj\u00fa pracovn\u00e9 miesta, si vl\u00e1da organizuje luxusn\u00e9 ve\u010dierky a nakupuje predra\u017een\u00e9 slu\u017eby. To je v\u00fdsmech v\u0161etk\u00fdm, ktor\u00ed z\u00e1pasia s rast\u00facimi n\u00e1kladmi na \u017eivot. Predra\u017een\u00e9 oslavy a nezmyseln\u00e9 tendre, namiesto pomoci \u013eu\u010fom, to je vizitka tejto vl\u00e1dy.\u201c<\/em>&nbsp;zd\u00f4raz\u0148uje Eduard Heger.<\/p>\n\n\n\n<p>Demokrati vyz\u00fdvaj\u00fa vl\u00e1du, aby prestala predstiera\u0165, \u017ee je v\u0161etko v poriadku.&nbsp;<em>\u201e\u013dudia potrebuj\u00fa konkr\u00e9tnu pomoc, firmy potrebuj\u00fa stabilitu, krajina potrebuje v\u00edziu. Fico v\u0161ak namiesto rie\u0161en\u00ed vyr\u00e1ba iba probl\u00e9my. Fico nekon\u00e1. \u013dudia trpia a Slovensko chudobnie.\u201c<\/em>&nbsp;uzatv\u00e1ra Jaroslav Na\u010f, predseda strany Demokrati.&nbsp;<\/p>\n\n\n<div class=\"fb-video\" data-href=\"https:\/\/fb.watch\/B8iIywbjEk\" data-allowfullscreen=\"true\" data-autoplay=\"false\" data-width=\"\" data-show-text=\"false\" data-show-captions=\"true\"><\/div>\n","protected":false},"excerpt":{"rendered":"<p>Slovensko sa prepad\u00e1 do chudoby, zatia\u013e \u010do vl\u00e1da ml\u010d\u00ed a nekon\u00e1. Najnov\u0161ie \u00fadaje Eurostatu potvrdzuj\u00fa krut\u00fa realitu: chudobn\u00fdch na Slovensku prib\u00fada a na\u0161a krajina sa \u010doraz viac vz\u010fa\u013euje priemeru E\u00da. Pod\u013ea Eurostatu bolo v roku 2024 ohrozen\u00fdch chudobou alebo soci\u00e1lnym vyl\u00fa\u010den\u00edm u\u017e 18,2 % obyvate\u013eov Slovenska. To je takmer mili\u00f3n \u013eud\u00ed a z\u00e1rove\u0148 v\u00fdrazn\u00fd n\u00e1rast [&hellip;]<\/p>\n","protected":false},"author":13,"featured_media":7767,"comment_status":"closed","ping_status":"closed","sticky":false,"template":"","format":"standard","meta":{"_acf_changed":false,"ngg_post_thumbnail":0,"footnotes":""},"categories":[4],"tags":[],"class_list":["post-7766","post","type-post","status-publish","format-standard","has-post-thumbnail","hentry","category-tlacove-spravy"],"acf":[],"yoast_head":"<!-- This site is optimized with the Yoast SEO plugin v27.2 - https:\/\/yoast.com\/product\/yoast-seo-wordpress\/ -->\n<title>Fico ml\u010d\u00ed, k\u00fdm Slovensko chudobnie. Investori odch\u00e1dzaj\u00fa, pracovn\u00e9 miesta zanikaj\u00fa, podnikate\u013eov dus\u00ed transak\u010dn\u00e1 da\u0148<\/title>\n<meta name=\"robots\" content=\"index, follow, max-snippet:-1, max-image-preview:large, max-video-preview:-1\" \/>\n<link rel=\"canonical\" href=\"https:\/\/www.smedemokrati.sk\/cs\/fico-mlci-kym-slovensko-chudobnie-investori-odchadzaju-pracovne-miesta-zanikaju-podnikatelov-dusi-transakcna-dan\/\" \/>\n<meta property=\"og:locale\" content=\"cs_CZ\" \/>\n<meta property=\"og:locale:alternate\" content=\"en_US\" \/>\n<meta property=\"og:locale:alternate\" content=\"hu_HU\" \/>\n<meta property=\"og:locale:alternate\" content=\"sk_SK\" \/>\n<meta property=\"og:locale:alternate\" content=\"sv_SE\" \/>\n<meta property=\"og:type\" content=\"article\" \/>\n<meta property=\"og:title\" content=\"Fico ml\u010d\u00ed, k\u00fdm Slovensko chudobnie. Investori odch\u00e1dzaj\u00fa, pracovn\u00e9 miesta zanikaj\u00fa, podnikate\u013eov dus\u00ed transak\u010dn\u00e1 da\u0148\" \/>\n<meta property=\"og:description\" content=\"Slovensko sa prepad\u00e1 do chudoby, zatia\u013e \u010do vl\u00e1da ml\u010d\u00ed a nekon\u00e1. Najnov\u0161ie \u00fadaje Eurostatu potvrdzuj\u00fa krut\u00fa realitu: chudobn\u00fdch na Slovensku prib\u00fada a na\u0161a krajina sa \u010doraz viac vz\u010fa\u013euje priemeru E\u00da. Pod\u013ea Eurostatu bolo v roku 2024 ohrozen\u00fdch chudobou alebo soci\u00e1lnym vyl\u00fa\u010den\u00edm u\u017e 18,2 % obyvate\u013eov Slovenska. To je takmer mili\u00f3n \u013eud\u00ed a z\u00e1rove\u0148 v\u00fdrazn\u00fd n\u00e1rast [&hellip;]\" \/>\n<meta property=\"og:url\" content=\"https:\/\/www.smedemokrati.sk\/cs\/fico-mlci-kym-slovensko-chudobnie-investori-odchadzaju-pracovne-miesta-zanikaju-podnikatelov-dusi-transakcna-dan\/\" \/>\n<meta property=\"og:site_name\" content=\"Smedemokrati.sk\" \/>\n<meta property=\"article:publisher\" content=\"https:\/\/www.facebook.com\/smedemokrati2023\" \/>\n<meta property=\"article:published_time\" content=\"2025-07-29T09:33:01+00:00\" \/>\n<meta property=\"og:image\" content=\"https:\/\/www.smedemokrati.sk\/wp-content\/uploads\/2025\/07\/ficova-chudoba.jpg\" \/>\n\t<meta property=\"og:image:width\" content=\"1783\" \/>\n\t<meta property=\"og:image:height\" content=\"927\" \/>\n\t<meta property=\"og:image:type\" content=\"image\/jpeg\" \/>\n<meta name=\"author\" content=\"miro.sopko\" \/>\n<meta name=\"twitter:card\" content=\"summary_large_image\" \/>\n<meta name=\"twitter:label1\" content=\"Napsal(a)\" \/>\n\t<meta name=\"twitter:data1\" content=\"miro.sopko\" \/>\n\t<meta name=\"twitter:label2\" content=\"Odhadovan\u00e1 doba \u010dten\u00ed\" \/>\n\t<meta name=\"twitter:data2\" content=\"2 minuty\" \/>\n<script type=\"application\/ld+json\" class=\"yoast-schema-graph\">{\"@context\":\"https:\/\/schema.org\",\"@graph\":[{\"@type\":\"Article\",\"@id\":\"https:\/\/www.smedemokrati.sk\/fico-mlci-kym-slovensko-chudobnie-investori-odchadzaju-pracovne-miesta-zanikaju-podnikatelov-dusi-transakcna-dan\/#article\",\"isPartOf\":{\"@id\":\"https:\/\/www.smedemokrati.sk\/fico-mlci-kym-slovensko-chudobnie-investori-odchadzaju-pracovne-miesta-zanikaju-podnikatelov-dusi-transakcna-dan\/\"},\"author\":{\"name\":\"miro.sopko\",\"@id\":\"https:\/\/www.smedemokrati.sk\/#\/schema\/person\/21f147c88d605aa7ded900e1e7c344ba\"},\"headline\":\"Fico ml\u010d\u00ed, k\u00fdm Slovensko chudobnie. Investori odch\u00e1dzaj\u00fa, pracovn\u00e9 miesta zanikaj\u00fa, podnikate\u013eov dus\u00ed transak\u010dn\u00e1 da\u0148\",\"datePublished\":\"2025-07-29T09:33:01+00:00\",\"mainEntityOfPage\":{\"@id\":\"https:\/\/www.smedemokrati.sk\/fico-mlci-kym-slovensko-chudobnie-investori-odchadzaju-pracovne-miesta-zanikaju-podnikatelov-dusi-transakcna-dan\/\"},\"wordCount\":423,\"publisher\":{\"@id\":\"https:\/\/www.smedemokrati.sk\/#organization\"},\"image\":{\"@id\":\"https:\/\/www.smedemokrati.sk\/fico-mlci-kym-slovensko-chudobnie-investori-odchadzaju-pracovne-miesta-zanikaju-podnikatelov-dusi-transakcna-dan\/#primaryimage\"},\"thumbnailUrl\":\"https:\/\/www.smedemokrati.sk\/wp-content\/uploads\/2025\/07\/ficova-chudoba.jpg\",\"articleSection\":[\"Tla\u010dov\u00e9 spr\u00e1vy\"],\"inLanguage\":\"cs-CZ\"},{\"@type\":\"WebPage\",\"@id\":\"https:\/\/www.smedemokrati.sk\/fico-mlci-kym-slovensko-chudobnie-investori-odchadzaju-pracovne-miesta-zanikaju-podnikatelov-dusi-transakcna-dan\/\",\"url\":\"https:\/\/www.smedemokrati.sk\/fico-mlci-kym-slovensko-chudobnie-investori-odchadzaju-pracovne-miesta-zanikaju-podnikatelov-dusi-transakcna-dan\/\",\"name\":\"Fico ml\u010d\u00ed, k\u00fdm Slovensko chudobnie. Investori odch\u00e1dzaj\u00fa, pracovn\u00e9 miesta zanikaj\u00fa, podnikate\u013eov dus\u00ed transak\u010dn\u00e1 da\u0148\",\"isPartOf\":{\"@id\":\"https:\/\/www.smedemokrati.sk\/#website\"},\"primaryImageOfPage\":{\"@id\":\"https:\/\/www.smedemokrati.sk\/fico-mlci-kym-slovensko-chudobnie-investori-odchadzaju-pracovne-miesta-zanikaju-podnikatelov-dusi-transakcna-dan\/#primaryimage\"},\"image\":{\"@id\":\"https:\/\/www.smedemokrati.sk\/fico-mlci-kym-slovensko-chudobnie-investori-odchadzaju-pracovne-miesta-zanikaju-podnikatelov-dusi-transakcna-dan\/#primaryimage\"},\"thumbnailUrl\":\"https:\/\/www.smedemokrati.sk\/wp-content\/uploads\/2025\/07\/ficova-chudoba.jpg\",\"datePublished\":\"2025-07-29T09:33:01+00:00\",\"breadcrumb\":{\"@id\":\"https:\/\/www.smedemokrati.sk\/fico-mlci-kym-slovensko-chudobnie-investori-odchadzaju-pracovne-miesta-zanikaju-podnikatelov-dusi-transakcna-dan\/#breadcrumb\"},\"inLanguage\":\"cs-CZ\",\"potentialAction\":[{\"@type\":\"ReadAction\",\"target\":[\"https:\/\/www.smedemokrati.sk\/fico-mlci-kym-slovensko-chudobnie-investori-odchadzaju-pracovne-miesta-zanikaju-podnikatelov-dusi-transakcna-dan\/\"]}]},{\"@type\":\"ImageObject\",\"inLanguage\":\"cs-CZ\",\"@id\":\"https:\/\/www.smedemokrati.sk\/fico-mlci-kym-slovensko-chudobnie-investori-odchadzaju-pracovne-miesta-zanikaju-podnikatelov-dusi-transakcna-dan\/#primaryimage\",\"url\":\"https:\/\/www.smedemokrati.sk\/wp-content\/uploads\/2025\/07\/ficova-chudoba.jpg\",\"contentUrl\":\"https:\/\/www.smedemokrati.sk\/wp-content\/uploads\/2025\/07\/ficova-chudoba.jpg\",\"width\":1783,\"height\":927},{\"@type\":\"BreadcrumbList\",\"@id\":\"https:\/\/www.smedemokrati.sk\/fico-mlci-kym-slovensko-chudobnie-investori-odchadzaju-pracovne-miesta-zanikaju-podnikatelov-dusi-transakcna-dan\/#breadcrumb\",\"itemListElement\":[{\"@type\":\"ListItem\",\"position\":1,\"name\":\"Domovsk\u00e1 str\u00e1nka\",\"item\":\"https:\/\/www.smedemokrati.sk\/\"},{\"@type\":\"ListItem\",\"position\":2,\"name\":\"Fico ml\u010d\u00ed, k\u00fdm Slovensko chudobnie. Investori odch\u00e1dzaj\u00fa, pracovn\u00e9 miesta zanikaj\u00fa, podnikate\u013eov dus\u00ed transak\u010dn\u00e1 da\u0148\"}]},{\"@type\":\"WebSite\",\"@id\":\"https:\/\/www.smedemokrati.sk\/#website\",\"url\":\"https:\/\/www.smedemokrati.sk\/\",\"name\":\"Smedemokrati.sk\",\"description\":\"Demokracia a slu\u0161nos\u0165 zv\u00ed\u0165az\u00ed\",\"publisher\":{\"@id\":\"https:\/\/www.smedemokrati.sk\/#organization\"},\"potentialAction\":[{\"@type\":\"SearchAction\",\"target\":{\"@type\":\"EntryPoint\",\"urlTemplate\":\"https:\/\/www.smedemokrati.sk\/?s={search_term_string}\"},\"query-input\":{\"@type\":\"PropertyValueSpecification\",\"valueRequired\":true,\"valueName\":\"search_term_string\"}}],\"inLanguage\":\"cs-CZ\"},{\"@type\":\"Organization\",\"@id\":\"https:\/\/www.smedemokrati.sk\/#organization\",\"name\":\"Smedemokrati.sk\",\"url\":\"https:\/\/www.smedemokrati.sk\/\",\"logo\":{\"@type\":\"ImageObject\",\"inLanguage\":\"cs-CZ\",\"@id\":\"https:\/\/www.smedemokrati.sk\/#\/schema\/logo\/image\/\",\"url\":\"https:\/\/www.smedemokrati.sk\/wp-content\/uploads\/2023\/04\/ff.002.jpeg\",\"contentUrl\":\"https:\/\/www.smedemokrati.sk\/wp-content\/uploads\/2023\/04\/ff.002.jpeg\",\"width\":640,\"height\":480,\"caption\":\"Smedemokrati.sk\"},\"image\":{\"@id\":\"https:\/\/www.smedemokrati.sk\/#\/schema\/logo\/image\/\"},\"sameAs\":[\"https:\/\/www.facebook.com\/smedemokrati2023\"]},{\"@type\":\"Person\",\"@id\":\"https:\/\/www.smedemokrati.sk\/#\/schema\/person\/21f147c88d605aa7ded900e1e7c344ba\",\"name\":\"miro.sopko\",\"image\":{\"@type\":\"ImageObject\",\"inLanguage\":\"cs-CZ\",\"@id\":\"https:\/\/secure.gravatar.com\/avatar\/267e4a36f704376c109afe3a78740c1f5dd8675a2180a908699e7863c9247606?s=96&d=mm&r=g\",\"url\":\"https:\/\/secure.gravatar.com\/avatar\/267e4a36f704376c109afe3a78740c1f5dd8675a2180a908699e7863c9247606?s=96&d=mm&r=g\",\"contentUrl\":\"https:\/\/secure.gravatar.com\/avatar\/267e4a36f704376c109afe3a78740c1f5dd8675a2180a908699e7863c9247606?s=96&d=mm&r=g\",\"caption\":\"miro.sopko\"},\"url\":\"https:\/\/www.smedemokrati.sk\/cs\/author\/miro-sopko\/\"}]}<\/script>\n<!-- \/ Yoast SEO plugin. -->","yoast_head_json":{"title":"Fico ml\u010d\u00ed, k\u00fdm Slovensko chudobnie. Investori odch\u00e1dzaj\u00fa, pracovn\u00e9 miesta zanikaj\u00fa, podnikate\u013eov dus\u00ed transak\u010dn\u00e1 da\u0148","robots":{"index":"index","follow":"follow","max-snippet":"max-snippet:-1","max-image-preview":"max-image-preview:large","max-video-preview":"max-video-preview:-1"},"canonical":"https:\/\/www.smedemokrati.sk\/cs\/fico-mlci-kym-slovensko-chudobnie-investori-odchadzaju-pracovne-miesta-zanikaju-podnikatelov-dusi-transakcna-dan\/","og_locale":"cs_CZ","og_type":"article","og_title":"[:sk]Fico ml\u010d\u00ed, k\u00fdm Slovensko chudobnie. Investori odch\u00e1dzaj\u00fa, pracovn\u00e9 miesta zanikaj\u00fa, podnikate\u013eov dus\u00ed transak\u010dn\u00e1 da\u0148[:] - Smedemokrati.sk","og_description":"Slovensko sa prepad\u00e1 do chudoby, zatia\u013e \u010do vl\u00e1da ml\u010d\u00ed a nekon\u00e1. Najnov\u0161ie \u00fadaje Eurostatu potvrdzuj\u00fa krut\u00fa realitu: chudobn\u00fdch na Slovensku prib\u00fada a na\u0161a krajina sa \u010doraz viac vz\u010fa\u013euje priemeru E\u00da. Pod\u013ea Eurostatu bolo v roku 2024 ohrozen\u00fdch chudobou alebo soci\u00e1lnym vyl\u00fa\u010den\u00edm u\u017e 18,2 % obyvate\u013eov Slovenska. To je takmer mili\u00f3n \u013eud\u00ed a z\u00e1rove\u0148 v\u00fdrazn\u00fd n\u00e1rast [&hellip;]","og_url":"https:\/\/www.smedemokrati.sk\/cs\/fico-mlci-kym-slovensko-chudobnie-investori-odchadzaju-pracovne-miesta-zanikaju-podnikatelov-dusi-transakcna-dan\/","og_site_name":"Smedemokrati.sk","article_publisher":"https:\/\/www.facebook.com\/smedemokrati2023","article_published_time":"2025-07-29T09:33:01+00:00","og_image":[{"width":1783,"height":927,"url":"https:\/\/www.smedemokrati.sk\/wp-content\/uploads\/2025\/07\/ficova-chudoba.jpg","type":"image\/jpeg"}],"author":"miro.sopko","twitter_card":"summary_large_image","twitter_misc":{"Napsal(a)":"miro.sopko","Odhadovan\u00e1 doba \u010dten\u00ed":"2 minuty"},"schema":{"@context":"https:\/\/schema.org","@graph":[{"@type":"Article","@id":"https:\/\/www.smedemokrati.sk\/fico-mlci-kym-slovensko-chudobnie-investori-odchadzaju-pracovne-miesta-zanikaju-podnikatelov-dusi-transakcna-dan\/#article","isPartOf":{"@id":"https:\/\/www.smedemokrati.sk\/fico-mlci-kym-slovensko-chudobnie-investori-odchadzaju-pracovne-miesta-zanikaju-podnikatelov-dusi-transakcna-dan\/"},"author":{"name":"miro.sopko","@id":"https:\/\/www.smedemokrati.sk\/#\/schema\/person\/21f147c88d605aa7ded900e1e7c344ba"},"headline":"Fico ml\u010d\u00ed, k\u00fdm Slovensko chudobnie. Investori odch\u00e1dzaj\u00fa, pracovn\u00e9 miesta zanikaj\u00fa, podnikate\u013eov dus\u00ed transak\u010dn\u00e1 da\u0148","datePublished":"2025-07-29T09:33:01+00:00","mainEntityOfPage":{"@id":"https:\/\/www.smedemokrati.sk\/fico-mlci-kym-slovensko-chudobnie-investori-odchadzaju-pracovne-miesta-zanikaju-podnikatelov-dusi-transakcna-dan\/"},"wordCount":423,"publisher":{"@id":"https:\/\/www.smedemokrati.sk\/#organization"},"image":{"@id":"https:\/\/www.smedemokrati.sk\/fico-mlci-kym-slovensko-chudobnie-investori-odchadzaju-pracovne-miesta-zanikaju-podnikatelov-dusi-transakcna-dan\/#primaryimage"},"thumbnailUrl":"https:\/\/www.smedemokrati.sk\/wp-content\/uploads\/2025\/07\/ficova-chudoba.jpg","articleSection":["Tla\u010dov\u00e9 spr\u00e1vy"],"inLanguage":"cs-CZ"},{"@type":"WebPage","@id":"https:\/\/www.smedemokrati.sk\/fico-mlci-kym-slovensko-chudobnie-investori-odchadzaju-pracovne-miesta-zanikaju-podnikatelov-dusi-transakcna-dan\/","url":"https:\/\/www.smedemokrati.sk\/fico-mlci-kym-slovensko-chudobnie-investori-odchadzaju-pracovne-miesta-zanikaju-podnikatelov-dusi-transakcna-dan\/","name":"Fico ml\u010d\u00ed, k\u00fdm Slovensko chudobnie. Investori odch\u00e1dzaj\u00fa, pracovn\u00e9 miesta zanikaj\u00fa, podnikate\u013eov dus\u00ed transak\u010dn\u00e1 da\u0148","isPartOf":{"@id":"https:\/\/www.smedemokrati.sk\/#website"},"primaryImageOfPage":{"@id":"https:\/\/www.smedemokrati.sk\/fico-mlci-kym-slovensko-chudobnie-investori-odchadzaju-pracovne-miesta-zanikaju-podnikatelov-dusi-transakcna-dan\/#primaryimage"},"image":{"@id":"https:\/\/www.smedemokrati.sk\/fico-mlci-kym-slovensko-chudobnie-investori-odchadzaju-pracovne-miesta-zanikaju-podnikatelov-dusi-transakcna-dan\/#primaryimage"},"thumbnailUrl":"https:\/\/www.smedemokrati.sk\/wp-content\/uploads\/2025\/07\/ficova-chudoba.jpg","datePublished":"2025-07-29T09:33:01+00:00","breadcrumb":{"@id":"https:\/\/www.smedemokrati.sk\/fico-mlci-kym-slovensko-chudobnie-investori-odchadzaju-pracovne-miesta-zanikaju-podnikatelov-dusi-transakcna-dan\/#breadcrumb"},"inLanguage":"cs-CZ","potentialAction":[{"@type":"ReadAction","target":["https:\/\/www.smedemokrati.sk\/fico-mlci-kym-slovensko-chudobnie-investori-odchadzaju-pracovne-miesta-zanikaju-podnikatelov-dusi-transakcna-dan\/"]}]},{"@type":"ImageObject","inLanguage":"cs-CZ","@id":"https:\/\/www.smedemokrati.sk\/fico-mlci-kym-slovensko-chudobnie-investori-odchadzaju-pracovne-miesta-zanikaju-podnikatelov-dusi-transakcna-dan\/#primaryimage","url":"https:\/\/www.smedemokrati.sk\/wp-content\/uploads\/2025\/07\/ficova-chudoba.jpg","contentUrl":"https:\/\/www.smedemokrati.sk\/wp-content\/uploads\/2025\/07\/ficova-chudoba.jpg","width":1783,"height":927},{"@type":"BreadcrumbList","@id":"https:\/\/www.smedemokrati.sk\/fico-mlci-kym-slovensko-chudobnie-investori-odchadzaju-pracovne-miesta-zanikaju-podnikatelov-dusi-transakcna-dan\/#breadcrumb","itemListElement":[{"@type":"ListItem","position":1,"name":"Domovsk\u00e1 str\u00e1nka","item":"https:\/\/www.smedemokrati.sk\/"},{"@type":"ListItem","position":2,"name":"Fico ml\u010d\u00ed, k\u00fdm Slovensko chudobnie. Investori odch\u00e1dzaj\u00fa, pracovn\u00e9 miesta zanikaj\u00fa, podnikate\u013eov dus\u00ed transak\u010dn\u00e1 da\u0148"}]},{"@type":"WebSite","@id":"https:\/\/www.smedemokrati.sk\/#website","url":"https:\/\/www.smedemokrati.sk\/","name":"Smedemokrati.sk","description":"Demokracia a slu\u0161nos\u0165 zv\u00ed\u0165az\u00ed","publisher":{"@id":"https:\/\/www.smedemokrati.sk\/#organization"},"potentialAction":[{"@type":"SearchAction","target":{"@type":"EntryPoint","urlTemplate":"https:\/\/www.smedemokrati.sk\/?s={search_term_string}"},"query-input":{"@type":"PropertyValueSpecification","valueRequired":true,"valueName":"search_term_string"}}],"inLanguage":"cs-CZ"},{"@type":"Organization","@id":"https:\/\/www.smedemokrati.sk\/#organization","name":"Smedemokrati.sk","url":"https:\/\/www.smedemokrati.sk\/","logo":{"@type":"ImageObject","inLanguage":"cs-CZ","@id":"https:\/\/www.smedemokrati.sk\/#\/schema\/logo\/image\/","url":"https:\/\/www.smedemokrati.sk\/wp-content\/uploads\/2023\/04\/ff.002.jpeg","contentUrl":"https:\/\/www.smedemokrati.sk\/wp-content\/uploads\/2023\/04\/ff.002.jpeg","width":640,"height":480,"caption":"Smedemokrati.sk"},"image":{"@id":"https:\/\/www.smedemokrati.sk\/#\/schema\/logo\/image\/"},"sameAs":["https:\/\/www.facebook.com\/smedemokrati2023"]},{"@type":"Person","@id":"https:\/\/www.smedemokrati.sk\/#\/schema\/person\/21f147c88d605aa7ded900e1e7c344ba","name":"miro.sopko","image":{"@type":"ImageObject","inLanguage":"cs-CZ","@id":"https:\/\/secure.gravatar.com\/avatar\/267e4a36f704376c109afe3a78740c1f5dd8675a2180a908699e7863c9247606?s=96&d=mm&r=g","url":"https:\/\/secure.gravatar.com\/avatar\/267e4a36f704376c109afe3a78740c1f5dd8675a2180a908699e7863c9247606?s=96&d=mm&r=g","contentUrl":"https:\/\/secure.gravatar.com\/avatar\/267e4a36f704376c109afe3a78740c1f5dd8675a2180a908699e7863c9247606?s=96&d=mm&r=g","caption":"miro.sopko"},"url":"https:\/\/www.smedemokrati.sk\/cs\/author\/miro-sopko\/"}]}},"_links":{"self":[{"href":"https:\/\/www.smedemokrati.sk\/cs\/wp-json\/wp\/v2\/posts\/7766","targetHints":{"allow":["GET"]}}],"collection":[{"href":"https:\/\/www.smedemokrati.sk\/cs\/wp-json\/wp\/v2\/posts"}],"about":[{"href":"https:\/\/www.smedemokrati.sk\/cs\/wp-json\/wp\/v2\/types\/post"}],"author":[{"embeddable":true,"href":"https:\/\/www.smedemokrati.sk\/cs\/wp-json\/wp\/v2\/users\/13"}],"replies":[{"embeddable":true,"href":"https:\/\/www.smedemokrati.sk\/cs\/wp-json\/wp\/v2\/comments?post=7766"}],"version-history":[{"count":1,"href":"https:\/\/www.smedemokrati.sk\/cs\/wp-json\/wp\/v2\/posts\/7766\/revisions"}],"predecessor-version":[{"id":7768,"href":"https:\/\/www.smedemokrati.sk\/cs\/wp-json\/wp\/v2\/posts\/7766\/revisions\/7768"}],"wp:featuredmedia":[{"embeddable":true,"href":"https:\/\/www.smedemokrati.sk\/cs\/wp-json\/wp\/v2\/media\/7767"}],"wp:attachment":[{"href":"https:\/\/www.smedemokrati.sk\/cs\/wp-json\/wp\/v2\/media?parent=7766"}],"wp:term":[{"taxonomy":"category","embeddable":true,"href":"https:\/\/www.smedemokrati.sk\/cs\/wp-json\/wp\/v2\/categories?post=7766"},{"taxonomy":"post_tag","embeddable":true,"href":"https:\/\/www.smedemokrati.sk\/cs\/wp-json\/wp\/v2\/tags?post=7766"}],"curies":[{"name":"wp","href":"https:\/\/api.w.org\/{rel}","templated":true}]}}