{"id":7756,"date":"2025-07-28T10:21:51","date_gmt":"2025-07-28T09:21:51","guid":{"rendered":"https:\/\/www.smedemokrati.sk\/?p=7756"},"modified":"2025-07-28T10:22:32","modified_gmt":"2025-07-28T09:22:32","slug":"podali-sme-podnet-na-matusa-sutaja-estoka","status":"publish","type":"post","link":"https:\/\/www.smedemokrati.sk\/cs\/podali-sme-podnet-na-matusa-sutaja-estoka\/","title":{"rendered":"Podali sme podnet na Mat\u00fa\u0161a \u0160utaja E\u0161toka"},"content":{"rendered":"<div id=\"fb-root\"><\/div>\n\n<p><strong>Demokrati sa ofici\u00e1lne obr\u00e1tili na gener\u00e1lneho prokur\u00e1tora Maro\u0161a \u017dilinku, aby preveril ot\u00e1zku financovania prezidentskej kampane Petra Pellegriniho.<\/strong><\/p>\n\n\n\n<p>Dnes pozn\u00e1me tri verzie vysvetlenia, pre\u010do strana Hlas nezverejnila inform\u00e1cie tak, ako prikazuje z\u00e1kon, o p\u00f4\u017ei\u010dke od Evy Pellegrini vo v\u00fd\u0161ke 300-tis\u00edc eur, ktor\u00e1 smerovala na prezidentsk\u00fa kampa\u0148:\u00a0<em>\u201eHlas je zamotan\u00fd vo vlastn\u00fdch klamstv\u00e1ch a predseda strany a z\u00e1rove\u0148 minister vn\u00fatra, ktor\u00fd m\u00e1 v zodpovednosti bezpe\u010dnos\u0165 ob\u010danov, sa prizn\u00e1, \u017ee z\u00e1merne poru\u0161il z\u00e1kon. Minul\u00fd t\u00fd\u017ede\u0148 sme vyz\u00fdvali pol\u00edciu a prokurat\u00faru, aby konali z \u00faradnej moci, no doteraz sa tak nestalo. Obraciame sa preto na gener\u00e1lneho prokur\u00e1tora, aby vyu\u017eil svoje kompetencie a komplexne preveril ot\u00e1zku financovania prezidentskej kampane Petra Pellegriniho. Ak sa v tejto krajine vy\u0161etruje policajt podozriv\u00fd zo sabot\u00e1\u017ee za to, \u017ee preveroval Fica, tak v takom pr\u00edpade, ako je prezidentsk\u00e1 kampa\u0148, o\u010dak\u00e1vame rovnak\u00fd meter,\u201d\u00a0<\/em>povedal Juraj \u0160eliga, podpredseda Demokratov.<\/p>\n\n\n\n<p>Predseda strany Jaroslav Na\u010f kritizuje, \u017ee poru\u0161enie z\u00e1kona zo strany ministra vn\u00fatra vn\u00edma samotn\u00e1 strana ako \u201emali\u010dkos\u0165\u201d, ktor\u00fa vyrie\u0161i zaplatenie pokuty:\u00a0<em>\u201eTo, \u010do predv\u00e1dza \u0160utaj E\u0161tok a Pellegrini, je mimoriadne nebezpe\u010dn\u00fd precedens. Tvrdia, \u017ee vedome poru\u0161ili z\u00e1kon, zaplatia pokutu a t\u00fdm je to pre nich vybaven\u00e9. Naozaj plat\u00ed v tejto krajine, \u017ee kto m\u00e1 peniaze, m\u00f4\u017ee v\u0161etko? \u010co urobia pri \u010fal\u0161\u00edch vo\u013eb\u00e1ch? Bud\u00fa vy\u0161krt\u00e1va\u0165 strany, ktor\u00e9 sa im nep\u00e1\u010dia, a potom povedia, \u017ee \u2018\u0161ak zaplat\u00edme pokutu\u2019? Sta\u010dilo, z hru\u0161ky dole, o\u010dak\u00e1vame, \u017ee Maro\u0161 \u017dilinka bude promptne kona\u0165,\u201d<\/em>\u00a0uzavrel t\u00e9mu Jaroslav Na\u010f.<\/p>\n\n\n<div class=\"fb-video\" data-href=\"https:\/\/fb.watch\/B6ZtjBif30\" data-allowfullscreen=\"true\" data-autoplay=\"false\" data-width=\"\" data-show-text=\"false\" data-show-captions=\"true\"><\/div>\n","protected":false},"excerpt":{"rendered":"<p>Demokrati sa ofici\u00e1lne obr\u00e1tili na gener\u00e1lneho prokur\u00e1tora Maro\u0161a \u017dilinku, aby preveril ot\u00e1zku financovania prezidentskej kampane Petra Pellegriniho. Dnes pozn\u00e1me tri verzie vysvetlenia, pre\u010do strana Hlas nezverejnila inform\u00e1cie tak, ako prikazuje z\u00e1kon, o p\u00f4\u017ei\u010dke od Evy Pellegrini vo v\u00fd\u0161ke 300-tis\u00edc eur, ktor\u00e1 smerovala na prezidentsk\u00fa kampa\u0148:\u00a0\u201eHlas je zamotan\u00fd vo vlastn\u00fdch klamstv\u00e1ch a predseda strany a z\u00e1rove\u0148 [&hellip;]<\/p>\n","protected":false},"author":13,"featured_media":7758,"comment_status":"closed","ping_status":"closed","sticky":false,"template":"","format":"standard","meta":{"_acf_changed":false,"ngg_post_thumbnail":0,"footnotes":""},"categories":[4],"tags":[],"class_list":["post-7756","post","type-post","status-publish","format-standard","has-post-thumbnail","hentry","category-tlacove-spravy"],"acf":[],"yoast_head":"<!-- This site is optimized with the Yoast SEO plugin v27.2 - https:\/\/yoast.com\/product\/yoast-seo-wordpress\/ -->\n<title>Podali sme podnet na Mat\u00fa\u0161a \u0160utaja E\u0161toka<\/title>\n<meta name=\"robots\" content=\"index, follow, max-snippet:-1, max-image-preview:large, max-video-preview:-1\" \/>\n<link rel=\"canonical\" href=\"https:\/\/www.smedemokrati.sk\/cs\/podali-sme-podnet-na-matusa-sutaja-estoka\/\" \/>\n<meta property=\"og:locale\" content=\"cs_CZ\" \/>\n<meta property=\"og:locale:alternate\" content=\"en_US\" \/>\n<meta property=\"og:locale:alternate\" content=\"hu_HU\" \/>\n<meta property=\"og:locale:alternate\" content=\"sk_SK\" \/>\n<meta property=\"og:locale:alternate\" content=\"sv_SE\" \/>\n<meta property=\"og:type\" content=\"article\" \/>\n<meta property=\"og:title\" content=\"Podali sme podnet na Mat\u00fa\u0161a \u0160utaja E\u0161toka\" \/>\n<meta property=\"og:description\" content=\"Demokrati sa ofici\u00e1lne obr\u00e1tili na gener\u00e1lneho prokur\u00e1tora Maro\u0161a \u017dilinku, aby preveril ot\u00e1zku financovania prezidentskej kampane Petra Pellegriniho. Dnes pozn\u00e1me tri verzie vysvetlenia, pre\u010do strana Hlas nezverejnila inform\u00e1cie tak, ako prikazuje z\u00e1kon, o p\u00f4\u017ei\u010dke od Evy Pellegrini vo v\u00fd\u0161ke 300-tis\u00edc eur, ktor\u00e1 smerovala na prezidentsk\u00fa kampa\u0148:\u00a0\u201eHlas je zamotan\u00fd vo vlastn\u00fdch klamstv\u00e1ch a predseda strany a z\u00e1rove\u0148 [&hellip;]\" \/>\n<meta property=\"og:url\" content=\"https:\/\/www.smedemokrati.sk\/cs\/podali-sme-podnet-na-matusa-sutaja-estoka\/\" \/>\n<meta property=\"og:site_name\" content=\"Smedemokrati.sk\" \/>\n<meta property=\"article:publisher\" content=\"https:\/\/www.facebook.com\/smedemokrati2023\" \/>\n<meta property=\"article:published_time\" content=\"2025-07-28T09:21:51+00:00\" \/>\n<meta property=\"article:modified_time\" content=\"2025-07-28T09:22:32+00:00\" \/>\n<meta property=\"og:image\" content=\"https:\/\/www.smedemokrati.sk\/wp-content\/uploads\/2025\/07\/podnet-na-MSE.jpg\" \/>\n\t<meta property=\"og:image:width\" content=\"722\" \/>\n\t<meta property=\"og:image:height\" content=\"417\" \/>\n\t<meta property=\"og:image:type\" content=\"image\/jpeg\" \/>\n<meta name=\"author\" content=\"miro.sopko\" \/>\n<meta name=\"twitter:card\" content=\"summary_large_image\" \/>\n<meta name=\"twitter:label1\" content=\"Napsal(a)\" \/>\n\t<meta name=\"twitter:data1\" content=\"miro.sopko\" \/>\n\t<meta name=\"twitter:label2\" content=\"Odhadovan\u00e1 doba \u010dten\u00ed\" \/>\n\t<meta name=\"twitter:data2\" content=\"2 minuty\" \/>\n<script type=\"application\/ld+json\" class=\"yoast-schema-graph\">{\"@context\":\"https:\/\/schema.org\",\"@graph\":[{\"@type\":\"Article\",\"@id\":\"https:\/\/www.smedemokrati.sk\/podali-sme-podnet-na-matusa-sutaja-estoka\/#article\",\"isPartOf\":{\"@id\":\"https:\/\/www.smedemokrati.sk\/podali-sme-podnet-na-matusa-sutaja-estoka\/\"},\"author\":{\"name\":\"miro.sopko\",\"@id\":\"https:\/\/www.smedemokrati.sk\/#\/schema\/person\/21f147c88d605aa7ded900e1e7c344ba\"},\"headline\":\"Podali sme podnet na Mat\u00fa\u0161a \u0160utaja E\u0161toka\",\"datePublished\":\"2025-07-28T09:21:51+00:00\",\"dateModified\":\"2025-07-28T09:22:32+00:00\",\"mainEntityOfPage\":{\"@id\":\"https:\/\/www.smedemokrati.sk\/podali-sme-podnet-na-matusa-sutaja-estoka\/\"},\"wordCount\":310,\"publisher\":{\"@id\":\"https:\/\/www.smedemokrati.sk\/#organization\"},\"image\":{\"@id\":\"https:\/\/www.smedemokrati.sk\/podali-sme-podnet-na-matusa-sutaja-estoka\/#primaryimage\"},\"thumbnailUrl\":\"https:\/\/www.smedemokrati.sk\/wp-content\/uploads\/2025\/07\/podnet-na-MSE.jpg\",\"articleSection\":[\"Tla\u010dov\u00e9 spr\u00e1vy\"],\"inLanguage\":\"cs-CZ\"},{\"@type\":\"WebPage\",\"@id\":\"https:\/\/www.smedemokrati.sk\/podali-sme-podnet-na-matusa-sutaja-estoka\/\",\"url\":\"https:\/\/www.smedemokrati.sk\/podali-sme-podnet-na-matusa-sutaja-estoka\/\",\"name\":\"Podali sme podnet na Mat\u00fa\u0161a \u0160utaja E\u0161toka\",\"isPartOf\":{\"@id\":\"https:\/\/www.smedemokrati.sk\/#website\"},\"primaryImageOfPage\":{\"@id\":\"https:\/\/www.smedemokrati.sk\/podali-sme-podnet-na-matusa-sutaja-estoka\/#primaryimage\"},\"image\":{\"@id\":\"https:\/\/www.smedemokrati.sk\/podali-sme-podnet-na-matusa-sutaja-estoka\/#primaryimage\"},\"thumbnailUrl\":\"https:\/\/www.smedemokrati.sk\/wp-content\/uploads\/2025\/07\/podnet-na-MSE.jpg\",\"datePublished\":\"2025-07-28T09:21:51+00:00\",\"dateModified\":\"2025-07-28T09:22:32+00:00\",\"breadcrumb\":{\"@id\":\"https:\/\/www.smedemokrati.sk\/podali-sme-podnet-na-matusa-sutaja-estoka\/#breadcrumb\"},\"inLanguage\":\"cs-CZ\",\"potentialAction\":[{\"@type\":\"ReadAction\",\"target\":[\"https:\/\/www.smedemokrati.sk\/podali-sme-podnet-na-matusa-sutaja-estoka\/\"]}]},{\"@type\":\"ImageObject\",\"inLanguage\":\"cs-CZ\",\"@id\":\"https:\/\/www.smedemokrati.sk\/podali-sme-podnet-na-matusa-sutaja-estoka\/#primaryimage\",\"url\":\"https:\/\/www.smedemokrati.sk\/wp-content\/uploads\/2025\/07\/podnet-na-MSE.jpg\",\"contentUrl\":\"https:\/\/www.smedemokrati.sk\/wp-content\/uploads\/2025\/07\/podnet-na-MSE.jpg\",\"width\":722,\"height\":417},{\"@type\":\"BreadcrumbList\",\"@id\":\"https:\/\/www.smedemokrati.sk\/podali-sme-podnet-na-matusa-sutaja-estoka\/#breadcrumb\",\"itemListElement\":[{\"@type\":\"ListItem\",\"position\":1,\"name\":\"Domovsk\u00e1 str\u00e1nka\",\"item\":\"https:\/\/www.smedemokrati.sk\/\"},{\"@type\":\"ListItem\",\"position\":2,\"name\":\"Podali sme podnet na Mat\u00fa\u0161a \u0160utaja E\u0161toka\"}]},{\"@type\":\"WebSite\",\"@id\":\"https:\/\/www.smedemokrati.sk\/#website\",\"url\":\"https:\/\/www.smedemokrati.sk\/\",\"name\":\"Smedemokrati.sk\",\"description\":\"Demokracia a slu\u0161nos\u0165 zv\u00ed\u0165az\u00ed\",\"publisher\":{\"@id\":\"https:\/\/www.smedemokrati.sk\/#organization\"},\"potentialAction\":[{\"@type\":\"SearchAction\",\"target\":{\"@type\":\"EntryPoint\",\"urlTemplate\":\"https:\/\/www.smedemokrati.sk\/?s={search_term_string}\"},\"query-input\":{\"@type\":\"PropertyValueSpecification\",\"valueRequired\":true,\"valueName\":\"search_term_string\"}}],\"inLanguage\":\"cs-CZ\"},{\"@type\":\"Organization\",\"@id\":\"https:\/\/www.smedemokrati.sk\/#organization\",\"name\":\"Smedemokrati.sk\",\"url\":\"https:\/\/www.smedemokrati.sk\/\",\"logo\":{\"@type\":\"ImageObject\",\"inLanguage\":\"cs-CZ\",\"@id\":\"https:\/\/www.smedemokrati.sk\/#\/schema\/logo\/image\/\",\"url\":\"https:\/\/www.smedemokrati.sk\/wp-content\/uploads\/2023\/04\/ff.002.jpeg\",\"contentUrl\":\"https:\/\/www.smedemokrati.sk\/wp-content\/uploads\/2023\/04\/ff.002.jpeg\",\"width\":640,\"height\":480,\"caption\":\"Smedemokrati.sk\"},\"image\":{\"@id\":\"https:\/\/www.smedemokrati.sk\/#\/schema\/logo\/image\/\"},\"sameAs\":[\"https:\/\/www.facebook.com\/smedemokrati2023\"]},{\"@type\":\"Person\",\"@id\":\"https:\/\/www.smedemokrati.sk\/#\/schema\/person\/21f147c88d605aa7ded900e1e7c344ba\",\"name\":\"miro.sopko\",\"image\":{\"@type\":\"ImageObject\",\"inLanguage\":\"cs-CZ\",\"@id\":\"https:\/\/secure.gravatar.com\/avatar\/267e4a36f704376c109afe3a78740c1f5dd8675a2180a908699e7863c9247606?s=96&d=mm&r=g\",\"url\":\"https:\/\/secure.gravatar.com\/avatar\/267e4a36f704376c109afe3a78740c1f5dd8675a2180a908699e7863c9247606?s=96&d=mm&r=g\",\"contentUrl\":\"https:\/\/secure.gravatar.com\/avatar\/267e4a36f704376c109afe3a78740c1f5dd8675a2180a908699e7863c9247606?s=96&d=mm&r=g\",\"caption\":\"miro.sopko\"},\"url\":\"https:\/\/www.smedemokrati.sk\/cs\/author\/miro-sopko\/\"}]}<\/script>\n<!-- \/ Yoast SEO plugin. -->","yoast_head_json":{"title":"Podali sme podnet na Mat\u00fa\u0161a \u0160utaja E\u0161toka","robots":{"index":"index","follow":"follow","max-snippet":"max-snippet:-1","max-image-preview":"max-image-preview:large","max-video-preview":"max-video-preview:-1"},"canonical":"https:\/\/www.smedemokrati.sk\/cs\/podali-sme-podnet-na-matusa-sutaja-estoka\/","og_locale":"cs_CZ","og_type":"article","og_title":"[:sk]Podali sme podnet na Mat\u00fa\u0161a \u0160utaja E\u0161toka[:] - Smedemokrati.sk","og_description":"Demokrati sa ofici\u00e1lne obr\u00e1tili na gener\u00e1lneho prokur\u00e1tora Maro\u0161a \u017dilinku, aby preveril ot\u00e1zku financovania prezidentskej kampane Petra Pellegriniho. Dnes pozn\u00e1me tri verzie vysvetlenia, pre\u010do strana Hlas nezverejnila inform\u00e1cie tak, ako prikazuje z\u00e1kon, o p\u00f4\u017ei\u010dke od Evy Pellegrini vo v\u00fd\u0161ke 300-tis\u00edc eur, ktor\u00e1 smerovala na prezidentsk\u00fa kampa\u0148:\u00a0\u201eHlas je zamotan\u00fd vo vlastn\u00fdch klamstv\u00e1ch a predseda strany a z\u00e1rove\u0148 [&hellip;]","og_url":"https:\/\/www.smedemokrati.sk\/cs\/podali-sme-podnet-na-matusa-sutaja-estoka\/","og_site_name":"Smedemokrati.sk","article_publisher":"https:\/\/www.facebook.com\/smedemokrati2023","article_published_time":"2025-07-28T09:21:51+00:00","article_modified_time":"2025-07-28T09:22:32+00:00","og_image":[{"width":722,"height":417,"url":"https:\/\/www.smedemokrati.sk\/wp-content\/uploads\/2025\/07\/podnet-na-MSE.jpg","type":"image\/jpeg"}],"author":"miro.sopko","twitter_card":"summary_large_image","twitter_misc":{"Napsal(a)":"miro.sopko","Odhadovan\u00e1 doba \u010dten\u00ed":"2 minuty"},"schema":{"@context":"https:\/\/schema.org","@graph":[{"@type":"Article","@id":"https:\/\/www.smedemokrati.sk\/podali-sme-podnet-na-matusa-sutaja-estoka\/#article","isPartOf":{"@id":"https:\/\/www.smedemokrati.sk\/podali-sme-podnet-na-matusa-sutaja-estoka\/"},"author":{"name":"miro.sopko","@id":"https:\/\/www.smedemokrati.sk\/#\/schema\/person\/21f147c88d605aa7ded900e1e7c344ba"},"headline":"Podali sme podnet na Mat\u00fa\u0161a \u0160utaja E\u0161toka","datePublished":"2025-07-28T09:21:51+00:00","dateModified":"2025-07-28T09:22:32+00:00","mainEntityOfPage":{"@id":"https:\/\/www.smedemokrati.sk\/podali-sme-podnet-na-matusa-sutaja-estoka\/"},"wordCount":310,"publisher":{"@id":"https:\/\/www.smedemokrati.sk\/#organization"},"image":{"@id":"https:\/\/www.smedemokrati.sk\/podali-sme-podnet-na-matusa-sutaja-estoka\/#primaryimage"},"thumbnailUrl":"https:\/\/www.smedemokrati.sk\/wp-content\/uploads\/2025\/07\/podnet-na-MSE.jpg","articleSection":["Tla\u010dov\u00e9 spr\u00e1vy"],"inLanguage":"cs-CZ"},{"@type":"WebPage","@id":"https:\/\/www.smedemokrati.sk\/podali-sme-podnet-na-matusa-sutaja-estoka\/","url":"https:\/\/www.smedemokrati.sk\/podali-sme-podnet-na-matusa-sutaja-estoka\/","name":"Podali sme podnet na Mat\u00fa\u0161a \u0160utaja E\u0161toka","isPartOf":{"@id":"https:\/\/www.smedemokrati.sk\/#website"},"primaryImageOfPage":{"@id":"https:\/\/www.smedemokrati.sk\/podali-sme-podnet-na-matusa-sutaja-estoka\/#primaryimage"},"image":{"@id":"https:\/\/www.smedemokrati.sk\/podali-sme-podnet-na-matusa-sutaja-estoka\/#primaryimage"},"thumbnailUrl":"https:\/\/www.smedemokrati.sk\/wp-content\/uploads\/2025\/07\/podnet-na-MSE.jpg","datePublished":"2025-07-28T09:21:51+00:00","dateModified":"2025-07-28T09:22:32+00:00","breadcrumb":{"@id":"https:\/\/www.smedemokrati.sk\/podali-sme-podnet-na-matusa-sutaja-estoka\/#breadcrumb"},"inLanguage":"cs-CZ","potentialAction":[{"@type":"ReadAction","target":["https:\/\/www.smedemokrati.sk\/podali-sme-podnet-na-matusa-sutaja-estoka\/"]}]},{"@type":"ImageObject","inLanguage":"cs-CZ","@id":"https:\/\/www.smedemokrati.sk\/podali-sme-podnet-na-matusa-sutaja-estoka\/#primaryimage","url":"https:\/\/www.smedemokrati.sk\/wp-content\/uploads\/2025\/07\/podnet-na-MSE.jpg","contentUrl":"https:\/\/www.smedemokrati.sk\/wp-content\/uploads\/2025\/07\/podnet-na-MSE.jpg","width":722,"height":417},{"@type":"BreadcrumbList","@id":"https:\/\/www.smedemokrati.sk\/podali-sme-podnet-na-matusa-sutaja-estoka\/#breadcrumb","itemListElement":[{"@type":"ListItem","position":1,"name":"Domovsk\u00e1 str\u00e1nka","item":"https:\/\/www.smedemokrati.sk\/"},{"@type":"ListItem","position":2,"name":"Podali sme podnet na Mat\u00fa\u0161a \u0160utaja E\u0161toka"}]},{"@type":"WebSite","@id":"https:\/\/www.smedemokrati.sk\/#website","url":"https:\/\/www.smedemokrati.sk\/","name":"Smedemokrati.sk","description":"Demokracia a slu\u0161nos\u0165 zv\u00ed\u0165az\u00ed","publisher":{"@id":"https:\/\/www.smedemokrati.sk\/#organization"},"potentialAction":[{"@type":"SearchAction","target":{"@type":"EntryPoint","urlTemplate":"https:\/\/www.smedemokrati.sk\/?s={search_term_string}"},"query-input":{"@type":"PropertyValueSpecification","valueRequired":true,"valueName":"search_term_string"}}],"inLanguage":"cs-CZ"},{"@type":"Organization","@id":"https:\/\/www.smedemokrati.sk\/#organization","name":"Smedemokrati.sk","url":"https:\/\/www.smedemokrati.sk\/","logo":{"@type":"ImageObject","inLanguage":"cs-CZ","@id":"https:\/\/www.smedemokrati.sk\/#\/schema\/logo\/image\/","url":"https:\/\/www.smedemokrati.sk\/wp-content\/uploads\/2023\/04\/ff.002.jpeg","contentUrl":"https:\/\/www.smedemokrati.sk\/wp-content\/uploads\/2023\/04\/ff.002.jpeg","width":640,"height":480,"caption":"Smedemokrati.sk"},"image":{"@id":"https:\/\/www.smedemokrati.sk\/#\/schema\/logo\/image\/"},"sameAs":["https:\/\/www.facebook.com\/smedemokrati2023"]},{"@type":"Person","@id":"https:\/\/www.smedemokrati.sk\/#\/schema\/person\/21f147c88d605aa7ded900e1e7c344ba","name":"miro.sopko","image":{"@type":"ImageObject","inLanguage":"cs-CZ","@id":"https:\/\/secure.gravatar.com\/avatar\/267e4a36f704376c109afe3a78740c1f5dd8675a2180a908699e7863c9247606?s=96&d=mm&r=g","url":"https:\/\/secure.gravatar.com\/avatar\/267e4a36f704376c109afe3a78740c1f5dd8675a2180a908699e7863c9247606?s=96&d=mm&r=g","contentUrl":"https:\/\/secure.gravatar.com\/avatar\/267e4a36f704376c109afe3a78740c1f5dd8675a2180a908699e7863c9247606?s=96&d=mm&r=g","caption":"miro.sopko"},"url":"https:\/\/www.smedemokrati.sk\/cs\/author\/miro-sopko\/"}]}},"_links":{"self":[{"href":"https:\/\/www.smedemokrati.sk\/cs\/wp-json\/wp\/v2\/posts\/7756","targetHints":{"allow":["GET"]}}],"collection":[{"href":"https:\/\/www.smedemokrati.sk\/cs\/wp-json\/wp\/v2\/posts"}],"about":[{"href":"https:\/\/www.smedemokrati.sk\/cs\/wp-json\/wp\/v2\/types\/post"}],"author":[{"embeddable":true,"href":"https:\/\/www.smedemokrati.sk\/cs\/wp-json\/wp\/v2\/users\/13"}],"replies":[{"embeddable":true,"href":"https:\/\/www.smedemokrati.sk\/cs\/wp-json\/wp\/v2\/comments?post=7756"}],"version-history":[{"count":2,"href":"https:\/\/www.smedemokrati.sk\/cs\/wp-json\/wp\/v2\/posts\/7756\/revisions"}],"predecessor-version":[{"id":7760,"href":"https:\/\/www.smedemokrati.sk\/cs\/wp-json\/wp\/v2\/posts\/7756\/revisions\/7760"}],"wp:featuredmedia":[{"embeddable":true,"href":"https:\/\/www.smedemokrati.sk\/cs\/wp-json\/wp\/v2\/media\/7758"}],"wp:attachment":[{"href":"https:\/\/www.smedemokrati.sk\/cs\/wp-json\/wp\/v2\/media?parent=7756"}],"wp:term":[{"taxonomy":"category","embeddable":true,"href":"https:\/\/www.smedemokrati.sk\/cs\/wp-json\/wp\/v2\/categories?post=7756"},{"taxonomy":"post_tag","embeddable":true,"href":"https:\/\/www.smedemokrati.sk\/cs\/wp-json\/wp\/v2\/tags?post=7756"}],"curies":[{"name":"wp","href":"https:\/\/api.w.org\/{rel}","templated":true}]}}